{"id":100183,"date":"2022-03-11T17:30:00","date_gmt":"2022-03-11T20:30:00","guid":{"rendered":"https:\/\/folhapopular.info\/?p=100183"},"modified":"2022-03-11T14:37:23","modified_gmt":"2022-03-11T17:37:23","slug":"sebrae-rs-premia-melhores-projetos-de-educacao-empreendedora-no-rs","status":"publish","type":"post","link":"https:\/\/folhapopular.info\/index.php\/2022\/03\/11\/sebrae-rs-premia-melhores-projetos-de-educacao-empreendedora-no-rs\/","title":{"rendered":"<strong>Sebrae RS premia melhores projetos de Educa\u00e7\u00e3o Empreendedora no RS<\/strong>"},"content":{"rendered":"\n<p>O Sebrae RS reconhece\u00a0na pr\u00f3xima ter\u00e7a-feira (15\/3)\u00a0os vencedores estaduais da 2\u00aa edi\u00e7\u00e3o do Pr\u00eamio Sebrae de Educa\u00e7\u00e3o Empreendedora.\u00a0A iniciativa tem o objetivo de\u00a0reconhecer e valorizar\u00a0pr\u00e1ticas criativas e inovadoras de projetos que t\u00eam o potencial de oferecer ao ecossistema educacional solu\u00e7\u00f5es inspiradoras. Professores de 11 institui\u00e7\u00f5es de ensino oriundas de oito munic\u00edpios ga\u00fachos chegam \u00e0 final da etapa Estadual da premia\u00e7\u00e3o.\u00a0\u00a0S\u00e3o eles:\u00a0Campo Bom,\u00a0Pelotas,\u00a0Lajeado, Horizontina, Gramado, Bento Gon\u00e7alves, Canoas e\u00a0Porto Alegre.<\/p>\n\n\n\n<p>Os vencedores das cinco categorias principais &#8211; Ensino Fundamental Anos Iniciais, Ensino Fundamental &#8211; Anos Finais, Ensino M\u00e9dio, Ensino Profissionalizante e Ensino Superior. Os vencedores da etapa estadual concorrem para participa\u00e7\u00e3o da Cerim\u00f4nia Nacional quando estar\u00e3o reunidos os 10 primeiros finalistas de todo pa\u00eds durante o Congresso Bett Educar, maior feira de educa\u00e7\u00e3o e tecnologia da Am\u00e9rica Latina, em S\u00e3o Paulo (SP), no m\u00eas de maio.&nbsp;<\/p>\n\n\n\n<p>A cerim\u00f4nia de premia\u00e7\u00e3o da etapa RS ocorre \u00e0s 16h, no espa\u00e7o Jardins Eventos, em Porto Alegre.<\/p>\n\n\n\n<p><strong>Confira os 12 projetos finalistas:<\/strong><br><strong>Projeto Aprendizagem Criativa<\/strong>\u00a0&#8211; EMEF Dona Augusta (Campo Bom)<br><strong>Equipe:<\/strong>\u00a0Tatiana Cristina Padilha de Oliveira<br><strong>Projeto Aprendizagem Criativa e os Saberes Cient\u00edficos no dia a dia Escolar<\/strong>\u00a0&#8211; EMEF Em\u00edlio Vetter (Campo Bom)<br><strong>Equipe:<\/strong>Cleiton Rafael Fick, Djenifer Caroline Luz, Carolina Quintana Pinheiro e<br>Elisandra Lemos Winter.<br><strong>Projeto Composteira Dom\u00e9stica Urbana\u00a0<\/strong>&#8211; EMEF Rui Barbosa (Campo Bom)<br><strong>Equipe:<\/strong>\u00a0Genilucia Santos de Bracho, Arthur Donschat da Silva e Viviane Jandres da Silva:<br><strong>Projeto Horta comunit\u00e1ria escolar: uma alternativa \u00e0s fam\u00edlias em situa\u00e7\u00e3o de inseguran\u00e7a alimentar<\/strong>\u00a0&#8211; EMEF Duque de Caxias (Campo Bom)<br><strong>Equipe:<\/strong>Micheli Capeletti, Gladir Mousquer e Karina Rodrigues da Silva<br><strong>Projeto Adapta\u00e7\u00f5es F\u00edsico-Qu\u00edmica dos animais\u00a0<\/strong>&#8211; Escola de Ensino M\u00e9dio SESI Eraldo Giacobbe (Pelotas)<br><strong>Equipe:<\/strong>\u00a0Cassiano Zolet busatto, Felipe Abreu da Silva e Gustavo Medina Tavares<br><strong>Projeto Beep Factory: Um Dispositivo para aumentar a seguran\u00e7a de pessoas surdas ou com limita\u00e7\u00f5es auditivas na ind\u00fastria<\/strong>\u00a0&#8211; Escola de Ensino M\u00e9dio SESI Eraldo Giacobbe (Pelotas)<br><strong>Equipe:<\/strong>\u00a0Joseane Angela Pasqualli do Amaral, Isadora da Leon Torres e Hermeto Marques Vianna Filho<br><strong>Projeto CNEC Cidadania \u2013 Educa\u00e7\u00e3o Financeira e Socioemocional<\/strong>\u00a0&#8211; Col\u00e9gio Cenecista (Bento Gon\u00e7alves)<br><strong>Equipe:<\/strong>\u00a0Luciana Bacca Bonato e Priscila Nunes dos Santos<br><strong>Projeto Handmade &#8211; Pequenos Empreendedores<\/strong>\u00a0&#8211; EMEF Salgado Filho (Gramado)<br><strong>Equipe:<\/strong>\u00a0Marcia Borowski dos Santos e Paulo Leandro Santos da Silva<br><strong>Projeto Grand Prix SENAI de Inova\u00e7\u00e3o<\/strong>\u00a0&#8211; Centro de Forma\u00e7\u00e3o Profissional SENAI (Lajeado)<br><strong>Equipe:<\/strong>Cilene Machado Parab\u00f4a e Viviane Silveira da Rosa Vilanova<br><strong>Projeto IFRS Contribui\u00a0<\/strong>&#8211; Instituto Federal de Educa\u00e7\u00e3o Ci\u00eancia e Tecnologia do Rio Grande do Sul (Canoas)<br><strong>Equipe:<\/strong>\u00a0S\u00e9rgio Almeida Migowski, Mariano Nicolao, Jaqueline Terezinha, Martins Corr\u00eaa Rodrigues, Marcelo Luiz Pereira e Priscila Wachs.<br><strong>Projeto Hackathon Curricular: Desafio de Empreendedorismo e Inova\u00e7\u00e3o no ambiente acad\u00eamico &#8211;\u00a0<\/strong>Faculdade Horizontina &#8211; FAHOR (Horizontina).<br><strong>Equipe:\u00a0<\/strong>Professor: Jonas Diogo da Silva<br><strong>Projeto Colab\u202fA\u00e7\u00e3o\u202f\u2013 Edi\u00e7\u00e3o Especial: Pandemia\u00a0<\/strong>&#8211; PUCRS (Porto Alegre)<br><strong>Equipe:<\/strong>\u00a0Roberta Fin Motta, Andrea Gon\u00e7alves Bandeira, Diego Freitas, Iribarrem Icart Furtado, Gabriela Birnfield Kurtz e Vinicius Rafael C\u00e1rcamo<\/p>\n","protected":false},"excerpt":{"rendered":"<p>O Sebrae RS reconhece\u00a0na pr\u00f3xima ter\u00e7a-feira (15\/3)\u00a0os vencedores estaduais da 2\u00aa edi\u00e7\u00e3o do Pr\u00eamio Sebrae de Educa\u00e7\u00e3o Empreendedora.\u00a0A iniciativa tem o objetivo de\u00a0reconhecer e valorizar\u00a0pr\u00e1ticas criativas e inovadoras de projetos que t\u00eam o potencial de oferecer ao ecossistema educacional solu\u00e7\u00f5es inspiradoras. Professores de 11 institui\u00e7\u00f5es de ensino oriundas de oito munic\u00edpios ga\u00fachos chegam \u00e0 final [&hellip;]<\/p>\n","protected":false},"author":8,"featured_media":58538,"comment_status":"open","ping_status":"open","sticky":false,"template":"","format":"standard","meta":{"pmpro_default_level":"","_jetpack_memberships_contains_paid_content":false,"footnotes":""},"categories":[2,3],"tags":[5254,1068,6250,1794,3123],"class_list":{"0":"post-100183","1":"post","2":"type-post","3":"status-publish","4":"format-standard","5":"has-post-thumbnail","7":"category-featured","8":"category-geral","9":"tag-finalistas","10":"tag-premiacao","11":"tag-projetos","12":"tag-rio-grande-do-sul","13":"tag-sebrae","14":"pmpro-has-access"},"yoast_head":"<!-- This site is optimized with the Yoast SEO plugin v27.5 - https:\/\/yoast.com\/product\/yoast-seo-wordpress\/ -->\n<title>Sebrae RS premia melhores projetos de Educa\u00e7\u00e3o Empreendedora no RS - Folha Popular<\/title>\n<meta name=\"robots\" content=\"index, follow, max-snippet:-1, max-image-preview:large, max-video-preview:-1\" \/>\n<link rel=\"canonical\" href=\"https:\/\/folhapopular.info\/index.php\/2022\/03\/11\/sebrae-rs-premia-melhores-projetos-de-educacao-empreendedora-no-rs\/\" \/>\n<meta property=\"og:locale\" content=\"pt_BR\" \/>\n<meta property=\"og:type\" content=\"article\" \/>\n<meta property=\"og:title\" content=\"Sebrae RS premia melhores projetos de Educa\u00e7\u00e3o Empreendedora no RS - Folha Popular\" \/>\n<meta property=\"og:description\" content=\"O Sebrae RS reconhece\u00a0na pr\u00f3xima ter\u00e7a-feira (15\/3)\u00a0os vencedores estaduais da 2\u00aa edi\u00e7\u00e3o do Pr\u00eamio Sebrae de Educa\u00e7\u00e3o Empreendedora.\u00a0A iniciativa tem o objetivo de\u00a0reconhecer e valorizar\u00a0pr\u00e1ticas criativas e inovadoras de projetos que t\u00eam o potencial de oferecer ao ecossistema educacional solu\u00e7\u00f5es inspiradoras. Professores de 11 institui\u00e7\u00f5es de ensino oriundas de oito munic\u00edpios ga\u00fachos chegam \u00e0 final [&hellip;]\" \/>\n<meta property=\"og:url\" content=\"https:\/\/folhapopular.info\/index.php\/2022\/03\/11\/sebrae-rs-premia-melhores-projetos-de-educacao-empreendedora-no-rs\/\" \/>\n<meta property=\"og:site_name\" content=\"Folha Popular\" \/>\n<meta property=\"article:published_time\" content=\"2022-03-11T20:30:00+00:00\" \/>\n<meta property=\"og:image\" content=\"https:\/\/folhapopular.info\/wp-content\/uploads\/2019\/09\/Noticias-e1567961441371.jpg\" \/>\n\t<meta property=\"og:image:width\" content=\"800\" \/>\n\t<meta property=\"og:image:height\" content=\"563\" \/>\n\t<meta property=\"og:image:type\" content=\"image\/jpeg\" \/>\n<meta name=\"author\" content=\"Reda\u00e7\u00e3o Folha Popular\" \/>\n<meta name=\"twitter:card\" content=\"summary_large_image\" \/>\n<meta name=\"twitter:label1\" content=\"Escrito por\" \/>\n\t<meta name=\"twitter:data1\" content=\"Reda\u00e7\u00e3o Folha Popular\" \/>\n\t<meta name=\"twitter:label2\" content=\"Est. tempo de leitura\" \/>\n\t<meta name=\"twitter:data2\" content=\"3 minutos\" \/>\n<script type=\"application\/ld+json\" class=\"yoast-schema-graph\">{\"@context\":\"https:\\\/\\\/schema.org\",\"@graph\":[{\"@type\":\"Article\",\"@id\":\"https:\\\/\\\/folhapopular.info\\\/index.php\\\/2022\\\/03\\\/11\\\/sebrae-rs-premia-melhores-projetos-de-educacao-empreendedora-no-rs\\\/#article\",\"isPartOf\":{\"@id\":\"https:\\\/\\\/folhapopular.info\\\/index.php\\\/2022\\\/03\\\/11\\\/sebrae-rs-premia-melhores-projetos-de-educacao-empreendedora-no-rs\\\/\"},\"author\":{\"name\":\"Reda\u00e7\u00e3o Folha Popular\",\"@id\":\"https:\\\/\\\/folhapopular.info\\\/#\\\/schema\\\/person\\\/2814e8a0df7643585a9ca38bc6eb9d4b\"},\"headline\":\"Sebrae RS premia melhores projetos de Educa\u00e7\u00e3o Empreendedora no RS\",\"datePublished\":\"2022-03-11T20:30:00+00:00\",\"mainEntityOfPage\":{\"@id\":\"https:\\\/\\\/folhapopular.info\\\/index.php\\\/2022\\\/03\\\/11\\\/sebrae-rs-premia-melhores-projetos-de-educacao-empreendedora-no-rs\\\/\"},\"wordCount\":549,\"commentCount\":0,\"image\":{\"@id\":\"https:\\\/\\\/folhapopular.info\\\/index.php\\\/2022\\\/03\\\/11\\\/sebrae-rs-premia-melhores-projetos-de-educacao-empreendedora-no-rs\\\/#primaryimage\"},\"thumbnailUrl\":\"https:\\\/\\\/folhapopular.info\\\/wp-content\\\/uploads\\\/2019\\\/09\\\/Noticias-e1567961441371.jpg\",\"keywords\":[\"finalistas\",\"Premia\u00e7\u00e3o\",\"Projetos\",\"Rio Grande do Sul\",\"Sebrae\"],\"articleSection\":[\"Destaques\",\"Geral\"],\"inLanguage\":\"pt-BR\",\"potentialAction\":[{\"@type\":\"CommentAction\",\"name\":\"Comment\",\"target\":[\"https:\\\/\\\/folhapopular.info\\\/index.php\\\/2022\\\/03\\\/11\\\/sebrae-rs-premia-melhores-projetos-de-educacao-empreendedora-no-rs\\\/#respond\"]}]},{\"@type\":\"WebPage\",\"@id\":\"https:\\\/\\\/folhapopular.info\\\/index.php\\\/2022\\\/03\\\/11\\\/sebrae-rs-premia-melhores-projetos-de-educacao-empreendedora-no-rs\\\/\",\"url\":\"https:\\\/\\\/folhapopular.info\\\/index.php\\\/2022\\\/03\\\/11\\\/sebrae-rs-premia-melhores-projetos-de-educacao-empreendedora-no-rs\\\/\",\"name\":\"Sebrae RS premia melhores projetos de Educa\u00e7\u00e3o Empreendedora no RS - Folha Popular\",\"isPartOf\":{\"@id\":\"https:\\\/\\\/folhapopular.info\\\/#website\"},\"primaryImageOfPage\":{\"@id\":\"https:\\\/\\\/folhapopular.info\\\/index.php\\\/2022\\\/03\\\/11\\\/sebrae-rs-premia-melhores-projetos-de-educacao-empreendedora-no-rs\\\/#primaryimage\"},\"image\":{\"@id\":\"https:\\\/\\\/folhapopular.info\\\/index.php\\\/2022\\\/03\\\/11\\\/sebrae-rs-premia-melhores-projetos-de-educacao-empreendedora-no-rs\\\/#primaryimage\"},\"thumbnailUrl\":\"https:\\\/\\\/folhapopular.info\\\/wp-content\\\/uploads\\\/2019\\\/09\\\/Noticias-e1567961441371.jpg\",\"datePublished\":\"2022-03-11T20:30:00+00:00\",\"author\":{\"@id\":\"https:\\\/\\\/folhapopular.info\\\/#\\\/schema\\\/person\\\/2814e8a0df7643585a9ca38bc6eb9d4b\"},\"breadcrumb\":{\"@id\":\"https:\\\/\\\/folhapopular.info\\\/index.php\\\/2022\\\/03\\\/11\\\/sebrae-rs-premia-melhores-projetos-de-educacao-empreendedora-no-rs\\\/#breadcrumb\"},\"inLanguage\":\"pt-BR\",\"potentialAction\":[{\"@type\":\"ReadAction\",\"target\":[\"https:\\\/\\\/folhapopular.info\\\/index.php\\\/2022\\\/03\\\/11\\\/sebrae-rs-premia-melhores-projetos-de-educacao-empreendedora-no-rs\\\/\"]}]},{\"@type\":\"ImageObject\",\"inLanguage\":\"pt-BR\",\"@id\":\"https:\\\/\\\/folhapopular.info\\\/index.php\\\/2022\\\/03\\\/11\\\/sebrae-rs-premia-melhores-projetos-de-educacao-empreendedora-no-rs\\\/#primaryimage\",\"url\":\"https:\\\/\\\/folhapopular.info\\\/wp-content\\\/uploads\\\/2019\\\/09\\\/Noticias-e1567961441371.jpg\",\"contentUrl\":\"https:\\\/\\\/folhapopular.info\\\/wp-content\\\/uploads\\\/2019\\\/09\\\/Noticias-e1567961441371.jpg\",\"width\":800,\"height\":563,\"caption\":\"Cr\u00e9dito da arte: J\u00falia Caroline Geib \\\/ Divulga\u00e7\u00e3o\"},{\"@type\":\"BreadcrumbList\",\"@id\":\"https:\\\/\\\/folhapopular.info\\\/index.php\\\/2022\\\/03\\\/11\\\/sebrae-rs-premia-melhores-projetos-de-educacao-empreendedora-no-rs\\\/#breadcrumb\",\"itemListElement\":[{\"@type\":\"ListItem\",\"position\":1,\"name\":\"In\u00edcio\",\"item\":\"https:\\\/\\\/folhapopular.info\\\/\"},{\"@type\":\"ListItem\",\"position\":2,\"name\":\"Sebrae RS premia melhores projetos de Educa\u00e7\u00e3o Empreendedora no RS\"}]},{\"@type\":\"WebSite\",\"@id\":\"https:\\\/\\\/folhapopular.info\\\/#website\",\"url\":\"https:\\\/\\\/folhapopular.info\\\/\",\"name\":\"Folha Popular\",\"description\":\"Onde voc\u00ea tem vez e voz\",\"potentialAction\":[{\"@type\":\"SearchAction\",\"target\":{\"@type\":\"EntryPoint\",\"urlTemplate\":\"https:\\\/\\\/folhapopular.info\\\/?s={search_term_string}\"},\"query-input\":{\"@type\":\"PropertyValueSpecification\",\"valueRequired\":true,\"valueName\":\"search_term_string\"}}],\"inLanguage\":\"pt-BR\"},{\"@type\":\"Person\",\"@id\":\"https:\\\/\\\/folhapopular.info\\\/#\\\/schema\\\/person\\\/2814e8a0df7643585a9ca38bc6eb9d4b\",\"name\":\"Reda\u00e7\u00e3o Folha Popular\",\"image\":{\"@type\":\"ImageObject\",\"inLanguage\":\"pt-BR\",\"@id\":\"https:\\\/\\\/folhapopular.info\\\/wp-content\\\/uploads\\\/2026\\\/04\\\/Folha-1.webp\",\"url\":\"https:\\\/\\\/folhapopular.info\\\/wp-content\\\/uploads\\\/2026\\\/04\\\/Folha-1.webp\",\"contentUrl\":\"https:\\\/\\\/folhapopular.info\\\/wp-content\\\/uploads\\\/2026\\\/04\\\/Folha-1.webp\",\"caption\":\"Reda\u00e7\u00e3o Folha Popular\"},\"url\":\"https:\\\/\\\/folhapopular.info\\\/index.php\\\/author\\\/redacao\\\/\"}]}<\/script>\n<!-- \/ Yoast SEO plugin. -->","yoast_head_json":{"title":"Sebrae RS premia melhores projetos de Educa\u00e7\u00e3o Empreendedora no RS - Folha Popular","robots":{"index":"index","follow":"follow","max-snippet":"max-snippet:-1","max-image-preview":"max-image-preview:large","max-video-preview":"max-video-preview:-1"},"canonical":"https:\/\/folhapopular.info\/index.php\/2022\/03\/11\/sebrae-rs-premia-melhores-projetos-de-educacao-empreendedora-no-rs\/","og_locale":"pt_BR","og_type":"article","og_title":"Sebrae RS premia melhores projetos de Educa\u00e7\u00e3o Empreendedora no RS - Folha Popular","og_description":"O Sebrae RS reconhece\u00a0na pr\u00f3xima ter\u00e7a-feira (15\/3)\u00a0os vencedores estaduais da 2\u00aa edi\u00e7\u00e3o do Pr\u00eamio Sebrae de Educa\u00e7\u00e3o Empreendedora.\u00a0A iniciativa tem o objetivo de\u00a0reconhecer e valorizar\u00a0pr\u00e1ticas criativas e inovadoras de projetos que t\u00eam o potencial de oferecer ao ecossistema educacional solu\u00e7\u00f5es inspiradoras. Professores de 11 institui\u00e7\u00f5es de ensino oriundas de oito munic\u00edpios ga\u00fachos chegam \u00e0 final [&hellip;]","og_url":"https:\/\/folhapopular.info\/index.php\/2022\/03\/11\/sebrae-rs-premia-melhores-projetos-de-educacao-empreendedora-no-rs\/","og_site_name":"Folha Popular","article_published_time":"2022-03-11T20:30:00+00:00","og_image":[{"width":800,"height":563,"url":"https:\/\/folhapopular.info\/wp-content\/uploads\/2019\/09\/Noticias-e1567961441371.jpg","type":"image\/jpeg"}],"author":"Reda\u00e7\u00e3o Folha Popular","twitter_card":"summary_large_image","twitter_misc":{"Escrito por":"Reda\u00e7\u00e3o Folha Popular","Est. tempo de leitura":"3 minutos"},"schema":{"@context":"https:\/\/schema.org","@graph":[{"@type":"Article","@id":"https:\/\/folhapopular.info\/index.php\/2022\/03\/11\/sebrae-rs-premia-melhores-projetos-de-educacao-empreendedora-no-rs\/#article","isPartOf":{"@id":"https:\/\/folhapopular.info\/index.php\/2022\/03\/11\/sebrae-rs-premia-melhores-projetos-de-educacao-empreendedora-no-rs\/"},"author":{"name":"Reda\u00e7\u00e3o Folha Popular","@id":"https:\/\/folhapopular.info\/#\/schema\/person\/2814e8a0df7643585a9ca38bc6eb9d4b"},"headline":"Sebrae RS premia melhores projetos de Educa\u00e7\u00e3o Empreendedora no RS","datePublished":"2022-03-11T20:30:00+00:00","mainEntityOfPage":{"@id":"https:\/\/folhapopular.info\/index.php\/2022\/03\/11\/sebrae-rs-premia-melhores-projetos-de-educacao-empreendedora-no-rs\/"},"wordCount":549,"commentCount":0,"image":{"@id":"https:\/\/folhapopular.info\/index.php\/2022\/03\/11\/sebrae-rs-premia-melhores-projetos-de-educacao-empreendedora-no-rs\/#primaryimage"},"thumbnailUrl":"https:\/\/folhapopular.info\/wp-content\/uploads\/2019\/09\/Noticias-e1567961441371.jpg","keywords":["finalistas","Premia\u00e7\u00e3o","Projetos","Rio Grande do Sul","Sebrae"],"articleSection":["Destaques","Geral"],"inLanguage":"pt-BR","potentialAction":[{"@type":"CommentAction","name":"Comment","target":["https:\/\/folhapopular.info\/index.php\/2022\/03\/11\/sebrae-rs-premia-melhores-projetos-de-educacao-empreendedora-no-rs\/#respond"]}]},{"@type":"WebPage","@id":"https:\/\/folhapopular.info\/index.php\/2022\/03\/11\/sebrae-rs-premia-melhores-projetos-de-educacao-empreendedora-no-rs\/","url":"https:\/\/folhapopular.info\/index.php\/2022\/03\/11\/sebrae-rs-premia-melhores-projetos-de-educacao-empreendedora-no-rs\/","name":"Sebrae RS premia melhores projetos de Educa\u00e7\u00e3o Empreendedora no RS - Folha Popular","isPartOf":{"@id":"https:\/\/folhapopular.info\/#website"},"primaryImageOfPage":{"@id":"https:\/\/folhapopular.info\/index.php\/2022\/03\/11\/sebrae-rs-premia-melhores-projetos-de-educacao-empreendedora-no-rs\/#primaryimage"},"image":{"@id":"https:\/\/folhapopular.info\/index.php\/2022\/03\/11\/sebrae-rs-premia-melhores-projetos-de-educacao-empreendedora-no-rs\/#primaryimage"},"thumbnailUrl":"https:\/\/folhapopular.info\/wp-content\/uploads\/2019\/09\/Noticias-e1567961441371.jpg","datePublished":"2022-03-11T20:30:00+00:00","author":{"@id":"https:\/\/folhapopular.info\/#\/schema\/person\/2814e8a0df7643585a9ca38bc6eb9d4b"},"breadcrumb":{"@id":"https:\/\/folhapopular.info\/index.php\/2022\/03\/11\/sebrae-rs-premia-melhores-projetos-de-educacao-empreendedora-no-rs\/#breadcrumb"},"inLanguage":"pt-BR","potentialAction":[{"@type":"ReadAction","target":["https:\/\/folhapopular.info\/index.php\/2022\/03\/11\/sebrae-rs-premia-melhores-projetos-de-educacao-empreendedora-no-rs\/"]}]},{"@type":"ImageObject","inLanguage":"pt-BR","@id":"https:\/\/folhapopular.info\/index.php\/2022\/03\/11\/sebrae-rs-premia-melhores-projetos-de-educacao-empreendedora-no-rs\/#primaryimage","url":"https:\/\/folhapopular.info\/wp-content\/uploads\/2019\/09\/Noticias-e1567961441371.jpg","contentUrl":"https:\/\/folhapopular.info\/wp-content\/uploads\/2019\/09\/Noticias-e1567961441371.jpg","width":800,"height":563,"caption":"Cr\u00e9dito da arte: J\u00falia Caroline Geib \/ Divulga\u00e7\u00e3o"},{"@type":"BreadcrumbList","@id":"https:\/\/folhapopular.info\/index.php\/2022\/03\/11\/sebrae-rs-premia-melhores-projetos-de-educacao-empreendedora-no-rs\/#breadcrumb","itemListElement":[{"@type":"ListItem","position":1,"name":"In\u00edcio","item":"https:\/\/folhapopular.info\/"},{"@type":"ListItem","position":2,"name":"Sebrae RS premia melhores projetos de Educa\u00e7\u00e3o Empreendedora no RS"}]},{"@type":"WebSite","@id":"https:\/\/folhapopular.info\/#website","url":"https:\/\/folhapopular.info\/","name":"Folha Popular","description":"Onde voc\u00ea tem vez e voz","potentialAction":[{"@type":"SearchAction","target":{"@type":"EntryPoint","urlTemplate":"https:\/\/folhapopular.info\/?s={search_term_string}"},"query-input":{"@type":"PropertyValueSpecification","valueRequired":true,"valueName":"search_term_string"}}],"inLanguage":"pt-BR"},{"@type":"Person","@id":"https:\/\/folhapopular.info\/#\/schema\/person\/2814e8a0df7643585a9ca38bc6eb9d4b","name":"Reda\u00e7\u00e3o Folha Popular","image":{"@type":"ImageObject","inLanguage":"pt-BR","@id":"https:\/\/folhapopular.info\/wp-content\/uploads\/2026\/04\/Folha-1.webp","url":"https:\/\/folhapopular.info\/wp-content\/uploads\/2026\/04\/Folha-1.webp","contentUrl":"https:\/\/folhapopular.info\/wp-content\/uploads\/2026\/04\/Folha-1.webp","caption":"Reda\u00e7\u00e3o Folha Popular"},"url":"https:\/\/folhapopular.info\/index.php\/author\/redacao\/"}]}},"jetpack_featured_media_url":"https:\/\/folhapopular.info\/wp-content\/uploads\/2019\/09\/Noticias-e1567961441371.jpg","jetpack_sharing_enabled":true,"amp_enabled":true,"_links":{"self":[{"href":"https:\/\/folhapopular.info\/index.php\/wp-json\/wp\/v2\/posts\/100183","targetHints":{"allow":["GET"]}}],"collection":[{"href":"https:\/\/folhapopular.info\/index.php\/wp-json\/wp\/v2\/posts"}],"about":[{"href":"https:\/\/folhapopular.info\/index.php\/wp-json\/wp\/v2\/types\/post"}],"author":[{"embeddable":true,"href":"https:\/\/folhapopular.info\/index.php\/wp-json\/wp\/v2\/users\/8"}],"replies":[{"embeddable":true,"href":"https:\/\/folhapopular.info\/index.php\/wp-json\/wp\/v2\/comments?post=100183"}],"version-history":[{"count":0,"href":"https:\/\/folhapopular.info\/index.php\/wp-json\/wp\/v2\/posts\/100183\/revisions"}],"wp:featuredmedia":[{"embeddable":true,"href":"https:\/\/folhapopular.info\/index.php\/wp-json\/wp\/v2\/media\/58538"}],"wp:attachment":[{"href":"https:\/\/folhapopular.info\/index.php\/wp-json\/wp\/v2\/media?parent=100183"}],"wp:term":[{"taxonomy":"category","embeddable":true,"href":"https:\/\/folhapopular.info\/index.php\/wp-json\/wp\/v2\/categories?post=100183"},{"taxonomy":"post_tag","embeddable":true,"href":"https:\/\/folhapopular.info\/index.php\/wp-json\/wp\/v2\/tags?post=100183"}],"curies":[{"name":"wp","href":"https:\/\/api.w.org\/{rel}","templated":true}]}}