{"id":100406,"date":"2022-03-14T15:17:48","date_gmt":"2022-03-14T18:17:48","guid":{"rendered":"https:\/\/folhapopular.info\/?p=100406"},"modified":"2022-03-14T15:17:51","modified_gmt":"2022-03-14T18:17:51","slug":"33a-edicao-do-campeonato-pia-de-futsal-de-lajeado-tem-inscricoes-prorrogadas","status":"publish","type":"post","link":"https:\/\/folhapopular.info\/index.php\/2022\/03\/14\/33a-edicao-do-campeonato-pia-de-futsal-de-lajeado-tem-inscricoes-prorrogadas\/","title":{"rendered":"33\u00aa edi\u00e7\u00e3o do Campeonato Pi\u00e1 de Futsal de Lajeado tem inscri\u00e7\u00f5es prorrogadas"},"content":{"rendered":"\n<p>O maior\u00a0campeonato\u00a0de\u00a0futsal\u00a0infantil\u00a0do\u00a0Brasil teve suas\u00a0inscri\u00e7\u00f5es\u00a0prorrogadas\u00a0para at\u00e9\u00a0sexta-feira (23\/3). A data das\u00a0inscri\u00e7\u00f5es\u00a0foi estendida a fim de dar chance a mais times que perderam o prazo inicial. Para participar da\u00a033\u00aa\u00a0edi\u00e7\u00e3o\u00a0do\u00a0Campeonato\u00a0Pi\u00e1\u00a0de\u00a0Futsal\u00a0de\u00a0Lajeado, a equipe interessada deve acessar a ficha de inscri\u00e7\u00e3o e o regulamento completo\u00a0<a href=\"https:\/\/bit.ly\/3JJ095h\" target=\"_blank\" rel=\"noreferrer noopener\">clicando aqui<\/a>.\u00a0<\/p>\n\n\n\n<p>Promovida pela Prefeitura de\u00a0Lajeado, por meio da Secretaria de Cultura, Esporte e Lazer (Secel), a\u00a0edi\u00e7\u00e3o\u00a0de 2022\u00a0do\u00a0Pi\u00e1\u00a0de\u00a0Futsal\u00a0ocorrer\u00e1 entre os dias 9\/4 e 31\/7. Podem participar\u00a0do\u00a0Campeonato\u00a0Pi\u00e1\u00a0escolinhas de\u00a0futsal, projetos sociais e organiza\u00e7\u00f5es n\u00e3o governamentais (ONGs). As equipes ser\u00e3o divididas nas categorias\u00a02009, 2010, 2011, 2012, 2013, 2014 e 2015 no masculino, e os times femininos nas categorias 2008\/2009, 2010\/2011, 2012\/2013 e 2014\/2015.<br>Para efetivar a inscri\u00e7\u00e3o, a equipe deve entregar a ficha de inscri\u00e7\u00e3o na Secel (Rua Alberto Torres, 452, Bairro Centro), e entregar como forma de donativo 1 caixa de 12 litros de leite UHT, que posteriormente ser\u00e3o doados \u00e0s entidades\u00a0do\u00a0munic\u00edpio. A ficha de inscri\u00e7\u00e3o tamb\u00e9m pode ser enviada de forma digital para o e-mail:\u00a0<a href=\"mailto:secel.esporte@lajeado.rs.gov.br\" target=\"_blank\" rel=\"noreferrer noopener\">secel.esporte@lajeado.rs.gov.br<\/a>.<br>A abertura dos jogos ocorre no dia 09\/04 com in\u00edcio \u00e0s 13h, no Parque\u00a0do\u00a0Imigrante, onde ocorrer\u00e3o todas as disputas. Todas as equipes inscritas podem participar da solenidade de abertura.<\/p>\n\n\n\n<p><strong>33\u00aa\u00a0Edi\u00e7\u00e3o\u00a0do\u00a0Pi\u00e1\u00a0de\u00a0Futsal\u00a0de\u00a0Lajeado<\/strong><br>Inscri\u00e7\u00f5es: at\u00e9 23\/3<br>Quem pode se inscrever: escolinhas de\u00a0futsal, projetos sociais e organiza\u00e7\u00f5es n\u00e3o governamentais (ONGs)Onde: entrega da ficha de inscri\u00e7\u00e3o na Secel ou por email\u00a0<a href=\"mailto:secel.esporte@lajeado.rs.gov.br\" target=\"_blank\" rel=\"noreferrer noopener\">secel.esporte@lajeado.rs.gov.br<\/a>\u00a0e entrega de 1 caixa de 12 litros de leite UHT.<br>Categorias: Masculino: nascidos em\u00a02009, 2010, 2011, 2012, 2013, 2014 e 2015 e Feminino: nascidas em 2008\/2009, 2010\/2011, 2012\/2013 e 2014\/2015.<\/p>\n","protected":false},"excerpt":{"rendered":"<p>O maior\u00a0campeonato\u00a0de\u00a0futsal\u00a0infantil\u00a0do\u00a0Brasil teve suas\u00a0inscri\u00e7\u00f5es\u00a0prorrogadas\u00a0para at\u00e9\u00a0sexta-feira (23\/3). A data das\u00a0inscri\u00e7\u00f5es\u00a0foi estendida a fim de dar chance a mais times que perderam o prazo inicial. Para participar da\u00a033\u00aa\u00a0edi\u00e7\u00e3o\u00a0do\u00a0Campeonato\u00a0Pi\u00e1\u00a0de\u00a0Futsal\u00a0de\u00a0Lajeado, a equipe interessada deve acessar a ficha de inscri\u00e7\u00e3o e o regulamento completo\u00a0clicando aqui.\u00a0 Promovida pela Prefeitura de\u00a0Lajeado, por meio da Secretaria de Cultura, Esporte e Lazer (Secel), a\u00a0edi\u00e7\u00e3o\u00a0de [&hellip;]<\/p>\n","protected":false},"author":8,"featured_media":100407,"comment_status":"open","ping_status":"open","sticky":false,"template":"","format":"standard","meta":{"pmpro_default_level":"","_jetpack_memberships_contains_paid_content":false,"footnotes":""},"categories":[2,5],"tags":[499,946,27],"class_list":{"0":"post-100406","1":"post","2":"type-post","3":"status-publish","4":"format-standard","5":"has-post-thumbnail","7":"category-featured","8":"category-esportes","9":"tag-campeonato-municipal","10":"tag-inscricoes","11":"tag-lajeado","12":"pmpro-has-access"},"yoast_head":"<!-- This site is optimized with the Yoast SEO plugin v27.5 - https:\/\/yoast.com\/product\/yoast-seo-wordpress\/ -->\n<title>33\u00aa edi\u00e7\u00e3o do Campeonato Pi\u00e1 de Futsal de Lajeado tem inscri\u00e7\u00f5es prorrogadas - Folha Popular<\/title>\n<meta name=\"robots\" content=\"index, follow, max-snippet:-1, max-image-preview:large, max-video-preview:-1\" \/>\n<link rel=\"canonical\" href=\"https:\/\/folhapopular.info\/index.php\/2022\/03\/14\/33a-edicao-do-campeonato-pia-de-futsal-de-lajeado-tem-inscricoes-prorrogadas\/\" \/>\n<meta property=\"og:locale\" content=\"pt_BR\" \/>\n<meta property=\"og:type\" content=\"article\" \/>\n<meta property=\"og:title\" content=\"33\u00aa edi\u00e7\u00e3o do Campeonato Pi\u00e1 de Futsal de Lajeado tem inscri\u00e7\u00f5es prorrogadas - Folha Popular\" \/>\n<meta property=\"og:description\" content=\"O maior\u00a0campeonato\u00a0de\u00a0futsal\u00a0infantil\u00a0do\u00a0Brasil teve suas\u00a0inscri\u00e7\u00f5es\u00a0prorrogadas\u00a0para at\u00e9\u00a0sexta-feira (23\/3). A data das\u00a0inscri\u00e7\u00f5es\u00a0foi estendida a fim de dar chance a mais times que perderam o prazo inicial. Para participar da\u00a033\u00aa\u00a0edi\u00e7\u00e3o\u00a0do\u00a0Campeonato\u00a0Pi\u00e1\u00a0de\u00a0Futsal\u00a0de\u00a0Lajeado, a equipe interessada deve acessar a ficha de inscri\u00e7\u00e3o e o regulamento completo\u00a0clicando aqui.\u00a0 Promovida pela Prefeitura de\u00a0Lajeado, por meio da Secretaria de Cultura, Esporte e Lazer (Secel), a\u00a0edi\u00e7\u00e3o\u00a0de [&hellip;]\" \/>\n<meta property=\"og:url\" content=\"https:\/\/folhapopular.info\/index.php\/2022\/03\/14\/33a-edicao-do-campeonato-pia-de-futsal-de-lajeado-tem-inscricoes-prorrogadas\/\" \/>\n<meta property=\"og:site_name\" content=\"Folha Popular\" \/>\n<meta property=\"article:published_time\" content=\"2022-03-14T18:17:48+00:00\" \/>\n<meta property=\"article:modified_time\" content=\"2022-03-14T18:17:51+00:00\" \/>\n<meta property=\"og:image\" content=\"http:\/\/folhapopular.info\/wp-content\/uploads\/2022\/03\/Campeonato-Pia-2022-e1647281842130.png\" \/>\n\t<meta property=\"og:image:width\" content=\"800\" \/>\n\t<meta property=\"og:image:height\" content=\"671\" \/>\n\t<meta property=\"og:image:type\" content=\"image\/png\" \/>\n<meta name=\"author\" content=\"Reda\u00e7\u00e3o Folha Popular\" \/>\n<meta name=\"twitter:card\" content=\"summary_large_image\" \/>\n<meta name=\"twitter:label1\" content=\"Escrito por\" \/>\n\t<meta name=\"twitter:data1\" content=\"Reda\u00e7\u00e3o Folha Popular\" \/>\n\t<meta name=\"twitter:label2\" content=\"Est. tempo de leitura\" \/>\n\t<meta name=\"twitter:data2\" content=\"2 minutos\" \/>\n<script type=\"application\/ld+json\" class=\"yoast-schema-graph\">{\"@context\":\"https:\\\/\\\/schema.org\",\"@graph\":[{\"@type\":\"Article\",\"@id\":\"https:\\\/\\\/folhapopular.info\\\/index.php\\\/2022\\\/03\\\/14\\\/33a-edicao-do-campeonato-pia-de-futsal-de-lajeado-tem-inscricoes-prorrogadas\\\/#article\",\"isPartOf\":{\"@id\":\"https:\\\/\\\/folhapopular.info\\\/index.php\\\/2022\\\/03\\\/14\\\/33a-edicao-do-campeonato-pia-de-futsal-de-lajeado-tem-inscricoes-prorrogadas\\\/\"},\"author\":{\"name\":\"Reda\u00e7\u00e3o Folha Popular\",\"@id\":\"https:\\\/\\\/folhapopular.info\\\/#\\\/schema\\\/person\\\/2814e8a0df7643585a9ca38bc6eb9d4b\"},\"headline\":\"33\u00aa edi\u00e7\u00e3o do Campeonato Pi\u00e1 de Futsal de Lajeado tem inscri\u00e7\u00f5es prorrogadas\",\"datePublished\":\"2022-03-14T18:17:48+00:00\",\"dateModified\":\"2022-03-14T18:17:51+00:00\",\"mainEntityOfPage\":{\"@id\":\"https:\\\/\\\/folhapopular.info\\\/index.php\\\/2022\\\/03\\\/14\\\/33a-edicao-do-campeonato-pia-de-futsal-de-lajeado-tem-inscricoes-prorrogadas\\\/\"},\"wordCount\":300,\"commentCount\":0,\"image\":{\"@id\":\"https:\\\/\\\/folhapopular.info\\\/index.php\\\/2022\\\/03\\\/14\\\/33a-edicao-do-campeonato-pia-de-futsal-de-lajeado-tem-inscricoes-prorrogadas\\\/#primaryimage\"},\"thumbnailUrl\":\"https:\\\/\\\/folhapopular.info\\\/wp-content\\\/uploads\\\/2022\\\/03\\\/Campeonato-Pia-2022-e1647281842130.png\",\"keywords\":[\"Campeonato Municipal\",\"Inscri\u00e7\u00f5es\",\"Lajeado\"],\"articleSection\":[\"Destaques\",\"Esportes\"],\"inLanguage\":\"pt-BR\",\"potentialAction\":[{\"@type\":\"CommentAction\",\"name\":\"Comment\",\"target\":[\"https:\\\/\\\/folhapopular.info\\\/index.php\\\/2022\\\/03\\\/14\\\/33a-edicao-do-campeonato-pia-de-futsal-de-lajeado-tem-inscricoes-prorrogadas\\\/#respond\"]}]},{\"@type\":\"WebPage\",\"@id\":\"https:\\\/\\\/folhapopular.info\\\/index.php\\\/2022\\\/03\\\/14\\\/33a-edicao-do-campeonato-pia-de-futsal-de-lajeado-tem-inscricoes-prorrogadas\\\/\",\"url\":\"https:\\\/\\\/folhapopular.info\\\/index.php\\\/2022\\\/03\\\/14\\\/33a-edicao-do-campeonato-pia-de-futsal-de-lajeado-tem-inscricoes-prorrogadas\\\/\",\"name\":\"33\u00aa edi\u00e7\u00e3o do Campeonato Pi\u00e1 de Futsal de Lajeado tem inscri\u00e7\u00f5es prorrogadas - Folha Popular\",\"isPartOf\":{\"@id\":\"https:\\\/\\\/folhapopular.info\\\/#website\"},\"primaryImageOfPage\":{\"@id\":\"https:\\\/\\\/folhapopular.info\\\/index.php\\\/2022\\\/03\\\/14\\\/33a-edicao-do-campeonato-pia-de-futsal-de-lajeado-tem-inscricoes-prorrogadas\\\/#primaryimage\"},\"image\":{\"@id\":\"https:\\\/\\\/folhapopular.info\\\/index.php\\\/2022\\\/03\\\/14\\\/33a-edicao-do-campeonato-pia-de-futsal-de-lajeado-tem-inscricoes-prorrogadas\\\/#primaryimage\"},\"thumbnailUrl\":\"https:\\\/\\\/folhapopular.info\\\/wp-content\\\/uploads\\\/2022\\\/03\\\/Campeonato-Pia-2022-e1647281842130.png\",\"datePublished\":\"2022-03-14T18:17:48+00:00\",\"dateModified\":\"2022-03-14T18:17:51+00:00\",\"author\":{\"@id\":\"https:\\\/\\\/folhapopular.info\\\/#\\\/schema\\\/person\\\/2814e8a0df7643585a9ca38bc6eb9d4b\"},\"breadcrumb\":{\"@id\":\"https:\\\/\\\/folhapopular.info\\\/index.php\\\/2022\\\/03\\\/14\\\/33a-edicao-do-campeonato-pia-de-futsal-de-lajeado-tem-inscricoes-prorrogadas\\\/#breadcrumb\"},\"inLanguage\":\"pt-BR\",\"potentialAction\":[{\"@type\":\"ReadAction\",\"target\":[\"https:\\\/\\\/folhapopular.info\\\/index.php\\\/2022\\\/03\\\/14\\\/33a-edicao-do-campeonato-pia-de-futsal-de-lajeado-tem-inscricoes-prorrogadas\\\/\"]}]},{\"@type\":\"ImageObject\",\"inLanguage\":\"pt-BR\",\"@id\":\"https:\\\/\\\/folhapopular.info\\\/index.php\\\/2022\\\/03\\\/14\\\/33a-edicao-do-campeonato-pia-de-futsal-de-lajeado-tem-inscricoes-prorrogadas\\\/#primaryimage\",\"url\":\"https:\\\/\\\/folhapopular.info\\\/wp-content\\\/uploads\\\/2022\\\/03\\\/Campeonato-Pia-2022-e1647281842130.png\",\"contentUrl\":\"https:\\\/\\\/folhapopular.info\\\/wp-content\\\/uploads\\\/2022\\\/03\\\/Campeonato-Pia-2022-e1647281842130.png\",\"width\":800,\"height\":671,\"caption\":\"Cr\u00e9dito: Divulga\u00e7\u00e3o\"},{\"@type\":\"BreadcrumbList\",\"@id\":\"https:\\\/\\\/folhapopular.info\\\/index.php\\\/2022\\\/03\\\/14\\\/33a-edicao-do-campeonato-pia-de-futsal-de-lajeado-tem-inscricoes-prorrogadas\\\/#breadcrumb\",\"itemListElement\":[{\"@type\":\"ListItem\",\"position\":1,\"name\":\"In\u00edcio\",\"item\":\"https:\\\/\\\/folhapopular.info\\\/\"},{\"@type\":\"ListItem\",\"position\":2,\"name\":\"33\u00aa edi\u00e7\u00e3o do Campeonato Pi\u00e1 de Futsal de Lajeado tem inscri\u00e7\u00f5es prorrogadas\"}]},{\"@type\":\"WebSite\",\"@id\":\"https:\\\/\\\/folhapopular.info\\\/#website\",\"url\":\"https:\\\/\\\/folhapopular.info\\\/\",\"name\":\"Folha Popular\",\"description\":\"Onde voc\u00ea tem vez e voz\",\"potentialAction\":[{\"@type\":\"SearchAction\",\"target\":{\"@type\":\"EntryPoint\",\"urlTemplate\":\"https:\\\/\\\/folhapopular.info\\\/?s={search_term_string}\"},\"query-input\":{\"@type\":\"PropertyValueSpecification\",\"valueRequired\":true,\"valueName\":\"search_term_string\"}}],\"inLanguage\":\"pt-BR\"},{\"@type\":\"Person\",\"@id\":\"https:\\\/\\\/folhapopular.info\\\/#\\\/schema\\\/person\\\/2814e8a0df7643585a9ca38bc6eb9d4b\",\"name\":\"Reda\u00e7\u00e3o Folha Popular\",\"image\":{\"@type\":\"ImageObject\",\"inLanguage\":\"pt-BR\",\"@id\":\"https:\\\/\\\/folhapopular.info\\\/wp-content\\\/uploads\\\/2026\\\/04\\\/Folha-1.webp\",\"url\":\"https:\\\/\\\/folhapopular.info\\\/wp-content\\\/uploads\\\/2026\\\/04\\\/Folha-1.webp\",\"contentUrl\":\"https:\\\/\\\/folhapopular.info\\\/wp-content\\\/uploads\\\/2026\\\/04\\\/Folha-1.webp\",\"caption\":\"Reda\u00e7\u00e3o Folha Popular\"},\"url\":\"https:\\\/\\\/folhapopular.info\\\/index.php\\\/author\\\/redacao\\\/\"}]}<\/script>\n<!-- \/ Yoast SEO plugin. -->","yoast_head_json":{"title":"33\u00aa edi\u00e7\u00e3o do Campeonato Pi\u00e1 de Futsal de Lajeado tem inscri\u00e7\u00f5es prorrogadas - Folha Popular","robots":{"index":"index","follow":"follow","max-snippet":"max-snippet:-1","max-image-preview":"max-image-preview:large","max-video-preview":"max-video-preview:-1"},"canonical":"https:\/\/folhapopular.info\/index.php\/2022\/03\/14\/33a-edicao-do-campeonato-pia-de-futsal-de-lajeado-tem-inscricoes-prorrogadas\/","og_locale":"pt_BR","og_type":"article","og_title":"33\u00aa edi\u00e7\u00e3o do Campeonato Pi\u00e1 de Futsal de Lajeado tem inscri\u00e7\u00f5es prorrogadas - Folha Popular","og_description":"O maior\u00a0campeonato\u00a0de\u00a0futsal\u00a0infantil\u00a0do\u00a0Brasil teve suas\u00a0inscri\u00e7\u00f5es\u00a0prorrogadas\u00a0para at\u00e9\u00a0sexta-feira (23\/3). A data das\u00a0inscri\u00e7\u00f5es\u00a0foi estendida a fim de dar chance a mais times que perderam o prazo inicial. Para participar da\u00a033\u00aa\u00a0edi\u00e7\u00e3o\u00a0do\u00a0Campeonato\u00a0Pi\u00e1\u00a0de\u00a0Futsal\u00a0de\u00a0Lajeado, a equipe interessada deve acessar a ficha de inscri\u00e7\u00e3o e o regulamento completo\u00a0clicando aqui.\u00a0 Promovida pela Prefeitura de\u00a0Lajeado, por meio da Secretaria de Cultura, Esporte e Lazer (Secel), a\u00a0edi\u00e7\u00e3o\u00a0de [&hellip;]","og_url":"https:\/\/folhapopular.info\/index.php\/2022\/03\/14\/33a-edicao-do-campeonato-pia-de-futsal-de-lajeado-tem-inscricoes-prorrogadas\/","og_site_name":"Folha Popular","article_published_time":"2022-03-14T18:17:48+00:00","article_modified_time":"2022-03-14T18:17:51+00:00","og_image":[{"width":800,"height":671,"url":"http:\/\/folhapopular.info\/wp-content\/uploads\/2022\/03\/Campeonato-Pia-2022-e1647281842130.png","type":"image\/png"}],"author":"Reda\u00e7\u00e3o Folha Popular","twitter_card":"summary_large_image","twitter_misc":{"Escrito por":"Reda\u00e7\u00e3o Folha Popular","Est. tempo de leitura":"2 minutos"},"schema":{"@context":"https:\/\/schema.org","@graph":[{"@type":"Article","@id":"https:\/\/folhapopular.info\/index.php\/2022\/03\/14\/33a-edicao-do-campeonato-pia-de-futsal-de-lajeado-tem-inscricoes-prorrogadas\/#article","isPartOf":{"@id":"https:\/\/folhapopular.info\/index.php\/2022\/03\/14\/33a-edicao-do-campeonato-pia-de-futsal-de-lajeado-tem-inscricoes-prorrogadas\/"},"author":{"name":"Reda\u00e7\u00e3o Folha Popular","@id":"https:\/\/folhapopular.info\/#\/schema\/person\/2814e8a0df7643585a9ca38bc6eb9d4b"},"headline":"33\u00aa edi\u00e7\u00e3o do Campeonato Pi\u00e1 de Futsal de Lajeado tem inscri\u00e7\u00f5es prorrogadas","datePublished":"2022-03-14T18:17:48+00:00","dateModified":"2022-03-14T18:17:51+00:00","mainEntityOfPage":{"@id":"https:\/\/folhapopular.info\/index.php\/2022\/03\/14\/33a-edicao-do-campeonato-pia-de-futsal-de-lajeado-tem-inscricoes-prorrogadas\/"},"wordCount":300,"commentCount":0,"image":{"@id":"https:\/\/folhapopular.info\/index.php\/2022\/03\/14\/33a-edicao-do-campeonato-pia-de-futsal-de-lajeado-tem-inscricoes-prorrogadas\/#primaryimage"},"thumbnailUrl":"https:\/\/folhapopular.info\/wp-content\/uploads\/2022\/03\/Campeonato-Pia-2022-e1647281842130.png","keywords":["Campeonato Municipal","Inscri\u00e7\u00f5es","Lajeado"],"articleSection":["Destaques","Esportes"],"inLanguage":"pt-BR","potentialAction":[{"@type":"CommentAction","name":"Comment","target":["https:\/\/folhapopular.info\/index.php\/2022\/03\/14\/33a-edicao-do-campeonato-pia-de-futsal-de-lajeado-tem-inscricoes-prorrogadas\/#respond"]}]},{"@type":"WebPage","@id":"https:\/\/folhapopular.info\/index.php\/2022\/03\/14\/33a-edicao-do-campeonato-pia-de-futsal-de-lajeado-tem-inscricoes-prorrogadas\/","url":"https:\/\/folhapopular.info\/index.php\/2022\/03\/14\/33a-edicao-do-campeonato-pia-de-futsal-de-lajeado-tem-inscricoes-prorrogadas\/","name":"33\u00aa edi\u00e7\u00e3o do Campeonato Pi\u00e1 de Futsal de Lajeado tem inscri\u00e7\u00f5es prorrogadas - Folha Popular","isPartOf":{"@id":"https:\/\/folhapopular.info\/#website"},"primaryImageOfPage":{"@id":"https:\/\/folhapopular.info\/index.php\/2022\/03\/14\/33a-edicao-do-campeonato-pia-de-futsal-de-lajeado-tem-inscricoes-prorrogadas\/#primaryimage"},"image":{"@id":"https:\/\/folhapopular.info\/index.php\/2022\/03\/14\/33a-edicao-do-campeonato-pia-de-futsal-de-lajeado-tem-inscricoes-prorrogadas\/#primaryimage"},"thumbnailUrl":"https:\/\/folhapopular.info\/wp-content\/uploads\/2022\/03\/Campeonato-Pia-2022-e1647281842130.png","datePublished":"2022-03-14T18:17:48+00:00","dateModified":"2022-03-14T18:17:51+00:00","author":{"@id":"https:\/\/folhapopular.info\/#\/schema\/person\/2814e8a0df7643585a9ca38bc6eb9d4b"},"breadcrumb":{"@id":"https:\/\/folhapopular.info\/index.php\/2022\/03\/14\/33a-edicao-do-campeonato-pia-de-futsal-de-lajeado-tem-inscricoes-prorrogadas\/#breadcrumb"},"inLanguage":"pt-BR","potentialAction":[{"@type":"ReadAction","target":["https:\/\/folhapopular.info\/index.php\/2022\/03\/14\/33a-edicao-do-campeonato-pia-de-futsal-de-lajeado-tem-inscricoes-prorrogadas\/"]}]},{"@type":"ImageObject","inLanguage":"pt-BR","@id":"https:\/\/folhapopular.info\/index.php\/2022\/03\/14\/33a-edicao-do-campeonato-pia-de-futsal-de-lajeado-tem-inscricoes-prorrogadas\/#primaryimage","url":"https:\/\/folhapopular.info\/wp-content\/uploads\/2022\/03\/Campeonato-Pia-2022-e1647281842130.png","contentUrl":"https:\/\/folhapopular.info\/wp-content\/uploads\/2022\/03\/Campeonato-Pia-2022-e1647281842130.png","width":800,"height":671,"caption":"Cr\u00e9dito: Divulga\u00e7\u00e3o"},{"@type":"BreadcrumbList","@id":"https:\/\/folhapopular.info\/index.php\/2022\/03\/14\/33a-edicao-do-campeonato-pia-de-futsal-de-lajeado-tem-inscricoes-prorrogadas\/#breadcrumb","itemListElement":[{"@type":"ListItem","position":1,"name":"In\u00edcio","item":"https:\/\/folhapopular.info\/"},{"@type":"ListItem","position":2,"name":"33\u00aa edi\u00e7\u00e3o do Campeonato Pi\u00e1 de Futsal de Lajeado tem inscri\u00e7\u00f5es prorrogadas"}]},{"@type":"WebSite","@id":"https:\/\/folhapopular.info\/#website","url":"https:\/\/folhapopular.info\/","name":"Folha Popular","description":"Onde voc\u00ea tem vez e voz","potentialAction":[{"@type":"SearchAction","target":{"@type":"EntryPoint","urlTemplate":"https:\/\/folhapopular.info\/?s={search_term_string}"},"query-input":{"@type":"PropertyValueSpecification","valueRequired":true,"valueName":"search_term_string"}}],"inLanguage":"pt-BR"},{"@type":"Person","@id":"https:\/\/folhapopular.info\/#\/schema\/person\/2814e8a0df7643585a9ca38bc6eb9d4b","name":"Reda\u00e7\u00e3o Folha Popular","image":{"@type":"ImageObject","inLanguage":"pt-BR","@id":"https:\/\/folhapopular.info\/wp-content\/uploads\/2026\/04\/Folha-1.webp","url":"https:\/\/folhapopular.info\/wp-content\/uploads\/2026\/04\/Folha-1.webp","contentUrl":"https:\/\/folhapopular.info\/wp-content\/uploads\/2026\/04\/Folha-1.webp","caption":"Reda\u00e7\u00e3o Folha Popular"},"url":"https:\/\/folhapopular.info\/index.php\/author\/redacao\/"}]}},"jetpack_featured_media_url":"https:\/\/folhapopular.info\/wp-content\/uploads\/2022\/03\/Campeonato-Pia-2022-e1647281842130.png","jetpack_sharing_enabled":true,"amp_enabled":true,"_links":{"self":[{"href":"https:\/\/folhapopular.info\/index.php\/wp-json\/wp\/v2\/posts\/100406","targetHints":{"allow":["GET"]}}],"collection":[{"href":"https:\/\/folhapopular.info\/index.php\/wp-json\/wp\/v2\/posts"}],"about":[{"href":"https:\/\/folhapopular.info\/index.php\/wp-json\/wp\/v2\/types\/post"}],"author":[{"embeddable":true,"href":"https:\/\/folhapopular.info\/index.php\/wp-json\/wp\/v2\/users\/8"}],"replies":[{"embeddable":true,"href":"https:\/\/folhapopular.info\/index.php\/wp-json\/wp\/v2\/comments?post=100406"}],"version-history":[{"count":0,"href":"https:\/\/folhapopular.info\/index.php\/wp-json\/wp\/v2\/posts\/100406\/revisions"}],"wp:featuredmedia":[{"embeddable":true,"href":"https:\/\/folhapopular.info\/index.php\/wp-json\/wp\/v2\/media\/100407"}],"wp:attachment":[{"href":"https:\/\/folhapopular.info\/index.php\/wp-json\/wp\/v2\/media?parent=100406"}],"wp:term":[{"taxonomy":"category","embeddable":true,"href":"https:\/\/folhapopular.info\/index.php\/wp-json\/wp\/v2\/categories?post=100406"},{"taxonomy":"post_tag","embeddable":true,"href":"https:\/\/folhapopular.info\/index.php\/wp-json\/wp\/v2\/tags?post=100406"}],"curies":[{"name":"wp","href":"https:\/\/api.w.org\/{rel}","templated":true}]}}