{"id":100411,"date":"2022-03-14T15:55:00","date_gmt":"2022-03-14T18:55:00","guid":{"rendered":"https:\/\/folhapopular.info\/?p=100411"},"modified":"2022-03-14T15:38:21","modified_gmt":"2022-03-14T18:38:21","slug":"apex-brasil-vem-ao-rs-debater-exportacoes-de-lacteos-e-lancar-nucleo-de-qualificacao","status":"publish","type":"post","link":"https:\/\/folhapopular.info\/index.php\/2022\/03\/14\/apex-brasil-vem-ao-rs-debater-exportacoes-de-lacteos-e-lancar-nucleo-de-qualificacao\/","title":{"rendered":"Apex Brasil vem ao RS debater exporta\u00e7\u00f5es de l\u00e1cteos e lan\u00e7ar n\u00facleo de qualifica\u00e7\u00e3o"},"content":{"rendered":"\n<p>A Ag\u00eancia Brasileira de Promo\u00e7\u00e3o de Exporta\u00e7\u00f5es e Investimentos (ApexBrasil) desembarca nesta semana no Rio Grande do Sul para uma agenda de promo\u00e7\u00e3o \u00e0s exporta\u00e7\u00f5es de l\u00e1cteos ga\u00fachos. A comitiva chegou ao Estado na manh\u00e3 de hoje (14\/3) e segue nesta tarde para visita a latic\u00ednios. As reuni\u00f5es acontecem at\u00e9 quarta-feira (16\/3) e t\u00eam o apoio do Sindicato da Ind\u00fastria de Latic\u00ednios do RS (Sindilat).<\/p>\n\n\n\n<p>Na ter\u00e7a-feira (15\/3), o primeiro evento ser\u00e1 encontro h\u00edbrido realizado na sede do Sindilat do subcomit\u00ea de L\u00e1cteos da Apex Brasil. A reuni\u00e3o est\u00e1 marcada para come\u00e7ar \u00e0s 14h e contar\u00e1, j\u00e1 no in\u00edcio, com uma explana\u00e7\u00e3o do presidente do Sindilat, Guilherme Portella. Al\u00e9m da ApexBrasil e do Sindilat, participam representantes da Viva L\u00e1cteos, Sindileite SC e Sindileite PR.<br><br>Na quarta-feira (16\/3), ocorrer\u00e1 o lan\u00e7amento do N\u00facleo do Programa de Qualifica\u00e7\u00e3o para Exporta\u00e7\u00e3o (PEIEX), colegiado de est\u00edmulo \u00e0 exporta\u00e7\u00e3o que tamb\u00e9m ser\u00e1 integrado pelo Sindilat. Previsto para come\u00e7ar \u00e0s 10h, o evento ser\u00e1 na modalidade h\u00edbrida (on-line + presencial) no audit\u00f3rio \u00c9rico Ver\u00edssimo da Universidade do Vale do Rio dos Sinos (Unisinos).<\/p>\n\n\n\n<p>O PEIEX \u00e9 um instrumento de apoio \u00e0 exporta\u00e7\u00e3o e capacita empresas para o in\u00edcio da venda de produtos e servi\u00e7os para o exterior. O conv\u00eanio ser\u00e1 uma parceria entre a ApexBrasil e a Universidade. Durante o \u00faltimo conv\u00eanio executado com a Unisinos, a Apex Brasil conseguiu apoiar 200 empresas do setor, que exportaram, juntas, mais de 30 milh\u00f5es de d\u00f3lares. Para esse novo acordo, outras 200 empresas ser\u00e3o treinadas para exportarem seus produtos, sendo que 125 receber\u00e3o atendimento na regi\u00e3o metropolitana de Porto Alegre, 25 em Santa Maria, no centro do Estado e 25 em Pelotas, na regi\u00e3o Sul. Outras 25 empresas do setor l\u00e1cteo da regi\u00e3o Sul do Brasil se juntar\u00e3o a esse novo grupo.<\/p>\n\n\n\n<p>De acordo com o analista de neg\u00f3cios internacionais da ApexBrasil Laudemir M\u00fcller, o lan\u00e7amento do Programa ocorre em uma fase em que o Brasil est\u00e1 fortalecendo a exporta\u00e7\u00e3o de l\u00e1cteos e que, justamente por isso, \u00e9 poss\u00edvel tra\u00e7ar estrat\u00e9gias junto das empresas. &#8220;Estamos nos somando a essas estrat\u00e9gias para apoiar e qualificar empresas. No in\u00edcio, em um geral, os pa\u00edses da Am\u00e9rica do Sul s\u00e3o mais indicados porque est\u00e3o performando melhor. Mas vamos trabalhar cada caso, cada empresa ter\u00e1 o seu foco&#8221;, pondera.<\/p>\n\n\n\n<p>O secret\u00e1rio-executivo do Sindilat, Darlan Palharini, est\u00e1 acompanhando a comitiva. Segundo ele, a semana reunir\u00e1 oportunidades importantes para levar conhecimento sobre as exporta\u00e7\u00f5es e os processos envolvidos para a cadeia produtiva. &#8220;A exporta\u00e7\u00e3o dos produtos \u00e9 a sa\u00edda para retomar o crescimento da produ\u00e7\u00e3o de leite no RS, visto que nos \u00faltimos 5 anos o Estado tem crescido abaixo da m\u00e9dia brasileira e muito menos do que Santa Catarina e Paran\u00e1. Mas para chegar l\u00e1 precisamos de informa\u00e7\u00e3o e prepara\u00e7\u00e3o por parte das empresas, tanto no \u00e2mbito t\u00e9cnico de negocia\u00e7\u00f5es bilaterais quanto em competitividade&#8221;, destaca.<\/p>\n","protected":false},"excerpt":{"rendered":"<p>A Ag\u00eancia Brasileira de Promo\u00e7\u00e3o de Exporta\u00e7\u00f5es e Investimentos (ApexBrasil) desembarca nesta semana no Rio Grande do Sul para uma agenda de promo\u00e7\u00e3o \u00e0s exporta\u00e7\u00f5es de l\u00e1cteos ga\u00fachos. A comitiva chegou ao Estado na manh\u00e3 de hoje (14\/3) e segue nesta tarde para visita a latic\u00ednios. As reuni\u00f5es acontecem at\u00e9 quarta-feira (16\/3) e t\u00eam o [&hellip;]<\/p>\n","protected":false},"author":8,"featured_media":100413,"comment_status":"open","ping_status":"open","sticky":false,"template":"","format":"standard","meta":{"pmpro_default_level":"","_jetpack_memberships_contains_paid_content":false,"footnotes":""},"categories":[2,3],"tags":[2010,5292,8423,1794],"class_list":{"0":"post-100411","1":"post","2":"type-post","3":"status-publish","4":"format-standard","5":"has-post-thumbnail","7":"category-featured","8":"category-geral","9":"tag-exportacoes","10":"tag-geral","11":"tag-nucleo-de-qualificacao","12":"tag-rio-grande-do-sul","13":"pmpro-has-access"},"yoast_head":"<!-- This site is optimized with the Yoast SEO plugin v27.5 - https:\/\/yoast.com\/product\/yoast-seo-wordpress\/ -->\n<title>Apex Brasil vem ao RS debater exporta\u00e7\u00f5es de l\u00e1cteos e lan\u00e7ar n\u00facleo de qualifica\u00e7\u00e3o - Folha Popular<\/title>\n<meta name=\"robots\" content=\"index, follow, max-snippet:-1, max-image-preview:large, max-video-preview:-1\" \/>\n<link rel=\"canonical\" href=\"https:\/\/folhapopular.info\/index.php\/2022\/03\/14\/apex-brasil-vem-ao-rs-debater-exportacoes-de-lacteos-e-lancar-nucleo-de-qualificacao\/\" \/>\n<meta property=\"og:locale\" content=\"pt_BR\" \/>\n<meta property=\"og:type\" content=\"article\" \/>\n<meta property=\"og:title\" content=\"Apex Brasil vem ao RS debater exporta\u00e7\u00f5es de l\u00e1cteos e lan\u00e7ar n\u00facleo de qualifica\u00e7\u00e3o - Folha Popular\" \/>\n<meta property=\"og:description\" content=\"A Ag\u00eancia Brasileira de Promo\u00e7\u00e3o de Exporta\u00e7\u00f5es e Investimentos (ApexBrasil) desembarca nesta semana no Rio Grande do Sul para uma agenda de promo\u00e7\u00e3o \u00e0s exporta\u00e7\u00f5es de l\u00e1cteos ga\u00fachos. A comitiva chegou ao Estado na manh\u00e3 de hoje (14\/3) e segue nesta tarde para visita a latic\u00ednios. As reuni\u00f5es acontecem at\u00e9 quarta-feira (16\/3) e t\u00eam o [&hellip;]\" \/>\n<meta property=\"og:url\" content=\"https:\/\/folhapopular.info\/index.php\/2022\/03\/14\/apex-brasil-vem-ao-rs-debater-exportacoes-de-lacteos-e-lancar-nucleo-de-qualificacao\/\" \/>\n<meta property=\"og:site_name\" content=\"Folha Popular\" \/>\n<meta property=\"article:published_time\" content=\"2022-03-14T18:55:00+00:00\" \/>\n<meta property=\"og:image\" content=\"https:\/\/folhapopular.info\/wp-content\/uploads\/2022\/03\/DSC09619-2SITE-e1647282977123.jpg\" \/>\n\t<meta property=\"og:image:width\" content=\"800\" \/>\n\t<meta property=\"og:image:height\" content=\"600\" \/>\n\t<meta property=\"og:image:type\" content=\"image\/jpeg\" \/>\n<meta name=\"author\" content=\"Reda\u00e7\u00e3o Folha Popular\" \/>\n<meta name=\"twitter:card\" content=\"summary_large_image\" \/>\n<meta name=\"twitter:label1\" content=\"Escrito por\" \/>\n\t<meta name=\"twitter:data1\" content=\"Reda\u00e7\u00e3o Folha Popular\" \/>\n\t<meta name=\"twitter:label2\" content=\"Est. tempo de leitura\" \/>\n\t<meta name=\"twitter:data2\" content=\"3 minutos\" \/>\n<script type=\"application\/ld+json\" class=\"yoast-schema-graph\">{\"@context\":\"https:\\\/\\\/schema.org\",\"@graph\":[{\"@type\":\"Article\",\"@id\":\"https:\\\/\\\/folhapopular.info\\\/index.php\\\/2022\\\/03\\\/14\\\/apex-brasil-vem-ao-rs-debater-exportacoes-de-lacteos-e-lancar-nucleo-de-qualificacao\\\/#article\",\"isPartOf\":{\"@id\":\"https:\\\/\\\/folhapopular.info\\\/index.php\\\/2022\\\/03\\\/14\\\/apex-brasil-vem-ao-rs-debater-exportacoes-de-lacteos-e-lancar-nucleo-de-qualificacao\\\/\"},\"author\":{\"name\":\"Reda\u00e7\u00e3o Folha Popular\",\"@id\":\"https:\\\/\\\/folhapopular.info\\\/#\\\/schema\\\/person\\\/2814e8a0df7643585a9ca38bc6eb9d4b\"},\"headline\":\"Apex Brasil vem ao RS debater exporta\u00e7\u00f5es de l\u00e1cteos e lan\u00e7ar n\u00facleo de qualifica\u00e7\u00e3o\",\"datePublished\":\"2022-03-14T18:55:00+00:00\",\"mainEntityOfPage\":{\"@id\":\"https:\\\/\\\/folhapopular.info\\\/index.php\\\/2022\\\/03\\\/14\\\/apex-brasil-vem-ao-rs-debater-exportacoes-de-lacteos-e-lancar-nucleo-de-qualificacao\\\/\"},\"wordCount\":543,\"commentCount\":0,\"image\":{\"@id\":\"https:\\\/\\\/folhapopular.info\\\/index.php\\\/2022\\\/03\\\/14\\\/apex-brasil-vem-ao-rs-debater-exportacoes-de-lacteos-e-lancar-nucleo-de-qualificacao\\\/#primaryimage\"},\"thumbnailUrl\":\"https:\\\/\\\/folhapopular.info\\\/wp-content\\\/uploads\\\/2022\\\/03\\\/DSC09619-2SITE-e1647282977123.jpg\",\"keywords\":[\"Exporta\u00e7\u00f5es\",\"Geral\",\"N\u00facleo de Qualifica\u00e7\u00e3o\",\"Rio Grande do Sul\"],\"articleSection\":[\"Destaques\",\"Geral\"],\"inLanguage\":\"pt-BR\",\"potentialAction\":[{\"@type\":\"CommentAction\",\"name\":\"Comment\",\"target\":[\"https:\\\/\\\/folhapopular.info\\\/index.php\\\/2022\\\/03\\\/14\\\/apex-brasil-vem-ao-rs-debater-exportacoes-de-lacteos-e-lancar-nucleo-de-qualificacao\\\/#respond\"]}]},{\"@type\":\"WebPage\",\"@id\":\"https:\\\/\\\/folhapopular.info\\\/index.php\\\/2022\\\/03\\\/14\\\/apex-brasil-vem-ao-rs-debater-exportacoes-de-lacteos-e-lancar-nucleo-de-qualificacao\\\/\",\"url\":\"https:\\\/\\\/folhapopular.info\\\/index.php\\\/2022\\\/03\\\/14\\\/apex-brasil-vem-ao-rs-debater-exportacoes-de-lacteos-e-lancar-nucleo-de-qualificacao\\\/\",\"name\":\"Apex Brasil vem ao RS debater exporta\u00e7\u00f5es de l\u00e1cteos e lan\u00e7ar n\u00facleo de qualifica\u00e7\u00e3o - Folha Popular\",\"isPartOf\":{\"@id\":\"https:\\\/\\\/folhapopular.info\\\/#website\"},\"primaryImageOfPage\":{\"@id\":\"https:\\\/\\\/folhapopular.info\\\/index.php\\\/2022\\\/03\\\/14\\\/apex-brasil-vem-ao-rs-debater-exportacoes-de-lacteos-e-lancar-nucleo-de-qualificacao\\\/#primaryimage\"},\"image\":{\"@id\":\"https:\\\/\\\/folhapopular.info\\\/index.php\\\/2022\\\/03\\\/14\\\/apex-brasil-vem-ao-rs-debater-exportacoes-de-lacteos-e-lancar-nucleo-de-qualificacao\\\/#primaryimage\"},\"thumbnailUrl\":\"https:\\\/\\\/folhapopular.info\\\/wp-content\\\/uploads\\\/2022\\\/03\\\/DSC09619-2SITE-e1647282977123.jpg\",\"datePublished\":\"2022-03-14T18:55:00+00:00\",\"author\":{\"@id\":\"https:\\\/\\\/folhapopular.info\\\/#\\\/schema\\\/person\\\/2814e8a0df7643585a9ca38bc6eb9d4b\"},\"breadcrumb\":{\"@id\":\"https:\\\/\\\/folhapopular.info\\\/index.php\\\/2022\\\/03\\\/14\\\/apex-brasil-vem-ao-rs-debater-exportacoes-de-lacteos-e-lancar-nucleo-de-qualificacao\\\/#breadcrumb\"},\"inLanguage\":\"pt-BR\",\"potentialAction\":[{\"@type\":\"ReadAction\",\"target\":[\"https:\\\/\\\/folhapopular.info\\\/index.php\\\/2022\\\/03\\\/14\\\/apex-brasil-vem-ao-rs-debater-exportacoes-de-lacteos-e-lancar-nucleo-de-qualificacao\\\/\"]}]},{\"@type\":\"ImageObject\",\"inLanguage\":\"pt-BR\",\"@id\":\"https:\\\/\\\/folhapopular.info\\\/index.php\\\/2022\\\/03\\\/14\\\/apex-brasil-vem-ao-rs-debater-exportacoes-de-lacteos-e-lancar-nucleo-de-qualificacao\\\/#primaryimage\",\"url\":\"https:\\\/\\\/folhapopular.info\\\/wp-content\\\/uploads\\\/2022\\\/03\\\/DSC09619-2SITE-e1647282977123.jpg\",\"contentUrl\":\"https:\\\/\\\/folhapopular.info\\\/wp-content\\\/uploads\\\/2022\\\/03\\\/DSC09619-2SITE-e1647282977123.jpg\",\"width\":800,\"height\":600,\"caption\":\"Cr\u00e9dito: Carolina Jardine\"},{\"@type\":\"BreadcrumbList\",\"@id\":\"https:\\\/\\\/folhapopular.info\\\/index.php\\\/2022\\\/03\\\/14\\\/apex-brasil-vem-ao-rs-debater-exportacoes-de-lacteos-e-lancar-nucleo-de-qualificacao\\\/#breadcrumb\",\"itemListElement\":[{\"@type\":\"ListItem\",\"position\":1,\"name\":\"In\u00edcio\",\"item\":\"https:\\\/\\\/folhapopular.info\\\/\"},{\"@type\":\"ListItem\",\"position\":2,\"name\":\"Apex Brasil vem ao RS debater exporta\u00e7\u00f5es de l\u00e1cteos e lan\u00e7ar n\u00facleo de qualifica\u00e7\u00e3o\"}]},{\"@type\":\"WebSite\",\"@id\":\"https:\\\/\\\/folhapopular.info\\\/#website\",\"url\":\"https:\\\/\\\/folhapopular.info\\\/\",\"name\":\"Folha Popular\",\"description\":\"Onde voc\u00ea tem vez e voz\",\"potentialAction\":[{\"@type\":\"SearchAction\",\"target\":{\"@type\":\"EntryPoint\",\"urlTemplate\":\"https:\\\/\\\/folhapopular.info\\\/?s={search_term_string}\"},\"query-input\":{\"@type\":\"PropertyValueSpecification\",\"valueRequired\":true,\"valueName\":\"search_term_string\"}}],\"inLanguage\":\"pt-BR\"},{\"@type\":\"Person\",\"@id\":\"https:\\\/\\\/folhapopular.info\\\/#\\\/schema\\\/person\\\/2814e8a0df7643585a9ca38bc6eb9d4b\",\"name\":\"Reda\u00e7\u00e3o Folha Popular\",\"image\":{\"@type\":\"ImageObject\",\"inLanguage\":\"pt-BR\",\"@id\":\"https:\\\/\\\/folhapopular.info\\\/wp-content\\\/uploads\\\/2026\\\/04\\\/Folha-1.webp\",\"url\":\"https:\\\/\\\/folhapopular.info\\\/wp-content\\\/uploads\\\/2026\\\/04\\\/Folha-1.webp\",\"contentUrl\":\"https:\\\/\\\/folhapopular.info\\\/wp-content\\\/uploads\\\/2026\\\/04\\\/Folha-1.webp\",\"caption\":\"Reda\u00e7\u00e3o Folha Popular\"},\"url\":\"https:\\\/\\\/folhapopular.info\\\/index.php\\\/author\\\/redacao\\\/\"}]}<\/script>\n<!-- \/ Yoast SEO plugin. -->","yoast_head_json":{"title":"Apex Brasil vem ao RS debater exporta\u00e7\u00f5es de l\u00e1cteos e lan\u00e7ar n\u00facleo de qualifica\u00e7\u00e3o - Folha Popular","robots":{"index":"index","follow":"follow","max-snippet":"max-snippet:-1","max-image-preview":"max-image-preview:large","max-video-preview":"max-video-preview:-1"},"canonical":"https:\/\/folhapopular.info\/index.php\/2022\/03\/14\/apex-brasil-vem-ao-rs-debater-exportacoes-de-lacteos-e-lancar-nucleo-de-qualificacao\/","og_locale":"pt_BR","og_type":"article","og_title":"Apex Brasil vem ao RS debater exporta\u00e7\u00f5es de l\u00e1cteos e lan\u00e7ar n\u00facleo de qualifica\u00e7\u00e3o - Folha Popular","og_description":"A Ag\u00eancia Brasileira de Promo\u00e7\u00e3o de Exporta\u00e7\u00f5es e Investimentos (ApexBrasil) desembarca nesta semana no Rio Grande do Sul para uma agenda de promo\u00e7\u00e3o \u00e0s exporta\u00e7\u00f5es de l\u00e1cteos ga\u00fachos. A comitiva chegou ao Estado na manh\u00e3 de hoje (14\/3) e segue nesta tarde para visita a latic\u00ednios. As reuni\u00f5es acontecem at\u00e9 quarta-feira (16\/3) e t\u00eam o [&hellip;]","og_url":"https:\/\/folhapopular.info\/index.php\/2022\/03\/14\/apex-brasil-vem-ao-rs-debater-exportacoes-de-lacteos-e-lancar-nucleo-de-qualificacao\/","og_site_name":"Folha Popular","article_published_time":"2022-03-14T18:55:00+00:00","og_image":[{"width":800,"height":600,"url":"https:\/\/folhapopular.info\/wp-content\/uploads\/2022\/03\/DSC09619-2SITE-e1647282977123.jpg","type":"image\/jpeg"}],"author":"Reda\u00e7\u00e3o Folha Popular","twitter_card":"summary_large_image","twitter_misc":{"Escrito por":"Reda\u00e7\u00e3o Folha Popular","Est. tempo de leitura":"3 minutos"},"schema":{"@context":"https:\/\/schema.org","@graph":[{"@type":"Article","@id":"https:\/\/folhapopular.info\/index.php\/2022\/03\/14\/apex-brasil-vem-ao-rs-debater-exportacoes-de-lacteos-e-lancar-nucleo-de-qualificacao\/#article","isPartOf":{"@id":"https:\/\/folhapopular.info\/index.php\/2022\/03\/14\/apex-brasil-vem-ao-rs-debater-exportacoes-de-lacteos-e-lancar-nucleo-de-qualificacao\/"},"author":{"name":"Reda\u00e7\u00e3o Folha Popular","@id":"https:\/\/folhapopular.info\/#\/schema\/person\/2814e8a0df7643585a9ca38bc6eb9d4b"},"headline":"Apex Brasil vem ao RS debater exporta\u00e7\u00f5es de l\u00e1cteos e lan\u00e7ar n\u00facleo de qualifica\u00e7\u00e3o","datePublished":"2022-03-14T18:55:00+00:00","mainEntityOfPage":{"@id":"https:\/\/folhapopular.info\/index.php\/2022\/03\/14\/apex-brasil-vem-ao-rs-debater-exportacoes-de-lacteos-e-lancar-nucleo-de-qualificacao\/"},"wordCount":543,"commentCount":0,"image":{"@id":"https:\/\/folhapopular.info\/index.php\/2022\/03\/14\/apex-brasil-vem-ao-rs-debater-exportacoes-de-lacteos-e-lancar-nucleo-de-qualificacao\/#primaryimage"},"thumbnailUrl":"https:\/\/folhapopular.info\/wp-content\/uploads\/2022\/03\/DSC09619-2SITE-e1647282977123.jpg","keywords":["Exporta\u00e7\u00f5es","Geral","N\u00facleo de Qualifica\u00e7\u00e3o","Rio Grande do Sul"],"articleSection":["Destaques","Geral"],"inLanguage":"pt-BR","potentialAction":[{"@type":"CommentAction","name":"Comment","target":["https:\/\/folhapopular.info\/index.php\/2022\/03\/14\/apex-brasil-vem-ao-rs-debater-exportacoes-de-lacteos-e-lancar-nucleo-de-qualificacao\/#respond"]}]},{"@type":"WebPage","@id":"https:\/\/folhapopular.info\/index.php\/2022\/03\/14\/apex-brasil-vem-ao-rs-debater-exportacoes-de-lacteos-e-lancar-nucleo-de-qualificacao\/","url":"https:\/\/folhapopular.info\/index.php\/2022\/03\/14\/apex-brasil-vem-ao-rs-debater-exportacoes-de-lacteos-e-lancar-nucleo-de-qualificacao\/","name":"Apex Brasil vem ao RS debater exporta\u00e7\u00f5es de l\u00e1cteos e lan\u00e7ar n\u00facleo de qualifica\u00e7\u00e3o - Folha Popular","isPartOf":{"@id":"https:\/\/folhapopular.info\/#website"},"primaryImageOfPage":{"@id":"https:\/\/folhapopular.info\/index.php\/2022\/03\/14\/apex-brasil-vem-ao-rs-debater-exportacoes-de-lacteos-e-lancar-nucleo-de-qualificacao\/#primaryimage"},"image":{"@id":"https:\/\/folhapopular.info\/index.php\/2022\/03\/14\/apex-brasil-vem-ao-rs-debater-exportacoes-de-lacteos-e-lancar-nucleo-de-qualificacao\/#primaryimage"},"thumbnailUrl":"https:\/\/folhapopular.info\/wp-content\/uploads\/2022\/03\/DSC09619-2SITE-e1647282977123.jpg","datePublished":"2022-03-14T18:55:00+00:00","author":{"@id":"https:\/\/folhapopular.info\/#\/schema\/person\/2814e8a0df7643585a9ca38bc6eb9d4b"},"breadcrumb":{"@id":"https:\/\/folhapopular.info\/index.php\/2022\/03\/14\/apex-brasil-vem-ao-rs-debater-exportacoes-de-lacteos-e-lancar-nucleo-de-qualificacao\/#breadcrumb"},"inLanguage":"pt-BR","potentialAction":[{"@type":"ReadAction","target":["https:\/\/folhapopular.info\/index.php\/2022\/03\/14\/apex-brasil-vem-ao-rs-debater-exportacoes-de-lacteos-e-lancar-nucleo-de-qualificacao\/"]}]},{"@type":"ImageObject","inLanguage":"pt-BR","@id":"https:\/\/folhapopular.info\/index.php\/2022\/03\/14\/apex-brasil-vem-ao-rs-debater-exportacoes-de-lacteos-e-lancar-nucleo-de-qualificacao\/#primaryimage","url":"https:\/\/folhapopular.info\/wp-content\/uploads\/2022\/03\/DSC09619-2SITE-e1647282977123.jpg","contentUrl":"https:\/\/folhapopular.info\/wp-content\/uploads\/2022\/03\/DSC09619-2SITE-e1647282977123.jpg","width":800,"height":600,"caption":"Cr\u00e9dito: Carolina Jardine"},{"@type":"BreadcrumbList","@id":"https:\/\/folhapopular.info\/index.php\/2022\/03\/14\/apex-brasil-vem-ao-rs-debater-exportacoes-de-lacteos-e-lancar-nucleo-de-qualificacao\/#breadcrumb","itemListElement":[{"@type":"ListItem","position":1,"name":"In\u00edcio","item":"https:\/\/folhapopular.info\/"},{"@type":"ListItem","position":2,"name":"Apex Brasil vem ao RS debater exporta\u00e7\u00f5es de l\u00e1cteos e lan\u00e7ar n\u00facleo de qualifica\u00e7\u00e3o"}]},{"@type":"WebSite","@id":"https:\/\/folhapopular.info\/#website","url":"https:\/\/folhapopular.info\/","name":"Folha Popular","description":"Onde voc\u00ea tem vez e voz","potentialAction":[{"@type":"SearchAction","target":{"@type":"EntryPoint","urlTemplate":"https:\/\/folhapopular.info\/?s={search_term_string}"},"query-input":{"@type":"PropertyValueSpecification","valueRequired":true,"valueName":"search_term_string"}}],"inLanguage":"pt-BR"},{"@type":"Person","@id":"https:\/\/folhapopular.info\/#\/schema\/person\/2814e8a0df7643585a9ca38bc6eb9d4b","name":"Reda\u00e7\u00e3o Folha Popular","image":{"@type":"ImageObject","inLanguage":"pt-BR","@id":"https:\/\/folhapopular.info\/wp-content\/uploads\/2026\/04\/Folha-1.webp","url":"https:\/\/folhapopular.info\/wp-content\/uploads\/2026\/04\/Folha-1.webp","contentUrl":"https:\/\/folhapopular.info\/wp-content\/uploads\/2026\/04\/Folha-1.webp","caption":"Reda\u00e7\u00e3o Folha Popular"},"url":"https:\/\/folhapopular.info\/index.php\/author\/redacao\/"}]}},"jetpack_featured_media_url":"https:\/\/folhapopular.info\/wp-content\/uploads\/2022\/03\/DSC09619-2SITE-e1647282977123.jpg","jetpack_sharing_enabled":true,"amp_enabled":true,"_links":{"self":[{"href":"https:\/\/folhapopular.info\/index.php\/wp-json\/wp\/v2\/posts\/100411","targetHints":{"allow":["GET"]}}],"collection":[{"href":"https:\/\/folhapopular.info\/index.php\/wp-json\/wp\/v2\/posts"}],"about":[{"href":"https:\/\/folhapopular.info\/index.php\/wp-json\/wp\/v2\/types\/post"}],"author":[{"embeddable":true,"href":"https:\/\/folhapopular.info\/index.php\/wp-json\/wp\/v2\/users\/8"}],"replies":[{"embeddable":true,"href":"https:\/\/folhapopular.info\/index.php\/wp-json\/wp\/v2\/comments?post=100411"}],"version-history":[{"count":0,"href":"https:\/\/folhapopular.info\/index.php\/wp-json\/wp\/v2\/posts\/100411\/revisions"}],"wp:featuredmedia":[{"embeddable":true,"href":"https:\/\/folhapopular.info\/index.php\/wp-json\/wp\/v2\/media\/100413"}],"wp:attachment":[{"href":"https:\/\/folhapopular.info\/index.php\/wp-json\/wp\/v2\/media?parent=100411"}],"wp:term":[{"taxonomy":"category","embeddable":true,"href":"https:\/\/folhapopular.info\/index.php\/wp-json\/wp\/v2\/categories?post=100411"},{"taxonomy":"post_tag","embeddable":true,"href":"https:\/\/folhapopular.info\/index.php\/wp-json\/wp\/v2\/tags?post=100411"}],"curies":[{"name":"wp","href":"https:\/\/api.w.org\/{rel}","templated":true}]}}