{"id":100537,"date":"2022-03-16T11:46:33","date_gmt":"2022-03-16T14:46:33","guid":{"rendered":"https:\/\/folhapopular.info\/?p=100537"},"modified":"2022-03-16T16:12:52","modified_gmt":"2022-03-16T19:12:52","slug":"colinas-fest-abre-amanha","status":"publish","type":"post","link":"https:\/\/folhapopular.info\/index.php\/2022\/03\/16\/colinas-fest-abre-amanha\/","title":{"rendered":"ColinasFest abre amanh\u00e3"},"content":{"rendered":"\n<p>Esperando receber mais de 15 mil pessoas, a terceira edi\u00e7\u00e3o da Colinasfest come\u00e7a amanh\u00e3 (17\/3). O evento, que se estende at\u00e9 domingo (20\/3), ter\u00e1 programa\u00e7\u00e3o ecl\u00e9tica e marca a celebra\u00e7\u00e3o dos 30 anos de emancipa\u00e7\u00e3o pol\u00edtica de Colinas. A festividade ocorre junto ao parque que abriga o Gin\u00e1sio Municipal e o Centro Comunit\u00e1rio Evang\u00e9lico. Os port\u00f5es para visita\u00e7\u00e3o abrem \u00e0s 18h, com solenidade de abertura prevista para as 19h.<br>A 3\u00aa Colinasfest traz como novidade a Feira de Artesanato de P\u00e1scoa, o Palco Multicultural e um Baile do Chopp com oito horas de dura\u00e7\u00e3o, al\u00e9m da amplia\u00e7\u00e3o do espa\u00e7o f\u00edsico da feira comercial e da pra\u00e7a de alimenta\u00e7\u00e3o.<\/p>\n\n\n\n<p>Sua estrutura ter\u00e1 pra\u00e7a de alimenta\u00e7\u00e3o, parque de brinquedos, ala de expositores, pavilh\u00e3o especifico para artesanato e ind\u00fastrias e dois palcos (alternativo e principal). Entre as atra\u00e7\u00f5es est\u00e1 o Espet\u00e1culo \u201cOrigens\u201d \u2013 Mem\u00f3rias do povo colinense e shows com Guri de Uruguaiana, C\u00e1ssio Santos, bandas K\u2019necus e Champion, Os Serranos e Rog\u00e9rio Magr\u00e3o &amp; Banda.<br>C\u00e9sar Luiz Buth, presidente da feira, prospecta um evento para \u201cficar na hist\u00f3ria de Colinas\u201d, especialmente pelo advento pascoal e o trinten\u00e1rio do munic\u00edpio. \u201c\u00c9 importante ter o advento da P\u00e1scoa na feira, pois \u00e9 algo simb\u00f3lico para nossa Colinas, somos a cidade mais doce do vale. Ainda, nossa hist\u00f3ria ser\u00e1 valorizada no espet\u00e1culo \u2018Origens\u2019\u201d, projeta.<\/p>\n\n\n\n<p>Os dois primeiros dias ter\u00e3o ingresso livre, enquanto ser\u00e1 cobrado R$ 10 durante s\u00e1bado (19\/3) e domingo (20\/3).<\/p>\n\n\n\n<p><strong>PROGRAMA\u00c7\u00c3O COLINASFEST<br>Quinta-feira, 17\/3 (Ingresso livre)<br><\/strong>18h: Abertura da visita\u00e7\u00e3o \u00e0 Feira<br>19h: Abertura oficial \u2013 Solenidade<br>20h: Coral Municipal e Coral Infanto Juvenil \/ Orquestra Municipal de Colinas \/ Espet\u00e1culo \u201cOrigens\u201d \u2013 Mem\u00f3rias do povo colinense<br>21h30min: Sexteto Tempero Brasil<br>22h: Fechamento da visita\u00e7\u00e3o da Feira<br>23h: Fechamento do Parque<\/p>\n\n\n\n<p><strong>Sexta-feira, 18\/3 (Ingresso livre at\u00e9 as 16h)<br><\/strong>10h: Abertura da visita\u00e7\u00e3o \u00e0 Feira<\/p>\n\n\n\n<p><strong>Palco Alternativo<br><\/strong>18h30: Banda Apple<br>20h30: Fernandinho Trio<\/p>\n\n\n\n<p><strong>Palco Principal<br><\/strong>13h30: Baile da Melhor Idade com Musical Os Signos<br>21h: Guri de Uruguaiana<br>23h: Banda Rosa\u2019s<br>22h: Fechamento da visita\u00e7\u00e3o da Feira<br>01h: Fechamento do Parque<\/p>\n\n\n\n<p><strong>S\u00e1bado, 19\/3 (Ingresso R$ 10)<br><\/strong>10h: Abertura da visita\u00e7\u00e3o \u00e0 Feira<\/p>\n\n\n\n<p><strong>Palco Alternativo<br><\/strong>11h: Grupos de Dan\u00e7a Diversos<br>15h: Banda Alpha Rock<br>16h45min: Fernandinho Trio<br>18h15min: Xepa e Banda<br>20h20min: C\u00e1ssio Santos (Sertanejo Universit\u00e1rio)<br>23h: Fechamento da Feira<\/p>\n\n\n\n<p><strong>Palco Principal<br><\/strong>20h30: Banda K\u2019necus<br>23h: Baida Champion<br>22h: Fechamento da visita\u00e7\u00e3o \u00e0 Feira<br>3h30: Fechamento do Parque<\/p>\n\n\n\n<p><strong>Domingo, 20\/3 (Ingresso R$ 10)<br><\/strong>9h: Abertura da visita\u00e7\u00e3o \u00e0 Feira<\/p>\n\n\n\n<p><strong>Palco Alternativo<br><\/strong>11h: Grupos de Dan\u00e7a Diversos<br>13h30min: Musical Star 3<\/p>\n\n\n\n<p>15h30: Jefferson Machado<br>17h30: Jardel Amorim &amp; Banda<br>18h: Fechamento da visita\u00e7\u00e3o \u00e0 Feira<\/p>\n\n\n\n<p><strong>Palco Principal<br><\/strong>14h30: Os Serranos<br>17h: Rog\u00e9rio Magr\u00e3o e Banda<br>20h30: Fechamento do Parque<\/p>\n","protected":false},"excerpt":{"rendered":"<p>Esperando receber mais de 15 mil pessoas, a terceira edi\u00e7\u00e3o da Colinasfest come\u00e7a amanh\u00e3 (17\/3). O evento, que se estende at\u00e9 domingo (20\/3), ter\u00e1 programa\u00e7\u00e3o ecl\u00e9tica e marca a celebra\u00e7\u00e3o dos 30 anos de emancipa\u00e7\u00e3o pol\u00edtica de Colinas. A festividade ocorre junto ao parque que abriga o Gin\u00e1sio Municipal e o Centro Comunit\u00e1rio Evang\u00e9lico. Os [&hellip;]<\/p>\n","protected":false},"author":625,"featured_media":100538,"comment_status":"open","ping_status":"open","sticky":false,"template":"","format":"standard","meta":{"pmpro_default_level":"","_jetpack_memberships_contains_paid_content":false,"footnotes":""},"categories":[2,6],"tags":[8444,8442,4384,8443,1507],"class_list":{"0":"post-100537","1":"post","2":"type-post","3":"status-publish","4":"format-standard","5":"has-post-thumbnail","7":"category-featured","8":"category-inclusive","9":"tag-30-anos-de-colinas","10":"tag-amanha","11":"tag-colinasfest","12":"tag-inicio","13":"tag-programacao","14":"pmpro-has-access"},"yoast_head":"<!-- This site is optimized with the Yoast SEO plugin v27.5 - https:\/\/yoast.com\/product\/yoast-seo-wordpress\/ -->\n<title>ColinasFest abre amanh\u00e3 - Folha Popular<\/title>\n<meta name=\"robots\" content=\"index, follow, max-snippet:-1, max-image-preview:large, max-video-preview:-1\" \/>\n<link rel=\"canonical\" href=\"https:\/\/folhapopular.info\/index.php\/2022\/03\/16\/colinas-fest-abre-amanha\/\" \/>\n<meta property=\"og:locale\" content=\"pt_BR\" \/>\n<meta property=\"og:type\" content=\"article\" \/>\n<meta property=\"og:title\" content=\"ColinasFest abre amanh\u00e3 - Folha Popular\" \/>\n<meta property=\"og:description\" content=\"Esperando receber mais de 15 mil pessoas, a terceira edi\u00e7\u00e3o da Colinasfest come\u00e7a amanh\u00e3 (17\/3). O evento, que se estende at\u00e9 domingo (20\/3), ter\u00e1 programa\u00e7\u00e3o ecl\u00e9tica e marca a celebra\u00e7\u00e3o dos 30 anos de emancipa\u00e7\u00e3o pol\u00edtica de Colinas. A festividade ocorre junto ao parque que abriga o Gin\u00e1sio Municipal e o Centro Comunit\u00e1rio Evang\u00e9lico. Os [&hellip;]\" \/>\n<meta property=\"og:url\" content=\"https:\/\/folhapopular.info\/index.php\/2022\/03\/16\/colinas-fest-abre-amanha\/\" \/>\n<meta property=\"og:site_name\" content=\"Folha Popular\" \/>\n<meta property=\"article:published_time\" content=\"2022-03-16T14:46:33+00:00\" \/>\n<meta property=\"article:modified_time\" content=\"2022-03-16T19:12:52+00:00\" \/>\n<meta property=\"og:image\" content=\"http:\/\/folhapopular.info\/wp-content\/uploads\/2022\/03\/Colinasfest_Cred_Fabricio_Fiel-scaled-e1647441924195.jpg\" \/>\n\t<meta property=\"og:image:width\" content=\"800\" \/>\n\t<meta property=\"og:image:height\" content=\"450\" \/>\n\t<meta property=\"og:image:type\" content=\"image\/jpeg\" \/>\n<meta name=\"author\" content=\"Ed Moreira\" \/>\n<meta name=\"twitter:card\" content=\"summary_large_image\" \/>\n<meta name=\"twitter:label1\" content=\"Escrito por\" \/>\n\t<meta name=\"twitter:data1\" content=\"Ed Moreira\" \/>\n\t<meta name=\"twitter:label2\" content=\"Est. tempo de leitura\" \/>\n\t<meta name=\"twitter:data2\" content=\"3 minutos\" \/>\n<script type=\"application\/ld+json\" class=\"yoast-schema-graph\">{\"@context\":\"https:\\\/\\\/schema.org\",\"@graph\":[{\"@type\":\"Article\",\"@id\":\"https:\\\/\\\/folhapopular.info\\\/index.php\\\/2022\\\/03\\\/16\\\/colinas-fest-abre-amanha\\\/#article\",\"isPartOf\":{\"@id\":\"https:\\\/\\\/folhapopular.info\\\/index.php\\\/2022\\\/03\\\/16\\\/colinas-fest-abre-amanha\\\/\"},\"author\":{\"name\":\"Ed Moreira\",\"@id\":\"https:\\\/\\\/folhapopular.info\\\/#\\\/schema\\\/person\\\/e271c6e0b26128fa94cfaf17cc9e063e\"},\"headline\":\"ColinasFest abre amanh\u00e3\",\"datePublished\":\"2022-03-16T14:46:33+00:00\",\"dateModified\":\"2022-03-16T19:12:52+00:00\",\"mainEntityOfPage\":{\"@id\":\"https:\\\/\\\/folhapopular.info\\\/index.php\\\/2022\\\/03\\\/16\\\/colinas-fest-abre-amanha\\\/\"},\"wordCount\":483,\"commentCount\":0,\"image\":{\"@id\":\"https:\\\/\\\/folhapopular.info\\\/index.php\\\/2022\\\/03\\\/16\\\/colinas-fest-abre-amanha\\\/#primaryimage\"},\"thumbnailUrl\":\"https:\\\/\\\/folhapopular.info\\\/wp-content\\\/uploads\\\/2022\\\/03\\\/Colinasfest_Cred_Fabricio_Fiel-scaled-e1647441924195.jpg\",\"keywords\":[\"30 anos de Colinas\",\"Amanh\u00e3\",\"Colinasfest\",\"In\u00edcio\",\"Programa\u00e7\u00e3o\"],\"articleSection\":[\"Destaques\",\"Inclusive\"],\"inLanguage\":\"pt-BR\",\"potentialAction\":[{\"@type\":\"CommentAction\",\"name\":\"Comment\",\"target\":[\"https:\\\/\\\/folhapopular.info\\\/index.php\\\/2022\\\/03\\\/16\\\/colinas-fest-abre-amanha\\\/#respond\"]}]},{\"@type\":\"WebPage\",\"@id\":\"https:\\\/\\\/folhapopular.info\\\/index.php\\\/2022\\\/03\\\/16\\\/colinas-fest-abre-amanha\\\/\",\"url\":\"https:\\\/\\\/folhapopular.info\\\/index.php\\\/2022\\\/03\\\/16\\\/colinas-fest-abre-amanha\\\/\",\"name\":\"ColinasFest abre amanh\u00e3 - Folha Popular\",\"isPartOf\":{\"@id\":\"https:\\\/\\\/folhapopular.info\\\/#website\"},\"primaryImageOfPage\":{\"@id\":\"https:\\\/\\\/folhapopular.info\\\/index.php\\\/2022\\\/03\\\/16\\\/colinas-fest-abre-amanha\\\/#primaryimage\"},\"image\":{\"@id\":\"https:\\\/\\\/folhapopular.info\\\/index.php\\\/2022\\\/03\\\/16\\\/colinas-fest-abre-amanha\\\/#primaryimage\"},\"thumbnailUrl\":\"https:\\\/\\\/folhapopular.info\\\/wp-content\\\/uploads\\\/2022\\\/03\\\/Colinasfest_Cred_Fabricio_Fiel-scaled-e1647441924195.jpg\",\"datePublished\":\"2022-03-16T14:46:33+00:00\",\"dateModified\":\"2022-03-16T19:12:52+00:00\",\"author\":{\"@id\":\"https:\\\/\\\/folhapopular.info\\\/#\\\/schema\\\/person\\\/e271c6e0b26128fa94cfaf17cc9e063e\"},\"breadcrumb\":{\"@id\":\"https:\\\/\\\/folhapopular.info\\\/index.php\\\/2022\\\/03\\\/16\\\/colinas-fest-abre-amanha\\\/#breadcrumb\"},\"inLanguage\":\"pt-BR\",\"potentialAction\":[{\"@type\":\"ReadAction\",\"target\":[\"https:\\\/\\\/folhapopular.info\\\/index.php\\\/2022\\\/03\\\/16\\\/colinas-fest-abre-amanha\\\/\"]}]},{\"@type\":\"ImageObject\",\"inLanguage\":\"pt-BR\",\"@id\":\"https:\\\/\\\/folhapopular.info\\\/index.php\\\/2022\\\/03\\\/16\\\/colinas-fest-abre-amanha\\\/#primaryimage\",\"url\":\"https:\\\/\\\/folhapopular.info\\\/wp-content\\\/uploads\\\/2022\\\/03\\\/Colinasfest_Cred_Fabricio_Fiel-scaled-e1647441924195.jpg\",\"contentUrl\":\"https:\\\/\\\/folhapopular.info\\\/wp-content\\\/uploads\\\/2022\\\/03\\\/Colinasfest_Cred_Fabricio_Fiel-scaled-e1647441924195.jpg\",\"width\":800,\"height\":450,\"caption\":\"Estrutura est\u00e1 sendo montada junto ao parque que abriga o Gin\u00e1sio Municipal e o Centro Comunit\u00e1rio Evang\u00e9lico \\\/ Cr\u00e9dito: Fabr\u00edcio Fiel \\\/ Arquivo \\\/ Divulga\u00e7\u00e3o\"},{\"@type\":\"BreadcrumbList\",\"@id\":\"https:\\\/\\\/folhapopular.info\\\/index.php\\\/2022\\\/03\\\/16\\\/colinas-fest-abre-amanha\\\/#breadcrumb\",\"itemListElement\":[{\"@type\":\"ListItem\",\"position\":1,\"name\":\"In\u00edcio\",\"item\":\"https:\\\/\\\/folhapopular.info\\\/\"},{\"@type\":\"ListItem\",\"position\":2,\"name\":\"ColinasFest abre amanh\u00e3\"}]},{\"@type\":\"WebSite\",\"@id\":\"https:\\\/\\\/folhapopular.info\\\/#website\",\"url\":\"https:\\\/\\\/folhapopular.info\\\/\",\"name\":\"Folha Popular\",\"description\":\"Onde voc\u00ea tem vez e voz\",\"potentialAction\":[{\"@type\":\"SearchAction\",\"target\":{\"@type\":\"EntryPoint\",\"urlTemplate\":\"https:\\\/\\\/folhapopular.info\\\/?s={search_term_string}\"},\"query-input\":{\"@type\":\"PropertyValueSpecification\",\"valueRequired\":true,\"valueName\":\"search_term_string\"}}],\"inLanguage\":\"pt-BR\"},{\"@type\":\"Person\",\"@id\":\"https:\\\/\\\/folhapopular.info\\\/#\\\/schema\\\/person\\\/e271c6e0b26128fa94cfaf17cc9e063e\",\"name\":\"Ed Moreira\",\"image\":{\"@type\":\"ImageObject\",\"inLanguage\":\"pt-BR\",\"@id\":\"https:\\\/\\\/secure.gravatar.com\\\/avatar\\\/9274330291ac9c6c66742317f29501071e72f6aa312c5fa2db351130adc72a97?s=96&d=mm&r=g\",\"url\":\"https:\\\/\\\/secure.gravatar.com\\\/avatar\\\/9274330291ac9c6c66742317f29501071e72f6aa312c5fa2db351130adc72a97?s=96&d=mm&r=g\",\"contentUrl\":\"https:\\\/\\\/secure.gravatar.com\\\/avatar\\\/9274330291ac9c6c66742317f29501071e72f6aa312c5fa2db351130adc72a97?s=96&d=mm&r=g\",\"caption\":\"Ed Moreira\"},\"url\":\"https:\\\/\\\/folhapopular.info\\\/index.php\\\/author\\\/edandreickgmail-com\\\/\"}]}<\/script>\n<!-- \/ Yoast SEO plugin. -->","yoast_head_json":{"title":"ColinasFest abre amanh\u00e3 - Folha Popular","robots":{"index":"index","follow":"follow","max-snippet":"max-snippet:-1","max-image-preview":"max-image-preview:large","max-video-preview":"max-video-preview:-1"},"canonical":"https:\/\/folhapopular.info\/index.php\/2022\/03\/16\/colinas-fest-abre-amanha\/","og_locale":"pt_BR","og_type":"article","og_title":"ColinasFest abre amanh\u00e3 - Folha Popular","og_description":"Esperando receber mais de 15 mil pessoas, a terceira edi\u00e7\u00e3o da Colinasfest come\u00e7a amanh\u00e3 (17\/3). O evento, que se estende at\u00e9 domingo (20\/3), ter\u00e1 programa\u00e7\u00e3o ecl\u00e9tica e marca a celebra\u00e7\u00e3o dos 30 anos de emancipa\u00e7\u00e3o pol\u00edtica de Colinas. A festividade ocorre junto ao parque que abriga o Gin\u00e1sio Municipal e o Centro Comunit\u00e1rio Evang\u00e9lico. Os [&hellip;]","og_url":"https:\/\/folhapopular.info\/index.php\/2022\/03\/16\/colinas-fest-abre-amanha\/","og_site_name":"Folha Popular","article_published_time":"2022-03-16T14:46:33+00:00","article_modified_time":"2022-03-16T19:12:52+00:00","og_image":[{"width":800,"height":450,"url":"http:\/\/folhapopular.info\/wp-content\/uploads\/2022\/03\/Colinasfest_Cred_Fabricio_Fiel-scaled-e1647441924195.jpg","type":"image\/jpeg"}],"author":"Ed Moreira","twitter_card":"summary_large_image","twitter_misc":{"Escrito por":"Ed Moreira","Est. tempo de leitura":"3 minutos"},"schema":{"@context":"https:\/\/schema.org","@graph":[{"@type":"Article","@id":"https:\/\/folhapopular.info\/index.php\/2022\/03\/16\/colinas-fest-abre-amanha\/#article","isPartOf":{"@id":"https:\/\/folhapopular.info\/index.php\/2022\/03\/16\/colinas-fest-abre-amanha\/"},"author":{"name":"Ed Moreira","@id":"https:\/\/folhapopular.info\/#\/schema\/person\/e271c6e0b26128fa94cfaf17cc9e063e"},"headline":"ColinasFest abre amanh\u00e3","datePublished":"2022-03-16T14:46:33+00:00","dateModified":"2022-03-16T19:12:52+00:00","mainEntityOfPage":{"@id":"https:\/\/folhapopular.info\/index.php\/2022\/03\/16\/colinas-fest-abre-amanha\/"},"wordCount":483,"commentCount":0,"image":{"@id":"https:\/\/folhapopular.info\/index.php\/2022\/03\/16\/colinas-fest-abre-amanha\/#primaryimage"},"thumbnailUrl":"https:\/\/folhapopular.info\/wp-content\/uploads\/2022\/03\/Colinasfest_Cred_Fabricio_Fiel-scaled-e1647441924195.jpg","keywords":["30 anos de Colinas","Amanh\u00e3","Colinasfest","In\u00edcio","Programa\u00e7\u00e3o"],"articleSection":["Destaques","Inclusive"],"inLanguage":"pt-BR","potentialAction":[{"@type":"CommentAction","name":"Comment","target":["https:\/\/folhapopular.info\/index.php\/2022\/03\/16\/colinas-fest-abre-amanha\/#respond"]}]},{"@type":"WebPage","@id":"https:\/\/folhapopular.info\/index.php\/2022\/03\/16\/colinas-fest-abre-amanha\/","url":"https:\/\/folhapopular.info\/index.php\/2022\/03\/16\/colinas-fest-abre-amanha\/","name":"ColinasFest abre amanh\u00e3 - Folha Popular","isPartOf":{"@id":"https:\/\/folhapopular.info\/#website"},"primaryImageOfPage":{"@id":"https:\/\/folhapopular.info\/index.php\/2022\/03\/16\/colinas-fest-abre-amanha\/#primaryimage"},"image":{"@id":"https:\/\/folhapopular.info\/index.php\/2022\/03\/16\/colinas-fest-abre-amanha\/#primaryimage"},"thumbnailUrl":"https:\/\/folhapopular.info\/wp-content\/uploads\/2022\/03\/Colinasfest_Cred_Fabricio_Fiel-scaled-e1647441924195.jpg","datePublished":"2022-03-16T14:46:33+00:00","dateModified":"2022-03-16T19:12:52+00:00","author":{"@id":"https:\/\/folhapopular.info\/#\/schema\/person\/e271c6e0b26128fa94cfaf17cc9e063e"},"breadcrumb":{"@id":"https:\/\/folhapopular.info\/index.php\/2022\/03\/16\/colinas-fest-abre-amanha\/#breadcrumb"},"inLanguage":"pt-BR","potentialAction":[{"@type":"ReadAction","target":["https:\/\/folhapopular.info\/index.php\/2022\/03\/16\/colinas-fest-abre-amanha\/"]}]},{"@type":"ImageObject","inLanguage":"pt-BR","@id":"https:\/\/folhapopular.info\/index.php\/2022\/03\/16\/colinas-fest-abre-amanha\/#primaryimage","url":"https:\/\/folhapopular.info\/wp-content\/uploads\/2022\/03\/Colinasfest_Cred_Fabricio_Fiel-scaled-e1647441924195.jpg","contentUrl":"https:\/\/folhapopular.info\/wp-content\/uploads\/2022\/03\/Colinasfest_Cred_Fabricio_Fiel-scaled-e1647441924195.jpg","width":800,"height":450,"caption":"Estrutura est\u00e1 sendo montada junto ao parque que abriga o Gin\u00e1sio Municipal e o Centro Comunit\u00e1rio Evang\u00e9lico \/ Cr\u00e9dito: Fabr\u00edcio Fiel \/ Arquivo \/ Divulga\u00e7\u00e3o"},{"@type":"BreadcrumbList","@id":"https:\/\/folhapopular.info\/index.php\/2022\/03\/16\/colinas-fest-abre-amanha\/#breadcrumb","itemListElement":[{"@type":"ListItem","position":1,"name":"In\u00edcio","item":"https:\/\/folhapopular.info\/"},{"@type":"ListItem","position":2,"name":"ColinasFest abre amanh\u00e3"}]},{"@type":"WebSite","@id":"https:\/\/folhapopular.info\/#website","url":"https:\/\/folhapopular.info\/","name":"Folha Popular","description":"Onde voc\u00ea tem vez e voz","potentialAction":[{"@type":"SearchAction","target":{"@type":"EntryPoint","urlTemplate":"https:\/\/folhapopular.info\/?s={search_term_string}"},"query-input":{"@type":"PropertyValueSpecification","valueRequired":true,"valueName":"search_term_string"}}],"inLanguage":"pt-BR"},{"@type":"Person","@id":"https:\/\/folhapopular.info\/#\/schema\/person\/e271c6e0b26128fa94cfaf17cc9e063e","name":"Ed Moreira","image":{"@type":"ImageObject","inLanguage":"pt-BR","@id":"https:\/\/secure.gravatar.com\/avatar\/9274330291ac9c6c66742317f29501071e72f6aa312c5fa2db351130adc72a97?s=96&d=mm&r=g","url":"https:\/\/secure.gravatar.com\/avatar\/9274330291ac9c6c66742317f29501071e72f6aa312c5fa2db351130adc72a97?s=96&d=mm&r=g","contentUrl":"https:\/\/secure.gravatar.com\/avatar\/9274330291ac9c6c66742317f29501071e72f6aa312c5fa2db351130adc72a97?s=96&d=mm&r=g","caption":"Ed Moreira"},"url":"https:\/\/folhapopular.info\/index.php\/author\/edandreickgmail-com\/"}]}},"jetpack_featured_media_url":"https:\/\/folhapopular.info\/wp-content\/uploads\/2022\/03\/Colinasfest_Cred_Fabricio_Fiel-scaled-e1647441924195.jpg","jetpack_sharing_enabled":true,"amp_enabled":true,"_links":{"self":[{"href":"https:\/\/folhapopular.info\/index.php\/wp-json\/wp\/v2\/posts\/100537","targetHints":{"allow":["GET"]}}],"collection":[{"href":"https:\/\/folhapopular.info\/index.php\/wp-json\/wp\/v2\/posts"}],"about":[{"href":"https:\/\/folhapopular.info\/index.php\/wp-json\/wp\/v2\/types\/post"}],"author":[{"embeddable":true,"href":"https:\/\/folhapopular.info\/index.php\/wp-json\/wp\/v2\/users\/625"}],"replies":[{"embeddable":true,"href":"https:\/\/folhapopular.info\/index.php\/wp-json\/wp\/v2\/comments?post=100537"}],"version-history":[{"count":0,"href":"https:\/\/folhapopular.info\/index.php\/wp-json\/wp\/v2\/posts\/100537\/revisions"}],"wp:featuredmedia":[{"embeddable":true,"href":"https:\/\/folhapopular.info\/index.php\/wp-json\/wp\/v2\/media\/100538"}],"wp:attachment":[{"href":"https:\/\/folhapopular.info\/index.php\/wp-json\/wp\/v2\/media?parent=100537"}],"wp:term":[{"taxonomy":"category","embeddable":true,"href":"https:\/\/folhapopular.info\/index.php\/wp-json\/wp\/v2\/categories?post=100537"},{"taxonomy":"post_tag","embeddable":true,"href":"https:\/\/folhapopular.info\/index.php\/wp-json\/wp\/v2\/tags?post=100537"}],"curies":[{"name":"wp","href":"https:\/\/api.w.org\/{rel}","templated":true}]}}