{"id":100701,"date":"2022-03-18T15:45:43","date_gmt":"2022-03-18T18:45:43","guid":{"rendered":"https:\/\/folhapopular.info\/?p=100701"},"modified":"2022-03-18T15:46:54","modified_gmt":"2022-03-18T18:46:54","slug":"criancas-podem-ser-vacinadas-contra-covid-neste-sabado-em-estrela","status":"publish","type":"post","link":"https:\/\/folhapopular.info\/index.php\/2022\/03\/18\/criancas-podem-ser-vacinadas-contra-covid-neste-sabado-em-estrela\/","title":{"rendered":"Crian\u00e7as podem ser vacinadas contra Covid neste s\u00e1bado, em Estrela"},"content":{"rendered":"\n<p>Estrela ter\u00e1 uma etapa de vacina\u00e7\u00e3o infantil contra a Covid-19 especial neste s\u00e1bado (19\/3). Ser\u00e1 o Dia C. O plant\u00e3o na UBS Central ocorrer\u00e1 das 8h \u00e0s 17h, sem fechar ao meio-dia, e visa a aplica\u00e7\u00e3o da segunda dose infantil (D2i) da CoronaVac para todos aqueles que fizeram a primeira dose (D1i) em 19\/2 ou antes desta data e est\u00e3o em atraso.<br>Pelas pr\u00f3ximas semanas, seguir\u00e1 o novo sistema adotado para dar prosseguimento \u00e0 campanha de vacina\u00e7\u00e3o contra a Covid. O modelo prev\u00ea etapas di\u00e1rias para o p\u00fablico adulto em todas as manh\u00e3s, na Unidade B\u00e1sica de Sa\u00fade (UBS) Central \u2013 Posto Central (localizada na Rua General Os\u00f3rio, 427, no Bairro Oriental) e escalonadas para o p\u00fablico infantil \u00e0 tarde.<br>Com os n\u00fameros at\u00e9 quinta-feira (17\/3), Estrela possui at\u00e9 o momento 28.240 cidad\u00e3os acima dos 5 anos com a primeira dose (D1), o que equivale a 93% de um total estimado de 30.4 mil cidad\u00e3os a serem imunizados. Percentuais gerais que ca\u00edram no geral em rela\u00e7\u00e3o ao ano passado, pois os dados passaram a contar com a vacina\u00e7\u00e3o infantil, que iniciou mais tarde. O n\u00famero de vacinados por completo (duas doses \u2013 acima de 12 anos) \u00e9 de 27.073, e n\u00e3o contabiliza as unidades infantis e da Janssen, j\u00e1 que estas entram para a contagem de refor\u00e7o. Ao todo j\u00e1 s\u00e3o 1.121 crian\u00e7as (41,5%) com a primeira dose, de um total estimado de 2.7 mil. A dose de refor\u00e7o (D3) \u2013 apenas para os maiores de 18 anos \u2013 j\u00e1 foi aplicada a 11.934 estrelenses e a quarta (D4) a 17 cidad\u00e3os. Novos n\u00fameros devem ser registrados at\u00e9 o fim desta sexta-feira (18\/3).<\/p>\n\n\n\n<p><strong>Adulto<\/strong><br>As etapas di\u00e1rias para a aplica\u00e7\u00e3o das diversas doses para pessoas acima dos 12 anos seguir\u00e3o no per\u00edodo da manh\u00e3 e in\u00edcio da tarde. De segunda a sexta, das 7h30 \u00e0s 13h30, poder\u00e3o ser feitas as quatro doses, seguindo as seguintes regras fixas:<br>primeira dose (D1) \u2013 todos acima de 12 anos;<br>segunda dose (D2) Pfizer \u2013 quem realizou a D1 h\u00e1 mais de oito semanas; D2 AstraZeneca, Pfizer e CoronaVac \u2013 todos que est\u00e3o em atraso;<br>Dose de Refor\u00e7o (D3) \u2013 quem realizou a D2 h\u00e1 quatro meses e tem mais de 18 anos. J\u00e1 o p\u00fablico considerado imunocomprometido (acima de 12 anos) pode buscar a D3 (oito semanas ap\u00f3s a D2) e a D4 (quatro semanas ap\u00f3s a D3).<br>Para o caso da aplica\u00e7\u00e3o da D2 e das unidades de refor\u00e7o s\u00e3o exigidas ao postulante a carteira de vacina\u00e7\u00e3o entregue por ocasi\u00e3o da D1 e documento de identifica\u00e7\u00e3o com CPF.<\/p>\n\n\n\n<p><strong>Infantil<br><\/strong>J\u00e1 a vacina\u00e7\u00e3o infantil prosseguir\u00e1 de forma escalonada, tamb\u00e9m na UBS Central, das 13h30 \u00e0s 16h. Na pr\u00f3xima semana ocorrer\u00e3o na ter\u00e7a (22\/3) e sexta-feira (25\/3). Na ter\u00e7a ser\u00e1 aplicada a primeira dose infantil (D1i) e a segunda dose (D2i) para todos da vacina CoronaVac que est\u00e3o em atraso. Na sexta (25\/3), igualmente ser\u00e1 aplicada a D1i e a D2i para aqueles que est\u00e3o em atraso, tanto da CoronaVac mas como tamb\u00e9m da Pfizer.<\/p>\n","protected":false},"excerpt":{"rendered":"<p>Estrela ter\u00e1 uma etapa de vacina\u00e7\u00e3o infantil contra a Covid-19 especial neste s\u00e1bado (19\/3). Ser\u00e1 o Dia C. O plant\u00e3o na UBS Central ocorrer\u00e1 das 8h \u00e0s 17h, sem fechar ao meio-dia, e visa a aplica\u00e7\u00e3o da segunda dose infantil (D2i) da CoronaVac para todos aqueles que fizeram a primeira dose (D1i) em 19\/2 ou [&hellip;]<\/p>\n","protected":false},"author":8,"featured_media":100702,"comment_status":"open","ping_status":"open","sticky":false,"template":"","format":"standard","meta":{"pmpro_default_level":"","_jetpack_memberships_contains_paid_content":false,"footnotes":""},"categories":[2,3],"tags":[5707,135,8,87,7937],"class_list":{"0":"post-100701","1":"post","2":"type-post","3":"status-publish","4":"format-standard","5":"has-post-thumbnail","7":"category-featured","8":"category-geral","9":"tag-covid-19","10":"tag-criancas","11":"tag-estrela","12":"tag-vacinacao","13":"tag-vacinacao-infantil","14":"pmpro-has-access"},"yoast_head":"<!-- This site is optimized with the Yoast SEO plugin v27.5 - https:\/\/yoast.com\/product\/yoast-seo-wordpress\/ -->\n<title>Crian\u00e7as podem ser vacinadas contra Covid neste s\u00e1bado, em Estrela - Folha Popular<\/title>\n<meta name=\"robots\" content=\"index, follow, max-snippet:-1, max-image-preview:large, max-video-preview:-1\" \/>\n<link rel=\"canonical\" href=\"https:\/\/folhapopular.info\/index.php\/2022\/03\/18\/criancas-podem-ser-vacinadas-contra-covid-neste-sabado-em-estrela\/\" \/>\n<meta property=\"og:locale\" content=\"pt_BR\" \/>\n<meta property=\"og:type\" content=\"article\" \/>\n<meta property=\"og:title\" content=\"Crian\u00e7as podem ser vacinadas contra Covid neste s\u00e1bado, em Estrela - Folha Popular\" \/>\n<meta property=\"og:description\" content=\"Estrela ter\u00e1 uma etapa de vacina\u00e7\u00e3o infantil contra a Covid-19 especial neste s\u00e1bado (19\/3). Ser\u00e1 o Dia C. O plant\u00e3o na UBS Central ocorrer\u00e1 das 8h \u00e0s 17h, sem fechar ao meio-dia, e visa a aplica\u00e7\u00e3o da segunda dose infantil (D2i) da CoronaVac para todos aqueles que fizeram a primeira dose (D1i) em 19\/2 ou [&hellip;]\" \/>\n<meta property=\"og:url\" content=\"https:\/\/folhapopular.info\/index.php\/2022\/03\/18\/criancas-podem-ser-vacinadas-contra-covid-neste-sabado-em-estrela\/\" \/>\n<meta property=\"og:site_name\" content=\"Folha Popular\" \/>\n<meta property=\"article:published_time\" content=\"2022-03-18T18:45:43+00:00\" \/>\n<meta property=\"article:modified_time\" content=\"2022-03-18T18:46:54+00:00\" \/>\n<meta property=\"og:image\" content=\"http:\/\/folhapopular.info\/wp-content\/uploads\/2022\/03\/18.03_Vacinacao-criancas-infantil-TRES-IRMAOS-Angeli-1-scaled-e1647629099503.jpg\" \/>\n\t<meta property=\"og:image:width\" content=\"800\" \/>\n\t<meta property=\"og:image:height\" content=\"450\" \/>\n\t<meta property=\"og:image:type\" content=\"image\/jpeg\" \/>\n<meta name=\"author\" content=\"Reda\u00e7\u00e3o Folha Popular\" \/>\n<meta name=\"twitter:card\" content=\"summary_large_image\" \/>\n<meta name=\"twitter:label1\" content=\"Escrito por\" \/>\n\t<meta name=\"twitter:data1\" content=\"Reda\u00e7\u00e3o Folha Popular\" \/>\n\t<meta name=\"twitter:label2\" content=\"Est. tempo de leitura\" \/>\n\t<meta name=\"twitter:data2\" content=\"3 minutos\" \/>\n<script type=\"application\/ld+json\" class=\"yoast-schema-graph\">{\"@context\":\"https:\\\/\\\/schema.org\",\"@graph\":[{\"@type\":\"Article\",\"@id\":\"https:\\\/\\\/folhapopular.info\\\/index.php\\\/2022\\\/03\\\/18\\\/criancas-podem-ser-vacinadas-contra-covid-neste-sabado-em-estrela\\\/#article\",\"isPartOf\":{\"@id\":\"https:\\\/\\\/folhapopular.info\\\/index.php\\\/2022\\\/03\\\/18\\\/criancas-podem-ser-vacinadas-contra-covid-neste-sabado-em-estrela\\\/\"},\"author\":{\"name\":\"Reda\u00e7\u00e3o Folha Popular\",\"@id\":\"https:\\\/\\\/folhapopular.info\\\/#\\\/schema\\\/person\\\/2814e8a0df7643585a9ca38bc6eb9d4b\"},\"headline\":\"Crian\u00e7as podem ser vacinadas contra Covid neste s\u00e1bado, em Estrela\",\"datePublished\":\"2022-03-18T18:45:43+00:00\",\"dateModified\":\"2022-03-18T18:46:54+00:00\",\"mainEntityOfPage\":{\"@id\":\"https:\\\/\\\/folhapopular.info\\\/index.php\\\/2022\\\/03\\\/18\\\/criancas-podem-ser-vacinadas-contra-covid-neste-sabado-em-estrela\\\/\"},\"wordCount\":538,\"commentCount\":0,\"image\":{\"@id\":\"https:\\\/\\\/folhapopular.info\\\/index.php\\\/2022\\\/03\\\/18\\\/criancas-podem-ser-vacinadas-contra-covid-neste-sabado-em-estrela\\\/#primaryimage\"},\"thumbnailUrl\":\"https:\\\/\\\/folhapopular.info\\\/wp-content\\\/uploads\\\/2022\\\/03\\\/18.03_Vacinacao-criancas-infantil-TRES-IRMAOS-Angeli-1-scaled-e1647629099503.jpg\",\"keywords\":[\"Covid-19\",\"Crian\u00e7as\",\"Estrela\",\"Vacina\u00e7\u00e3o\",\"Vacina\u00e7\u00e3o infantil\"],\"articleSection\":[\"Destaques\",\"Geral\"],\"inLanguage\":\"pt-BR\",\"potentialAction\":[{\"@type\":\"CommentAction\",\"name\":\"Comment\",\"target\":[\"https:\\\/\\\/folhapopular.info\\\/index.php\\\/2022\\\/03\\\/18\\\/criancas-podem-ser-vacinadas-contra-covid-neste-sabado-em-estrela\\\/#respond\"]}]},{\"@type\":\"WebPage\",\"@id\":\"https:\\\/\\\/folhapopular.info\\\/index.php\\\/2022\\\/03\\\/18\\\/criancas-podem-ser-vacinadas-contra-covid-neste-sabado-em-estrela\\\/\",\"url\":\"https:\\\/\\\/folhapopular.info\\\/index.php\\\/2022\\\/03\\\/18\\\/criancas-podem-ser-vacinadas-contra-covid-neste-sabado-em-estrela\\\/\",\"name\":\"Crian\u00e7as podem ser vacinadas contra Covid neste s\u00e1bado, em Estrela - Folha Popular\",\"isPartOf\":{\"@id\":\"https:\\\/\\\/folhapopular.info\\\/#website\"},\"primaryImageOfPage\":{\"@id\":\"https:\\\/\\\/folhapopular.info\\\/index.php\\\/2022\\\/03\\\/18\\\/criancas-podem-ser-vacinadas-contra-covid-neste-sabado-em-estrela\\\/#primaryimage\"},\"image\":{\"@id\":\"https:\\\/\\\/folhapopular.info\\\/index.php\\\/2022\\\/03\\\/18\\\/criancas-podem-ser-vacinadas-contra-covid-neste-sabado-em-estrela\\\/#primaryimage\"},\"thumbnailUrl\":\"https:\\\/\\\/folhapopular.info\\\/wp-content\\\/uploads\\\/2022\\\/03\\\/18.03_Vacinacao-criancas-infantil-TRES-IRMAOS-Angeli-1-scaled-e1647629099503.jpg\",\"datePublished\":\"2022-03-18T18:45:43+00:00\",\"dateModified\":\"2022-03-18T18:46:54+00:00\",\"author\":{\"@id\":\"https:\\\/\\\/folhapopular.info\\\/#\\\/schema\\\/person\\\/2814e8a0df7643585a9ca38bc6eb9d4b\"},\"breadcrumb\":{\"@id\":\"https:\\\/\\\/folhapopular.info\\\/index.php\\\/2022\\\/03\\\/18\\\/criancas-podem-ser-vacinadas-contra-covid-neste-sabado-em-estrela\\\/#breadcrumb\"},\"inLanguage\":\"pt-BR\",\"potentialAction\":[{\"@type\":\"ReadAction\",\"target\":[\"https:\\\/\\\/folhapopular.info\\\/index.php\\\/2022\\\/03\\\/18\\\/criancas-podem-ser-vacinadas-contra-covid-neste-sabado-em-estrela\\\/\"]}]},{\"@type\":\"ImageObject\",\"inLanguage\":\"pt-BR\",\"@id\":\"https:\\\/\\\/folhapopular.info\\\/index.php\\\/2022\\\/03\\\/18\\\/criancas-podem-ser-vacinadas-contra-covid-neste-sabado-em-estrela\\\/#primaryimage\",\"url\":\"https:\\\/\\\/folhapopular.info\\\/wp-content\\\/uploads\\\/2022\\\/03\\\/18.03_Vacinacao-criancas-infantil-TRES-IRMAOS-Angeli-1-scaled-e1647629099503.jpg\",\"contentUrl\":\"https:\\\/\\\/folhapopular.info\\\/wp-content\\\/uploads\\\/2022\\\/03\\\/18.03_Vacinacao-criancas-infantil-TRES-IRMAOS-Angeli-1-scaled-e1647629099503.jpg\",\"width\":800,\"height\":450,\"caption\":\"Maria, Emlly e Arthur foram tr\u00eas das crian\u00e7as que aproveitaram o plant\u00e3o do \u00faltimo s\u00e1bado para tamb\u00e9m realizar a segunda dose infantil \\\/ Cr\u00e9dito: Rodrigo Angeli \\\/ Governo de Estrela\"},{\"@type\":\"BreadcrumbList\",\"@id\":\"https:\\\/\\\/folhapopular.info\\\/index.php\\\/2022\\\/03\\\/18\\\/criancas-podem-ser-vacinadas-contra-covid-neste-sabado-em-estrela\\\/#breadcrumb\",\"itemListElement\":[{\"@type\":\"ListItem\",\"position\":1,\"name\":\"In\u00edcio\",\"item\":\"https:\\\/\\\/folhapopular.info\\\/\"},{\"@type\":\"ListItem\",\"position\":2,\"name\":\"Crian\u00e7as podem ser vacinadas contra Covid neste s\u00e1bado, em Estrela\"}]},{\"@type\":\"WebSite\",\"@id\":\"https:\\\/\\\/folhapopular.info\\\/#website\",\"url\":\"https:\\\/\\\/folhapopular.info\\\/\",\"name\":\"Folha Popular\",\"description\":\"Onde voc\u00ea tem vez e voz\",\"potentialAction\":[{\"@type\":\"SearchAction\",\"target\":{\"@type\":\"EntryPoint\",\"urlTemplate\":\"https:\\\/\\\/folhapopular.info\\\/?s={search_term_string}\"},\"query-input\":{\"@type\":\"PropertyValueSpecification\",\"valueRequired\":true,\"valueName\":\"search_term_string\"}}],\"inLanguage\":\"pt-BR\"},{\"@type\":\"Person\",\"@id\":\"https:\\\/\\\/folhapopular.info\\\/#\\\/schema\\\/person\\\/2814e8a0df7643585a9ca38bc6eb9d4b\",\"name\":\"Reda\u00e7\u00e3o Folha Popular\",\"image\":{\"@type\":\"ImageObject\",\"inLanguage\":\"pt-BR\",\"@id\":\"https:\\\/\\\/folhapopular.info\\\/wp-content\\\/uploads\\\/2026\\\/04\\\/Folha-1.webp\",\"url\":\"https:\\\/\\\/folhapopular.info\\\/wp-content\\\/uploads\\\/2026\\\/04\\\/Folha-1.webp\",\"contentUrl\":\"https:\\\/\\\/folhapopular.info\\\/wp-content\\\/uploads\\\/2026\\\/04\\\/Folha-1.webp\",\"caption\":\"Reda\u00e7\u00e3o Folha Popular\"},\"url\":\"https:\\\/\\\/folhapopular.info\\\/index.php\\\/author\\\/redacao\\\/\"}]}<\/script>\n<!-- \/ Yoast SEO plugin. -->","yoast_head_json":{"title":"Crian\u00e7as podem ser vacinadas contra Covid neste s\u00e1bado, em Estrela - Folha Popular","robots":{"index":"index","follow":"follow","max-snippet":"max-snippet:-1","max-image-preview":"max-image-preview:large","max-video-preview":"max-video-preview:-1"},"canonical":"https:\/\/folhapopular.info\/index.php\/2022\/03\/18\/criancas-podem-ser-vacinadas-contra-covid-neste-sabado-em-estrela\/","og_locale":"pt_BR","og_type":"article","og_title":"Crian\u00e7as podem ser vacinadas contra Covid neste s\u00e1bado, em Estrela - Folha Popular","og_description":"Estrela ter\u00e1 uma etapa de vacina\u00e7\u00e3o infantil contra a Covid-19 especial neste s\u00e1bado (19\/3). Ser\u00e1 o Dia C. O plant\u00e3o na UBS Central ocorrer\u00e1 das 8h \u00e0s 17h, sem fechar ao meio-dia, e visa a aplica\u00e7\u00e3o da segunda dose infantil (D2i) da CoronaVac para todos aqueles que fizeram a primeira dose (D1i) em 19\/2 ou [&hellip;]","og_url":"https:\/\/folhapopular.info\/index.php\/2022\/03\/18\/criancas-podem-ser-vacinadas-contra-covid-neste-sabado-em-estrela\/","og_site_name":"Folha Popular","article_published_time":"2022-03-18T18:45:43+00:00","article_modified_time":"2022-03-18T18:46:54+00:00","og_image":[{"width":800,"height":450,"url":"http:\/\/folhapopular.info\/wp-content\/uploads\/2022\/03\/18.03_Vacinacao-criancas-infantil-TRES-IRMAOS-Angeli-1-scaled-e1647629099503.jpg","type":"image\/jpeg"}],"author":"Reda\u00e7\u00e3o Folha Popular","twitter_card":"summary_large_image","twitter_misc":{"Escrito por":"Reda\u00e7\u00e3o Folha Popular","Est. tempo de leitura":"3 minutos"},"schema":{"@context":"https:\/\/schema.org","@graph":[{"@type":"Article","@id":"https:\/\/folhapopular.info\/index.php\/2022\/03\/18\/criancas-podem-ser-vacinadas-contra-covid-neste-sabado-em-estrela\/#article","isPartOf":{"@id":"https:\/\/folhapopular.info\/index.php\/2022\/03\/18\/criancas-podem-ser-vacinadas-contra-covid-neste-sabado-em-estrela\/"},"author":{"name":"Reda\u00e7\u00e3o Folha Popular","@id":"https:\/\/folhapopular.info\/#\/schema\/person\/2814e8a0df7643585a9ca38bc6eb9d4b"},"headline":"Crian\u00e7as podem ser vacinadas contra Covid neste s\u00e1bado, em Estrela","datePublished":"2022-03-18T18:45:43+00:00","dateModified":"2022-03-18T18:46:54+00:00","mainEntityOfPage":{"@id":"https:\/\/folhapopular.info\/index.php\/2022\/03\/18\/criancas-podem-ser-vacinadas-contra-covid-neste-sabado-em-estrela\/"},"wordCount":538,"commentCount":0,"image":{"@id":"https:\/\/folhapopular.info\/index.php\/2022\/03\/18\/criancas-podem-ser-vacinadas-contra-covid-neste-sabado-em-estrela\/#primaryimage"},"thumbnailUrl":"https:\/\/folhapopular.info\/wp-content\/uploads\/2022\/03\/18.03_Vacinacao-criancas-infantil-TRES-IRMAOS-Angeli-1-scaled-e1647629099503.jpg","keywords":["Covid-19","Crian\u00e7as","Estrela","Vacina\u00e7\u00e3o","Vacina\u00e7\u00e3o infantil"],"articleSection":["Destaques","Geral"],"inLanguage":"pt-BR","potentialAction":[{"@type":"CommentAction","name":"Comment","target":["https:\/\/folhapopular.info\/index.php\/2022\/03\/18\/criancas-podem-ser-vacinadas-contra-covid-neste-sabado-em-estrela\/#respond"]}]},{"@type":"WebPage","@id":"https:\/\/folhapopular.info\/index.php\/2022\/03\/18\/criancas-podem-ser-vacinadas-contra-covid-neste-sabado-em-estrela\/","url":"https:\/\/folhapopular.info\/index.php\/2022\/03\/18\/criancas-podem-ser-vacinadas-contra-covid-neste-sabado-em-estrela\/","name":"Crian\u00e7as podem ser vacinadas contra Covid neste s\u00e1bado, em Estrela - Folha Popular","isPartOf":{"@id":"https:\/\/folhapopular.info\/#website"},"primaryImageOfPage":{"@id":"https:\/\/folhapopular.info\/index.php\/2022\/03\/18\/criancas-podem-ser-vacinadas-contra-covid-neste-sabado-em-estrela\/#primaryimage"},"image":{"@id":"https:\/\/folhapopular.info\/index.php\/2022\/03\/18\/criancas-podem-ser-vacinadas-contra-covid-neste-sabado-em-estrela\/#primaryimage"},"thumbnailUrl":"https:\/\/folhapopular.info\/wp-content\/uploads\/2022\/03\/18.03_Vacinacao-criancas-infantil-TRES-IRMAOS-Angeli-1-scaled-e1647629099503.jpg","datePublished":"2022-03-18T18:45:43+00:00","dateModified":"2022-03-18T18:46:54+00:00","author":{"@id":"https:\/\/folhapopular.info\/#\/schema\/person\/2814e8a0df7643585a9ca38bc6eb9d4b"},"breadcrumb":{"@id":"https:\/\/folhapopular.info\/index.php\/2022\/03\/18\/criancas-podem-ser-vacinadas-contra-covid-neste-sabado-em-estrela\/#breadcrumb"},"inLanguage":"pt-BR","potentialAction":[{"@type":"ReadAction","target":["https:\/\/folhapopular.info\/index.php\/2022\/03\/18\/criancas-podem-ser-vacinadas-contra-covid-neste-sabado-em-estrela\/"]}]},{"@type":"ImageObject","inLanguage":"pt-BR","@id":"https:\/\/folhapopular.info\/index.php\/2022\/03\/18\/criancas-podem-ser-vacinadas-contra-covid-neste-sabado-em-estrela\/#primaryimage","url":"https:\/\/folhapopular.info\/wp-content\/uploads\/2022\/03\/18.03_Vacinacao-criancas-infantil-TRES-IRMAOS-Angeli-1-scaled-e1647629099503.jpg","contentUrl":"https:\/\/folhapopular.info\/wp-content\/uploads\/2022\/03\/18.03_Vacinacao-criancas-infantil-TRES-IRMAOS-Angeli-1-scaled-e1647629099503.jpg","width":800,"height":450,"caption":"Maria, Emlly e Arthur foram tr\u00eas das crian\u00e7as que aproveitaram o plant\u00e3o do \u00faltimo s\u00e1bado para tamb\u00e9m realizar a segunda dose infantil \/ Cr\u00e9dito: Rodrigo Angeli \/ Governo de Estrela"},{"@type":"BreadcrumbList","@id":"https:\/\/folhapopular.info\/index.php\/2022\/03\/18\/criancas-podem-ser-vacinadas-contra-covid-neste-sabado-em-estrela\/#breadcrumb","itemListElement":[{"@type":"ListItem","position":1,"name":"In\u00edcio","item":"https:\/\/folhapopular.info\/"},{"@type":"ListItem","position":2,"name":"Crian\u00e7as podem ser vacinadas contra Covid neste s\u00e1bado, em Estrela"}]},{"@type":"WebSite","@id":"https:\/\/folhapopular.info\/#website","url":"https:\/\/folhapopular.info\/","name":"Folha Popular","description":"Onde voc\u00ea tem vez e voz","potentialAction":[{"@type":"SearchAction","target":{"@type":"EntryPoint","urlTemplate":"https:\/\/folhapopular.info\/?s={search_term_string}"},"query-input":{"@type":"PropertyValueSpecification","valueRequired":true,"valueName":"search_term_string"}}],"inLanguage":"pt-BR"},{"@type":"Person","@id":"https:\/\/folhapopular.info\/#\/schema\/person\/2814e8a0df7643585a9ca38bc6eb9d4b","name":"Reda\u00e7\u00e3o Folha Popular","image":{"@type":"ImageObject","inLanguage":"pt-BR","@id":"https:\/\/folhapopular.info\/wp-content\/uploads\/2026\/04\/Folha-1.webp","url":"https:\/\/folhapopular.info\/wp-content\/uploads\/2026\/04\/Folha-1.webp","contentUrl":"https:\/\/folhapopular.info\/wp-content\/uploads\/2026\/04\/Folha-1.webp","caption":"Reda\u00e7\u00e3o Folha Popular"},"url":"https:\/\/folhapopular.info\/index.php\/author\/redacao\/"}]}},"jetpack_featured_media_url":"https:\/\/folhapopular.info\/wp-content\/uploads\/2022\/03\/18.03_Vacinacao-criancas-infantil-TRES-IRMAOS-Angeli-1-scaled-e1647629099503.jpg","jetpack_sharing_enabled":true,"amp_enabled":true,"_links":{"self":[{"href":"https:\/\/folhapopular.info\/index.php\/wp-json\/wp\/v2\/posts\/100701","targetHints":{"allow":["GET"]}}],"collection":[{"href":"https:\/\/folhapopular.info\/index.php\/wp-json\/wp\/v2\/posts"}],"about":[{"href":"https:\/\/folhapopular.info\/index.php\/wp-json\/wp\/v2\/types\/post"}],"author":[{"embeddable":true,"href":"https:\/\/folhapopular.info\/index.php\/wp-json\/wp\/v2\/users\/8"}],"replies":[{"embeddable":true,"href":"https:\/\/folhapopular.info\/index.php\/wp-json\/wp\/v2\/comments?post=100701"}],"version-history":[{"count":0,"href":"https:\/\/folhapopular.info\/index.php\/wp-json\/wp\/v2\/posts\/100701\/revisions"}],"wp:featuredmedia":[{"embeddable":true,"href":"https:\/\/folhapopular.info\/index.php\/wp-json\/wp\/v2\/media\/100702"}],"wp:attachment":[{"href":"https:\/\/folhapopular.info\/index.php\/wp-json\/wp\/v2\/media?parent=100701"}],"wp:term":[{"taxonomy":"category","embeddable":true,"href":"https:\/\/folhapopular.info\/index.php\/wp-json\/wp\/v2\/categories?post=100701"},{"taxonomy":"post_tag","embeddable":true,"href":"https:\/\/folhapopular.info\/index.php\/wp-json\/wp\/v2\/tags?post=100701"}],"curies":[{"name":"wp","href":"https:\/\/api.w.org\/{rel}","templated":true}]}}