{"id":100843,"date":"2022-03-21T15:02:39","date_gmt":"2022-03-21T18:02:39","guid":{"rendered":"https:\/\/folhapopular.info\/?p=100843"},"modified":"2022-03-21T15:02:44","modified_gmt":"2022-03-21T18:02:44","slug":"colinasfest-atraiu-18-mil-visitantes","status":"publish","type":"post","link":"https:\/\/folhapopular.info\/index.php\/2022\/03\/21\/colinasfest-atraiu-18-mil-visitantes\/","title":{"rendered":"ColinasFest atraiu 18 mil visitantes"},"content":{"rendered":"\n<p>A movimenta\u00e7\u00e3o em Colinas neste fim de semana foi bem maior do que a do dia a dia na cidade. Eram os visitantes da ColinasFest vindos de diferentes cidades do Vale e do Estado. <\/p>\n\n\n\n<p>Colinas tem cerca de 2,5 mil habitantes, mas entre quinta-feira (17\/3) e domingo (20\/3), circularam pela feira 18 mil pessoas.<\/p>\n\n\n\n<p>No complexo que recebeu a festa, o vai e vem de pessoas era ainda mais intenso. A feira de artesanato e agricultura familiar, junto com a exposi\u00e7\u00e3o da ind\u00fastria com\u00e9rcio e servi\u00e7os apresentaram as potencialidade do munic\u00edpio<\/p>\n\n\n\n<p>A exposi\u00e7\u00e3o de agropecu\u00e1ria, com os animas, chamou aten\u00e7\u00e3o dos adultos e tamb\u00e9m encantou as crian\u00e7as. E ainda foi poss\u00edvel acompanhar, se divertir e dan\u00e7ar com as atra\u00e7\u00f5es musicais e culturais no espa\u00e7o de shows e pra\u00e7a de alimenta\u00e7\u00e3o. A divers\u00e3o ficou completa com o espa\u00e7o cheio de brinquedos para as crian\u00e7as.<\/p>\n\n\n\n<figure class=\"wp-block-image size-large\"><img loading=\"lazy\" decoding=\"async\" width=\"1024\" height=\"768\" src=\"https:\/\/folhapopular.info\/wp-content\/uploads\/2022\/03\/WhatsApp-Image-2022-03-21-at-08.21.00-1024x768.jpeg\" alt=\"\" class=\"wp-image-100848\"\/><figcaption>Os animais da exposi\u00e7\u00e3o agropecu\u00e1ria encantam adultos e crian\u00e7as \/ Cr\u00e9dito da foto: Paloma Griesang<\/figcaption><\/figure>\n\n\n\n<p>A 3\u00aa ColinasFest celebrou os 30 anos do munic\u00edpio, e foi uma comemora\u00e7\u00e3o de um momento de retomada. O prefeito Sandro Herrmann considera que o sentimento \u00e9 de alegria, ap\u00f3s dois anos de frustra\u00e7\u00e3o com o cancelamento de eventos. \u201cE muito feliz pelo volume, pelo tamanho da nossa feira, pela organiza\u00e7\u00e3o\u201d, avalia.<\/p>\n\n\n\n<p>Ele avalia que a feira foi um sucesso, mesmo com as quest\u00f5es clim\u00e1ticas, como a chuva e o frio que vieram no s\u00e1bado e domingo. \u201cTudo perfeito, andou muito bem. As pessoas muito bem recebidas, sa\u00edram felizes por tudo que viram e pelo momento\u201d, afirma.<\/p>\n\n\n\n<p>Afirma ainda que expositores e patrocinadores sa\u00edram satisfeitos. \u201cCom toda uma divulga\u00e7\u00e3o que traz uma feira dessa envergadura\u201d, refor\u00e7a.<\/p>\n\n\n\n<p>Segundo o prefeito, o evento ocorre em um momento especial que s\u00e3o os 30 anos do munic\u00edpio, mas tamb\u00e9m pelo momento da economia local. \u201cPor tudo que se fez e se est\u00e1 fazendo pela nossa cidade e pelos nossos mun\u00edcipes\u201d, aponta. <\/p>\n\n\n\n<p>Ele exalta ainda a participa\u00e7\u00e3o do Centro Cultural Morgenstern e Lume Eventos na organiza\u00e7\u00e3o.<\/p>\n\n\n\n<figure class=\"wp-block-image size-large\"><img loading=\"lazy\" decoding=\"async\" width=\"1024\" height=\"768\" src=\"https:\/\/folhapopular.info\/wp-content\/uploads\/2022\/03\/WhatsApp-Image-2022-03-21-at-08.20.57-2-1024x768.jpeg\" alt=\"\" class=\"wp-image-100846\"\/><figcaption>Feira de artesanato e agricultura familiar mostrou a arte produzida em Colinas \/ Cr\u00e9dito da foto: Paloma Griesang<\/figcaption><\/figure>\n","protected":false},"excerpt":{"rendered":"<p>A movimenta\u00e7\u00e3o em Colinas neste fim de semana foi bem maior do que a do dia a dia na cidade. Eram os visitantes da ColinasFest vindos de diferentes cidades do Vale e do Estado. Colinas tem cerca de 2,5 mil habitantes, mas entre quinta-feira (17\/3) e domingo (20\/3), circularam pela feira 18 mil pessoas. No [&hellip;]<\/p>\n","protected":false},"author":8,"featured_media":100847,"comment_status":"open","ping_status":"open","sticky":false,"template":"","format":"standard","meta":{"pmpro_default_level":"","_jetpack_memberships_contains_paid_content":false,"footnotes":""},"categories":[3,6],"tags":[183,4384],"class_list":{"0":"post-100843","1":"post","2":"type-post","3":"status-publish","4":"format-standard","5":"has-post-thumbnail","7":"category-geral","8":"category-inclusive","9":"tag-colinas","10":"tag-colinasfest","11":"pmpro-has-access"},"yoast_head":"<!-- This site is optimized with the Yoast SEO plugin v27.5 - https:\/\/yoast.com\/product\/yoast-seo-wordpress\/ -->\n<title>ColinasFest atraiu 18 mil visitantes - Folha Popular<\/title>\n<meta name=\"robots\" content=\"index, follow, max-snippet:-1, max-image-preview:large, max-video-preview:-1\" \/>\n<link rel=\"canonical\" href=\"https:\/\/folhapopular.info\/index.php\/2022\/03\/21\/colinasfest-atraiu-18-mil-visitantes\/\" \/>\n<meta property=\"og:locale\" content=\"pt_BR\" \/>\n<meta property=\"og:type\" content=\"article\" \/>\n<meta property=\"og:title\" content=\"ColinasFest atraiu 18 mil visitantes - Folha Popular\" \/>\n<meta property=\"og:description\" content=\"A movimenta\u00e7\u00e3o em Colinas neste fim de semana foi bem maior do que a do dia a dia na cidade. Eram os visitantes da ColinasFest vindos de diferentes cidades do Vale e do Estado. Colinas tem cerca de 2,5 mil habitantes, mas entre quinta-feira (17\/3) e domingo (20\/3), circularam pela feira 18 mil pessoas. No [&hellip;]\" \/>\n<meta property=\"og:url\" content=\"https:\/\/folhapopular.info\/index.php\/2022\/03\/21\/colinasfest-atraiu-18-mil-visitantes\/\" \/>\n<meta property=\"og:site_name\" content=\"Folha Popular\" \/>\n<meta property=\"article:published_time\" content=\"2022-03-21T18:02:39+00:00\" \/>\n<meta property=\"article:modified_time\" content=\"2022-03-21T18:02:44+00:00\" \/>\n<meta property=\"og:image\" content=\"http:\/\/folhapopular.info\/wp-content\/uploads\/2022\/03\/WhatsApp-Image-2022-03-21-at-08.20.58-6-e1647885656823.jpeg\" \/>\n\t<meta property=\"og:image:width\" content=\"1200\" \/>\n\t<meta property=\"og:image:height\" content=\"900\" \/>\n\t<meta property=\"og:image:type\" content=\"image\/jpeg\" \/>\n<meta name=\"author\" content=\"Reda\u00e7\u00e3o Folha Popular\" \/>\n<meta name=\"twitter:card\" content=\"summary_large_image\" \/>\n<meta name=\"twitter:label1\" content=\"Escrito por\" \/>\n\t<meta name=\"twitter:data1\" content=\"Reda\u00e7\u00e3o Folha Popular\" \/>\n\t<meta name=\"twitter:label2\" content=\"Est. tempo de leitura\" \/>\n\t<meta name=\"twitter:data2\" content=\"3 minutos\" \/>\n<script type=\"application\/ld+json\" class=\"yoast-schema-graph\">{\"@context\":\"https:\\\/\\\/schema.org\",\"@graph\":[{\"@type\":\"Article\",\"@id\":\"https:\\\/\\\/folhapopular.info\\\/index.php\\\/2022\\\/03\\\/21\\\/colinasfest-atraiu-18-mil-visitantes\\\/#article\",\"isPartOf\":{\"@id\":\"https:\\\/\\\/folhapopular.info\\\/index.php\\\/2022\\\/03\\\/21\\\/colinasfest-atraiu-18-mil-visitantes\\\/\"},\"author\":{\"name\":\"Reda\u00e7\u00e3o Folha Popular\",\"@id\":\"https:\\\/\\\/folhapopular.info\\\/#\\\/schema\\\/person\\\/2814e8a0df7643585a9ca38bc6eb9d4b\"},\"headline\":\"ColinasFest atraiu 18 mil visitantes\",\"datePublished\":\"2022-03-21T18:02:39+00:00\",\"dateModified\":\"2022-03-21T18:02:44+00:00\",\"mainEntityOfPage\":{\"@id\":\"https:\\\/\\\/folhapopular.info\\\/index.php\\\/2022\\\/03\\\/21\\\/colinasfest-atraiu-18-mil-visitantes\\\/\"},\"wordCount\":384,\"commentCount\":0,\"image\":{\"@id\":\"https:\\\/\\\/folhapopular.info\\\/index.php\\\/2022\\\/03\\\/21\\\/colinasfest-atraiu-18-mil-visitantes\\\/#primaryimage\"},\"thumbnailUrl\":\"https:\\\/\\\/folhapopular.info\\\/wp-content\\\/uploads\\\/2022\\\/03\\\/WhatsApp-Image-2022-03-21-at-08.20.58-6-e1647885656823.jpeg\",\"keywords\":[\"Colinas\",\"Colinasfest\"],\"articleSection\":[\"Geral\",\"Inclusive\"],\"inLanguage\":\"pt-BR\",\"potentialAction\":[{\"@type\":\"CommentAction\",\"name\":\"Comment\",\"target\":[\"https:\\\/\\\/folhapopular.info\\\/index.php\\\/2022\\\/03\\\/21\\\/colinasfest-atraiu-18-mil-visitantes\\\/#respond\"]}]},{\"@type\":\"WebPage\",\"@id\":\"https:\\\/\\\/folhapopular.info\\\/index.php\\\/2022\\\/03\\\/21\\\/colinasfest-atraiu-18-mil-visitantes\\\/\",\"url\":\"https:\\\/\\\/folhapopular.info\\\/index.php\\\/2022\\\/03\\\/21\\\/colinasfest-atraiu-18-mil-visitantes\\\/\",\"name\":\"ColinasFest atraiu 18 mil visitantes - Folha Popular\",\"isPartOf\":{\"@id\":\"https:\\\/\\\/folhapopular.info\\\/#website\"},\"primaryImageOfPage\":{\"@id\":\"https:\\\/\\\/folhapopular.info\\\/index.php\\\/2022\\\/03\\\/21\\\/colinasfest-atraiu-18-mil-visitantes\\\/#primaryimage\"},\"image\":{\"@id\":\"https:\\\/\\\/folhapopular.info\\\/index.php\\\/2022\\\/03\\\/21\\\/colinasfest-atraiu-18-mil-visitantes\\\/#primaryimage\"},\"thumbnailUrl\":\"https:\\\/\\\/folhapopular.info\\\/wp-content\\\/uploads\\\/2022\\\/03\\\/WhatsApp-Image-2022-03-21-at-08.20.58-6-e1647885656823.jpeg\",\"datePublished\":\"2022-03-21T18:02:39+00:00\",\"dateModified\":\"2022-03-21T18:02:44+00:00\",\"author\":{\"@id\":\"https:\\\/\\\/folhapopular.info\\\/#\\\/schema\\\/person\\\/2814e8a0df7643585a9ca38bc6eb9d4b\"},\"breadcrumb\":{\"@id\":\"https:\\\/\\\/folhapopular.info\\\/index.php\\\/2022\\\/03\\\/21\\\/colinasfest-atraiu-18-mil-visitantes\\\/#breadcrumb\"},\"inLanguage\":\"pt-BR\",\"potentialAction\":[{\"@type\":\"ReadAction\",\"target\":[\"https:\\\/\\\/folhapopular.info\\\/index.php\\\/2022\\\/03\\\/21\\\/colinasfest-atraiu-18-mil-visitantes\\\/\"]}]},{\"@type\":\"ImageObject\",\"inLanguage\":\"pt-BR\",\"@id\":\"https:\\\/\\\/folhapopular.info\\\/index.php\\\/2022\\\/03\\\/21\\\/colinasfest-atraiu-18-mil-visitantes\\\/#primaryimage\",\"url\":\"https:\\\/\\\/folhapopular.info\\\/wp-content\\\/uploads\\\/2022\\\/03\\\/WhatsApp-Image-2022-03-21-at-08.20.58-6-e1647885656823.jpeg\",\"contentUrl\":\"https:\\\/\\\/folhapopular.info\\\/wp-content\\\/uploads\\\/2022\\\/03\\\/WhatsApp-Image-2022-03-21-at-08.20.58-6-e1647885656823.jpeg\",\"width\":1200,\"height\":900,\"caption\":\"Exposi\u00e7\u00e3o do com\u00e9rcio e servi\u00e7os mostrou potencialidades econ\u00f4micas \\\/ Cr\u00e9dito da foto: Paloma Griesang\"},{\"@type\":\"BreadcrumbList\",\"@id\":\"https:\\\/\\\/folhapopular.info\\\/index.php\\\/2022\\\/03\\\/21\\\/colinasfest-atraiu-18-mil-visitantes\\\/#breadcrumb\",\"itemListElement\":[{\"@type\":\"ListItem\",\"position\":1,\"name\":\"In\u00edcio\",\"item\":\"https:\\\/\\\/folhapopular.info\\\/\"},{\"@type\":\"ListItem\",\"position\":2,\"name\":\"ColinasFest atraiu 18 mil visitantes\"}]},{\"@type\":\"WebSite\",\"@id\":\"https:\\\/\\\/folhapopular.info\\\/#website\",\"url\":\"https:\\\/\\\/folhapopular.info\\\/\",\"name\":\"Folha Popular\",\"description\":\"Onde voc\u00ea tem vez e voz\",\"potentialAction\":[{\"@type\":\"SearchAction\",\"target\":{\"@type\":\"EntryPoint\",\"urlTemplate\":\"https:\\\/\\\/folhapopular.info\\\/?s={search_term_string}\"},\"query-input\":{\"@type\":\"PropertyValueSpecification\",\"valueRequired\":true,\"valueName\":\"search_term_string\"}}],\"inLanguage\":\"pt-BR\"},{\"@type\":\"Person\",\"@id\":\"https:\\\/\\\/folhapopular.info\\\/#\\\/schema\\\/person\\\/2814e8a0df7643585a9ca38bc6eb9d4b\",\"name\":\"Reda\u00e7\u00e3o Folha Popular\",\"image\":{\"@type\":\"ImageObject\",\"inLanguage\":\"pt-BR\",\"@id\":\"https:\\\/\\\/folhapopular.info\\\/wp-content\\\/uploads\\\/2026\\\/04\\\/Folha-1.webp\",\"url\":\"https:\\\/\\\/folhapopular.info\\\/wp-content\\\/uploads\\\/2026\\\/04\\\/Folha-1.webp\",\"contentUrl\":\"https:\\\/\\\/folhapopular.info\\\/wp-content\\\/uploads\\\/2026\\\/04\\\/Folha-1.webp\",\"caption\":\"Reda\u00e7\u00e3o Folha Popular\"},\"url\":\"https:\\\/\\\/folhapopular.info\\\/index.php\\\/author\\\/redacao\\\/\"}]}<\/script>\n<!-- \/ Yoast SEO plugin. -->","yoast_head_json":{"title":"ColinasFest atraiu 18 mil visitantes - Folha Popular","robots":{"index":"index","follow":"follow","max-snippet":"max-snippet:-1","max-image-preview":"max-image-preview:large","max-video-preview":"max-video-preview:-1"},"canonical":"https:\/\/folhapopular.info\/index.php\/2022\/03\/21\/colinasfest-atraiu-18-mil-visitantes\/","og_locale":"pt_BR","og_type":"article","og_title":"ColinasFest atraiu 18 mil visitantes - Folha Popular","og_description":"A movimenta\u00e7\u00e3o em Colinas neste fim de semana foi bem maior do que a do dia a dia na cidade. Eram os visitantes da ColinasFest vindos de diferentes cidades do Vale e do Estado. Colinas tem cerca de 2,5 mil habitantes, mas entre quinta-feira (17\/3) e domingo (20\/3), circularam pela feira 18 mil pessoas. No [&hellip;]","og_url":"https:\/\/folhapopular.info\/index.php\/2022\/03\/21\/colinasfest-atraiu-18-mil-visitantes\/","og_site_name":"Folha Popular","article_published_time":"2022-03-21T18:02:39+00:00","article_modified_time":"2022-03-21T18:02:44+00:00","og_image":[{"width":1200,"height":900,"url":"http:\/\/folhapopular.info\/wp-content\/uploads\/2022\/03\/WhatsApp-Image-2022-03-21-at-08.20.58-6-e1647885656823.jpeg","type":"image\/jpeg"}],"author":"Reda\u00e7\u00e3o Folha Popular","twitter_card":"summary_large_image","twitter_misc":{"Escrito por":"Reda\u00e7\u00e3o Folha Popular","Est. tempo de leitura":"3 minutos"},"schema":{"@context":"https:\/\/schema.org","@graph":[{"@type":"Article","@id":"https:\/\/folhapopular.info\/index.php\/2022\/03\/21\/colinasfest-atraiu-18-mil-visitantes\/#article","isPartOf":{"@id":"https:\/\/folhapopular.info\/index.php\/2022\/03\/21\/colinasfest-atraiu-18-mil-visitantes\/"},"author":{"name":"Reda\u00e7\u00e3o Folha Popular","@id":"https:\/\/folhapopular.info\/#\/schema\/person\/2814e8a0df7643585a9ca38bc6eb9d4b"},"headline":"ColinasFest atraiu 18 mil visitantes","datePublished":"2022-03-21T18:02:39+00:00","dateModified":"2022-03-21T18:02:44+00:00","mainEntityOfPage":{"@id":"https:\/\/folhapopular.info\/index.php\/2022\/03\/21\/colinasfest-atraiu-18-mil-visitantes\/"},"wordCount":384,"commentCount":0,"image":{"@id":"https:\/\/folhapopular.info\/index.php\/2022\/03\/21\/colinasfest-atraiu-18-mil-visitantes\/#primaryimage"},"thumbnailUrl":"https:\/\/folhapopular.info\/wp-content\/uploads\/2022\/03\/WhatsApp-Image-2022-03-21-at-08.20.58-6-e1647885656823.jpeg","keywords":["Colinas","Colinasfest"],"articleSection":["Geral","Inclusive"],"inLanguage":"pt-BR","potentialAction":[{"@type":"CommentAction","name":"Comment","target":["https:\/\/folhapopular.info\/index.php\/2022\/03\/21\/colinasfest-atraiu-18-mil-visitantes\/#respond"]}]},{"@type":"WebPage","@id":"https:\/\/folhapopular.info\/index.php\/2022\/03\/21\/colinasfest-atraiu-18-mil-visitantes\/","url":"https:\/\/folhapopular.info\/index.php\/2022\/03\/21\/colinasfest-atraiu-18-mil-visitantes\/","name":"ColinasFest atraiu 18 mil visitantes - Folha Popular","isPartOf":{"@id":"https:\/\/folhapopular.info\/#website"},"primaryImageOfPage":{"@id":"https:\/\/folhapopular.info\/index.php\/2022\/03\/21\/colinasfest-atraiu-18-mil-visitantes\/#primaryimage"},"image":{"@id":"https:\/\/folhapopular.info\/index.php\/2022\/03\/21\/colinasfest-atraiu-18-mil-visitantes\/#primaryimage"},"thumbnailUrl":"https:\/\/folhapopular.info\/wp-content\/uploads\/2022\/03\/WhatsApp-Image-2022-03-21-at-08.20.58-6-e1647885656823.jpeg","datePublished":"2022-03-21T18:02:39+00:00","dateModified":"2022-03-21T18:02:44+00:00","author":{"@id":"https:\/\/folhapopular.info\/#\/schema\/person\/2814e8a0df7643585a9ca38bc6eb9d4b"},"breadcrumb":{"@id":"https:\/\/folhapopular.info\/index.php\/2022\/03\/21\/colinasfest-atraiu-18-mil-visitantes\/#breadcrumb"},"inLanguage":"pt-BR","potentialAction":[{"@type":"ReadAction","target":["https:\/\/folhapopular.info\/index.php\/2022\/03\/21\/colinasfest-atraiu-18-mil-visitantes\/"]}]},{"@type":"ImageObject","inLanguage":"pt-BR","@id":"https:\/\/folhapopular.info\/index.php\/2022\/03\/21\/colinasfest-atraiu-18-mil-visitantes\/#primaryimage","url":"https:\/\/folhapopular.info\/wp-content\/uploads\/2022\/03\/WhatsApp-Image-2022-03-21-at-08.20.58-6-e1647885656823.jpeg","contentUrl":"https:\/\/folhapopular.info\/wp-content\/uploads\/2022\/03\/WhatsApp-Image-2022-03-21-at-08.20.58-6-e1647885656823.jpeg","width":1200,"height":900,"caption":"Exposi\u00e7\u00e3o do com\u00e9rcio e servi\u00e7os mostrou potencialidades econ\u00f4micas \/ Cr\u00e9dito da foto: Paloma Griesang"},{"@type":"BreadcrumbList","@id":"https:\/\/folhapopular.info\/index.php\/2022\/03\/21\/colinasfest-atraiu-18-mil-visitantes\/#breadcrumb","itemListElement":[{"@type":"ListItem","position":1,"name":"In\u00edcio","item":"https:\/\/folhapopular.info\/"},{"@type":"ListItem","position":2,"name":"ColinasFest atraiu 18 mil visitantes"}]},{"@type":"WebSite","@id":"https:\/\/folhapopular.info\/#website","url":"https:\/\/folhapopular.info\/","name":"Folha Popular","description":"Onde voc\u00ea tem vez e voz","potentialAction":[{"@type":"SearchAction","target":{"@type":"EntryPoint","urlTemplate":"https:\/\/folhapopular.info\/?s={search_term_string}"},"query-input":{"@type":"PropertyValueSpecification","valueRequired":true,"valueName":"search_term_string"}}],"inLanguage":"pt-BR"},{"@type":"Person","@id":"https:\/\/folhapopular.info\/#\/schema\/person\/2814e8a0df7643585a9ca38bc6eb9d4b","name":"Reda\u00e7\u00e3o Folha Popular","image":{"@type":"ImageObject","inLanguage":"pt-BR","@id":"https:\/\/folhapopular.info\/wp-content\/uploads\/2026\/04\/Folha-1.webp","url":"https:\/\/folhapopular.info\/wp-content\/uploads\/2026\/04\/Folha-1.webp","contentUrl":"https:\/\/folhapopular.info\/wp-content\/uploads\/2026\/04\/Folha-1.webp","caption":"Reda\u00e7\u00e3o Folha Popular"},"url":"https:\/\/folhapopular.info\/index.php\/author\/redacao\/"}]}},"jetpack_featured_media_url":"https:\/\/folhapopular.info\/wp-content\/uploads\/2022\/03\/WhatsApp-Image-2022-03-21-at-08.20.58-6-e1647885656823.jpeg","jetpack_sharing_enabled":true,"amp_enabled":true,"_links":{"self":[{"href":"https:\/\/folhapopular.info\/index.php\/wp-json\/wp\/v2\/posts\/100843","targetHints":{"allow":["GET"]}}],"collection":[{"href":"https:\/\/folhapopular.info\/index.php\/wp-json\/wp\/v2\/posts"}],"about":[{"href":"https:\/\/folhapopular.info\/index.php\/wp-json\/wp\/v2\/types\/post"}],"author":[{"embeddable":true,"href":"https:\/\/folhapopular.info\/index.php\/wp-json\/wp\/v2\/users\/8"}],"replies":[{"embeddable":true,"href":"https:\/\/folhapopular.info\/index.php\/wp-json\/wp\/v2\/comments?post=100843"}],"version-history":[{"count":0,"href":"https:\/\/folhapopular.info\/index.php\/wp-json\/wp\/v2\/posts\/100843\/revisions"}],"wp:featuredmedia":[{"embeddable":true,"href":"https:\/\/folhapopular.info\/index.php\/wp-json\/wp\/v2\/media\/100847"}],"wp:attachment":[{"href":"https:\/\/folhapopular.info\/index.php\/wp-json\/wp\/v2\/media?parent=100843"}],"wp:term":[{"taxonomy":"category","embeddable":true,"href":"https:\/\/folhapopular.info\/index.php\/wp-json\/wp\/v2\/categories?post=100843"},{"taxonomy":"post_tag","embeddable":true,"href":"https:\/\/folhapopular.info\/index.php\/wp-json\/wp\/v2\/tags?post=100843"}],"curies":[{"name":"wp","href":"https:\/\/api.w.org\/{rel}","templated":true}]}}