{"id":100941,"date":"2022-03-23T10:30:48","date_gmt":"2022-03-23T13:30:48","guid":{"rendered":"https:\/\/folhapopular.info\/?p=100941"},"modified":"2022-03-23T10:30:51","modified_gmt":"2022-03-23T13:30:51","slug":"incendio-atinge-mato-de-eucalipto-em-fazenda-vilanova-2","status":"publish","type":"post","link":"https:\/\/folhapopular.info\/index.php\/2022\/03\/23\/incendio-atinge-mato-de-eucalipto-em-fazenda-vilanova-2\/","title":{"rendered":"Inc\u00eandio atinge mato de eucalipto em Fazenda Vilanova"},"content":{"rendered":"\n<p>Por volta das 18h30 dessa ter\u00e7a-feira (22\/3), o Corpo de Bombeiros Militar de Estrela atendeu um inc\u00eandio em mato de eucalipto no interior de Fazenda Vilanova. <\/p>\n\n\n\n<p>Cerca de tr\u00eas hectares de mato foram queimados. <\/p>\n\n\n\n<p>Foram utilizados, aproximadamente, mil litros de \u00e1gua no combate \u00e0s chamas. <\/p>\n\n\n\n<p>N\u00e3o houve nenhuma resid\u00eancia atingida.<\/p>\n","protected":false},"excerpt":{"rendered":"<p>Por volta das 18h30 dessa ter\u00e7a-feira (22\/3), o Corpo de Bombeiros Militar de Estrela atendeu um inc\u00eandio em mato de eucalipto no interior de Fazenda Vilanova. Cerca de tr\u00eas hectares de mato foram queimados. Foram utilizados, aproximadamente, mil litros de \u00e1gua no combate \u00e0s chamas. N\u00e3o houve nenhuma resid\u00eancia atingida.<\/p>\n","protected":false},"author":8,"featured_media":100942,"comment_status":"open","ping_status":"open","sticky":false,"template":"","format":"standard","meta":{"pmpro_default_level":"","_jetpack_memberships_contains_paid_content":false,"footnotes":""},"categories":[2,3],"tags":[4977,801,42,3627],"class_list":{"0":"post-100941","1":"post","2":"type-post","3":"status-publish","4":"format-standard","5":"has-post-thumbnail","7":"category-featured","8":"category-geral","9":"tag-eucalipto","10":"tag-fazenda-vilanova","11":"tag-incendio","12":"tag-mato","13":"pmpro-has-access"},"yoast_head":"<!-- This site is optimized with the Yoast SEO plugin v27.5 - https:\/\/yoast.com\/product\/yoast-seo-wordpress\/ -->\n<title>Inc\u00eandio atinge mato de eucalipto em Fazenda Vilanova - Folha Popular<\/title>\n<meta name=\"robots\" content=\"index, follow, max-snippet:-1, max-image-preview:large, max-video-preview:-1\" \/>\n<link rel=\"canonical\" href=\"https:\/\/folhapopular.info\/index.php\/2022\/03\/23\/incendio-atinge-mato-de-eucalipto-em-fazenda-vilanova-2\/\" \/>\n<meta property=\"og:locale\" content=\"pt_BR\" \/>\n<meta property=\"og:type\" content=\"article\" \/>\n<meta property=\"og:title\" content=\"Inc\u00eandio atinge mato de eucalipto em Fazenda Vilanova - Folha Popular\" \/>\n<meta property=\"og:description\" content=\"Por volta das 18h30 dessa ter\u00e7a-feira (22\/3), o Corpo de Bombeiros Militar de Estrela atendeu um inc\u00eandio em mato de eucalipto no interior de Fazenda Vilanova. Cerca de tr\u00eas hectares de mato foram queimados. Foram utilizados, aproximadamente, mil litros de \u00e1gua no combate \u00e0s chamas. N\u00e3o houve nenhuma resid\u00eancia atingida.\" \/>\n<meta property=\"og:url\" content=\"https:\/\/folhapopular.info\/index.php\/2022\/03\/23\/incendio-atinge-mato-de-eucalipto-em-fazenda-vilanova-2\/\" \/>\n<meta property=\"og:site_name\" content=\"Folha Popular\" \/>\n<meta property=\"article:published_time\" content=\"2022-03-23T13:30:48+00:00\" \/>\n<meta property=\"article:modified_time\" content=\"2022-03-23T13:30:51+00:00\" \/>\n<meta property=\"og:image\" content=\"http:\/\/folhapopular.info\/wp-content\/uploads\/2022\/03\/WhatsApp-Image-2022-03-22-at-22.08.41-e1648039856406.jpeg\" \/>\n\t<meta property=\"og:image:width\" content=\"600\" \/>\n\t<meta property=\"og:image:height\" content=\"800\" \/>\n\t<meta property=\"og:image:type\" content=\"image\/jpeg\" \/>\n<meta name=\"author\" content=\"Reda\u00e7\u00e3o Folha Popular\" \/>\n<meta name=\"twitter:card\" content=\"summary_large_image\" \/>\n<meta name=\"twitter:label1\" content=\"Escrito por\" \/>\n\t<meta name=\"twitter:data1\" content=\"Reda\u00e7\u00e3o Folha Popular\" \/>\n\t<meta name=\"twitter:label2\" content=\"Est. tempo de leitura\" \/>\n\t<meta name=\"twitter:data2\" content=\"1 minuto\" \/>\n<script type=\"application\/ld+json\" class=\"yoast-schema-graph\">{\"@context\":\"https:\\\/\\\/schema.org\",\"@graph\":[{\"@type\":\"Article\",\"@id\":\"https:\\\/\\\/folhapopular.info\\\/index.php\\\/2022\\\/03\\\/23\\\/incendio-atinge-mato-de-eucalipto-em-fazenda-vilanova-2\\\/#article\",\"isPartOf\":{\"@id\":\"https:\\\/\\\/folhapopular.info\\\/index.php\\\/2022\\\/03\\\/23\\\/incendio-atinge-mato-de-eucalipto-em-fazenda-vilanova-2\\\/\"},\"author\":{\"name\":\"Reda\u00e7\u00e3o Folha Popular\",\"@id\":\"https:\\\/\\\/folhapopular.info\\\/#\\\/schema\\\/person\\\/2814e8a0df7643585a9ca38bc6eb9d4b\"},\"headline\":\"Inc\u00eandio atinge mato de eucalipto em Fazenda Vilanova\",\"datePublished\":\"2022-03-23T13:30:48+00:00\",\"dateModified\":\"2022-03-23T13:30:51+00:00\",\"mainEntityOfPage\":{\"@id\":\"https:\\\/\\\/folhapopular.info\\\/index.php\\\/2022\\\/03\\\/23\\\/incendio-atinge-mato-de-eucalipto-em-fazenda-vilanova-2\\\/\"},\"wordCount\":63,\"commentCount\":0,\"image\":{\"@id\":\"https:\\\/\\\/folhapopular.info\\\/index.php\\\/2022\\\/03\\\/23\\\/incendio-atinge-mato-de-eucalipto-em-fazenda-vilanova-2\\\/#primaryimage\"},\"thumbnailUrl\":\"https:\\\/\\\/folhapopular.info\\\/wp-content\\\/uploads\\\/2022\\\/03\\\/WhatsApp-Image-2022-03-22-at-22.08.41-e1648039856406.jpeg\",\"keywords\":[\"eucalipto\",\"Fazenda Vilanova\",\"Inc\u00eandio\",\"mato\"],\"articleSection\":[\"Destaques\",\"Geral\"],\"inLanguage\":\"pt-BR\",\"potentialAction\":[{\"@type\":\"CommentAction\",\"name\":\"Comment\",\"target\":[\"https:\\\/\\\/folhapopular.info\\\/index.php\\\/2022\\\/03\\\/23\\\/incendio-atinge-mato-de-eucalipto-em-fazenda-vilanova-2\\\/#respond\"]}]},{\"@type\":\"WebPage\",\"@id\":\"https:\\\/\\\/folhapopular.info\\\/index.php\\\/2022\\\/03\\\/23\\\/incendio-atinge-mato-de-eucalipto-em-fazenda-vilanova-2\\\/\",\"url\":\"https:\\\/\\\/folhapopular.info\\\/index.php\\\/2022\\\/03\\\/23\\\/incendio-atinge-mato-de-eucalipto-em-fazenda-vilanova-2\\\/\",\"name\":\"Inc\u00eandio atinge mato de eucalipto em Fazenda Vilanova - Folha Popular\",\"isPartOf\":{\"@id\":\"https:\\\/\\\/folhapopular.info\\\/#website\"},\"primaryImageOfPage\":{\"@id\":\"https:\\\/\\\/folhapopular.info\\\/index.php\\\/2022\\\/03\\\/23\\\/incendio-atinge-mato-de-eucalipto-em-fazenda-vilanova-2\\\/#primaryimage\"},\"image\":{\"@id\":\"https:\\\/\\\/folhapopular.info\\\/index.php\\\/2022\\\/03\\\/23\\\/incendio-atinge-mato-de-eucalipto-em-fazenda-vilanova-2\\\/#primaryimage\"},\"thumbnailUrl\":\"https:\\\/\\\/folhapopular.info\\\/wp-content\\\/uploads\\\/2022\\\/03\\\/WhatsApp-Image-2022-03-22-at-22.08.41-e1648039856406.jpeg\",\"datePublished\":\"2022-03-23T13:30:48+00:00\",\"dateModified\":\"2022-03-23T13:30:51+00:00\",\"author\":{\"@id\":\"https:\\\/\\\/folhapopular.info\\\/#\\\/schema\\\/person\\\/2814e8a0df7643585a9ca38bc6eb9d4b\"},\"breadcrumb\":{\"@id\":\"https:\\\/\\\/folhapopular.info\\\/index.php\\\/2022\\\/03\\\/23\\\/incendio-atinge-mato-de-eucalipto-em-fazenda-vilanova-2\\\/#breadcrumb\"},\"inLanguage\":\"pt-BR\",\"potentialAction\":[{\"@type\":\"ReadAction\",\"target\":[\"https:\\\/\\\/folhapopular.info\\\/index.php\\\/2022\\\/03\\\/23\\\/incendio-atinge-mato-de-eucalipto-em-fazenda-vilanova-2\\\/\"]}]},{\"@type\":\"ImageObject\",\"inLanguage\":\"pt-BR\",\"@id\":\"https:\\\/\\\/folhapopular.info\\\/index.php\\\/2022\\\/03\\\/23\\\/incendio-atinge-mato-de-eucalipto-em-fazenda-vilanova-2\\\/#primaryimage\",\"url\":\"https:\\\/\\\/folhapopular.info\\\/wp-content\\\/uploads\\\/2022\\\/03\\\/WhatsApp-Image-2022-03-22-at-22.08.41-e1648039856406.jpeg\",\"contentUrl\":\"https:\\\/\\\/folhapopular.info\\\/wp-content\\\/uploads\\\/2022\\\/03\\\/WhatsApp-Image-2022-03-22-at-22.08.41-e1648039856406.jpeg\",\"width\":600,\"height\":800,\"caption\":\"Cr\u00e9dito: Divulga\u00e7\u00e3o\"},{\"@type\":\"BreadcrumbList\",\"@id\":\"https:\\\/\\\/folhapopular.info\\\/index.php\\\/2022\\\/03\\\/23\\\/incendio-atinge-mato-de-eucalipto-em-fazenda-vilanova-2\\\/#breadcrumb\",\"itemListElement\":[{\"@type\":\"ListItem\",\"position\":1,\"name\":\"In\u00edcio\",\"item\":\"https:\\\/\\\/folhapopular.info\\\/\"},{\"@type\":\"ListItem\",\"position\":2,\"name\":\"Inc\u00eandio atinge mato de eucalipto em Fazenda Vilanova\"}]},{\"@type\":\"WebSite\",\"@id\":\"https:\\\/\\\/folhapopular.info\\\/#website\",\"url\":\"https:\\\/\\\/folhapopular.info\\\/\",\"name\":\"Folha Popular\",\"description\":\"Onde voc\u00ea tem vez e voz\",\"potentialAction\":[{\"@type\":\"SearchAction\",\"target\":{\"@type\":\"EntryPoint\",\"urlTemplate\":\"https:\\\/\\\/folhapopular.info\\\/?s={search_term_string}\"},\"query-input\":{\"@type\":\"PropertyValueSpecification\",\"valueRequired\":true,\"valueName\":\"search_term_string\"}}],\"inLanguage\":\"pt-BR\"},{\"@type\":\"Person\",\"@id\":\"https:\\\/\\\/folhapopular.info\\\/#\\\/schema\\\/person\\\/2814e8a0df7643585a9ca38bc6eb9d4b\",\"name\":\"Reda\u00e7\u00e3o Folha Popular\",\"image\":{\"@type\":\"ImageObject\",\"inLanguage\":\"pt-BR\",\"@id\":\"https:\\\/\\\/folhapopular.info\\\/wp-content\\\/uploads\\\/2026\\\/04\\\/Folha-1.webp\",\"url\":\"https:\\\/\\\/folhapopular.info\\\/wp-content\\\/uploads\\\/2026\\\/04\\\/Folha-1.webp\",\"contentUrl\":\"https:\\\/\\\/folhapopular.info\\\/wp-content\\\/uploads\\\/2026\\\/04\\\/Folha-1.webp\",\"caption\":\"Reda\u00e7\u00e3o Folha Popular\"},\"url\":\"https:\\\/\\\/folhapopular.info\\\/index.php\\\/author\\\/redacao\\\/\"}]}<\/script>\n<!-- \/ Yoast SEO plugin. -->","yoast_head_json":{"title":"Inc\u00eandio atinge mato de eucalipto em Fazenda Vilanova - Folha Popular","robots":{"index":"index","follow":"follow","max-snippet":"max-snippet:-1","max-image-preview":"max-image-preview:large","max-video-preview":"max-video-preview:-1"},"canonical":"https:\/\/folhapopular.info\/index.php\/2022\/03\/23\/incendio-atinge-mato-de-eucalipto-em-fazenda-vilanova-2\/","og_locale":"pt_BR","og_type":"article","og_title":"Inc\u00eandio atinge mato de eucalipto em Fazenda Vilanova - Folha Popular","og_description":"Por volta das 18h30 dessa ter\u00e7a-feira (22\/3), o Corpo de Bombeiros Militar de Estrela atendeu um inc\u00eandio em mato de eucalipto no interior de Fazenda Vilanova. Cerca de tr\u00eas hectares de mato foram queimados. Foram utilizados, aproximadamente, mil litros de \u00e1gua no combate \u00e0s chamas. N\u00e3o houve nenhuma resid\u00eancia atingida.","og_url":"https:\/\/folhapopular.info\/index.php\/2022\/03\/23\/incendio-atinge-mato-de-eucalipto-em-fazenda-vilanova-2\/","og_site_name":"Folha Popular","article_published_time":"2022-03-23T13:30:48+00:00","article_modified_time":"2022-03-23T13:30:51+00:00","og_image":[{"width":600,"height":800,"url":"http:\/\/folhapopular.info\/wp-content\/uploads\/2022\/03\/WhatsApp-Image-2022-03-22-at-22.08.41-e1648039856406.jpeg","type":"image\/jpeg"}],"author":"Reda\u00e7\u00e3o Folha Popular","twitter_card":"summary_large_image","twitter_misc":{"Escrito por":"Reda\u00e7\u00e3o Folha Popular","Est. tempo de leitura":"1 minuto"},"schema":{"@context":"https:\/\/schema.org","@graph":[{"@type":"Article","@id":"https:\/\/folhapopular.info\/index.php\/2022\/03\/23\/incendio-atinge-mato-de-eucalipto-em-fazenda-vilanova-2\/#article","isPartOf":{"@id":"https:\/\/folhapopular.info\/index.php\/2022\/03\/23\/incendio-atinge-mato-de-eucalipto-em-fazenda-vilanova-2\/"},"author":{"name":"Reda\u00e7\u00e3o Folha Popular","@id":"https:\/\/folhapopular.info\/#\/schema\/person\/2814e8a0df7643585a9ca38bc6eb9d4b"},"headline":"Inc\u00eandio atinge mato de eucalipto em Fazenda Vilanova","datePublished":"2022-03-23T13:30:48+00:00","dateModified":"2022-03-23T13:30:51+00:00","mainEntityOfPage":{"@id":"https:\/\/folhapopular.info\/index.php\/2022\/03\/23\/incendio-atinge-mato-de-eucalipto-em-fazenda-vilanova-2\/"},"wordCount":63,"commentCount":0,"image":{"@id":"https:\/\/folhapopular.info\/index.php\/2022\/03\/23\/incendio-atinge-mato-de-eucalipto-em-fazenda-vilanova-2\/#primaryimage"},"thumbnailUrl":"https:\/\/folhapopular.info\/wp-content\/uploads\/2022\/03\/WhatsApp-Image-2022-03-22-at-22.08.41-e1648039856406.jpeg","keywords":["eucalipto","Fazenda Vilanova","Inc\u00eandio","mato"],"articleSection":["Destaques","Geral"],"inLanguage":"pt-BR","potentialAction":[{"@type":"CommentAction","name":"Comment","target":["https:\/\/folhapopular.info\/index.php\/2022\/03\/23\/incendio-atinge-mato-de-eucalipto-em-fazenda-vilanova-2\/#respond"]}]},{"@type":"WebPage","@id":"https:\/\/folhapopular.info\/index.php\/2022\/03\/23\/incendio-atinge-mato-de-eucalipto-em-fazenda-vilanova-2\/","url":"https:\/\/folhapopular.info\/index.php\/2022\/03\/23\/incendio-atinge-mato-de-eucalipto-em-fazenda-vilanova-2\/","name":"Inc\u00eandio atinge mato de eucalipto em Fazenda Vilanova - Folha Popular","isPartOf":{"@id":"https:\/\/folhapopular.info\/#website"},"primaryImageOfPage":{"@id":"https:\/\/folhapopular.info\/index.php\/2022\/03\/23\/incendio-atinge-mato-de-eucalipto-em-fazenda-vilanova-2\/#primaryimage"},"image":{"@id":"https:\/\/folhapopular.info\/index.php\/2022\/03\/23\/incendio-atinge-mato-de-eucalipto-em-fazenda-vilanova-2\/#primaryimage"},"thumbnailUrl":"https:\/\/folhapopular.info\/wp-content\/uploads\/2022\/03\/WhatsApp-Image-2022-03-22-at-22.08.41-e1648039856406.jpeg","datePublished":"2022-03-23T13:30:48+00:00","dateModified":"2022-03-23T13:30:51+00:00","author":{"@id":"https:\/\/folhapopular.info\/#\/schema\/person\/2814e8a0df7643585a9ca38bc6eb9d4b"},"breadcrumb":{"@id":"https:\/\/folhapopular.info\/index.php\/2022\/03\/23\/incendio-atinge-mato-de-eucalipto-em-fazenda-vilanova-2\/#breadcrumb"},"inLanguage":"pt-BR","potentialAction":[{"@type":"ReadAction","target":["https:\/\/folhapopular.info\/index.php\/2022\/03\/23\/incendio-atinge-mato-de-eucalipto-em-fazenda-vilanova-2\/"]}]},{"@type":"ImageObject","inLanguage":"pt-BR","@id":"https:\/\/folhapopular.info\/index.php\/2022\/03\/23\/incendio-atinge-mato-de-eucalipto-em-fazenda-vilanova-2\/#primaryimage","url":"https:\/\/folhapopular.info\/wp-content\/uploads\/2022\/03\/WhatsApp-Image-2022-03-22-at-22.08.41-e1648039856406.jpeg","contentUrl":"https:\/\/folhapopular.info\/wp-content\/uploads\/2022\/03\/WhatsApp-Image-2022-03-22-at-22.08.41-e1648039856406.jpeg","width":600,"height":800,"caption":"Cr\u00e9dito: Divulga\u00e7\u00e3o"},{"@type":"BreadcrumbList","@id":"https:\/\/folhapopular.info\/index.php\/2022\/03\/23\/incendio-atinge-mato-de-eucalipto-em-fazenda-vilanova-2\/#breadcrumb","itemListElement":[{"@type":"ListItem","position":1,"name":"In\u00edcio","item":"https:\/\/folhapopular.info\/"},{"@type":"ListItem","position":2,"name":"Inc\u00eandio atinge mato de eucalipto em Fazenda Vilanova"}]},{"@type":"WebSite","@id":"https:\/\/folhapopular.info\/#website","url":"https:\/\/folhapopular.info\/","name":"Folha Popular","description":"Onde voc\u00ea tem vez e voz","potentialAction":[{"@type":"SearchAction","target":{"@type":"EntryPoint","urlTemplate":"https:\/\/folhapopular.info\/?s={search_term_string}"},"query-input":{"@type":"PropertyValueSpecification","valueRequired":true,"valueName":"search_term_string"}}],"inLanguage":"pt-BR"},{"@type":"Person","@id":"https:\/\/folhapopular.info\/#\/schema\/person\/2814e8a0df7643585a9ca38bc6eb9d4b","name":"Reda\u00e7\u00e3o Folha Popular","image":{"@type":"ImageObject","inLanguage":"pt-BR","@id":"https:\/\/folhapopular.info\/wp-content\/uploads\/2026\/04\/Folha-1.webp","url":"https:\/\/folhapopular.info\/wp-content\/uploads\/2026\/04\/Folha-1.webp","contentUrl":"https:\/\/folhapopular.info\/wp-content\/uploads\/2026\/04\/Folha-1.webp","caption":"Reda\u00e7\u00e3o Folha Popular"},"url":"https:\/\/folhapopular.info\/index.php\/author\/redacao\/"}]}},"jetpack_featured_media_url":"https:\/\/folhapopular.info\/wp-content\/uploads\/2022\/03\/WhatsApp-Image-2022-03-22-at-22.08.41-e1648039856406.jpeg","jetpack_sharing_enabled":true,"amp_enabled":true,"_links":{"self":[{"href":"https:\/\/folhapopular.info\/index.php\/wp-json\/wp\/v2\/posts\/100941","targetHints":{"allow":["GET"]}}],"collection":[{"href":"https:\/\/folhapopular.info\/index.php\/wp-json\/wp\/v2\/posts"}],"about":[{"href":"https:\/\/folhapopular.info\/index.php\/wp-json\/wp\/v2\/types\/post"}],"author":[{"embeddable":true,"href":"https:\/\/folhapopular.info\/index.php\/wp-json\/wp\/v2\/users\/8"}],"replies":[{"embeddable":true,"href":"https:\/\/folhapopular.info\/index.php\/wp-json\/wp\/v2\/comments?post=100941"}],"version-history":[{"count":0,"href":"https:\/\/folhapopular.info\/index.php\/wp-json\/wp\/v2\/posts\/100941\/revisions"}],"wp:featuredmedia":[{"embeddable":true,"href":"https:\/\/folhapopular.info\/index.php\/wp-json\/wp\/v2\/media\/100942"}],"wp:attachment":[{"href":"https:\/\/folhapopular.info\/index.php\/wp-json\/wp\/v2\/media?parent=100941"}],"wp:term":[{"taxonomy":"category","embeddable":true,"href":"https:\/\/folhapopular.info\/index.php\/wp-json\/wp\/v2\/categories?post=100941"},{"taxonomy":"post_tag","embeddable":true,"href":"https:\/\/folhapopular.info\/index.php\/wp-json\/wp\/v2\/tags?post=100941"}],"curies":[{"name":"wp","href":"https:\/\/api.w.org\/{rel}","templated":true}]}}