{"id":102246,"date":"2022-04-12T15:24:24","date_gmt":"2022-04-12T18:24:24","guid":{"rendered":"https:\/\/folhapopular.info\/?p=102246"},"modified":"2022-04-12T15:24:28","modified_gmt":"2022-04-12T18:24:28","slug":"sesc-lajeado-recebe-autoridades-da-regiao-para-apresentar-projetos","status":"publish","type":"post","link":"https:\/\/folhapopular.info\/index.php\/2022\/04\/12\/sesc-lajeado-recebe-autoridades-da-regiao-para-apresentar-projetos\/","title":{"rendered":"<strong>Sesc Lajeado recebe autoridades da regi\u00e3o para apresentar projetos<\/strong>"},"content":{"rendered":"\n<p>Nesta quinta-feira (14\/4), a Unidade de Lajeado receber\u00e1 31 munic\u00edpios da regi\u00e3o para apresentar os servi\u00e7os e projetos do Sesc e Senac. O encontro ser\u00e1 a partir das 8h no Teatro do local (Rua Silva Jardim, 135). S\u00e3o esperadas cerca de 200 pessoas, entre prefeitos e secret\u00e1rios municipais das \u00e1reas da Sa\u00fade, Educa\u00e7\u00e3o, Assist\u00eancia Social e Cultura, al\u00e9m de representantes executivos. <\/p>\n\n\n\n<p>O agente de Cultura da Federa\u00e7\u00e3o das Associa\u00e7\u00f5es de Munic\u00edpios do Rio Grande do Sul (Famurs), Vinicius Britto, tamb\u00e9m estar\u00e1 presente e falar\u00e1 sobre os processos culturais e meios de contrata\u00e7\u00f5es nos munic\u00edpios. Gustavo Santos da Rocha, assessor jur\u00eddico da Fecom\u00e9rcio-RS, abordar\u00e1 informa\u00e7\u00f5es jur\u00eddicas sobre parcerias e contratos do Sesc\/RS para a\u00e7\u00f5es com as cidades. Mais informa\u00e7\u00f5es pelo telefone ou WhatsApp (51) 3714-2266.<\/p>\n\n\n\n<p><\/p>\n","protected":false},"excerpt":{"rendered":"<p>Nesta quinta-feira (14\/4), a Unidade de Lajeado receber\u00e1 31 munic\u00edpios da regi\u00e3o para apresentar os servi\u00e7os e projetos do Sesc e Senac. O encontro ser\u00e1 a partir das 8h no Teatro do local (Rua Silva Jardim, 135). S\u00e3o esperadas cerca de 200 pessoas, entre prefeitos e secret\u00e1rios municipais das \u00e1reas da Sa\u00fade, Educa\u00e7\u00e3o, Assist\u00eancia Social [&hellip;]<\/p>\n","protected":false},"author":8,"featured_media":58538,"comment_status":"open","ping_status":"open","sticky":false,"template":"","format":"standard","meta":{"pmpro_default_level":"","_jetpack_memberships_contains_paid_content":false,"footnotes":""},"categories":[2,3],"tags":[35,344,73,2797,27,6250,3693,89,549],"class_list":{"0":"post-102246","1":"post","2":"type-post","3":"status-publish","4":"format-standard","5":"has-post-thumbnail","7":"category-featured","8":"category-geral","9":"tag-assistencia-social","10":"tag-cultura","11":"tag-educacao","12":"tag-famurs","13":"tag-lajeado","14":"tag-projetos","15":"tag-reuniao","16":"tag-saude","17":"tag-sesc","18":"pmpro-has-access"},"yoast_head":"<!-- This site is optimized with the Yoast SEO plugin v27.5 - https:\/\/yoast.com\/product\/yoast-seo-wordpress\/ -->\n<title>Sesc Lajeado recebe autoridades da regi\u00e3o para apresentar projetos - Folha Popular<\/title>\n<meta name=\"robots\" content=\"index, follow, max-snippet:-1, max-image-preview:large, max-video-preview:-1\" \/>\n<link rel=\"canonical\" href=\"https:\/\/folhapopular.info\/index.php\/2022\/04\/12\/sesc-lajeado-recebe-autoridades-da-regiao-para-apresentar-projetos\/\" \/>\n<meta property=\"og:locale\" content=\"pt_BR\" \/>\n<meta property=\"og:type\" content=\"article\" \/>\n<meta property=\"og:title\" content=\"Sesc Lajeado recebe autoridades da regi\u00e3o para apresentar projetos - Folha Popular\" \/>\n<meta property=\"og:description\" content=\"Nesta quinta-feira (14\/4), a Unidade de Lajeado receber\u00e1 31 munic\u00edpios da regi\u00e3o para apresentar os servi\u00e7os e projetos do Sesc e Senac. O encontro ser\u00e1 a partir das 8h no Teatro do local (Rua Silva Jardim, 135). S\u00e3o esperadas cerca de 200 pessoas, entre prefeitos e secret\u00e1rios municipais das \u00e1reas da Sa\u00fade, Educa\u00e7\u00e3o, Assist\u00eancia Social [&hellip;]\" \/>\n<meta property=\"og:url\" content=\"https:\/\/folhapopular.info\/index.php\/2022\/04\/12\/sesc-lajeado-recebe-autoridades-da-regiao-para-apresentar-projetos\/\" \/>\n<meta property=\"og:site_name\" content=\"Folha Popular\" \/>\n<meta property=\"article:published_time\" content=\"2022-04-12T18:24:24+00:00\" \/>\n<meta property=\"article:modified_time\" content=\"2022-04-12T18:24:28+00:00\" \/>\n<meta property=\"og:image\" content=\"http:\/\/folhapopular.info\/wp-content\/uploads\/2019\/09\/Noticias-e1567961441371.jpg\" \/>\n\t<meta property=\"og:image:width\" content=\"800\" \/>\n\t<meta property=\"og:image:height\" content=\"563\" \/>\n\t<meta property=\"og:image:type\" content=\"image\/jpeg\" \/>\n<meta name=\"author\" content=\"Reda\u00e7\u00e3o Folha Popular\" \/>\n<meta name=\"twitter:card\" content=\"summary_large_image\" \/>\n<meta name=\"twitter:label1\" content=\"Escrito por\" \/>\n\t<meta name=\"twitter:data1\" content=\"Reda\u00e7\u00e3o Folha Popular\" \/>\n\t<meta name=\"twitter:label2\" content=\"Est. tempo de leitura\" \/>\n\t<meta name=\"twitter:data2\" content=\"1 minuto\" \/>\n<script type=\"application\/ld+json\" class=\"yoast-schema-graph\">{\"@context\":\"https:\\\/\\\/schema.org\",\"@graph\":[{\"@type\":\"Article\",\"@id\":\"https:\\\/\\\/folhapopular.info\\\/index.php\\\/2022\\\/04\\\/12\\\/sesc-lajeado-recebe-autoridades-da-regiao-para-apresentar-projetos\\\/#article\",\"isPartOf\":{\"@id\":\"https:\\\/\\\/folhapopular.info\\\/index.php\\\/2022\\\/04\\\/12\\\/sesc-lajeado-recebe-autoridades-da-regiao-para-apresentar-projetos\\\/\"},\"author\":{\"name\":\"Reda\u00e7\u00e3o Folha Popular\",\"@id\":\"https:\\\/\\\/folhapopular.info\\\/#\\\/schema\\\/person\\\/2814e8a0df7643585a9ca38bc6eb9d4b\"},\"headline\":\"Sesc Lajeado recebe autoridades da regi\u00e3o para apresentar projetos\",\"datePublished\":\"2022-04-12T18:24:24+00:00\",\"dateModified\":\"2022-04-12T18:24:28+00:00\",\"mainEntityOfPage\":{\"@id\":\"https:\\\/\\\/folhapopular.info\\\/index.php\\\/2022\\\/04\\\/12\\\/sesc-lajeado-recebe-autoridades-da-regiao-para-apresentar-projetos\\\/\"},\"wordCount\":151,\"commentCount\":0,\"image\":{\"@id\":\"https:\\\/\\\/folhapopular.info\\\/index.php\\\/2022\\\/04\\\/12\\\/sesc-lajeado-recebe-autoridades-da-regiao-para-apresentar-projetos\\\/#primaryimage\"},\"thumbnailUrl\":\"https:\\\/\\\/folhapopular.info\\\/wp-content\\\/uploads\\\/2019\\\/09\\\/Noticias-e1567961441371.jpg\",\"keywords\":[\"Assist\u00eancia Social\",\"Cultura\",\"Educa\u00e7\u00e3o\",\"Famurs\",\"Lajeado\",\"Projetos\",\"reuni\u00e3o\",\"Sa\u00fade\",\"SESC\"],\"articleSection\":[\"Destaques\",\"Geral\"],\"inLanguage\":\"pt-BR\",\"potentialAction\":[{\"@type\":\"CommentAction\",\"name\":\"Comment\",\"target\":[\"https:\\\/\\\/folhapopular.info\\\/index.php\\\/2022\\\/04\\\/12\\\/sesc-lajeado-recebe-autoridades-da-regiao-para-apresentar-projetos\\\/#respond\"]}]},{\"@type\":\"WebPage\",\"@id\":\"https:\\\/\\\/folhapopular.info\\\/index.php\\\/2022\\\/04\\\/12\\\/sesc-lajeado-recebe-autoridades-da-regiao-para-apresentar-projetos\\\/\",\"url\":\"https:\\\/\\\/folhapopular.info\\\/index.php\\\/2022\\\/04\\\/12\\\/sesc-lajeado-recebe-autoridades-da-regiao-para-apresentar-projetos\\\/\",\"name\":\"Sesc Lajeado recebe autoridades da regi\u00e3o para apresentar projetos - Folha Popular\",\"isPartOf\":{\"@id\":\"https:\\\/\\\/folhapopular.info\\\/#website\"},\"primaryImageOfPage\":{\"@id\":\"https:\\\/\\\/folhapopular.info\\\/index.php\\\/2022\\\/04\\\/12\\\/sesc-lajeado-recebe-autoridades-da-regiao-para-apresentar-projetos\\\/#primaryimage\"},\"image\":{\"@id\":\"https:\\\/\\\/folhapopular.info\\\/index.php\\\/2022\\\/04\\\/12\\\/sesc-lajeado-recebe-autoridades-da-regiao-para-apresentar-projetos\\\/#primaryimage\"},\"thumbnailUrl\":\"https:\\\/\\\/folhapopular.info\\\/wp-content\\\/uploads\\\/2019\\\/09\\\/Noticias-e1567961441371.jpg\",\"datePublished\":\"2022-04-12T18:24:24+00:00\",\"dateModified\":\"2022-04-12T18:24:28+00:00\",\"author\":{\"@id\":\"https:\\\/\\\/folhapopular.info\\\/#\\\/schema\\\/person\\\/2814e8a0df7643585a9ca38bc6eb9d4b\"},\"breadcrumb\":{\"@id\":\"https:\\\/\\\/folhapopular.info\\\/index.php\\\/2022\\\/04\\\/12\\\/sesc-lajeado-recebe-autoridades-da-regiao-para-apresentar-projetos\\\/#breadcrumb\"},\"inLanguage\":\"pt-BR\",\"potentialAction\":[{\"@type\":\"ReadAction\",\"target\":[\"https:\\\/\\\/folhapopular.info\\\/index.php\\\/2022\\\/04\\\/12\\\/sesc-lajeado-recebe-autoridades-da-regiao-para-apresentar-projetos\\\/\"]}]},{\"@type\":\"ImageObject\",\"inLanguage\":\"pt-BR\",\"@id\":\"https:\\\/\\\/folhapopular.info\\\/index.php\\\/2022\\\/04\\\/12\\\/sesc-lajeado-recebe-autoridades-da-regiao-para-apresentar-projetos\\\/#primaryimage\",\"url\":\"https:\\\/\\\/folhapopular.info\\\/wp-content\\\/uploads\\\/2019\\\/09\\\/Noticias-e1567961441371.jpg\",\"contentUrl\":\"https:\\\/\\\/folhapopular.info\\\/wp-content\\\/uploads\\\/2019\\\/09\\\/Noticias-e1567961441371.jpg\",\"width\":800,\"height\":563,\"caption\":\"Cr\u00e9dito da arte: J\u00falia Caroline Geib \\\/ Divulga\u00e7\u00e3o\"},{\"@type\":\"BreadcrumbList\",\"@id\":\"https:\\\/\\\/folhapopular.info\\\/index.php\\\/2022\\\/04\\\/12\\\/sesc-lajeado-recebe-autoridades-da-regiao-para-apresentar-projetos\\\/#breadcrumb\",\"itemListElement\":[{\"@type\":\"ListItem\",\"position\":1,\"name\":\"In\u00edcio\",\"item\":\"https:\\\/\\\/folhapopular.info\\\/\"},{\"@type\":\"ListItem\",\"position\":2,\"name\":\"Sesc Lajeado recebe autoridades da regi\u00e3o para apresentar projetos\"}]},{\"@type\":\"WebSite\",\"@id\":\"https:\\\/\\\/folhapopular.info\\\/#website\",\"url\":\"https:\\\/\\\/folhapopular.info\\\/\",\"name\":\"Folha Popular\",\"description\":\"Onde voc\u00ea tem vez e voz\",\"potentialAction\":[{\"@type\":\"SearchAction\",\"target\":{\"@type\":\"EntryPoint\",\"urlTemplate\":\"https:\\\/\\\/folhapopular.info\\\/?s={search_term_string}\"},\"query-input\":{\"@type\":\"PropertyValueSpecification\",\"valueRequired\":true,\"valueName\":\"search_term_string\"}}],\"inLanguage\":\"pt-BR\"},{\"@type\":\"Person\",\"@id\":\"https:\\\/\\\/folhapopular.info\\\/#\\\/schema\\\/person\\\/2814e8a0df7643585a9ca38bc6eb9d4b\",\"name\":\"Reda\u00e7\u00e3o Folha Popular\",\"image\":{\"@type\":\"ImageObject\",\"inLanguage\":\"pt-BR\",\"@id\":\"https:\\\/\\\/folhapopular.info\\\/wp-content\\\/uploads\\\/2026\\\/04\\\/Folha-1.webp\",\"url\":\"https:\\\/\\\/folhapopular.info\\\/wp-content\\\/uploads\\\/2026\\\/04\\\/Folha-1.webp\",\"contentUrl\":\"https:\\\/\\\/folhapopular.info\\\/wp-content\\\/uploads\\\/2026\\\/04\\\/Folha-1.webp\",\"caption\":\"Reda\u00e7\u00e3o Folha Popular\"},\"url\":\"https:\\\/\\\/folhapopular.info\\\/index.php\\\/author\\\/redacao\\\/\"}]}<\/script>\n<!-- \/ Yoast SEO plugin. -->","yoast_head_json":{"title":"Sesc Lajeado recebe autoridades da regi\u00e3o para apresentar projetos - Folha Popular","robots":{"index":"index","follow":"follow","max-snippet":"max-snippet:-1","max-image-preview":"max-image-preview:large","max-video-preview":"max-video-preview:-1"},"canonical":"https:\/\/folhapopular.info\/index.php\/2022\/04\/12\/sesc-lajeado-recebe-autoridades-da-regiao-para-apresentar-projetos\/","og_locale":"pt_BR","og_type":"article","og_title":"Sesc Lajeado recebe autoridades da regi\u00e3o para apresentar projetos - Folha Popular","og_description":"Nesta quinta-feira (14\/4), a Unidade de Lajeado receber\u00e1 31 munic\u00edpios da regi\u00e3o para apresentar os servi\u00e7os e projetos do Sesc e Senac. O encontro ser\u00e1 a partir das 8h no Teatro do local (Rua Silva Jardim, 135). S\u00e3o esperadas cerca de 200 pessoas, entre prefeitos e secret\u00e1rios municipais das \u00e1reas da Sa\u00fade, Educa\u00e7\u00e3o, Assist\u00eancia Social [&hellip;]","og_url":"https:\/\/folhapopular.info\/index.php\/2022\/04\/12\/sesc-lajeado-recebe-autoridades-da-regiao-para-apresentar-projetos\/","og_site_name":"Folha Popular","article_published_time":"2022-04-12T18:24:24+00:00","article_modified_time":"2022-04-12T18:24:28+00:00","og_image":[{"width":800,"height":563,"url":"http:\/\/folhapopular.info\/wp-content\/uploads\/2019\/09\/Noticias-e1567961441371.jpg","type":"image\/jpeg"}],"author":"Reda\u00e7\u00e3o Folha Popular","twitter_card":"summary_large_image","twitter_misc":{"Escrito por":"Reda\u00e7\u00e3o Folha Popular","Est. tempo de leitura":"1 minuto"},"schema":{"@context":"https:\/\/schema.org","@graph":[{"@type":"Article","@id":"https:\/\/folhapopular.info\/index.php\/2022\/04\/12\/sesc-lajeado-recebe-autoridades-da-regiao-para-apresentar-projetos\/#article","isPartOf":{"@id":"https:\/\/folhapopular.info\/index.php\/2022\/04\/12\/sesc-lajeado-recebe-autoridades-da-regiao-para-apresentar-projetos\/"},"author":{"name":"Reda\u00e7\u00e3o Folha Popular","@id":"https:\/\/folhapopular.info\/#\/schema\/person\/2814e8a0df7643585a9ca38bc6eb9d4b"},"headline":"Sesc Lajeado recebe autoridades da regi\u00e3o para apresentar projetos","datePublished":"2022-04-12T18:24:24+00:00","dateModified":"2022-04-12T18:24:28+00:00","mainEntityOfPage":{"@id":"https:\/\/folhapopular.info\/index.php\/2022\/04\/12\/sesc-lajeado-recebe-autoridades-da-regiao-para-apresentar-projetos\/"},"wordCount":151,"commentCount":0,"image":{"@id":"https:\/\/folhapopular.info\/index.php\/2022\/04\/12\/sesc-lajeado-recebe-autoridades-da-regiao-para-apresentar-projetos\/#primaryimage"},"thumbnailUrl":"https:\/\/folhapopular.info\/wp-content\/uploads\/2019\/09\/Noticias-e1567961441371.jpg","keywords":["Assist\u00eancia Social","Cultura","Educa\u00e7\u00e3o","Famurs","Lajeado","Projetos","reuni\u00e3o","Sa\u00fade","SESC"],"articleSection":["Destaques","Geral"],"inLanguage":"pt-BR","potentialAction":[{"@type":"CommentAction","name":"Comment","target":["https:\/\/folhapopular.info\/index.php\/2022\/04\/12\/sesc-lajeado-recebe-autoridades-da-regiao-para-apresentar-projetos\/#respond"]}]},{"@type":"WebPage","@id":"https:\/\/folhapopular.info\/index.php\/2022\/04\/12\/sesc-lajeado-recebe-autoridades-da-regiao-para-apresentar-projetos\/","url":"https:\/\/folhapopular.info\/index.php\/2022\/04\/12\/sesc-lajeado-recebe-autoridades-da-regiao-para-apresentar-projetos\/","name":"Sesc Lajeado recebe autoridades da regi\u00e3o para apresentar projetos - Folha Popular","isPartOf":{"@id":"https:\/\/folhapopular.info\/#website"},"primaryImageOfPage":{"@id":"https:\/\/folhapopular.info\/index.php\/2022\/04\/12\/sesc-lajeado-recebe-autoridades-da-regiao-para-apresentar-projetos\/#primaryimage"},"image":{"@id":"https:\/\/folhapopular.info\/index.php\/2022\/04\/12\/sesc-lajeado-recebe-autoridades-da-regiao-para-apresentar-projetos\/#primaryimage"},"thumbnailUrl":"https:\/\/folhapopular.info\/wp-content\/uploads\/2019\/09\/Noticias-e1567961441371.jpg","datePublished":"2022-04-12T18:24:24+00:00","dateModified":"2022-04-12T18:24:28+00:00","author":{"@id":"https:\/\/folhapopular.info\/#\/schema\/person\/2814e8a0df7643585a9ca38bc6eb9d4b"},"breadcrumb":{"@id":"https:\/\/folhapopular.info\/index.php\/2022\/04\/12\/sesc-lajeado-recebe-autoridades-da-regiao-para-apresentar-projetos\/#breadcrumb"},"inLanguage":"pt-BR","potentialAction":[{"@type":"ReadAction","target":["https:\/\/folhapopular.info\/index.php\/2022\/04\/12\/sesc-lajeado-recebe-autoridades-da-regiao-para-apresentar-projetos\/"]}]},{"@type":"ImageObject","inLanguage":"pt-BR","@id":"https:\/\/folhapopular.info\/index.php\/2022\/04\/12\/sesc-lajeado-recebe-autoridades-da-regiao-para-apresentar-projetos\/#primaryimage","url":"https:\/\/folhapopular.info\/wp-content\/uploads\/2019\/09\/Noticias-e1567961441371.jpg","contentUrl":"https:\/\/folhapopular.info\/wp-content\/uploads\/2019\/09\/Noticias-e1567961441371.jpg","width":800,"height":563,"caption":"Cr\u00e9dito da arte: J\u00falia Caroline Geib \/ Divulga\u00e7\u00e3o"},{"@type":"BreadcrumbList","@id":"https:\/\/folhapopular.info\/index.php\/2022\/04\/12\/sesc-lajeado-recebe-autoridades-da-regiao-para-apresentar-projetos\/#breadcrumb","itemListElement":[{"@type":"ListItem","position":1,"name":"In\u00edcio","item":"https:\/\/folhapopular.info\/"},{"@type":"ListItem","position":2,"name":"Sesc Lajeado recebe autoridades da regi\u00e3o para apresentar projetos"}]},{"@type":"WebSite","@id":"https:\/\/folhapopular.info\/#website","url":"https:\/\/folhapopular.info\/","name":"Folha Popular","description":"Onde voc\u00ea tem vez e voz","potentialAction":[{"@type":"SearchAction","target":{"@type":"EntryPoint","urlTemplate":"https:\/\/folhapopular.info\/?s={search_term_string}"},"query-input":{"@type":"PropertyValueSpecification","valueRequired":true,"valueName":"search_term_string"}}],"inLanguage":"pt-BR"},{"@type":"Person","@id":"https:\/\/folhapopular.info\/#\/schema\/person\/2814e8a0df7643585a9ca38bc6eb9d4b","name":"Reda\u00e7\u00e3o Folha Popular","image":{"@type":"ImageObject","inLanguage":"pt-BR","@id":"https:\/\/folhapopular.info\/wp-content\/uploads\/2026\/04\/Folha-1.webp","url":"https:\/\/folhapopular.info\/wp-content\/uploads\/2026\/04\/Folha-1.webp","contentUrl":"https:\/\/folhapopular.info\/wp-content\/uploads\/2026\/04\/Folha-1.webp","caption":"Reda\u00e7\u00e3o Folha Popular"},"url":"https:\/\/folhapopular.info\/index.php\/author\/redacao\/"}]}},"jetpack_featured_media_url":"https:\/\/folhapopular.info\/wp-content\/uploads\/2019\/09\/Noticias-e1567961441371.jpg","jetpack_sharing_enabled":true,"amp_enabled":true,"_links":{"self":[{"href":"https:\/\/folhapopular.info\/index.php\/wp-json\/wp\/v2\/posts\/102246","targetHints":{"allow":["GET"]}}],"collection":[{"href":"https:\/\/folhapopular.info\/index.php\/wp-json\/wp\/v2\/posts"}],"about":[{"href":"https:\/\/folhapopular.info\/index.php\/wp-json\/wp\/v2\/types\/post"}],"author":[{"embeddable":true,"href":"https:\/\/folhapopular.info\/index.php\/wp-json\/wp\/v2\/users\/8"}],"replies":[{"embeddable":true,"href":"https:\/\/folhapopular.info\/index.php\/wp-json\/wp\/v2\/comments?post=102246"}],"version-history":[{"count":0,"href":"https:\/\/folhapopular.info\/index.php\/wp-json\/wp\/v2\/posts\/102246\/revisions"}],"wp:featuredmedia":[{"embeddable":true,"href":"https:\/\/folhapopular.info\/index.php\/wp-json\/wp\/v2\/media\/58538"}],"wp:attachment":[{"href":"https:\/\/folhapopular.info\/index.php\/wp-json\/wp\/v2\/media?parent=102246"}],"wp:term":[{"taxonomy":"category","embeddable":true,"href":"https:\/\/folhapopular.info\/index.php\/wp-json\/wp\/v2\/categories?post=102246"},{"taxonomy":"post_tag","embeddable":true,"href":"https:\/\/folhapopular.info\/index.php\/wp-json\/wp\/v2\/tags?post=102246"}],"curies":[{"name":"wp","href":"https:\/\/api.w.org\/{rel}","templated":true}]}}