{"id":102473,"date":"2022-04-14T14:23:28","date_gmt":"2022-04-14T17:23:28","guid":{"rendered":"https:\/\/folhapopular.info\/?p=102473"},"modified":"2022-04-14T14:24:35","modified_gmt":"2022-04-14T17:24:35","slug":"praca-revitalizada-sera-entregue-a-populacao-de-estrela","status":"publish","type":"post","link":"https:\/\/folhapopular.info\/index.php\/2022\/04\/14\/praca-revitalizada-sera-entregue-a-populacao-de-estrela\/","title":{"rendered":"Pra\u00e7a revitalizada ser\u00e1 entregue \u00e0 popula\u00e7\u00e3o de Estrela"},"content":{"rendered":"\n<p>O governo de Estrela reinaugura neste s\u00e1bado (16\/4) a pra\u00e7a localizada nas esquinas das Ruas Osvaldo Augusto Muller e Guilherme Bohmer, no Bairro Boa Uni\u00e3o. A pra\u00e7a revitalizada leva agora o nome de Pra\u00e7a Armando Str\u00f6her. O evento inicia \u00e0s 10h.<\/p>\n\n\n\n<p>O local possu\u00eda&nbsp;apenas alguns bancos e um pequeno balan\u00e7o, agora ganhou novos assentos e ter\u00e1 novos brinquedos infantis, ajardinamento, britas e ilumina\u00e7\u00e3o. A revitaliza\u00e7\u00e3o faz parte do Programa de Revitaliza\u00e7\u00e3o de Pra\u00e7as de Estrela.<\/p>\n\n\n\n<p>O espa\u00e7o \u00e9 o primeiro entre as 30 pra\u00e7as p\u00fablicas que passar\u00e3o por um processo de melhorias nos pr\u00f3ximos meses. No s\u00e1bado seguinte (23\/4), tamb\u00e9m \u00e0s 10h, ser\u00e1 a vez da pra\u00e7a localizada no Loteamento Nova Morada ser entregue com a nova estrutura.<\/p>\n\n\n\n<figure class=\"wp-block-gallery has-nested-images columns-default is-cropped wp-block-gallery-1 is-layout-flex wp-block-gallery-is-layout-flex\">\n<figure class=\"wp-block-image size-large\" style=\"margin-top:3px\"><img loading=\"lazy\" decoding=\"async\" width=\"1024\" height=\"576\" data-id=\"102476\" src=\"https:\/\/folhapopular.info\/wp-content\/uploads\/2022\/04\/14.04-Praca-Armando-S.-Boa-Uniao-revitalizada-Angeli-5-1024x576.jpg\" alt=\"\" class=\"wp-image-102476\" srcset=\"https:\/\/folhapopular.info\/wp-content\/uploads\/2022\/04\/14.04-Praca-Armando-S.-Boa-Uniao-revitalizada-Angeli-5-1024x576.jpg 1024w, https:\/\/folhapopular.info\/wp-content\/uploads\/2022\/04\/14.04-Praca-Armando-S.-Boa-Uniao-revitalizada-Angeli-5-300x169.jpg 300w, https:\/\/folhapopular.info\/wp-content\/uploads\/2022\/04\/14.04-Praca-Armando-S.-Boa-Uniao-revitalizada-Angeli-5-768x432.jpg 768w, https:\/\/folhapopular.info\/wp-content\/uploads\/2022\/04\/14.04-Praca-Armando-S.-Boa-Uniao-revitalizada-Angeli-5-1536x864.jpg 1536w, https:\/\/folhapopular.info\/wp-content\/uploads\/2022\/04\/14.04-Praca-Armando-S.-Boa-Uniao-revitalizada-Angeli-5-696x392.jpg 696w, https:\/\/folhapopular.info\/wp-content\/uploads\/2022\/04\/14.04-Praca-Armando-S.-Boa-Uniao-revitalizada-Angeli-5-1068x601.jpg 1068w, https:\/\/folhapopular.info\/wp-content\/uploads\/2022\/04\/14.04-Praca-Armando-S.-Boa-Uniao-revitalizada-Angeli-5.jpg 1920w\" sizes=\"auto, (max-width: 1024px) 100vw, 1024px\" \/><figcaption><em>Local ganhou ilumina\u00e7\u00e3o e foram tomados cuidados com ajardinamento<\/em> \/ Cr\u00e9dito: Rodrigo Angeli \/ Governo de Estrela \/ Divulga\u00e7\u00e3o <\/figcaption><\/figure>\n\n\n\n<figure class=\"wp-block-image size-large\" style=\"margin-top:3px\"><img loading=\"lazy\" decoding=\"async\" width=\"1024\" height=\"576\" data-id=\"102477\" src=\"https:\/\/folhapopular.info\/wp-content\/uploads\/2022\/04\/14.04-Praca-Armando-S.-Boa-Uniao-revitalizada-Angeli-1-1024x576.jpg\" alt=\"\" class=\"wp-image-102477\" title=\"\" srcset=\"https:\/\/folhapopular.info\/wp-content\/uploads\/2022\/04\/14.04-Praca-Armando-S.-Boa-Uniao-revitalizada-Angeli-1-1024x576.jpg 1024w, https:\/\/folhapopular.info\/wp-content\/uploads\/2022\/04\/14.04-Praca-Armando-S.-Boa-Uniao-revitalizada-Angeli-1-300x169.jpg 300w, https:\/\/folhapopular.info\/wp-content\/uploads\/2022\/04\/14.04-Praca-Armando-S.-Boa-Uniao-revitalizada-Angeli-1-768x432.jpg 768w, https:\/\/folhapopular.info\/wp-content\/uploads\/2022\/04\/14.04-Praca-Armando-S.-Boa-Uniao-revitalizada-Angeli-1-1536x864.jpg 1536w, https:\/\/folhapopular.info\/wp-content\/uploads\/2022\/04\/14.04-Praca-Armando-S.-Boa-Uniao-revitalizada-Angeli-1-696x392.jpg 696w, https:\/\/folhapopular.info\/wp-content\/uploads\/2022\/04\/14.04-Praca-Armando-S.-Boa-Uniao-revitalizada-Angeli-1-1068x601.jpg 1068w, https:\/\/folhapopular.info\/wp-content\/uploads\/2022\/04\/14.04-Praca-Armando-S.-Boa-Uniao-revitalizada-Angeli-1.jpg 1920w\" sizes=\"auto, (max-width: 1024px) 100vw, 1024px\" \/><figcaption><em>Novos bancos j\u00e1 ocupavam o local e novos brinquedos ser\u00e3o instalados nas pr\u00f3ximas horas<\/em> \/  Cr\u00e9dito: Rodrigo Angeli \/ Governo de Estrela \/ Divulga\u00e7\u00e3o <\/figcaption><\/figure>\n<\/figure>\n\n\n\n<p>O programa \u00e9 uma compet\u00eancia da Secretaria Municipal de Infraestrutura Urbana de Estrela, e tem como respons\u00e1vel Edmilson Bella. A meta com o programa \u00e9 criar um invent\u00e1rio destes espa\u00e7os e com isso formar um banco de dados para ter um maior controle, dos objetos e brinquedos que estes espa\u00e7os possuem, ou at\u00e9 mesmo datas de suas \u00faltimas manuten\u00e7\u00f5es, como forma de fazer com que isso ocorra de forma mais constante. \u201c\u00c0 medida que vamos recebendo mais recursos para este fim, passamos a realizar melhorias em outras de nossas pra\u00e7as, com o prop\u00f3sito de tornar isso algo rotineiro\u201d, explica o secret\u00e1rio.<\/p>\n\n\n\n<p><strong>Manduca<br><\/strong>Conforme a lei n\u00ba 7.529, de dezembro do ano passado, o local ter\u00e1 a denomina\u00e7\u00e3o de Pra\u00e7a Armando Str\u00f6her. O homenageado, que era mais conhecido como \u201cManduca\u201d, foi morador do bairro Boa Uni\u00e3o&nbsp;por mais de cinco d\u00e9cadas, o viu crescer e fez parte de sua hist\u00f3ria como l\u00edder comunit\u00e1rio e empresarial.<\/p>\n\n\n\n<p><br><\/p>\n","protected":false},"excerpt":{"rendered":"<p>O governo de Estrela reinaugura neste s\u00e1bado (16\/4) a pra\u00e7a localizada nas esquinas das Ruas Osvaldo Augusto Muller e Guilherme Bohmer, no Bairro Boa Uni\u00e3o. A pra\u00e7a revitalizada leva agora o nome de Pra\u00e7a Armando Str\u00f6her. O evento inicia \u00e0s 10h. O local possu\u00eda&nbsp;apenas alguns bancos e um pequeno balan\u00e7o, agora ganhou novos assentos e [&hellip;]<\/p>\n","protected":false},"author":8,"featured_media":102475,"comment_status":"open","ping_status":"open","sticky":false,"template":"","format":"standard","meta":{"pmpro_default_level":"","_jetpack_memberships_contains_paid_content":false,"footnotes":""},"categories":[2,3],"tags":[8697,8,4535,4774,1035],"class_list":{"0":"post-102473","1":"post","2":"type-post","3":"status-publish","4":"format-standard","5":"has-post-thumbnail","7":"category-featured","8":"category-geral","9":"tag-espaco-publico","10":"tag-estrela","11":"tag-governo-de-estrela","12":"tag-praca","13":"tag-revitalizacao","14":"pmpro-has-access"},"yoast_head":"<!-- This site is optimized with the Yoast SEO plugin v27.5 - https:\/\/yoast.com\/product\/yoast-seo-wordpress\/ -->\n<title>Pra\u00e7a revitalizada ser\u00e1 entregue \u00e0 popula\u00e7\u00e3o de Estrela - Folha Popular<\/title>\n<meta name=\"robots\" content=\"index, follow, max-snippet:-1, max-image-preview:large, max-video-preview:-1\" \/>\n<link rel=\"canonical\" href=\"https:\/\/folhapopular.info\/index.php\/2022\/04\/14\/praca-revitalizada-sera-entregue-a-populacao-de-estrela\/\" \/>\n<meta property=\"og:locale\" content=\"pt_BR\" \/>\n<meta property=\"og:type\" content=\"article\" \/>\n<meta property=\"og:title\" content=\"Pra\u00e7a revitalizada ser\u00e1 entregue \u00e0 popula\u00e7\u00e3o de Estrela - Folha Popular\" \/>\n<meta property=\"og:description\" content=\"O governo de Estrela reinaugura neste s\u00e1bado (16\/4) a pra\u00e7a localizada nas esquinas das Ruas Osvaldo Augusto Muller e Guilherme Bohmer, no Bairro Boa Uni\u00e3o. A pra\u00e7a revitalizada leva agora o nome de Pra\u00e7a Armando Str\u00f6her. O evento inicia \u00e0s 10h. O local possu\u00eda&nbsp;apenas alguns bancos e um pequeno balan\u00e7o, agora ganhou novos assentos e [&hellip;]\" \/>\n<meta property=\"og:url\" content=\"https:\/\/folhapopular.info\/index.php\/2022\/04\/14\/praca-revitalizada-sera-entregue-a-populacao-de-estrela\/\" \/>\n<meta property=\"og:site_name\" content=\"Folha Popular\" \/>\n<meta property=\"article:published_time\" content=\"2022-04-14T17:23:28+00:00\" \/>\n<meta property=\"article:modified_time\" content=\"2022-04-14T17:24:35+00:00\" \/>\n<meta property=\"og:image\" content=\"http:\/\/folhapopular.info\/wp-content\/uploads\/2022\/04\/14.04-Praca-Armando-S.-Boa-Uniao-revitalizada-Angeli-4-e1649956018388.jpg\" \/>\n\t<meta property=\"og:image:width\" content=\"800\" \/>\n\t<meta property=\"og:image:height\" content=\"450\" \/>\n\t<meta property=\"og:image:type\" content=\"image\/jpeg\" \/>\n<meta name=\"author\" content=\"Reda\u00e7\u00e3o Folha Popular\" \/>\n<meta name=\"twitter:card\" content=\"summary_large_image\" \/>\n<meta name=\"twitter:label1\" content=\"Escrito por\" \/>\n\t<meta name=\"twitter:data1\" content=\"Reda\u00e7\u00e3o Folha Popular\" \/>\n\t<meta name=\"twitter:label2\" content=\"Est. tempo de leitura\" \/>\n\t<meta name=\"twitter:data2\" content=\"3 minutos\" \/>\n<script type=\"application\/ld+json\" class=\"yoast-schema-graph\">{\"@context\":\"https:\\\/\\\/schema.org\",\"@graph\":[{\"@type\":\"Article\",\"@id\":\"https:\\\/\\\/folhapopular.info\\\/index.php\\\/2022\\\/04\\\/14\\\/praca-revitalizada-sera-entregue-a-populacao-de-estrela\\\/#article\",\"isPartOf\":{\"@id\":\"https:\\\/\\\/folhapopular.info\\\/index.php\\\/2022\\\/04\\\/14\\\/praca-revitalizada-sera-entregue-a-populacao-de-estrela\\\/\"},\"author\":{\"name\":\"Reda\u00e7\u00e3o Folha Popular\",\"@id\":\"https:\\\/\\\/folhapopular.info\\\/#\\\/schema\\\/person\\\/2814e8a0df7643585a9ca38bc6eb9d4b\"},\"headline\":\"Pra\u00e7a revitalizada ser\u00e1 entregue \u00e0 popula\u00e7\u00e3o de Estrela\",\"datePublished\":\"2022-04-14T17:23:28+00:00\",\"dateModified\":\"2022-04-14T17:24:35+00:00\",\"mainEntityOfPage\":{\"@id\":\"https:\\\/\\\/folhapopular.info\\\/index.php\\\/2022\\\/04\\\/14\\\/praca-revitalizada-sera-entregue-a-populacao-de-estrela\\\/\"},\"wordCount\":357,\"commentCount\":0,\"image\":{\"@id\":\"https:\\\/\\\/folhapopular.info\\\/index.php\\\/2022\\\/04\\\/14\\\/praca-revitalizada-sera-entregue-a-populacao-de-estrela\\\/#primaryimage\"},\"thumbnailUrl\":\"https:\\\/\\\/folhapopular.info\\\/wp-content\\\/uploads\\\/2022\\\/04\\\/14.04-Praca-Armando-S.-Boa-Uniao-revitalizada-Angeli-4-e1649956018388.jpg\",\"keywords\":[\"Espa\u00e7o p\u00fablico\",\"Estrela\",\"Governo de Estrela\",\"Pra\u00e7a\",\"Revitaliza\u00e7\u00e3o\"],\"articleSection\":[\"Destaques\",\"Geral\"],\"inLanguage\":\"pt-BR\",\"potentialAction\":[{\"@type\":\"CommentAction\",\"name\":\"Comment\",\"target\":[\"https:\\\/\\\/folhapopular.info\\\/index.php\\\/2022\\\/04\\\/14\\\/praca-revitalizada-sera-entregue-a-populacao-de-estrela\\\/#respond\"]}]},{\"@type\":\"WebPage\",\"@id\":\"https:\\\/\\\/folhapopular.info\\\/index.php\\\/2022\\\/04\\\/14\\\/praca-revitalizada-sera-entregue-a-populacao-de-estrela\\\/\",\"url\":\"https:\\\/\\\/folhapopular.info\\\/index.php\\\/2022\\\/04\\\/14\\\/praca-revitalizada-sera-entregue-a-populacao-de-estrela\\\/\",\"name\":\"Pra\u00e7a revitalizada ser\u00e1 entregue \u00e0 popula\u00e7\u00e3o de Estrela - Folha Popular\",\"isPartOf\":{\"@id\":\"https:\\\/\\\/folhapopular.info\\\/#website\"},\"primaryImageOfPage\":{\"@id\":\"https:\\\/\\\/folhapopular.info\\\/index.php\\\/2022\\\/04\\\/14\\\/praca-revitalizada-sera-entregue-a-populacao-de-estrela\\\/#primaryimage\"},\"image\":{\"@id\":\"https:\\\/\\\/folhapopular.info\\\/index.php\\\/2022\\\/04\\\/14\\\/praca-revitalizada-sera-entregue-a-populacao-de-estrela\\\/#primaryimage\"},\"thumbnailUrl\":\"https:\\\/\\\/folhapopular.info\\\/wp-content\\\/uploads\\\/2022\\\/04\\\/14.04-Praca-Armando-S.-Boa-Uniao-revitalizada-Angeli-4-e1649956018388.jpg\",\"datePublished\":\"2022-04-14T17:23:28+00:00\",\"dateModified\":\"2022-04-14T17:24:35+00:00\",\"author\":{\"@id\":\"https:\\\/\\\/folhapopular.info\\\/#\\\/schema\\\/person\\\/2814e8a0df7643585a9ca38bc6eb9d4b\"},\"breadcrumb\":{\"@id\":\"https:\\\/\\\/folhapopular.info\\\/index.php\\\/2022\\\/04\\\/14\\\/praca-revitalizada-sera-entregue-a-populacao-de-estrela\\\/#breadcrumb\"},\"inLanguage\":\"pt-BR\",\"potentialAction\":[{\"@type\":\"ReadAction\",\"target\":[\"https:\\\/\\\/folhapopular.info\\\/index.php\\\/2022\\\/04\\\/14\\\/praca-revitalizada-sera-entregue-a-populacao-de-estrela\\\/\"]}]},{\"@type\":\"ImageObject\",\"inLanguage\":\"pt-BR\",\"@id\":\"https:\\\/\\\/folhapopular.info\\\/index.php\\\/2022\\\/04\\\/14\\\/praca-revitalizada-sera-entregue-a-populacao-de-estrela\\\/#primaryimage\",\"url\":\"https:\\\/\\\/folhapopular.info\\\/wp-content\\\/uploads\\\/2022\\\/04\\\/14.04-Praca-Armando-S.-Boa-Uniao-revitalizada-Angeli-4-e1649956018388.jpg\",\"contentUrl\":\"https:\\\/\\\/folhapopular.info\\\/wp-content\\\/uploads\\\/2022\\\/04\\\/14.04-Praca-Armando-S.-Boa-Uniao-revitalizada-Angeli-4-e1649956018388.jpg\",\"width\":800,\"height\":450,\"caption\":\"Espa\u00e7o revitalizado fica no Bairro Boa Uni\u00e3o e ser\u00e1 entregue \u00e0 comunidade no s\u00e1bado (16\\\/4) \\\/ Cr\u00e9dito: Rodrigo Angeli \\\/ Governo de Estrela \\\/ Divulga\u00e7\u00e3o\"},{\"@type\":\"BreadcrumbList\",\"@id\":\"https:\\\/\\\/folhapopular.info\\\/index.php\\\/2022\\\/04\\\/14\\\/praca-revitalizada-sera-entregue-a-populacao-de-estrela\\\/#breadcrumb\",\"itemListElement\":[{\"@type\":\"ListItem\",\"position\":1,\"name\":\"In\u00edcio\",\"item\":\"https:\\\/\\\/folhapopular.info\\\/\"},{\"@type\":\"ListItem\",\"position\":2,\"name\":\"Pra\u00e7a revitalizada ser\u00e1 entregue \u00e0 popula\u00e7\u00e3o de Estrela\"}]},{\"@type\":\"WebSite\",\"@id\":\"https:\\\/\\\/folhapopular.info\\\/#website\",\"url\":\"https:\\\/\\\/folhapopular.info\\\/\",\"name\":\"Folha Popular\",\"description\":\"Onde voc\u00ea tem vez e voz\",\"potentialAction\":[{\"@type\":\"SearchAction\",\"target\":{\"@type\":\"EntryPoint\",\"urlTemplate\":\"https:\\\/\\\/folhapopular.info\\\/?s={search_term_string}\"},\"query-input\":{\"@type\":\"PropertyValueSpecification\",\"valueRequired\":true,\"valueName\":\"search_term_string\"}}],\"inLanguage\":\"pt-BR\"},{\"@type\":\"Person\",\"@id\":\"https:\\\/\\\/folhapopular.info\\\/#\\\/schema\\\/person\\\/2814e8a0df7643585a9ca38bc6eb9d4b\",\"name\":\"Reda\u00e7\u00e3o Folha Popular\",\"image\":{\"@type\":\"ImageObject\",\"inLanguage\":\"pt-BR\",\"@id\":\"https:\\\/\\\/folhapopular.info\\\/wp-content\\\/uploads\\\/2026\\\/04\\\/Folha-1.webp\",\"url\":\"https:\\\/\\\/folhapopular.info\\\/wp-content\\\/uploads\\\/2026\\\/04\\\/Folha-1.webp\",\"contentUrl\":\"https:\\\/\\\/folhapopular.info\\\/wp-content\\\/uploads\\\/2026\\\/04\\\/Folha-1.webp\",\"caption\":\"Reda\u00e7\u00e3o Folha Popular\"},\"url\":\"https:\\\/\\\/folhapopular.info\\\/index.php\\\/author\\\/redacao\\\/\"}]}<\/script>\n<!-- \/ Yoast SEO plugin. -->","yoast_head_json":{"title":"Pra\u00e7a revitalizada ser\u00e1 entregue \u00e0 popula\u00e7\u00e3o de Estrela - Folha Popular","robots":{"index":"index","follow":"follow","max-snippet":"max-snippet:-1","max-image-preview":"max-image-preview:large","max-video-preview":"max-video-preview:-1"},"canonical":"https:\/\/folhapopular.info\/index.php\/2022\/04\/14\/praca-revitalizada-sera-entregue-a-populacao-de-estrela\/","og_locale":"pt_BR","og_type":"article","og_title":"Pra\u00e7a revitalizada ser\u00e1 entregue \u00e0 popula\u00e7\u00e3o de Estrela - Folha Popular","og_description":"O governo de Estrela reinaugura neste s\u00e1bado (16\/4) a pra\u00e7a localizada nas esquinas das Ruas Osvaldo Augusto Muller e Guilherme Bohmer, no Bairro Boa Uni\u00e3o. A pra\u00e7a revitalizada leva agora o nome de Pra\u00e7a Armando Str\u00f6her. O evento inicia \u00e0s 10h. O local possu\u00eda&nbsp;apenas alguns bancos e um pequeno balan\u00e7o, agora ganhou novos assentos e [&hellip;]","og_url":"https:\/\/folhapopular.info\/index.php\/2022\/04\/14\/praca-revitalizada-sera-entregue-a-populacao-de-estrela\/","og_site_name":"Folha Popular","article_published_time":"2022-04-14T17:23:28+00:00","article_modified_time":"2022-04-14T17:24:35+00:00","og_image":[{"width":800,"height":450,"url":"http:\/\/folhapopular.info\/wp-content\/uploads\/2022\/04\/14.04-Praca-Armando-S.-Boa-Uniao-revitalizada-Angeli-4-e1649956018388.jpg","type":"image\/jpeg"}],"author":"Reda\u00e7\u00e3o Folha Popular","twitter_card":"summary_large_image","twitter_misc":{"Escrito por":"Reda\u00e7\u00e3o Folha Popular","Est. tempo de leitura":"3 minutos"},"schema":{"@context":"https:\/\/schema.org","@graph":[{"@type":"Article","@id":"https:\/\/folhapopular.info\/index.php\/2022\/04\/14\/praca-revitalizada-sera-entregue-a-populacao-de-estrela\/#article","isPartOf":{"@id":"https:\/\/folhapopular.info\/index.php\/2022\/04\/14\/praca-revitalizada-sera-entregue-a-populacao-de-estrela\/"},"author":{"name":"Reda\u00e7\u00e3o Folha Popular","@id":"https:\/\/folhapopular.info\/#\/schema\/person\/2814e8a0df7643585a9ca38bc6eb9d4b"},"headline":"Pra\u00e7a revitalizada ser\u00e1 entregue \u00e0 popula\u00e7\u00e3o de Estrela","datePublished":"2022-04-14T17:23:28+00:00","dateModified":"2022-04-14T17:24:35+00:00","mainEntityOfPage":{"@id":"https:\/\/folhapopular.info\/index.php\/2022\/04\/14\/praca-revitalizada-sera-entregue-a-populacao-de-estrela\/"},"wordCount":357,"commentCount":0,"image":{"@id":"https:\/\/folhapopular.info\/index.php\/2022\/04\/14\/praca-revitalizada-sera-entregue-a-populacao-de-estrela\/#primaryimage"},"thumbnailUrl":"https:\/\/folhapopular.info\/wp-content\/uploads\/2022\/04\/14.04-Praca-Armando-S.-Boa-Uniao-revitalizada-Angeli-4-e1649956018388.jpg","keywords":["Espa\u00e7o p\u00fablico","Estrela","Governo de Estrela","Pra\u00e7a","Revitaliza\u00e7\u00e3o"],"articleSection":["Destaques","Geral"],"inLanguage":"pt-BR","potentialAction":[{"@type":"CommentAction","name":"Comment","target":["https:\/\/folhapopular.info\/index.php\/2022\/04\/14\/praca-revitalizada-sera-entregue-a-populacao-de-estrela\/#respond"]}]},{"@type":"WebPage","@id":"https:\/\/folhapopular.info\/index.php\/2022\/04\/14\/praca-revitalizada-sera-entregue-a-populacao-de-estrela\/","url":"https:\/\/folhapopular.info\/index.php\/2022\/04\/14\/praca-revitalizada-sera-entregue-a-populacao-de-estrela\/","name":"Pra\u00e7a revitalizada ser\u00e1 entregue \u00e0 popula\u00e7\u00e3o de Estrela - Folha Popular","isPartOf":{"@id":"https:\/\/folhapopular.info\/#website"},"primaryImageOfPage":{"@id":"https:\/\/folhapopular.info\/index.php\/2022\/04\/14\/praca-revitalizada-sera-entregue-a-populacao-de-estrela\/#primaryimage"},"image":{"@id":"https:\/\/folhapopular.info\/index.php\/2022\/04\/14\/praca-revitalizada-sera-entregue-a-populacao-de-estrela\/#primaryimage"},"thumbnailUrl":"https:\/\/folhapopular.info\/wp-content\/uploads\/2022\/04\/14.04-Praca-Armando-S.-Boa-Uniao-revitalizada-Angeli-4-e1649956018388.jpg","datePublished":"2022-04-14T17:23:28+00:00","dateModified":"2022-04-14T17:24:35+00:00","author":{"@id":"https:\/\/folhapopular.info\/#\/schema\/person\/2814e8a0df7643585a9ca38bc6eb9d4b"},"breadcrumb":{"@id":"https:\/\/folhapopular.info\/index.php\/2022\/04\/14\/praca-revitalizada-sera-entregue-a-populacao-de-estrela\/#breadcrumb"},"inLanguage":"pt-BR","potentialAction":[{"@type":"ReadAction","target":["https:\/\/folhapopular.info\/index.php\/2022\/04\/14\/praca-revitalizada-sera-entregue-a-populacao-de-estrela\/"]}]},{"@type":"ImageObject","inLanguage":"pt-BR","@id":"https:\/\/folhapopular.info\/index.php\/2022\/04\/14\/praca-revitalizada-sera-entregue-a-populacao-de-estrela\/#primaryimage","url":"https:\/\/folhapopular.info\/wp-content\/uploads\/2022\/04\/14.04-Praca-Armando-S.-Boa-Uniao-revitalizada-Angeli-4-e1649956018388.jpg","contentUrl":"https:\/\/folhapopular.info\/wp-content\/uploads\/2022\/04\/14.04-Praca-Armando-S.-Boa-Uniao-revitalizada-Angeli-4-e1649956018388.jpg","width":800,"height":450,"caption":"Espa\u00e7o revitalizado fica no Bairro Boa Uni\u00e3o e ser\u00e1 entregue \u00e0 comunidade no s\u00e1bado (16\/4) \/ Cr\u00e9dito: Rodrigo Angeli \/ Governo de Estrela \/ Divulga\u00e7\u00e3o"},{"@type":"BreadcrumbList","@id":"https:\/\/folhapopular.info\/index.php\/2022\/04\/14\/praca-revitalizada-sera-entregue-a-populacao-de-estrela\/#breadcrumb","itemListElement":[{"@type":"ListItem","position":1,"name":"In\u00edcio","item":"https:\/\/folhapopular.info\/"},{"@type":"ListItem","position":2,"name":"Pra\u00e7a revitalizada ser\u00e1 entregue \u00e0 popula\u00e7\u00e3o de Estrela"}]},{"@type":"WebSite","@id":"https:\/\/folhapopular.info\/#website","url":"https:\/\/folhapopular.info\/","name":"Folha Popular","description":"Onde voc\u00ea tem vez e voz","potentialAction":[{"@type":"SearchAction","target":{"@type":"EntryPoint","urlTemplate":"https:\/\/folhapopular.info\/?s={search_term_string}"},"query-input":{"@type":"PropertyValueSpecification","valueRequired":true,"valueName":"search_term_string"}}],"inLanguage":"pt-BR"},{"@type":"Person","@id":"https:\/\/folhapopular.info\/#\/schema\/person\/2814e8a0df7643585a9ca38bc6eb9d4b","name":"Reda\u00e7\u00e3o Folha Popular","image":{"@type":"ImageObject","inLanguage":"pt-BR","@id":"https:\/\/folhapopular.info\/wp-content\/uploads\/2026\/04\/Folha-1.webp","url":"https:\/\/folhapopular.info\/wp-content\/uploads\/2026\/04\/Folha-1.webp","contentUrl":"https:\/\/folhapopular.info\/wp-content\/uploads\/2026\/04\/Folha-1.webp","caption":"Reda\u00e7\u00e3o Folha Popular"},"url":"https:\/\/folhapopular.info\/index.php\/author\/redacao\/"}]}},"jetpack_featured_media_url":"https:\/\/folhapopular.info\/wp-content\/uploads\/2022\/04\/14.04-Praca-Armando-S.-Boa-Uniao-revitalizada-Angeli-4-e1649956018388.jpg","jetpack_sharing_enabled":true,"amp_enabled":true,"_links":{"self":[{"href":"https:\/\/folhapopular.info\/index.php\/wp-json\/wp\/v2\/posts\/102473","targetHints":{"allow":["GET"]}}],"collection":[{"href":"https:\/\/folhapopular.info\/index.php\/wp-json\/wp\/v2\/posts"}],"about":[{"href":"https:\/\/folhapopular.info\/index.php\/wp-json\/wp\/v2\/types\/post"}],"author":[{"embeddable":true,"href":"https:\/\/folhapopular.info\/index.php\/wp-json\/wp\/v2\/users\/8"}],"replies":[{"embeddable":true,"href":"https:\/\/folhapopular.info\/index.php\/wp-json\/wp\/v2\/comments?post=102473"}],"version-history":[{"count":0,"href":"https:\/\/folhapopular.info\/index.php\/wp-json\/wp\/v2\/posts\/102473\/revisions"}],"wp:featuredmedia":[{"embeddable":true,"href":"https:\/\/folhapopular.info\/index.php\/wp-json\/wp\/v2\/media\/102475"}],"wp:attachment":[{"href":"https:\/\/folhapopular.info\/index.php\/wp-json\/wp\/v2\/media?parent=102473"}],"wp:term":[{"taxonomy":"category","embeddable":true,"href":"https:\/\/folhapopular.info\/index.php\/wp-json\/wp\/v2\/categories?post=102473"},{"taxonomy":"post_tag","embeddable":true,"href":"https:\/\/folhapopular.info\/index.php\/wp-json\/wp\/v2\/tags?post=102473"}],"curies":[{"name":"wp","href":"https:\/\/api.w.org\/{rel}","templated":true}]}}