{"id":102487,"date":"2022-04-14T15:25:47","date_gmt":"2022-04-14T18:25:47","guid":{"rendered":"https:\/\/folhapopular.info\/?p=102487"},"modified":"2022-04-14T15:25:50","modified_gmt":"2022-04-14T18:25:50","slug":"semana-sera-de-folga-no-5o-campeonato-municipal-de-canastra-em-westfalia","status":"publish","type":"post","link":"https:\/\/folhapopular.info\/index.php\/2022\/04\/14\/semana-sera-de-folga-no-5o-campeonato-municipal-de-canastra-em-westfalia\/","title":{"rendered":"Semana ser\u00e1 de folga no 5\u00ba Campeonato Municipal de Canastra em Westf\u00e1lia"},"content":{"rendered":"\n<p>Em virtude do feriado de Sexta-feira da Paix\u00e3o, nesta sexta-feira (15\/4), n\u00e3o haver\u00e1 rodada do 5\u00ba Campeonato Municipal de Canastra de Westf\u00e1lia. A competi\u00e7\u00e3o \u00e9 uma realiza\u00e7\u00e3o da Prefeitura Municipal, por meio da Secretaria de Educa\u00e7\u00e3o, Cultura, Turismo e Desporto (SMEC). A competi\u00e7\u00e3o iniciou no dia 1\u00ba de abril.<\/p>\n\n\n\n<p>Assim, a terceira rodada do 5\u00ba Campeonato Municipal de Canastra ser\u00e1 somente no dia 22 de abril (sexta-feira), com partidas realizadas no Gin\u00e1sio Municipal de Linha Paissandu. Na ocasi\u00e3o, dez confrontos preenchem a rodada.<\/p>\n\n\n\n<p>Os confrontos acontecem semanalmente, nas noites de sextas-feiras. A final do 5\u00ba Campeonato Municipal de Canastra est\u00e1 prevista para o dia 27 de maio, no Flamengo Futebol Clube, sendo que a competi\u00e7\u00e3o ter\u00e1 como premia\u00e7\u00e3o trof\u00e9us e medalhas.<\/p>\n\n\n\n<p><strong>Segunda rodada \u2013 8 de abril (Flamengo Futebol Clube \u2013 Centro)<\/strong><br><strong>Chave A<\/strong><br>Milton B\u00f6hmer e Dal\u00edrio Post 2 x 3 Evanor Horst e M\u00e1rcio Landmeier<br>Rog\u00e9rio Brune e D\u00e9cio Brune 2 x 3 Armin Wagner e Lari Petry<\/p>\n\n\n\n<p><strong>Chave B<\/strong><br>Nelson K\u00f6nig e Edson Graeff 3 x 2 Milton Brockmann e Arcelo Wagner<br>S\u00e9rgio Wahlbrinck e Eucl\u00e9cio Horst 0 x 5 Valdir Wahlbrink e Nelson von M\u00fchlen<\/p>\n\n\n\n<p><strong>Chave C<\/strong><br>Guido Allebrandt e Edio Ebeling 1 x 4 J\u00e9ferson Tirp e Gerson Tirp<br>Nelson Horst e Sandronei Neske 2 x 3 Alexandre Grana e M\u00e1rcia Schr\u00f6er<\/p>\n\n\n\n<p><strong>Chave D<\/strong><br>Ademir Cord e Adecir Radavelli 3 x 2 Joacir Docena e Jair Radavelli<br>Evanir Baller e Leonardo Loesch 5 x 0 Adalberto dos Santos Pinheiro e Vantuir Schr\u00f6er<\/p>\n\n\n\n<p><strong>Chave E<\/strong><br>Milton Pott e Ot\u00e1vio Landmeier 4 x 1 Alex Feldmann e Romeu Lindemann<br>Altair Ahlert e Aristeu Schwarz 4 x 1 Carlos M\u00f6llmann e Domingos Fornari<\/p>\n\n\n\n<p><strong>Terceira rodada \u2013 22 de abril (Gin\u00e1sio Municipal de Linha Paissandu)<\/strong><br>A terceira rodada do 5\u00ba Campeonato Municipal de Canastra est\u00e1 marcada para o dia 22 de abril (sexta-feira), a partir das 19h30, no Gin\u00e1sio Municipal de Linha Paissandu. Nesta data, as partidas ser\u00e3o as seguintes:<\/p>\n\n\n\n<p><strong>Chave A<\/strong><br>Milton B\u00f6hmer e Dal\u00edrio Post X Armin Wagner e Lari Petry<br>Rog\u00e9rio Brune e D\u00e9cio Brune X Evanor Horst e M\u00e1rcio Landmeier<\/p>\n\n\n\n<p><strong>Chave B<\/strong><br>Nelson K\u00f6nig e Edson Graeff X Valdir Wahlbrink e Nelson von M\u00fchlen<br>S\u00e9rgio Wahlbrinck e Eucl\u00e9cio Horst X Milton Brockmann e Arcelo Wagner<\/p>\n\n\n\n<p><strong>Chave C<\/strong><br>Guido Allebrandt e Edio Ebeling X Alexandre Grana e M\u00e1rcia Schr\u00f6er<br>Nelson Horst e Sandronei Neske X J\u00e9ferson Tirp e Gerson Tirp<\/p>\n\n\n\n<p><strong>Chave D<\/strong><br>Ademir Cord e Adecir Radavelli X Adalberto dos Santos Pinheiro e Vantuir Schr\u00f6er<br>Evanir Baller e Leonardo Loesch X Joacir Docena e Jair Radavelli<\/p>\n\n\n\n<p><strong>Chave E<\/strong><br>Milton Pott e Ot\u00e1vio Landmeier X Carlos M\u00f6llmann e Domingos Fornari<br>Altair Ahlert e Aristeu Schwarz X Alex Feldmann e Romeu Lindemann<\/p>\n","protected":false},"excerpt":{"rendered":"<p>Em virtude do feriado de Sexta-feira da Paix\u00e3o, nesta sexta-feira (15\/4), n\u00e3o haver\u00e1 rodada do 5\u00ba Campeonato Municipal de Canastra de Westf\u00e1lia. A competi\u00e7\u00e3o \u00e9 uma realiza\u00e7\u00e3o da Prefeitura Municipal, por meio da Secretaria de Educa\u00e7\u00e3o, Cultura, Turismo e Desporto (SMEC). A competi\u00e7\u00e3o iniciou no dia 1\u00ba de abril. Assim, a terceira rodada do 5\u00ba [&hellip;]<\/p>\n","protected":false},"author":8,"featured_media":102502,"comment_status":"open","ping_status":"open","sticky":false,"template":"","format":"standard","meta":{"pmpro_default_level":"","_jetpack_memberships_contains_paid_content":false,"footnotes":""},"categories":[2,6],"tags":[499,2294,7129,977,25],"class_list":{"0":"post-102487","1":"post","2":"type-post","3":"status-publish","4":"format-standard","5":"has-post-thumbnail","7":"category-featured","8":"category-inclusive","9":"tag-campeonato-municipal","10":"tag-campeonato-municipal-de-canastra","11":"tag-confrontos","12":"tag-feriado","13":"tag-westfalia","14":"pmpro-has-access"},"yoast_head":"<!-- This site is optimized with the Yoast SEO plugin v27.5 - https:\/\/yoast.com\/product\/yoast-seo-wordpress\/ -->\n<title>Semana ser\u00e1 de folga no 5\u00ba Campeonato Municipal de Canastra em Westf\u00e1lia - Folha Popular<\/title>\n<meta name=\"robots\" content=\"index, follow, max-snippet:-1, max-image-preview:large, max-video-preview:-1\" \/>\n<link rel=\"canonical\" href=\"https:\/\/folhapopular.info\/index.php\/2022\/04\/14\/semana-sera-de-folga-no-5o-campeonato-municipal-de-canastra-em-westfalia\/\" \/>\n<meta property=\"og:locale\" content=\"pt_BR\" \/>\n<meta property=\"og:type\" content=\"article\" \/>\n<meta property=\"og:title\" content=\"Semana ser\u00e1 de folga no 5\u00ba Campeonato Municipal de Canastra em Westf\u00e1lia - Folha Popular\" \/>\n<meta property=\"og:description\" content=\"Em virtude do feriado de Sexta-feira da Paix\u00e3o, nesta sexta-feira (15\/4), n\u00e3o haver\u00e1 rodada do 5\u00ba Campeonato Municipal de Canastra de Westf\u00e1lia. A competi\u00e7\u00e3o \u00e9 uma realiza\u00e7\u00e3o da Prefeitura Municipal, por meio da Secretaria de Educa\u00e7\u00e3o, Cultura, Turismo e Desporto (SMEC). A competi\u00e7\u00e3o iniciou no dia 1\u00ba de abril. Assim, a terceira rodada do 5\u00ba [&hellip;]\" \/>\n<meta property=\"og:url\" content=\"https:\/\/folhapopular.info\/index.php\/2022\/04\/14\/semana-sera-de-folga-no-5o-campeonato-municipal-de-canastra-em-westfalia\/\" \/>\n<meta property=\"og:site_name\" content=\"Folha Popular\" \/>\n<meta property=\"article:published_time\" content=\"2022-04-14T18:25:47+00:00\" \/>\n<meta property=\"article:modified_time\" content=\"2022-04-14T18:25:50+00:00\" \/>\n<meta property=\"og:image\" content=\"http:\/\/folhapopular.info\/wp-content\/uploads\/2022\/04\/Segunda-rodada-da-competicao-foi-sediada-no-Flamengo-Futebol-Clube_Divulgacao-e1649960739622.jpeg\" \/>\n\t<meta property=\"og:image:width\" content=\"800\" \/>\n\t<meta property=\"og:image:height\" content=\"600\" \/>\n\t<meta property=\"og:image:type\" content=\"image\/jpeg\" \/>\n<meta name=\"author\" content=\"Reda\u00e7\u00e3o Folha Popular\" \/>\n<meta name=\"twitter:card\" content=\"summary_large_image\" \/>\n<meta name=\"twitter:label1\" content=\"Escrito por\" \/>\n\t<meta name=\"twitter:data1\" content=\"Reda\u00e7\u00e3o Folha Popular\" \/>\n\t<meta name=\"twitter:label2\" content=\"Est. tempo de leitura\" \/>\n\t<meta name=\"twitter:data2\" content=\"3 minutos\" \/>\n<script type=\"application\/ld+json\" class=\"yoast-schema-graph\">{\"@context\":\"https:\\\/\\\/schema.org\",\"@graph\":[{\"@type\":\"Article\",\"@id\":\"https:\\\/\\\/folhapopular.info\\\/index.php\\\/2022\\\/04\\\/14\\\/semana-sera-de-folga-no-5o-campeonato-municipal-de-canastra-em-westfalia\\\/#article\",\"isPartOf\":{\"@id\":\"https:\\\/\\\/folhapopular.info\\\/index.php\\\/2022\\\/04\\\/14\\\/semana-sera-de-folga-no-5o-campeonato-municipal-de-canastra-em-westfalia\\\/\"},\"author\":{\"name\":\"Reda\u00e7\u00e3o Folha Popular\",\"@id\":\"https:\\\/\\\/folhapopular.info\\\/#\\\/schema\\\/person\\\/2814e8a0df7643585a9ca38bc6eb9d4b\"},\"headline\":\"Semana ser\u00e1 de folga no 5\u00ba Campeonato Municipal de Canastra em Westf\u00e1lia\",\"datePublished\":\"2022-04-14T18:25:47+00:00\",\"dateModified\":\"2022-04-14T18:25:50+00:00\",\"mainEntityOfPage\":{\"@id\":\"https:\\\/\\\/folhapopular.info\\\/index.php\\\/2022\\\/04\\\/14\\\/semana-sera-de-folga-no-5o-campeonato-municipal-de-canastra-em-westfalia\\\/\"},\"wordCount\":456,\"commentCount\":0,\"image\":{\"@id\":\"https:\\\/\\\/folhapopular.info\\\/index.php\\\/2022\\\/04\\\/14\\\/semana-sera-de-folga-no-5o-campeonato-municipal-de-canastra-em-westfalia\\\/#primaryimage\"},\"thumbnailUrl\":\"https:\\\/\\\/folhapopular.info\\\/wp-content\\\/uploads\\\/2022\\\/04\\\/Segunda-rodada-da-competicao-foi-sediada-no-Flamengo-Futebol-Clube_Divulgacao-e1649960739622.jpeg\",\"keywords\":[\"Campeonato Municipal\",\"Campeonato Municipal de Canastra\",\"Confrontos\",\"Feriado\",\"Westf\u00e1lia\"],\"articleSection\":[\"Destaques\",\"Inclusive\"],\"inLanguage\":\"pt-BR\",\"potentialAction\":[{\"@type\":\"CommentAction\",\"name\":\"Comment\",\"target\":[\"https:\\\/\\\/folhapopular.info\\\/index.php\\\/2022\\\/04\\\/14\\\/semana-sera-de-folga-no-5o-campeonato-municipal-de-canastra-em-westfalia\\\/#respond\"]}]},{\"@type\":\"WebPage\",\"@id\":\"https:\\\/\\\/folhapopular.info\\\/index.php\\\/2022\\\/04\\\/14\\\/semana-sera-de-folga-no-5o-campeonato-municipal-de-canastra-em-westfalia\\\/\",\"url\":\"https:\\\/\\\/folhapopular.info\\\/index.php\\\/2022\\\/04\\\/14\\\/semana-sera-de-folga-no-5o-campeonato-municipal-de-canastra-em-westfalia\\\/\",\"name\":\"Semana ser\u00e1 de folga no 5\u00ba Campeonato Municipal de Canastra em Westf\u00e1lia - Folha Popular\",\"isPartOf\":{\"@id\":\"https:\\\/\\\/folhapopular.info\\\/#website\"},\"primaryImageOfPage\":{\"@id\":\"https:\\\/\\\/folhapopular.info\\\/index.php\\\/2022\\\/04\\\/14\\\/semana-sera-de-folga-no-5o-campeonato-municipal-de-canastra-em-westfalia\\\/#primaryimage\"},\"image\":{\"@id\":\"https:\\\/\\\/folhapopular.info\\\/index.php\\\/2022\\\/04\\\/14\\\/semana-sera-de-folga-no-5o-campeonato-municipal-de-canastra-em-westfalia\\\/#primaryimage\"},\"thumbnailUrl\":\"https:\\\/\\\/folhapopular.info\\\/wp-content\\\/uploads\\\/2022\\\/04\\\/Segunda-rodada-da-competicao-foi-sediada-no-Flamengo-Futebol-Clube_Divulgacao-e1649960739622.jpeg\",\"datePublished\":\"2022-04-14T18:25:47+00:00\",\"dateModified\":\"2022-04-14T18:25:50+00:00\",\"author\":{\"@id\":\"https:\\\/\\\/folhapopular.info\\\/#\\\/schema\\\/person\\\/2814e8a0df7643585a9ca38bc6eb9d4b\"},\"breadcrumb\":{\"@id\":\"https:\\\/\\\/folhapopular.info\\\/index.php\\\/2022\\\/04\\\/14\\\/semana-sera-de-folga-no-5o-campeonato-municipal-de-canastra-em-westfalia\\\/#breadcrumb\"},\"inLanguage\":\"pt-BR\",\"potentialAction\":[{\"@type\":\"ReadAction\",\"target\":[\"https:\\\/\\\/folhapopular.info\\\/index.php\\\/2022\\\/04\\\/14\\\/semana-sera-de-folga-no-5o-campeonato-municipal-de-canastra-em-westfalia\\\/\"]}]},{\"@type\":\"ImageObject\",\"inLanguage\":\"pt-BR\",\"@id\":\"https:\\\/\\\/folhapopular.info\\\/index.php\\\/2022\\\/04\\\/14\\\/semana-sera-de-folga-no-5o-campeonato-municipal-de-canastra-em-westfalia\\\/#primaryimage\",\"url\":\"https:\\\/\\\/folhapopular.info\\\/wp-content\\\/uploads\\\/2022\\\/04\\\/Segunda-rodada-da-competicao-foi-sediada-no-Flamengo-Futebol-Clube_Divulgacao-e1649960739622.jpeg\",\"contentUrl\":\"https:\\\/\\\/folhapopular.info\\\/wp-content\\\/uploads\\\/2022\\\/04\\\/Segunda-rodada-da-competicao-foi-sediada-no-Flamengo-Futebol-Clube_Divulgacao-e1649960739622.jpeg\",\"width\":800,\"height\":600,\"caption\":\"Cr\u00e9dito: Divulga\u00e7\u00e3o\"},{\"@type\":\"BreadcrumbList\",\"@id\":\"https:\\\/\\\/folhapopular.info\\\/index.php\\\/2022\\\/04\\\/14\\\/semana-sera-de-folga-no-5o-campeonato-municipal-de-canastra-em-westfalia\\\/#breadcrumb\",\"itemListElement\":[{\"@type\":\"ListItem\",\"position\":1,\"name\":\"In\u00edcio\",\"item\":\"https:\\\/\\\/folhapopular.info\\\/\"},{\"@type\":\"ListItem\",\"position\":2,\"name\":\"Semana ser\u00e1 de folga no 5\u00ba Campeonato Municipal de Canastra em Westf\u00e1lia\"}]},{\"@type\":\"WebSite\",\"@id\":\"https:\\\/\\\/folhapopular.info\\\/#website\",\"url\":\"https:\\\/\\\/folhapopular.info\\\/\",\"name\":\"Folha Popular\",\"description\":\"Onde voc\u00ea tem vez e voz\",\"potentialAction\":[{\"@type\":\"SearchAction\",\"target\":{\"@type\":\"EntryPoint\",\"urlTemplate\":\"https:\\\/\\\/folhapopular.info\\\/?s={search_term_string}\"},\"query-input\":{\"@type\":\"PropertyValueSpecification\",\"valueRequired\":true,\"valueName\":\"search_term_string\"}}],\"inLanguage\":\"pt-BR\"},{\"@type\":\"Person\",\"@id\":\"https:\\\/\\\/folhapopular.info\\\/#\\\/schema\\\/person\\\/2814e8a0df7643585a9ca38bc6eb9d4b\",\"name\":\"Reda\u00e7\u00e3o Folha Popular\",\"image\":{\"@type\":\"ImageObject\",\"inLanguage\":\"pt-BR\",\"@id\":\"https:\\\/\\\/folhapopular.info\\\/wp-content\\\/uploads\\\/2026\\\/04\\\/Folha-1.webp\",\"url\":\"https:\\\/\\\/folhapopular.info\\\/wp-content\\\/uploads\\\/2026\\\/04\\\/Folha-1.webp\",\"contentUrl\":\"https:\\\/\\\/folhapopular.info\\\/wp-content\\\/uploads\\\/2026\\\/04\\\/Folha-1.webp\",\"caption\":\"Reda\u00e7\u00e3o Folha Popular\"},\"url\":\"https:\\\/\\\/folhapopular.info\\\/index.php\\\/author\\\/redacao\\\/\"}]}<\/script>\n<!-- \/ Yoast SEO plugin. -->","yoast_head_json":{"title":"Semana ser\u00e1 de folga no 5\u00ba Campeonato Municipal de Canastra em Westf\u00e1lia - Folha Popular","robots":{"index":"index","follow":"follow","max-snippet":"max-snippet:-1","max-image-preview":"max-image-preview:large","max-video-preview":"max-video-preview:-1"},"canonical":"https:\/\/folhapopular.info\/index.php\/2022\/04\/14\/semana-sera-de-folga-no-5o-campeonato-municipal-de-canastra-em-westfalia\/","og_locale":"pt_BR","og_type":"article","og_title":"Semana ser\u00e1 de folga no 5\u00ba Campeonato Municipal de Canastra em Westf\u00e1lia - Folha Popular","og_description":"Em virtude do feriado de Sexta-feira da Paix\u00e3o, nesta sexta-feira (15\/4), n\u00e3o haver\u00e1 rodada do 5\u00ba Campeonato Municipal de Canastra de Westf\u00e1lia. A competi\u00e7\u00e3o \u00e9 uma realiza\u00e7\u00e3o da Prefeitura Municipal, por meio da Secretaria de Educa\u00e7\u00e3o, Cultura, Turismo e Desporto (SMEC). A competi\u00e7\u00e3o iniciou no dia 1\u00ba de abril. Assim, a terceira rodada do 5\u00ba [&hellip;]","og_url":"https:\/\/folhapopular.info\/index.php\/2022\/04\/14\/semana-sera-de-folga-no-5o-campeonato-municipal-de-canastra-em-westfalia\/","og_site_name":"Folha Popular","article_published_time":"2022-04-14T18:25:47+00:00","article_modified_time":"2022-04-14T18:25:50+00:00","og_image":[{"width":800,"height":600,"url":"http:\/\/folhapopular.info\/wp-content\/uploads\/2022\/04\/Segunda-rodada-da-competicao-foi-sediada-no-Flamengo-Futebol-Clube_Divulgacao-e1649960739622.jpeg","type":"image\/jpeg"}],"author":"Reda\u00e7\u00e3o Folha Popular","twitter_card":"summary_large_image","twitter_misc":{"Escrito por":"Reda\u00e7\u00e3o Folha Popular","Est. tempo de leitura":"3 minutos"},"schema":{"@context":"https:\/\/schema.org","@graph":[{"@type":"Article","@id":"https:\/\/folhapopular.info\/index.php\/2022\/04\/14\/semana-sera-de-folga-no-5o-campeonato-municipal-de-canastra-em-westfalia\/#article","isPartOf":{"@id":"https:\/\/folhapopular.info\/index.php\/2022\/04\/14\/semana-sera-de-folga-no-5o-campeonato-municipal-de-canastra-em-westfalia\/"},"author":{"name":"Reda\u00e7\u00e3o Folha Popular","@id":"https:\/\/folhapopular.info\/#\/schema\/person\/2814e8a0df7643585a9ca38bc6eb9d4b"},"headline":"Semana ser\u00e1 de folga no 5\u00ba Campeonato Municipal de Canastra em Westf\u00e1lia","datePublished":"2022-04-14T18:25:47+00:00","dateModified":"2022-04-14T18:25:50+00:00","mainEntityOfPage":{"@id":"https:\/\/folhapopular.info\/index.php\/2022\/04\/14\/semana-sera-de-folga-no-5o-campeonato-municipal-de-canastra-em-westfalia\/"},"wordCount":456,"commentCount":0,"image":{"@id":"https:\/\/folhapopular.info\/index.php\/2022\/04\/14\/semana-sera-de-folga-no-5o-campeonato-municipal-de-canastra-em-westfalia\/#primaryimage"},"thumbnailUrl":"https:\/\/folhapopular.info\/wp-content\/uploads\/2022\/04\/Segunda-rodada-da-competicao-foi-sediada-no-Flamengo-Futebol-Clube_Divulgacao-e1649960739622.jpeg","keywords":["Campeonato Municipal","Campeonato Municipal de Canastra","Confrontos","Feriado","Westf\u00e1lia"],"articleSection":["Destaques","Inclusive"],"inLanguage":"pt-BR","potentialAction":[{"@type":"CommentAction","name":"Comment","target":["https:\/\/folhapopular.info\/index.php\/2022\/04\/14\/semana-sera-de-folga-no-5o-campeonato-municipal-de-canastra-em-westfalia\/#respond"]}]},{"@type":"WebPage","@id":"https:\/\/folhapopular.info\/index.php\/2022\/04\/14\/semana-sera-de-folga-no-5o-campeonato-municipal-de-canastra-em-westfalia\/","url":"https:\/\/folhapopular.info\/index.php\/2022\/04\/14\/semana-sera-de-folga-no-5o-campeonato-municipal-de-canastra-em-westfalia\/","name":"Semana ser\u00e1 de folga no 5\u00ba Campeonato Municipal de Canastra em Westf\u00e1lia - Folha Popular","isPartOf":{"@id":"https:\/\/folhapopular.info\/#website"},"primaryImageOfPage":{"@id":"https:\/\/folhapopular.info\/index.php\/2022\/04\/14\/semana-sera-de-folga-no-5o-campeonato-municipal-de-canastra-em-westfalia\/#primaryimage"},"image":{"@id":"https:\/\/folhapopular.info\/index.php\/2022\/04\/14\/semana-sera-de-folga-no-5o-campeonato-municipal-de-canastra-em-westfalia\/#primaryimage"},"thumbnailUrl":"https:\/\/folhapopular.info\/wp-content\/uploads\/2022\/04\/Segunda-rodada-da-competicao-foi-sediada-no-Flamengo-Futebol-Clube_Divulgacao-e1649960739622.jpeg","datePublished":"2022-04-14T18:25:47+00:00","dateModified":"2022-04-14T18:25:50+00:00","author":{"@id":"https:\/\/folhapopular.info\/#\/schema\/person\/2814e8a0df7643585a9ca38bc6eb9d4b"},"breadcrumb":{"@id":"https:\/\/folhapopular.info\/index.php\/2022\/04\/14\/semana-sera-de-folga-no-5o-campeonato-municipal-de-canastra-em-westfalia\/#breadcrumb"},"inLanguage":"pt-BR","potentialAction":[{"@type":"ReadAction","target":["https:\/\/folhapopular.info\/index.php\/2022\/04\/14\/semana-sera-de-folga-no-5o-campeonato-municipal-de-canastra-em-westfalia\/"]}]},{"@type":"ImageObject","inLanguage":"pt-BR","@id":"https:\/\/folhapopular.info\/index.php\/2022\/04\/14\/semana-sera-de-folga-no-5o-campeonato-municipal-de-canastra-em-westfalia\/#primaryimage","url":"https:\/\/folhapopular.info\/wp-content\/uploads\/2022\/04\/Segunda-rodada-da-competicao-foi-sediada-no-Flamengo-Futebol-Clube_Divulgacao-e1649960739622.jpeg","contentUrl":"https:\/\/folhapopular.info\/wp-content\/uploads\/2022\/04\/Segunda-rodada-da-competicao-foi-sediada-no-Flamengo-Futebol-Clube_Divulgacao-e1649960739622.jpeg","width":800,"height":600,"caption":"Cr\u00e9dito: Divulga\u00e7\u00e3o"},{"@type":"BreadcrumbList","@id":"https:\/\/folhapopular.info\/index.php\/2022\/04\/14\/semana-sera-de-folga-no-5o-campeonato-municipal-de-canastra-em-westfalia\/#breadcrumb","itemListElement":[{"@type":"ListItem","position":1,"name":"In\u00edcio","item":"https:\/\/folhapopular.info\/"},{"@type":"ListItem","position":2,"name":"Semana ser\u00e1 de folga no 5\u00ba Campeonato Municipal de Canastra em Westf\u00e1lia"}]},{"@type":"WebSite","@id":"https:\/\/folhapopular.info\/#website","url":"https:\/\/folhapopular.info\/","name":"Folha Popular","description":"Onde voc\u00ea tem vez e voz","potentialAction":[{"@type":"SearchAction","target":{"@type":"EntryPoint","urlTemplate":"https:\/\/folhapopular.info\/?s={search_term_string}"},"query-input":{"@type":"PropertyValueSpecification","valueRequired":true,"valueName":"search_term_string"}}],"inLanguage":"pt-BR"},{"@type":"Person","@id":"https:\/\/folhapopular.info\/#\/schema\/person\/2814e8a0df7643585a9ca38bc6eb9d4b","name":"Reda\u00e7\u00e3o Folha Popular","image":{"@type":"ImageObject","inLanguage":"pt-BR","@id":"https:\/\/folhapopular.info\/wp-content\/uploads\/2026\/04\/Folha-1.webp","url":"https:\/\/folhapopular.info\/wp-content\/uploads\/2026\/04\/Folha-1.webp","contentUrl":"https:\/\/folhapopular.info\/wp-content\/uploads\/2026\/04\/Folha-1.webp","caption":"Reda\u00e7\u00e3o Folha Popular"},"url":"https:\/\/folhapopular.info\/index.php\/author\/redacao\/"}]}},"jetpack_featured_media_url":"https:\/\/folhapopular.info\/wp-content\/uploads\/2022\/04\/Segunda-rodada-da-competicao-foi-sediada-no-Flamengo-Futebol-Clube_Divulgacao-e1649960739622.jpeg","jetpack_sharing_enabled":true,"amp_enabled":true,"_links":{"self":[{"href":"https:\/\/folhapopular.info\/index.php\/wp-json\/wp\/v2\/posts\/102487","targetHints":{"allow":["GET"]}}],"collection":[{"href":"https:\/\/folhapopular.info\/index.php\/wp-json\/wp\/v2\/posts"}],"about":[{"href":"https:\/\/folhapopular.info\/index.php\/wp-json\/wp\/v2\/types\/post"}],"author":[{"embeddable":true,"href":"https:\/\/folhapopular.info\/index.php\/wp-json\/wp\/v2\/users\/8"}],"replies":[{"embeddable":true,"href":"https:\/\/folhapopular.info\/index.php\/wp-json\/wp\/v2\/comments?post=102487"}],"version-history":[{"count":0,"href":"https:\/\/folhapopular.info\/index.php\/wp-json\/wp\/v2\/posts\/102487\/revisions"}],"wp:featuredmedia":[{"embeddable":true,"href":"https:\/\/folhapopular.info\/index.php\/wp-json\/wp\/v2\/media\/102502"}],"wp:attachment":[{"href":"https:\/\/folhapopular.info\/index.php\/wp-json\/wp\/v2\/media?parent=102487"}],"wp:term":[{"taxonomy":"category","embeddable":true,"href":"https:\/\/folhapopular.info\/index.php\/wp-json\/wp\/v2\/categories?post=102487"},{"taxonomy":"post_tag","embeddable":true,"href":"https:\/\/folhapopular.info\/index.php\/wp-json\/wp\/v2\/tags?post=102487"}],"curies":[{"name":"wp","href":"https:\/\/api.w.org\/{rel}","templated":true}]}}