{"id":102632,"date":"2022-04-18T17:30:00","date_gmt":"2022-04-18T20:30:00","guid":{"rendered":"https:\/\/folhapopular.info\/?p=102632"},"modified":"2022-04-18T17:29:57","modified_gmt":"2022-04-18T20:29:57","slug":"nova-corte-de-soberanas-de-forquetinha-e-apresentada","status":"publish","type":"post","link":"https:\/\/folhapopular.info\/index.php\/2022\/04\/18\/nova-corte-de-soberanas-de-forquetinha-e-apresentada\/","title":{"rendered":"Nova corte de soberanas de Forquetinha \u00e9 apresentada"},"content":{"rendered":"\n<p>Tendo como palco um dos seus principais cart\u00f5es-postais, o Parque de Exposi\u00e7\u00f5es Christoph Bauer, Forquetinha coroou com sucesso o seu anivers\u00e1rio de 26 anos no s\u00e1bado (18\/4). Isso porque, al\u00e9m do baile com Rainha Musical, o munic\u00edpio conheceu a sua nova corte de soberanas para o bi\u00eanio 2022\/2024, que ser\u00e1 composta por Andrezza Favaretto, P\u00e2mela Althaus e Bruna Prass.<\/p>\n\n\n\n<p>Para as 10 candidatas \u00e0 corte, o s\u00e1bado foi intenso. Os preparativos iniciaram j\u00e1 pela manh\u00e3, com maquiagem, cabelo e \u00faltimos ajustes nos vestidos. Afinal, era chegado grande dia e ainda tinham duas etapas a serem cumpridas at\u00e9 o an\u00fancio do resultado oficial. Al\u00edas, durante a semana, teve o teste de v\u00eddeo e o teste cultural, que j\u00e1 resultaram em 60% das notas.<\/p>\n\n\n\n<p>Pelas 20h de s\u00e1bado, em um espa\u00e7o reservado para jurados, autoridades e convidados, as postulantes \u00e0 rainha, 1\u00aa e 2\u00aa princesas de Forquetinha cumpriram a pen\u00faltima etapa, correspondente a 10% da nota. Era o momento de se apresentar e responder as perguntas dos cinco jurados: jornalista do Grupo Popular, gestora e professora Luciana Brune; empreendedor e Mister Model Brazil 2021, Augusto Diehl; jornalista do Grupo RVA e rainha da 16\u00aa Fenachim, Veridiana R\u00f6shler; representante do Grupo RBS, Fabr\u00edcio Werner; e gerente comercial da Florinda Semijoias, Gerson Carvalho J\u00fanior.<\/p>\n\n\n\n<p>J\u00e1 \u00e0s 21h30, ocorreu o momento mais aguardado do concurso: o desfile para a comunidade de Forquetinha e regi\u00e3o, que lotou o gin\u00e1sio de esportes do Parque Christoph Bauer. Al\u00e9m dos desfiles e coletivos e individual, as candidatas ainda desfilaram em duplas, trazendo \u00e0 passarela elementos relacionados ao munic\u00edpio, como hist\u00f3ria, educa\u00e7\u00e3o, sa\u00fade, cultura, entre outros. Foi a \u00faltima etapa, compondo os 30% restantes da nota.<\/p>\n\n\n\n<figure class=\"wp-block-gallery has-nested-images columns-default is-cropped wp-block-gallery-1 is-layout-flex wp-block-gallery-is-layout-flex\">\n<figure class=\"wp-block-image size-large\"><img loading=\"lazy\" decoding=\"async\" width=\"1024\" height=\"685\" data-id=\"102636\" src=\"https:\/\/folhapopular.info\/wp-content\/uploads\/2022\/04\/rainha-5-1024x685.jpeg\" alt=\"\" class=\"wp-image-102636\" srcset=\"https:\/\/folhapopular.info\/wp-content\/uploads\/2022\/04\/rainha-5-1024x685.jpeg 1024w, https:\/\/folhapopular.info\/wp-content\/uploads\/2022\/04\/rainha-5-300x201.jpeg 300w, https:\/\/folhapopular.info\/wp-content\/uploads\/2022\/04\/rainha-5-768x514.jpeg 768w, https:\/\/folhapopular.info\/wp-content\/uploads\/2022\/04\/rainha-5-696x465.jpeg 696w, https:\/\/folhapopular.info\/wp-content\/uploads\/2022\/04\/rainha-5-1068x714.jpeg 1068w, https:\/\/folhapopular.info\/wp-content\/uploads\/2022\/04\/rainha-5.jpeg 1280w\" sizes=\"auto, (max-width: 1024px) 100vw, 1024px\" \/><figcaption>Ponto alto do concurso foi o desfile da candidatas<\/figcaption><\/figure>\n\n\n\n<figure class=\"wp-block-image size-large\"><img loading=\"lazy\" decoding=\"async\" width=\"1024\" height=\"685\" data-id=\"102637\" src=\"https:\/\/folhapopular.info\/wp-content\/uploads\/2022\/04\/rainha-2-1024x685.jpeg\" alt=\"\" class=\"wp-image-102637\" srcset=\"https:\/\/folhapopular.info\/wp-content\/uploads\/2022\/04\/rainha-2-1024x685.jpeg 1024w, https:\/\/folhapopular.info\/wp-content\/uploads\/2022\/04\/rainha-2-300x201.jpeg 300w, https:\/\/folhapopular.info\/wp-content\/uploads\/2022\/04\/rainha-2-768x514.jpeg 768w, https:\/\/folhapopular.info\/wp-content\/uploads\/2022\/04\/rainha-2-696x465.jpeg 696w, https:\/\/folhapopular.info\/wp-content\/uploads\/2022\/04\/rainha-2-1068x714.jpeg 1068w, https:\/\/folhapopular.info\/wp-content\/uploads\/2022\/04\/rainha-2.jpeg 1280w\" sizes=\"auto, (max-width: 1024px) 100vw, 1024px\" \/><figcaption>Dez candidatas concorreram \u00e0 corte<\/figcaption><\/figure>\n\n\n\n<figure class=\"wp-block-image size-large\"><img loading=\"lazy\" decoding=\"async\" width=\"1024\" height=\"684\" data-id=\"102638\" src=\"https:\/\/folhapopular.info\/wp-content\/uploads\/2022\/04\/rainha-8-1-1024x684.jpeg\" alt=\"\" class=\"wp-image-102638\" srcset=\"https:\/\/folhapopular.info\/wp-content\/uploads\/2022\/04\/rainha-8-1-1024x684.jpeg 1024w, https:\/\/folhapopular.info\/wp-content\/uploads\/2022\/04\/rainha-8-1-300x200.jpeg 300w, https:\/\/folhapopular.info\/wp-content\/uploads\/2022\/04\/rainha-8-1-768x513.jpeg 768w, https:\/\/folhapopular.info\/wp-content\/uploads\/2022\/04\/rainha-8-1-696x465.jpeg 696w, https:\/\/folhapopular.info\/wp-content\/uploads\/2022\/04\/rainha-8-1-1068x713.jpeg 1068w, https:\/\/folhapopular.info\/wp-content\/uploads\/2022\/04\/rainha-8-1.jpeg 1280w\" sizes=\"auto, (max-width: 1024px) 100vw, 1024px\" \/><figcaption>Andrezza Favaretto n\u00e3o escondeu a emo\u00e7\u00e3o de ter sido escolhida<\/figcaption><\/figure>\n<figcaption class=\"blocks-gallery-caption\">Cr\u00e9dito: Pablo Reis \/especial Conte Comunica\u00e7\u00e3o &amp; Marketing \/ Divulga\u00e7\u00e3o<\/figcaption><\/figure>\n\n\n\n<p><strong>As escolhidas<br><\/strong>Ap\u00f3s muita expectativa, Forquetinha conheceu a sua nova corte. Dentre outros compromissos, as soberanas divulgar\u00e3o as potencialidades e a beleza de Forquetinha nos eventos oficiais do munic\u00edpio e, tamb\u00e9m, da regi\u00e3o e do Estado durante o bi\u00eanio 2022\/2024.<\/p>\n\n\n\n<p>Como rainha, foi escolhida Andrezza Favaretto, 24 anos, de Bauereck, representante da Comunidade Cat\u00f3lica S\u00e3o Crist\u00f3v\u00e3o. \u201c\u00c9 um sentimento de muita emo\u00e7\u00e3o e muita gratid\u00e3o em poder representar o nosso querido munic\u00edpio. Todas foram maravilhosas e deram o m\u00e1ximo de si. Ent\u00e3o, ser escolhida como rainha \u00e9 uma enorme responsabilidade, \u00e0 qual quero me dedicar ao m\u00e1ximo, mostrando todo o nosso potencial\u201d, colocou.<\/p>\n\n\n\n<p>Como 1\u00aa princesa, foi escolhida P\u00e2mela Rosalina Althaus, 25 anos, de Arroio Alegre, representante da Pista de La\u00e7o do Faia. \u201cComo representantes do Munic\u00edpio, vamos trabalhar o m\u00e1ximo para levar o melhor de Forquetinha aos outros munic\u00edpios, mostrando tudo de melhor que temos aqui\u201d, destacou.<\/p>\n\n\n\n<p>E Bruna Fernanda Prass, 28 anos, do Centro, representante da Escola Jo\u00e3o Batista de Mello, foi escolhida como 2\u00aa princesa. \u201cEstou muito feliz e muito grata por tudo. Todo o concurso valeu muito a pena, onde tive muitos aprendizados que levarei comigo ao representar Forquetinha com muito amor e responsabilidade\u201d, afirmou.<\/p>\n\n\n\n<p>Antes da divulga\u00e7\u00e3o do resultado, o p\u00fablico pode conferir a apresenta\u00e7\u00e3o da Orquestra Municipal de Forquetinha, que mostrou um pouco da riqueza cultural do munic\u00edpio por meio da m\u00fasica instrumental. E para fechar a noite, o grande baile de anivers\u00e1rio com a Banda Rainha Musical, que trouxe ao palco grandes sucesso do grupo e, \u00e9 claro, m\u00fasicas germ\u00e2nicas e tradicionalistas, n\u00e3o deixando ningu\u00e9m parado.<\/p>\n\n\n\n<p><strong>Anivers\u00e1rio comemorado em grande estilo<\/strong><br>O prefeito, Paulo Jos\u00e9 Gr\u00fcnewald, enalteceu que Forquetinha comemorou os seus 26 anos em grande estilo. \u201cA noite de s\u00e1bado foi memor\u00e1vel. Uma noite de resgate da nossa ess\u00eancia, da nossa cultura. E n\u00e3o temos d\u00favidas de que Forquetinha estar\u00e1 muito bem representada com as novas soberanas. A Andrezza, a P\u00e2mela e a Bruna mostrar\u00e3o, com \u00eaxito, todas as potencialidades do nosso munic\u00edpio. Parab\u00e9ns \u00e0 nova corte!\u201d, frisou.<\/p>\n\n\n\n<p>Gr\u00fcnewald ainda destacou a participa\u00e7\u00e3o das demais sete candidatas: Allana Schonhorst, Ana Caroline Born, Ana Giulia Strassburger,Fernanda Cristina Krummenauer<strong>,&nbsp;<\/strong>Franciele Allebrand, Giovana Yasmin Schmitz e Monique Eduarda Bernstein. \u201cTodas as candidatas est\u00e3o de parab\u00e9ns por terem colocado seu nome a disposi\u00e7\u00e3o para representar o munic\u00edpio. Mostra o quanto amam Forquetinha e, por isso, merecem todos os m\u00e9ritos\u201d, sublinhou.<\/p>\n","protected":false},"excerpt":{"rendered":"<p>Tendo como palco um dos seus principais cart\u00f5es-postais, o Parque de Exposi\u00e7\u00f5es Christoph Bauer, Forquetinha coroou com sucesso o seu anivers\u00e1rio de 26 anos no s\u00e1bado (18\/4). Isso porque, al\u00e9m do baile com Rainha Musical, o munic\u00edpio conheceu a sua nova corte de soberanas para o bi\u00eanio 2022\/2024, que ser\u00e1 composta por Andrezza Favaretto, P\u00e2mela [&hellip;]<\/p>\n","protected":false},"author":8,"featured_media":102633,"comment_status":"open","ping_status":"open","sticky":false,"template":"","format":"standard","meta":{"pmpro_default_level":"","_jetpack_memberships_contains_paid_content":false,"footnotes":""},"categories":[2,3],"tags":[2417,2434,8708,6949,94],"class_list":{"0":"post-102632","1":"post","2":"type-post","3":"status-publish","4":"format-standard","5":"has-post-thumbnail","7":"category-featured","8":"category-geral","9":"tag-candidatas","10":"tag-forquetinha","11":"tag-princesas","12":"tag-rainha","13":"tag-soberanas","14":"pmpro-has-access"},"yoast_head":"<!-- This site is optimized with the Yoast SEO plugin v27.5 - https:\/\/yoast.com\/product\/yoast-seo-wordpress\/ -->\n<title>Nova corte de soberanas de Forquetinha \u00e9 apresentada - Folha Popular<\/title>\n<meta name=\"robots\" content=\"index, follow, max-snippet:-1, max-image-preview:large, max-video-preview:-1\" \/>\n<link rel=\"canonical\" href=\"https:\/\/folhapopular.info\/index.php\/2022\/04\/18\/nova-corte-de-soberanas-de-forquetinha-e-apresentada\/\" \/>\n<meta property=\"og:locale\" content=\"pt_BR\" \/>\n<meta property=\"og:type\" content=\"article\" \/>\n<meta property=\"og:title\" content=\"Nova corte de soberanas de Forquetinha \u00e9 apresentada - Folha Popular\" \/>\n<meta property=\"og:description\" content=\"Tendo como palco um dos seus principais cart\u00f5es-postais, o Parque de Exposi\u00e7\u00f5es Christoph Bauer, Forquetinha coroou com sucesso o seu anivers\u00e1rio de 26 anos no s\u00e1bado (18\/4). Isso porque, al\u00e9m do baile com Rainha Musical, o munic\u00edpio conheceu a sua nova corte de soberanas para o bi\u00eanio 2022\/2024, que ser\u00e1 composta por Andrezza Favaretto, P\u00e2mela [&hellip;]\" \/>\n<meta property=\"og:url\" content=\"https:\/\/folhapopular.info\/index.php\/2022\/04\/18\/nova-corte-de-soberanas-de-forquetinha-e-apresentada\/\" \/>\n<meta property=\"og:site_name\" content=\"Folha Popular\" \/>\n<meta property=\"article:published_time\" content=\"2022-04-18T20:30:00+00:00\" \/>\n<meta property=\"og:image\" content=\"http:\/\/folhapopular.info\/wp-content\/uploads\/2022\/04\/rainha-6-e1650313285284.jpeg\" \/>\n\t<meta property=\"og:image:width\" content=\"800\" \/>\n\t<meta property=\"og:image:height\" content=\"823\" \/>\n\t<meta property=\"og:image:type\" content=\"image\/jpeg\" \/>\n<meta name=\"author\" content=\"Reda\u00e7\u00e3o Folha Popular\" \/>\n<meta name=\"twitter:card\" content=\"summary_large_image\" \/>\n<meta name=\"twitter:label1\" content=\"Escrito por\" \/>\n\t<meta name=\"twitter:data1\" content=\"Reda\u00e7\u00e3o Folha Popular\" \/>\n\t<meta name=\"twitter:label2\" content=\"Est. tempo de leitura\" \/>\n\t<meta name=\"twitter:data2\" content=\"5 minutos\" \/>\n<script type=\"application\/ld+json\" class=\"yoast-schema-graph\">{\"@context\":\"https:\\\/\\\/schema.org\",\"@graph\":[{\"@type\":\"Article\",\"@id\":\"https:\\\/\\\/folhapopular.info\\\/index.php\\\/2022\\\/04\\\/18\\\/nova-corte-de-soberanas-de-forquetinha-e-apresentada\\\/#article\",\"isPartOf\":{\"@id\":\"https:\\\/\\\/folhapopular.info\\\/index.php\\\/2022\\\/04\\\/18\\\/nova-corte-de-soberanas-de-forquetinha-e-apresentada\\\/\"},\"author\":{\"name\":\"Reda\u00e7\u00e3o Folha Popular\",\"@id\":\"https:\\\/\\\/folhapopular.info\\\/#\\\/schema\\\/person\\\/2814e8a0df7643585a9ca38bc6eb9d4b\"},\"headline\":\"Nova corte de soberanas de Forquetinha \u00e9 apresentada\",\"datePublished\":\"2022-04-18T20:30:00+00:00\",\"mainEntityOfPage\":{\"@id\":\"https:\\\/\\\/folhapopular.info\\\/index.php\\\/2022\\\/04\\\/18\\\/nova-corte-de-soberanas-de-forquetinha-e-apresentada\\\/\"},\"wordCount\":765,\"commentCount\":0,\"image\":{\"@id\":\"https:\\\/\\\/folhapopular.info\\\/index.php\\\/2022\\\/04\\\/18\\\/nova-corte-de-soberanas-de-forquetinha-e-apresentada\\\/#primaryimage\"},\"thumbnailUrl\":\"https:\\\/\\\/folhapopular.info\\\/wp-content\\\/uploads\\\/2022\\\/04\\\/rainha-6-e1650313285284.jpeg\",\"keywords\":[\"Candidatas\",\"Forquetinha\",\"Princesas\",\"Rainha\",\"Soberanas\"],\"articleSection\":[\"Destaques\",\"Geral\"],\"inLanguage\":\"pt-BR\",\"potentialAction\":[{\"@type\":\"CommentAction\",\"name\":\"Comment\",\"target\":[\"https:\\\/\\\/folhapopular.info\\\/index.php\\\/2022\\\/04\\\/18\\\/nova-corte-de-soberanas-de-forquetinha-e-apresentada\\\/#respond\"]}]},{\"@type\":\"WebPage\",\"@id\":\"https:\\\/\\\/folhapopular.info\\\/index.php\\\/2022\\\/04\\\/18\\\/nova-corte-de-soberanas-de-forquetinha-e-apresentada\\\/\",\"url\":\"https:\\\/\\\/folhapopular.info\\\/index.php\\\/2022\\\/04\\\/18\\\/nova-corte-de-soberanas-de-forquetinha-e-apresentada\\\/\",\"name\":\"Nova corte de soberanas de Forquetinha \u00e9 apresentada - Folha Popular\",\"isPartOf\":{\"@id\":\"https:\\\/\\\/folhapopular.info\\\/#website\"},\"primaryImageOfPage\":{\"@id\":\"https:\\\/\\\/folhapopular.info\\\/index.php\\\/2022\\\/04\\\/18\\\/nova-corte-de-soberanas-de-forquetinha-e-apresentada\\\/#primaryimage\"},\"image\":{\"@id\":\"https:\\\/\\\/folhapopular.info\\\/index.php\\\/2022\\\/04\\\/18\\\/nova-corte-de-soberanas-de-forquetinha-e-apresentada\\\/#primaryimage\"},\"thumbnailUrl\":\"https:\\\/\\\/folhapopular.info\\\/wp-content\\\/uploads\\\/2022\\\/04\\\/rainha-6-e1650313285284.jpeg\",\"datePublished\":\"2022-04-18T20:30:00+00:00\",\"author\":{\"@id\":\"https:\\\/\\\/folhapopular.info\\\/#\\\/schema\\\/person\\\/2814e8a0df7643585a9ca38bc6eb9d4b\"},\"breadcrumb\":{\"@id\":\"https:\\\/\\\/folhapopular.info\\\/index.php\\\/2022\\\/04\\\/18\\\/nova-corte-de-soberanas-de-forquetinha-e-apresentada\\\/#breadcrumb\"},\"inLanguage\":\"pt-BR\",\"potentialAction\":[{\"@type\":\"ReadAction\",\"target\":[\"https:\\\/\\\/folhapopular.info\\\/index.php\\\/2022\\\/04\\\/18\\\/nova-corte-de-soberanas-de-forquetinha-e-apresentada\\\/\"]}]},{\"@type\":\"ImageObject\",\"inLanguage\":\"pt-BR\",\"@id\":\"https:\\\/\\\/folhapopular.info\\\/index.php\\\/2022\\\/04\\\/18\\\/nova-corte-de-soberanas-de-forquetinha-e-apresentada\\\/#primaryimage\",\"url\":\"https:\\\/\\\/folhapopular.info\\\/wp-content\\\/uploads\\\/2022\\\/04\\\/rainha-6-e1650313285284.jpeg\",\"contentUrl\":\"https:\\\/\\\/folhapopular.info\\\/wp-content\\\/uploads\\\/2022\\\/04\\\/rainha-6-e1650313285284.jpeg\",\"width\":800,\"height\":823,\"caption\":\"Rainha Andrezza Favaretto (c), 1\u00aa princesa P\u00e2mela Althaus (e) e 2\u00aa princesa Bruna Prass \\\/ Cr\u00e9dito: \u00c9dson Lu\u00eds Schaeffer \\\/ Divulga\u00e7\u00e3o\"},{\"@type\":\"BreadcrumbList\",\"@id\":\"https:\\\/\\\/folhapopular.info\\\/index.php\\\/2022\\\/04\\\/18\\\/nova-corte-de-soberanas-de-forquetinha-e-apresentada\\\/#breadcrumb\",\"itemListElement\":[{\"@type\":\"ListItem\",\"position\":1,\"name\":\"In\u00edcio\",\"item\":\"https:\\\/\\\/folhapopular.info\\\/\"},{\"@type\":\"ListItem\",\"position\":2,\"name\":\"Nova corte de soberanas de Forquetinha \u00e9 apresentada\"}]},{\"@type\":\"WebSite\",\"@id\":\"https:\\\/\\\/folhapopular.info\\\/#website\",\"url\":\"https:\\\/\\\/folhapopular.info\\\/\",\"name\":\"Folha Popular\",\"description\":\"Onde voc\u00ea tem vez e voz\",\"potentialAction\":[{\"@type\":\"SearchAction\",\"target\":{\"@type\":\"EntryPoint\",\"urlTemplate\":\"https:\\\/\\\/folhapopular.info\\\/?s={search_term_string}\"},\"query-input\":{\"@type\":\"PropertyValueSpecification\",\"valueRequired\":true,\"valueName\":\"search_term_string\"}}],\"inLanguage\":\"pt-BR\"},{\"@type\":\"Person\",\"@id\":\"https:\\\/\\\/folhapopular.info\\\/#\\\/schema\\\/person\\\/2814e8a0df7643585a9ca38bc6eb9d4b\",\"name\":\"Reda\u00e7\u00e3o Folha Popular\",\"image\":{\"@type\":\"ImageObject\",\"inLanguage\":\"pt-BR\",\"@id\":\"https:\\\/\\\/folhapopular.info\\\/wp-content\\\/uploads\\\/2026\\\/04\\\/Folha-1.webp\",\"url\":\"https:\\\/\\\/folhapopular.info\\\/wp-content\\\/uploads\\\/2026\\\/04\\\/Folha-1.webp\",\"contentUrl\":\"https:\\\/\\\/folhapopular.info\\\/wp-content\\\/uploads\\\/2026\\\/04\\\/Folha-1.webp\",\"caption\":\"Reda\u00e7\u00e3o Folha Popular\"},\"url\":\"https:\\\/\\\/folhapopular.info\\\/index.php\\\/author\\\/redacao\\\/\"}]}<\/script>\n<!-- \/ Yoast SEO plugin. -->","yoast_head_json":{"title":"Nova corte de soberanas de Forquetinha \u00e9 apresentada - Folha Popular","robots":{"index":"index","follow":"follow","max-snippet":"max-snippet:-1","max-image-preview":"max-image-preview:large","max-video-preview":"max-video-preview:-1"},"canonical":"https:\/\/folhapopular.info\/index.php\/2022\/04\/18\/nova-corte-de-soberanas-de-forquetinha-e-apresentada\/","og_locale":"pt_BR","og_type":"article","og_title":"Nova corte de soberanas de Forquetinha \u00e9 apresentada - Folha Popular","og_description":"Tendo como palco um dos seus principais cart\u00f5es-postais, o Parque de Exposi\u00e7\u00f5es Christoph Bauer, Forquetinha coroou com sucesso o seu anivers\u00e1rio de 26 anos no s\u00e1bado (18\/4). Isso porque, al\u00e9m do baile com Rainha Musical, o munic\u00edpio conheceu a sua nova corte de soberanas para o bi\u00eanio 2022\/2024, que ser\u00e1 composta por Andrezza Favaretto, P\u00e2mela [&hellip;]","og_url":"https:\/\/folhapopular.info\/index.php\/2022\/04\/18\/nova-corte-de-soberanas-de-forquetinha-e-apresentada\/","og_site_name":"Folha Popular","article_published_time":"2022-04-18T20:30:00+00:00","og_image":[{"width":800,"height":823,"url":"http:\/\/folhapopular.info\/wp-content\/uploads\/2022\/04\/rainha-6-e1650313285284.jpeg","type":"image\/jpeg"}],"author":"Reda\u00e7\u00e3o Folha Popular","twitter_card":"summary_large_image","twitter_misc":{"Escrito por":"Reda\u00e7\u00e3o Folha Popular","Est. tempo de leitura":"5 minutos"},"schema":{"@context":"https:\/\/schema.org","@graph":[{"@type":"Article","@id":"https:\/\/folhapopular.info\/index.php\/2022\/04\/18\/nova-corte-de-soberanas-de-forquetinha-e-apresentada\/#article","isPartOf":{"@id":"https:\/\/folhapopular.info\/index.php\/2022\/04\/18\/nova-corte-de-soberanas-de-forquetinha-e-apresentada\/"},"author":{"name":"Reda\u00e7\u00e3o Folha Popular","@id":"https:\/\/folhapopular.info\/#\/schema\/person\/2814e8a0df7643585a9ca38bc6eb9d4b"},"headline":"Nova corte de soberanas de Forquetinha \u00e9 apresentada","datePublished":"2022-04-18T20:30:00+00:00","mainEntityOfPage":{"@id":"https:\/\/folhapopular.info\/index.php\/2022\/04\/18\/nova-corte-de-soberanas-de-forquetinha-e-apresentada\/"},"wordCount":765,"commentCount":0,"image":{"@id":"https:\/\/folhapopular.info\/index.php\/2022\/04\/18\/nova-corte-de-soberanas-de-forquetinha-e-apresentada\/#primaryimage"},"thumbnailUrl":"https:\/\/folhapopular.info\/wp-content\/uploads\/2022\/04\/rainha-6-e1650313285284.jpeg","keywords":["Candidatas","Forquetinha","Princesas","Rainha","Soberanas"],"articleSection":["Destaques","Geral"],"inLanguage":"pt-BR","potentialAction":[{"@type":"CommentAction","name":"Comment","target":["https:\/\/folhapopular.info\/index.php\/2022\/04\/18\/nova-corte-de-soberanas-de-forquetinha-e-apresentada\/#respond"]}]},{"@type":"WebPage","@id":"https:\/\/folhapopular.info\/index.php\/2022\/04\/18\/nova-corte-de-soberanas-de-forquetinha-e-apresentada\/","url":"https:\/\/folhapopular.info\/index.php\/2022\/04\/18\/nova-corte-de-soberanas-de-forquetinha-e-apresentada\/","name":"Nova corte de soberanas de Forquetinha \u00e9 apresentada - Folha Popular","isPartOf":{"@id":"https:\/\/folhapopular.info\/#website"},"primaryImageOfPage":{"@id":"https:\/\/folhapopular.info\/index.php\/2022\/04\/18\/nova-corte-de-soberanas-de-forquetinha-e-apresentada\/#primaryimage"},"image":{"@id":"https:\/\/folhapopular.info\/index.php\/2022\/04\/18\/nova-corte-de-soberanas-de-forquetinha-e-apresentada\/#primaryimage"},"thumbnailUrl":"https:\/\/folhapopular.info\/wp-content\/uploads\/2022\/04\/rainha-6-e1650313285284.jpeg","datePublished":"2022-04-18T20:30:00+00:00","author":{"@id":"https:\/\/folhapopular.info\/#\/schema\/person\/2814e8a0df7643585a9ca38bc6eb9d4b"},"breadcrumb":{"@id":"https:\/\/folhapopular.info\/index.php\/2022\/04\/18\/nova-corte-de-soberanas-de-forquetinha-e-apresentada\/#breadcrumb"},"inLanguage":"pt-BR","potentialAction":[{"@type":"ReadAction","target":["https:\/\/folhapopular.info\/index.php\/2022\/04\/18\/nova-corte-de-soberanas-de-forquetinha-e-apresentada\/"]}]},{"@type":"ImageObject","inLanguage":"pt-BR","@id":"https:\/\/folhapopular.info\/index.php\/2022\/04\/18\/nova-corte-de-soberanas-de-forquetinha-e-apresentada\/#primaryimage","url":"https:\/\/folhapopular.info\/wp-content\/uploads\/2022\/04\/rainha-6-e1650313285284.jpeg","contentUrl":"https:\/\/folhapopular.info\/wp-content\/uploads\/2022\/04\/rainha-6-e1650313285284.jpeg","width":800,"height":823,"caption":"Rainha Andrezza Favaretto (c), 1\u00aa princesa P\u00e2mela Althaus (e) e 2\u00aa princesa Bruna Prass \/ Cr\u00e9dito: \u00c9dson Lu\u00eds Schaeffer \/ Divulga\u00e7\u00e3o"},{"@type":"BreadcrumbList","@id":"https:\/\/folhapopular.info\/index.php\/2022\/04\/18\/nova-corte-de-soberanas-de-forquetinha-e-apresentada\/#breadcrumb","itemListElement":[{"@type":"ListItem","position":1,"name":"In\u00edcio","item":"https:\/\/folhapopular.info\/"},{"@type":"ListItem","position":2,"name":"Nova corte de soberanas de Forquetinha \u00e9 apresentada"}]},{"@type":"WebSite","@id":"https:\/\/folhapopular.info\/#website","url":"https:\/\/folhapopular.info\/","name":"Folha Popular","description":"Onde voc\u00ea tem vez e voz","potentialAction":[{"@type":"SearchAction","target":{"@type":"EntryPoint","urlTemplate":"https:\/\/folhapopular.info\/?s={search_term_string}"},"query-input":{"@type":"PropertyValueSpecification","valueRequired":true,"valueName":"search_term_string"}}],"inLanguage":"pt-BR"},{"@type":"Person","@id":"https:\/\/folhapopular.info\/#\/schema\/person\/2814e8a0df7643585a9ca38bc6eb9d4b","name":"Reda\u00e7\u00e3o Folha Popular","image":{"@type":"ImageObject","inLanguage":"pt-BR","@id":"https:\/\/folhapopular.info\/wp-content\/uploads\/2026\/04\/Folha-1.webp","url":"https:\/\/folhapopular.info\/wp-content\/uploads\/2026\/04\/Folha-1.webp","contentUrl":"https:\/\/folhapopular.info\/wp-content\/uploads\/2026\/04\/Folha-1.webp","caption":"Reda\u00e7\u00e3o Folha Popular"},"url":"https:\/\/folhapopular.info\/index.php\/author\/redacao\/"}]}},"jetpack_featured_media_url":"https:\/\/folhapopular.info\/wp-content\/uploads\/2022\/04\/rainha-6-e1650313285284.jpeg","jetpack_sharing_enabled":true,"amp_enabled":true,"_links":{"self":[{"href":"https:\/\/folhapopular.info\/index.php\/wp-json\/wp\/v2\/posts\/102632","targetHints":{"allow":["GET"]}}],"collection":[{"href":"https:\/\/folhapopular.info\/index.php\/wp-json\/wp\/v2\/posts"}],"about":[{"href":"https:\/\/folhapopular.info\/index.php\/wp-json\/wp\/v2\/types\/post"}],"author":[{"embeddable":true,"href":"https:\/\/folhapopular.info\/index.php\/wp-json\/wp\/v2\/users\/8"}],"replies":[{"embeddable":true,"href":"https:\/\/folhapopular.info\/index.php\/wp-json\/wp\/v2\/comments?post=102632"}],"version-history":[{"count":0,"href":"https:\/\/folhapopular.info\/index.php\/wp-json\/wp\/v2\/posts\/102632\/revisions"}],"wp:featuredmedia":[{"embeddable":true,"href":"https:\/\/folhapopular.info\/index.php\/wp-json\/wp\/v2\/media\/102633"}],"wp:attachment":[{"href":"https:\/\/folhapopular.info\/index.php\/wp-json\/wp\/v2\/media?parent=102632"}],"wp:term":[{"taxonomy":"category","embeddable":true,"href":"https:\/\/folhapopular.info\/index.php\/wp-json\/wp\/v2\/categories?post=102632"},{"taxonomy":"post_tag","embeddable":true,"href":"https:\/\/folhapopular.info\/index.php\/wp-json\/wp\/v2\/tags?post=102632"}],"curies":[{"name":"wp","href":"https:\/\/api.w.org\/{rel}","templated":true}]}}