{"id":102783,"date":"2022-04-20T16:54:56","date_gmt":"2022-04-20T19:54:56","guid":{"rendered":"https:\/\/folhapopular.info\/?p=102783"},"modified":"2022-04-20T16:54:59","modified_gmt":"2022-04-20T19:54:59","slug":"governo-de-estrela-apresenta-projetos-de-infraestrutura-e-saneamento-em-cafe-empresarial-da-cacis","status":"publish","type":"post","link":"https:\/\/folhapopular.info\/index.php\/2022\/04\/20\/governo-de-estrela-apresenta-projetos-de-infraestrutura-e-saneamento-em-cafe-empresarial-da-cacis\/","title":{"rendered":"Governo de Estrela apresenta projetos de infraestrutura e saneamento em Caf\u00e9 Empresarial da Cacis"},"content":{"rendered":"\n<p>A C\u00e2mara de Com\u00e9rcio, Ind\u00fastria, Servi\u00e7os e Agroneg\u00f3cio (Cacis) de Estrela realizou, nesta quarta-feira (20\/4), a segunda edi\u00e7\u00e3o do ano do Caf\u00e9 Empresarial, tradicional evento da entidade que traz informa\u00e7\u00f5es de interesse dos associados e demais interessados. Na oportunidade, o Governo de Estrela apresentou diversos projetos voltados \u00e0 \u00e1rea de infraestrutura, al\u00e9m do Plano Diretor de Saneamento Urbano.<\/p>\n\n\n\n<p>O presidente da Cacis, Gerson Strehl, enalteceu a import\u00e2ncia do Executivo mostrar \u00e0 classe empresarial o que se projeta em investimentos que impactam no desenvolvimento do munic\u00edpio. \u201cA Cacis est\u00e1 sempre atenta aos temas que impactam no nosso dia a dia, especialmente no \u00e2mbito municipal. Por isso, este Caf\u00e9 Empresarial \u00e9 de suma import\u00e2ncia. Al\u00e9m disso, \u00e9 uma das formas de aproximarmos os empres\u00e1rios do Executivo\u201d, enalteceu.<\/p>\n\n\n\n<p>A apresenta\u00e7\u00e3o do Governo de Estrela foi conduzida pelo publicit\u00e1rio Elifas Gerhardt de Vargas, com explica\u00e7\u00f5es do prefeito, Elmar Schneider. Em pouco mais de uma hora, o Executivo trouxe projetos que est\u00e3o sendo executados ou que est\u00e3o previstos para curto e m\u00e9dio prazo, com prop\u00f3sito de alavancar o desenvolvimento econ\u00f4mico e social do munic\u00edpio.<\/p>\n\n\n\n<figure class=\"wp-block-image size-large is-resized\"><img loading=\"lazy\" decoding=\"async\" src=\"https:\/\/folhapopular.info\/wp-content\/uploads\/2022\/04\/Cafe-Empresarial-reuniu-associados-autoridades-e-representantes-do-Governo-de-Estrela-1-1024x683.jpg\" alt=\"\" class=\"wp-image-102785\" width=\"584\" height=\"386\"\/><figcaption>Caf\u00e9 Empresarial reuniu associados, autoridades e representantes do Governo de Estrela \/ <br>Cr\u00e9dito: \u00c9dson Lu\u00eds Schaeffer \/ Conte Comunica\u00e7\u00e3o &amp; Marketing \/ Divulga\u00e7\u00e3o<\/figcaption><\/figure>\n\n\n\n<p>Em quest\u00e3o de infraestutura, Elmar Schneider citou as tratativas para municipalizar a rodovia Transantarita, a revitaliza\u00e7\u00e3o das cal\u00e7adas de passeio, a instala\u00e7\u00e3o de paradas de \u00f4nibus inteligentes e a padroniza\u00e7\u00e3o da sinaliza\u00e7\u00e3o das ruas de Estrela. Na oportunidade, o chefe do Executivo convidou as empresas para adotarem placas de rua, lixeiras e pra\u00e7as, oportunizando, al\u00e9m da divulga\u00e7\u00e3o da marca, parceria com o poder p\u00fablico para melhorar, cada vez mais, os espa\u00e7os p\u00fablicos.<\/p>\n\n\n\n<p>Na \u00e1rea ambiental, foi enaltecida a proposta de padroniza\u00e7\u00e3o das lixeiras, bem como a instala\u00e7\u00e3o de ecopontos para a coleta de produtos espec\u00edficos que n\u00e3o podem ser descartados no lixo comum. Ainda nesta \u00e1rea, foi anunciado o projeto do Canil Municipal, com a proposta que ofere\u00e7a, realmente, o cuidado com os animais, incluindo os de grande porte.<\/p>\n\n\n\n<p>Para o turismo, mais projetos est\u00e3o previstos. Dentre eles est\u00e3o a constru\u00e7\u00e3o de uma passarela \u00e0s margens do Rio Taquari, entre o Parque da Lagoa e a Escadaria; a constru\u00e7\u00e3o de um restaurante na Escadaria; e acesso asf\u00e1ltico at\u00e9 a Cascata Santa Rita, local que deve abrigar ainda restaurante e pousada.<\/p>\n\n\n\n<p>O prefeito informou o que o Governo segue as tratativas para a municipaliza\u00e7\u00e3o do Porto, bem como a amplia\u00e7\u00e3o da pista do aer\u00f3dromo e a reativa\u00e7\u00e3o da malha ferrovi\u00e1ria. Nesta linha, citou tamb\u00e9m, a cria\u00e7\u00e3o da Empresa P\u00fablica de Log\u00edstica Estrela (E-Log), que, dentre outras atribui\u00e7\u00f5es, estar\u00e1 \u00e0 frente destes tr\u00eas modais.<\/p>\n\n\n\n<p>Na \u00e1rea de educa\u00e7\u00e3o e cultura, Schneider anunciou o projeto Esporte + Estrela, oferecendo atividades esportivas no contraturno para crian\u00e7as e adolescentes, utilizando o espa\u00e7o do antigo campo do Estrela Futebol Clube. Ainda anunciou que o Centro Cultural deve ser conclu\u00eddo em breve e que sua inaugura\u00e7\u00e3o ocorrer\u00e1 no dia 5 de novembro, no Dia da Cultura.<\/p>\n\n\n\n<p>Em quest\u00e3o de desenvolvimento, o Governo de Estrela anunciou a cria\u00e7\u00e3o do Next Co.Work no terceiro andar do pr\u00e9dio da antiga Polar, bem como a proposta de oportunizar a abertura de empresas em at\u00e9 10 minutos. \u201cEm parceria com a Cacis, vamos desenvolver o empreendedorismo, colocando um andar inteiro a disposi\u00e7\u00e3o dos empreendedores, para que eles tenham um espa\u00e7o para iniciar o seu neg\u00f3cio\u201d, exp\u00f4s o prefeito.<\/p>\n\n\n\n<p>Ainda na \u00e1rea de desenvolvimento, o Executivo colocou que o Governo de Estrela e a Cacis estar\u00e3o, juntas, com um estande na Feira Brasileira do Varejo, em Porto Alegre, para colocar o munic\u00edpio na vitrine. Schneider tamb\u00e9m aproveitou para anunciar a Expo e Congresso Log\u00edstico de Estrela, nos dias 28, 29 e 30 de outubro.<\/p>\n\n\n\n<p>Em quest\u00f5es voltadas \u00e0 \u00e1rea central de Estrela, especialmente no que tange \u00e0 mobilidade, est\u00e3o previstas a contrata\u00e7\u00e3o de empresa para realizar um estudo para minimizar a falta de vagas de estacionamento, a abertura de um trecho da Rua Ernesto Alves com o prop\u00f3sito de dar mais fluidez no tr\u00e2nsito, a atualiza\u00e7\u00e3o do Plano Diretor e, para 2023, a revitaliza\u00e7\u00e3o do Cal\u00e7ad\u00e3o.<\/p>\n\n\n\n<p>A assessora ambiental Simone Schneider, na oportunidade, colocou que o Plano de Saneamento B\u00e1sico est\u00e1 em fase de atualiza\u00e7\u00e3o, lembrando que o mesmo estava desatualizado h\u00e1 nove anos. \u201cTemos muitas coisas boas previstas, mas temos ainda muitas coisas a melhorar\u201d, pontuou.<\/p>\n\n\n\n<p>No final da apresenta\u00e7\u00e3o, o Governo de Estrela ainda assinou o alvar\u00e1 de funcionamento de uma marina em Estrela. A estrutura estar\u00e1 integrada ao Parque da Lagoa e deve comportar at\u00e9 200 embarca\u00e7\u00f5es.<\/p>\n\n\n\n<p>Segundo Elmar Schneider, o Governo de Estrela busca promover o desenvolvimento sustent\u00e1vel do munic\u00edpio. \u201cNossa gest\u00e3o \u00e9 pautada no di\u00e1logo e queremos construir juntos desenvolver as nossas pol\u00edticas p\u00fablicas para retomar o protagonismo na nossa regi\u00e3o. Vamos resolver gargalos hist\u00f3ricos e fazer nossa Estrela brilhar ainda mais. S\u00e3o a\u00e7\u00f5es de desenvolvimento, mas que preservam nossa ess\u00eancia, principalmente na qualidade de vida da nossa gente\u201d, afirmou.<\/p>\n\n\n\n<p>O Caf\u00e9 Empresarial foi uma realiza\u00e7\u00e3o da Cacis Estrela, com apoio do Governo de Estrela. O patroc\u00ednio foi de Sicredi Ouro Branco, Banco Regional de Desenvolvimento do Extremo Sul (BRDE), Brasilata, CDL Porto Alegre, ZW Contabilidade, Launer Qu\u00edmica, Gardel Im\u00f3veis, Cooperativa Languiru, Nexsul Conectividade, SOS Bebidas, Plano A M\u00f3veis Projetados e Grupo A Hora.<\/p>\n","protected":false},"excerpt":{"rendered":"<p>A C\u00e2mara de Com\u00e9rcio, Ind\u00fastria, Servi\u00e7os e Agroneg\u00f3cio (Cacis) de Estrela realizou, nesta quarta-feira (20\/4), a segunda edi\u00e7\u00e3o do ano do Caf\u00e9 Empresarial, tradicional evento da entidade que traz informa\u00e7\u00f5es de interesse dos associados e demais interessados. Na oportunidade, o Governo de Estrela apresentou diversos projetos voltados \u00e0 \u00e1rea de infraestrutura, al\u00e9m do Plano Diretor [&hellip;]<\/p>\n","protected":false},"author":8,"featured_media":102784,"comment_status":"open","ping_status":"open","sticky":false,"template":"","format":"standard","meta":{"pmpro_default_level":"","_jetpack_memberships_contains_paid_content":false,"footnotes":""},"categories":[2,3],"tags":[3375,8,4535,529,6250,5450],"class_list":{"0":"post-102783","1":"post","2":"type-post","3":"status-publish","4":"format-standard","5":"has-post-thumbnail","7":"category-featured","8":"category-geral","9":"tag-cafe-empresarial","10":"tag-estrela","11":"tag-governo-de-estrela","12":"tag-infraestrutura","13":"tag-projetos","14":"tag-saneamento","15":"pmpro-has-access"},"yoast_head":"<!-- This site is optimized with the Yoast SEO plugin v27.5 - https:\/\/yoast.com\/product\/yoast-seo-wordpress\/ -->\n<title>Governo de Estrela apresenta projetos de infraestrutura e saneamento em Caf\u00e9 Empresarial da Cacis - Folha Popular<\/title>\n<meta name=\"robots\" content=\"index, follow, max-snippet:-1, max-image-preview:large, max-video-preview:-1\" \/>\n<link rel=\"canonical\" href=\"https:\/\/folhapopular.info\/index.php\/2022\/04\/20\/governo-de-estrela-apresenta-projetos-de-infraestrutura-e-saneamento-em-cafe-empresarial-da-cacis\/\" \/>\n<meta property=\"og:locale\" content=\"pt_BR\" \/>\n<meta property=\"og:type\" content=\"article\" \/>\n<meta property=\"og:title\" content=\"Governo de Estrela apresenta projetos de infraestrutura e saneamento em Caf\u00e9 Empresarial da Cacis - Folha Popular\" \/>\n<meta property=\"og:description\" content=\"A C\u00e2mara de Com\u00e9rcio, Ind\u00fastria, Servi\u00e7os e Agroneg\u00f3cio (Cacis) de Estrela realizou, nesta quarta-feira (20\/4), a segunda edi\u00e7\u00e3o do ano do Caf\u00e9 Empresarial, tradicional evento da entidade que traz informa\u00e7\u00f5es de interesse dos associados e demais interessados. Na oportunidade, o Governo de Estrela apresentou diversos projetos voltados \u00e0 \u00e1rea de infraestrutura, al\u00e9m do Plano Diretor [&hellip;]\" \/>\n<meta property=\"og:url\" content=\"https:\/\/folhapopular.info\/index.php\/2022\/04\/20\/governo-de-estrela-apresenta-projetos-de-infraestrutura-e-saneamento-em-cafe-empresarial-da-cacis\/\" \/>\n<meta property=\"og:site_name\" content=\"Folha Popular\" \/>\n<meta property=\"article:published_time\" content=\"2022-04-20T19:54:56+00:00\" \/>\n<meta property=\"article:modified_time\" content=\"2022-04-20T19:54:59+00:00\" \/>\n<meta property=\"og:image\" content=\"http:\/\/folhapopular.info\/wp-content\/uploads\/2022\/04\/Elmar-Schneider-apresentou-os-projetos-do-Executivo-em-diversas-areas-scaled-e1650484227946.jpg\" \/>\n\t<meta property=\"og:image:width\" content=\"800\" \/>\n\t<meta property=\"og:image:height\" content=\"533\" \/>\n\t<meta property=\"og:image:type\" content=\"image\/jpeg\" \/>\n<meta name=\"author\" content=\"Reda\u00e7\u00e3o Folha Popular\" \/>\n<meta name=\"twitter:card\" content=\"summary_large_image\" \/>\n<meta name=\"twitter:label1\" content=\"Escrito por\" \/>\n\t<meta name=\"twitter:data1\" content=\"Reda\u00e7\u00e3o Folha Popular\" \/>\n\t<meta name=\"twitter:label2\" content=\"Est. tempo de leitura\" \/>\n\t<meta name=\"twitter:data2\" content=\"5 minutos\" \/>\n<script type=\"application\/ld+json\" class=\"yoast-schema-graph\">{\"@context\":\"https:\\\/\\\/schema.org\",\"@graph\":[{\"@type\":\"Article\",\"@id\":\"https:\\\/\\\/folhapopular.info\\\/index.php\\\/2022\\\/04\\\/20\\\/governo-de-estrela-apresenta-projetos-de-infraestrutura-e-saneamento-em-cafe-empresarial-da-cacis\\\/#article\",\"isPartOf\":{\"@id\":\"https:\\\/\\\/folhapopular.info\\\/index.php\\\/2022\\\/04\\\/20\\\/governo-de-estrela-apresenta-projetos-de-infraestrutura-e-saneamento-em-cafe-empresarial-da-cacis\\\/\"},\"author\":{\"name\":\"Reda\u00e7\u00e3o Folha Popular\",\"@id\":\"https:\\\/\\\/folhapopular.info\\\/#\\\/schema\\\/person\\\/2814e8a0df7643585a9ca38bc6eb9d4b\"},\"headline\":\"Governo de Estrela apresenta projetos de infraestrutura e saneamento em Caf\u00e9 Empresarial da Cacis\",\"datePublished\":\"2022-04-20T19:54:56+00:00\",\"dateModified\":\"2022-04-20T19:54:59+00:00\",\"mainEntityOfPage\":{\"@id\":\"https:\\\/\\\/folhapopular.info\\\/index.php\\\/2022\\\/04\\\/20\\\/governo-de-estrela-apresenta-projetos-de-infraestrutura-e-saneamento-em-cafe-empresarial-da-cacis\\\/\"},\"wordCount\":967,\"commentCount\":0,\"image\":{\"@id\":\"https:\\\/\\\/folhapopular.info\\\/index.php\\\/2022\\\/04\\\/20\\\/governo-de-estrela-apresenta-projetos-de-infraestrutura-e-saneamento-em-cafe-empresarial-da-cacis\\\/#primaryimage\"},\"thumbnailUrl\":\"https:\\\/\\\/folhapopular.info\\\/wp-content\\\/uploads\\\/2022\\\/04\\\/Elmar-Schneider-apresentou-os-projetos-do-Executivo-em-diversas-areas-scaled-e1650484227946.jpg\",\"keywords\":[\"Caf\u00e9 Empresarial\",\"Estrela\",\"Governo de Estrela\",\"Infraestrutura\",\"Projetos\",\"saneamento\"],\"articleSection\":[\"Destaques\",\"Geral\"],\"inLanguage\":\"pt-BR\",\"potentialAction\":[{\"@type\":\"CommentAction\",\"name\":\"Comment\",\"target\":[\"https:\\\/\\\/folhapopular.info\\\/index.php\\\/2022\\\/04\\\/20\\\/governo-de-estrela-apresenta-projetos-de-infraestrutura-e-saneamento-em-cafe-empresarial-da-cacis\\\/#respond\"]}]},{\"@type\":\"WebPage\",\"@id\":\"https:\\\/\\\/folhapopular.info\\\/index.php\\\/2022\\\/04\\\/20\\\/governo-de-estrela-apresenta-projetos-de-infraestrutura-e-saneamento-em-cafe-empresarial-da-cacis\\\/\",\"url\":\"https:\\\/\\\/folhapopular.info\\\/index.php\\\/2022\\\/04\\\/20\\\/governo-de-estrela-apresenta-projetos-de-infraestrutura-e-saneamento-em-cafe-empresarial-da-cacis\\\/\",\"name\":\"Governo de Estrela apresenta projetos de infraestrutura e saneamento em Caf\u00e9 Empresarial da Cacis - Folha Popular\",\"isPartOf\":{\"@id\":\"https:\\\/\\\/folhapopular.info\\\/#website\"},\"primaryImageOfPage\":{\"@id\":\"https:\\\/\\\/folhapopular.info\\\/index.php\\\/2022\\\/04\\\/20\\\/governo-de-estrela-apresenta-projetos-de-infraestrutura-e-saneamento-em-cafe-empresarial-da-cacis\\\/#primaryimage\"},\"image\":{\"@id\":\"https:\\\/\\\/folhapopular.info\\\/index.php\\\/2022\\\/04\\\/20\\\/governo-de-estrela-apresenta-projetos-de-infraestrutura-e-saneamento-em-cafe-empresarial-da-cacis\\\/#primaryimage\"},\"thumbnailUrl\":\"https:\\\/\\\/folhapopular.info\\\/wp-content\\\/uploads\\\/2022\\\/04\\\/Elmar-Schneider-apresentou-os-projetos-do-Executivo-em-diversas-areas-scaled-e1650484227946.jpg\",\"datePublished\":\"2022-04-20T19:54:56+00:00\",\"dateModified\":\"2022-04-20T19:54:59+00:00\",\"author\":{\"@id\":\"https:\\\/\\\/folhapopular.info\\\/#\\\/schema\\\/person\\\/2814e8a0df7643585a9ca38bc6eb9d4b\"},\"breadcrumb\":{\"@id\":\"https:\\\/\\\/folhapopular.info\\\/index.php\\\/2022\\\/04\\\/20\\\/governo-de-estrela-apresenta-projetos-de-infraestrutura-e-saneamento-em-cafe-empresarial-da-cacis\\\/#breadcrumb\"},\"inLanguage\":\"pt-BR\",\"potentialAction\":[{\"@type\":\"ReadAction\",\"target\":[\"https:\\\/\\\/folhapopular.info\\\/index.php\\\/2022\\\/04\\\/20\\\/governo-de-estrela-apresenta-projetos-de-infraestrutura-e-saneamento-em-cafe-empresarial-da-cacis\\\/\"]}]},{\"@type\":\"ImageObject\",\"inLanguage\":\"pt-BR\",\"@id\":\"https:\\\/\\\/folhapopular.info\\\/index.php\\\/2022\\\/04\\\/20\\\/governo-de-estrela-apresenta-projetos-de-infraestrutura-e-saneamento-em-cafe-empresarial-da-cacis\\\/#primaryimage\",\"url\":\"https:\\\/\\\/folhapopular.info\\\/wp-content\\\/uploads\\\/2022\\\/04\\\/Elmar-Schneider-apresentou-os-projetos-do-Executivo-em-diversas-areas-scaled-e1650484227946.jpg\",\"contentUrl\":\"https:\\\/\\\/folhapopular.info\\\/wp-content\\\/uploads\\\/2022\\\/04\\\/Elmar-Schneider-apresentou-os-projetos-do-Executivo-em-diversas-areas-scaled-e1650484227946.jpg\",\"width\":800,\"height\":533,\"caption\":\"Elmar Schneider apresentou os projetos do Executivo em diversas \u00e1reas \\\/ Cr\u00e9dito: \u00c9dson Lu\u00eds Schaeffer \\\/ Conte Comunica\u00e7\u00e3o & Marketing \\\/ Divulga\u00e7\u00e3o\"},{\"@type\":\"BreadcrumbList\",\"@id\":\"https:\\\/\\\/folhapopular.info\\\/index.php\\\/2022\\\/04\\\/20\\\/governo-de-estrela-apresenta-projetos-de-infraestrutura-e-saneamento-em-cafe-empresarial-da-cacis\\\/#breadcrumb\",\"itemListElement\":[{\"@type\":\"ListItem\",\"position\":1,\"name\":\"In\u00edcio\",\"item\":\"https:\\\/\\\/folhapopular.info\\\/\"},{\"@type\":\"ListItem\",\"position\":2,\"name\":\"Governo de Estrela apresenta projetos de infraestrutura e saneamento em Caf\u00e9 Empresarial da Cacis\"}]},{\"@type\":\"WebSite\",\"@id\":\"https:\\\/\\\/folhapopular.info\\\/#website\",\"url\":\"https:\\\/\\\/folhapopular.info\\\/\",\"name\":\"Folha Popular\",\"description\":\"Onde voc\u00ea tem vez e voz\",\"potentialAction\":[{\"@type\":\"SearchAction\",\"target\":{\"@type\":\"EntryPoint\",\"urlTemplate\":\"https:\\\/\\\/folhapopular.info\\\/?s={search_term_string}\"},\"query-input\":{\"@type\":\"PropertyValueSpecification\",\"valueRequired\":true,\"valueName\":\"search_term_string\"}}],\"inLanguage\":\"pt-BR\"},{\"@type\":\"Person\",\"@id\":\"https:\\\/\\\/folhapopular.info\\\/#\\\/schema\\\/person\\\/2814e8a0df7643585a9ca38bc6eb9d4b\",\"name\":\"Reda\u00e7\u00e3o Folha Popular\",\"image\":{\"@type\":\"ImageObject\",\"inLanguage\":\"pt-BR\",\"@id\":\"https:\\\/\\\/folhapopular.info\\\/wp-content\\\/uploads\\\/2026\\\/04\\\/Folha-1.webp\",\"url\":\"https:\\\/\\\/folhapopular.info\\\/wp-content\\\/uploads\\\/2026\\\/04\\\/Folha-1.webp\",\"contentUrl\":\"https:\\\/\\\/folhapopular.info\\\/wp-content\\\/uploads\\\/2026\\\/04\\\/Folha-1.webp\",\"caption\":\"Reda\u00e7\u00e3o Folha Popular\"},\"url\":\"https:\\\/\\\/folhapopular.info\\\/index.php\\\/author\\\/redacao\\\/\"}]}<\/script>\n<!-- \/ Yoast SEO plugin. -->","yoast_head_json":{"title":"Governo de Estrela apresenta projetos de infraestrutura e saneamento em Caf\u00e9 Empresarial da Cacis - Folha Popular","robots":{"index":"index","follow":"follow","max-snippet":"max-snippet:-1","max-image-preview":"max-image-preview:large","max-video-preview":"max-video-preview:-1"},"canonical":"https:\/\/folhapopular.info\/index.php\/2022\/04\/20\/governo-de-estrela-apresenta-projetos-de-infraestrutura-e-saneamento-em-cafe-empresarial-da-cacis\/","og_locale":"pt_BR","og_type":"article","og_title":"Governo de Estrela apresenta projetos de infraestrutura e saneamento em Caf\u00e9 Empresarial da Cacis - Folha Popular","og_description":"A C\u00e2mara de Com\u00e9rcio, Ind\u00fastria, Servi\u00e7os e Agroneg\u00f3cio (Cacis) de Estrela realizou, nesta quarta-feira (20\/4), a segunda edi\u00e7\u00e3o do ano do Caf\u00e9 Empresarial, tradicional evento da entidade que traz informa\u00e7\u00f5es de interesse dos associados e demais interessados. Na oportunidade, o Governo de Estrela apresentou diversos projetos voltados \u00e0 \u00e1rea de infraestrutura, al\u00e9m do Plano Diretor [&hellip;]","og_url":"https:\/\/folhapopular.info\/index.php\/2022\/04\/20\/governo-de-estrela-apresenta-projetos-de-infraestrutura-e-saneamento-em-cafe-empresarial-da-cacis\/","og_site_name":"Folha Popular","article_published_time":"2022-04-20T19:54:56+00:00","article_modified_time":"2022-04-20T19:54:59+00:00","og_image":[{"width":800,"height":533,"url":"http:\/\/folhapopular.info\/wp-content\/uploads\/2022\/04\/Elmar-Schneider-apresentou-os-projetos-do-Executivo-em-diversas-areas-scaled-e1650484227946.jpg","type":"image\/jpeg"}],"author":"Reda\u00e7\u00e3o Folha Popular","twitter_card":"summary_large_image","twitter_misc":{"Escrito por":"Reda\u00e7\u00e3o Folha Popular","Est. tempo de leitura":"5 minutos"},"schema":{"@context":"https:\/\/schema.org","@graph":[{"@type":"Article","@id":"https:\/\/folhapopular.info\/index.php\/2022\/04\/20\/governo-de-estrela-apresenta-projetos-de-infraestrutura-e-saneamento-em-cafe-empresarial-da-cacis\/#article","isPartOf":{"@id":"https:\/\/folhapopular.info\/index.php\/2022\/04\/20\/governo-de-estrela-apresenta-projetos-de-infraestrutura-e-saneamento-em-cafe-empresarial-da-cacis\/"},"author":{"name":"Reda\u00e7\u00e3o Folha Popular","@id":"https:\/\/folhapopular.info\/#\/schema\/person\/2814e8a0df7643585a9ca38bc6eb9d4b"},"headline":"Governo de Estrela apresenta projetos de infraestrutura e saneamento em Caf\u00e9 Empresarial da Cacis","datePublished":"2022-04-20T19:54:56+00:00","dateModified":"2022-04-20T19:54:59+00:00","mainEntityOfPage":{"@id":"https:\/\/folhapopular.info\/index.php\/2022\/04\/20\/governo-de-estrela-apresenta-projetos-de-infraestrutura-e-saneamento-em-cafe-empresarial-da-cacis\/"},"wordCount":967,"commentCount":0,"image":{"@id":"https:\/\/folhapopular.info\/index.php\/2022\/04\/20\/governo-de-estrela-apresenta-projetos-de-infraestrutura-e-saneamento-em-cafe-empresarial-da-cacis\/#primaryimage"},"thumbnailUrl":"https:\/\/folhapopular.info\/wp-content\/uploads\/2022\/04\/Elmar-Schneider-apresentou-os-projetos-do-Executivo-em-diversas-areas-scaled-e1650484227946.jpg","keywords":["Caf\u00e9 Empresarial","Estrela","Governo de Estrela","Infraestrutura","Projetos","saneamento"],"articleSection":["Destaques","Geral"],"inLanguage":"pt-BR","potentialAction":[{"@type":"CommentAction","name":"Comment","target":["https:\/\/folhapopular.info\/index.php\/2022\/04\/20\/governo-de-estrela-apresenta-projetos-de-infraestrutura-e-saneamento-em-cafe-empresarial-da-cacis\/#respond"]}]},{"@type":"WebPage","@id":"https:\/\/folhapopular.info\/index.php\/2022\/04\/20\/governo-de-estrela-apresenta-projetos-de-infraestrutura-e-saneamento-em-cafe-empresarial-da-cacis\/","url":"https:\/\/folhapopular.info\/index.php\/2022\/04\/20\/governo-de-estrela-apresenta-projetos-de-infraestrutura-e-saneamento-em-cafe-empresarial-da-cacis\/","name":"Governo de Estrela apresenta projetos de infraestrutura e saneamento em Caf\u00e9 Empresarial da Cacis - Folha Popular","isPartOf":{"@id":"https:\/\/folhapopular.info\/#website"},"primaryImageOfPage":{"@id":"https:\/\/folhapopular.info\/index.php\/2022\/04\/20\/governo-de-estrela-apresenta-projetos-de-infraestrutura-e-saneamento-em-cafe-empresarial-da-cacis\/#primaryimage"},"image":{"@id":"https:\/\/folhapopular.info\/index.php\/2022\/04\/20\/governo-de-estrela-apresenta-projetos-de-infraestrutura-e-saneamento-em-cafe-empresarial-da-cacis\/#primaryimage"},"thumbnailUrl":"https:\/\/folhapopular.info\/wp-content\/uploads\/2022\/04\/Elmar-Schneider-apresentou-os-projetos-do-Executivo-em-diversas-areas-scaled-e1650484227946.jpg","datePublished":"2022-04-20T19:54:56+00:00","dateModified":"2022-04-20T19:54:59+00:00","author":{"@id":"https:\/\/folhapopular.info\/#\/schema\/person\/2814e8a0df7643585a9ca38bc6eb9d4b"},"breadcrumb":{"@id":"https:\/\/folhapopular.info\/index.php\/2022\/04\/20\/governo-de-estrela-apresenta-projetos-de-infraestrutura-e-saneamento-em-cafe-empresarial-da-cacis\/#breadcrumb"},"inLanguage":"pt-BR","potentialAction":[{"@type":"ReadAction","target":["https:\/\/folhapopular.info\/index.php\/2022\/04\/20\/governo-de-estrela-apresenta-projetos-de-infraestrutura-e-saneamento-em-cafe-empresarial-da-cacis\/"]}]},{"@type":"ImageObject","inLanguage":"pt-BR","@id":"https:\/\/folhapopular.info\/index.php\/2022\/04\/20\/governo-de-estrela-apresenta-projetos-de-infraestrutura-e-saneamento-em-cafe-empresarial-da-cacis\/#primaryimage","url":"https:\/\/folhapopular.info\/wp-content\/uploads\/2022\/04\/Elmar-Schneider-apresentou-os-projetos-do-Executivo-em-diversas-areas-scaled-e1650484227946.jpg","contentUrl":"https:\/\/folhapopular.info\/wp-content\/uploads\/2022\/04\/Elmar-Schneider-apresentou-os-projetos-do-Executivo-em-diversas-areas-scaled-e1650484227946.jpg","width":800,"height":533,"caption":"Elmar Schneider apresentou os projetos do Executivo em diversas \u00e1reas \/ Cr\u00e9dito: \u00c9dson Lu\u00eds Schaeffer \/ Conte Comunica\u00e7\u00e3o & Marketing \/ Divulga\u00e7\u00e3o"},{"@type":"BreadcrumbList","@id":"https:\/\/folhapopular.info\/index.php\/2022\/04\/20\/governo-de-estrela-apresenta-projetos-de-infraestrutura-e-saneamento-em-cafe-empresarial-da-cacis\/#breadcrumb","itemListElement":[{"@type":"ListItem","position":1,"name":"In\u00edcio","item":"https:\/\/folhapopular.info\/"},{"@type":"ListItem","position":2,"name":"Governo de Estrela apresenta projetos de infraestrutura e saneamento em Caf\u00e9 Empresarial da Cacis"}]},{"@type":"WebSite","@id":"https:\/\/folhapopular.info\/#website","url":"https:\/\/folhapopular.info\/","name":"Folha Popular","description":"Onde voc\u00ea tem vez e voz","potentialAction":[{"@type":"SearchAction","target":{"@type":"EntryPoint","urlTemplate":"https:\/\/folhapopular.info\/?s={search_term_string}"},"query-input":{"@type":"PropertyValueSpecification","valueRequired":true,"valueName":"search_term_string"}}],"inLanguage":"pt-BR"},{"@type":"Person","@id":"https:\/\/folhapopular.info\/#\/schema\/person\/2814e8a0df7643585a9ca38bc6eb9d4b","name":"Reda\u00e7\u00e3o Folha Popular","image":{"@type":"ImageObject","inLanguage":"pt-BR","@id":"https:\/\/folhapopular.info\/wp-content\/uploads\/2026\/04\/Folha-1.webp","url":"https:\/\/folhapopular.info\/wp-content\/uploads\/2026\/04\/Folha-1.webp","contentUrl":"https:\/\/folhapopular.info\/wp-content\/uploads\/2026\/04\/Folha-1.webp","caption":"Reda\u00e7\u00e3o Folha Popular"},"url":"https:\/\/folhapopular.info\/index.php\/author\/redacao\/"}]}},"jetpack_featured_media_url":"https:\/\/folhapopular.info\/wp-content\/uploads\/2022\/04\/Elmar-Schneider-apresentou-os-projetos-do-Executivo-em-diversas-areas-scaled-e1650484227946.jpg","jetpack_sharing_enabled":true,"amp_enabled":true,"_links":{"self":[{"href":"https:\/\/folhapopular.info\/index.php\/wp-json\/wp\/v2\/posts\/102783","targetHints":{"allow":["GET"]}}],"collection":[{"href":"https:\/\/folhapopular.info\/index.php\/wp-json\/wp\/v2\/posts"}],"about":[{"href":"https:\/\/folhapopular.info\/index.php\/wp-json\/wp\/v2\/types\/post"}],"author":[{"embeddable":true,"href":"https:\/\/folhapopular.info\/index.php\/wp-json\/wp\/v2\/users\/8"}],"replies":[{"embeddable":true,"href":"https:\/\/folhapopular.info\/index.php\/wp-json\/wp\/v2\/comments?post=102783"}],"version-history":[{"count":0,"href":"https:\/\/folhapopular.info\/index.php\/wp-json\/wp\/v2\/posts\/102783\/revisions"}],"wp:featuredmedia":[{"embeddable":true,"href":"https:\/\/folhapopular.info\/index.php\/wp-json\/wp\/v2\/media\/102784"}],"wp:attachment":[{"href":"https:\/\/folhapopular.info\/index.php\/wp-json\/wp\/v2\/media?parent=102783"}],"wp:term":[{"taxonomy":"category","embeddable":true,"href":"https:\/\/folhapopular.info\/index.php\/wp-json\/wp\/v2\/categories?post=102783"},{"taxonomy":"post_tag","embeddable":true,"href":"https:\/\/folhapopular.info\/index.php\/wp-json\/wp\/v2\/tags?post=102783"}],"curies":[{"name":"wp","href":"https:\/\/api.w.org\/{rel}","templated":true}]}}