{"id":103279,"date":"2022-04-28T14:52:37","date_gmt":"2022-04-28T17:52:37","guid":{"rendered":"https:\/\/folhapopular.info\/?p=103279"},"modified":"2022-04-28T14:52:39","modified_gmt":"2022-04-28T17:52:39","slug":"inscricoes-para-a-1a-rustica-de-poco-das-antas-vao-ate-o-dia-8-de-maio","status":"publish","type":"post","link":"https:\/\/folhapopular.info\/index.php\/2022\/04\/28\/inscricoes-para-a-1a-rustica-de-poco-das-antas-vao-ate-o-dia-8-de-maio\/","title":{"rendered":"Inscri\u00e7\u00f5es para a 1\u00aa R\u00fastica de\u00a0Po\u00e7o\u00a0das\u00a0Antas\u00a0v\u00e3o at\u00e9 o dia 8 de maio"},"content":{"rendered":"\n<p>Em comemora\u00e7\u00e3o aos 34 anos do munic\u00edpio de Po\u00e7o das Antas, a Administra\u00e7\u00e3o estar\u00e1 promovendo, durante o m\u00eas de maio, a 1\u00aa R\u00fastica de\u00a0Po\u00e7o\u00a0das\u00a0Antas. A atividade esportiva ser\u00e1 no domingo (22\/5), e \u00e9 aberta a pessoas de toda a regi\u00e3o.<\/p>\n\n\n\n<p>A\u00a01\u00aa R\u00fastica de\u00a0Po\u00e7o\u00a0das\u00a0Antas iniciar\u00e1 \u00e0s 8h na Pra\u00e7a Municipal, onde tamb\u00e9m estar\u00e1 ocorrendo a\u00a0Feira do Produtor Rural e Artesanato. As inscri\u00e7\u00f5es s\u00e3o para as modalidades 5 km \u2013 Corrida, 3 km \u2013 Corrida e 3 km \u2013 Caminhada e devem ser realizadas no <a href=\"http:\/\/www.centraldacorrida.com.br\">site<\/a>, pesquisando por \u201cR\u00fastica de\u00a0Po\u00e7o\u00a0das\u00a0Antas\u201d. No dia do evento n\u00e3o ser\u00e3o realizadas inscri\u00e7\u00f5es.<\/p>\n\n\n\n<p>O prazo m\u00e1ximo para se inscrever \u00e9 at\u00e9 \u00e0s 22h de domingo (8\/5), o valor da inscri\u00e7\u00e3o \u00e9 de R$ 35,00 e nela est\u00e1 incluso o kit com: camiseta do evento (dry-fit), sacola esportiva, numeral de peito, chip, medalha de participa\u00e7\u00e3o para quem concluir o percurso, hidrata\u00e7\u00e3o e frutas.<\/p>\n\n\n\n<p>Quem se inscrever na modalidade 3 km \u2013 Caminhada, n\u00e3o receber\u00e1 chip e numeral de peito, tendo em vista que essa categoria \u00e9 somente festiva e n\u00e3o ter\u00e1 p\u00f3dio. Nas modalidades de corrida haver\u00e1 p\u00f3dio, com premia\u00e7\u00e3o em trof\u00e9u de 1\u00ba a 5\u00ba colocado, na categoria Geral, nos naipes Masculino e Feminino, e com medalhas de 1\u00ba a 3\u00ba, tamb\u00e9m nos naipes Masculino e Feminino, nas seguintes faixas et\u00e1rias: 16 anos &#8211; 26 anos, 27 anos &#8211; 36 anos, 37 anos &#8211; 46 anos, 47 anos &#8211; 56 anos, 57 anos &#8211; 66 anos e 67 anos ou mais.<\/p>\n\n\n\n<p>O pagamento da inscri\u00e7\u00e3o ocorre atrav\u00e9s do site e pode ser em boleto ou cart\u00e3o de cr\u00e9dito. A retirada dos kits dos atletas ser\u00e1 no mesmo dia e local da prova, das 6h \u00e0s 7h30. No evento haver\u00e1 guarda volumes \u00e0 disposi\u00e7\u00e3o dos participantes.<\/p>\n\n\n\n<p><strong>Fechamento de ruas<\/strong><br>Durante a realiza\u00e7\u00e3o da 1\u00aa R\u00fastica de\u00a0Po\u00e7o\u00a0das\u00a0Antas, na manh\u00e3 do dia 22 de maio, haver\u00e1 altera\u00e7\u00e3o no tr\u00e2nsito da sede do Munic\u00edpio, com fechamento de ruas e fiscaliza\u00e7\u00e3o para garantir a seguran\u00e7a dos motoristas e participantes. Mais detalhes sobre as altera\u00e7\u00f5es ser\u00e3o divulgados nos dias pr\u00f3ximos ao evento. D\u00favidas podem ser esclarecidas atrav\u00e9s dos canais oficiais do Munic\u00edpio de\u00a0Po\u00e7o\u00a0das\u00a0Antas: <a href=\"http:\/\/www.pocodasantas.rs.gov.br\">site<\/a>, Instagram, @pocodasantasrs e Facebook, Munic\u00edpio de\u00a0Po\u00e7o\u00a0das\u00a0Antas.<\/p>\n","protected":false},"excerpt":{"rendered":"<p>Em comemora\u00e7\u00e3o aos 34 anos do munic\u00edpio de Po\u00e7o das Antas, a Administra\u00e7\u00e3o estar\u00e1 promovendo, durante o m\u00eas de maio, a 1\u00aa R\u00fastica de\u00a0Po\u00e7o\u00a0das\u00a0Antas. A atividade esportiva ser\u00e1 no domingo (22\/5), e \u00e9 aberta a pessoas de toda a regi\u00e3o. A\u00a01\u00aa R\u00fastica de\u00a0Po\u00e7o\u00a0das\u00a0Antas iniciar\u00e1 \u00e0s 8h na Pra\u00e7a Municipal, onde tamb\u00e9m estar\u00e1 ocorrendo a\u00a0Feira do [&hellip;]<\/p>\n","protected":false},"author":8,"featured_media":103280,"comment_status":"open","ping_status":"open","sticky":false,"template":"","format":"standard","meta":{"pmpro_default_level":"","_jetpack_memberships_contains_paid_content":false,"footnotes":""},"categories":[2,5],"tags":[5524,1131,2099,2323,946,40],"class_list":{"0":"post-103279","1":"post","2":"type-post","3":"status-publish","4":"format-standard","5":"has-post-thumbnail","7":"category-featured","8":"category-esportes","9":"tag-aniversario-2","10":"tag-caminhada","11":"tag-comemoracao","12":"tag-corrida","13":"tag-inscricoes","14":"tag-poco-das-antas","15":"pmpro-has-access"},"yoast_head":"<!-- This site is optimized with the Yoast SEO plugin v27.5 - https:\/\/yoast.com\/product\/yoast-seo-wordpress\/ -->\n<title>Inscri\u00e7\u00f5es para a 1\u00aa R\u00fastica de\u00a0Po\u00e7o\u00a0das\u00a0Antas\u00a0v\u00e3o at\u00e9 o dia 8 de maio - Folha Popular<\/title>\n<meta name=\"robots\" content=\"index, follow, max-snippet:-1, max-image-preview:large, max-video-preview:-1\" \/>\n<link rel=\"canonical\" href=\"https:\/\/folhapopular.info\/index.php\/2022\/04\/28\/inscricoes-para-a-1a-rustica-de-poco-das-antas-vao-ate-o-dia-8-de-maio\/\" \/>\n<meta property=\"og:locale\" content=\"pt_BR\" \/>\n<meta property=\"og:type\" content=\"article\" \/>\n<meta property=\"og:title\" content=\"Inscri\u00e7\u00f5es para a 1\u00aa R\u00fastica de\u00a0Po\u00e7o\u00a0das\u00a0Antas\u00a0v\u00e3o at\u00e9 o dia 8 de maio - Folha Popular\" \/>\n<meta property=\"og:description\" content=\"Em comemora\u00e7\u00e3o aos 34 anos do munic\u00edpio de Po\u00e7o das Antas, a Administra\u00e7\u00e3o estar\u00e1 promovendo, durante o m\u00eas de maio, a 1\u00aa R\u00fastica de\u00a0Po\u00e7o\u00a0das\u00a0Antas. A atividade esportiva ser\u00e1 no domingo (22\/5), e \u00e9 aberta a pessoas de toda a regi\u00e3o. A\u00a01\u00aa R\u00fastica de\u00a0Po\u00e7o\u00a0das\u00a0Antas iniciar\u00e1 \u00e0s 8h na Pra\u00e7a Municipal, onde tamb\u00e9m estar\u00e1 ocorrendo a\u00a0Feira do [&hellip;]\" \/>\n<meta property=\"og:url\" content=\"https:\/\/folhapopular.info\/index.php\/2022\/04\/28\/inscricoes-para-a-1a-rustica-de-poco-das-antas-vao-ate-o-dia-8-de-maio\/\" \/>\n<meta property=\"og:site_name\" content=\"Folha Popular\" \/>\n<meta property=\"article:published_time\" content=\"2022-04-28T17:52:37+00:00\" \/>\n<meta property=\"article:modified_time\" content=\"2022-04-28T17:52:39+00:00\" \/>\n<meta property=\"og:image\" content=\"http:\/\/folhapopular.info\/wp-content\/uploads\/2022\/04\/1-Inscricoes-para-a-1a-Rustica-de-Poco-das-Antas-vao-ate-o-dia-8-de-maio-e1651167602102.png\" \/>\n\t<meta property=\"og:image:width\" content=\"800\" \/>\n\t<meta property=\"og:image:height\" content=\"800\" \/>\n\t<meta property=\"og:image:type\" content=\"image\/png\" \/>\n<meta name=\"author\" content=\"Reda\u00e7\u00e3o Folha Popular\" \/>\n<meta name=\"twitter:card\" content=\"summary_large_image\" \/>\n<meta name=\"twitter:label1\" content=\"Escrito por\" \/>\n\t<meta name=\"twitter:data1\" content=\"Reda\u00e7\u00e3o Folha Popular\" \/>\n\t<meta name=\"twitter:label2\" content=\"Est. tempo de leitura\" \/>\n\t<meta name=\"twitter:data2\" content=\"3 minutos\" \/>\n<script type=\"application\/ld+json\" class=\"yoast-schema-graph\">{\"@context\":\"https:\\\/\\\/schema.org\",\"@graph\":[{\"@type\":\"Article\",\"@id\":\"https:\\\/\\\/folhapopular.info\\\/index.php\\\/2022\\\/04\\\/28\\\/inscricoes-para-a-1a-rustica-de-poco-das-antas-vao-ate-o-dia-8-de-maio\\\/#article\",\"isPartOf\":{\"@id\":\"https:\\\/\\\/folhapopular.info\\\/index.php\\\/2022\\\/04\\\/28\\\/inscricoes-para-a-1a-rustica-de-poco-das-antas-vao-ate-o-dia-8-de-maio\\\/\"},\"author\":{\"name\":\"Reda\u00e7\u00e3o Folha Popular\",\"@id\":\"https:\\\/\\\/folhapopular.info\\\/#\\\/schema\\\/person\\\/2814e8a0df7643585a9ca38bc6eb9d4b\"},\"headline\":\"Inscri\u00e7\u00f5es para a 1\u00aa R\u00fastica de\u00a0Po\u00e7o\u00a0das\u00a0Antas\u00a0v\u00e3o at\u00e9 o dia 8 de maio\",\"datePublished\":\"2022-04-28T17:52:37+00:00\",\"dateModified\":\"2022-04-28T17:52:39+00:00\",\"mainEntityOfPage\":{\"@id\":\"https:\\\/\\\/folhapopular.info\\\/index.php\\\/2022\\\/04\\\/28\\\/inscricoes-para-a-1a-rustica-de-poco-das-antas-vao-ate-o-dia-8-de-maio\\\/\"},\"wordCount\":412,\"commentCount\":0,\"image\":{\"@id\":\"https:\\\/\\\/folhapopular.info\\\/index.php\\\/2022\\\/04\\\/28\\\/inscricoes-para-a-1a-rustica-de-poco-das-antas-vao-ate-o-dia-8-de-maio\\\/#primaryimage\"},\"thumbnailUrl\":\"https:\\\/\\\/folhapopular.info\\\/wp-content\\\/uploads\\\/2022\\\/04\\\/1-Inscricoes-para-a-1a-Rustica-de-Poco-das-Antas-vao-ate-o-dia-8-de-maio-e1651167602102.png\",\"keywords\":[\"Anivers\u00e1rio\",\"Caminhada\",\"Comemora\u00e7\u00e3o\",\"Corrida\",\"Inscri\u00e7\u00f5es\",\"Po\u00e7o das Antas\"],\"articleSection\":[\"Destaques\",\"Esportes\"],\"inLanguage\":\"pt-BR\",\"potentialAction\":[{\"@type\":\"CommentAction\",\"name\":\"Comment\",\"target\":[\"https:\\\/\\\/folhapopular.info\\\/index.php\\\/2022\\\/04\\\/28\\\/inscricoes-para-a-1a-rustica-de-poco-das-antas-vao-ate-o-dia-8-de-maio\\\/#respond\"]}]},{\"@type\":\"WebPage\",\"@id\":\"https:\\\/\\\/folhapopular.info\\\/index.php\\\/2022\\\/04\\\/28\\\/inscricoes-para-a-1a-rustica-de-poco-das-antas-vao-ate-o-dia-8-de-maio\\\/\",\"url\":\"https:\\\/\\\/folhapopular.info\\\/index.php\\\/2022\\\/04\\\/28\\\/inscricoes-para-a-1a-rustica-de-poco-das-antas-vao-ate-o-dia-8-de-maio\\\/\",\"name\":\"Inscri\u00e7\u00f5es para a 1\u00aa R\u00fastica de\u00a0Po\u00e7o\u00a0das\u00a0Antas\u00a0v\u00e3o at\u00e9 o dia 8 de maio - Folha Popular\",\"isPartOf\":{\"@id\":\"https:\\\/\\\/folhapopular.info\\\/#website\"},\"primaryImageOfPage\":{\"@id\":\"https:\\\/\\\/folhapopular.info\\\/index.php\\\/2022\\\/04\\\/28\\\/inscricoes-para-a-1a-rustica-de-poco-das-antas-vao-ate-o-dia-8-de-maio\\\/#primaryimage\"},\"image\":{\"@id\":\"https:\\\/\\\/folhapopular.info\\\/index.php\\\/2022\\\/04\\\/28\\\/inscricoes-para-a-1a-rustica-de-poco-das-antas-vao-ate-o-dia-8-de-maio\\\/#primaryimage\"},\"thumbnailUrl\":\"https:\\\/\\\/folhapopular.info\\\/wp-content\\\/uploads\\\/2022\\\/04\\\/1-Inscricoes-para-a-1a-Rustica-de-Poco-das-Antas-vao-ate-o-dia-8-de-maio-e1651167602102.png\",\"datePublished\":\"2022-04-28T17:52:37+00:00\",\"dateModified\":\"2022-04-28T17:52:39+00:00\",\"author\":{\"@id\":\"https:\\\/\\\/folhapopular.info\\\/#\\\/schema\\\/person\\\/2814e8a0df7643585a9ca38bc6eb9d4b\"},\"breadcrumb\":{\"@id\":\"https:\\\/\\\/folhapopular.info\\\/index.php\\\/2022\\\/04\\\/28\\\/inscricoes-para-a-1a-rustica-de-poco-das-antas-vao-ate-o-dia-8-de-maio\\\/#breadcrumb\"},\"inLanguage\":\"pt-BR\",\"potentialAction\":[{\"@type\":\"ReadAction\",\"target\":[\"https:\\\/\\\/folhapopular.info\\\/index.php\\\/2022\\\/04\\\/28\\\/inscricoes-para-a-1a-rustica-de-poco-das-antas-vao-ate-o-dia-8-de-maio\\\/\"]}]},{\"@type\":\"ImageObject\",\"inLanguage\":\"pt-BR\",\"@id\":\"https:\\\/\\\/folhapopular.info\\\/index.php\\\/2022\\\/04\\\/28\\\/inscricoes-para-a-1a-rustica-de-poco-das-antas-vao-ate-o-dia-8-de-maio\\\/#primaryimage\",\"url\":\"https:\\\/\\\/folhapopular.info\\\/wp-content\\\/uploads\\\/2022\\\/04\\\/1-Inscricoes-para-a-1a-Rustica-de-Poco-das-Antas-vao-ate-o-dia-8-de-maio-e1651167602102.png\",\"contentUrl\":\"https:\\\/\\\/folhapopular.info\\\/wp-content\\\/uploads\\\/2022\\\/04\\\/1-Inscricoes-para-a-1a-Rustica-de-Poco-das-Antas-vao-ate-o-dia-8-de-maio-e1651167602102.png\",\"width\":800,\"height\":800,\"caption\":\"Interessados devem se atentar ao prazo para inscri\u00e7\u00e3o \\\/ Cr\u00e9dito: Assessoria de Comunica\u00e7\u00e3o (ASCOM) de Po\u00e7o das Antas \\\/ Divulga\u00e7\u00e3o\"},{\"@type\":\"BreadcrumbList\",\"@id\":\"https:\\\/\\\/folhapopular.info\\\/index.php\\\/2022\\\/04\\\/28\\\/inscricoes-para-a-1a-rustica-de-poco-das-antas-vao-ate-o-dia-8-de-maio\\\/#breadcrumb\",\"itemListElement\":[{\"@type\":\"ListItem\",\"position\":1,\"name\":\"In\u00edcio\",\"item\":\"https:\\\/\\\/folhapopular.info\\\/\"},{\"@type\":\"ListItem\",\"position\":2,\"name\":\"Inscri\u00e7\u00f5es para a 1\u00aa R\u00fastica de\u00a0Po\u00e7o\u00a0das\u00a0Antas\u00a0v\u00e3o at\u00e9 o dia 8 de maio\"}]},{\"@type\":\"WebSite\",\"@id\":\"https:\\\/\\\/folhapopular.info\\\/#website\",\"url\":\"https:\\\/\\\/folhapopular.info\\\/\",\"name\":\"Folha Popular\",\"description\":\"Onde voc\u00ea tem vez e voz\",\"potentialAction\":[{\"@type\":\"SearchAction\",\"target\":{\"@type\":\"EntryPoint\",\"urlTemplate\":\"https:\\\/\\\/folhapopular.info\\\/?s={search_term_string}\"},\"query-input\":{\"@type\":\"PropertyValueSpecification\",\"valueRequired\":true,\"valueName\":\"search_term_string\"}}],\"inLanguage\":\"pt-BR\"},{\"@type\":\"Person\",\"@id\":\"https:\\\/\\\/folhapopular.info\\\/#\\\/schema\\\/person\\\/2814e8a0df7643585a9ca38bc6eb9d4b\",\"name\":\"Reda\u00e7\u00e3o Folha Popular\",\"image\":{\"@type\":\"ImageObject\",\"inLanguage\":\"pt-BR\",\"@id\":\"https:\\\/\\\/folhapopular.info\\\/wp-content\\\/uploads\\\/2026\\\/04\\\/Folha-1.webp\",\"url\":\"https:\\\/\\\/folhapopular.info\\\/wp-content\\\/uploads\\\/2026\\\/04\\\/Folha-1.webp\",\"contentUrl\":\"https:\\\/\\\/folhapopular.info\\\/wp-content\\\/uploads\\\/2026\\\/04\\\/Folha-1.webp\",\"caption\":\"Reda\u00e7\u00e3o Folha Popular\"},\"url\":\"https:\\\/\\\/folhapopular.info\\\/index.php\\\/author\\\/redacao\\\/\"}]}<\/script>\n<!-- \/ Yoast SEO plugin. -->","yoast_head_json":{"title":"Inscri\u00e7\u00f5es para a 1\u00aa R\u00fastica de\u00a0Po\u00e7o\u00a0das\u00a0Antas\u00a0v\u00e3o at\u00e9 o dia 8 de maio - Folha Popular","robots":{"index":"index","follow":"follow","max-snippet":"max-snippet:-1","max-image-preview":"max-image-preview:large","max-video-preview":"max-video-preview:-1"},"canonical":"https:\/\/folhapopular.info\/index.php\/2022\/04\/28\/inscricoes-para-a-1a-rustica-de-poco-das-antas-vao-ate-o-dia-8-de-maio\/","og_locale":"pt_BR","og_type":"article","og_title":"Inscri\u00e7\u00f5es para a 1\u00aa R\u00fastica de\u00a0Po\u00e7o\u00a0das\u00a0Antas\u00a0v\u00e3o at\u00e9 o dia 8 de maio - Folha Popular","og_description":"Em comemora\u00e7\u00e3o aos 34 anos do munic\u00edpio de Po\u00e7o das Antas, a Administra\u00e7\u00e3o estar\u00e1 promovendo, durante o m\u00eas de maio, a 1\u00aa R\u00fastica de\u00a0Po\u00e7o\u00a0das\u00a0Antas. A atividade esportiva ser\u00e1 no domingo (22\/5), e \u00e9 aberta a pessoas de toda a regi\u00e3o. A\u00a01\u00aa R\u00fastica de\u00a0Po\u00e7o\u00a0das\u00a0Antas iniciar\u00e1 \u00e0s 8h na Pra\u00e7a Municipal, onde tamb\u00e9m estar\u00e1 ocorrendo a\u00a0Feira do [&hellip;]","og_url":"https:\/\/folhapopular.info\/index.php\/2022\/04\/28\/inscricoes-para-a-1a-rustica-de-poco-das-antas-vao-ate-o-dia-8-de-maio\/","og_site_name":"Folha Popular","article_published_time":"2022-04-28T17:52:37+00:00","article_modified_time":"2022-04-28T17:52:39+00:00","og_image":[{"width":800,"height":800,"url":"http:\/\/folhapopular.info\/wp-content\/uploads\/2022\/04\/1-Inscricoes-para-a-1a-Rustica-de-Poco-das-Antas-vao-ate-o-dia-8-de-maio-e1651167602102.png","type":"image\/png"}],"author":"Reda\u00e7\u00e3o Folha Popular","twitter_card":"summary_large_image","twitter_misc":{"Escrito por":"Reda\u00e7\u00e3o Folha Popular","Est. tempo de leitura":"3 minutos"},"schema":{"@context":"https:\/\/schema.org","@graph":[{"@type":"Article","@id":"https:\/\/folhapopular.info\/index.php\/2022\/04\/28\/inscricoes-para-a-1a-rustica-de-poco-das-antas-vao-ate-o-dia-8-de-maio\/#article","isPartOf":{"@id":"https:\/\/folhapopular.info\/index.php\/2022\/04\/28\/inscricoes-para-a-1a-rustica-de-poco-das-antas-vao-ate-o-dia-8-de-maio\/"},"author":{"name":"Reda\u00e7\u00e3o Folha Popular","@id":"https:\/\/folhapopular.info\/#\/schema\/person\/2814e8a0df7643585a9ca38bc6eb9d4b"},"headline":"Inscri\u00e7\u00f5es para a 1\u00aa R\u00fastica de\u00a0Po\u00e7o\u00a0das\u00a0Antas\u00a0v\u00e3o at\u00e9 o dia 8 de maio","datePublished":"2022-04-28T17:52:37+00:00","dateModified":"2022-04-28T17:52:39+00:00","mainEntityOfPage":{"@id":"https:\/\/folhapopular.info\/index.php\/2022\/04\/28\/inscricoes-para-a-1a-rustica-de-poco-das-antas-vao-ate-o-dia-8-de-maio\/"},"wordCount":412,"commentCount":0,"image":{"@id":"https:\/\/folhapopular.info\/index.php\/2022\/04\/28\/inscricoes-para-a-1a-rustica-de-poco-das-antas-vao-ate-o-dia-8-de-maio\/#primaryimage"},"thumbnailUrl":"https:\/\/folhapopular.info\/wp-content\/uploads\/2022\/04\/1-Inscricoes-para-a-1a-Rustica-de-Poco-das-Antas-vao-ate-o-dia-8-de-maio-e1651167602102.png","keywords":["Anivers\u00e1rio","Caminhada","Comemora\u00e7\u00e3o","Corrida","Inscri\u00e7\u00f5es","Po\u00e7o das Antas"],"articleSection":["Destaques","Esportes"],"inLanguage":"pt-BR","potentialAction":[{"@type":"CommentAction","name":"Comment","target":["https:\/\/folhapopular.info\/index.php\/2022\/04\/28\/inscricoes-para-a-1a-rustica-de-poco-das-antas-vao-ate-o-dia-8-de-maio\/#respond"]}]},{"@type":"WebPage","@id":"https:\/\/folhapopular.info\/index.php\/2022\/04\/28\/inscricoes-para-a-1a-rustica-de-poco-das-antas-vao-ate-o-dia-8-de-maio\/","url":"https:\/\/folhapopular.info\/index.php\/2022\/04\/28\/inscricoes-para-a-1a-rustica-de-poco-das-antas-vao-ate-o-dia-8-de-maio\/","name":"Inscri\u00e7\u00f5es para a 1\u00aa R\u00fastica de\u00a0Po\u00e7o\u00a0das\u00a0Antas\u00a0v\u00e3o at\u00e9 o dia 8 de maio - Folha Popular","isPartOf":{"@id":"https:\/\/folhapopular.info\/#website"},"primaryImageOfPage":{"@id":"https:\/\/folhapopular.info\/index.php\/2022\/04\/28\/inscricoes-para-a-1a-rustica-de-poco-das-antas-vao-ate-o-dia-8-de-maio\/#primaryimage"},"image":{"@id":"https:\/\/folhapopular.info\/index.php\/2022\/04\/28\/inscricoes-para-a-1a-rustica-de-poco-das-antas-vao-ate-o-dia-8-de-maio\/#primaryimage"},"thumbnailUrl":"https:\/\/folhapopular.info\/wp-content\/uploads\/2022\/04\/1-Inscricoes-para-a-1a-Rustica-de-Poco-das-Antas-vao-ate-o-dia-8-de-maio-e1651167602102.png","datePublished":"2022-04-28T17:52:37+00:00","dateModified":"2022-04-28T17:52:39+00:00","author":{"@id":"https:\/\/folhapopular.info\/#\/schema\/person\/2814e8a0df7643585a9ca38bc6eb9d4b"},"breadcrumb":{"@id":"https:\/\/folhapopular.info\/index.php\/2022\/04\/28\/inscricoes-para-a-1a-rustica-de-poco-das-antas-vao-ate-o-dia-8-de-maio\/#breadcrumb"},"inLanguage":"pt-BR","potentialAction":[{"@type":"ReadAction","target":["https:\/\/folhapopular.info\/index.php\/2022\/04\/28\/inscricoes-para-a-1a-rustica-de-poco-das-antas-vao-ate-o-dia-8-de-maio\/"]}]},{"@type":"ImageObject","inLanguage":"pt-BR","@id":"https:\/\/folhapopular.info\/index.php\/2022\/04\/28\/inscricoes-para-a-1a-rustica-de-poco-das-antas-vao-ate-o-dia-8-de-maio\/#primaryimage","url":"https:\/\/folhapopular.info\/wp-content\/uploads\/2022\/04\/1-Inscricoes-para-a-1a-Rustica-de-Poco-das-Antas-vao-ate-o-dia-8-de-maio-e1651167602102.png","contentUrl":"https:\/\/folhapopular.info\/wp-content\/uploads\/2022\/04\/1-Inscricoes-para-a-1a-Rustica-de-Poco-das-Antas-vao-ate-o-dia-8-de-maio-e1651167602102.png","width":800,"height":800,"caption":"Interessados devem se atentar ao prazo para inscri\u00e7\u00e3o \/ Cr\u00e9dito: Assessoria de Comunica\u00e7\u00e3o (ASCOM) de Po\u00e7o das Antas \/ Divulga\u00e7\u00e3o"},{"@type":"BreadcrumbList","@id":"https:\/\/folhapopular.info\/index.php\/2022\/04\/28\/inscricoes-para-a-1a-rustica-de-poco-das-antas-vao-ate-o-dia-8-de-maio\/#breadcrumb","itemListElement":[{"@type":"ListItem","position":1,"name":"In\u00edcio","item":"https:\/\/folhapopular.info\/"},{"@type":"ListItem","position":2,"name":"Inscri\u00e7\u00f5es para a 1\u00aa R\u00fastica de\u00a0Po\u00e7o\u00a0das\u00a0Antas\u00a0v\u00e3o at\u00e9 o dia 8 de maio"}]},{"@type":"WebSite","@id":"https:\/\/folhapopular.info\/#website","url":"https:\/\/folhapopular.info\/","name":"Folha Popular","description":"Onde voc\u00ea tem vez e voz","potentialAction":[{"@type":"SearchAction","target":{"@type":"EntryPoint","urlTemplate":"https:\/\/folhapopular.info\/?s={search_term_string}"},"query-input":{"@type":"PropertyValueSpecification","valueRequired":true,"valueName":"search_term_string"}}],"inLanguage":"pt-BR"},{"@type":"Person","@id":"https:\/\/folhapopular.info\/#\/schema\/person\/2814e8a0df7643585a9ca38bc6eb9d4b","name":"Reda\u00e7\u00e3o Folha Popular","image":{"@type":"ImageObject","inLanguage":"pt-BR","@id":"https:\/\/folhapopular.info\/wp-content\/uploads\/2026\/04\/Folha-1.webp","url":"https:\/\/folhapopular.info\/wp-content\/uploads\/2026\/04\/Folha-1.webp","contentUrl":"https:\/\/folhapopular.info\/wp-content\/uploads\/2026\/04\/Folha-1.webp","caption":"Reda\u00e7\u00e3o Folha Popular"},"url":"https:\/\/folhapopular.info\/index.php\/author\/redacao\/"}]}},"jetpack_featured_media_url":"https:\/\/folhapopular.info\/wp-content\/uploads\/2022\/04\/1-Inscricoes-para-a-1a-Rustica-de-Poco-das-Antas-vao-ate-o-dia-8-de-maio-e1651167602102.png","jetpack_sharing_enabled":true,"amp_enabled":true,"_links":{"self":[{"href":"https:\/\/folhapopular.info\/index.php\/wp-json\/wp\/v2\/posts\/103279","targetHints":{"allow":["GET"]}}],"collection":[{"href":"https:\/\/folhapopular.info\/index.php\/wp-json\/wp\/v2\/posts"}],"about":[{"href":"https:\/\/folhapopular.info\/index.php\/wp-json\/wp\/v2\/types\/post"}],"author":[{"embeddable":true,"href":"https:\/\/folhapopular.info\/index.php\/wp-json\/wp\/v2\/users\/8"}],"replies":[{"embeddable":true,"href":"https:\/\/folhapopular.info\/index.php\/wp-json\/wp\/v2\/comments?post=103279"}],"version-history":[{"count":0,"href":"https:\/\/folhapopular.info\/index.php\/wp-json\/wp\/v2\/posts\/103279\/revisions"}],"wp:featuredmedia":[{"embeddable":true,"href":"https:\/\/folhapopular.info\/index.php\/wp-json\/wp\/v2\/media\/103280"}],"wp:attachment":[{"href":"https:\/\/folhapopular.info\/index.php\/wp-json\/wp\/v2\/media?parent=103279"}],"wp:term":[{"taxonomy":"category","embeddable":true,"href":"https:\/\/folhapopular.info\/index.php\/wp-json\/wp\/v2\/categories?post=103279"},{"taxonomy":"post_tag","embeddable":true,"href":"https:\/\/folhapopular.info\/index.php\/wp-json\/wp\/v2\/tags?post=103279"}],"curies":[{"name":"wp","href":"https:\/\/api.w.org\/{rel}","templated":true}]}}