{"id":103448,"date":"2022-04-30T09:30:33","date_gmt":"2022-04-30T12:30:33","guid":{"rendered":"https:\/\/folhapopular.info\/?p=103448"},"modified":"2022-04-30T09:30:37","modified_gmt":"2022-04-30T12:30:37","slug":"grupo-da-adefil-promove-evento-em-comemoracao-ao-dia-internacional-da-danca-em-lajeado","status":"publish","type":"post","link":"https:\/\/folhapopular.info\/index.php\/2022\/04\/30\/grupo-da-adefil-promove-evento-em-comemoracao-ao-dia-internacional-da-danca-em-lajeado\/","title":{"rendered":"Grupo da ADEFIL promove evento em comemora\u00e7\u00e3o ao Dia Internacional da Dan\u00e7a em Lajeado"},"content":{"rendered":"\n<p>Os alunos do projeto Corpo em Movimento, da Associa\u00e7\u00e3o dos Deficientes F\u00edsicos de Lajeado (ADEFIL), v\u00e3o receber hoje (30\/4) a visita de integrantes do Centro de Cultura Afro-Brasileira do munic\u00edpio. O evento pretende criar oportunidades para trocas de experi\u00eancias e promover a inser\u00e7\u00e3o social. Os alunos v\u00e3o poder assistir, analisar e dan\u00e7ar com as pessoas que estar\u00e3o presentes.<\/p>\n\n\n\n<p>A programa\u00e7\u00e3o acontece o dia inteiro na sede da ADEFIL. O evento tamb\u00e9m celebra o Dia Internacional da Dan\u00e7a, comemorado ontem (29\/4).<\/p>\n\n\n\n<p>A coordenadora do projeto Corpo em Movimento, Lisiane dos Santos, aproveita a oportunidade para convidar tamb\u00e9m pessoas da comunidade; que n\u00e3o s\u00e3o profissionais da \u00e1rea. \u201cA nossa ideia \u00e9 que ocorra uma socializa\u00e7\u00e3o e, ao mesmo tempo, uma divulga\u00e7\u00e3o das aulas de dan\u00e7a com cadeiras de rodas. N\u00f3s teremos uma apresenta\u00e7\u00e3o final e vamos precisar contar com apoio de volunt\u00e1rios, para que possam ajudar com a movimenta\u00e7\u00e3o dos alunos com cadeiras de rodas\u201d, detalha.<\/p>\n","protected":false},"excerpt":{"rendered":"<p>Os alunos do projeto Corpo em Movimento, da Associa\u00e7\u00e3o dos Deficientes F\u00edsicos de Lajeado (ADEFIL), v\u00e3o receber hoje (30\/4) a visita de integrantes do Centro de Cultura Afro-Brasileira do munic\u00edpio. O evento pretende criar oportunidades para trocas de experi\u00eancias e promover a inser\u00e7\u00e3o social. Os alunos v\u00e3o poder assistir, analisar e dan\u00e7ar com as pessoas [&hellip;]<\/p>\n","protected":false},"author":8,"featured_media":103449,"comment_status":"open","ping_status":"open","sticky":false,"template":"","format":"standard","meta":{"pmpro_default_level":"","_jetpack_memberships_contains_paid_content":false,"footnotes":""},"categories":[2,6],"tags":[8833,1601,27,1507],"class_list":{"0":"post-103448","1":"post","2":"type-post","3":"status-publish","4":"format-standard","5":"has-post-thumbnail","7":"category-featured","8":"category-inclusive","9":"tag-adefil","10":"tag-danca","11":"tag-lajeado","12":"tag-programacao","13":"pmpro-has-access"},"yoast_head":"<!-- This site is optimized with the Yoast SEO plugin v27.5 - https:\/\/yoast.com\/product\/yoast-seo-wordpress\/ -->\n<title>Grupo da ADEFIL promove evento em comemora\u00e7\u00e3o ao Dia Internacional da Dan\u00e7a em Lajeado - Folha Popular<\/title>\n<meta name=\"robots\" content=\"index, follow, max-snippet:-1, max-image-preview:large, max-video-preview:-1\" \/>\n<link rel=\"canonical\" href=\"https:\/\/folhapopular.info\/index.php\/2022\/04\/30\/grupo-da-adefil-promove-evento-em-comemoracao-ao-dia-internacional-da-danca-em-lajeado\/\" \/>\n<meta property=\"og:locale\" content=\"pt_BR\" \/>\n<meta property=\"og:type\" content=\"article\" \/>\n<meta property=\"og:title\" content=\"Grupo da ADEFIL promove evento em comemora\u00e7\u00e3o ao Dia Internacional da Dan\u00e7a em Lajeado - Folha Popular\" \/>\n<meta property=\"og:description\" content=\"Os alunos do projeto Corpo em Movimento, da Associa\u00e7\u00e3o dos Deficientes F\u00edsicos de Lajeado (ADEFIL), v\u00e3o receber hoje (30\/4) a visita de integrantes do Centro de Cultura Afro-Brasileira do munic\u00edpio. O evento pretende criar oportunidades para trocas de experi\u00eancias e promover a inser\u00e7\u00e3o social. Os alunos v\u00e3o poder assistir, analisar e dan\u00e7ar com as pessoas [&hellip;]\" \/>\n<meta property=\"og:url\" content=\"https:\/\/folhapopular.info\/index.php\/2022\/04\/30\/grupo-da-adefil-promove-evento-em-comemoracao-ao-dia-internacional-da-danca-em-lajeado\/\" \/>\n<meta property=\"og:site_name\" content=\"Folha Popular\" \/>\n<meta property=\"article:published_time\" content=\"2022-04-30T12:30:33+00:00\" \/>\n<meta property=\"article:modified_time\" content=\"2022-04-30T12:30:37+00:00\" \/>\n<meta property=\"og:image\" content=\"http:\/\/folhapopular.info\/wp-content\/uploads\/2022\/04\/Divulgacao-e1651321781756.jpg\" \/>\n\t<meta property=\"og:image:width\" content=\"800\" \/>\n\t<meta property=\"og:image:height\" content=\"600\" \/>\n\t<meta property=\"og:image:type\" content=\"image\/jpeg\" \/>\n<meta name=\"author\" content=\"Reda\u00e7\u00e3o Folha Popular\" \/>\n<meta name=\"twitter:card\" content=\"summary_large_image\" \/>\n<meta name=\"twitter:label1\" content=\"Escrito por\" \/>\n\t<meta name=\"twitter:data1\" content=\"Reda\u00e7\u00e3o Folha Popular\" \/>\n\t<meta name=\"twitter:label2\" content=\"Est. tempo de leitura\" \/>\n\t<meta name=\"twitter:data2\" content=\"1 minuto\" \/>\n<script type=\"application\/ld+json\" class=\"yoast-schema-graph\">{\"@context\":\"https:\\\/\\\/schema.org\",\"@graph\":[{\"@type\":\"Article\",\"@id\":\"https:\\\/\\\/folhapopular.info\\\/index.php\\\/2022\\\/04\\\/30\\\/grupo-da-adefil-promove-evento-em-comemoracao-ao-dia-internacional-da-danca-em-lajeado\\\/#article\",\"isPartOf\":{\"@id\":\"https:\\\/\\\/folhapopular.info\\\/index.php\\\/2022\\\/04\\\/30\\\/grupo-da-adefil-promove-evento-em-comemoracao-ao-dia-internacional-da-danca-em-lajeado\\\/\"},\"author\":{\"name\":\"Reda\u00e7\u00e3o Folha Popular\",\"@id\":\"https:\\\/\\\/folhapopular.info\\\/#\\\/schema\\\/person\\\/2814e8a0df7643585a9ca38bc6eb9d4b\"},\"headline\":\"Grupo da ADEFIL promove evento em comemora\u00e7\u00e3o ao Dia Internacional da Dan\u00e7a em Lajeado\",\"datePublished\":\"2022-04-30T12:30:33+00:00\",\"dateModified\":\"2022-04-30T12:30:37+00:00\",\"mainEntityOfPage\":{\"@id\":\"https:\\\/\\\/folhapopular.info\\\/index.php\\\/2022\\\/04\\\/30\\\/grupo-da-adefil-promove-evento-em-comemoracao-ao-dia-internacional-da-danca-em-lajeado\\\/\"},\"wordCount\":189,\"commentCount\":0,\"image\":{\"@id\":\"https:\\\/\\\/folhapopular.info\\\/index.php\\\/2022\\\/04\\\/30\\\/grupo-da-adefil-promove-evento-em-comemoracao-ao-dia-internacional-da-danca-em-lajeado\\\/#primaryimage\"},\"thumbnailUrl\":\"https:\\\/\\\/folhapopular.info\\\/wp-content\\\/uploads\\\/2022\\\/04\\\/Divulgacao-e1651321781756.jpg\",\"keywords\":[\"ADEFIL\",\"Dan\u00e7a\",\"Lajeado\",\"Programa\u00e7\u00e3o\"],\"articleSection\":[\"Destaques\",\"Inclusive\"],\"inLanguage\":\"pt-BR\",\"potentialAction\":[{\"@type\":\"CommentAction\",\"name\":\"Comment\",\"target\":[\"https:\\\/\\\/folhapopular.info\\\/index.php\\\/2022\\\/04\\\/30\\\/grupo-da-adefil-promove-evento-em-comemoracao-ao-dia-internacional-da-danca-em-lajeado\\\/#respond\"]}]},{\"@type\":\"WebPage\",\"@id\":\"https:\\\/\\\/folhapopular.info\\\/index.php\\\/2022\\\/04\\\/30\\\/grupo-da-adefil-promove-evento-em-comemoracao-ao-dia-internacional-da-danca-em-lajeado\\\/\",\"url\":\"https:\\\/\\\/folhapopular.info\\\/index.php\\\/2022\\\/04\\\/30\\\/grupo-da-adefil-promove-evento-em-comemoracao-ao-dia-internacional-da-danca-em-lajeado\\\/\",\"name\":\"Grupo da ADEFIL promove evento em comemora\u00e7\u00e3o ao Dia Internacional da Dan\u00e7a em Lajeado - Folha Popular\",\"isPartOf\":{\"@id\":\"https:\\\/\\\/folhapopular.info\\\/#website\"},\"primaryImageOfPage\":{\"@id\":\"https:\\\/\\\/folhapopular.info\\\/index.php\\\/2022\\\/04\\\/30\\\/grupo-da-adefil-promove-evento-em-comemoracao-ao-dia-internacional-da-danca-em-lajeado\\\/#primaryimage\"},\"image\":{\"@id\":\"https:\\\/\\\/folhapopular.info\\\/index.php\\\/2022\\\/04\\\/30\\\/grupo-da-adefil-promove-evento-em-comemoracao-ao-dia-internacional-da-danca-em-lajeado\\\/#primaryimage\"},\"thumbnailUrl\":\"https:\\\/\\\/folhapopular.info\\\/wp-content\\\/uploads\\\/2022\\\/04\\\/Divulgacao-e1651321781756.jpg\",\"datePublished\":\"2022-04-30T12:30:33+00:00\",\"dateModified\":\"2022-04-30T12:30:37+00:00\",\"author\":{\"@id\":\"https:\\\/\\\/folhapopular.info\\\/#\\\/schema\\\/person\\\/2814e8a0df7643585a9ca38bc6eb9d4b\"},\"breadcrumb\":{\"@id\":\"https:\\\/\\\/folhapopular.info\\\/index.php\\\/2022\\\/04\\\/30\\\/grupo-da-adefil-promove-evento-em-comemoracao-ao-dia-internacional-da-danca-em-lajeado\\\/#breadcrumb\"},\"inLanguage\":\"pt-BR\",\"potentialAction\":[{\"@type\":\"ReadAction\",\"target\":[\"https:\\\/\\\/folhapopular.info\\\/index.php\\\/2022\\\/04\\\/30\\\/grupo-da-adefil-promove-evento-em-comemoracao-ao-dia-internacional-da-danca-em-lajeado\\\/\"]}]},{\"@type\":\"ImageObject\",\"inLanguage\":\"pt-BR\",\"@id\":\"https:\\\/\\\/folhapopular.info\\\/index.php\\\/2022\\\/04\\\/30\\\/grupo-da-adefil-promove-evento-em-comemoracao-ao-dia-internacional-da-danca-em-lajeado\\\/#primaryimage\",\"url\":\"https:\\\/\\\/folhapopular.info\\\/wp-content\\\/uploads\\\/2022\\\/04\\\/Divulgacao-e1651321781756.jpg\",\"contentUrl\":\"https:\\\/\\\/folhapopular.info\\\/wp-content\\\/uploads\\\/2022\\\/04\\\/Divulgacao-e1651321781756.jpg\",\"width\":800,\"height\":600,\"caption\":\"Aulas de dan\u00e7a com cadeiras de rodas s\u00e3o realizadas aos s\u00e1bados na sede da ADEFIL \\\/ Cr\u00e9dito: Divulga\u00e7\u00e3o ADEFIL\"},{\"@type\":\"BreadcrumbList\",\"@id\":\"https:\\\/\\\/folhapopular.info\\\/index.php\\\/2022\\\/04\\\/30\\\/grupo-da-adefil-promove-evento-em-comemoracao-ao-dia-internacional-da-danca-em-lajeado\\\/#breadcrumb\",\"itemListElement\":[{\"@type\":\"ListItem\",\"position\":1,\"name\":\"In\u00edcio\",\"item\":\"https:\\\/\\\/folhapopular.info\\\/\"},{\"@type\":\"ListItem\",\"position\":2,\"name\":\"Grupo da ADEFIL promove evento em comemora\u00e7\u00e3o ao Dia Internacional da Dan\u00e7a em Lajeado\"}]},{\"@type\":\"WebSite\",\"@id\":\"https:\\\/\\\/folhapopular.info\\\/#website\",\"url\":\"https:\\\/\\\/folhapopular.info\\\/\",\"name\":\"Folha Popular\",\"description\":\"Onde voc\u00ea tem vez e voz\",\"potentialAction\":[{\"@type\":\"SearchAction\",\"target\":{\"@type\":\"EntryPoint\",\"urlTemplate\":\"https:\\\/\\\/folhapopular.info\\\/?s={search_term_string}\"},\"query-input\":{\"@type\":\"PropertyValueSpecification\",\"valueRequired\":true,\"valueName\":\"search_term_string\"}}],\"inLanguage\":\"pt-BR\"},{\"@type\":\"Person\",\"@id\":\"https:\\\/\\\/folhapopular.info\\\/#\\\/schema\\\/person\\\/2814e8a0df7643585a9ca38bc6eb9d4b\",\"name\":\"Reda\u00e7\u00e3o Folha Popular\",\"image\":{\"@type\":\"ImageObject\",\"inLanguage\":\"pt-BR\",\"@id\":\"https:\\\/\\\/folhapopular.info\\\/wp-content\\\/uploads\\\/2026\\\/04\\\/Folha-1.webp\",\"url\":\"https:\\\/\\\/folhapopular.info\\\/wp-content\\\/uploads\\\/2026\\\/04\\\/Folha-1.webp\",\"contentUrl\":\"https:\\\/\\\/folhapopular.info\\\/wp-content\\\/uploads\\\/2026\\\/04\\\/Folha-1.webp\",\"caption\":\"Reda\u00e7\u00e3o Folha Popular\"},\"url\":\"https:\\\/\\\/folhapopular.info\\\/index.php\\\/author\\\/redacao\\\/\"}]}<\/script>\n<!-- \/ Yoast SEO plugin. -->","yoast_head_json":{"title":"Grupo da ADEFIL promove evento em comemora\u00e7\u00e3o ao Dia Internacional da Dan\u00e7a em Lajeado - Folha Popular","robots":{"index":"index","follow":"follow","max-snippet":"max-snippet:-1","max-image-preview":"max-image-preview:large","max-video-preview":"max-video-preview:-1"},"canonical":"https:\/\/folhapopular.info\/index.php\/2022\/04\/30\/grupo-da-adefil-promove-evento-em-comemoracao-ao-dia-internacional-da-danca-em-lajeado\/","og_locale":"pt_BR","og_type":"article","og_title":"Grupo da ADEFIL promove evento em comemora\u00e7\u00e3o ao Dia Internacional da Dan\u00e7a em Lajeado - Folha Popular","og_description":"Os alunos do projeto Corpo em Movimento, da Associa\u00e7\u00e3o dos Deficientes F\u00edsicos de Lajeado (ADEFIL), v\u00e3o receber hoje (30\/4) a visita de integrantes do Centro de Cultura Afro-Brasileira do munic\u00edpio. O evento pretende criar oportunidades para trocas de experi\u00eancias e promover a inser\u00e7\u00e3o social. Os alunos v\u00e3o poder assistir, analisar e dan\u00e7ar com as pessoas [&hellip;]","og_url":"https:\/\/folhapopular.info\/index.php\/2022\/04\/30\/grupo-da-adefil-promove-evento-em-comemoracao-ao-dia-internacional-da-danca-em-lajeado\/","og_site_name":"Folha Popular","article_published_time":"2022-04-30T12:30:33+00:00","article_modified_time":"2022-04-30T12:30:37+00:00","og_image":[{"width":800,"height":600,"url":"http:\/\/folhapopular.info\/wp-content\/uploads\/2022\/04\/Divulgacao-e1651321781756.jpg","type":"image\/jpeg"}],"author":"Reda\u00e7\u00e3o Folha Popular","twitter_card":"summary_large_image","twitter_misc":{"Escrito por":"Reda\u00e7\u00e3o Folha Popular","Est. tempo de leitura":"1 minuto"},"schema":{"@context":"https:\/\/schema.org","@graph":[{"@type":"Article","@id":"https:\/\/folhapopular.info\/index.php\/2022\/04\/30\/grupo-da-adefil-promove-evento-em-comemoracao-ao-dia-internacional-da-danca-em-lajeado\/#article","isPartOf":{"@id":"https:\/\/folhapopular.info\/index.php\/2022\/04\/30\/grupo-da-adefil-promove-evento-em-comemoracao-ao-dia-internacional-da-danca-em-lajeado\/"},"author":{"name":"Reda\u00e7\u00e3o Folha Popular","@id":"https:\/\/folhapopular.info\/#\/schema\/person\/2814e8a0df7643585a9ca38bc6eb9d4b"},"headline":"Grupo da ADEFIL promove evento em comemora\u00e7\u00e3o ao Dia Internacional da Dan\u00e7a em Lajeado","datePublished":"2022-04-30T12:30:33+00:00","dateModified":"2022-04-30T12:30:37+00:00","mainEntityOfPage":{"@id":"https:\/\/folhapopular.info\/index.php\/2022\/04\/30\/grupo-da-adefil-promove-evento-em-comemoracao-ao-dia-internacional-da-danca-em-lajeado\/"},"wordCount":189,"commentCount":0,"image":{"@id":"https:\/\/folhapopular.info\/index.php\/2022\/04\/30\/grupo-da-adefil-promove-evento-em-comemoracao-ao-dia-internacional-da-danca-em-lajeado\/#primaryimage"},"thumbnailUrl":"https:\/\/folhapopular.info\/wp-content\/uploads\/2022\/04\/Divulgacao-e1651321781756.jpg","keywords":["ADEFIL","Dan\u00e7a","Lajeado","Programa\u00e7\u00e3o"],"articleSection":["Destaques","Inclusive"],"inLanguage":"pt-BR","potentialAction":[{"@type":"CommentAction","name":"Comment","target":["https:\/\/folhapopular.info\/index.php\/2022\/04\/30\/grupo-da-adefil-promove-evento-em-comemoracao-ao-dia-internacional-da-danca-em-lajeado\/#respond"]}]},{"@type":"WebPage","@id":"https:\/\/folhapopular.info\/index.php\/2022\/04\/30\/grupo-da-adefil-promove-evento-em-comemoracao-ao-dia-internacional-da-danca-em-lajeado\/","url":"https:\/\/folhapopular.info\/index.php\/2022\/04\/30\/grupo-da-adefil-promove-evento-em-comemoracao-ao-dia-internacional-da-danca-em-lajeado\/","name":"Grupo da ADEFIL promove evento em comemora\u00e7\u00e3o ao Dia Internacional da Dan\u00e7a em Lajeado - Folha Popular","isPartOf":{"@id":"https:\/\/folhapopular.info\/#website"},"primaryImageOfPage":{"@id":"https:\/\/folhapopular.info\/index.php\/2022\/04\/30\/grupo-da-adefil-promove-evento-em-comemoracao-ao-dia-internacional-da-danca-em-lajeado\/#primaryimage"},"image":{"@id":"https:\/\/folhapopular.info\/index.php\/2022\/04\/30\/grupo-da-adefil-promove-evento-em-comemoracao-ao-dia-internacional-da-danca-em-lajeado\/#primaryimage"},"thumbnailUrl":"https:\/\/folhapopular.info\/wp-content\/uploads\/2022\/04\/Divulgacao-e1651321781756.jpg","datePublished":"2022-04-30T12:30:33+00:00","dateModified":"2022-04-30T12:30:37+00:00","author":{"@id":"https:\/\/folhapopular.info\/#\/schema\/person\/2814e8a0df7643585a9ca38bc6eb9d4b"},"breadcrumb":{"@id":"https:\/\/folhapopular.info\/index.php\/2022\/04\/30\/grupo-da-adefil-promove-evento-em-comemoracao-ao-dia-internacional-da-danca-em-lajeado\/#breadcrumb"},"inLanguage":"pt-BR","potentialAction":[{"@type":"ReadAction","target":["https:\/\/folhapopular.info\/index.php\/2022\/04\/30\/grupo-da-adefil-promove-evento-em-comemoracao-ao-dia-internacional-da-danca-em-lajeado\/"]}]},{"@type":"ImageObject","inLanguage":"pt-BR","@id":"https:\/\/folhapopular.info\/index.php\/2022\/04\/30\/grupo-da-adefil-promove-evento-em-comemoracao-ao-dia-internacional-da-danca-em-lajeado\/#primaryimage","url":"https:\/\/folhapopular.info\/wp-content\/uploads\/2022\/04\/Divulgacao-e1651321781756.jpg","contentUrl":"https:\/\/folhapopular.info\/wp-content\/uploads\/2022\/04\/Divulgacao-e1651321781756.jpg","width":800,"height":600,"caption":"Aulas de dan\u00e7a com cadeiras de rodas s\u00e3o realizadas aos s\u00e1bados na sede da ADEFIL \/ Cr\u00e9dito: Divulga\u00e7\u00e3o ADEFIL"},{"@type":"BreadcrumbList","@id":"https:\/\/folhapopular.info\/index.php\/2022\/04\/30\/grupo-da-adefil-promove-evento-em-comemoracao-ao-dia-internacional-da-danca-em-lajeado\/#breadcrumb","itemListElement":[{"@type":"ListItem","position":1,"name":"In\u00edcio","item":"https:\/\/folhapopular.info\/"},{"@type":"ListItem","position":2,"name":"Grupo da ADEFIL promove evento em comemora\u00e7\u00e3o ao Dia Internacional da Dan\u00e7a em Lajeado"}]},{"@type":"WebSite","@id":"https:\/\/folhapopular.info\/#website","url":"https:\/\/folhapopular.info\/","name":"Folha Popular","description":"Onde voc\u00ea tem vez e voz","potentialAction":[{"@type":"SearchAction","target":{"@type":"EntryPoint","urlTemplate":"https:\/\/folhapopular.info\/?s={search_term_string}"},"query-input":{"@type":"PropertyValueSpecification","valueRequired":true,"valueName":"search_term_string"}}],"inLanguage":"pt-BR"},{"@type":"Person","@id":"https:\/\/folhapopular.info\/#\/schema\/person\/2814e8a0df7643585a9ca38bc6eb9d4b","name":"Reda\u00e7\u00e3o Folha Popular","image":{"@type":"ImageObject","inLanguage":"pt-BR","@id":"https:\/\/folhapopular.info\/wp-content\/uploads\/2026\/04\/Folha-1.webp","url":"https:\/\/folhapopular.info\/wp-content\/uploads\/2026\/04\/Folha-1.webp","contentUrl":"https:\/\/folhapopular.info\/wp-content\/uploads\/2026\/04\/Folha-1.webp","caption":"Reda\u00e7\u00e3o Folha Popular"},"url":"https:\/\/folhapopular.info\/index.php\/author\/redacao\/"}]}},"jetpack_featured_media_url":"https:\/\/folhapopular.info\/wp-content\/uploads\/2022\/04\/Divulgacao-e1651321781756.jpg","jetpack_sharing_enabled":true,"amp_enabled":true,"_links":{"self":[{"href":"https:\/\/folhapopular.info\/index.php\/wp-json\/wp\/v2\/posts\/103448","targetHints":{"allow":["GET"]}}],"collection":[{"href":"https:\/\/folhapopular.info\/index.php\/wp-json\/wp\/v2\/posts"}],"about":[{"href":"https:\/\/folhapopular.info\/index.php\/wp-json\/wp\/v2\/types\/post"}],"author":[{"embeddable":true,"href":"https:\/\/folhapopular.info\/index.php\/wp-json\/wp\/v2\/users\/8"}],"replies":[{"embeddable":true,"href":"https:\/\/folhapopular.info\/index.php\/wp-json\/wp\/v2\/comments?post=103448"}],"version-history":[{"count":0,"href":"https:\/\/folhapopular.info\/index.php\/wp-json\/wp\/v2\/posts\/103448\/revisions"}],"wp:featuredmedia":[{"embeddable":true,"href":"https:\/\/folhapopular.info\/index.php\/wp-json\/wp\/v2\/media\/103449"}],"wp:attachment":[{"href":"https:\/\/folhapopular.info\/index.php\/wp-json\/wp\/v2\/media?parent=103448"}],"wp:term":[{"taxonomy":"category","embeddable":true,"href":"https:\/\/folhapopular.info\/index.php\/wp-json\/wp\/v2\/categories?post=103448"},{"taxonomy":"post_tag","embeddable":true,"href":"https:\/\/folhapopular.info\/index.php\/wp-json\/wp\/v2\/tags?post=103448"}],"curies":[{"name":"wp","href":"https:\/\/api.w.org\/{rel}","templated":true}]}}