{"id":103782,"date":"2022-05-04T17:25:23","date_gmt":"2022-05-04T20:25:23","guid":{"rendered":"https:\/\/folhapopular.info\/?p=103782"},"modified":"2022-05-04T17:28:00","modified_gmt":"2022-05-04T20:28:00","slug":"teutonia-amplia-grupos-de-vacinacao-contra-influenza","status":"publish","type":"post","link":"https:\/\/folhapopular.info\/index.php\/2022\/05\/04\/teutonia-amplia-grupos-de-vacinacao-contra-influenza\/","title":{"rendered":"Teut\u00f4nia amplia grupos de vacina\u00e7\u00e3o contra Influenza"},"content":{"rendered":"\n<p>A Secretaria Municipal de Sa\u00fade de Teut\u00f4nia informa que os grupos para vacina\u00e7\u00e3o contra Influenza foram ampliados para gestantes; pu\u00e9rperas; trabalhadores de educa\u00e7\u00e3o do ensino b\u00e1sico e superior; profissionais das For\u00e7as de Seguran\u00e7a e Salvamento; profissionais das For\u00e7as Armadas; pessoas com doen\u00e7as cr\u00f4nicas n\u00e3o transmiss\u00edveis e outras condi\u00e7\u00f5es cl\u00ednicas especiais; pessoas com defici\u00eancia permanente; caminhoneiros; trabalhadores de transporte coletivo rodovi\u00e1rio para passageiros urbanos e de longo curso; trabalhadores portu\u00e1rios; popula\u00e7\u00e3o privada de liberdade e funcion\u00e1rios do sistema de priva\u00e7\u00e3o de liberdade; adolescentes e jovens de 12 a 21 anos de idade sob medidas socioeducativas e povos ind\u00edgenas.&nbsp;Os pacientes destes grupos priorit\u00e1rios devem procurar as Unidades B\u00e1sicas de Sa\u00fade munidos de documento com foto, cart\u00e3o do SUS, carteira de vacina\u00e7\u00e3o e&nbsp;<strong>comprovante que integra um dos grupos.<\/strong><\/p>\n\n\n\n<p>A vacina\u00e7\u00e3o para trabalhadores da sa\u00fade, crian\u00e7as de 6 meses a menores de 5 anos (4 anos, 11 meses e 29 dias) e pessoas acima de 60 anos segue em andamento.&nbsp;A aplica\u00e7\u00e3o do imunizante ocorre em todos os postos de sa\u00fade do munic\u00edpio, sem necessidade de agendamento.<\/p>\n\n\n\n<p><strong>Confira detalhadamente cada grupo:<\/strong><\/p>\n\n\n\n<p><strong>Gestantes:&nbsp;<\/strong>Para isso, dever\u00e3o apresentar documento que comprove a gesta\u00e7\u00e3o (caderneta da gestante) durante o per\u00edodo de vacina\u00e7\u00e3o;<\/p>\n\n\n\n<p><strong>Pu\u00e9rperas:&nbsp;t<\/strong>odas as mulheres no per\u00edodo at\u00e9 45 dias ap\u00f3s o parto est\u00e3o inclu\u00eddas no grupo alvo de vacina\u00e7\u00e3o. Para isso, dever\u00e3o apresentar documento que comprove o puerp\u00e9rio (certid\u00e3o de nascimento, caderneta&nbsp;da gestante, documento do hospital onde ocorreu o parto, entre outros) durante o per\u00edodo de vacina\u00e7\u00e3o;<\/p>\n\n\n\n<p><strong>Trabalhadores de educa\u00e7\u00e3o do ensino b\u00e1sico e superior:<\/strong><strong>&nbsp;<\/strong>dever\u00e3o receber a vacina influenza, mediante apresenta\u00e7\u00e3o de documento que comprove sua vincula\u00e7\u00e3o ativa como trabalhador de educa\u00e7\u00e3o. Todos os trabalhadores das escolas do ensino b\u00e1sico (creche, pr\u00e9-escolas, ensino fundamental, ensino m\u00e9dio, profissionalizantes e EJA) e superior, de car\u00e1ter&nbsp;p\u00fablico e privado. Os mesmos dever\u00e3o apresentar comprova\u00e7\u00e3o atualizada que desempenha a fun\u00e7\u00e3o (comprovante da institui\u00e7\u00e3o, contracheque e etc).<\/p>\n\n\n\n<p><strong>Profissionais das For\u00e7as de Seguran\u00e7a e Salvamento:<\/strong><strong>&nbsp;<\/strong>dever\u00e3o receber a vacina influenza, mediante apresenta\u00e7\u00e3o de documento que comprove sua vincula\u00e7\u00e3o ativa nas for\u00e7as de seguran\u00e7a e salvamento. Integram esse grupo: policiais federais, militares, civis e rodovi\u00e1rios; bombeiros militares e civis; e guardas municipais.<\/p>\n\n\n\n<p><strong>Profissionais das For\u00e7as Armadas:<\/strong><strong>&nbsp;<\/strong>dever\u00e3o receber a vacina influenza, mediante apresenta\u00e7\u00e3o de documento que comprove a sua vincula\u00e7\u00e3o ativa com o servi\u00e7o de for\u00e7as armadas ou apresenta\u00e7\u00e3o de declara\u00e7\u00e3o emitida pelo servi\u00e7o em que atua. Integram esse grupo: membros ativos das For\u00e7as Armadas (Marinha, Ex\u00e9rcito e Aeron\u00e1utica).<\/p>\n\n\n\n<p><strong>Pessoas com doen\u00e7as cr\u00f4nicas n\u00e3o transmiss\u00edveis e outras condi\u00e7\u00f5es cl\u00ednicas especiai<\/strong><strong>s,&nbsp;<\/strong><strong>independentemente da idade,&nbsp;<\/strong><strong>com comprovante atual de patologia atrav\u00e9s de atestados, laudos, exames m\u00e9dicos:<\/strong>&nbsp;doen\u00e7a respirat\u00f3ria cr\u00f4nica, doen\u00e7a card\u00edaca cr\u00f4nica, doen\u00e7a renal cr\u00f4nica, doen\u00e7a neurol\u00f3gica cr\u00f4nica, diabates, imunossupress\u00e3o, obesos, transplantados e portadores de trissomias;<\/p>\n\n\n\n<p><strong>Pessoas com defici\u00eancia permanente:<\/strong>&nbsp;ser\u00e3o considerados indiv\u00edduos com defici\u00eancia permanente aqueles que apresentem uma ou mais das seguintes limita\u00e7\u00f5es. Os pacientes deste grupo devem trazer laudo ou documento que comprove a defici\u00eancia.<\/p>\n\n\n\n<ul class=\"wp-block-list\"><li>Limita\u00e7\u00e3o motora que cause grande dificuldade ou incapacidade para andar ou subir escadas.<\/li><li>Indiv\u00edduos com grande dificuldade ou incapacidade de ouvir mesmo com uso de aparelho auditivo.<\/li><li>Indiv\u00edduos com grande dificuldade ou incapacidade de enxergar mesmo com uso de \u00f3culos.<\/li><li>Indiv\u00edduos com alguma defici\u00eancia intelectual permanente que limite as suas atividades habituais, como trabalhar, ir \u00e0 escola, brincar, etc.<\/li><li>Transtornos do Espectro Autista.<\/li><\/ul>\n\n\n\n<p><strong>Caminhoneiros:<\/strong><strong>&nbsp;<\/strong>dever\u00e3o receber a vacina influenza, mediante apresenta\u00e7\u00e3o de documento que comprove o exerc\u00edcio efetivo da fun\u00e7\u00e3o de motorista profissional do transporte rodovi\u00e1rio de cargas (caminhoneiro). Integram esse grupo: Motorista de transporte rodovi\u00e1rio de carga definido no art. 1\u00ba, II da Lei n\u00ba 13.103, de&nbsp;2 de mar\u00e7o de 2015, que trata da regulamenta\u00e7\u00e3o da profiss\u00e3o de motorista. Apresentar documento que comprove a fun\u00e7\u00e3o de caminhoneiro atualizado.<\/p>\n\n\n\n<p><strong>Trabalhadores de transporte coletivo rodovi\u00e1rio para passageiros urbanos e de longo curso:<\/strong><strong>&nbsp;<\/strong>dever\u00e3o receber a vacina influenza, mediante apresenta\u00e7\u00e3o de documento que comprove o exerc\u00edcio efetivo da fun\u00e7\u00e3o de motorista\/cobrador profissional do transporte de passageiros. Integram esse grupo: motoristas e cobradores de transporte coletivo rodovi\u00e1rio de passageiros.<\/p>\n\n\n\n<p><strong>Trabalhadores Portu\u00e1rios:<\/strong><strong>&nbsp;<\/strong>dever\u00e3o receber a vacina influenza, mediante apresenta\u00e7\u00e3o de documento que comprove o exerc\u00edcio efetivo da fun\u00e7\u00e3o de trabalhador portu\u00e1rio. Integram esse grupo: Qualquer trabalhador portu\u00e1rio, incluindo os funcion\u00e1rios da \u00e1rea administrativa.<\/p>\n\n\n\n<p><strong>Popula\u00e7\u00e3o privada de liberdade e funcion\u00e1rios do sistema de priva\u00e7\u00e3o de liberdade, adolescentes e jovens de 12 a 21 anos de idade sob medidas socioeducativas:&nbsp;<\/strong>o planejamento e operacionaliza\u00e7\u00e3o da vacina\u00e7\u00e3o nos estabelecimentos penais dever\u00e3o ser articulados com as Secretarias Estaduais e Municipais de Sa\u00fade e Secretarias Estaduais de Justi\u00e7a (Secretarias Estaduais de Seguran\u00e7a P\u00fablica ou correlatos), conforme a Pol\u00edtica Nacional de Aten\u00e7\u00e3o Integral \u00e0 Sa\u00fade das Pessoas Privadas de Liberdade no Sistema Prisional \u2013 PNAISP e a Pol\u00edtica Nacional de Aten\u00e7\u00e3o ao Adolescente e Jovem sob medidas socioeducativas. Os trabalhadores da sa\u00fade que s\u00e3o funcion\u00e1rios do sistema de priva\u00e7\u00e3o de liberdade dever\u00e3o ser registrados no grupo priorit\u00e1rio de trabalhadores da sa\u00fade.<\/p>\n\n\n\n<p><strong>Povos ind\u00edgenas:<\/strong><strong>&nbsp;<\/strong>toda popula\u00e7\u00e3o ind\u00edgena aldeada, a partir dos seis meses de idade. A programa\u00e7\u00e3o de rotina \u00e9 articulada entre o PNI e a Secretaria Especial de Sa\u00fade Ind\u00edgena (SESAI).<\/p>\n","protected":false},"excerpt":{"rendered":"<p>A Secretaria Municipal de Sa\u00fade de Teut\u00f4nia informa que os grupos para vacina\u00e7\u00e3o contra Influenza foram ampliados para gestantes; pu\u00e9rperas; trabalhadores de educa\u00e7\u00e3o do ensino b\u00e1sico e superior; profissionais das For\u00e7as de Seguran\u00e7a e Salvamento; profissionais das For\u00e7as Armadas; pessoas com doen\u00e7as cr\u00f4nicas n\u00e3o transmiss\u00edveis e outras condi\u00e7\u00f5es cl\u00ednicas especiais; pessoas com defici\u00eancia permanente; caminhoneiros; [&hellip;]<\/p>\n","protected":false},"author":8,"featured_media":102780,"comment_status":"open","ping_status":"open","sticky":false,"template":"","format":"standard","meta":{"pmpro_default_level":"","_jetpack_memberships_contains_paid_content":false,"footnotes":""},"categories":[2,3],"tags":[3347,8876,2570,26,87],"class_list":{"0":"post-103782","1":"post","2":"type-post","3":"status-publish","4":"format-standard","5":"has-post-thumbnail","7":"category-featured","8":"category-geral","9":"tag-ampliacao","10":"tag-grupos","11":"tag-influenza","12":"tag-teutonia","13":"tag-vacinacao","14":"pmpro-has-access"},"yoast_head":"<!-- This site is optimized with the Yoast SEO plugin v27.5 - https:\/\/yoast.com\/product\/yoast-seo-wordpress\/ -->\n<title>Teut\u00f4nia amplia grupos de vacina\u00e7\u00e3o contra Influenza - Folha Popular<\/title>\n<meta name=\"robots\" content=\"index, follow, max-snippet:-1, max-image-preview:large, max-video-preview:-1\" \/>\n<link rel=\"canonical\" href=\"https:\/\/folhapopular.info\/index.php\/2022\/05\/04\/teutonia-amplia-grupos-de-vacinacao-contra-influenza\/\" \/>\n<meta property=\"og:locale\" content=\"pt_BR\" \/>\n<meta property=\"og:type\" content=\"article\" \/>\n<meta property=\"og:title\" content=\"Teut\u00f4nia amplia grupos de vacina\u00e7\u00e3o contra Influenza - Folha Popular\" \/>\n<meta property=\"og:description\" content=\"A Secretaria Municipal de Sa\u00fade de Teut\u00f4nia informa que os grupos para vacina\u00e7\u00e3o contra Influenza foram ampliados para gestantes; pu\u00e9rperas; trabalhadores de educa\u00e7\u00e3o do ensino b\u00e1sico e superior; profissionais das For\u00e7as de Seguran\u00e7a e Salvamento; profissionais das For\u00e7as Armadas; pessoas com doen\u00e7as cr\u00f4nicas n\u00e3o transmiss\u00edveis e outras condi\u00e7\u00f5es cl\u00ednicas especiais; pessoas com defici\u00eancia permanente; caminhoneiros; [&hellip;]\" \/>\n<meta property=\"og:url\" content=\"https:\/\/folhapopular.info\/index.php\/2022\/05\/04\/teutonia-amplia-grupos-de-vacinacao-contra-influenza\/\" \/>\n<meta property=\"og:site_name\" content=\"Folha Popular\" \/>\n<meta property=\"article:published_time\" content=\"2022-05-04T20:25:23+00:00\" \/>\n<meta property=\"article:modified_time\" content=\"2022-05-04T20:28:00+00:00\" \/>\n<meta property=\"og:image\" content=\"http:\/\/folhapopular.info\/wp-content\/uploads\/2022\/04\/Dia-D-da-Campanha-de-Vacinacao-contra-Influenza-e-Sarampo-sera-no-dia-30-de-abril-scaled-e1650483951301.jpg\" \/>\n\t<meta property=\"og:image:width\" content=\"800\" \/>\n\t<meta property=\"og:image:height\" content=\"533\" \/>\n\t<meta property=\"og:image:type\" content=\"image\/jpeg\" \/>\n<meta name=\"author\" content=\"Reda\u00e7\u00e3o Folha Popular\" \/>\n<meta name=\"twitter:card\" content=\"summary_large_image\" \/>\n<meta name=\"twitter:label1\" content=\"Escrito por\" \/>\n\t<meta name=\"twitter:data1\" content=\"Reda\u00e7\u00e3o Folha Popular\" \/>\n\t<meta name=\"twitter:label2\" content=\"Est. tempo de leitura\" \/>\n\t<meta name=\"twitter:data2\" content=\"5 minutos\" \/>\n<script type=\"application\/ld+json\" class=\"yoast-schema-graph\">{\"@context\":\"https:\\\/\\\/schema.org\",\"@graph\":[{\"@type\":\"Article\",\"@id\":\"https:\\\/\\\/folhapopular.info\\\/index.php\\\/2022\\\/05\\\/04\\\/teutonia-amplia-grupos-de-vacinacao-contra-influenza\\\/#article\",\"isPartOf\":{\"@id\":\"https:\\\/\\\/folhapopular.info\\\/index.php\\\/2022\\\/05\\\/04\\\/teutonia-amplia-grupos-de-vacinacao-contra-influenza\\\/\"},\"author\":{\"name\":\"Reda\u00e7\u00e3o Folha Popular\",\"@id\":\"https:\\\/\\\/folhapopular.info\\\/#\\\/schema\\\/person\\\/2814e8a0df7643585a9ca38bc6eb9d4b\"},\"headline\":\"Teut\u00f4nia amplia grupos de vacina\u00e7\u00e3o contra Influenza\",\"datePublished\":\"2022-05-04T20:25:23+00:00\",\"dateModified\":\"2022-05-04T20:28:00+00:00\",\"mainEntityOfPage\":{\"@id\":\"https:\\\/\\\/folhapopular.info\\\/index.php\\\/2022\\\/05\\\/04\\\/teutonia-amplia-grupos-de-vacinacao-contra-influenza\\\/\"},\"wordCount\":1008,\"commentCount\":0,\"image\":{\"@id\":\"https:\\\/\\\/folhapopular.info\\\/index.php\\\/2022\\\/05\\\/04\\\/teutonia-amplia-grupos-de-vacinacao-contra-influenza\\\/#primaryimage\"},\"thumbnailUrl\":\"https:\\\/\\\/folhapopular.info\\\/wp-content\\\/uploads\\\/2022\\\/04\\\/Dia-D-da-Campanha-de-Vacinacao-contra-Influenza-e-Sarampo-sera-no-dia-30-de-abril-scaled-e1650483951301.jpg\",\"keywords\":[\"Amplia\u00e7\u00e3o\",\"Grupos\",\"Influenza\",\"Teut\u00f4nia\",\"Vacina\u00e7\u00e3o\"],\"articleSection\":[\"Destaques\",\"Geral\"],\"inLanguage\":\"pt-BR\",\"potentialAction\":[{\"@type\":\"CommentAction\",\"name\":\"Comment\",\"target\":[\"https:\\\/\\\/folhapopular.info\\\/index.php\\\/2022\\\/05\\\/04\\\/teutonia-amplia-grupos-de-vacinacao-contra-influenza\\\/#respond\"]}]},{\"@type\":\"WebPage\",\"@id\":\"https:\\\/\\\/folhapopular.info\\\/index.php\\\/2022\\\/05\\\/04\\\/teutonia-amplia-grupos-de-vacinacao-contra-influenza\\\/\",\"url\":\"https:\\\/\\\/folhapopular.info\\\/index.php\\\/2022\\\/05\\\/04\\\/teutonia-amplia-grupos-de-vacinacao-contra-influenza\\\/\",\"name\":\"Teut\u00f4nia amplia grupos de vacina\u00e7\u00e3o contra Influenza - Folha Popular\",\"isPartOf\":{\"@id\":\"https:\\\/\\\/folhapopular.info\\\/#website\"},\"primaryImageOfPage\":{\"@id\":\"https:\\\/\\\/folhapopular.info\\\/index.php\\\/2022\\\/05\\\/04\\\/teutonia-amplia-grupos-de-vacinacao-contra-influenza\\\/#primaryimage\"},\"image\":{\"@id\":\"https:\\\/\\\/folhapopular.info\\\/index.php\\\/2022\\\/05\\\/04\\\/teutonia-amplia-grupos-de-vacinacao-contra-influenza\\\/#primaryimage\"},\"thumbnailUrl\":\"https:\\\/\\\/folhapopular.info\\\/wp-content\\\/uploads\\\/2022\\\/04\\\/Dia-D-da-Campanha-de-Vacinacao-contra-Influenza-e-Sarampo-sera-no-dia-30-de-abril-scaled-e1650483951301.jpg\",\"datePublished\":\"2022-05-04T20:25:23+00:00\",\"dateModified\":\"2022-05-04T20:28:00+00:00\",\"author\":{\"@id\":\"https:\\\/\\\/folhapopular.info\\\/#\\\/schema\\\/person\\\/2814e8a0df7643585a9ca38bc6eb9d4b\"},\"breadcrumb\":{\"@id\":\"https:\\\/\\\/folhapopular.info\\\/index.php\\\/2022\\\/05\\\/04\\\/teutonia-amplia-grupos-de-vacinacao-contra-influenza\\\/#breadcrumb\"},\"inLanguage\":\"pt-BR\",\"potentialAction\":[{\"@type\":\"ReadAction\",\"target\":[\"https:\\\/\\\/folhapopular.info\\\/index.php\\\/2022\\\/05\\\/04\\\/teutonia-amplia-grupos-de-vacinacao-contra-influenza\\\/\"]}]},{\"@type\":\"ImageObject\",\"inLanguage\":\"pt-BR\",\"@id\":\"https:\\\/\\\/folhapopular.info\\\/index.php\\\/2022\\\/05\\\/04\\\/teutonia-amplia-grupos-de-vacinacao-contra-influenza\\\/#primaryimage\",\"url\":\"https:\\\/\\\/folhapopular.info\\\/wp-content\\\/uploads\\\/2022\\\/04\\\/Dia-D-da-Campanha-de-Vacinacao-contra-Influenza-e-Sarampo-sera-no-dia-30-de-abril-scaled-e1650483951301.jpg\",\"contentUrl\":\"https:\\\/\\\/folhapopular.info\\\/wp-content\\\/uploads\\\/2022\\\/04\\\/Dia-D-da-Campanha-de-Vacinacao-contra-Influenza-e-Sarampo-sera-no-dia-30-de-abril-scaled-e1650483951301.jpg\",\"width\":800,\"height\":533},{\"@type\":\"BreadcrumbList\",\"@id\":\"https:\\\/\\\/folhapopular.info\\\/index.php\\\/2022\\\/05\\\/04\\\/teutonia-amplia-grupos-de-vacinacao-contra-influenza\\\/#breadcrumb\",\"itemListElement\":[{\"@type\":\"ListItem\",\"position\":1,\"name\":\"In\u00edcio\",\"item\":\"https:\\\/\\\/folhapopular.info\\\/\"},{\"@type\":\"ListItem\",\"position\":2,\"name\":\"Teut\u00f4nia amplia grupos de vacina\u00e7\u00e3o contra Influenza\"}]},{\"@type\":\"WebSite\",\"@id\":\"https:\\\/\\\/folhapopular.info\\\/#website\",\"url\":\"https:\\\/\\\/folhapopular.info\\\/\",\"name\":\"Folha Popular\",\"description\":\"Onde voc\u00ea tem vez e voz\",\"potentialAction\":[{\"@type\":\"SearchAction\",\"target\":{\"@type\":\"EntryPoint\",\"urlTemplate\":\"https:\\\/\\\/folhapopular.info\\\/?s={search_term_string}\"},\"query-input\":{\"@type\":\"PropertyValueSpecification\",\"valueRequired\":true,\"valueName\":\"search_term_string\"}}],\"inLanguage\":\"pt-BR\"},{\"@type\":\"Person\",\"@id\":\"https:\\\/\\\/folhapopular.info\\\/#\\\/schema\\\/person\\\/2814e8a0df7643585a9ca38bc6eb9d4b\",\"name\":\"Reda\u00e7\u00e3o Folha Popular\",\"image\":{\"@type\":\"ImageObject\",\"inLanguage\":\"pt-BR\",\"@id\":\"https:\\\/\\\/folhapopular.info\\\/wp-content\\\/uploads\\\/2026\\\/04\\\/Folha-1.webp\",\"url\":\"https:\\\/\\\/folhapopular.info\\\/wp-content\\\/uploads\\\/2026\\\/04\\\/Folha-1.webp\",\"contentUrl\":\"https:\\\/\\\/folhapopular.info\\\/wp-content\\\/uploads\\\/2026\\\/04\\\/Folha-1.webp\",\"caption\":\"Reda\u00e7\u00e3o Folha Popular\"},\"url\":\"https:\\\/\\\/folhapopular.info\\\/index.php\\\/author\\\/redacao\\\/\"}]}<\/script>\n<!-- \/ Yoast SEO plugin. -->","yoast_head_json":{"title":"Teut\u00f4nia amplia grupos de vacina\u00e7\u00e3o contra Influenza - Folha Popular","robots":{"index":"index","follow":"follow","max-snippet":"max-snippet:-1","max-image-preview":"max-image-preview:large","max-video-preview":"max-video-preview:-1"},"canonical":"https:\/\/folhapopular.info\/index.php\/2022\/05\/04\/teutonia-amplia-grupos-de-vacinacao-contra-influenza\/","og_locale":"pt_BR","og_type":"article","og_title":"Teut\u00f4nia amplia grupos de vacina\u00e7\u00e3o contra Influenza - Folha Popular","og_description":"A Secretaria Municipal de Sa\u00fade de Teut\u00f4nia informa que os grupos para vacina\u00e7\u00e3o contra Influenza foram ampliados para gestantes; pu\u00e9rperas; trabalhadores de educa\u00e7\u00e3o do ensino b\u00e1sico e superior; profissionais das For\u00e7as de Seguran\u00e7a e Salvamento; profissionais das For\u00e7as Armadas; pessoas com doen\u00e7as cr\u00f4nicas n\u00e3o transmiss\u00edveis e outras condi\u00e7\u00f5es cl\u00ednicas especiais; pessoas com defici\u00eancia permanente; caminhoneiros; [&hellip;]","og_url":"https:\/\/folhapopular.info\/index.php\/2022\/05\/04\/teutonia-amplia-grupos-de-vacinacao-contra-influenza\/","og_site_name":"Folha Popular","article_published_time":"2022-05-04T20:25:23+00:00","article_modified_time":"2022-05-04T20:28:00+00:00","og_image":[{"width":800,"height":533,"url":"http:\/\/folhapopular.info\/wp-content\/uploads\/2022\/04\/Dia-D-da-Campanha-de-Vacinacao-contra-Influenza-e-Sarampo-sera-no-dia-30-de-abril-scaled-e1650483951301.jpg","type":"image\/jpeg"}],"author":"Reda\u00e7\u00e3o Folha Popular","twitter_card":"summary_large_image","twitter_misc":{"Escrito por":"Reda\u00e7\u00e3o Folha Popular","Est. tempo de leitura":"5 minutos"},"schema":{"@context":"https:\/\/schema.org","@graph":[{"@type":"Article","@id":"https:\/\/folhapopular.info\/index.php\/2022\/05\/04\/teutonia-amplia-grupos-de-vacinacao-contra-influenza\/#article","isPartOf":{"@id":"https:\/\/folhapopular.info\/index.php\/2022\/05\/04\/teutonia-amplia-grupos-de-vacinacao-contra-influenza\/"},"author":{"name":"Reda\u00e7\u00e3o Folha Popular","@id":"https:\/\/folhapopular.info\/#\/schema\/person\/2814e8a0df7643585a9ca38bc6eb9d4b"},"headline":"Teut\u00f4nia amplia grupos de vacina\u00e7\u00e3o contra Influenza","datePublished":"2022-05-04T20:25:23+00:00","dateModified":"2022-05-04T20:28:00+00:00","mainEntityOfPage":{"@id":"https:\/\/folhapopular.info\/index.php\/2022\/05\/04\/teutonia-amplia-grupos-de-vacinacao-contra-influenza\/"},"wordCount":1008,"commentCount":0,"image":{"@id":"https:\/\/folhapopular.info\/index.php\/2022\/05\/04\/teutonia-amplia-grupos-de-vacinacao-contra-influenza\/#primaryimage"},"thumbnailUrl":"https:\/\/folhapopular.info\/wp-content\/uploads\/2022\/04\/Dia-D-da-Campanha-de-Vacinacao-contra-Influenza-e-Sarampo-sera-no-dia-30-de-abril-scaled-e1650483951301.jpg","keywords":["Amplia\u00e7\u00e3o","Grupos","Influenza","Teut\u00f4nia","Vacina\u00e7\u00e3o"],"articleSection":["Destaques","Geral"],"inLanguage":"pt-BR","potentialAction":[{"@type":"CommentAction","name":"Comment","target":["https:\/\/folhapopular.info\/index.php\/2022\/05\/04\/teutonia-amplia-grupos-de-vacinacao-contra-influenza\/#respond"]}]},{"@type":"WebPage","@id":"https:\/\/folhapopular.info\/index.php\/2022\/05\/04\/teutonia-amplia-grupos-de-vacinacao-contra-influenza\/","url":"https:\/\/folhapopular.info\/index.php\/2022\/05\/04\/teutonia-amplia-grupos-de-vacinacao-contra-influenza\/","name":"Teut\u00f4nia amplia grupos de vacina\u00e7\u00e3o contra Influenza - Folha Popular","isPartOf":{"@id":"https:\/\/folhapopular.info\/#website"},"primaryImageOfPage":{"@id":"https:\/\/folhapopular.info\/index.php\/2022\/05\/04\/teutonia-amplia-grupos-de-vacinacao-contra-influenza\/#primaryimage"},"image":{"@id":"https:\/\/folhapopular.info\/index.php\/2022\/05\/04\/teutonia-amplia-grupos-de-vacinacao-contra-influenza\/#primaryimage"},"thumbnailUrl":"https:\/\/folhapopular.info\/wp-content\/uploads\/2022\/04\/Dia-D-da-Campanha-de-Vacinacao-contra-Influenza-e-Sarampo-sera-no-dia-30-de-abril-scaled-e1650483951301.jpg","datePublished":"2022-05-04T20:25:23+00:00","dateModified":"2022-05-04T20:28:00+00:00","author":{"@id":"https:\/\/folhapopular.info\/#\/schema\/person\/2814e8a0df7643585a9ca38bc6eb9d4b"},"breadcrumb":{"@id":"https:\/\/folhapopular.info\/index.php\/2022\/05\/04\/teutonia-amplia-grupos-de-vacinacao-contra-influenza\/#breadcrumb"},"inLanguage":"pt-BR","potentialAction":[{"@type":"ReadAction","target":["https:\/\/folhapopular.info\/index.php\/2022\/05\/04\/teutonia-amplia-grupos-de-vacinacao-contra-influenza\/"]}]},{"@type":"ImageObject","inLanguage":"pt-BR","@id":"https:\/\/folhapopular.info\/index.php\/2022\/05\/04\/teutonia-amplia-grupos-de-vacinacao-contra-influenza\/#primaryimage","url":"https:\/\/folhapopular.info\/wp-content\/uploads\/2022\/04\/Dia-D-da-Campanha-de-Vacinacao-contra-Influenza-e-Sarampo-sera-no-dia-30-de-abril-scaled-e1650483951301.jpg","contentUrl":"https:\/\/folhapopular.info\/wp-content\/uploads\/2022\/04\/Dia-D-da-Campanha-de-Vacinacao-contra-Influenza-e-Sarampo-sera-no-dia-30-de-abril-scaled-e1650483951301.jpg","width":800,"height":533},{"@type":"BreadcrumbList","@id":"https:\/\/folhapopular.info\/index.php\/2022\/05\/04\/teutonia-amplia-grupos-de-vacinacao-contra-influenza\/#breadcrumb","itemListElement":[{"@type":"ListItem","position":1,"name":"In\u00edcio","item":"https:\/\/folhapopular.info\/"},{"@type":"ListItem","position":2,"name":"Teut\u00f4nia amplia grupos de vacina\u00e7\u00e3o contra Influenza"}]},{"@type":"WebSite","@id":"https:\/\/folhapopular.info\/#website","url":"https:\/\/folhapopular.info\/","name":"Folha Popular","description":"Onde voc\u00ea tem vez e voz","potentialAction":[{"@type":"SearchAction","target":{"@type":"EntryPoint","urlTemplate":"https:\/\/folhapopular.info\/?s={search_term_string}"},"query-input":{"@type":"PropertyValueSpecification","valueRequired":true,"valueName":"search_term_string"}}],"inLanguage":"pt-BR"},{"@type":"Person","@id":"https:\/\/folhapopular.info\/#\/schema\/person\/2814e8a0df7643585a9ca38bc6eb9d4b","name":"Reda\u00e7\u00e3o Folha Popular","image":{"@type":"ImageObject","inLanguage":"pt-BR","@id":"https:\/\/folhapopular.info\/wp-content\/uploads\/2026\/04\/Folha-1.webp","url":"https:\/\/folhapopular.info\/wp-content\/uploads\/2026\/04\/Folha-1.webp","contentUrl":"https:\/\/folhapopular.info\/wp-content\/uploads\/2026\/04\/Folha-1.webp","caption":"Reda\u00e7\u00e3o Folha Popular"},"url":"https:\/\/folhapopular.info\/index.php\/author\/redacao\/"}]}},"jetpack_featured_media_url":"https:\/\/folhapopular.info\/wp-content\/uploads\/2022\/04\/Dia-D-da-Campanha-de-Vacinacao-contra-Influenza-e-Sarampo-sera-no-dia-30-de-abril-scaled-e1650483951301.jpg","jetpack_sharing_enabled":true,"amp_enabled":true,"_links":{"self":[{"href":"https:\/\/folhapopular.info\/index.php\/wp-json\/wp\/v2\/posts\/103782","targetHints":{"allow":["GET"]}}],"collection":[{"href":"https:\/\/folhapopular.info\/index.php\/wp-json\/wp\/v2\/posts"}],"about":[{"href":"https:\/\/folhapopular.info\/index.php\/wp-json\/wp\/v2\/types\/post"}],"author":[{"embeddable":true,"href":"https:\/\/folhapopular.info\/index.php\/wp-json\/wp\/v2\/users\/8"}],"replies":[{"embeddable":true,"href":"https:\/\/folhapopular.info\/index.php\/wp-json\/wp\/v2\/comments?post=103782"}],"version-history":[{"count":0,"href":"https:\/\/folhapopular.info\/index.php\/wp-json\/wp\/v2\/posts\/103782\/revisions"}],"wp:featuredmedia":[{"embeddable":true,"href":"https:\/\/folhapopular.info\/index.php\/wp-json\/wp\/v2\/media\/102780"}],"wp:attachment":[{"href":"https:\/\/folhapopular.info\/index.php\/wp-json\/wp\/v2\/media?parent=103782"}],"wp:term":[{"taxonomy":"category","embeddable":true,"href":"https:\/\/folhapopular.info\/index.php\/wp-json\/wp\/v2\/categories?post=103782"},{"taxonomy":"post_tag","embeddable":true,"href":"https:\/\/folhapopular.info\/index.php\/wp-json\/wp\/v2\/tags?post=103782"}],"curies":[{"name":"wp","href":"https:\/\/api.w.org\/{rel}","templated":true}]}}