{"id":103911,"date":"2022-05-07T10:02:14","date_gmt":"2022-05-07T13:02:14","guid":{"rendered":"https:\/\/folhapopular.info\/?p=103911"},"modified":"2022-05-07T10:49:39","modified_gmt":"2022-05-07T13:49:39","slug":"municipio-chega-aos-34-anos-projetando-o-turismo-e-investindo-em-infraestrutura","status":"publish","type":"post","link":"https:\/\/folhapopular.info\/index.php\/2022\/05\/07\/municipio-chega-aos-34-anos-projetando-o-turismo-e-investindo-em-infraestrutura\/","title":{"rendered":"Imigrante chega aos 34 anos projetando turismo e investindo em infraestrutura"},"content":{"rendered":"\n<p>Conforme alguns psic\u00f3logos, \u00e9 comum nos referirmos aos \u201830 e poucos anos\u2019 como o melhor per\u00edodo da vida. Ao atingirmos essa idade, estamos mais livres das inseguran\u00e7as e desfrutamos de maior liberdade. Imigrante faz jus ao senso comum. Nesta segunda-feira (9\/5), o munic\u00edpio comemora 34 anos j\u00e1 bem constitu\u00eddo: com crescimentos, hist\u00f3rias, evolu\u00e7\u00f5es e conquistas. Mas, ainda h\u00e1 futuro para mais.<\/p>\n\n\n\n<p>O prefeito Germano Stevens e o vice-prefeito Fabiano Acadroli conclu\u00edram o primeiro ano de mandato \u00e0 frente do Executivo com as contas em dia e com saldo positivo em caixa de R$ 3,960 milh\u00f5es. A reserva financeira j\u00e1 tem descontada todas as despesas de 2021.<\/p>\n\n\n\n<figure class=\"wp-block-image size-large is-resized\"><img loading=\"lazy\" decoding=\"async\" src=\"https:\/\/folhapopular.info\/wp-content\/uploads\/2022\/05\/Divulgacao-AI-2-1024x739.jpeg\" alt=\"\" class=\"wp-image-103918\" width=\"724\" height=\"521\" srcset=\"https:\/\/folhapopular.info\/wp-content\/uploads\/2022\/05\/Divulgacao-AI-2-1024x739.jpeg 1024w, https:\/\/folhapopular.info\/wp-content\/uploads\/2022\/05\/Divulgacao-AI-2-300x217.jpeg 300w, https:\/\/folhapopular.info\/wp-content\/uploads\/2022\/05\/Divulgacao-AI-2-768x554.jpeg 768w, https:\/\/folhapopular.info\/wp-content\/uploads\/2022\/05\/Divulgacao-AI-2-696x502.jpeg 696w\" sizes=\"auto, (max-width: 724px) 100vw, 724px\" \/><figcaption>Divulga\u00e7\u00e3o AI<\/figcaption><\/figure>\n\n\n\n<p><strong>Caminhos para o turismo<\/strong><\/p>\n\n\n\n<p>O ano de 2022 promete ser um marco para o setor tur\u00edstico do Vale do Taquari. Um dos ramos com maior potencial econ\u00f4mico da regi\u00e3o recebe olhos cada vez mais atentos dos munic\u00edpios, entidades, institui\u00e7\u00f5es governamentais e da iniciativa privada.<\/p>\n\n\n\n<p>Em Imigrante, o setor fervilhou no m\u00eas de anivers\u00e1rio. Desde o \u00faltimo dia 2, o munic\u00edpio conta com uma Secretaria espec\u00edfica, desmembrada da Educa\u00e7\u00e3o. O comando \u00e9 de Charles Porsche. \u201cApresentaremos muitas novidades e novos investimentos no turismo e, certamente, apoio e amplia\u00e7\u00e3o das atuais atividades j\u00e1 existentes\u201d, citou.<\/p>\n\n\n\n<p><strong>Ciclovia de R$ 3,2 milh\u00f5es do Programa Avan\u00e7ar no Turismo<\/strong><\/p>\n\n\n\n<p>Uma das apostas no turismo \u00e9 a Ciclovia, que receber\u00e1 R$ 3,2 milh\u00f5es do Programa Avan\u00e7ar no Turismo. Estar\u00e1 na Rodovia VRS-843, entre a divisa do munic\u00edpio com Colinas, na Seca Baixa, at\u00e9 Daltro Filho. Ser\u00e3o 8,4 quil\u00f4metros para a circula\u00e7\u00e3o exclusiva de bicicletas. Calcula-se que cerca de 30 mil ciclistas utilizam este trecho mensalmente. O an\u00fancio foi feito no dia 18 de janeiro, pelo governador Eduardo Leite.<\/p>\n\n\n\n<h2 class=\"wp-block-heading\"><strong>Quase R$ 1 milh\u00e3o em pavimenta\u00e7\u00e3o<\/strong><\/h2>\n\n\n\n<p>Imigrante foi contemplada na primeira etapa do programa Pavimenta RS. Com recursos do Estado e contrapartida do munic\u00edpio, o investimento ser\u00e1 de R$ 863.065,12; sendo que ainda ocorrer\u00e3o aportes de recursos pr\u00f3prios para paisagismo, altera\u00e7\u00f5es em elevadas e sinaliza\u00e7\u00e3o.<\/p>\n\n\n\n<h2 class=\"wp-block-heading\"><strong>Obras trabalham em v\u00e1rias frentes<\/strong><\/h2>\n\n\n\n<p>Nos meses de fevereiro, mar\u00e7o e abril foram realizadas manuten\u00e7\u00e3o de estradas do interior, ro\u00e7adas e melhoria de sinaliza\u00e7\u00f5es. Foi finalizada, tamb\u00e9m, a coloca\u00e7\u00e3o de cal\u00e7amento na Linha Michels.<\/p>\n\n\n\n<p>A Rua Get\u00falio Vargas, localizada no Centro, recebeu asfaltamento. O local estava em prec\u00e1ria situa\u00e7\u00e3o devido a m\u00e1 qualidade do solo e pelo tr\u00e1fego constante de ve\u00edculos de cargas. A pavimenta\u00e7\u00e3o teve o custo de cerca de R$ 242.750,00.<\/p>\n\n\n\n<p>Tamb\u00e9m foram realizadas obras de infraestrutura na rede de \u00e1gua e esgoto. A via recebeu cal\u00e7adas com blocos intertravados e piso t\u00e1til e espa\u00e7os para o plantio de \u00e1rvores e flores. Ser\u00e3o colocados bancos e lixeiras. O embelezamento est\u00e1 em fase final.<\/p>\n\n\n\n<p>A Rua Darci Galvagni tamb\u00e9m recebeu asfaltamento e embelezamento. J\u00e1 a Rua do Moinho passou por embelezamento. No momento, falta apenas o plantio de flores.<\/p>\n\n\n\n<figure class=\"wp-block-image size-full\"><img loading=\"lazy\" decoding=\"async\" width=\"960\" height=\"640\" src=\"https:\/\/folhapopular.info\/wp-content\/uploads\/2022\/05\/Divulgacao-AI-6.jpg\" alt=\"\" class=\"wp-image-103925\" srcset=\"https:\/\/folhapopular.info\/wp-content\/uploads\/2022\/05\/Divulgacao-AI-6.jpg 960w, https:\/\/folhapopular.info\/wp-content\/uploads\/2022\/05\/Divulgacao-AI-6-300x200.jpg 300w, https:\/\/folhapopular.info\/wp-content\/uploads\/2022\/05\/Divulgacao-AI-6-768x512.jpg 768w, https:\/\/folhapopular.info\/wp-content\/uploads\/2022\/05\/Divulgacao-AI-6-696x464.jpg 696w\" sizes=\"auto, (max-width: 960px) 100vw, 960px\" \/><\/figure>\n\n\n\n<h2 class=\"wp-block-heading\"><strong>Recapeamento da VRS-863<\/strong><\/h2>\n\n\n\n<p>Iniciaram em fevereiro as obras de recapeamento da VRS-863, que liga o Centro ao Bairro Daltro Filho. O asfalto constru\u00eddo h\u00e1 mais de 20 anos apresenta diversas infiltra\u00e7\u00f5es e buracos.<\/p>\n\n\n\n<p>Com recursos do Governo do Estado, a obra est\u00e1 or\u00e7ada em mais de R$ 2,5 milh\u00f5es. S\u00e3o cerca de quatro quil\u00f4metros de extens\u00e3o.<\/p>\n\n\n\n<p><strong>Passarela reformada e ponte pintada<\/strong><\/p>\n\n\n\n<p>A reforma da Pinguela de acesso ao Bairro Esperan\u00e7a agora oferece mais seguran\u00e7a. A rampa de acesso que era de madeira foi substitu\u00edda por concreto. Tamb\u00e9m foi feita uma cal\u00e7ada de concreto.<\/p>\n\n\n\n<p>Um dos mais recentes servi\u00e7os foi a pintura da ponte sobre o Arroio da Seca, em dire\u00e7\u00e3o ao Bairro Daltro Filho. A ponte recebeu as cores da bandeira do munic\u00edpio. A obra recebeu tamb\u00e9m microesferas refletivas para facilitar o tr\u00e1fego noturno.<\/p>\n\n\n\n<h2 class=\"wp-block-heading\"><strong>Novas salas de aula da EMEI Ciranda de Sonhos est\u00e3o quase prontas<\/strong><\/h2>\n\n\n\n<p>As tr\u00eas salas j\u00e1 possuem m\u00f3veis, pias e cadeiras. Ainda ser\u00e3o realizados pequenos ajustes como a coloca\u00e7\u00e3o de gramado sint\u00e9tico e arruma\u00e7\u00e3o do p\u00e1tio.<\/p>\n\n\n\n<p>Com a reforma, a amplia\u00e7\u00e3o ser\u00e1 de 162,54 metros quadrados. O valor do investimento municipal ser\u00e1 de R$ 233 mil.<\/p>\n\n\n\n<h2 class=\"wp-block-heading\"><strong>Aux\u00edlio-transporte gratuito<\/strong><\/h2>\n\n\n\n<p>Os estudantes de Imigrante que cursam educa\u00e7\u00e3o profissional, ensino m\u00e9dio ou ensino superior em outra cidade agora recebem 100% o valor do aux\u00edlio-transporte. Em 2021 era 33,33%.<\/p>\n\n\n\n<h2 class=\"wp-block-heading\"><strong>Reforma do Gin\u00e1sio<\/strong><\/h2>\n\n\n\n<p>O Gin\u00e1sio Municipal de Esportes passou por diversas obras desde 2019, quando iniciou a primeira etapa de reformas. Atualmente, est\u00e1 na terceira etapa. Nesta, acontecer\u00e1 a pintura interna e externa das alvenarias, reforma da quadra, troca das redes, manuten\u00e7\u00e3o do sistema de ilumina\u00e7\u00e3o e das pistas de bol\u00e3o.<\/p>\n\n\n\n<figure class=\"wp-block-image size-large is-resized\"><img loading=\"lazy\" decoding=\"async\" src=\"https:\/\/folhapopular.info\/wp-content\/uploads\/2022\/05\/Divulgacao-AI-3-1024x575.jpg\" alt=\"\" class=\"wp-image-103927\" width=\"741\" height=\"416\"\/><figcaption>Divulga\u00e7\u00e3o AI<\/figcaption><\/figure>\n\n\n\n<h2 class=\"wp-block-heading\"><strong>Obras do Convento S\u00e3o Boaventura<\/strong><\/h2>\n\n\n\n<p>Outra obra importante \u00e9 a do Convento S\u00e3o Boaventura. O projeto arquitet\u00f4nico trar\u00e1 as a\u00e7\u00f5es de manuten\u00e7\u00e3o e conserva\u00e7\u00e3o do convento e a constru\u00e7\u00e3o do aguardado Centro Cultural Boaventura. A Prefeitura de Imigrante \u00e9 parceira da a\u00e7\u00e3o.<br><br><\/p>\n\n\n\n<p><strong>Novo <\/strong><strong>Centro Administrativo<\/strong><\/p>\n\n\n\n<p>O munic\u00edpio adquiriu uma \u00e1rea de terras no Centro de Imigrante para a constru\u00e7\u00e3o do Centro Administrativo. A \u00e1rea est\u00e1 localizada na VRS-863, ap\u00f3s o Galp\u00e3o do Lumi, em dire\u00e7\u00e3o ao Bairro Daltro Filho.<br>Segundo o Prefeito Germano Stevens, a primeira obra a sair do papel ser\u00e1 a Creche Modelo. \u201cEstamos pensando Imigrante para os pr\u00f3ximos anos e, neste sentido, queremos desenvolver o trajeto entre o Centro e o Bairro Daltro Filho com a constru\u00e7\u00e3o do Centro Administrativo. Mas, primeiramente, vamos construir uma Creche Modelo, com ber\u00e7\u00e1rio\u201d, destacou.<\/p>\n\n\n\n<h2 class=\"wp-block-heading\"><strong>Mais recursos<\/strong><\/h2>\n\n\n\n<p>O Prefeito realizou, nas duas \u00faltimas semanas, reuni\u00f5es com os Secret\u00e1rios Estaduais de Obras, de Turismo e de Desenvolvimento Urbano para tratar sobre recursos estaduais para as mais diversas obras no munic\u00edpio de Imigrante.<\/p>\n\n\n\n<p>\u201cApesar de um 2021 dif\u00edcil, temos sim motivos para comemorar. Neste ano estamos desenvolvendo aos pouquinhos. \u00c9 um momento de retomadas, recome\u00e7os. Em 2023 teremos a Expofesta e muitas novidades\u201d, prev\u00ea Stevens.<\/p>\n","protected":false},"excerpt":{"rendered":"<p>Conforme alguns psic\u00f3logos, \u00e9 comum nos referirmos aos \u201830 e poucos anos\u2019 como o melhor per\u00edodo da vida. Ao atingirmos essa idade, estamos mais livres das inseguran\u00e7as e desfrutamos de maior liberdade. Imigrante faz jus ao senso comum. Nesta segunda-feira (9\/5), o munic\u00edpio comemora 34 anos j\u00e1 bem constitu\u00eddo: com crescimentos, hist\u00f3rias, evolu\u00e7\u00f5es e conquistas. [&hellip;]<\/p>\n","protected":false},"author":619,"featured_media":103917,"comment_status":"open","ping_status":"open","sticky":false,"template":"","format":"standard","meta":{"pmpro_default_level":"","_jetpack_memberships_contains_paid_content":false,"footnotes":""},"categories":[3],"tags":[5524,34,1471,2391,479,8893,82],"class_list":{"0":"post-103911","1":"post","2":"type-post","3":"status-publish","4":"format-standard","5":"has-post-thumbnail","7":"category-geral","8":"tag-aniversario-2","9":"tag-imigrante","10":"tag-investimentos","11":"tag-novidades","12":"tag-pavimentacao","13":"tag-r-1-milhao","14":"tag-turismo","15":"pmpro-has-access"},"yoast_head":"<!-- This site is optimized with the Yoast SEO plugin v27.5 - https:\/\/yoast.com\/product\/yoast-seo-wordpress\/ -->\n<title>Imigrante chega aos 34 anos projetando turismo e investindo em infraestrutura - Folha Popular<\/title>\n<meta name=\"robots\" content=\"index, follow, max-snippet:-1, max-image-preview:large, max-video-preview:-1\" \/>\n<link rel=\"canonical\" href=\"https:\/\/folhapopular.info\/index.php\/2022\/05\/07\/municipio-chega-aos-34-anos-projetando-o-turismo-e-investindo-em-infraestrutura\/\" \/>\n<meta property=\"og:locale\" content=\"pt_BR\" \/>\n<meta property=\"og:type\" content=\"article\" \/>\n<meta property=\"og:title\" content=\"Imigrante chega aos 34 anos projetando turismo e investindo em infraestrutura - Folha Popular\" \/>\n<meta property=\"og:description\" content=\"Conforme alguns psic\u00f3logos, \u00e9 comum nos referirmos aos \u201830 e poucos anos\u2019 como o melhor per\u00edodo da vida. Ao atingirmos essa idade, estamos mais livres das inseguran\u00e7as e desfrutamos de maior liberdade. Imigrante faz jus ao senso comum. Nesta segunda-feira (9\/5), o munic\u00edpio comemora 34 anos j\u00e1 bem constitu\u00eddo: com crescimentos, hist\u00f3rias, evolu\u00e7\u00f5es e conquistas. [&hellip;]\" \/>\n<meta property=\"og:url\" content=\"https:\/\/folhapopular.info\/index.php\/2022\/05\/07\/municipio-chega-aos-34-anos-projetando-o-turismo-e-investindo-em-infraestrutura\/\" \/>\n<meta property=\"og:site_name\" content=\"Folha Popular\" \/>\n<meta property=\"article:published_time\" content=\"2022-05-07T13:02:14+00:00\" \/>\n<meta property=\"article:modified_time\" content=\"2022-05-07T13:49:39+00:00\" \/>\n<meta property=\"og:image\" content=\"http:\/\/folhapopular.info\/wp-content\/uploads\/2022\/05\/Divulgacao-AI-_10_.png\" \/>\n\t<meta property=\"og:image:width\" content=\"413\" \/>\n\t<meta property=\"og:image:height\" content=\"652\" \/>\n\t<meta property=\"og:image:type\" content=\"image\/png\" \/>\n<meta name=\"author\" content=\"Paola Possenatto\" \/>\n<meta name=\"twitter:card\" content=\"summary_large_image\" \/>\n<meta name=\"twitter:label1\" content=\"Escrito por\" \/>\n\t<meta name=\"twitter:data1\" content=\"Paola Possenatto\" \/>\n\t<meta name=\"twitter:label2\" content=\"Est. tempo de leitura\" \/>\n\t<meta name=\"twitter:data2\" content=\"6 minutos\" \/>\n<script type=\"application\/ld+json\" class=\"yoast-schema-graph\">{\"@context\":\"https:\\\/\\\/schema.org\",\"@graph\":[{\"@type\":\"Article\",\"@id\":\"https:\\\/\\\/folhapopular.info\\\/index.php\\\/2022\\\/05\\\/07\\\/municipio-chega-aos-34-anos-projetando-o-turismo-e-investindo-em-infraestrutura\\\/#article\",\"isPartOf\":{\"@id\":\"https:\\\/\\\/folhapopular.info\\\/index.php\\\/2022\\\/05\\\/07\\\/municipio-chega-aos-34-anos-projetando-o-turismo-e-investindo-em-infraestrutura\\\/\"},\"author\":{\"name\":\"Paola Possenatto\",\"@id\":\"https:\\\/\\\/folhapopular.info\\\/#\\\/schema\\\/person\\\/f2ac82704a75570d89d5485d2cfcec59\"},\"headline\":\"Imigrante chega aos 34 anos projetando turismo e investindo em infraestrutura\",\"datePublished\":\"2022-05-07T13:02:14+00:00\",\"dateModified\":\"2022-05-07T13:49:39+00:00\",\"mainEntityOfPage\":{\"@id\":\"https:\\\/\\\/folhapopular.info\\\/index.php\\\/2022\\\/05\\\/07\\\/municipio-chega-aos-34-anos-projetando-o-turismo-e-investindo-em-infraestrutura\\\/\"},\"wordCount\":1029,\"commentCount\":0,\"image\":{\"@id\":\"https:\\\/\\\/folhapopular.info\\\/index.php\\\/2022\\\/05\\\/07\\\/municipio-chega-aos-34-anos-projetando-o-turismo-e-investindo-em-infraestrutura\\\/#primaryimage\"},\"thumbnailUrl\":\"https:\\\/\\\/folhapopular.info\\\/wp-content\\\/uploads\\\/2022\\\/05\\\/Divulgacao-AI-_10_.png\",\"keywords\":[\"Anivers\u00e1rio\",\"Imigrante\",\"Investimentos\",\"Novidades\",\"Pavimenta\u00e7\u00e3o\",\"R$ 1 milh\u00e3o\",\"Turismo\"],\"articleSection\":[\"Geral\"],\"inLanguage\":\"pt-BR\",\"potentialAction\":[{\"@type\":\"CommentAction\",\"name\":\"Comment\",\"target\":[\"https:\\\/\\\/folhapopular.info\\\/index.php\\\/2022\\\/05\\\/07\\\/municipio-chega-aos-34-anos-projetando-o-turismo-e-investindo-em-infraestrutura\\\/#respond\"]}]},{\"@type\":\"WebPage\",\"@id\":\"https:\\\/\\\/folhapopular.info\\\/index.php\\\/2022\\\/05\\\/07\\\/municipio-chega-aos-34-anos-projetando-o-turismo-e-investindo-em-infraestrutura\\\/\",\"url\":\"https:\\\/\\\/folhapopular.info\\\/index.php\\\/2022\\\/05\\\/07\\\/municipio-chega-aos-34-anos-projetando-o-turismo-e-investindo-em-infraestrutura\\\/\",\"name\":\"Imigrante chega aos 34 anos projetando turismo e investindo em infraestrutura - Folha Popular\",\"isPartOf\":{\"@id\":\"https:\\\/\\\/folhapopular.info\\\/#website\"},\"primaryImageOfPage\":{\"@id\":\"https:\\\/\\\/folhapopular.info\\\/index.php\\\/2022\\\/05\\\/07\\\/municipio-chega-aos-34-anos-projetando-o-turismo-e-investindo-em-infraestrutura\\\/#primaryimage\"},\"image\":{\"@id\":\"https:\\\/\\\/folhapopular.info\\\/index.php\\\/2022\\\/05\\\/07\\\/municipio-chega-aos-34-anos-projetando-o-turismo-e-investindo-em-infraestrutura\\\/#primaryimage\"},\"thumbnailUrl\":\"https:\\\/\\\/folhapopular.info\\\/wp-content\\\/uploads\\\/2022\\\/05\\\/Divulgacao-AI-_10_.png\",\"datePublished\":\"2022-05-07T13:02:14+00:00\",\"dateModified\":\"2022-05-07T13:49:39+00:00\",\"author\":{\"@id\":\"https:\\\/\\\/folhapopular.info\\\/#\\\/schema\\\/person\\\/f2ac82704a75570d89d5485d2cfcec59\"},\"breadcrumb\":{\"@id\":\"https:\\\/\\\/folhapopular.info\\\/index.php\\\/2022\\\/05\\\/07\\\/municipio-chega-aos-34-anos-projetando-o-turismo-e-investindo-em-infraestrutura\\\/#breadcrumb\"},\"inLanguage\":\"pt-BR\",\"potentialAction\":[{\"@type\":\"ReadAction\",\"target\":[\"https:\\\/\\\/folhapopular.info\\\/index.php\\\/2022\\\/05\\\/07\\\/municipio-chega-aos-34-anos-projetando-o-turismo-e-investindo-em-infraestrutura\\\/\"]}]},{\"@type\":\"ImageObject\",\"inLanguage\":\"pt-BR\",\"@id\":\"https:\\\/\\\/folhapopular.info\\\/index.php\\\/2022\\\/05\\\/07\\\/municipio-chega-aos-34-anos-projetando-o-turismo-e-investindo-em-infraestrutura\\\/#primaryimage\",\"url\":\"https:\\\/\\\/folhapopular.info\\\/wp-content\\\/uploads\\\/2022\\\/05\\\/Divulgacao-AI-_10_.png\",\"contentUrl\":\"https:\\\/\\\/folhapopular.info\\\/wp-content\\\/uploads\\\/2022\\\/05\\\/Divulgacao-AI-_10_.png\",\"width\":413,\"height\":652,\"caption\":\"Divulga\u00e7\u00e3o AI\"},{\"@type\":\"BreadcrumbList\",\"@id\":\"https:\\\/\\\/folhapopular.info\\\/index.php\\\/2022\\\/05\\\/07\\\/municipio-chega-aos-34-anos-projetando-o-turismo-e-investindo-em-infraestrutura\\\/#breadcrumb\",\"itemListElement\":[{\"@type\":\"ListItem\",\"position\":1,\"name\":\"In\u00edcio\",\"item\":\"https:\\\/\\\/folhapopular.info\\\/\"},{\"@type\":\"ListItem\",\"position\":2,\"name\":\"Imigrante chega aos 34 anos projetando turismo e investindo em infraestrutura\"}]},{\"@type\":\"WebSite\",\"@id\":\"https:\\\/\\\/folhapopular.info\\\/#website\",\"url\":\"https:\\\/\\\/folhapopular.info\\\/\",\"name\":\"Folha Popular\",\"description\":\"Onde voc\u00ea tem vez e voz\",\"potentialAction\":[{\"@type\":\"SearchAction\",\"target\":{\"@type\":\"EntryPoint\",\"urlTemplate\":\"https:\\\/\\\/folhapopular.info\\\/?s={search_term_string}\"},\"query-input\":{\"@type\":\"PropertyValueSpecification\",\"valueRequired\":true,\"valueName\":\"search_term_string\"}}],\"inLanguage\":\"pt-BR\"},{\"@type\":\"Person\",\"@id\":\"https:\\\/\\\/folhapopular.info\\\/#\\\/schema\\\/person\\\/f2ac82704a75570d89d5485d2cfcec59\",\"name\":\"Paola Possenatto\",\"image\":{\"@type\":\"ImageObject\",\"inLanguage\":\"pt-BR\",\"@id\":\"https:\\\/\\\/secure.gravatar.com\\\/avatar\\\/3f60b3eadf49ab9644afd71b75144f14b76c73fe8f99223954f5410dcd6a8a6f?s=96&d=mm&r=g\",\"url\":\"https:\\\/\\\/secure.gravatar.com\\\/avatar\\\/3f60b3eadf49ab9644afd71b75144f14b76c73fe8f99223954f5410dcd6a8a6f?s=96&d=mm&r=g\",\"contentUrl\":\"https:\\\/\\\/secure.gravatar.com\\\/avatar\\\/3f60b3eadf49ab9644afd71b75144f14b76c73fe8f99223954f5410dcd6a8a6f?s=96&d=mm&r=g\",\"caption\":\"Paola Possenatto\"},\"url\":\"https:\\\/\\\/folhapopular.info\\\/index.php\\\/author\\\/paola-possenattouniverso-univates-br\\\/\"}]}<\/script>\n<!-- \/ Yoast SEO plugin. -->","yoast_head_json":{"title":"Imigrante chega aos 34 anos projetando turismo e investindo em infraestrutura - Folha Popular","robots":{"index":"index","follow":"follow","max-snippet":"max-snippet:-1","max-image-preview":"max-image-preview:large","max-video-preview":"max-video-preview:-1"},"canonical":"https:\/\/folhapopular.info\/index.php\/2022\/05\/07\/municipio-chega-aos-34-anos-projetando-o-turismo-e-investindo-em-infraestrutura\/","og_locale":"pt_BR","og_type":"article","og_title":"Imigrante chega aos 34 anos projetando turismo e investindo em infraestrutura - Folha Popular","og_description":"Conforme alguns psic\u00f3logos, \u00e9 comum nos referirmos aos \u201830 e poucos anos\u2019 como o melhor per\u00edodo da vida. Ao atingirmos essa idade, estamos mais livres das inseguran\u00e7as e desfrutamos de maior liberdade. Imigrante faz jus ao senso comum. Nesta segunda-feira (9\/5), o munic\u00edpio comemora 34 anos j\u00e1 bem constitu\u00eddo: com crescimentos, hist\u00f3rias, evolu\u00e7\u00f5es e conquistas. [&hellip;]","og_url":"https:\/\/folhapopular.info\/index.php\/2022\/05\/07\/municipio-chega-aos-34-anos-projetando-o-turismo-e-investindo-em-infraestrutura\/","og_site_name":"Folha Popular","article_published_time":"2022-05-07T13:02:14+00:00","article_modified_time":"2022-05-07T13:49:39+00:00","og_image":[{"width":413,"height":652,"url":"http:\/\/folhapopular.info\/wp-content\/uploads\/2022\/05\/Divulgacao-AI-_10_.png","type":"image\/png"}],"author":"Paola Possenatto","twitter_card":"summary_large_image","twitter_misc":{"Escrito por":"Paola Possenatto","Est. tempo de leitura":"6 minutos"},"schema":{"@context":"https:\/\/schema.org","@graph":[{"@type":"Article","@id":"https:\/\/folhapopular.info\/index.php\/2022\/05\/07\/municipio-chega-aos-34-anos-projetando-o-turismo-e-investindo-em-infraestrutura\/#article","isPartOf":{"@id":"https:\/\/folhapopular.info\/index.php\/2022\/05\/07\/municipio-chega-aos-34-anos-projetando-o-turismo-e-investindo-em-infraestrutura\/"},"author":{"name":"Paola Possenatto","@id":"https:\/\/folhapopular.info\/#\/schema\/person\/f2ac82704a75570d89d5485d2cfcec59"},"headline":"Imigrante chega aos 34 anos projetando turismo e investindo em infraestrutura","datePublished":"2022-05-07T13:02:14+00:00","dateModified":"2022-05-07T13:49:39+00:00","mainEntityOfPage":{"@id":"https:\/\/folhapopular.info\/index.php\/2022\/05\/07\/municipio-chega-aos-34-anos-projetando-o-turismo-e-investindo-em-infraestrutura\/"},"wordCount":1029,"commentCount":0,"image":{"@id":"https:\/\/folhapopular.info\/index.php\/2022\/05\/07\/municipio-chega-aos-34-anos-projetando-o-turismo-e-investindo-em-infraestrutura\/#primaryimage"},"thumbnailUrl":"https:\/\/folhapopular.info\/wp-content\/uploads\/2022\/05\/Divulgacao-AI-_10_.png","keywords":["Anivers\u00e1rio","Imigrante","Investimentos","Novidades","Pavimenta\u00e7\u00e3o","R$ 1 milh\u00e3o","Turismo"],"articleSection":["Geral"],"inLanguage":"pt-BR","potentialAction":[{"@type":"CommentAction","name":"Comment","target":["https:\/\/folhapopular.info\/index.php\/2022\/05\/07\/municipio-chega-aos-34-anos-projetando-o-turismo-e-investindo-em-infraestrutura\/#respond"]}]},{"@type":"WebPage","@id":"https:\/\/folhapopular.info\/index.php\/2022\/05\/07\/municipio-chega-aos-34-anos-projetando-o-turismo-e-investindo-em-infraestrutura\/","url":"https:\/\/folhapopular.info\/index.php\/2022\/05\/07\/municipio-chega-aos-34-anos-projetando-o-turismo-e-investindo-em-infraestrutura\/","name":"Imigrante chega aos 34 anos projetando turismo e investindo em infraestrutura - Folha Popular","isPartOf":{"@id":"https:\/\/folhapopular.info\/#website"},"primaryImageOfPage":{"@id":"https:\/\/folhapopular.info\/index.php\/2022\/05\/07\/municipio-chega-aos-34-anos-projetando-o-turismo-e-investindo-em-infraestrutura\/#primaryimage"},"image":{"@id":"https:\/\/folhapopular.info\/index.php\/2022\/05\/07\/municipio-chega-aos-34-anos-projetando-o-turismo-e-investindo-em-infraestrutura\/#primaryimage"},"thumbnailUrl":"https:\/\/folhapopular.info\/wp-content\/uploads\/2022\/05\/Divulgacao-AI-_10_.png","datePublished":"2022-05-07T13:02:14+00:00","dateModified":"2022-05-07T13:49:39+00:00","author":{"@id":"https:\/\/folhapopular.info\/#\/schema\/person\/f2ac82704a75570d89d5485d2cfcec59"},"breadcrumb":{"@id":"https:\/\/folhapopular.info\/index.php\/2022\/05\/07\/municipio-chega-aos-34-anos-projetando-o-turismo-e-investindo-em-infraestrutura\/#breadcrumb"},"inLanguage":"pt-BR","potentialAction":[{"@type":"ReadAction","target":["https:\/\/folhapopular.info\/index.php\/2022\/05\/07\/municipio-chega-aos-34-anos-projetando-o-turismo-e-investindo-em-infraestrutura\/"]}]},{"@type":"ImageObject","inLanguage":"pt-BR","@id":"https:\/\/folhapopular.info\/index.php\/2022\/05\/07\/municipio-chega-aos-34-anos-projetando-o-turismo-e-investindo-em-infraestrutura\/#primaryimage","url":"https:\/\/folhapopular.info\/wp-content\/uploads\/2022\/05\/Divulgacao-AI-_10_.png","contentUrl":"https:\/\/folhapopular.info\/wp-content\/uploads\/2022\/05\/Divulgacao-AI-_10_.png","width":413,"height":652,"caption":"Divulga\u00e7\u00e3o AI"},{"@type":"BreadcrumbList","@id":"https:\/\/folhapopular.info\/index.php\/2022\/05\/07\/municipio-chega-aos-34-anos-projetando-o-turismo-e-investindo-em-infraestrutura\/#breadcrumb","itemListElement":[{"@type":"ListItem","position":1,"name":"In\u00edcio","item":"https:\/\/folhapopular.info\/"},{"@type":"ListItem","position":2,"name":"Imigrante chega aos 34 anos projetando turismo e investindo em infraestrutura"}]},{"@type":"WebSite","@id":"https:\/\/folhapopular.info\/#website","url":"https:\/\/folhapopular.info\/","name":"Folha Popular","description":"Onde voc\u00ea tem vez e voz","potentialAction":[{"@type":"SearchAction","target":{"@type":"EntryPoint","urlTemplate":"https:\/\/folhapopular.info\/?s={search_term_string}"},"query-input":{"@type":"PropertyValueSpecification","valueRequired":true,"valueName":"search_term_string"}}],"inLanguage":"pt-BR"},{"@type":"Person","@id":"https:\/\/folhapopular.info\/#\/schema\/person\/f2ac82704a75570d89d5485d2cfcec59","name":"Paola Possenatto","image":{"@type":"ImageObject","inLanguage":"pt-BR","@id":"https:\/\/secure.gravatar.com\/avatar\/3f60b3eadf49ab9644afd71b75144f14b76c73fe8f99223954f5410dcd6a8a6f?s=96&d=mm&r=g","url":"https:\/\/secure.gravatar.com\/avatar\/3f60b3eadf49ab9644afd71b75144f14b76c73fe8f99223954f5410dcd6a8a6f?s=96&d=mm&r=g","contentUrl":"https:\/\/secure.gravatar.com\/avatar\/3f60b3eadf49ab9644afd71b75144f14b76c73fe8f99223954f5410dcd6a8a6f?s=96&d=mm&r=g","caption":"Paola Possenatto"},"url":"https:\/\/folhapopular.info\/index.php\/author\/paola-possenattouniverso-univates-br\/"}]}},"jetpack_featured_media_url":"https:\/\/folhapopular.info\/wp-content\/uploads\/2022\/05\/Divulgacao-AI-_10_.png","jetpack_sharing_enabled":true,"amp_enabled":true,"_links":{"self":[{"href":"https:\/\/folhapopular.info\/index.php\/wp-json\/wp\/v2\/posts\/103911","targetHints":{"allow":["GET"]}}],"collection":[{"href":"https:\/\/folhapopular.info\/index.php\/wp-json\/wp\/v2\/posts"}],"about":[{"href":"https:\/\/folhapopular.info\/index.php\/wp-json\/wp\/v2\/types\/post"}],"author":[{"embeddable":true,"href":"https:\/\/folhapopular.info\/index.php\/wp-json\/wp\/v2\/users\/619"}],"replies":[{"embeddable":true,"href":"https:\/\/folhapopular.info\/index.php\/wp-json\/wp\/v2\/comments?post=103911"}],"version-history":[{"count":0,"href":"https:\/\/folhapopular.info\/index.php\/wp-json\/wp\/v2\/posts\/103911\/revisions"}],"wp:featuredmedia":[{"embeddable":true,"href":"https:\/\/folhapopular.info\/index.php\/wp-json\/wp\/v2\/media\/103917"}],"wp:attachment":[{"href":"https:\/\/folhapopular.info\/index.php\/wp-json\/wp\/v2\/media?parent=103911"}],"wp:term":[{"taxonomy":"category","embeddable":true,"href":"https:\/\/folhapopular.info\/index.php\/wp-json\/wp\/v2\/categories?post=103911"},{"taxonomy":"post_tag","embeddable":true,"href":"https:\/\/folhapopular.info\/index.php\/wp-json\/wp\/v2\/tags?post=103911"}],"curies":[{"name":"wp","href":"https:\/\/api.w.org\/{rel}","templated":true}]}}