{"id":104225,"date":"2022-05-12T15:49:13","date_gmt":"2022-05-12T18:49:13","guid":{"rendered":"https:\/\/folhapopular.info\/?p=104225"},"modified":"2022-05-12T15:49:17","modified_gmt":"2022-05-12T18:49:17","slug":"conselhos-tutelares-da-regiao-participam-de-reuniao-na-prefeitura-de-lajeado","status":"publish","type":"post","link":"https:\/\/folhapopular.info\/index.php\/2022\/05\/12\/conselhos-tutelares-da-regiao-participam-de-reuniao-na-prefeitura-de-lajeado\/","title":{"rendered":"<strong>Conselhos Tutelares da regi\u00e3o participam de reuni\u00e3o na Prefeitura de Lajeado<\/strong>"},"content":{"rendered":"\n<p>O 4\u00ba Encontro Troca de Experi\u00eancias entre Conselhos Tutelares ocorreu no Sal\u00e3o de Eventos da Prefeitura de Lajeado, na manh\u00e3 desta quinta-feira (12\/5). Conselheiros da comarca de Lajeado e cidades convidadas participaram do evento, que contou com a presen\u00e7a do promotor de Justi\u00e7a, S\u00e9rgio Diefenbach, e da delegada Especializada de Atendimento \u00e0 Mulher (DEAM), M\u00e1rcia Bernini.<\/p>\n\n\n\n<p>A comarca de Lajeado abrange as cidades de Lajeado, Marques de Souza, Forquetinha, S\u00e9rio, Cruzeiro do Sul, Santa Clara do Sul, Canudos dos Vale e Progresso. Estiveram presentes tamb\u00e9m conselheiros tutelares de Teut\u00f4nia, Arroio do Meio e\u00a0Estrela.<\/p>\n\n\n\n<p>Durante o m\u00eas de maio, o Conselho Tutelar trabalha, nas escolas do munic\u00edpio, a conscientiza\u00e7\u00e3o sobre abuso sexual de crian\u00e7as e adolescentes. Por isso, o tema tamb\u00e9m foi abordado na reuni\u00e3o.<\/p>\n\n\n\n<p>A coordenadora do Conselho Tutelar de Lajeado, Rejane Teresinha Junqueira, comenta sobre o desejo de repassar conhecimentos e construir uma forma de trabalhar em conjunto entre os Conselhos. &#8220;Esse encontro \u00e9 importante para que os conselheiros compreendam como atuamos em Lajeado na abordagem de fam\u00edlias e, ao mesmo tempo, compartilhem as suas experi\u00eancias&#8221;, explica a coordenadora.<\/p>\n\n\n\n<p>Para ela, o momento \u00e9 de integra\u00e7\u00e3o e troca de experi\u00eancias para que os Conselhos trabalhem com um padr\u00e3o no atendimento.<\/p>\n\n\n\n<p>A delegada Especializada de Atendimento \u00e0 Mulher (DEAM), M\u00e1rcia Bernini, respons\u00e1vel tamb\u00e9m pelos casos de abuso sexual de crian\u00e7as e adolescentes, palestrou para o grupo. Em sua fala, ela refor\u00e7ou orienta\u00e7\u00f5es de abordagem e relatou experi\u00eancias j\u00e1 atendidas no munic\u00edpio de Lajeado.<\/p>\n\n\n\n<p>Bernini acredita que o encontro \u00e9 de extrema import\u00e2ncia para repassar informa\u00e7\u00f5es sobre os m\u00e9todos de trabalho da delegacia aliada ao Conselho Tutelar e para conhecer as formas de abordagem das demais cidades. &#8220;\u00c9 uma troca muito enriquecedora para o dia a dia do nosso trabalho&#8221;, analisa.<\/p>\n\n\n\n<p>O promotor de Justi\u00e7a, S\u00e9rgio Diefenbach, orientou os conselheiros sobre os m\u00e9todos de abordagem, mapeamento de fam\u00edlias para identifica\u00e7\u00e3o de abusadores e tamb\u00e9m ressaltou a import\u00e2ncia dos agentes na comunidade.<\/p>\n","protected":false},"excerpt":{"rendered":"<p>O 4\u00ba Encontro Troca de Experi\u00eancias entre Conselhos Tutelares ocorreu no Sal\u00e3o de Eventos da Prefeitura de Lajeado, na manh\u00e3 desta quinta-feira (12\/5). Conselheiros da comarca de Lajeado e cidades convidadas participaram do evento, que contou com a presen\u00e7a do promotor de Justi\u00e7a, S\u00e9rgio Diefenbach, e da delegada Especializada de Atendimento \u00e0 Mulher (DEAM), M\u00e1rcia [&hellip;]<\/p>\n","protected":false},"author":8,"featured_media":104226,"comment_status":"open","ping_status":"open","sticky":false,"template":"","format":"standard","meta":{"pmpro_default_level":"","_jetpack_memberships_contains_paid_content":false,"footnotes":""},"categories":[2,3],"tags":[932,369,5083,315],"class_list":{"0":"post-104225","1":"post","2":"type-post","3":"status-publish","4":"format-standard","5":"has-post-thumbnail","7":"category-featured","8":"category-geral","9":"tag-conselho-tutelar","10":"tag-encontro","11":"tag-prefeitura-de-lajeado","12":"tag-regiao","13":"pmpro-has-access"},"yoast_head":"<!-- This site is optimized with the Yoast SEO plugin v27.5 - https:\/\/yoast.com\/product\/yoast-seo-wordpress\/ -->\n<title>Conselhos Tutelares da regi\u00e3o participam de reuni\u00e3o na Prefeitura de Lajeado - Folha Popular<\/title>\n<meta name=\"robots\" content=\"index, follow, max-snippet:-1, max-image-preview:large, max-video-preview:-1\" \/>\n<link rel=\"canonical\" href=\"https:\/\/folhapopular.info\/index.php\/2022\/05\/12\/conselhos-tutelares-da-regiao-participam-de-reuniao-na-prefeitura-de-lajeado\/\" \/>\n<meta property=\"og:locale\" content=\"pt_BR\" \/>\n<meta property=\"og:type\" content=\"article\" \/>\n<meta property=\"og:title\" content=\"Conselhos Tutelares da regi\u00e3o participam de reuni\u00e3o na Prefeitura de Lajeado - Folha Popular\" \/>\n<meta property=\"og:description\" content=\"O 4\u00ba Encontro Troca de Experi\u00eancias entre Conselhos Tutelares ocorreu no Sal\u00e3o de Eventos da Prefeitura de Lajeado, na manh\u00e3 desta quinta-feira (12\/5). Conselheiros da comarca de Lajeado e cidades convidadas participaram do evento, que contou com a presen\u00e7a do promotor de Justi\u00e7a, S\u00e9rgio Diefenbach, e da delegada Especializada de Atendimento \u00e0 Mulher (DEAM), M\u00e1rcia [&hellip;]\" \/>\n<meta property=\"og:url\" content=\"https:\/\/folhapopular.info\/index.php\/2022\/05\/12\/conselhos-tutelares-da-regiao-participam-de-reuniao-na-prefeitura-de-lajeado\/\" \/>\n<meta property=\"og:site_name\" content=\"Folha Popular\" \/>\n<meta property=\"article:published_time\" content=\"2022-05-12T18:49:13+00:00\" \/>\n<meta property=\"article:modified_time\" content=\"2022-05-12T18:49:17+00:00\" \/>\n<meta property=\"og:image\" content=\"http:\/\/folhapopular.info\/wp-content\/uploads\/2022\/05\/Reuniao-com-conselheiros-tutelares-scaled-e1652379514222.jpg\" \/>\n\t<meta property=\"og:image:width\" content=\"800\" \/>\n\t<meta property=\"og:image:height\" content=\"533\" \/>\n\t<meta property=\"og:image:type\" content=\"image\/jpeg\" \/>\n<meta name=\"author\" content=\"Reda\u00e7\u00e3o Folha Popular\" \/>\n<meta name=\"twitter:card\" content=\"summary_large_image\" \/>\n<meta name=\"twitter:label1\" content=\"Escrito por\" \/>\n\t<meta name=\"twitter:data1\" content=\"Reda\u00e7\u00e3o Folha Popular\" \/>\n\t<meta name=\"twitter:label2\" content=\"Est. tempo de leitura\" \/>\n\t<meta name=\"twitter:data2\" content=\"2 minutos\" \/>\n<script type=\"application\/ld+json\" class=\"yoast-schema-graph\">{\"@context\":\"https:\\\/\\\/schema.org\",\"@graph\":[{\"@type\":\"Article\",\"@id\":\"https:\\\/\\\/folhapopular.info\\\/index.php\\\/2022\\\/05\\\/12\\\/conselhos-tutelares-da-regiao-participam-de-reuniao-na-prefeitura-de-lajeado\\\/#article\",\"isPartOf\":{\"@id\":\"https:\\\/\\\/folhapopular.info\\\/index.php\\\/2022\\\/05\\\/12\\\/conselhos-tutelares-da-regiao-participam-de-reuniao-na-prefeitura-de-lajeado\\\/\"},\"author\":{\"name\":\"Reda\u00e7\u00e3o Folha Popular\",\"@id\":\"https:\\\/\\\/folhapopular.info\\\/#\\\/schema\\\/person\\\/2814e8a0df7643585a9ca38bc6eb9d4b\"},\"headline\":\"Conselhos Tutelares da regi\u00e3o participam de reuni\u00e3o na Prefeitura de Lajeado\",\"datePublished\":\"2022-05-12T18:49:13+00:00\",\"dateModified\":\"2022-05-12T18:49:17+00:00\",\"mainEntityOfPage\":{\"@id\":\"https:\\\/\\\/folhapopular.info\\\/index.php\\\/2022\\\/05\\\/12\\\/conselhos-tutelares-da-regiao-participam-de-reuniao-na-prefeitura-de-lajeado\\\/\"},\"wordCount\":364,\"commentCount\":0,\"image\":{\"@id\":\"https:\\\/\\\/folhapopular.info\\\/index.php\\\/2022\\\/05\\\/12\\\/conselhos-tutelares-da-regiao-participam-de-reuniao-na-prefeitura-de-lajeado\\\/#primaryimage\"},\"thumbnailUrl\":\"https:\\\/\\\/folhapopular.info\\\/wp-content\\\/uploads\\\/2022\\\/05\\\/Reuniao-com-conselheiros-tutelares-scaled-e1652379514222.jpg\",\"keywords\":[\"Conselho Tutelar\",\"Encontro\",\"Prefeitura de Lajeado\",\"Regi\u00e3o\"],\"articleSection\":[\"Destaques\",\"Geral\"],\"inLanguage\":\"pt-BR\",\"potentialAction\":[{\"@type\":\"CommentAction\",\"name\":\"Comment\",\"target\":[\"https:\\\/\\\/folhapopular.info\\\/index.php\\\/2022\\\/05\\\/12\\\/conselhos-tutelares-da-regiao-participam-de-reuniao-na-prefeitura-de-lajeado\\\/#respond\"]}]},{\"@type\":\"WebPage\",\"@id\":\"https:\\\/\\\/folhapopular.info\\\/index.php\\\/2022\\\/05\\\/12\\\/conselhos-tutelares-da-regiao-participam-de-reuniao-na-prefeitura-de-lajeado\\\/\",\"url\":\"https:\\\/\\\/folhapopular.info\\\/index.php\\\/2022\\\/05\\\/12\\\/conselhos-tutelares-da-regiao-participam-de-reuniao-na-prefeitura-de-lajeado\\\/\",\"name\":\"Conselhos Tutelares da regi\u00e3o participam de reuni\u00e3o na Prefeitura de Lajeado - Folha Popular\",\"isPartOf\":{\"@id\":\"https:\\\/\\\/folhapopular.info\\\/#website\"},\"primaryImageOfPage\":{\"@id\":\"https:\\\/\\\/folhapopular.info\\\/index.php\\\/2022\\\/05\\\/12\\\/conselhos-tutelares-da-regiao-participam-de-reuniao-na-prefeitura-de-lajeado\\\/#primaryimage\"},\"image\":{\"@id\":\"https:\\\/\\\/folhapopular.info\\\/index.php\\\/2022\\\/05\\\/12\\\/conselhos-tutelares-da-regiao-participam-de-reuniao-na-prefeitura-de-lajeado\\\/#primaryimage\"},\"thumbnailUrl\":\"https:\\\/\\\/folhapopular.info\\\/wp-content\\\/uploads\\\/2022\\\/05\\\/Reuniao-com-conselheiros-tutelares-scaled-e1652379514222.jpg\",\"datePublished\":\"2022-05-12T18:49:13+00:00\",\"dateModified\":\"2022-05-12T18:49:17+00:00\",\"author\":{\"@id\":\"https:\\\/\\\/folhapopular.info\\\/#\\\/schema\\\/person\\\/2814e8a0df7643585a9ca38bc6eb9d4b\"},\"breadcrumb\":{\"@id\":\"https:\\\/\\\/folhapopular.info\\\/index.php\\\/2022\\\/05\\\/12\\\/conselhos-tutelares-da-regiao-participam-de-reuniao-na-prefeitura-de-lajeado\\\/#breadcrumb\"},\"inLanguage\":\"pt-BR\",\"potentialAction\":[{\"@type\":\"ReadAction\",\"target\":[\"https:\\\/\\\/folhapopular.info\\\/index.php\\\/2022\\\/05\\\/12\\\/conselhos-tutelares-da-regiao-participam-de-reuniao-na-prefeitura-de-lajeado\\\/\"]}]},{\"@type\":\"ImageObject\",\"inLanguage\":\"pt-BR\",\"@id\":\"https:\\\/\\\/folhapopular.info\\\/index.php\\\/2022\\\/05\\\/12\\\/conselhos-tutelares-da-regiao-participam-de-reuniao-na-prefeitura-de-lajeado\\\/#primaryimage\",\"url\":\"https:\\\/\\\/folhapopular.info\\\/wp-content\\\/uploads\\\/2022\\\/05\\\/Reuniao-com-conselheiros-tutelares-scaled-e1652379514222.jpg\",\"contentUrl\":\"https:\\\/\\\/folhapopular.info\\\/wp-content\\\/uploads\\\/2022\\\/05\\\/Reuniao-com-conselheiros-tutelares-scaled-e1652379514222.jpg\",\"width\":800,\"height\":533,\"caption\":\"Reuni\u00e3o com conselheiros tutelares \\\/ Cr\u00e9dito: Divulga\u00e7\u00e3o\"},{\"@type\":\"BreadcrumbList\",\"@id\":\"https:\\\/\\\/folhapopular.info\\\/index.php\\\/2022\\\/05\\\/12\\\/conselhos-tutelares-da-regiao-participam-de-reuniao-na-prefeitura-de-lajeado\\\/#breadcrumb\",\"itemListElement\":[{\"@type\":\"ListItem\",\"position\":1,\"name\":\"In\u00edcio\",\"item\":\"https:\\\/\\\/folhapopular.info\\\/\"},{\"@type\":\"ListItem\",\"position\":2,\"name\":\"Conselhos Tutelares da regi\u00e3o participam de reuni\u00e3o na Prefeitura de Lajeado\"}]},{\"@type\":\"WebSite\",\"@id\":\"https:\\\/\\\/folhapopular.info\\\/#website\",\"url\":\"https:\\\/\\\/folhapopular.info\\\/\",\"name\":\"Folha Popular\",\"description\":\"Onde voc\u00ea tem vez e voz\",\"potentialAction\":[{\"@type\":\"SearchAction\",\"target\":{\"@type\":\"EntryPoint\",\"urlTemplate\":\"https:\\\/\\\/folhapopular.info\\\/?s={search_term_string}\"},\"query-input\":{\"@type\":\"PropertyValueSpecification\",\"valueRequired\":true,\"valueName\":\"search_term_string\"}}],\"inLanguage\":\"pt-BR\"},{\"@type\":\"Person\",\"@id\":\"https:\\\/\\\/folhapopular.info\\\/#\\\/schema\\\/person\\\/2814e8a0df7643585a9ca38bc6eb9d4b\",\"name\":\"Reda\u00e7\u00e3o Folha Popular\",\"image\":{\"@type\":\"ImageObject\",\"inLanguage\":\"pt-BR\",\"@id\":\"https:\\\/\\\/folhapopular.info\\\/wp-content\\\/uploads\\\/2026\\\/04\\\/Folha-1.webp\",\"url\":\"https:\\\/\\\/folhapopular.info\\\/wp-content\\\/uploads\\\/2026\\\/04\\\/Folha-1.webp\",\"contentUrl\":\"https:\\\/\\\/folhapopular.info\\\/wp-content\\\/uploads\\\/2026\\\/04\\\/Folha-1.webp\",\"caption\":\"Reda\u00e7\u00e3o Folha Popular\"},\"url\":\"https:\\\/\\\/folhapopular.info\\\/index.php\\\/author\\\/redacao\\\/\"}]}<\/script>\n<!-- \/ Yoast SEO plugin. -->","yoast_head_json":{"title":"Conselhos Tutelares da regi\u00e3o participam de reuni\u00e3o na Prefeitura de Lajeado - Folha Popular","robots":{"index":"index","follow":"follow","max-snippet":"max-snippet:-1","max-image-preview":"max-image-preview:large","max-video-preview":"max-video-preview:-1"},"canonical":"https:\/\/folhapopular.info\/index.php\/2022\/05\/12\/conselhos-tutelares-da-regiao-participam-de-reuniao-na-prefeitura-de-lajeado\/","og_locale":"pt_BR","og_type":"article","og_title":"Conselhos Tutelares da regi\u00e3o participam de reuni\u00e3o na Prefeitura de Lajeado - Folha Popular","og_description":"O 4\u00ba Encontro Troca de Experi\u00eancias entre Conselhos Tutelares ocorreu no Sal\u00e3o de Eventos da Prefeitura de Lajeado, na manh\u00e3 desta quinta-feira (12\/5). Conselheiros da comarca de Lajeado e cidades convidadas participaram do evento, que contou com a presen\u00e7a do promotor de Justi\u00e7a, S\u00e9rgio Diefenbach, e da delegada Especializada de Atendimento \u00e0 Mulher (DEAM), M\u00e1rcia [&hellip;]","og_url":"https:\/\/folhapopular.info\/index.php\/2022\/05\/12\/conselhos-tutelares-da-regiao-participam-de-reuniao-na-prefeitura-de-lajeado\/","og_site_name":"Folha Popular","article_published_time":"2022-05-12T18:49:13+00:00","article_modified_time":"2022-05-12T18:49:17+00:00","og_image":[{"width":800,"height":533,"url":"http:\/\/folhapopular.info\/wp-content\/uploads\/2022\/05\/Reuniao-com-conselheiros-tutelares-scaled-e1652379514222.jpg","type":"image\/jpeg"}],"author":"Reda\u00e7\u00e3o Folha Popular","twitter_card":"summary_large_image","twitter_misc":{"Escrito por":"Reda\u00e7\u00e3o Folha Popular","Est. tempo de leitura":"2 minutos"},"schema":{"@context":"https:\/\/schema.org","@graph":[{"@type":"Article","@id":"https:\/\/folhapopular.info\/index.php\/2022\/05\/12\/conselhos-tutelares-da-regiao-participam-de-reuniao-na-prefeitura-de-lajeado\/#article","isPartOf":{"@id":"https:\/\/folhapopular.info\/index.php\/2022\/05\/12\/conselhos-tutelares-da-regiao-participam-de-reuniao-na-prefeitura-de-lajeado\/"},"author":{"name":"Reda\u00e7\u00e3o Folha Popular","@id":"https:\/\/folhapopular.info\/#\/schema\/person\/2814e8a0df7643585a9ca38bc6eb9d4b"},"headline":"Conselhos Tutelares da regi\u00e3o participam de reuni\u00e3o na Prefeitura de Lajeado","datePublished":"2022-05-12T18:49:13+00:00","dateModified":"2022-05-12T18:49:17+00:00","mainEntityOfPage":{"@id":"https:\/\/folhapopular.info\/index.php\/2022\/05\/12\/conselhos-tutelares-da-regiao-participam-de-reuniao-na-prefeitura-de-lajeado\/"},"wordCount":364,"commentCount":0,"image":{"@id":"https:\/\/folhapopular.info\/index.php\/2022\/05\/12\/conselhos-tutelares-da-regiao-participam-de-reuniao-na-prefeitura-de-lajeado\/#primaryimage"},"thumbnailUrl":"https:\/\/folhapopular.info\/wp-content\/uploads\/2022\/05\/Reuniao-com-conselheiros-tutelares-scaled-e1652379514222.jpg","keywords":["Conselho Tutelar","Encontro","Prefeitura de Lajeado","Regi\u00e3o"],"articleSection":["Destaques","Geral"],"inLanguage":"pt-BR","potentialAction":[{"@type":"CommentAction","name":"Comment","target":["https:\/\/folhapopular.info\/index.php\/2022\/05\/12\/conselhos-tutelares-da-regiao-participam-de-reuniao-na-prefeitura-de-lajeado\/#respond"]}]},{"@type":"WebPage","@id":"https:\/\/folhapopular.info\/index.php\/2022\/05\/12\/conselhos-tutelares-da-regiao-participam-de-reuniao-na-prefeitura-de-lajeado\/","url":"https:\/\/folhapopular.info\/index.php\/2022\/05\/12\/conselhos-tutelares-da-regiao-participam-de-reuniao-na-prefeitura-de-lajeado\/","name":"Conselhos Tutelares da regi\u00e3o participam de reuni\u00e3o na Prefeitura de Lajeado - Folha Popular","isPartOf":{"@id":"https:\/\/folhapopular.info\/#website"},"primaryImageOfPage":{"@id":"https:\/\/folhapopular.info\/index.php\/2022\/05\/12\/conselhos-tutelares-da-regiao-participam-de-reuniao-na-prefeitura-de-lajeado\/#primaryimage"},"image":{"@id":"https:\/\/folhapopular.info\/index.php\/2022\/05\/12\/conselhos-tutelares-da-regiao-participam-de-reuniao-na-prefeitura-de-lajeado\/#primaryimage"},"thumbnailUrl":"https:\/\/folhapopular.info\/wp-content\/uploads\/2022\/05\/Reuniao-com-conselheiros-tutelares-scaled-e1652379514222.jpg","datePublished":"2022-05-12T18:49:13+00:00","dateModified":"2022-05-12T18:49:17+00:00","author":{"@id":"https:\/\/folhapopular.info\/#\/schema\/person\/2814e8a0df7643585a9ca38bc6eb9d4b"},"breadcrumb":{"@id":"https:\/\/folhapopular.info\/index.php\/2022\/05\/12\/conselhos-tutelares-da-regiao-participam-de-reuniao-na-prefeitura-de-lajeado\/#breadcrumb"},"inLanguage":"pt-BR","potentialAction":[{"@type":"ReadAction","target":["https:\/\/folhapopular.info\/index.php\/2022\/05\/12\/conselhos-tutelares-da-regiao-participam-de-reuniao-na-prefeitura-de-lajeado\/"]}]},{"@type":"ImageObject","inLanguage":"pt-BR","@id":"https:\/\/folhapopular.info\/index.php\/2022\/05\/12\/conselhos-tutelares-da-regiao-participam-de-reuniao-na-prefeitura-de-lajeado\/#primaryimage","url":"https:\/\/folhapopular.info\/wp-content\/uploads\/2022\/05\/Reuniao-com-conselheiros-tutelares-scaled-e1652379514222.jpg","contentUrl":"https:\/\/folhapopular.info\/wp-content\/uploads\/2022\/05\/Reuniao-com-conselheiros-tutelares-scaled-e1652379514222.jpg","width":800,"height":533,"caption":"Reuni\u00e3o com conselheiros tutelares \/ Cr\u00e9dito: Divulga\u00e7\u00e3o"},{"@type":"BreadcrumbList","@id":"https:\/\/folhapopular.info\/index.php\/2022\/05\/12\/conselhos-tutelares-da-regiao-participam-de-reuniao-na-prefeitura-de-lajeado\/#breadcrumb","itemListElement":[{"@type":"ListItem","position":1,"name":"In\u00edcio","item":"https:\/\/folhapopular.info\/"},{"@type":"ListItem","position":2,"name":"Conselhos Tutelares da regi\u00e3o participam de reuni\u00e3o na Prefeitura de Lajeado"}]},{"@type":"WebSite","@id":"https:\/\/folhapopular.info\/#website","url":"https:\/\/folhapopular.info\/","name":"Folha Popular","description":"Onde voc\u00ea tem vez e voz","potentialAction":[{"@type":"SearchAction","target":{"@type":"EntryPoint","urlTemplate":"https:\/\/folhapopular.info\/?s={search_term_string}"},"query-input":{"@type":"PropertyValueSpecification","valueRequired":true,"valueName":"search_term_string"}}],"inLanguage":"pt-BR"},{"@type":"Person","@id":"https:\/\/folhapopular.info\/#\/schema\/person\/2814e8a0df7643585a9ca38bc6eb9d4b","name":"Reda\u00e7\u00e3o Folha Popular","image":{"@type":"ImageObject","inLanguage":"pt-BR","@id":"https:\/\/folhapopular.info\/wp-content\/uploads\/2026\/04\/Folha-1.webp","url":"https:\/\/folhapopular.info\/wp-content\/uploads\/2026\/04\/Folha-1.webp","contentUrl":"https:\/\/folhapopular.info\/wp-content\/uploads\/2026\/04\/Folha-1.webp","caption":"Reda\u00e7\u00e3o Folha Popular"},"url":"https:\/\/folhapopular.info\/index.php\/author\/redacao\/"}]}},"jetpack_featured_media_url":"https:\/\/folhapopular.info\/wp-content\/uploads\/2022\/05\/Reuniao-com-conselheiros-tutelares-scaled-e1652379514222.jpg","jetpack_sharing_enabled":true,"amp_enabled":true,"_links":{"self":[{"href":"https:\/\/folhapopular.info\/index.php\/wp-json\/wp\/v2\/posts\/104225","targetHints":{"allow":["GET"]}}],"collection":[{"href":"https:\/\/folhapopular.info\/index.php\/wp-json\/wp\/v2\/posts"}],"about":[{"href":"https:\/\/folhapopular.info\/index.php\/wp-json\/wp\/v2\/types\/post"}],"author":[{"embeddable":true,"href":"https:\/\/folhapopular.info\/index.php\/wp-json\/wp\/v2\/users\/8"}],"replies":[{"embeddable":true,"href":"https:\/\/folhapopular.info\/index.php\/wp-json\/wp\/v2\/comments?post=104225"}],"version-history":[{"count":0,"href":"https:\/\/folhapopular.info\/index.php\/wp-json\/wp\/v2\/posts\/104225\/revisions"}],"wp:featuredmedia":[{"embeddable":true,"href":"https:\/\/folhapopular.info\/index.php\/wp-json\/wp\/v2\/media\/104226"}],"wp:attachment":[{"href":"https:\/\/folhapopular.info\/index.php\/wp-json\/wp\/v2\/media?parent=104225"}],"wp:term":[{"taxonomy":"category","embeddable":true,"href":"https:\/\/folhapopular.info\/index.php\/wp-json\/wp\/v2\/categories?post=104225"},{"taxonomy":"post_tag","embeddable":true,"href":"https:\/\/folhapopular.info\/index.php\/wp-json\/wp\/v2\/tags?post=104225"}],"curies":[{"name":"wp","href":"https:\/\/api.w.org\/{rel}","templated":true}]}}