{"id":104415,"date":"2022-05-16T11:44:03","date_gmt":"2022-05-16T14:44:03","guid":{"rendered":"https:\/\/folhapopular.info\/?p=104415"},"modified":"2022-05-16T11:44:07","modified_gmt":"2022-05-16T14:44:07","slug":"cooperativas-de-eletrificacao-receberao-recursos-estaduais","status":"publish","type":"post","link":"https:\/\/folhapopular.info\/index.php\/2022\/05\/16\/cooperativas-de-eletrificacao-receberao-recursos-estaduais\/","title":{"rendered":"Cooperativas de eletrifica\u00e7\u00e3o receber\u00e3o recursos estaduais"},"content":{"rendered":"\n<p><\/p>\n\n\n\n<p>O Governo do Rio Grande do Sul abriu o processo de sele\u00e7\u00e3o de projetos do Programa Energia Forte no Campo. A terceira fase do programa ter\u00e1 R$ 40 milh\u00f5es de recursos do Avan\u00e7ar na Sustentabilidade. O valor ser\u00e1 disponibilizado \u00e0s 15 cooperativas de eletrifica\u00e7\u00e3o rural de forma proporcional ao n\u00famero de consumidores classificados com tarifa rural.<\/p>\n\n\n\n<p>O prazo limite para manifesta\u00e7\u00e3o e encaminhamento do Plano de Trabalho e informa\u00e7\u00f5es complementares \u00e9 o dia 18 de maio. Para selecionar os projetos, ser\u00e3o utilizados indicadores como o custo m\u00e9dio de rede de distribui\u00e7\u00e3o de energia el\u00e9trica trif\u00e1sica, o n\u00famero m\u00e9dio de consumidores por quil\u00f4metro, o impacto do projeto na economia local e a participa\u00e7\u00e3o financeira do munic\u00edpio no programa. Os resultados ser\u00e3o publicados em 27 de maio, no Di\u00e1rio Oficial do Estado (DOE).<\/p>\n\n\n\n<p>\u201cEste ser\u00e1 o maior valor j\u00e1 destinado ao programa. O Energia Forte no Campo foi lan\u00e7ado em 2019 e j\u00e1 beneficiou centenas de fam\u00edlias rurais no Rio Grande do Sul, por meio da qualifica\u00e7\u00e3o da rede de distribui\u00e7\u00e3o de energia el\u00e9trica\u201d, afirmou a secret\u00e1ria do Meio Ambiente e Infraestrutura, Marjorie Kauffmann.<\/p>\n\n\n\n<p>O programa conta, ainda, com linha de financiamento do BRDE \u00e0s cooperativas. As condi\u00e7\u00f5es de pagamento s\u00e3o de at\u00e9 24 meses de car\u00eancia e 120 meses para amortiza\u00e7\u00e3o. As cooperativas repassar\u00e3o aos clientes rurais com projetos selecionados que tiverem interesse no financiamento, as mesmas condi\u00e7\u00f5es pactuadas entre o BRDE e a cooperativa.<\/p>\n\n\n\n<p>O processo \u00e9 coordenado pela Secretaria do Meio Ambiente e Infraestrutura (Sema) e conta com a participa\u00e7\u00e3o do Banco Regional de Desenvolvimento do Extremo Sul (BRDE) e da Federa\u00e7\u00e3o das Cooperativas de Energia, Telefonia e Desenvolvimento Rural do Rio Grande do Sul (Fecoergs).<\/p>\n\n\n\n<p><strong>Saiba mais<\/strong><\/p>\n\n\n\n<p>O Programa Energia Forte no Campo, lan\u00e7ado em 2019, prev\u00ea a qualifica\u00e7\u00e3o das redes de distribui\u00e7\u00e3o de energia el\u00e9trica no meio rural, incluindo investimentos em obras de complementa\u00e7\u00e3o de fases, substitui\u00e7\u00e3o de postes de madeira por postes de concreto, reformas na rede el\u00e9trica, instala\u00e7\u00e3o de transformadores e adequa\u00e7\u00e3o dos n\u00edveis de tens\u00e3o.<\/p>\n\n\n\n<p>Os objetivos s\u00e3o a qualifica\u00e7\u00e3o da rede de distribui\u00e7\u00e3o de energia el\u00e9trica no meio rural, a amplia\u00e7\u00e3o da produ\u00e7\u00e3o no campo e a melhora na qualidade de vida no meio rural.<\/p>\n\n\n\n<p>Na primeira fase do programa, o Estado disponibilizou R$ 4 milh\u00f5es do or\u00e7amento. Na segunda etapa, R$ 5,98 milh\u00f5es. Nesta terceira fase, ser\u00e3o oferecidos R$ 40 milh\u00f5es do Estado, com recursos do Avan\u00e7ar na Sustentabilidade, o maior valor j\u00e1 destinado ao programa.<\/p>\n","protected":false},"excerpt":{"rendered":"<p>O Governo do Rio Grande do Sul abriu o processo de sele\u00e7\u00e3o de projetos do Programa Energia Forte no Campo. A terceira fase do programa ter\u00e1 R$ 40 milh\u00f5es de recursos do Avan\u00e7ar na Sustentabilidade. O valor ser\u00e1 disponibilizado \u00e0s 15 cooperativas de eletrifica\u00e7\u00e3o rural de forma proporcional ao n\u00famero de consumidores classificados com tarifa [&hellip;]<\/p>\n","protected":false},"author":8,"featured_media":104416,"comment_status":"open","ping_status":"open","sticky":false,"template":"","format":"standard","meta":{"pmpro_default_level":"","_jetpack_memberships_contains_paid_content":false,"footnotes":""},"categories":[3],"tags":[9028,9030,2672,9029,1794],"class_list":{"0":"post-104415","1":"post","2":"type-post","3":"status-publish","4":"format-standard","5":"has-post-thumbnail","7":"category-geral","8":"tag-cooperativa-de-eletrificacao","9":"tag-programa-energia-forte-no-campo","10":"tag-qualificacao","11":"tag-recursos-estaduais","12":"tag-rio-grande-do-sul","13":"pmpro-has-access"},"yoast_head":"<!-- This site is optimized with the Yoast SEO plugin v27.5 - https:\/\/yoast.com\/product\/yoast-seo-wordpress\/ -->\n<title>Cooperativas de eletrifica\u00e7\u00e3o receber\u00e3o recursos estaduais - Folha Popular<\/title>\n<meta name=\"robots\" content=\"index, follow, max-snippet:-1, max-image-preview:large, max-video-preview:-1\" \/>\n<link rel=\"canonical\" href=\"https:\/\/folhapopular.info\/index.php\/2022\/05\/16\/cooperativas-de-eletrificacao-receberao-recursos-estaduais\/\" \/>\n<meta property=\"og:locale\" content=\"pt_BR\" \/>\n<meta property=\"og:type\" content=\"article\" \/>\n<meta property=\"og:title\" content=\"Cooperativas de eletrifica\u00e7\u00e3o receber\u00e3o recursos estaduais - Folha Popular\" \/>\n<meta property=\"og:description\" content=\"O Governo do Rio Grande do Sul abriu o processo de sele\u00e7\u00e3o de projetos do Programa Energia Forte no Campo. A terceira fase do programa ter\u00e1 R$ 40 milh\u00f5es de recursos do Avan\u00e7ar na Sustentabilidade. O valor ser\u00e1 disponibilizado \u00e0s 15 cooperativas de eletrifica\u00e7\u00e3o rural de forma proporcional ao n\u00famero de consumidores classificados com tarifa [&hellip;]\" \/>\n<meta property=\"og:url\" content=\"https:\/\/folhapopular.info\/index.php\/2022\/05\/16\/cooperativas-de-eletrificacao-receberao-recursos-estaduais\/\" \/>\n<meta property=\"og:site_name\" content=\"Folha Popular\" \/>\n<meta property=\"article:published_time\" content=\"2022-05-16T14:44:03+00:00\" \/>\n<meta property=\"article:modified_time\" content=\"2022-05-16T14:44:07+00:00\" \/>\n<meta property=\"og:image\" content=\"http:\/\/folhapopular.info\/wp-content\/uploads\/2022\/05\/0506-energia-forte-no-campo-2-730x440-1.png\" \/>\n\t<meta property=\"og:image:width\" content=\"730\" \/>\n\t<meta property=\"og:image:height\" content=\"440\" \/>\n\t<meta property=\"og:image:type\" content=\"image\/png\" \/>\n<meta name=\"author\" content=\"Reda\u00e7\u00e3o Folha Popular\" \/>\n<meta name=\"twitter:card\" content=\"summary_large_image\" \/>\n<meta name=\"twitter:label1\" content=\"Escrito por\" \/>\n\t<meta name=\"twitter:data1\" content=\"Reda\u00e7\u00e3o Folha Popular\" \/>\n\t<meta name=\"twitter:label2\" content=\"Est. tempo de leitura\" \/>\n\t<meta name=\"twitter:data2\" content=\"3 minutos\" \/>\n<script type=\"application\/ld+json\" class=\"yoast-schema-graph\">{\"@context\":\"https:\\\/\\\/schema.org\",\"@graph\":[{\"@type\":\"Article\",\"@id\":\"https:\\\/\\\/folhapopular.info\\\/index.php\\\/2022\\\/05\\\/16\\\/cooperativas-de-eletrificacao-receberao-recursos-estaduais\\\/#article\",\"isPartOf\":{\"@id\":\"https:\\\/\\\/folhapopular.info\\\/index.php\\\/2022\\\/05\\\/16\\\/cooperativas-de-eletrificacao-receberao-recursos-estaduais\\\/\"},\"author\":{\"name\":\"Reda\u00e7\u00e3o Folha Popular\",\"@id\":\"https:\\\/\\\/folhapopular.info\\\/#\\\/schema\\\/person\\\/2814e8a0df7643585a9ca38bc6eb9d4b\"},\"headline\":\"Cooperativas de eletrifica\u00e7\u00e3o receber\u00e3o recursos estaduais\",\"datePublished\":\"2022-05-16T14:44:03+00:00\",\"dateModified\":\"2022-05-16T14:44:07+00:00\",\"mainEntityOfPage\":{\"@id\":\"https:\\\/\\\/folhapopular.info\\\/index.php\\\/2022\\\/05\\\/16\\\/cooperativas-de-eletrificacao-receberao-recursos-estaduais\\\/\"},\"wordCount\":455,\"commentCount\":0,\"image\":{\"@id\":\"https:\\\/\\\/folhapopular.info\\\/index.php\\\/2022\\\/05\\\/16\\\/cooperativas-de-eletrificacao-receberao-recursos-estaduais\\\/#primaryimage\"},\"thumbnailUrl\":\"https:\\\/\\\/folhapopular.info\\\/wp-content\\\/uploads\\\/2022\\\/05\\\/0506-energia-forte-no-campo-2-730x440-1.png\",\"keywords\":[\"Cooperativa de eletrifica\u00e7\u00e3o\",\"Programa Energia Forte no Campo\",\"Qualifica\u00e7\u00e3o\",\"Recursos estaduais\",\"Rio Grande do Sul\"],\"articleSection\":[\"Geral\"],\"inLanguage\":\"pt-BR\",\"potentialAction\":[{\"@type\":\"CommentAction\",\"name\":\"Comment\",\"target\":[\"https:\\\/\\\/folhapopular.info\\\/index.php\\\/2022\\\/05\\\/16\\\/cooperativas-de-eletrificacao-receberao-recursos-estaduais\\\/#respond\"]}]},{\"@type\":\"WebPage\",\"@id\":\"https:\\\/\\\/folhapopular.info\\\/index.php\\\/2022\\\/05\\\/16\\\/cooperativas-de-eletrificacao-receberao-recursos-estaduais\\\/\",\"url\":\"https:\\\/\\\/folhapopular.info\\\/index.php\\\/2022\\\/05\\\/16\\\/cooperativas-de-eletrificacao-receberao-recursos-estaduais\\\/\",\"name\":\"Cooperativas de eletrifica\u00e7\u00e3o receber\u00e3o recursos estaduais - Folha Popular\",\"isPartOf\":{\"@id\":\"https:\\\/\\\/folhapopular.info\\\/#website\"},\"primaryImageOfPage\":{\"@id\":\"https:\\\/\\\/folhapopular.info\\\/index.php\\\/2022\\\/05\\\/16\\\/cooperativas-de-eletrificacao-receberao-recursos-estaduais\\\/#primaryimage\"},\"image\":{\"@id\":\"https:\\\/\\\/folhapopular.info\\\/index.php\\\/2022\\\/05\\\/16\\\/cooperativas-de-eletrificacao-receberao-recursos-estaduais\\\/#primaryimage\"},\"thumbnailUrl\":\"https:\\\/\\\/folhapopular.info\\\/wp-content\\\/uploads\\\/2022\\\/05\\\/0506-energia-forte-no-campo-2-730x440-1.png\",\"datePublished\":\"2022-05-16T14:44:03+00:00\",\"dateModified\":\"2022-05-16T14:44:07+00:00\",\"author\":{\"@id\":\"https:\\\/\\\/folhapopular.info\\\/#\\\/schema\\\/person\\\/2814e8a0df7643585a9ca38bc6eb9d4b\"},\"breadcrumb\":{\"@id\":\"https:\\\/\\\/folhapopular.info\\\/index.php\\\/2022\\\/05\\\/16\\\/cooperativas-de-eletrificacao-receberao-recursos-estaduais\\\/#breadcrumb\"},\"inLanguage\":\"pt-BR\",\"potentialAction\":[{\"@type\":\"ReadAction\",\"target\":[\"https:\\\/\\\/folhapopular.info\\\/index.php\\\/2022\\\/05\\\/16\\\/cooperativas-de-eletrificacao-receberao-recursos-estaduais\\\/\"]}]},{\"@type\":\"ImageObject\",\"inLanguage\":\"pt-BR\",\"@id\":\"https:\\\/\\\/folhapopular.info\\\/index.php\\\/2022\\\/05\\\/16\\\/cooperativas-de-eletrificacao-receberao-recursos-estaduais\\\/#primaryimage\",\"url\":\"https:\\\/\\\/folhapopular.info\\\/wp-content\\\/uploads\\\/2022\\\/05\\\/0506-energia-forte-no-campo-2-730x440-1.png\",\"contentUrl\":\"https:\\\/\\\/folhapopular.info\\\/wp-content\\\/uploads\\\/2022\\\/05\\\/0506-energia-forte-no-campo-2-730x440-1.png\",\"width\":730,\"height\":440,\"caption\":\"Programa estadual contempla 15 cooperativas de eletrifica\u00e7\u00e3o rural do Estado \\\/ Cr\u00e9dito: Felipe Dalla Valle \\\/ Secom \\\/ Divulga\u00e7\u00e3o\"},{\"@type\":\"BreadcrumbList\",\"@id\":\"https:\\\/\\\/folhapopular.info\\\/index.php\\\/2022\\\/05\\\/16\\\/cooperativas-de-eletrificacao-receberao-recursos-estaduais\\\/#breadcrumb\",\"itemListElement\":[{\"@type\":\"ListItem\",\"position\":1,\"name\":\"In\u00edcio\",\"item\":\"https:\\\/\\\/folhapopular.info\\\/\"},{\"@type\":\"ListItem\",\"position\":2,\"name\":\"Cooperativas de eletrifica\u00e7\u00e3o receber\u00e3o recursos estaduais\"}]},{\"@type\":\"WebSite\",\"@id\":\"https:\\\/\\\/folhapopular.info\\\/#website\",\"url\":\"https:\\\/\\\/folhapopular.info\\\/\",\"name\":\"Folha Popular\",\"description\":\"Onde voc\u00ea tem vez e voz\",\"potentialAction\":[{\"@type\":\"SearchAction\",\"target\":{\"@type\":\"EntryPoint\",\"urlTemplate\":\"https:\\\/\\\/folhapopular.info\\\/?s={search_term_string}\"},\"query-input\":{\"@type\":\"PropertyValueSpecification\",\"valueRequired\":true,\"valueName\":\"search_term_string\"}}],\"inLanguage\":\"pt-BR\"},{\"@type\":\"Person\",\"@id\":\"https:\\\/\\\/folhapopular.info\\\/#\\\/schema\\\/person\\\/2814e8a0df7643585a9ca38bc6eb9d4b\",\"name\":\"Reda\u00e7\u00e3o Folha Popular\",\"image\":{\"@type\":\"ImageObject\",\"inLanguage\":\"pt-BR\",\"@id\":\"https:\\\/\\\/folhapopular.info\\\/wp-content\\\/uploads\\\/2026\\\/04\\\/Folha-1.webp\",\"url\":\"https:\\\/\\\/folhapopular.info\\\/wp-content\\\/uploads\\\/2026\\\/04\\\/Folha-1.webp\",\"contentUrl\":\"https:\\\/\\\/folhapopular.info\\\/wp-content\\\/uploads\\\/2026\\\/04\\\/Folha-1.webp\",\"caption\":\"Reda\u00e7\u00e3o Folha Popular\"},\"url\":\"https:\\\/\\\/folhapopular.info\\\/index.php\\\/author\\\/redacao\\\/\"}]}<\/script>\n<!-- \/ Yoast SEO plugin. -->","yoast_head_json":{"title":"Cooperativas de eletrifica\u00e7\u00e3o receber\u00e3o recursos estaduais - Folha Popular","robots":{"index":"index","follow":"follow","max-snippet":"max-snippet:-1","max-image-preview":"max-image-preview:large","max-video-preview":"max-video-preview:-1"},"canonical":"https:\/\/folhapopular.info\/index.php\/2022\/05\/16\/cooperativas-de-eletrificacao-receberao-recursos-estaduais\/","og_locale":"pt_BR","og_type":"article","og_title":"Cooperativas de eletrifica\u00e7\u00e3o receber\u00e3o recursos estaduais - Folha Popular","og_description":"O Governo do Rio Grande do Sul abriu o processo de sele\u00e7\u00e3o de projetos do Programa Energia Forte no Campo. A terceira fase do programa ter\u00e1 R$ 40 milh\u00f5es de recursos do Avan\u00e7ar na Sustentabilidade. O valor ser\u00e1 disponibilizado \u00e0s 15 cooperativas de eletrifica\u00e7\u00e3o rural de forma proporcional ao n\u00famero de consumidores classificados com tarifa [&hellip;]","og_url":"https:\/\/folhapopular.info\/index.php\/2022\/05\/16\/cooperativas-de-eletrificacao-receberao-recursos-estaduais\/","og_site_name":"Folha Popular","article_published_time":"2022-05-16T14:44:03+00:00","article_modified_time":"2022-05-16T14:44:07+00:00","og_image":[{"width":730,"height":440,"url":"http:\/\/folhapopular.info\/wp-content\/uploads\/2022\/05\/0506-energia-forte-no-campo-2-730x440-1.png","type":"image\/png"}],"author":"Reda\u00e7\u00e3o Folha Popular","twitter_card":"summary_large_image","twitter_misc":{"Escrito por":"Reda\u00e7\u00e3o Folha Popular","Est. tempo de leitura":"3 minutos"},"schema":{"@context":"https:\/\/schema.org","@graph":[{"@type":"Article","@id":"https:\/\/folhapopular.info\/index.php\/2022\/05\/16\/cooperativas-de-eletrificacao-receberao-recursos-estaduais\/#article","isPartOf":{"@id":"https:\/\/folhapopular.info\/index.php\/2022\/05\/16\/cooperativas-de-eletrificacao-receberao-recursos-estaduais\/"},"author":{"name":"Reda\u00e7\u00e3o Folha Popular","@id":"https:\/\/folhapopular.info\/#\/schema\/person\/2814e8a0df7643585a9ca38bc6eb9d4b"},"headline":"Cooperativas de eletrifica\u00e7\u00e3o receber\u00e3o recursos estaduais","datePublished":"2022-05-16T14:44:03+00:00","dateModified":"2022-05-16T14:44:07+00:00","mainEntityOfPage":{"@id":"https:\/\/folhapopular.info\/index.php\/2022\/05\/16\/cooperativas-de-eletrificacao-receberao-recursos-estaduais\/"},"wordCount":455,"commentCount":0,"image":{"@id":"https:\/\/folhapopular.info\/index.php\/2022\/05\/16\/cooperativas-de-eletrificacao-receberao-recursos-estaduais\/#primaryimage"},"thumbnailUrl":"https:\/\/folhapopular.info\/wp-content\/uploads\/2022\/05\/0506-energia-forte-no-campo-2-730x440-1.png","keywords":["Cooperativa de eletrifica\u00e7\u00e3o","Programa Energia Forte no Campo","Qualifica\u00e7\u00e3o","Recursos estaduais","Rio Grande do Sul"],"articleSection":["Geral"],"inLanguage":"pt-BR","potentialAction":[{"@type":"CommentAction","name":"Comment","target":["https:\/\/folhapopular.info\/index.php\/2022\/05\/16\/cooperativas-de-eletrificacao-receberao-recursos-estaduais\/#respond"]}]},{"@type":"WebPage","@id":"https:\/\/folhapopular.info\/index.php\/2022\/05\/16\/cooperativas-de-eletrificacao-receberao-recursos-estaduais\/","url":"https:\/\/folhapopular.info\/index.php\/2022\/05\/16\/cooperativas-de-eletrificacao-receberao-recursos-estaduais\/","name":"Cooperativas de eletrifica\u00e7\u00e3o receber\u00e3o recursos estaduais - Folha Popular","isPartOf":{"@id":"https:\/\/folhapopular.info\/#website"},"primaryImageOfPage":{"@id":"https:\/\/folhapopular.info\/index.php\/2022\/05\/16\/cooperativas-de-eletrificacao-receberao-recursos-estaduais\/#primaryimage"},"image":{"@id":"https:\/\/folhapopular.info\/index.php\/2022\/05\/16\/cooperativas-de-eletrificacao-receberao-recursos-estaduais\/#primaryimage"},"thumbnailUrl":"https:\/\/folhapopular.info\/wp-content\/uploads\/2022\/05\/0506-energia-forte-no-campo-2-730x440-1.png","datePublished":"2022-05-16T14:44:03+00:00","dateModified":"2022-05-16T14:44:07+00:00","author":{"@id":"https:\/\/folhapopular.info\/#\/schema\/person\/2814e8a0df7643585a9ca38bc6eb9d4b"},"breadcrumb":{"@id":"https:\/\/folhapopular.info\/index.php\/2022\/05\/16\/cooperativas-de-eletrificacao-receberao-recursos-estaduais\/#breadcrumb"},"inLanguage":"pt-BR","potentialAction":[{"@type":"ReadAction","target":["https:\/\/folhapopular.info\/index.php\/2022\/05\/16\/cooperativas-de-eletrificacao-receberao-recursos-estaduais\/"]}]},{"@type":"ImageObject","inLanguage":"pt-BR","@id":"https:\/\/folhapopular.info\/index.php\/2022\/05\/16\/cooperativas-de-eletrificacao-receberao-recursos-estaduais\/#primaryimage","url":"https:\/\/folhapopular.info\/wp-content\/uploads\/2022\/05\/0506-energia-forte-no-campo-2-730x440-1.png","contentUrl":"https:\/\/folhapopular.info\/wp-content\/uploads\/2022\/05\/0506-energia-forte-no-campo-2-730x440-1.png","width":730,"height":440,"caption":"Programa estadual contempla 15 cooperativas de eletrifica\u00e7\u00e3o rural do Estado \/ Cr\u00e9dito: Felipe Dalla Valle \/ Secom \/ Divulga\u00e7\u00e3o"},{"@type":"BreadcrumbList","@id":"https:\/\/folhapopular.info\/index.php\/2022\/05\/16\/cooperativas-de-eletrificacao-receberao-recursos-estaduais\/#breadcrumb","itemListElement":[{"@type":"ListItem","position":1,"name":"In\u00edcio","item":"https:\/\/folhapopular.info\/"},{"@type":"ListItem","position":2,"name":"Cooperativas de eletrifica\u00e7\u00e3o receber\u00e3o recursos estaduais"}]},{"@type":"WebSite","@id":"https:\/\/folhapopular.info\/#website","url":"https:\/\/folhapopular.info\/","name":"Folha Popular","description":"Onde voc\u00ea tem vez e voz","potentialAction":[{"@type":"SearchAction","target":{"@type":"EntryPoint","urlTemplate":"https:\/\/folhapopular.info\/?s={search_term_string}"},"query-input":{"@type":"PropertyValueSpecification","valueRequired":true,"valueName":"search_term_string"}}],"inLanguage":"pt-BR"},{"@type":"Person","@id":"https:\/\/folhapopular.info\/#\/schema\/person\/2814e8a0df7643585a9ca38bc6eb9d4b","name":"Reda\u00e7\u00e3o Folha Popular","image":{"@type":"ImageObject","inLanguage":"pt-BR","@id":"https:\/\/folhapopular.info\/wp-content\/uploads\/2026\/04\/Folha-1.webp","url":"https:\/\/folhapopular.info\/wp-content\/uploads\/2026\/04\/Folha-1.webp","contentUrl":"https:\/\/folhapopular.info\/wp-content\/uploads\/2026\/04\/Folha-1.webp","caption":"Reda\u00e7\u00e3o Folha Popular"},"url":"https:\/\/folhapopular.info\/index.php\/author\/redacao\/"}]}},"jetpack_featured_media_url":"https:\/\/folhapopular.info\/wp-content\/uploads\/2022\/05\/0506-energia-forte-no-campo-2-730x440-1.png","jetpack_sharing_enabled":true,"amp_enabled":true,"_links":{"self":[{"href":"https:\/\/folhapopular.info\/index.php\/wp-json\/wp\/v2\/posts\/104415","targetHints":{"allow":["GET"]}}],"collection":[{"href":"https:\/\/folhapopular.info\/index.php\/wp-json\/wp\/v2\/posts"}],"about":[{"href":"https:\/\/folhapopular.info\/index.php\/wp-json\/wp\/v2\/types\/post"}],"author":[{"embeddable":true,"href":"https:\/\/folhapopular.info\/index.php\/wp-json\/wp\/v2\/users\/8"}],"replies":[{"embeddable":true,"href":"https:\/\/folhapopular.info\/index.php\/wp-json\/wp\/v2\/comments?post=104415"}],"version-history":[{"count":0,"href":"https:\/\/folhapopular.info\/index.php\/wp-json\/wp\/v2\/posts\/104415\/revisions"}],"wp:featuredmedia":[{"embeddable":true,"href":"https:\/\/folhapopular.info\/index.php\/wp-json\/wp\/v2\/media\/104416"}],"wp:attachment":[{"href":"https:\/\/folhapopular.info\/index.php\/wp-json\/wp\/v2\/media?parent=104415"}],"wp:term":[{"taxonomy":"category","embeddable":true,"href":"https:\/\/folhapopular.info\/index.php\/wp-json\/wp\/v2\/categories?post=104415"},{"taxonomy":"post_tag","embeddable":true,"href":"https:\/\/folhapopular.info\/index.php\/wp-json\/wp\/v2\/tags?post=104415"}],"curies":[{"name":"wp","href":"https:\/\/api.w.org\/{rel}","templated":true}]}}