{"id":104429,"date":"2022-05-16T15:55:34","date_gmt":"2022-05-16T18:55:34","guid":{"rendered":"https:\/\/folhapopular.info\/?p=104429"},"modified":"2022-05-16T15:55:37","modified_gmt":"2022-05-16T18:55:37","slug":"predio-da-unidade-basica-de-saude-de-poco-das-antas-sera-ampliado","status":"publish","type":"post","link":"https:\/\/folhapopular.info\/index.php\/2022\/05\/16\/predio-da-unidade-basica-de-saude-de-poco-das-antas-sera-ampliado\/","title":{"rendered":"Pr\u00e9dio da Unidade B\u00e1sica de Sa\u00fade de Po\u00e7o das Antas ser\u00e1 ampliado"},"content":{"rendered":"\n<p>O pr\u00e9dio da Unidade B\u00e1sica de Sa\u00fade (UBS) de Po\u00e7o das Antas receber\u00e1 uma amplia\u00e7\u00e3o. O projeto, desenvolvido pelo setor de engenharia da Administra\u00e7\u00e3o Municipal, foi apresentado para o Conselho Municipal da Sa\u00fade no dia 25 de abril em reuni\u00e3o com a presen\u00e7a da secret\u00e1ria de Sa\u00fade, Anisete Schneider; farmac\u00eautica, Fabiane Dullius e a prefeita V\u00e2nia Brackmann (PDT), sendo aprovado por todos os membros do conselho.<\/p>\n\n\n\n<figure class=\"wp-block-image size-large is-resized\"><img loading=\"lazy\" decoding=\"async\" src=\"https:\/\/folhapopular.info\/wp-content\/uploads\/2022\/05\/1-Predio-da-Unidade-Basica-de-Saude-de-Poco-das-Antas-sera-ampliado-1024x576.jpeg\" alt=\"\" class=\"wp-image-104434\" width=\"635\" height=\"353\"\/><figcaption>Projeto foi apresentado aos membros do Conselho Municipal de Sa\u00fade e aprovado por todos \/ Cr\u00e9dito: Divulga\u00e7\u00e3o<\/figcaption><\/figure>\n\n\n\n<p>A amplia\u00e7\u00e3o possibilitar\u00e1 diversas melhorias no acesso, otimizando o atendimento e o fluxo de trabalho na unidade. Para isso, ser\u00e1 feito:<\/p>\n\n\n\n<p>&#8211; Rampa de acesso externo para o setor administrativo da Secretaria da Sa\u00fade, facilitando o agendamento de consultas, exames e procedimentos para cadeirantes e idosos;<\/p>\n\n\n\n<p>&#8211; Acesso externo e total reestrutura\u00e7\u00e3o interna da farm\u00e1cia, com reformula\u00e7\u00e3o do <em>layout<\/em> de distribui\u00e7\u00e3o dos materiais, otimizando o fluxo de trabalho, e com a possibilidade de os pacientes retirarem os medicamentos sem necessidade de adentrar a UBS;<\/p>\n\n\n\n<p>&#8211; Acesso com cobertura para as ambul\u00e2ncias e acesso com rampa para a \u00e1rea interna da UBS, facilitando o encaminhamento para atendimentos de emerg\u00eancia.<\/p>\n\n\n\n<p>As obras devem iniciar nas pr\u00f3ximas semanas, sendo que os recursos utilizados s\u00e3o oriundos do Programa Farm\u00e1cia Cuidar +, do Governo do Estado, complementado com recursos pr\u00f3prios da municipalidade.\u00a0<\/p>\n\n\n\n<p>De acordo com a secret\u00e1ria de Sa\u00fade, Anisete Schneider, a obra representa um momento importante para a sa\u00fade de Po\u00e7o das Antas. \u201cPe\u00e7o a compreens\u00e3o dos pacientes enquanto durarem as obras, pois a mudan\u00e7a na rotina \u00e9 necess\u00e1ria para melhorar toda a estrutura da unidade e garantir mais conforto e qualidade nos atendimentos prestados \u00e0 popula\u00e7\u00e3o. O projeto garante completa adequa\u00e7\u00e3o para a unidade de sa\u00fade a altura das necessidades da popula\u00e7\u00e3o e dos profissionais que est\u00e3o diariamente cuidando da sa\u00fade dos mun\u00edcipes&#8221;, assinala a secret\u00e1ria.<\/p>\n","protected":false},"excerpt":{"rendered":"<p>O pr\u00e9dio da Unidade B\u00e1sica de Sa\u00fade (UBS) de Po\u00e7o das Antas receber\u00e1 uma amplia\u00e7\u00e3o. O projeto, desenvolvido pelo setor de engenharia da Administra\u00e7\u00e3o Municipal, foi apresentado para o Conselho Municipal da Sa\u00fade no dia 25 de abril em reuni\u00e3o com a presen\u00e7a da secret\u00e1ria de Sa\u00fade, Anisete Schneider; farmac\u00eautica, Fabiane Dullius e a prefeita [&hellip;]<\/p>\n","protected":false},"author":8,"featured_media":104432,"comment_status":"open","ping_status":"open","sticky":false,"template":"","format":"standard","meta":{"pmpro_default_level":"","_jetpack_memberships_contains_paid_content":false,"footnotes":""},"categories":[2,3],"tags":[3347,40,9035],"class_list":{"0":"post-104429","1":"post","2":"type-post","3":"status-publish","4":"format-standard","5":"has-post-thumbnail","7":"category-featured","8":"category-geral","9":"tag-ampliacao","10":"tag-poco-das-antas","11":"tag-predio","12":"pmpro-has-access"},"yoast_head":"<!-- This site is optimized with the Yoast SEO plugin v27.5 - https:\/\/yoast.com\/product\/yoast-seo-wordpress\/ -->\n<title>Pr\u00e9dio da Unidade B\u00e1sica de Sa\u00fade de Po\u00e7o das Antas ser\u00e1 ampliado - Folha Popular<\/title>\n<meta name=\"robots\" content=\"index, follow, max-snippet:-1, max-image-preview:large, max-video-preview:-1\" \/>\n<link rel=\"canonical\" href=\"https:\/\/folhapopular.info\/index.php\/2022\/05\/16\/predio-da-unidade-basica-de-saude-de-poco-das-antas-sera-ampliado\/\" \/>\n<meta property=\"og:locale\" content=\"pt_BR\" \/>\n<meta property=\"og:type\" content=\"article\" \/>\n<meta property=\"og:title\" content=\"Pr\u00e9dio da Unidade B\u00e1sica de Sa\u00fade de Po\u00e7o das Antas ser\u00e1 ampliado - Folha Popular\" \/>\n<meta property=\"og:description\" content=\"O pr\u00e9dio da Unidade B\u00e1sica de Sa\u00fade (UBS) de Po\u00e7o das Antas receber\u00e1 uma amplia\u00e7\u00e3o. O projeto, desenvolvido pelo setor de engenharia da Administra\u00e7\u00e3o Municipal, foi apresentado para o Conselho Municipal da Sa\u00fade no dia 25 de abril em reuni\u00e3o com a presen\u00e7a da secret\u00e1ria de Sa\u00fade, Anisete Schneider; farmac\u00eautica, Fabiane Dullius e a prefeita [&hellip;]\" \/>\n<meta property=\"og:url\" content=\"https:\/\/folhapopular.info\/index.php\/2022\/05\/16\/predio-da-unidade-basica-de-saude-de-poco-das-antas-sera-ampliado\/\" \/>\n<meta property=\"og:site_name\" content=\"Folha Popular\" \/>\n<meta property=\"article:published_time\" content=\"2022-05-16T18:55:34+00:00\" \/>\n<meta property=\"article:modified_time\" content=\"2022-05-16T18:55:37+00:00\" \/>\n<meta property=\"og:image\" content=\"http:\/\/folhapopular.info\/wp-content\/uploads\/2022\/05\/2-Predio-da-Unidade-Basica-de-Saude-de-Poco-das-Antas-sera-ampliado-e1652726721407.jpeg\" \/>\n\t<meta property=\"og:image:width\" content=\"800\" \/>\n\t<meta property=\"og:image:height\" content=\"450\" \/>\n\t<meta property=\"og:image:type\" content=\"image\/jpeg\" \/>\n<meta name=\"author\" content=\"Reda\u00e7\u00e3o Folha Popular\" \/>\n<meta name=\"twitter:card\" content=\"summary_large_image\" \/>\n<meta name=\"twitter:label1\" content=\"Escrito por\" \/>\n\t<meta name=\"twitter:data1\" content=\"Reda\u00e7\u00e3o Folha Popular\" \/>\n\t<meta name=\"twitter:label2\" content=\"Est. tempo de leitura\" \/>\n\t<meta name=\"twitter:data2\" content=\"2 minutos\" \/>\n<script type=\"application\/ld+json\" class=\"yoast-schema-graph\">{\"@context\":\"https:\\\/\\\/schema.org\",\"@graph\":[{\"@type\":\"Article\",\"@id\":\"https:\\\/\\\/folhapopular.info\\\/index.php\\\/2022\\\/05\\\/16\\\/predio-da-unidade-basica-de-saude-de-poco-das-antas-sera-ampliado\\\/#article\",\"isPartOf\":{\"@id\":\"https:\\\/\\\/folhapopular.info\\\/index.php\\\/2022\\\/05\\\/16\\\/predio-da-unidade-basica-de-saude-de-poco-das-antas-sera-ampliado\\\/\"},\"author\":{\"name\":\"Reda\u00e7\u00e3o Folha Popular\",\"@id\":\"https:\\\/\\\/folhapopular.info\\\/#\\\/schema\\\/person\\\/2814e8a0df7643585a9ca38bc6eb9d4b\"},\"headline\":\"Pr\u00e9dio da Unidade B\u00e1sica de Sa\u00fade de Po\u00e7o das Antas ser\u00e1 ampliado\",\"datePublished\":\"2022-05-16T18:55:34+00:00\",\"dateModified\":\"2022-05-16T18:55:37+00:00\",\"mainEntityOfPage\":{\"@id\":\"https:\\\/\\\/folhapopular.info\\\/index.php\\\/2022\\\/05\\\/16\\\/predio-da-unidade-basica-de-saude-de-poco-das-antas-sera-ampliado\\\/\"},\"wordCount\":361,\"commentCount\":0,\"image\":{\"@id\":\"https:\\\/\\\/folhapopular.info\\\/index.php\\\/2022\\\/05\\\/16\\\/predio-da-unidade-basica-de-saude-de-poco-das-antas-sera-ampliado\\\/#primaryimage\"},\"thumbnailUrl\":\"https:\\\/\\\/folhapopular.info\\\/wp-content\\\/uploads\\\/2022\\\/05\\\/2-Predio-da-Unidade-Basica-de-Saude-de-Poco-das-Antas-sera-ampliado-e1652726721407.jpeg\",\"keywords\":[\"Amplia\u00e7\u00e3o\",\"Po\u00e7o das Antas\",\"Pr\u00e9dio\"],\"articleSection\":[\"Destaques\",\"Geral\"],\"inLanguage\":\"pt-BR\",\"potentialAction\":[{\"@type\":\"CommentAction\",\"name\":\"Comment\",\"target\":[\"https:\\\/\\\/folhapopular.info\\\/index.php\\\/2022\\\/05\\\/16\\\/predio-da-unidade-basica-de-saude-de-poco-das-antas-sera-ampliado\\\/#respond\"]}]},{\"@type\":\"WebPage\",\"@id\":\"https:\\\/\\\/folhapopular.info\\\/index.php\\\/2022\\\/05\\\/16\\\/predio-da-unidade-basica-de-saude-de-poco-das-antas-sera-ampliado\\\/\",\"url\":\"https:\\\/\\\/folhapopular.info\\\/index.php\\\/2022\\\/05\\\/16\\\/predio-da-unidade-basica-de-saude-de-poco-das-antas-sera-ampliado\\\/\",\"name\":\"Pr\u00e9dio da Unidade B\u00e1sica de Sa\u00fade de Po\u00e7o das Antas ser\u00e1 ampliado - Folha Popular\",\"isPartOf\":{\"@id\":\"https:\\\/\\\/folhapopular.info\\\/#website\"},\"primaryImageOfPage\":{\"@id\":\"https:\\\/\\\/folhapopular.info\\\/index.php\\\/2022\\\/05\\\/16\\\/predio-da-unidade-basica-de-saude-de-poco-das-antas-sera-ampliado\\\/#primaryimage\"},\"image\":{\"@id\":\"https:\\\/\\\/folhapopular.info\\\/index.php\\\/2022\\\/05\\\/16\\\/predio-da-unidade-basica-de-saude-de-poco-das-antas-sera-ampliado\\\/#primaryimage\"},\"thumbnailUrl\":\"https:\\\/\\\/folhapopular.info\\\/wp-content\\\/uploads\\\/2022\\\/05\\\/2-Predio-da-Unidade-Basica-de-Saude-de-Poco-das-Antas-sera-ampliado-e1652726721407.jpeg\",\"datePublished\":\"2022-05-16T18:55:34+00:00\",\"dateModified\":\"2022-05-16T18:55:37+00:00\",\"author\":{\"@id\":\"https:\\\/\\\/folhapopular.info\\\/#\\\/schema\\\/person\\\/2814e8a0df7643585a9ca38bc6eb9d4b\"},\"breadcrumb\":{\"@id\":\"https:\\\/\\\/folhapopular.info\\\/index.php\\\/2022\\\/05\\\/16\\\/predio-da-unidade-basica-de-saude-de-poco-das-antas-sera-ampliado\\\/#breadcrumb\"},\"inLanguage\":\"pt-BR\",\"potentialAction\":[{\"@type\":\"ReadAction\",\"target\":[\"https:\\\/\\\/folhapopular.info\\\/index.php\\\/2022\\\/05\\\/16\\\/predio-da-unidade-basica-de-saude-de-poco-das-antas-sera-ampliado\\\/\"]}]},{\"@type\":\"ImageObject\",\"inLanguage\":\"pt-BR\",\"@id\":\"https:\\\/\\\/folhapopular.info\\\/index.php\\\/2022\\\/05\\\/16\\\/predio-da-unidade-basica-de-saude-de-poco-das-antas-sera-ampliado\\\/#primaryimage\",\"url\":\"https:\\\/\\\/folhapopular.info\\\/wp-content\\\/uploads\\\/2022\\\/05\\\/2-Predio-da-Unidade-Basica-de-Saude-de-Poco-das-Antas-sera-ampliado-e1652726721407.jpeg\",\"contentUrl\":\"https:\\\/\\\/folhapopular.info\\\/wp-content\\\/uploads\\\/2022\\\/05\\\/2-Predio-da-Unidade-Basica-de-Saude-de-Poco-das-Antas-sera-ampliado-e1652726721407.jpeg\",\"width\":800,\"height\":450,\"caption\":\"Obra representa um importante passo na sa\u00fade de Po\u00e7o das Antas \\\/ Cr\u00e9dito: Reprodu\u00e7\u00e3o\"},{\"@type\":\"BreadcrumbList\",\"@id\":\"https:\\\/\\\/folhapopular.info\\\/index.php\\\/2022\\\/05\\\/16\\\/predio-da-unidade-basica-de-saude-de-poco-das-antas-sera-ampliado\\\/#breadcrumb\",\"itemListElement\":[{\"@type\":\"ListItem\",\"position\":1,\"name\":\"In\u00edcio\",\"item\":\"https:\\\/\\\/folhapopular.info\\\/\"},{\"@type\":\"ListItem\",\"position\":2,\"name\":\"Pr\u00e9dio da Unidade B\u00e1sica de Sa\u00fade de Po\u00e7o das Antas ser\u00e1 ampliado\"}]},{\"@type\":\"WebSite\",\"@id\":\"https:\\\/\\\/folhapopular.info\\\/#website\",\"url\":\"https:\\\/\\\/folhapopular.info\\\/\",\"name\":\"Folha Popular\",\"description\":\"Onde voc\u00ea tem vez e voz\",\"potentialAction\":[{\"@type\":\"SearchAction\",\"target\":{\"@type\":\"EntryPoint\",\"urlTemplate\":\"https:\\\/\\\/folhapopular.info\\\/?s={search_term_string}\"},\"query-input\":{\"@type\":\"PropertyValueSpecification\",\"valueRequired\":true,\"valueName\":\"search_term_string\"}}],\"inLanguage\":\"pt-BR\"},{\"@type\":\"Person\",\"@id\":\"https:\\\/\\\/folhapopular.info\\\/#\\\/schema\\\/person\\\/2814e8a0df7643585a9ca38bc6eb9d4b\",\"name\":\"Reda\u00e7\u00e3o Folha Popular\",\"image\":{\"@type\":\"ImageObject\",\"inLanguage\":\"pt-BR\",\"@id\":\"https:\\\/\\\/folhapopular.info\\\/wp-content\\\/uploads\\\/2026\\\/04\\\/Folha-1.webp\",\"url\":\"https:\\\/\\\/folhapopular.info\\\/wp-content\\\/uploads\\\/2026\\\/04\\\/Folha-1.webp\",\"contentUrl\":\"https:\\\/\\\/folhapopular.info\\\/wp-content\\\/uploads\\\/2026\\\/04\\\/Folha-1.webp\",\"caption\":\"Reda\u00e7\u00e3o Folha Popular\"},\"url\":\"https:\\\/\\\/folhapopular.info\\\/index.php\\\/author\\\/redacao\\\/\"}]}<\/script>\n<!-- \/ Yoast SEO plugin. -->","yoast_head_json":{"title":"Pr\u00e9dio da Unidade B\u00e1sica de Sa\u00fade de Po\u00e7o das Antas ser\u00e1 ampliado - Folha Popular","robots":{"index":"index","follow":"follow","max-snippet":"max-snippet:-1","max-image-preview":"max-image-preview:large","max-video-preview":"max-video-preview:-1"},"canonical":"https:\/\/folhapopular.info\/index.php\/2022\/05\/16\/predio-da-unidade-basica-de-saude-de-poco-das-antas-sera-ampliado\/","og_locale":"pt_BR","og_type":"article","og_title":"Pr\u00e9dio da Unidade B\u00e1sica de Sa\u00fade de Po\u00e7o das Antas ser\u00e1 ampliado - Folha Popular","og_description":"O pr\u00e9dio da Unidade B\u00e1sica de Sa\u00fade (UBS) de Po\u00e7o das Antas receber\u00e1 uma amplia\u00e7\u00e3o. O projeto, desenvolvido pelo setor de engenharia da Administra\u00e7\u00e3o Municipal, foi apresentado para o Conselho Municipal da Sa\u00fade no dia 25 de abril em reuni\u00e3o com a presen\u00e7a da secret\u00e1ria de Sa\u00fade, Anisete Schneider; farmac\u00eautica, Fabiane Dullius e a prefeita [&hellip;]","og_url":"https:\/\/folhapopular.info\/index.php\/2022\/05\/16\/predio-da-unidade-basica-de-saude-de-poco-das-antas-sera-ampliado\/","og_site_name":"Folha Popular","article_published_time":"2022-05-16T18:55:34+00:00","article_modified_time":"2022-05-16T18:55:37+00:00","og_image":[{"width":800,"height":450,"url":"http:\/\/folhapopular.info\/wp-content\/uploads\/2022\/05\/2-Predio-da-Unidade-Basica-de-Saude-de-Poco-das-Antas-sera-ampliado-e1652726721407.jpeg","type":"image\/jpeg"}],"author":"Reda\u00e7\u00e3o Folha Popular","twitter_card":"summary_large_image","twitter_misc":{"Escrito por":"Reda\u00e7\u00e3o Folha Popular","Est. tempo de leitura":"2 minutos"},"schema":{"@context":"https:\/\/schema.org","@graph":[{"@type":"Article","@id":"https:\/\/folhapopular.info\/index.php\/2022\/05\/16\/predio-da-unidade-basica-de-saude-de-poco-das-antas-sera-ampliado\/#article","isPartOf":{"@id":"https:\/\/folhapopular.info\/index.php\/2022\/05\/16\/predio-da-unidade-basica-de-saude-de-poco-das-antas-sera-ampliado\/"},"author":{"name":"Reda\u00e7\u00e3o Folha Popular","@id":"https:\/\/folhapopular.info\/#\/schema\/person\/2814e8a0df7643585a9ca38bc6eb9d4b"},"headline":"Pr\u00e9dio da Unidade B\u00e1sica de Sa\u00fade de Po\u00e7o das Antas ser\u00e1 ampliado","datePublished":"2022-05-16T18:55:34+00:00","dateModified":"2022-05-16T18:55:37+00:00","mainEntityOfPage":{"@id":"https:\/\/folhapopular.info\/index.php\/2022\/05\/16\/predio-da-unidade-basica-de-saude-de-poco-das-antas-sera-ampliado\/"},"wordCount":361,"commentCount":0,"image":{"@id":"https:\/\/folhapopular.info\/index.php\/2022\/05\/16\/predio-da-unidade-basica-de-saude-de-poco-das-antas-sera-ampliado\/#primaryimage"},"thumbnailUrl":"https:\/\/folhapopular.info\/wp-content\/uploads\/2022\/05\/2-Predio-da-Unidade-Basica-de-Saude-de-Poco-das-Antas-sera-ampliado-e1652726721407.jpeg","keywords":["Amplia\u00e7\u00e3o","Po\u00e7o das Antas","Pr\u00e9dio"],"articleSection":["Destaques","Geral"],"inLanguage":"pt-BR","potentialAction":[{"@type":"CommentAction","name":"Comment","target":["https:\/\/folhapopular.info\/index.php\/2022\/05\/16\/predio-da-unidade-basica-de-saude-de-poco-das-antas-sera-ampliado\/#respond"]}]},{"@type":"WebPage","@id":"https:\/\/folhapopular.info\/index.php\/2022\/05\/16\/predio-da-unidade-basica-de-saude-de-poco-das-antas-sera-ampliado\/","url":"https:\/\/folhapopular.info\/index.php\/2022\/05\/16\/predio-da-unidade-basica-de-saude-de-poco-das-antas-sera-ampliado\/","name":"Pr\u00e9dio da Unidade B\u00e1sica de Sa\u00fade de Po\u00e7o das Antas ser\u00e1 ampliado - Folha Popular","isPartOf":{"@id":"https:\/\/folhapopular.info\/#website"},"primaryImageOfPage":{"@id":"https:\/\/folhapopular.info\/index.php\/2022\/05\/16\/predio-da-unidade-basica-de-saude-de-poco-das-antas-sera-ampliado\/#primaryimage"},"image":{"@id":"https:\/\/folhapopular.info\/index.php\/2022\/05\/16\/predio-da-unidade-basica-de-saude-de-poco-das-antas-sera-ampliado\/#primaryimage"},"thumbnailUrl":"https:\/\/folhapopular.info\/wp-content\/uploads\/2022\/05\/2-Predio-da-Unidade-Basica-de-Saude-de-Poco-das-Antas-sera-ampliado-e1652726721407.jpeg","datePublished":"2022-05-16T18:55:34+00:00","dateModified":"2022-05-16T18:55:37+00:00","author":{"@id":"https:\/\/folhapopular.info\/#\/schema\/person\/2814e8a0df7643585a9ca38bc6eb9d4b"},"breadcrumb":{"@id":"https:\/\/folhapopular.info\/index.php\/2022\/05\/16\/predio-da-unidade-basica-de-saude-de-poco-das-antas-sera-ampliado\/#breadcrumb"},"inLanguage":"pt-BR","potentialAction":[{"@type":"ReadAction","target":["https:\/\/folhapopular.info\/index.php\/2022\/05\/16\/predio-da-unidade-basica-de-saude-de-poco-das-antas-sera-ampliado\/"]}]},{"@type":"ImageObject","inLanguage":"pt-BR","@id":"https:\/\/folhapopular.info\/index.php\/2022\/05\/16\/predio-da-unidade-basica-de-saude-de-poco-das-antas-sera-ampliado\/#primaryimage","url":"https:\/\/folhapopular.info\/wp-content\/uploads\/2022\/05\/2-Predio-da-Unidade-Basica-de-Saude-de-Poco-das-Antas-sera-ampliado-e1652726721407.jpeg","contentUrl":"https:\/\/folhapopular.info\/wp-content\/uploads\/2022\/05\/2-Predio-da-Unidade-Basica-de-Saude-de-Poco-das-Antas-sera-ampliado-e1652726721407.jpeg","width":800,"height":450,"caption":"Obra representa um importante passo na sa\u00fade de Po\u00e7o das Antas \/ Cr\u00e9dito: Reprodu\u00e7\u00e3o"},{"@type":"BreadcrumbList","@id":"https:\/\/folhapopular.info\/index.php\/2022\/05\/16\/predio-da-unidade-basica-de-saude-de-poco-das-antas-sera-ampliado\/#breadcrumb","itemListElement":[{"@type":"ListItem","position":1,"name":"In\u00edcio","item":"https:\/\/folhapopular.info\/"},{"@type":"ListItem","position":2,"name":"Pr\u00e9dio da Unidade B\u00e1sica de Sa\u00fade de Po\u00e7o das Antas ser\u00e1 ampliado"}]},{"@type":"WebSite","@id":"https:\/\/folhapopular.info\/#website","url":"https:\/\/folhapopular.info\/","name":"Folha Popular","description":"Onde voc\u00ea tem vez e voz","potentialAction":[{"@type":"SearchAction","target":{"@type":"EntryPoint","urlTemplate":"https:\/\/folhapopular.info\/?s={search_term_string}"},"query-input":{"@type":"PropertyValueSpecification","valueRequired":true,"valueName":"search_term_string"}}],"inLanguage":"pt-BR"},{"@type":"Person","@id":"https:\/\/folhapopular.info\/#\/schema\/person\/2814e8a0df7643585a9ca38bc6eb9d4b","name":"Reda\u00e7\u00e3o Folha Popular","image":{"@type":"ImageObject","inLanguage":"pt-BR","@id":"https:\/\/folhapopular.info\/wp-content\/uploads\/2026\/04\/Folha-1.webp","url":"https:\/\/folhapopular.info\/wp-content\/uploads\/2026\/04\/Folha-1.webp","contentUrl":"https:\/\/folhapopular.info\/wp-content\/uploads\/2026\/04\/Folha-1.webp","caption":"Reda\u00e7\u00e3o Folha Popular"},"url":"https:\/\/folhapopular.info\/index.php\/author\/redacao\/"}]}},"jetpack_featured_media_url":"https:\/\/folhapopular.info\/wp-content\/uploads\/2022\/05\/2-Predio-da-Unidade-Basica-de-Saude-de-Poco-das-Antas-sera-ampliado-e1652726721407.jpeg","jetpack_sharing_enabled":true,"amp_enabled":true,"_links":{"self":[{"href":"https:\/\/folhapopular.info\/index.php\/wp-json\/wp\/v2\/posts\/104429","targetHints":{"allow":["GET"]}}],"collection":[{"href":"https:\/\/folhapopular.info\/index.php\/wp-json\/wp\/v2\/posts"}],"about":[{"href":"https:\/\/folhapopular.info\/index.php\/wp-json\/wp\/v2\/types\/post"}],"author":[{"embeddable":true,"href":"https:\/\/folhapopular.info\/index.php\/wp-json\/wp\/v2\/users\/8"}],"replies":[{"embeddable":true,"href":"https:\/\/folhapopular.info\/index.php\/wp-json\/wp\/v2\/comments?post=104429"}],"version-history":[{"count":0,"href":"https:\/\/folhapopular.info\/index.php\/wp-json\/wp\/v2\/posts\/104429\/revisions"}],"wp:featuredmedia":[{"embeddable":true,"href":"https:\/\/folhapopular.info\/index.php\/wp-json\/wp\/v2\/media\/104432"}],"wp:attachment":[{"href":"https:\/\/folhapopular.info\/index.php\/wp-json\/wp\/v2\/media?parent=104429"}],"wp:term":[{"taxonomy":"category","embeddable":true,"href":"https:\/\/folhapopular.info\/index.php\/wp-json\/wp\/v2\/categories?post=104429"},{"taxonomy":"post_tag","embeddable":true,"href":"https:\/\/folhapopular.info\/index.php\/wp-json\/wp\/v2\/tags?post=104429"}],"curies":[{"name":"wp","href":"https:\/\/api.w.org\/{rel}","templated":true}]}}