{"id":104512,"date":"2022-05-17T19:08:16","date_gmt":"2022-05-17T22:08:16","guid":{"rendered":"https:\/\/folhapopular.info\/?p=104512"},"modified":"2022-05-17T19:08:34","modified_gmt":"2022-05-17T22:08:34","slug":"jaque-weber-embarca-para-tour-europa-de-competicoes","status":"publish","type":"post","link":"https:\/\/folhapopular.info\/index.php\/2022\/05\/17\/jaque-weber-embarca-para-tour-europa-de-competicoes\/","title":{"rendered":"Jaque Weber embarca para Tour Europa de competi\u00e7\u00f5es"},"content":{"rendered":"\n<p>A atleta da AMO\/Miller\/Certel\/Fila\/Languiru\/Saint Gallen, Jaqueline Weber, embarcou nesta ter\u00e7a-feira (17\/5) para Alicante, na Espanha. Ela come\u00e7a sua turn\u00ea de competi\u00e7\u00f5es representando a Sele\u00e7\u00e3o Brasileira no Campeonato Ibero-americano, em La Nucia. Jaque encara a semifinal dos 800 metros na sexta-feira (20\/5), \u00e0s 19h50 (hor\u00e1rio local) e em caso de classifica\u00e7\u00e3o, volta a pista no domingo (22\/5) para disputar a final no mesmo hor\u00e1rio.<\/p>\n\n\n\n<p>Na semana seguinte, Jaque viaja para Madrid, onde concentrar\u00e1 sua base para treinamentos. Ela encara uma sequ\u00eancia de provas da World Athletics Continental Tour. No dia 28 de maio ocorre os 1500 metros em Oordegem, na B\u00e9lgica. No dia 5 de junho ocorre os 800 metros em Rehlingen, na Alemanha. Na outra semana, encontra seu treinador Fabiano Pe\u00e7anha em Londres e disputa os 800 metros em Watford, na Gr\u00e3-Bretanha. A \u00faltima prova da turn\u00ea ainda n\u00e3o est\u00e1 definida, podendo ser em Castelon, na Espanha ou em Kuortane, na Finl\u00e2ndia.<\/p>\n\n\n\n<p>&#8220;Estou vivendo o auge de minha carreira. Me sinto muito preparada para buscar grandes resultados. Agrade\u00e7o cada palavra de incentivo e carinho recebida. Saibam que deixarei at\u00e9 minha \u00faltima gota de suor em cada competi\u00e7\u00e3o&#8221;, destaca a atleta. <\/p>\n\n\n\n<p>O grande objetivo da temporada \u00e9 carimbar a vaga para o Campeonato Mundial de Atletismo, que ocorre em julho, no Oregon (EUA). No retorno da turn\u00ea, Jaque buscar\u00e1 o t\u00edtulo in\u00e9dito no Trof\u00e9u Brasil de Atletismo, que ocorre entre os dias 22 a 25 em julho, no Rio de Janeiro.<\/p>\n","protected":false},"excerpt":{"rendered":"<p>A atleta da AMO\/Miller\/Certel\/Fila\/Languiru\/Saint Gallen, Jaqueline Weber, embarcou nesta ter\u00e7a-feira (17\/5) para Alicante, na Espanha. Ela come\u00e7a sua turn\u00ea de competi\u00e7\u00f5es representando a Sele\u00e7\u00e3o Brasileira no Campeonato Ibero-americano, em La Nucia. Jaque encara a semifinal dos 800 metros na sexta-feira (20\/5), \u00e0s 19h50 (hor\u00e1rio local) e em caso de classifica\u00e7\u00e3o, volta a pista no domingo [&hellip;]<\/p>\n","protected":false},"author":8,"featured_media":104513,"comment_status":"open","ping_status":"open","sticky":false,"template":"","format":"standard","meta":{"pmpro_default_level":"","_jetpack_memberships_contains_paid_content":false,"footnotes":""},"categories":[2,5],"tags":[8019,4939,9049],"class_list":{"0":"post-104512","1":"post","2":"type-post","3":"status-publish","4":"format-standard","5":"has-post-thumbnail","7":"category-featured","8":"category-esportes","9":"tag-competicoes","10":"tag-jaque-weber","11":"tag-tour-europa","12":"pmpro-has-access"},"yoast_head":"<!-- This site is optimized with the Yoast SEO plugin v27.5 - https:\/\/yoast.com\/product\/yoast-seo-wordpress\/ -->\n<title>Jaque Weber embarca para Tour Europa de competi\u00e7\u00f5es - Folha Popular<\/title>\n<meta name=\"robots\" content=\"index, follow, max-snippet:-1, max-image-preview:large, max-video-preview:-1\" \/>\n<link rel=\"canonical\" href=\"https:\/\/folhapopular.info\/index.php\/2022\/05\/17\/jaque-weber-embarca-para-tour-europa-de-competicoes\/\" \/>\n<meta property=\"og:locale\" content=\"pt_BR\" \/>\n<meta property=\"og:type\" content=\"article\" \/>\n<meta property=\"og:title\" content=\"Jaque Weber embarca para Tour Europa de competi\u00e7\u00f5es - Folha Popular\" \/>\n<meta property=\"og:description\" content=\"A atleta da AMO\/Miller\/Certel\/Fila\/Languiru\/Saint Gallen, Jaqueline Weber, embarcou nesta ter\u00e7a-feira (17\/5) para Alicante, na Espanha. Ela come\u00e7a sua turn\u00ea de competi\u00e7\u00f5es representando a Sele\u00e7\u00e3o Brasileira no Campeonato Ibero-americano, em La Nucia. Jaque encara a semifinal dos 800 metros na sexta-feira (20\/5), \u00e0s 19h50 (hor\u00e1rio local) e em caso de classifica\u00e7\u00e3o, volta a pista no domingo [&hellip;]\" \/>\n<meta property=\"og:url\" content=\"https:\/\/folhapopular.info\/index.php\/2022\/05\/17\/jaque-weber-embarca-para-tour-europa-de-competicoes\/\" \/>\n<meta property=\"og:site_name\" content=\"Folha Popular\" \/>\n<meta property=\"article:published_time\" content=\"2022-05-17T22:08:16+00:00\" \/>\n<meta property=\"article:modified_time\" content=\"2022-05-17T22:08:34+00:00\" \/>\n<meta property=\"og:image\" content=\"http:\/\/folhapopular.info\/wp-content\/uploads\/2022\/05\/WhatsApp-Image-2022-05-17-at-15.08.08-e1652825246258.jpeg\" \/>\n\t<meta property=\"og:image:width\" content=\"672\" \/>\n\t<meta property=\"og:image:height\" content=\"800\" \/>\n\t<meta property=\"og:image:type\" content=\"image\/jpeg\" \/>\n<meta name=\"author\" content=\"Reda\u00e7\u00e3o Folha Popular\" \/>\n<meta name=\"twitter:card\" content=\"summary_large_image\" \/>\n<meta name=\"twitter:label1\" content=\"Escrito por\" \/>\n\t<meta name=\"twitter:data1\" content=\"Reda\u00e7\u00e3o Folha Popular\" \/>\n\t<meta name=\"twitter:label2\" content=\"Est. tempo de leitura\" \/>\n\t<meta name=\"twitter:data2\" content=\"2 minutos\" \/>\n<script type=\"application\/ld+json\" class=\"yoast-schema-graph\">{\"@context\":\"https:\\\/\\\/schema.org\",\"@graph\":[{\"@type\":\"Article\",\"@id\":\"https:\\\/\\\/folhapopular.info\\\/index.php\\\/2022\\\/05\\\/17\\\/jaque-weber-embarca-para-tour-europa-de-competicoes\\\/#article\",\"isPartOf\":{\"@id\":\"https:\\\/\\\/folhapopular.info\\\/index.php\\\/2022\\\/05\\\/17\\\/jaque-weber-embarca-para-tour-europa-de-competicoes\\\/\"},\"author\":{\"name\":\"Reda\u00e7\u00e3o Folha Popular\",\"@id\":\"https:\\\/\\\/folhapopular.info\\\/#\\\/schema\\\/person\\\/2814e8a0df7643585a9ca38bc6eb9d4b\"},\"headline\":\"Jaque Weber embarca para Tour Europa de competi\u00e7\u00f5es\",\"datePublished\":\"2022-05-17T22:08:16+00:00\",\"dateModified\":\"2022-05-17T22:08:34+00:00\",\"mainEntityOfPage\":{\"@id\":\"https:\\\/\\\/folhapopular.info\\\/index.php\\\/2022\\\/05\\\/17\\\/jaque-weber-embarca-para-tour-europa-de-competicoes\\\/\"},\"wordCount\":260,\"commentCount\":0,\"image\":{\"@id\":\"https:\\\/\\\/folhapopular.info\\\/index.php\\\/2022\\\/05\\\/17\\\/jaque-weber-embarca-para-tour-europa-de-competicoes\\\/#primaryimage\"},\"thumbnailUrl\":\"https:\\\/\\\/folhapopular.info\\\/wp-content\\\/uploads\\\/2022\\\/05\\\/WhatsApp-Image-2022-05-17-at-15.08.08-e1652825246258.jpeg\",\"keywords\":[\"Competi\u00e7\u00f5es\",\"Jaque Weber\",\"Tour Europa\"],\"articleSection\":[\"Destaques\",\"Esportes\"],\"inLanguage\":\"pt-BR\",\"potentialAction\":[{\"@type\":\"CommentAction\",\"name\":\"Comment\",\"target\":[\"https:\\\/\\\/folhapopular.info\\\/index.php\\\/2022\\\/05\\\/17\\\/jaque-weber-embarca-para-tour-europa-de-competicoes\\\/#respond\"]}]},{\"@type\":\"WebPage\",\"@id\":\"https:\\\/\\\/folhapopular.info\\\/index.php\\\/2022\\\/05\\\/17\\\/jaque-weber-embarca-para-tour-europa-de-competicoes\\\/\",\"url\":\"https:\\\/\\\/folhapopular.info\\\/index.php\\\/2022\\\/05\\\/17\\\/jaque-weber-embarca-para-tour-europa-de-competicoes\\\/\",\"name\":\"Jaque Weber embarca para Tour Europa de competi\u00e7\u00f5es - Folha Popular\",\"isPartOf\":{\"@id\":\"https:\\\/\\\/folhapopular.info\\\/#website\"},\"primaryImageOfPage\":{\"@id\":\"https:\\\/\\\/folhapopular.info\\\/index.php\\\/2022\\\/05\\\/17\\\/jaque-weber-embarca-para-tour-europa-de-competicoes\\\/#primaryimage\"},\"image\":{\"@id\":\"https:\\\/\\\/folhapopular.info\\\/index.php\\\/2022\\\/05\\\/17\\\/jaque-weber-embarca-para-tour-europa-de-competicoes\\\/#primaryimage\"},\"thumbnailUrl\":\"https:\\\/\\\/folhapopular.info\\\/wp-content\\\/uploads\\\/2022\\\/05\\\/WhatsApp-Image-2022-05-17-at-15.08.08-e1652825246258.jpeg\",\"datePublished\":\"2022-05-17T22:08:16+00:00\",\"dateModified\":\"2022-05-17T22:08:34+00:00\",\"author\":{\"@id\":\"https:\\\/\\\/folhapopular.info\\\/#\\\/schema\\\/person\\\/2814e8a0df7643585a9ca38bc6eb9d4b\"},\"breadcrumb\":{\"@id\":\"https:\\\/\\\/folhapopular.info\\\/index.php\\\/2022\\\/05\\\/17\\\/jaque-weber-embarca-para-tour-europa-de-competicoes\\\/#breadcrumb\"},\"inLanguage\":\"pt-BR\",\"potentialAction\":[{\"@type\":\"ReadAction\",\"target\":[\"https:\\\/\\\/folhapopular.info\\\/index.php\\\/2022\\\/05\\\/17\\\/jaque-weber-embarca-para-tour-europa-de-competicoes\\\/\"]}]},{\"@type\":\"ImageObject\",\"inLanguage\":\"pt-BR\",\"@id\":\"https:\\\/\\\/folhapopular.info\\\/index.php\\\/2022\\\/05\\\/17\\\/jaque-weber-embarca-para-tour-europa-de-competicoes\\\/#primaryimage\",\"url\":\"https:\\\/\\\/folhapopular.info\\\/wp-content\\\/uploads\\\/2022\\\/05\\\/WhatsApp-Image-2022-05-17-at-15.08.08-e1652825246258.jpeg\",\"contentUrl\":\"https:\\\/\\\/folhapopular.info\\\/wp-content\\\/uploads\\\/2022\\\/05\\\/WhatsApp-Image-2022-05-17-at-15.08.08-e1652825246258.jpeg\",\"width\":672,\"height\":800,\"caption\":\"Ela come\u00e7a sua turn\u00ea de competi\u00e7\u00f5es representando a Sele\u00e7\u00e3o Brasileira no Campeonato Ibero-americano, em La Nucia\"},{\"@type\":\"BreadcrumbList\",\"@id\":\"https:\\\/\\\/folhapopular.info\\\/index.php\\\/2022\\\/05\\\/17\\\/jaque-weber-embarca-para-tour-europa-de-competicoes\\\/#breadcrumb\",\"itemListElement\":[{\"@type\":\"ListItem\",\"position\":1,\"name\":\"In\u00edcio\",\"item\":\"https:\\\/\\\/folhapopular.info\\\/\"},{\"@type\":\"ListItem\",\"position\":2,\"name\":\"Jaque Weber embarca para Tour Europa de competi\u00e7\u00f5es\"}]},{\"@type\":\"WebSite\",\"@id\":\"https:\\\/\\\/folhapopular.info\\\/#website\",\"url\":\"https:\\\/\\\/folhapopular.info\\\/\",\"name\":\"Folha Popular\",\"description\":\"Onde voc\u00ea tem vez e voz\",\"potentialAction\":[{\"@type\":\"SearchAction\",\"target\":{\"@type\":\"EntryPoint\",\"urlTemplate\":\"https:\\\/\\\/folhapopular.info\\\/?s={search_term_string}\"},\"query-input\":{\"@type\":\"PropertyValueSpecification\",\"valueRequired\":true,\"valueName\":\"search_term_string\"}}],\"inLanguage\":\"pt-BR\"},{\"@type\":\"Person\",\"@id\":\"https:\\\/\\\/folhapopular.info\\\/#\\\/schema\\\/person\\\/2814e8a0df7643585a9ca38bc6eb9d4b\",\"name\":\"Reda\u00e7\u00e3o Folha Popular\",\"image\":{\"@type\":\"ImageObject\",\"inLanguage\":\"pt-BR\",\"@id\":\"https:\\\/\\\/folhapopular.info\\\/wp-content\\\/uploads\\\/2026\\\/04\\\/Folha-1.webp\",\"url\":\"https:\\\/\\\/folhapopular.info\\\/wp-content\\\/uploads\\\/2026\\\/04\\\/Folha-1.webp\",\"contentUrl\":\"https:\\\/\\\/folhapopular.info\\\/wp-content\\\/uploads\\\/2026\\\/04\\\/Folha-1.webp\",\"caption\":\"Reda\u00e7\u00e3o Folha Popular\"},\"url\":\"https:\\\/\\\/folhapopular.info\\\/index.php\\\/author\\\/redacao\\\/\"}]}<\/script>\n<!-- \/ Yoast SEO plugin. -->","yoast_head_json":{"title":"Jaque Weber embarca para Tour Europa de competi\u00e7\u00f5es - Folha Popular","robots":{"index":"index","follow":"follow","max-snippet":"max-snippet:-1","max-image-preview":"max-image-preview:large","max-video-preview":"max-video-preview:-1"},"canonical":"https:\/\/folhapopular.info\/index.php\/2022\/05\/17\/jaque-weber-embarca-para-tour-europa-de-competicoes\/","og_locale":"pt_BR","og_type":"article","og_title":"Jaque Weber embarca para Tour Europa de competi\u00e7\u00f5es - Folha Popular","og_description":"A atleta da AMO\/Miller\/Certel\/Fila\/Languiru\/Saint Gallen, Jaqueline Weber, embarcou nesta ter\u00e7a-feira (17\/5) para Alicante, na Espanha. Ela come\u00e7a sua turn\u00ea de competi\u00e7\u00f5es representando a Sele\u00e7\u00e3o Brasileira no Campeonato Ibero-americano, em La Nucia. Jaque encara a semifinal dos 800 metros na sexta-feira (20\/5), \u00e0s 19h50 (hor\u00e1rio local) e em caso de classifica\u00e7\u00e3o, volta a pista no domingo [&hellip;]","og_url":"https:\/\/folhapopular.info\/index.php\/2022\/05\/17\/jaque-weber-embarca-para-tour-europa-de-competicoes\/","og_site_name":"Folha Popular","article_published_time":"2022-05-17T22:08:16+00:00","article_modified_time":"2022-05-17T22:08:34+00:00","og_image":[{"width":672,"height":800,"url":"http:\/\/folhapopular.info\/wp-content\/uploads\/2022\/05\/WhatsApp-Image-2022-05-17-at-15.08.08-e1652825246258.jpeg","type":"image\/jpeg"}],"author":"Reda\u00e7\u00e3o Folha Popular","twitter_card":"summary_large_image","twitter_misc":{"Escrito por":"Reda\u00e7\u00e3o Folha Popular","Est. tempo de leitura":"2 minutos"},"schema":{"@context":"https:\/\/schema.org","@graph":[{"@type":"Article","@id":"https:\/\/folhapopular.info\/index.php\/2022\/05\/17\/jaque-weber-embarca-para-tour-europa-de-competicoes\/#article","isPartOf":{"@id":"https:\/\/folhapopular.info\/index.php\/2022\/05\/17\/jaque-weber-embarca-para-tour-europa-de-competicoes\/"},"author":{"name":"Reda\u00e7\u00e3o Folha Popular","@id":"https:\/\/folhapopular.info\/#\/schema\/person\/2814e8a0df7643585a9ca38bc6eb9d4b"},"headline":"Jaque Weber embarca para Tour Europa de competi\u00e7\u00f5es","datePublished":"2022-05-17T22:08:16+00:00","dateModified":"2022-05-17T22:08:34+00:00","mainEntityOfPage":{"@id":"https:\/\/folhapopular.info\/index.php\/2022\/05\/17\/jaque-weber-embarca-para-tour-europa-de-competicoes\/"},"wordCount":260,"commentCount":0,"image":{"@id":"https:\/\/folhapopular.info\/index.php\/2022\/05\/17\/jaque-weber-embarca-para-tour-europa-de-competicoes\/#primaryimage"},"thumbnailUrl":"https:\/\/folhapopular.info\/wp-content\/uploads\/2022\/05\/WhatsApp-Image-2022-05-17-at-15.08.08-e1652825246258.jpeg","keywords":["Competi\u00e7\u00f5es","Jaque Weber","Tour Europa"],"articleSection":["Destaques","Esportes"],"inLanguage":"pt-BR","potentialAction":[{"@type":"CommentAction","name":"Comment","target":["https:\/\/folhapopular.info\/index.php\/2022\/05\/17\/jaque-weber-embarca-para-tour-europa-de-competicoes\/#respond"]}]},{"@type":"WebPage","@id":"https:\/\/folhapopular.info\/index.php\/2022\/05\/17\/jaque-weber-embarca-para-tour-europa-de-competicoes\/","url":"https:\/\/folhapopular.info\/index.php\/2022\/05\/17\/jaque-weber-embarca-para-tour-europa-de-competicoes\/","name":"Jaque Weber embarca para Tour Europa de competi\u00e7\u00f5es - Folha Popular","isPartOf":{"@id":"https:\/\/folhapopular.info\/#website"},"primaryImageOfPage":{"@id":"https:\/\/folhapopular.info\/index.php\/2022\/05\/17\/jaque-weber-embarca-para-tour-europa-de-competicoes\/#primaryimage"},"image":{"@id":"https:\/\/folhapopular.info\/index.php\/2022\/05\/17\/jaque-weber-embarca-para-tour-europa-de-competicoes\/#primaryimage"},"thumbnailUrl":"https:\/\/folhapopular.info\/wp-content\/uploads\/2022\/05\/WhatsApp-Image-2022-05-17-at-15.08.08-e1652825246258.jpeg","datePublished":"2022-05-17T22:08:16+00:00","dateModified":"2022-05-17T22:08:34+00:00","author":{"@id":"https:\/\/folhapopular.info\/#\/schema\/person\/2814e8a0df7643585a9ca38bc6eb9d4b"},"breadcrumb":{"@id":"https:\/\/folhapopular.info\/index.php\/2022\/05\/17\/jaque-weber-embarca-para-tour-europa-de-competicoes\/#breadcrumb"},"inLanguage":"pt-BR","potentialAction":[{"@type":"ReadAction","target":["https:\/\/folhapopular.info\/index.php\/2022\/05\/17\/jaque-weber-embarca-para-tour-europa-de-competicoes\/"]}]},{"@type":"ImageObject","inLanguage":"pt-BR","@id":"https:\/\/folhapopular.info\/index.php\/2022\/05\/17\/jaque-weber-embarca-para-tour-europa-de-competicoes\/#primaryimage","url":"https:\/\/folhapopular.info\/wp-content\/uploads\/2022\/05\/WhatsApp-Image-2022-05-17-at-15.08.08-e1652825246258.jpeg","contentUrl":"https:\/\/folhapopular.info\/wp-content\/uploads\/2022\/05\/WhatsApp-Image-2022-05-17-at-15.08.08-e1652825246258.jpeg","width":672,"height":800,"caption":"Ela come\u00e7a sua turn\u00ea de competi\u00e7\u00f5es representando a Sele\u00e7\u00e3o Brasileira no Campeonato Ibero-americano, em La Nucia"},{"@type":"BreadcrumbList","@id":"https:\/\/folhapopular.info\/index.php\/2022\/05\/17\/jaque-weber-embarca-para-tour-europa-de-competicoes\/#breadcrumb","itemListElement":[{"@type":"ListItem","position":1,"name":"In\u00edcio","item":"https:\/\/folhapopular.info\/"},{"@type":"ListItem","position":2,"name":"Jaque Weber embarca para Tour Europa de competi\u00e7\u00f5es"}]},{"@type":"WebSite","@id":"https:\/\/folhapopular.info\/#website","url":"https:\/\/folhapopular.info\/","name":"Folha Popular","description":"Onde voc\u00ea tem vez e voz","potentialAction":[{"@type":"SearchAction","target":{"@type":"EntryPoint","urlTemplate":"https:\/\/folhapopular.info\/?s={search_term_string}"},"query-input":{"@type":"PropertyValueSpecification","valueRequired":true,"valueName":"search_term_string"}}],"inLanguage":"pt-BR"},{"@type":"Person","@id":"https:\/\/folhapopular.info\/#\/schema\/person\/2814e8a0df7643585a9ca38bc6eb9d4b","name":"Reda\u00e7\u00e3o Folha Popular","image":{"@type":"ImageObject","inLanguage":"pt-BR","@id":"https:\/\/folhapopular.info\/wp-content\/uploads\/2026\/04\/Folha-1.webp","url":"https:\/\/folhapopular.info\/wp-content\/uploads\/2026\/04\/Folha-1.webp","contentUrl":"https:\/\/folhapopular.info\/wp-content\/uploads\/2026\/04\/Folha-1.webp","caption":"Reda\u00e7\u00e3o Folha Popular"},"url":"https:\/\/folhapopular.info\/index.php\/author\/redacao\/"}]}},"jetpack_featured_media_url":"https:\/\/folhapopular.info\/wp-content\/uploads\/2022\/05\/WhatsApp-Image-2022-05-17-at-15.08.08-e1652825246258.jpeg","jetpack_sharing_enabled":true,"amp_enabled":true,"_links":{"self":[{"href":"https:\/\/folhapopular.info\/index.php\/wp-json\/wp\/v2\/posts\/104512","targetHints":{"allow":["GET"]}}],"collection":[{"href":"https:\/\/folhapopular.info\/index.php\/wp-json\/wp\/v2\/posts"}],"about":[{"href":"https:\/\/folhapopular.info\/index.php\/wp-json\/wp\/v2\/types\/post"}],"author":[{"embeddable":true,"href":"https:\/\/folhapopular.info\/index.php\/wp-json\/wp\/v2\/users\/8"}],"replies":[{"embeddable":true,"href":"https:\/\/folhapopular.info\/index.php\/wp-json\/wp\/v2\/comments?post=104512"}],"version-history":[{"count":0,"href":"https:\/\/folhapopular.info\/index.php\/wp-json\/wp\/v2\/posts\/104512\/revisions"}],"wp:featuredmedia":[{"embeddable":true,"href":"https:\/\/folhapopular.info\/index.php\/wp-json\/wp\/v2\/media\/104513"}],"wp:attachment":[{"href":"https:\/\/folhapopular.info\/index.php\/wp-json\/wp\/v2\/media?parent=104512"}],"wp:term":[{"taxonomy":"category","embeddable":true,"href":"https:\/\/folhapopular.info\/index.php\/wp-json\/wp\/v2\/categories?post=104512"},{"taxonomy":"post_tag","embeddable":true,"href":"https:\/\/folhapopular.info\/index.php\/wp-json\/wp\/v2\/tags?post=104512"}],"curies":[{"name":"wp","href":"https:\/\/api.w.org\/{rel}","templated":true}]}}