{"id":104541,"date":"2022-05-18T17:03:31","date_gmt":"2022-05-18T20:03:31","guid":{"rendered":"https:\/\/folhapopular.info\/?p=104541"},"modified":"2022-05-18T17:03:36","modified_gmt":"2022-05-18T20:03:36","slug":"cic-teutonia-nao-tem-como-promover-o-acesso-ao-camarim-dos-artistas-na-festa-de-maio-2022","status":"publish","type":"post","link":"https:\/\/folhapopular.info\/index.php\/2022\/05\/18\/cic-teutonia-nao-tem-como-promover-o-acesso-ao-camarim-dos-artistas-na-festa-de-maio-2022\/","title":{"rendered":"CIC Teut\u00f4nia n\u00e3o tem como promover o acesso ao camarim dos artistas na Festa de Maio 2022"},"content":{"rendered":"\n<p>Faltam exatos sete dias para iniciar a Festa de Maio 2022. Ap\u00f3s quatro anos, o Centro Administrativo volta a receber mun\u00edcipes e visitantes para comemorar o anivers\u00e1rio do munic\u00edpio, que neste ano completa 41 anos.<\/p>\n\n\n\n<p>De toda a programa\u00e7\u00e3o da festa, o show do dia 28 de maio (s\u00e1bado) do sertanejo Luan Santana \u00e9 o mais aguardado. F\u00e3s e admiradoras querem estar pertinho do cantor neste dia. O camarim \u00e9 uma oportunidade \u00fanica delas abra\u00e7arem, conversarem e tirarem uma foto com o seu cantor preferido. No entanto, at\u00e9 o momento a C\u00e2mara de Ind\u00fastria, Com\u00e9rcio e Servi\u00e7os (CIC) de Teut\u00f4nia n\u00e3o tem como promover o acesso ao camarim de Luan Santana e dos demais artistas que estar\u00e3o presentes na festa. \u201cN\u00e3o teremos, apenas se o artista na hora aceitar, mas n\u00e3o prometemos para nenhum \u00f3rg\u00e3o\u201d, comenta Carina Schulte Bolfe, diretora Executiva da CIC Teut\u00f4nia.<\/p>\n\n\n\n<p>Carina tamb\u00e9m destaca sobre os ingressos para os shows. \u201cEstamos acima do esperado, mas n\u00e3o estamos divulgando o n\u00famero, somente venda antecipada acima do esperado\u201d, explica.<\/p>\n\n\n\n<p><strong>Ingressos <\/strong><\/p>\n\n\n\n<p><strong>Ingresso Normal<\/strong><\/p>\n\n\n\n<p><strong>Ingresso:<\/strong> R$ 12,00<\/p>\n\n\n\n<p><strong>VIP:<\/strong> R$ 30,00 (Segundo lote)<\/p>\n\n\n\n<p><strong>Camarote:<\/strong> R$ 40,00 (Segundo lote)<\/p>\n\n\n\n<p><strong>Ingresso Show Nacional<\/strong><\/p>\n\n\n\n<p><strong>Pista meia: <\/strong>R$ 20,00 (Terceiro lote)<\/p>\n\n\n\n<p><strong>Pista inteira:<\/strong> R$ 40,00 (Terceiro lote)<\/p>\n\n\n\n<p><strong>VIP:<\/strong> R$ 70,00 (Terceiro lote)<\/p>\n\n\n\n<p><strong>Camarote individual:<\/strong> Ingressos esgotados<\/p>\n\n\n\n<p><strong>Pontos de venda <\/strong><\/p>\n\n\n\n<p>Teut\u00f4nia: CIC Teut\u00f4nia e Mercado Languiru (Languiru e Canabarro)<\/p>\n\n\n\n<p>Bom Retiro do Sul: Lojas Certel<\/p>\n\n\n\n<p>Estrela: Lojas Certel<\/p>\n\n\n\n<p>Lajeado: Lojas Certel<\/p>\n\n\n\n<p>Arroio do Meio: Lojas Certel<\/p>\n\n\n\n<p>Garibaldi: Lojas Certel<\/p>\n\n\n\n<figure class=\"wp-block-embed is-type-wp-embed is-provider-festa-de-maio-de-teutonia wp-block-embed-festa-de-maio-de-teutonia\"><div class=\"wp-block-embed__wrapper\">\n<blockquote class=\"wp-embedded-content\" data-secret=\"zioAyI0r4Y\"><a href=\"https:\/\/festademaiodeteutonia.com.br\/\">Festa de Maio de Teut\u00f4nia &#8211; RS<\/a><\/blockquote><iframe loading=\"lazy\" class=\"wp-embedded-content\" sandbox=\"allow-scripts\" security=\"restricted\" style=\"position: absolute; clip: rect(1px, 1px, 1px, 1px);\" title=\"&#8220;Festa de Maio de Teut\u00f4nia &#8211; RS&#8221; &#8212; Festa de Maio de Teut\u00f4nia\" src=\"https:\/\/festademaiodeteutonia.com.br\/embed\/#?secret=JS2L0sUoo1#?secret=zioAyI0r4Y\" data-secret=\"zioAyI0r4Y\" width=\"600\" height=\"338\" frameborder=\"0\" marginwidth=\"0\" marginheight=\"0\" scrolling=\"no\"><\/iframe>\n<\/div><\/figure>\n\n\n\n<p>Confira a programa\u00e7\u00e3o completa da Festa de Maio<\/p>\n","protected":false},"excerpt":{"rendered":"<p>Faltam exatos sete dias para iniciar a Festa de Maio 2022. Ap\u00f3s quatro anos, o Centro Administrativo volta a receber mun\u00edcipes e visitantes para comemorar o anivers\u00e1rio do munic\u00edpio, que neste ano completa 41 anos. De toda a programa\u00e7\u00e3o da festa, o show do dia 28 de maio (s\u00e1bado) do sertanejo Luan Santana \u00e9 o [&hellip;]<\/p>\n","protected":false},"author":601,"featured_media":104542,"comment_status":"open","ping_status":"open","sticky":false,"template":"","format":"standard","meta":{"pmpro_default_level":"","_jetpack_memberships_contains_paid_content":false,"footnotes":""},"categories":[2,3],"tags":[6423,9055,39,6843,26],"class_list":{"0":"post-104541","1":"post","2":"type-post","3":"status-publish","4":"format-standard","5":"has-post-thumbnail","7":"category-featured","8":"category-geral","9":"tag-artistas","10":"tag-camarim","11":"tag-cic","12":"tag-festa-de-maio-2022","13":"tag-teutonia","14":"pmpro-has-access"},"yoast_head":"<!-- This site is optimized with the Yoast SEO plugin v27.5 - https:\/\/yoast.com\/product\/yoast-seo-wordpress\/ -->\n<title>CIC Teut\u00f4nia n\u00e3o tem como promover o acesso ao camarim dos artistas na Festa de Maio 2022 - Folha Popular<\/title>\n<meta name=\"robots\" content=\"index, follow, max-snippet:-1, max-image-preview:large, max-video-preview:-1\" \/>\n<link rel=\"canonical\" href=\"https:\/\/folhapopular.info\/index.php\/2022\/05\/18\/cic-teutonia-nao-tem-como-promover-o-acesso-ao-camarim-dos-artistas-na-festa-de-maio-2022\/\" \/>\n<meta property=\"og:locale\" content=\"pt_BR\" \/>\n<meta property=\"og:type\" content=\"article\" \/>\n<meta property=\"og:title\" content=\"CIC Teut\u00f4nia n\u00e3o tem como promover o acesso ao camarim dos artistas na Festa de Maio 2022 - Folha Popular\" \/>\n<meta property=\"og:description\" content=\"Faltam exatos sete dias para iniciar a Festa de Maio 2022. Ap\u00f3s quatro anos, o Centro Administrativo volta a receber mun\u00edcipes e visitantes para comemorar o anivers\u00e1rio do munic\u00edpio, que neste ano completa 41 anos. De toda a programa\u00e7\u00e3o da festa, o show do dia 28 de maio (s\u00e1bado) do sertanejo Luan Santana \u00e9 o [&hellip;]\" \/>\n<meta property=\"og:url\" content=\"https:\/\/folhapopular.info\/index.php\/2022\/05\/18\/cic-teutonia-nao-tem-como-promover-o-acesso-ao-camarim-dos-artistas-na-festa-de-maio-2022\/\" \/>\n<meta property=\"og:site_name\" content=\"Folha Popular\" \/>\n<meta property=\"article:published_time\" content=\"2022-05-18T20:03:31+00:00\" \/>\n<meta property=\"article:modified_time\" content=\"2022-05-18T20:03:36+00:00\" \/>\n<meta property=\"og:image\" content=\"http:\/\/folhapopular.info\/wp-content\/uploads\/2022\/05\/2022_05_17_Festa-de-Maio-Palco_LLB-e1652904170954.jpg\" \/>\n\t<meta property=\"og:image:width\" content=\"800\" \/>\n\t<meta property=\"og:image:height\" content=\"600\" \/>\n\t<meta property=\"og:image:type\" content=\"image\/jpeg\" \/>\n<meta name=\"author\" content=\"Carla Beckmann\" \/>\n<meta name=\"twitter:card\" content=\"summary_large_image\" \/>\n<meta name=\"twitter:label1\" content=\"Escrito por\" \/>\n\t<meta name=\"twitter:data1\" content=\"Carla Beckmann\" \/>\n\t<meta name=\"twitter:label2\" content=\"Est. tempo de leitura\" \/>\n\t<meta name=\"twitter:data2\" content=\"2 minutos\" \/>\n<script type=\"application\/ld+json\" class=\"yoast-schema-graph\">{\"@context\":\"https:\\\/\\\/schema.org\",\"@graph\":[{\"@type\":\"Article\",\"@id\":\"https:\\\/\\\/folhapopular.info\\\/index.php\\\/2022\\\/05\\\/18\\\/cic-teutonia-nao-tem-como-promover-o-acesso-ao-camarim-dos-artistas-na-festa-de-maio-2022\\\/#article\",\"isPartOf\":{\"@id\":\"https:\\\/\\\/folhapopular.info\\\/index.php\\\/2022\\\/05\\\/18\\\/cic-teutonia-nao-tem-como-promover-o-acesso-ao-camarim-dos-artistas-na-festa-de-maio-2022\\\/\"},\"author\":{\"name\":\"Carla Beckmann\",\"@id\":\"https:\\\/\\\/folhapopular.info\\\/#\\\/schema\\\/person\\\/c9138938e4781f3e1ca513f9bea5659c\"},\"headline\":\"CIC Teut\u00f4nia n\u00e3o tem como promover o acesso ao camarim dos artistas na Festa de Maio 2022\",\"datePublished\":\"2022-05-18T20:03:31+00:00\",\"dateModified\":\"2022-05-18T20:03:36+00:00\",\"mainEntityOfPage\":{\"@id\":\"https:\\\/\\\/folhapopular.info\\\/index.php\\\/2022\\\/05\\\/18\\\/cic-teutonia-nao-tem-como-promover-o-acesso-ao-camarim-dos-artistas-na-festa-de-maio-2022\\\/\"},\"wordCount\":286,\"commentCount\":0,\"image\":{\"@id\":\"https:\\\/\\\/folhapopular.info\\\/index.php\\\/2022\\\/05\\\/18\\\/cic-teutonia-nao-tem-como-promover-o-acesso-ao-camarim-dos-artistas-na-festa-de-maio-2022\\\/#primaryimage\"},\"thumbnailUrl\":\"https:\\\/\\\/folhapopular.info\\\/wp-content\\\/uploads\\\/2022\\\/05\\\/2022_05_17_Festa-de-Maio-Palco_LLB-e1652904170954.jpg\",\"keywords\":[\"artistas\",\"Camarim\",\"CIC\",\"Festa de Maio 2022\",\"Teut\u00f4nia\"],\"articleSection\":[\"Destaques\",\"Geral\"],\"inLanguage\":\"pt-BR\",\"potentialAction\":[{\"@type\":\"CommentAction\",\"name\":\"Comment\",\"target\":[\"https:\\\/\\\/folhapopular.info\\\/index.php\\\/2022\\\/05\\\/18\\\/cic-teutonia-nao-tem-como-promover-o-acesso-ao-camarim-dos-artistas-na-festa-de-maio-2022\\\/#respond\"]}]},{\"@type\":\"WebPage\",\"@id\":\"https:\\\/\\\/folhapopular.info\\\/index.php\\\/2022\\\/05\\\/18\\\/cic-teutonia-nao-tem-como-promover-o-acesso-ao-camarim-dos-artistas-na-festa-de-maio-2022\\\/\",\"url\":\"https:\\\/\\\/folhapopular.info\\\/index.php\\\/2022\\\/05\\\/18\\\/cic-teutonia-nao-tem-como-promover-o-acesso-ao-camarim-dos-artistas-na-festa-de-maio-2022\\\/\",\"name\":\"CIC Teut\u00f4nia n\u00e3o tem como promover o acesso ao camarim dos artistas na Festa de Maio 2022 - Folha Popular\",\"isPartOf\":{\"@id\":\"https:\\\/\\\/folhapopular.info\\\/#website\"},\"primaryImageOfPage\":{\"@id\":\"https:\\\/\\\/folhapopular.info\\\/index.php\\\/2022\\\/05\\\/18\\\/cic-teutonia-nao-tem-como-promover-o-acesso-ao-camarim-dos-artistas-na-festa-de-maio-2022\\\/#primaryimage\"},\"image\":{\"@id\":\"https:\\\/\\\/folhapopular.info\\\/index.php\\\/2022\\\/05\\\/18\\\/cic-teutonia-nao-tem-como-promover-o-acesso-ao-camarim-dos-artistas-na-festa-de-maio-2022\\\/#primaryimage\"},\"thumbnailUrl\":\"https:\\\/\\\/folhapopular.info\\\/wp-content\\\/uploads\\\/2022\\\/05\\\/2022_05_17_Festa-de-Maio-Palco_LLB-e1652904170954.jpg\",\"datePublished\":\"2022-05-18T20:03:31+00:00\",\"dateModified\":\"2022-05-18T20:03:36+00:00\",\"author\":{\"@id\":\"https:\\\/\\\/folhapopular.info\\\/#\\\/schema\\\/person\\\/c9138938e4781f3e1ca513f9bea5659c\"},\"breadcrumb\":{\"@id\":\"https:\\\/\\\/folhapopular.info\\\/index.php\\\/2022\\\/05\\\/18\\\/cic-teutonia-nao-tem-como-promover-o-acesso-ao-camarim-dos-artistas-na-festa-de-maio-2022\\\/#breadcrumb\"},\"inLanguage\":\"pt-BR\",\"potentialAction\":[{\"@type\":\"ReadAction\",\"target\":[\"https:\\\/\\\/folhapopular.info\\\/index.php\\\/2022\\\/05\\\/18\\\/cic-teutonia-nao-tem-como-promover-o-acesso-ao-camarim-dos-artistas-na-festa-de-maio-2022\\\/\"]}]},{\"@type\":\"ImageObject\",\"inLanguage\":\"pt-BR\",\"@id\":\"https:\\\/\\\/folhapopular.info\\\/index.php\\\/2022\\\/05\\\/18\\\/cic-teutonia-nao-tem-como-promover-o-acesso-ao-camarim-dos-artistas-na-festa-de-maio-2022\\\/#primaryimage\",\"url\":\"https:\\\/\\\/folhapopular.info\\\/wp-content\\\/uploads\\\/2022\\\/05\\\/2022_05_17_Festa-de-Maio-Palco_LLB-e1652904170954.jpg\",\"contentUrl\":\"https:\\\/\\\/folhapopular.info\\\/wp-content\\\/uploads\\\/2022\\\/05\\\/2022_05_17_Festa-de-Maio-Palco_LLB-e1652904170954.jpg\",\"width\":800,\"height\":600,\"caption\":\"Palco dos shows j\u00e1 est\u00e1 sendo montado \\\/ Cr\u00e9dito da foto: Lucas Leandro Brune\"},{\"@type\":\"BreadcrumbList\",\"@id\":\"https:\\\/\\\/folhapopular.info\\\/index.php\\\/2022\\\/05\\\/18\\\/cic-teutonia-nao-tem-como-promover-o-acesso-ao-camarim-dos-artistas-na-festa-de-maio-2022\\\/#breadcrumb\",\"itemListElement\":[{\"@type\":\"ListItem\",\"position\":1,\"name\":\"In\u00edcio\",\"item\":\"https:\\\/\\\/folhapopular.info\\\/\"},{\"@type\":\"ListItem\",\"position\":2,\"name\":\"CIC Teut\u00f4nia n\u00e3o tem como promover o acesso ao camarim dos artistas na Festa de Maio 2022\"}]},{\"@type\":\"WebSite\",\"@id\":\"https:\\\/\\\/folhapopular.info\\\/#website\",\"url\":\"https:\\\/\\\/folhapopular.info\\\/\",\"name\":\"Folha Popular\",\"description\":\"Onde voc\u00ea tem vez e voz\",\"potentialAction\":[{\"@type\":\"SearchAction\",\"target\":{\"@type\":\"EntryPoint\",\"urlTemplate\":\"https:\\\/\\\/folhapopular.info\\\/?s={search_term_string}\"},\"query-input\":{\"@type\":\"PropertyValueSpecification\",\"valueRequired\":true,\"valueName\":\"search_term_string\"}}],\"inLanguage\":\"pt-BR\"},{\"@type\":\"Person\",\"@id\":\"https:\\\/\\\/folhapopular.info\\\/#\\\/schema\\\/person\\\/c9138938e4781f3e1ca513f9bea5659c\",\"name\":\"Carla Beckmann\",\"image\":{\"@type\":\"ImageObject\",\"inLanguage\":\"pt-BR\",\"@id\":\"https:\\\/\\\/secure.gravatar.com\\\/avatar\\\/790078f6ade9f70c31db5a673b88c15df0904c2847c456b3599f72843ac11eb9?s=96&d=mm&r=g\",\"url\":\"https:\\\/\\\/secure.gravatar.com\\\/avatar\\\/790078f6ade9f70c31db5a673b88c15df0904c2847c456b3599f72843ac11eb9?s=96&d=mm&r=g\",\"contentUrl\":\"https:\\\/\\\/secure.gravatar.com\\\/avatar\\\/790078f6ade9f70c31db5a673b88c15df0904c2847c456b3599f72843ac11eb9?s=96&d=mm&r=g\",\"caption\":\"Carla Beckmann\"},\"url\":\"https:\\\/\\\/folhapopular.info\\\/index.php\\\/author\\\/carlabeckmann03gmail-com\\\/\"}]}<\/script>\n<!-- \/ Yoast SEO plugin. -->","yoast_head_json":{"title":"CIC Teut\u00f4nia n\u00e3o tem como promover o acesso ao camarim dos artistas na Festa de Maio 2022 - Folha Popular","robots":{"index":"index","follow":"follow","max-snippet":"max-snippet:-1","max-image-preview":"max-image-preview:large","max-video-preview":"max-video-preview:-1"},"canonical":"https:\/\/folhapopular.info\/index.php\/2022\/05\/18\/cic-teutonia-nao-tem-como-promover-o-acesso-ao-camarim-dos-artistas-na-festa-de-maio-2022\/","og_locale":"pt_BR","og_type":"article","og_title":"CIC Teut\u00f4nia n\u00e3o tem como promover o acesso ao camarim dos artistas na Festa de Maio 2022 - Folha Popular","og_description":"Faltam exatos sete dias para iniciar a Festa de Maio 2022. Ap\u00f3s quatro anos, o Centro Administrativo volta a receber mun\u00edcipes e visitantes para comemorar o anivers\u00e1rio do munic\u00edpio, que neste ano completa 41 anos. De toda a programa\u00e7\u00e3o da festa, o show do dia 28 de maio (s\u00e1bado) do sertanejo Luan Santana \u00e9 o [&hellip;]","og_url":"https:\/\/folhapopular.info\/index.php\/2022\/05\/18\/cic-teutonia-nao-tem-como-promover-o-acesso-ao-camarim-dos-artistas-na-festa-de-maio-2022\/","og_site_name":"Folha Popular","article_published_time":"2022-05-18T20:03:31+00:00","article_modified_time":"2022-05-18T20:03:36+00:00","og_image":[{"width":800,"height":600,"url":"http:\/\/folhapopular.info\/wp-content\/uploads\/2022\/05\/2022_05_17_Festa-de-Maio-Palco_LLB-e1652904170954.jpg","type":"image\/jpeg"}],"author":"Carla Beckmann","twitter_card":"summary_large_image","twitter_misc":{"Escrito por":"Carla Beckmann","Est. tempo de leitura":"2 minutos"},"schema":{"@context":"https:\/\/schema.org","@graph":[{"@type":"Article","@id":"https:\/\/folhapopular.info\/index.php\/2022\/05\/18\/cic-teutonia-nao-tem-como-promover-o-acesso-ao-camarim-dos-artistas-na-festa-de-maio-2022\/#article","isPartOf":{"@id":"https:\/\/folhapopular.info\/index.php\/2022\/05\/18\/cic-teutonia-nao-tem-como-promover-o-acesso-ao-camarim-dos-artistas-na-festa-de-maio-2022\/"},"author":{"name":"Carla Beckmann","@id":"https:\/\/folhapopular.info\/#\/schema\/person\/c9138938e4781f3e1ca513f9bea5659c"},"headline":"CIC Teut\u00f4nia n\u00e3o tem como promover o acesso ao camarim dos artistas na Festa de Maio 2022","datePublished":"2022-05-18T20:03:31+00:00","dateModified":"2022-05-18T20:03:36+00:00","mainEntityOfPage":{"@id":"https:\/\/folhapopular.info\/index.php\/2022\/05\/18\/cic-teutonia-nao-tem-como-promover-o-acesso-ao-camarim-dos-artistas-na-festa-de-maio-2022\/"},"wordCount":286,"commentCount":0,"image":{"@id":"https:\/\/folhapopular.info\/index.php\/2022\/05\/18\/cic-teutonia-nao-tem-como-promover-o-acesso-ao-camarim-dos-artistas-na-festa-de-maio-2022\/#primaryimage"},"thumbnailUrl":"https:\/\/folhapopular.info\/wp-content\/uploads\/2022\/05\/2022_05_17_Festa-de-Maio-Palco_LLB-e1652904170954.jpg","keywords":["artistas","Camarim","CIC","Festa de Maio 2022","Teut\u00f4nia"],"articleSection":["Destaques","Geral"],"inLanguage":"pt-BR","potentialAction":[{"@type":"CommentAction","name":"Comment","target":["https:\/\/folhapopular.info\/index.php\/2022\/05\/18\/cic-teutonia-nao-tem-como-promover-o-acesso-ao-camarim-dos-artistas-na-festa-de-maio-2022\/#respond"]}]},{"@type":"WebPage","@id":"https:\/\/folhapopular.info\/index.php\/2022\/05\/18\/cic-teutonia-nao-tem-como-promover-o-acesso-ao-camarim-dos-artistas-na-festa-de-maio-2022\/","url":"https:\/\/folhapopular.info\/index.php\/2022\/05\/18\/cic-teutonia-nao-tem-como-promover-o-acesso-ao-camarim-dos-artistas-na-festa-de-maio-2022\/","name":"CIC Teut\u00f4nia n\u00e3o tem como promover o acesso ao camarim dos artistas na Festa de Maio 2022 - Folha Popular","isPartOf":{"@id":"https:\/\/folhapopular.info\/#website"},"primaryImageOfPage":{"@id":"https:\/\/folhapopular.info\/index.php\/2022\/05\/18\/cic-teutonia-nao-tem-como-promover-o-acesso-ao-camarim-dos-artistas-na-festa-de-maio-2022\/#primaryimage"},"image":{"@id":"https:\/\/folhapopular.info\/index.php\/2022\/05\/18\/cic-teutonia-nao-tem-como-promover-o-acesso-ao-camarim-dos-artistas-na-festa-de-maio-2022\/#primaryimage"},"thumbnailUrl":"https:\/\/folhapopular.info\/wp-content\/uploads\/2022\/05\/2022_05_17_Festa-de-Maio-Palco_LLB-e1652904170954.jpg","datePublished":"2022-05-18T20:03:31+00:00","dateModified":"2022-05-18T20:03:36+00:00","author":{"@id":"https:\/\/folhapopular.info\/#\/schema\/person\/c9138938e4781f3e1ca513f9bea5659c"},"breadcrumb":{"@id":"https:\/\/folhapopular.info\/index.php\/2022\/05\/18\/cic-teutonia-nao-tem-como-promover-o-acesso-ao-camarim-dos-artistas-na-festa-de-maio-2022\/#breadcrumb"},"inLanguage":"pt-BR","potentialAction":[{"@type":"ReadAction","target":["https:\/\/folhapopular.info\/index.php\/2022\/05\/18\/cic-teutonia-nao-tem-como-promover-o-acesso-ao-camarim-dos-artistas-na-festa-de-maio-2022\/"]}]},{"@type":"ImageObject","inLanguage":"pt-BR","@id":"https:\/\/folhapopular.info\/index.php\/2022\/05\/18\/cic-teutonia-nao-tem-como-promover-o-acesso-ao-camarim-dos-artistas-na-festa-de-maio-2022\/#primaryimage","url":"https:\/\/folhapopular.info\/wp-content\/uploads\/2022\/05\/2022_05_17_Festa-de-Maio-Palco_LLB-e1652904170954.jpg","contentUrl":"https:\/\/folhapopular.info\/wp-content\/uploads\/2022\/05\/2022_05_17_Festa-de-Maio-Palco_LLB-e1652904170954.jpg","width":800,"height":600,"caption":"Palco dos shows j\u00e1 est\u00e1 sendo montado \/ Cr\u00e9dito da foto: Lucas Leandro Brune"},{"@type":"BreadcrumbList","@id":"https:\/\/folhapopular.info\/index.php\/2022\/05\/18\/cic-teutonia-nao-tem-como-promover-o-acesso-ao-camarim-dos-artistas-na-festa-de-maio-2022\/#breadcrumb","itemListElement":[{"@type":"ListItem","position":1,"name":"In\u00edcio","item":"https:\/\/folhapopular.info\/"},{"@type":"ListItem","position":2,"name":"CIC Teut\u00f4nia n\u00e3o tem como promover o acesso ao camarim dos artistas na Festa de Maio 2022"}]},{"@type":"WebSite","@id":"https:\/\/folhapopular.info\/#website","url":"https:\/\/folhapopular.info\/","name":"Folha Popular","description":"Onde voc\u00ea tem vez e voz","potentialAction":[{"@type":"SearchAction","target":{"@type":"EntryPoint","urlTemplate":"https:\/\/folhapopular.info\/?s={search_term_string}"},"query-input":{"@type":"PropertyValueSpecification","valueRequired":true,"valueName":"search_term_string"}}],"inLanguage":"pt-BR"},{"@type":"Person","@id":"https:\/\/folhapopular.info\/#\/schema\/person\/c9138938e4781f3e1ca513f9bea5659c","name":"Carla Beckmann","image":{"@type":"ImageObject","inLanguage":"pt-BR","@id":"https:\/\/secure.gravatar.com\/avatar\/790078f6ade9f70c31db5a673b88c15df0904c2847c456b3599f72843ac11eb9?s=96&d=mm&r=g","url":"https:\/\/secure.gravatar.com\/avatar\/790078f6ade9f70c31db5a673b88c15df0904c2847c456b3599f72843ac11eb9?s=96&d=mm&r=g","contentUrl":"https:\/\/secure.gravatar.com\/avatar\/790078f6ade9f70c31db5a673b88c15df0904c2847c456b3599f72843ac11eb9?s=96&d=mm&r=g","caption":"Carla Beckmann"},"url":"https:\/\/folhapopular.info\/index.php\/author\/carlabeckmann03gmail-com\/"}]}},"jetpack_featured_media_url":"https:\/\/folhapopular.info\/wp-content\/uploads\/2022\/05\/2022_05_17_Festa-de-Maio-Palco_LLB-e1652904170954.jpg","jetpack_sharing_enabled":true,"amp_enabled":true,"_links":{"self":[{"href":"https:\/\/folhapopular.info\/index.php\/wp-json\/wp\/v2\/posts\/104541","targetHints":{"allow":["GET"]}}],"collection":[{"href":"https:\/\/folhapopular.info\/index.php\/wp-json\/wp\/v2\/posts"}],"about":[{"href":"https:\/\/folhapopular.info\/index.php\/wp-json\/wp\/v2\/types\/post"}],"author":[{"embeddable":true,"href":"https:\/\/folhapopular.info\/index.php\/wp-json\/wp\/v2\/users\/601"}],"replies":[{"embeddable":true,"href":"https:\/\/folhapopular.info\/index.php\/wp-json\/wp\/v2\/comments?post=104541"}],"version-history":[{"count":0,"href":"https:\/\/folhapopular.info\/index.php\/wp-json\/wp\/v2\/posts\/104541\/revisions"}],"wp:featuredmedia":[{"embeddable":true,"href":"https:\/\/folhapopular.info\/index.php\/wp-json\/wp\/v2\/media\/104542"}],"wp:attachment":[{"href":"https:\/\/folhapopular.info\/index.php\/wp-json\/wp\/v2\/media?parent=104541"}],"wp:term":[{"taxonomy":"category","embeddable":true,"href":"https:\/\/folhapopular.info\/index.php\/wp-json\/wp\/v2\/categories?post=104541"},{"taxonomy":"post_tag","embeddable":true,"href":"https:\/\/folhapopular.info\/index.php\/wp-json\/wp\/v2\/tags?post=104541"}],"curies":[{"name":"wp","href":"https:\/\/api.w.org\/{rel}","templated":true}]}}