{"id":104738,"date":"2022-05-20T23:28:18","date_gmt":"2022-05-21T02:28:18","guid":{"rendered":"https:\/\/folhapopular.info\/?p=104738"},"modified":"2022-05-21T10:41:21","modified_gmt":"2022-05-21T13:41:21","slug":"fafa-de-belem-foi-a-cereja-do-bolo-de-aniversario-de-estrela","status":"publish","type":"post","link":"https:\/\/folhapopular.info\/index.php\/2022\/05\/20\/fafa-de-belem-foi-a-cereja-do-bolo-de-aniversario-de-estrela\/","title":{"rendered":"Faf\u00e1 de Bel\u00e9m foi a cereja do bolo de anivers\u00e1rio de Estrela"},"content":{"rendered":"\n<p class=\"wp-block-paragraph\">O Governo de Estrela apresentou, na noite dessa sexta-feira (20\/5), o show nacional de Faf\u00e1 de Bel\u00e9m. A cantora subiu ao palco as 20h. O evento foi realizado no Parque Princesa do Vale.<\/p>\n\n\n\n<p class=\"wp-block-paragraph\">A atriz, cantora e apresentadora trouxe para Estrela seu repert\u00f3rio de grandes sucessos. Mesmo com o frio, um expressivo p\u00fablico aproveitou o espet\u00e1culo. As can\u00e7\u00f5es \u201cNuvem de L\u00e1grimas\u201d, \u201cAbandonada\u201d e \u201cNossa Senhora\u201d foram cantadas com emo\u00e7\u00e3o pela plateia.<\/p>\n\n\n\n<p class=\"wp-block-paragraph\">Em coletiva de imprensa na manh\u00e3 dessa sexta, Faf\u00e1 falou sobre sua rela\u00e7\u00e3o com o Rio Grande do Sul. \u201c\u00c9 muito forte. Em 1976, eu fiz 20 anos aqui, em Porto Alegre. Eu tinha lan\u00e7ado meu primeiro disco. E, nesse disco, h\u00e1 compositores ga\u00fachos. Come\u00e7amos a turn\u00ea por Porto Alegre\u201d.<\/p>\n\n\n\n<p class=\"wp-block-paragraph\">De acordo com a cantora, Estrela foi o primeiro show contratado ap\u00f3s paralisa\u00e7\u00e3o pela pandemia. \u201cForam dois anos dif\u00edceis para todos. Este foi o primeiro show que eu autorizei fechar. Eu estava negando; com medo da contamina\u00e7\u00e3o\u201d.<\/p>\n\n\n\n<figure class=\"wp-block-image size-large\"><img loading=\"lazy\" decoding=\"async\" width=\"1024\" height=\"683\" src=\"https:\/\/folhapopular.info\/wp-content\/uploads\/2022\/05\/PVR5355-1024x683.jpg\" alt=\"\" class=\"wp-image-104741\" srcset=\"https:\/\/folhapopular.info\/wp-content\/uploads\/2022\/05\/PVR5355-1024x683.jpg 1024w, https:\/\/folhapopular.info\/wp-content\/uploads\/2022\/05\/PVR5355-300x200.jpg 300w, https:\/\/folhapopular.info\/wp-content\/uploads\/2022\/05\/PVR5355-768x512.jpg 768w, https:\/\/folhapopular.info\/wp-content\/uploads\/2022\/05\/PVR5355-1536x1024.jpg 1536w, https:\/\/folhapopular.info\/wp-content\/uploads\/2022\/05\/PVR5355-2048x1365.jpg 2048w, https:\/\/folhapopular.info\/wp-content\/uploads\/2022\/05\/PVR5355-696x464.jpg 696w, https:\/\/folhapopular.info\/wp-content\/uploads\/2022\/05\/PVR5355-1068x712.jpg 1068w, https:\/\/folhapopular.info\/wp-content\/uploads\/2022\/05\/PVR5355-1920x1280.jpg 1920w\" sizes=\"auto, (max-width: 1024px) 100vw, 1024px\" \/><figcaption>Pablo Reis\/Governo de Estrela<\/figcaption><\/figure>\n\n\n\n<p class=\"wp-block-paragraph\">O soprar das velas de 146 anos foi no palco, com Faf\u00e1 de Bel\u00e9m. O prefeito de Estrela, Elmar Schneider, falou sobre a alegria da comemora\u00e7\u00e3o. \u201cSignifica muito para a nossa comunidade. Foi uma noite memor\u00e1vel; inesquec\u00edvel\u201d.<\/p>\n\n\n\n<p class=\"wp-block-paragraph\">Presente no anivers\u00e1rio, o prefeito de Teut\u00f4nia, Celso Forneck, parabenizou Estrela e revelou suas expectativas para a Festa de Maio. \u201cEstamos muito ansiosos para que tudo ocorra bem; que o tempo ajude. A previs\u00e3o \u00e9 de p\u00fablico recorde pela quantidade de ingressos vendidos. E quando nosso munic\u00edpio m\u00e3e faz anivers\u00e1rio, queremos prestigiar; queremos estar pr\u00f3ximos\u201d.<\/p>\n\n\n\n<p class=\"wp-block-paragraph\">A mobiliza\u00e7\u00e3o no Parque Princesa do Vale iniciou \u00e0s 17h. Antes de Faf\u00e1, a Banda Apple \u00e9 quem comandou a festa.<\/p>\n\n\n\n<figure class=\"wp-block-video\"><video height=\"848\" style=\"aspect-ratio: 480 \/ 848;\" width=\"480\" controls src=\"https:\/\/folhapopular.info\/wp-content\/uploads\/2022\/05\/d6c87386-fe51-4a92-9bd5-34e34e6789c0.mov\"><\/video><figcaption>Cr\u00e9dito: Bruna Roc<\/figcaption><\/figure>\n","protected":false},"excerpt":{"rendered":"<p>O Governo de Estrela apresentou, na noite dessa sexta-feira (20\/5), o show nacional de Faf\u00e1 de Bel\u00e9m. A cantora subiu ao palco as 20h. O evento foi realizado no Parque Princesa do Vale. A atriz, cantora e apresentadora trouxe para Estrela seu repert\u00f3rio de grandes sucessos. Mesmo com o frio, um expressivo p\u00fablico aproveitou o [&hellip;]<\/p>\n","protected":false},"author":8,"featured_media":104739,"comment_status":"open","ping_status":"open","sticky":false,"template":"","format":"standard","meta":{"pmpro_default_level":"","_jetpack_memberships_contains_paid_content":false,"footnotes":""},"categories":[3],"tags":[8,156],"class_list":["post-104738","post","type-post","status-publish","format-standard","has-post-thumbnail","category-geral","tag-estrela","tag-vale-do-taquari","pmpro-has-access"],"yoast_head":"<!-- This site is optimized with the Yoast SEO plugin v28.4 - https:\/\/yoast.com\/product\/yoast-seo-wordpress\/ -->\n<title>Faf\u00e1 de Bel\u00e9m foi a cereja do bolo de anivers\u00e1rio de Estrela - Folha Popular<\/title>\n<meta name=\"robots\" content=\"index, follow, max-snippet:-1, max-image-preview:large, max-video-preview:-1\" \/>\n<link rel=\"canonical\" href=\"https:\/\/folhapopular.info\/index.php\/2022\/05\/20\/fafa-de-belem-foi-a-cereja-do-bolo-de-aniversario-de-estrela\/\" \/>\n<meta property=\"og:locale\" content=\"pt_BR\" \/>\n<meta property=\"og:type\" content=\"article\" \/>\n<meta property=\"og:title\" content=\"Faf\u00e1 de Bel\u00e9m foi a cereja do bolo de anivers\u00e1rio de Estrela - Folha Popular\" \/>\n<meta property=\"og:description\" content=\"O Governo de Estrela apresentou, na noite dessa sexta-feira (20\/5), o show nacional de Faf\u00e1 de Bel\u00e9m. A cantora subiu ao palco as 20h. O evento foi realizado no Parque Princesa do Vale. A atriz, cantora e apresentadora trouxe para Estrela seu repert\u00f3rio de grandes sucessos. Mesmo com o frio, um expressivo p\u00fablico aproveitou o [&hellip;]\" \/>\n<meta property=\"og:url\" content=\"https:\/\/folhapopular.info\/index.php\/2022\/05\/20\/fafa-de-belem-foi-a-cereja-do-bolo-de-aniversario-de-estrela\/\" \/>\n<meta property=\"og:site_name\" content=\"Folha Popular\" \/>\n<meta property=\"article:published_time\" content=\"2022-05-21T02:28:18+00:00\" \/>\n<meta property=\"article:modified_time\" content=\"2022-05-21T13:41:21+00:00\" \/>\n<meta property=\"og:image\" content=\"http:\/\/folhapopular.info\/wp-content\/uploads\/2022\/05\/PVR5400-scaled.jpg\" \/>\n\t<meta property=\"og:image:width\" content=\"2560\" \/>\n\t<meta property=\"og:image:height\" content=\"1707\" \/>\n\t<meta property=\"og:image:type\" content=\"image\/jpeg\" \/>\n<meta name=\"author\" content=\"Reda\u00e7\u00e3o Folha Popular\" \/>\n<meta name=\"twitter:card\" content=\"summary_large_image\" \/>\n<meta name=\"twitter:label1\" content=\"Escrito por\" \/>\n\t<meta name=\"twitter:data1\" content=\"Reda\u00e7\u00e3o Folha Popular\" \/>\n\t<meta name=\"twitter:label2\" content=\"Est. tempo de leitura\" \/>\n\t<meta name=\"twitter:data2\" content=\"2 minutos\" \/>\n<script type=\"application\/ld+json\" class=\"yoast-schema-graph\">{\"@context\":\"https:\\\/\\\/schema.org\",\"@graph\":[{\"@type\":\"Article\",\"@id\":\"https:\\\/\\\/folhapopular.info\\\/index.php\\\/2022\\\/05\\\/20\\\/fafa-de-belem-foi-a-cereja-do-bolo-de-aniversario-de-estrela\\\/#article\",\"isPartOf\":{\"@id\":\"https:\\\/\\\/folhapopular.info\\\/index.php\\\/2022\\\/05\\\/20\\\/fafa-de-belem-foi-a-cereja-do-bolo-de-aniversario-de-estrela\\\/\"},\"author\":{\"name\":\"Reda\u00e7\u00e3o Folha Popular\",\"@id\":\"https:\\\/\\\/folhapopular.info\\\/#\\\/schema\\\/person\\\/2814e8a0df7643585a9ca38bc6eb9d4b\"},\"headline\":\"Faf\u00e1 de Bel\u00e9m foi a cereja do bolo de anivers\u00e1rio de Estrela\",\"datePublished\":\"2022-05-21T02:28:18+00:00\",\"dateModified\":\"2022-05-21T13:41:21+00:00\",\"mainEntityOfPage\":{\"@id\":\"https:\\\/\\\/folhapopular.info\\\/index.php\\\/2022\\\/05\\\/20\\\/fafa-de-belem-foi-a-cereja-do-bolo-de-aniversario-de-estrela\\\/\"},\"wordCount\":315,\"commentCount\":0,\"image\":{\"@id\":\"https:\\\/\\\/folhapopular.info\\\/index.php\\\/2022\\\/05\\\/20\\\/fafa-de-belem-foi-a-cereja-do-bolo-de-aniversario-de-estrela\\\/#primaryimage\"},\"thumbnailUrl\":\"https:\\\/\\\/folhapopular.info\\\/wp-content\\\/uploads\\\/2022\\\/05\\\/PVR5400-scaled.jpg\",\"keywords\":[\"Estrela\",\"Vale do Taquari\"],\"articleSection\":[\"Geral\"],\"inLanguage\":\"pt-BR\",\"potentialAction\":[{\"@type\":\"CommentAction\",\"name\":\"Comment\",\"target\":[\"https:\\\/\\\/folhapopular.info\\\/index.php\\\/2022\\\/05\\\/20\\\/fafa-de-belem-foi-a-cereja-do-bolo-de-aniversario-de-estrela\\\/#respond\"]}]},{\"@type\":\"WebPage\",\"@id\":\"https:\\\/\\\/folhapopular.info\\\/index.php\\\/2022\\\/05\\\/20\\\/fafa-de-belem-foi-a-cereja-do-bolo-de-aniversario-de-estrela\\\/\",\"url\":\"https:\\\/\\\/folhapopular.info\\\/index.php\\\/2022\\\/05\\\/20\\\/fafa-de-belem-foi-a-cereja-do-bolo-de-aniversario-de-estrela\\\/\",\"name\":\"Faf\u00e1 de Bel\u00e9m foi a cereja do bolo de anivers\u00e1rio de Estrela - Folha Popular\",\"isPartOf\":{\"@id\":\"https:\\\/\\\/folhapopular.info\\\/#website\"},\"primaryImageOfPage\":{\"@id\":\"https:\\\/\\\/folhapopular.info\\\/index.php\\\/2022\\\/05\\\/20\\\/fafa-de-belem-foi-a-cereja-do-bolo-de-aniversario-de-estrela\\\/#primaryimage\"},\"image\":{\"@id\":\"https:\\\/\\\/folhapopular.info\\\/index.php\\\/2022\\\/05\\\/20\\\/fafa-de-belem-foi-a-cereja-do-bolo-de-aniversario-de-estrela\\\/#primaryimage\"},\"thumbnailUrl\":\"https:\\\/\\\/folhapopular.info\\\/wp-content\\\/uploads\\\/2022\\\/05\\\/PVR5400-scaled.jpg\",\"datePublished\":\"2022-05-21T02:28:18+00:00\",\"dateModified\":\"2022-05-21T13:41:21+00:00\",\"author\":{\"@id\":\"https:\\\/\\\/folhapopular.info\\\/#\\\/schema\\\/person\\\/2814e8a0df7643585a9ca38bc6eb9d4b\"},\"breadcrumb\":{\"@id\":\"https:\\\/\\\/folhapopular.info\\\/index.php\\\/2022\\\/05\\\/20\\\/fafa-de-belem-foi-a-cereja-do-bolo-de-aniversario-de-estrela\\\/#breadcrumb\"},\"inLanguage\":\"pt-BR\",\"potentialAction\":[{\"@type\":\"ReadAction\",\"target\":[\"https:\\\/\\\/folhapopular.info\\\/index.php\\\/2022\\\/05\\\/20\\\/fafa-de-belem-foi-a-cereja-do-bolo-de-aniversario-de-estrela\\\/\"]}]},{\"@type\":\"ImageObject\",\"inLanguage\":\"pt-BR\",\"@id\":\"https:\\\/\\\/folhapopular.info\\\/index.php\\\/2022\\\/05\\\/20\\\/fafa-de-belem-foi-a-cereja-do-bolo-de-aniversario-de-estrela\\\/#primaryimage\",\"url\":\"https:\\\/\\\/folhapopular.info\\\/wp-content\\\/uploads\\\/2022\\\/05\\\/PVR5400-scaled.jpg\",\"contentUrl\":\"https:\\\/\\\/folhapopular.info\\\/wp-content\\\/uploads\\\/2022\\\/05\\\/PVR5400-scaled.jpg\",\"width\":2560,\"height\":1707,\"caption\":\"Pablo Reis\\\/Governo de Estrela\"},{\"@type\":\"BreadcrumbList\",\"@id\":\"https:\\\/\\\/folhapopular.info\\\/index.php\\\/2022\\\/05\\\/20\\\/fafa-de-belem-foi-a-cereja-do-bolo-de-aniversario-de-estrela\\\/#breadcrumb\",\"itemListElement\":[{\"@type\":\"ListItem\",\"position\":1,\"name\":\"In\u00edcio\",\"item\":\"https:\\\/\\\/folhapopular.info\\\/\"},{\"@type\":\"ListItem\",\"position\":2,\"name\":\"Faf\u00e1 de Bel\u00e9m foi a cereja do bolo de anivers\u00e1rio de Estrela\"}]},{\"@type\":\"WebSite\",\"@id\":\"https:\\\/\\\/folhapopular.info\\\/#website\",\"url\":\"https:\\\/\\\/folhapopular.info\\\/\",\"name\":\"Folha Popular\",\"description\":\"Onde voc\u00ea tem vez e voz\",\"potentialAction\":[{\"@type\":\"SearchAction\",\"target\":{\"@type\":\"EntryPoint\",\"urlTemplate\":\"https:\\\/\\\/folhapopular.info\\\/?s={search_term_string}\"},\"query-input\":{\"@type\":\"PropertyValueSpecification\",\"valueRequired\":true,\"valueName\":\"search_term_string\"}}],\"inLanguage\":\"pt-BR\"},{\"@type\":\"Person\",\"@id\":\"https:\\\/\\\/folhapopular.info\\\/#\\\/schema\\\/person\\\/2814e8a0df7643585a9ca38bc6eb9d4b\",\"name\":\"Reda\u00e7\u00e3o Folha Popular\",\"image\":{\"@type\":\"ImageObject\",\"inLanguage\":\"pt-BR\",\"@id\":\"https:\\\/\\\/folhapopular.info\\\/wp-content\\\/uploads\\\/2026\\\/04\\\/Folha-1.webp\",\"url\":\"https:\\\/\\\/folhapopular.info\\\/wp-content\\\/uploads\\\/2026\\\/04\\\/Folha-1.webp\",\"contentUrl\":\"https:\\\/\\\/folhapopular.info\\\/wp-content\\\/uploads\\\/2026\\\/04\\\/Folha-1.webp\",\"caption\":\"Reda\u00e7\u00e3o Folha Popular\"},\"url\":\"https:\\\/\\\/folhapopular.info\\\/index.php\\\/author\\\/redacao\\\/\"}]}<\/script>\n<!-- \/ Yoast SEO plugin. -->","yoast_head_json":{"title":"Faf\u00e1 de Bel\u00e9m foi a cereja do bolo de anivers\u00e1rio de Estrela - Folha Popular","robots":{"index":"index","follow":"follow","max-snippet":"max-snippet:-1","max-image-preview":"max-image-preview:large","max-video-preview":"max-video-preview:-1"},"canonical":"https:\/\/folhapopular.info\/index.php\/2022\/05\/20\/fafa-de-belem-foi-a-cereja-do-bolo-de-aniversario-de-estrela\/","og_locale":"pt_BR","og_type":"article","og_title":"Faf\u00e1 de Bel\u00e9m foi a cereja do bolo de anivers\u00e1rio de Estrela - Folha Popular","og_description":"O Governo de Estrela apresentou, na noite dessa sexta-feira (20\/5), o show nacional de Faf\u00e1 de Bel\u00e9m. A cantora subiu ao palco as 20h. O evento foi realizado no Parque Princesa do Vale. A atriz, cantora e apresentadora trouxe para Estrela seu repert\u00f3rio de grandes sucessos. Mesmo com o frio, um expressivo p\u00fablico aproveitou o [&hellip;]","og_url":"https:\/\/folhapopular.info\/index.php\/2022\/05\/20\/fafa-de-belem-foi-a-cereja-do-bolo-de-aniversario-de-estrela\/","og_site_name":"Folha Popular","article_published_time":"2022-05-21T02:28:18+00:00","article_modified_time":"2022-05-21T13:41:21+00:00","og_image":[{"width":2560,"height":1707,"url":"http:\/\/folhapopular.info\/wp-content\/uploads\/2022\/05\/PVR5400-scaled.jpg","type":"image\/jpeg"}],"author":"Reda\u00e7\u00e3o Folha Popular","twitter_card":"summary_large_image","twitter_misc":{"Escrito por":"Reda\u00e7\u00e3o Folha Popular","Est. tempo de leitura":"2 minutos"},"schema":{"@context":"https:\/\/schema.org","@graph":[{"@type":"Article","@id":"https:\/\/folhapopular.info\/index.php\/2022\/05\/20\/fafa-de-belem-foi-a-cereja-do-bolo-de-aniversario-de-estrela\/#article","isPartOf":{"@id":"https:\/\/folhapopular.info\/index.php\/2022\/05\/20\/fafa-de-belem-foi-a-cereja-do-bolo-de-aniversario-de-estrela\/"},"author":{"name":"Reda\u00e7\u00e3o Folha Popular","@id":"https:\/\/folhapopular.info\/#\/schema\/person\/2814e8a0df7643585a9ca38bc6eb9d4b"},"headline":"Faf\u00e1 de Bel\u00e9m foi a cereja do bolo de anivers\u00e1rio de Estrela","datePublished":"2022-05-21T02:28:18+00:00","dateModified":"2022-05-21T13:41:21+00:00","mainEntityOfPage":{"@id":"https:\/\/folhapopular.info\/index.php\/2022\/05\/20\/fafa-de-belem-foi-a-cereja-do-bolo-de-aniversario-de-estrela\/"},"wordCount":315,"commentCount":0,"image":{"@id":"https:\/\/folhapopular.info\/index.php\/2022\/05\/20\/fafa-de-belem-foi-a-cereja-do-bolo-de-aniversario-de-estrela\/#primaryimage"},"thumbnailUrl":"https:\/\/folhapopular.info\/wp-content\/uploads\/2022\/05\/PVR5400-scaled.jpg","keywords":["Estrela","Vale do Taquari"],"articleSection":["Geral"],"inLanguage":"pt-BR","potentialAction":[{"@type":"CommentAction","name":"Comment","target":["https:\/\/folhapopular.info\/index.php\/2022\/05\/20\/fafa-de-belem-foi-a-cereja-do-bolo-de-aniversario-de-estrela\/#respond"]}]},{"@type":"WebPage","@id":"https:\/\/folhapopular.info\/index.php\/2022\/05\/20\/fafa-de-belem-foi-a-cereja-do-bolo-de-aniversario-de-estrela\/","url":"https:\/\/folhapopular.info\/index.php\/2022\/05\/20\/fafa-de-belem-foi-a-cereja-do-bolo-de-aniversario-de-estrela\/","name":"Faf\u00e1 de Bel\u00e9m foi a cereja do bolo de anivers\u00e1rio de Estrela - Folha Popular","isPartOf":{"@id":"https:\/\/folhapopular.info\/#website"},"primaryImageOfPage":{"@id":"https:\/\/folhapopular.info\/index.php\/2022\/05\/20\/fafa-de-belem-foi-a-cereja-do-bolo-de-aniversario-de-estrela\/#primaryimage"},"image":{"@id":"https:\/\/folhapopular.info\/index.php\/2022\/05\/20\/fafa-de-belem-foi-a-cereja-do-bolo-de-aniversario-de-estrela\/#primaryimage"},"thumbnailUrl":"https:\/\/folhapopular.info\/wp-content\/uploads\/2022\/05\/PVR5400-scaled.jpg","datePublished":"2022-05-21T02:28:18+00:00","dateModified":"2022-05-21T13:41:21+00:00","author":{"@id":"https:\/\/folhapopular.info\/#\/schema\/person\/2814e8a0df7643585a9ca38bc6eb9d4b"},"breadcrumb":{"@id":"https:\/\/folhapopular.info\/index.php\/2022\/05\/20\/fafa-de-belem-foi-a-cereja-do-bolo-de-aniversario-de-estrela\/#breadcrumb"},"inLanguage":"pt-BR","potentialAction":[{"@type":"ReadAction","target":["https:\/\/folhapopular.info\/index.php\/2022\/05\/20\/fafa-de-belem-foi-a-cereja-do-bolo-de-aniversario-de-estrela\/"]}]},{"@type":"ImageObject","inLanguage":"pt-BR","@id":"https:\/\/folhapopular.info\/index.php\/2022\/05\/20\/fafa-de-belem-foi-a-cereja-do-bolo-de-aniversario-de-estrela\/#primaryimage","url":"https:\/\/folhapopular.info\/wp-content\/uploads\/2022\/05\/PVR5400-scaled.jpg","contentUrl":"https:\/\/folhapopular.info\/wp-content\/uploads\/2022\/05\/PVR5400-scaled.jpg","width":2560,"height":1707,"caption":"Pablo Reis\/Governo de Estrela"},{"@type":"BreadcrumbList","@id":"https:\/\/folhapopular.info\/index.php\/2022\/05\/20\/fafa-de-belem-foi-a-cereja-do-bolo-de-aniversario-de-estrela\/#breadcrumb","itemListElement":[{"@type":"ListItem","position":1,"name":"In\u00edcio","item":"https:\/\/folhapopular.info\/"},{"@type":"ListItem","position":2,"name":"Faf\u00e1 de Bel\u00e9m foi a cereja do bolo de anivers\u00e1rio de Estrela"}]},{"@type":"WebSite","@id":"https:\/\/folhapopular.info\/#website","url":"https:\/\/folhapopular.info\/","name":"Folha Popular","description":"Onde voc\u00ea tem vez e voz","potentialAction":[{"@type":"SearchAction","target":{"@type":"EntryPoint","urlTemplate":"https:\/\/folhapopular.info\/?s={search_term_string}"},"query-input":{"@type":"PropertyValueSpecification","valueRequired":true,"valueName":"search_term_string"}}],"inLanguage":"pt-BR"},{"@type":"Person","@id":"https:\/\/folhapopular.info\/#\/schema\/person\/2814e8a0df7643585a9ca38bc6eb9d4b","name":"Reda\u00e7\u00e3o Folha Popular","image":{"@type":"ImageObject","inLanguage":"pt-BR","@id":"https:\/\/folhapopular.info\/wp-content\/uploads\/2026\/04\/Folha-1.webp","url":"https:\/\/folhapopular.info\/wp-content\/uploads\/2026\/04\/Folha-1.webp","contentUrl":"https:\/\/folhapopular.info\/wp-content\/uploads\/2026\/04\/Folha-1.webp","caption":"Reda\u00e7\u00e3o Folha Popular"},"url":"https:\/\/folhapopular.info\/index.php\/author\/redacao\/"}]}},"jetpack_sharing_enabled":true,"amp_enabled":true,"jetpack_featured_media_url":"https:\/\/folhapopular.info\/wp-content\/uploads\/2022\/05\/PVR5400-scaled.jpg","_links":{"self":[{"href":"https:\/\/folhapopular.info\/index.php\/wp-json\/wp\/v2\/posts\/104738","targetHints":{"allow":["GET"]}}],"collection":[{"href":"https:\/\/folhapopular.info\/index.php\/wp-json\/wp\/v2\/posts"}],"about":[{"href":"https:\/\/folhapopular.info\/index.php\/wp-json\/wp\/v2\/types\/post"}],"author":[{"embeddable":true,"href":"https:\/\/folhapopular.info\/index.php\/wp-json\/wp\/v2\/users\/8"}],"replies":[{"embeddable":true,"href":"https:\/\/folhapopular.info\/index.php\/wp-json\/wp\/v2\/comments?post=104738"}],"version-history":[{"count":0,"href":"https:\/\/folhapopular.info\/index.php\/wp-json\/wp\/v2\/posts\/104738\/revisions"}],"wp:featuredmedia":[{"embeddable":true,"href":"https:\/\/folhapopular.info\/index.php\/wp-json\/wp\/v2\/media\/104739"}],"wp:attachment":[{"href":"https:\/\/folhapopular.info\/index.php\/wp-json\/wp\/v2\/media?parent=104738"}],"wp:term":[{"taxonomy":"category","embeddable":true,"href":"https:\/\/folhapopular.info\/index.php\/wp-json\/wp\/v2\/categories?post=104738"},{"taxonomy":"post_tag","embeddable":true,"href":"https:\/\/folhapopular.info\/index.php\/wp-json\/wp\/v2\/tags?post=104738"}],"curies":[{"name":"wp","href":"https:\/\/api.w.org\/{rel}","templated":true}]}}