{"id":104803,"date":"2022-05-21T09:14:33","date_gmt":"2022-05-21T12:14:33","guid":{"rendered":"https:\/\/folhapopular.info\/?p=104803"},"modified":"2022-05-21T09:14:38","modified_gmt":"2022-05-21T12:14:38","slug":"vereadores-de-imigrante-aprovam-tres-projetos-de-lei-e-indicacao","status":"publish","type":"post","link":"https:\/\/folhapopular.info\/index.php\/2022\/05\/21\/vereadores-de-imigrante-aprovam-tres-projetos-de-lei-e-indicacao\/","title":{"rendered":"Vereadores de Imigrante aprovam tr\u00eas projetos de lei e indica\u00e7\u00e3o"},"content":{"rendered":"<p>Os vereadores de Imigrante estiveram reunidos em Sess\u00e3o Ordin\u00e1ria nesta quarta-feira (18\/5). Na oportunidade, foram votados e aprovados tr\u00eas projetos do Poder Executivo, uma indica\u00e7\u00e3o do Legislativo e um projeto complementar 02\/2022 do Poder Executivo que fica baixado pelo prazo de 10 dias segundo a Lei. O Projeto de Lei n\u00ba 43\/2022 autoriza a abertura&#8230; <\/p>\n<div class=\"pmpro\">\n<div class=\"pmpro_card pmpro_content_message\">\n<div class=\"pmpro_card_content\">Este conte\u00fado \u00e9 apenas para associados Grupo Popular &#8211; Conte\u00fado Total Anual e Grupo Popular &#8211; Conte\u00fado Total Mensal. <br \/><a href=\"https:\/\/folhapopular.info\/wp-login.php?action=register\">Cadastre-se<\/a><\/div>\n<div class=\"pmpro_card_actions pmpro_font-medium\">J\u00e1 se associou? <a href=\"https:\/\/folhapopular.info\/wp-login.php?redirect_to=https%3A%2F%2Ffolhapopular.info%2Findex.php%2F2022%2F05%2F21%2Fvereadores-de-imigrante-aprovam-tres-projetos-de-lei-e-indicacao%2F\">Acesse aqui<\/a><\/div>\n<\/div>\n<\/div>\n","protected":false},"excerpt":{"rendered":"<p>Os vereadores de Imigrante estiveram reunidos em Sess\u00e3o Ordin\u00e1ria nesta quarta-feira (18\/5). Na oportunidade, foram votados e aprovados tr\u00eas projetos do Poder Executivo, uma indica\u00e7\u00e3o do Legislativo e um projeto complementar 02\/2022 do Poder Executivo que fica baixado pelo prazo de 10 dias segundo a Lei. O Projeto de Lei n\u00ba 43\/2022 autoriza a abertura... <\/p>\n<div class=\"pmpro\"><div class=\"pmpro_card pmpro_content_message\"><div class=\"pmpro_card_content\">Este conte\u00fado \u00e9 apenas para associados Grupo Popular - Conte\u00fado Total Anual e Grupo Popular - Conte\u00fado Total Mensal. <br \/><a href=\"https:\/\/folhapopular.info\/wp-login.php?action=register\">Cadastre-se<\/a><\/div><div class=\"pmpro_card_actions pmpro_font-medium\">J\u00e1 se associou? <a href=\"https:\/\/folhapopular.info\/wp-login.php?redirect_to=https%3A%2F%2Ffolhapopular.info%2Findex.php%2F2022%2F05%2F21%2Fvereadores-de-imigrante-aprovam-tres-projetos-de-lei-e-indicacao%2F\">Acesse aqui<\/a><\/div><\/div><\/div>","protected":false},"author":8,"featured_media":104804,"comment_status":"open","ping_status":"open","sticky":false,"template":"","format":"standard","meta":{"pmpro_default_level":"","_jetpack_memberships_contains_paid_content":false,"footnotes":""},"categories":[5990,2,3],"tags":[646,34,3845,6250],"class_list":{"0":"post-104803","1":"post","2":"type-post","3":"status-publish","4":"format-standard","5":"has-post-thumbnail","7":"category-conteudo-exclusivo","8":"category-featured","9":"category-geral","10":"tag-camara-de-vereadores","11":"tag-imigrante","12":"tag-poder-executivo","13":"tag-projetos","14":"pmpro-level-required","15":"pmpro-level-2","16":"pmpro-level-4","17":"pmpro-level-5","18":"pmpro-no-access"},"yoast_head":"<!-- This site is optimized with the Yoast SEO plugin v27.5 - https:\/\/yoast.com\/product\/yoast-seo-wordpress\/ -->\n<title>Vereadores de Imigrante aprovam tr\u00eas projetos de lei e indica\u00e7\u00e3o - Folha Popular<\/title>\n<meta name=\"robots\" content=\"index, follow, max-snippet:-1, max-image-preview:large, max-video-preview:-1\" \/>\n<link rel=\"canonical\" href=\"https:\/\/folhapopular.info\/index.php\/2022\/05\/21\/vereadores-de-imigrante-aprovam-tres-projetos-de-lei-e-indicacao\/\" \/>\n<meta property=\"og:locale\" content=\"pt_BR\" \/>\n<meta property=\"og:type\" content=\"article\" \/>\n<meta property=\"og:title\" content=\"Vereadores de Imigrante aprovam tr\u00eas projetos de lei e indica\u00e7\u00e3o - Folha Popular\" \/>\n<meta property=\"og:description\" content=\"Os vereadores de Imigrante estiveram reunidos em Sess\u00e3o Ordin\u00e1ria nesta quarta-feira (18\/5). Na oportunidade, foram votados e aprovados tr\u00eas projetos do Poder Executivo, uma indica\u00e7\u00e3o do Legislativo e um projeto complementar 02\/2022 do Poder Executivo que fica baixado pelo prazo de 10 dias segundo a Lei. O Projeto de Lei n\u00ba 43\/2022 autoriza a abertura [&hellip;]\" \/>\n<meta property=\"og:url\" content=\"https:\/\/folhapopular.info\/index.php\/2022\/05\/21\/vereadores-de-imigrante-aprovam-tres-projetos-de-lei-e-indicacao\/\" \/>\n<meta property=\"og:site_name\" content=\"Folha Popular\" \/>\n<meta property=\"article:published_time\" content=\"2022-05-21T12:14:33+00:00\" \/>\n<meta property=\"article:modified_time\" content=\"2022-05-21T12:14:38+00:00\" \/>\n<meta property=\"og:image\" content=\"http:\/\/folhapopular.info\/wp-content\/uploads\/2022\/05\/20220518_192656-scaled-e1653135203631.jpg\" \/>\n\t<meta property=\"og:image:width\" content=\"800\" \/>\n\t<meta property=\"og:image:height\" content=\"600\" \/>\n\t<meta property=\"og:image:type\" content=\"image\/jpeg\" \/>\n<meta name=\"author\" content=\"Reda\u00e7\u00e3o Folha Popular\" \/>\n<meta name=\"twitter:card\" content=\"summary_large_image\" \/>\n<meta name=\"twitter:label1\" content=\"Escrito por\" \/>\n\t<meta name=\"twitter:data1\" content=\"Reda\u00e7\u00e3o Folha Popular\" \/>\n\t<meta name=\"twitter:label2\" content=\"Est. tempo de leitura\" \/>\n\t<meta name=\"twitter:data2\" content=\"2 minutos\" \/>\n<script type=\"application\/ld+json\" class=\"yoast-schema-graph\">{\"@context\":\"https:\\\/\\\/schema.org\",\"@graph\":[{\"@type\":\"Article\",\"@id\":\"https:\\\/\\\/folhapopular.info\\\/index.php\\\/2022\\\/05\\\/21\\\/vereadores-de-imigrante-aprovam-tres-projetos-de-lei-e-indicacao\\\/#article\",\"isPartOf\":{\"@id\":\"https:\\\/\\\/folhapopular.info\\\/index.php\\\/2022\\\/05\\\/21\\\/vereadores-de-imigrante-aprovam-tres-projetos-de-lei-e-indicacao\\\/\"},\"author\":{\"name\":\"Reda\u00e7\u00e3o Folha Popular\",\"@id\":\"https:\\\/\\\/folhapopular.info\\\/#\\\/schema\\\/person\\\/2814e8a0df7643585a9ca38bc6eb9d4b\"},\"headline\":\"Vereadores de Imigrante aprovam tr\u00eas projetos de lei e indica\u00e7\u00e3o\",\"datePublished\":\"2022-05-21T12:14:33+00:00\",\"dateModified\":\"2022-05-21T12:14:38+00:00\",\"mainEntityOfPage\":{\"@id\":\"https:\\\/\\\/folhapopular.info\\\/index.php\\\/2022\\\/05\\\/21\\\/vereadores-de-imigrante-aprovam-tres-projetos-de-lei-e-indicacao\\\/\"},\"wordCount\":319,\"commentCount\":0,\"image\":{\"@id\":\"https:\\\/\\\/folhapopular.info\\\/index.php\\\/2022\\\/05\\\/21\\\/vereadores-de-imigrante-aprovam-tres-projetos-de-lei-e-indicacao\\\/#primaryimage\"},\"thumbnailUrl\":\"https:\\\/\\\/folhapopular.info\\\/wp-content\\\/uploads\\\/2022\\\/05\\\/20220518_192656-scaled-e1653135203631.jpg\",\"keywords\":[\"C\u00e2mara de Vereadores\",\"Imigrante\",\"Poder Executivo\",\"Projetos\"],\"articleSection\":[\"Conte\u00fado Exclusivo\",\"Destaques\",\"Geral\"],\"inLanguage\":\"pt-BR\",\"potentialAction\":[{\"@type\":\"CommentAction\",\"name\":\"Comment\",\"target\":[\"https:\\\/\\\/folhapopular.info\\\/index.php\\\/2022\\\/05\\\/21\\\/vereadores-de-imigrante-aprovam-tres-projetos-de-lei-e-indicacao\\\/#respond\"]}]},{\"@type\":\"WebPage\",\"@id\":\"https:\\\/\\\/folhapopular.info\\\/index.php\\\/2022\\\/05\\\/21\\\/vereadores-de-imigrante-aprovam-tres-projetos-de-lei-e-indicacao\\\/\",\"url\":\"https:\\\/\\\/folhapopular.info\\\/index.php\\\/2022\\\/05\\\/21\\\/vereadores-de-imigrante-aprovam-tres-projetos-de-lei-e-indicacao\\\/\",\"name\":\"Vereadores de Imigrante aprovam tr\u00eas projetos de lei e indica\u00e7\u00e3o - Folha Popular\",\"isPartOf\":{\"@id\":\"https:\\\/\\\/folhapopular.info\\\/#website\"},\"primaryImageOfPage\":{\"@id\":\"https:\\\/\\\/folhapopular.info\\\/index.php\\\/2022\\\/05\\\/21\\\/vereadores-de-imigrante-aprovam-tres-projetos-de-lei-e-indicacao\\\/#primaryimage\"},\"image\":{\"@id\":\"https:\\\/\\\/folhapopular.info\\\/index.php\\\/2022\\\/05\\\/21\\\/vereadores-de-imigrante-aprovam-tres-projetos-de-lei-e-indicacao\\\/#primaryimage\"},\"thumbnailUrl\":\"https:\\\/\\\/folhapopular.info\\\/wp-content\\\/uploads\\\/2022\\\/05\\\/20220518_192656-scaled-e1653135203631.jpg\",\"datePublished\":\"2022-05-21T12:14:33+00:00\",\"dateModified\":\"2022-05-21T12:14:38+00:00\",\"author\":{\"@id\":\"https:\\\/\\\/folhapopular.info\\\/#\\\/schema\\\/person\\\/2814e8a0df7643585a9ca38bc6eb9d4b\"},\"breadcrumb\":{\"@id\":\"https:\\\/\\\/folhapopular.info\\\/index.php\\\/2022\\\/05\\\/21\\\/vereadores-de-imigrante-aprovam-tres-projetos-de-lei-e-indicacao\\\/#breadcrumb\"},\"inLanguage\":\"pt-BR\",\"potentialAction\":[{\"@type\":\"ReadAction\",\"target\":[\"https:\\\/\\\/folhapopular.info\\\/index.php\\\/2022\\\/05\\\/21\\\/vereadores-de-imigrante-aprovam-tres-projetos-de-lei-e-indicacao\\\/\"]}]},{\"@type\":\"ImageObject\",\"inLanguage\":\"pt-BR\",\"@id\":\"https:\\\/\\\/folhapopular.info\\\/index.php\\\/2022\\\/05\\\/21\\\/vereadores-de-imigrante-aprovam-tres-projetos-de-lei-e-indicacao\\\/#primaryimage\",\"url\":\"https:\\\/\\\/folhapopular.info\\\/wp-content\\\/uploads\\\/2022\\\/05\\\/20220518_192656-scaled-e1653135203631.jpg\",\"contentUrl\":\"https:\\\/\\\/folhapopular.info\\\/wp-content\\\/uploads\\\/2022\\\/05\\\/20220518_192656-scaled-e1653135203631.jpg\",\"width\":800,\"height\":600,\"caption\":\"Sess\u00e3o ordin\u00e1ria ocorreu na quarta-feira (18\\\/5) \\\/ Cr\u00e9dito: Bianca Let\u00edcia Fritscher \\\/ Especial FP\"},{\"@type\":\"BreadcrumbList\",\"@id\":\"https:\\\/\\\/folhapopular.info\\\/index.php\\\/2022\\\/05\\\/21\\\/vereadores-de-imigrante-aprovam-tres-projetos-de-lei-e-indicacao\\\/#breadcrumb\",\"itemListElement\":[{\"@type\":\"ListItem\",\"position\":1,\"name\":\"In\u00edcio\",\"item\":\"https:\\\/\\\/folhapopular.info\\\/\"},{\"@type\":\"ListItem\",\"position\":2,\"name\":\"Vereadores de Imigrante aprovam tr\u00eas projetos de lei e indica\u00e7\u00e3o\"}]},{\"@type\":\"WebSite\",\"@id\":\"https:\\\/\\\/folhapopular.info\\\/#website\",\"url\":\"https:\\\/\\\/folhapopular.info\\\/\",\"name\":\"Folha Popular\",\"description\":\"Onde voc\u00ea tem vez e voz\",\"potentialAction\":[{\"@type\":\"SearchAction\",\"target\":{\"@type\":\"EntryPoint\",\"urlTemplate\":\"https:\\\/\\\/folhapopular.info\\\/?s={search_term_string}\"},\"query-input\":{\"@type\":\"PropertyValueSpecification\",\"valueRequired\":true,\"valueName\":\"search_term_string\"}}],\"inLanguage\":\"pt-BR\"},{\"@type\":\"Person\",\"@id\":\"https:\\\/\\\/folhapopular.info\\\/#\\\/schema\\\/person\\\/2814e8a0df7643585a9ca38bc6eb9d4b\",\"name\":\"Reda\u00e7\u00e3o Folha Popular\",\"image\":{\"@type\":\"ImageObject\",\"inLanguage\":\"pt-BR\",\"@id\":\"https:\\\/\\\/folhapopular.info\\\/wp-content\\\/uploads\\\/2026\\\/04\\\/Folha-1.webp\",\"url\":\"https:\\\/\\\/folhapopular.info\\\/wp-content\\\/uploads\\\/2026\\\/04\\\/Folha-1.webp\",\"contentUrl\":\"https:\\\/\\\/folhapopular.info\\\/wp-content\\\/uploads\\\/2026\\\/04\\\/Folha-1.webp\",\"caption\":\"Reda\u00e7\u00e3o Folha Popular\"},\"url\":\"https:\\\/\\\/folhapopular.info\\\/index.php\\\/author\\\/redacao\\\/\"}]}<\/script>\n<!-- \/ Yoast SEO plugin. -->","yoast_head_json":{"title":"Vereadores de Imigrante aprovam tr\u00eas projetos de lei e indica\u00e7\u00e3o - Folha Popular","robots":{"index":"index","follow":"follow","max-snippet":"max-snippet:-1","max-image-preview":"max-image-preview:large","max-video-preview":"max-video-preview:-1"},"canonical":"https:\/\/folhapopular.info\/index.php\/2022\/05\/21\/vereadores-de-imigrante-aprovam-tres-projetos-de-lei-e-indicacao\/","og_locale":"pt_BR","og_type":"article","og_title":"Vereadores de Imigrante aprovam tr\u00eas projetos de lei e indica\u00e7\u00e3o - Folha Popular","og_description":"Os vereadores de Imigrante estiveram reunidos em Sess\u00e3o Ordin\u00e1ria nesta quarta-feira (18\/5). Na oportunidade, foram votados e aprovados tr\u00eas projetos do Poder Executivo, uma indica\u00e7\u00e3o do Legislativo e um projeto complementar 02\/2022 do Poder Executivo que fica baixado pelo prazo de 10 dias segundo a Lei. O Projeto de Lei n\u00ba 43\/2022 autoriza a abertura [&hellip;]","og_url":"https:\/\/folhapopular.info\/index.php\/2022\/05\/21\/vereadores-de-imigrante-aprovam-tres-projetos-de-lei-e-indicacao\/","og_site_name":"Folha Popular","article_published_time":"2022-05-21T12:14:33+00:00","article_modified_time":"2022-05-21T12:14:38+00:00","og_image":[{"width":800,"height":600,"url":"http:\/\/folhapopular.info\/wp-content\/uploads\/2022\/05\/20220518_192656-scaled-e1653135203631.jpg","type":"image\/jpeg"}],"author":"Reda\u00e7\u00e3o Folha Popular","twitter_card":"summary_large_image","twitter_misc":{"Escrito por":"Reda\u00e7\u00e3o Folha Popular","Est. tempo de leitura":"2 minutos"},"schema":{"@context":"https:\/\/schema.org","@graph":[{"@type":"Article","@id":"https:\/\/folhapopular.info\/index.php\/2022\/05\/21\/vereadores-de-imigrante-aprovam-tres-projetos-de-lei-e-indicacao\/#article","isPartOf":{"@id":"https:\/\/folhapopular.info\/index.php\/2022\/05\/21\/vereadores-de-imigrante-aprovam-tres-projetos-de-lei-e-indicacao\/"},"author":{"name":"Reda\u00e7\u00e3o Folha Popular","@id":"https:\/\/folhapopular.info\/#\/schema\/person\/2814e8a0df7643585a9ca38bc6eb9d4b"},"headline":"Vereadores de Imigrante aprovam tr\u00eas projetos de lei e indica\u00e7\u00e3o","datePublished":"2022-05-21T12:14:33+00:00","dateModified":"2022-05-21T12:14:38+00:00","mainEntityOfPage":{"@id":"https:\/\/folhapopular.info\/index.php\/2022\/05\/21\/vereadores-de-imigrante-aprovam-tres-projetos-de-lei-e-indicacao\/"},"wordCount":319,"commentCount":0,"image":{"@id":"https:\/\/folhapopular.info\/index.php\/2022\/05\/21\/vereadores-de-imigrante-aprovam-tres-projetos-de-lei-e-indicacao\/#primaryimage"},"thumbnailUrl":"https:\/\/folhapopular.info\/wp-content\/uploads\/2022\/05\/20220518_192656-scaled-e1653135203631.jpg","keywords":["C\u00e2mara de Vereadores","Imigrante","Poder Executivo","Projetos"],"articleSection":["Conte\u00fado Exclusivo","Destaques","Geral"],"inLanguage":"pt-BR","potentialAction":[{"@type":"CommentAction","name":"Comment","target":["https:\/\/folhapopular.info\/index.php\/2022\/05\/21\/vereadores-de-imigrante-aprovam-tres-projetos-de-lei-e-indicacao\/#respond"]}]},{"@type":"WebPage","@id":"https:\/\/folhapopular.info\/index.php\/2022\/05\/21\/vereadores-de-imigrante-aprovam-tres-projetos-de-lei-e-indicacao\/","url":"https:\/\/folhapopular.info\/index.php\/2022\/05\/21\/vereadores-de-imigrante-aprovam-tres-projetos-de-lei-e-indicacao\/","name":"Vereadores de Imigrante aprovam tr\u00eas projetos de lei e indica\u00e7\u00e3o - Folha Popular","isPartOf":{"@id":"https:\/\/folhapopular.info\/#website"},"primaryImageOfPage":{"@id":"https:\/\/folhapopular.info\/index.php\/2022\/05\/21\/vereadores-de-imigrante-aprovam-tres-projetos-de-lei-e-indicacao\/#primaryimage"},"image":{"@id":"https:\/\/folhapopular.info\/index.php\/2022\/05\/21\/vereadores-de-imigrante-aprovam-tres-projetos-de-lei-e-indicacao\/#primaryimage"},"thumbnailUrl":"https:\/\/folhapopular.info\/wp-content\/uploads\/2022\/05\/20220518_192656-scaled-e1653135203631.jpg","datePublished":"2022-05-21T12:14:33+00:00","dateModified":"2022-05-21T12:14:38+00:00","author":{"@id":"https:\/\/folhapopular.info\/#\/schema\/person\/2814e8a0df7643585a9ca38bc6eb9d4b"},"breadcrumb":{"@id":"https:\/\/folhapopular.info\/index.php\/2022\/05\/21\/vereadores-de-imigrante-aprovam-tres-projetos-de-lei-e-indicacao\/#breadcrumb"},"inLanguage":"pt-BR","potentialAction":[{"@type":"ReadAction","target":["https:\/\/folhapopular.info\/index.php\/2022\/05\/21\/vereadores-de-imigrante-aprovam-tres-projetos-de-lei-e-indicacao\/"]}]},{"@type":"ImageObject","inLanguage":"pt-BR","@id":"https:\/\/folhapopular.info\/index.php\/2022\/05\/21\/vereadores-de-imigrante-aprovam-tres-projetos-de-lei-e-indicacao\/#primaryimage","url":"https:\/\/folhapopular.info\/wp-content\/uploads\/2022\/05\/20220518_192656-scaled-e1653135203631.jpg","contentUrl":"https:\/\/folhapopular.info\/wp-content\/uploads\/2022\/05\/20220518_192656-scaled-e1653135203631.jpg","width":800,"height":600,"caption":"Sess\u00e3o ordin\u00e1ria ocorreu na quarta-feira (18\/5) \/ Cr\u00e9dito: Bianca Let\u00edcia Fritscher \/ Especial FP"},{"@type":"BreadcrumbList","@id":"https:\/\/folhapopular.info\/index.php\/2022\/05\/21\/vereadores-de-imigrante-aprovam-tres-projetos-de-lei-e-indicacao\/#breadcrumb","itemListElement":[{"@type":"ListItem","position":1,"name":"In\u00edcio","item":"https:\/\/folhapopular.info\/"},{"@type":"ListItem","position":2,"name":"Vereadores de Imigrante aprovam tr\u00eas projetos de lei e indica\u00e7\u00e3o"}]},{"@type":"WebSite","@id":"https:\/\/folhapopular.info\/#website","url":"https:\/\/folhapopular.info\/","name":"Folha Popular","description":"Onde voc\u00ea tem vez e voz","potentialAction":[{"@type":"SearchAction","target":{"@type":"EntryPoint","urlTemplate":"https:\/\/folhapopular.info\/?s={search_term_string}"},"query-input":{"@type":"PropertyValueSpecification","valueRequired":true,"valueName":"search_term_string"}}],"inLanguage":"pt-BR"},{"@type":"Person","@id":"https:\/\/folhapopular.info\/#\/schema\/person\/2814e8a0df7643585a9ca38bc6eb9d4b","name":"Reda\u00e7\u00e3o Folha Popular","image":{"@type":"ImageObject","inLanguage":"pt-BR","@id":"https:\/\/folhapopular.info\/wp-content\/uploads\/2026\/04\/Folha-1.webp","url":"https:\/\/folhapopular.info\/wp-content\/uploads\/2026\/04\/Folha-1.webp","contentUrl":"https:\/\/folhapopular.info\/wp-content\/uploads\/2026\/04\/Folha-1.webp","caption":"Reda\u00e7\u00e3o Folha Popular"},"url":"https:\/\/folhapopular.info\/index.php\/author\/redacao\/"}]}},"jetpack_featured_media_url":"https:\/\/folhapopular.info\/wp-content\/uploads\/2022\/05\/20220518_192656-scaled-e1653135203631.jpg","jetpack_sharing_enabled":true,"amp_enabled":true,"_links":{"self":[{"href":"https:\/\/folhapopular.info\/index.php\/wp-json\/wp\/v2\/posts\/104803","targetHints":{"allow":["GET"]}}],"collection":[{"href":"https:\/\/folhapopular.info\/index.php\/wp-json\/wp\/v2\/posts"}],"about":[{"href":"https:\/\/folhapopular.info\/index.php\/wp-json\/wp\/v2\/types\/post"}],"author":[{"embeddable":true,"href":"https:\/\/folhapopular.info\/index.php\/wp-json\/wp\/v2\/users\/8"}],"replies":[{"embeddable":true,"href":"https:\/\/folhapopular.info\/index.php\/wp-json\/wp\/v2\/comments?post=104803"}],"version-history":[{"count":0,"href":"https:\/\/folhapopular.info\/index.php\/wp-json\/wp\/v2\/posts\/104803\/revisions"}],"wp:featuredmedia":[{"embeddable":true,"href":"https:\/\/folhapopular.info\/index.php\/wp-json\/wp\/v2\/media\/104804"}],"wp:attachment":[{"href":"https:\/\/folhapopular.info\/index.php\/wp-json\/wp\/v2\/media?parent=104803"}],"wp:term":[{"taxonomy":"category","embeddable":true,"href":"https:\/\/folhapopular.info\/index.php\/wp-json\/wp\/v2\/categories?post=104803"},{"taxonomy":"post_tag","embeddable":true,"href":"https:\/\/folhapopular.info\/index.php\/wp-json\/wp\/v2\/tags?post=104803"}],"curies":[{"name":"wp","href":"https:\/\/api.w.org\/{rel}","templated":true}]}}