{"id":104892,"date":"2022-05-23T09:00:00","date_gmt":"2022-05-23T12:00:00","guid":{"rendered":"https:\/\/folhapopular.info\/?p=104892"},"modified":"2022-05-23T09:03:57","modified_gmt":"2022-05-23T12:03:57","slug":"sinduscom-vale-do-taquari-assina-convencao-coletiva-e-estabelece-novos-pisos","status":"publish","type":"post","link":"https:\/\/folhapopular.info\/index.php\/2022\/05\/23\/sinduscom-vale-do-taquari-assina-convencao-coletiva-e-estabelece-novos-pisos\/","title":{"rendered":"Sinduscom Vale do Taquari assina conven\u00e7\u00e3o coletiva e estabelece novos pisos"},"content":{"rendered":"\n<p>O Sindicato das Ind\u00fastrias da Constru\u00e7\u00e3o, Mobili\u00e1rio, Marcenarias, Olarias e Cer\u00e2micas para a Constru\u00e7\u00e3o, Artefatos e Produtos de Cimento e Concreto Pr\u00e9-Misturados do Vale do Taquari (Sinduscom-VT) finalizou nesta semana as negocia\u00e7\u00f5es da conven\u00e7\u00e3o coletiva de 2022. As tratativas foram com o sindicato laboral de Lajeado, que abrange 19 munic\u00edpios, e com a Federa\u00e7\u00e3o dos Trabalhadores das Ind\u00fastrias da Constru\u00e7\u00e3o e Mobili\u00e1rio do Estado do Rio Grande do Sul, representante da classe trabalhadora de outras 11 cidades da regi\u00e3o. O reajuste firmado foi de 12,50% sobre os sal\u00e1rios-base de maio de 2021.<\/p>\n\n\n\n<p><strong>Pisos salariais por categoria:<\/strong><\/p>\n\n\n\n<p><strong><u>Mobili\u00e1rio, Marcenarias e Esquadrias<\/u><\/strong><\/p>\n\n\n\n<p>Contrato de experi\u00eancia (60 d) = R$ 1.641,20 p\/m\u00eas ou R$ 7,46 p\/hora<\/p>\n\n\n\n<p>Ap\u00f3s contrato de experi\u00eancia = R$ 1.689,60 p\/m\u00eas ou R$ 7,68 p\/hora<\/p>\n\n\n\n<p>Profissionais = R$ 1.894,20 p\/m\u00eas ou R$ 8,61 p\/hora<\/p>\n\n\n\n<p>(Sendo: serrador de madeiras, lixador, lustrador, montador e pintor de m\u00f3veis)<\/p>\n\n\n\n<p>Marceneiro \/ esquadrieiro = R$ 2.398,00 p\/m\u00eas ou R$ 10,90 p\/hora<\/p>\n\n\n\n<p>Aos \u201caprendizes\u201d referidos pelo Decreto n\u00ba 5.598, de 1\u00ba\/12\/2005 (D.O.U. 02\/12\/2005), um piso\/hora de R$ 6,40 por hora (R$ 1.408,28 p\/m\u00eas)<\/p>\n\n\n\n<p><strong><u>Constru\u00e7\u00e3o Civil e Similares<\/u><\/strong><\/p>\n\n\n\n<p>Servente = R$ 1.603,80 p\/m\u00eas ou R$ 7,29 p\/hora<\/p>\n\n\n\n<p>Oficiais = R$ 2.145,00 p\/m\u00eas ou R$ 9,75 p\/hora<\/p>\n\n\n\n<p>(Sendo: pedreiros, ferreiros, carpinteiros, pintores, azulejistas, gesseiros ou assemelhados, colocadores de basalto, parqueteiros, pastilheiros, marmoristas, oficiais eletricistas e oficiais hidr\u00e1ulicos)<\/p>\n\n\n\n<p>Aos \u201caprendizes\u201d referidos pelo Decreto n\u00ba 5.598, de 1\u00ba\/12\/2005 (D.O.U. 02\/12\/2005), um piso\/hora de R$ 6,40 por hora (R$ 1.408,00 p\/m\u00eas)<\/p>\n\n\n\n<p><strong><u>Olarias e Cer\u00e2micas para Constru\u00e7\u00e3o<\/u><\/strong><\/p>\n\n\n\n<p>Servente = R$ 1.603,80 p\/m\u00eas ou R$ 7,29 p\/hora<\/p>\n\n\n\n<p>Profissionais = R$ 2.145,00 p\/m\u00eas ou R$ 9,75 p\/hora<\/p>\n\n\n\n<p>(Sendo: mec\u00e2nicos, eletricistas, operadores de m\u00e1quinas automotoras (trator, p\u00e1-carregadeira e similares) e o respons\u00e1vel pelo cozimento (queimador) e secagem).<\/p>\n\n\n\n<p><strong>Munic\u00edpios abrangidos<\/strong><\/p>\n\n\n\n<p>O sindicato laboral de Lajeado engloba os munic\u00edpios de Anta Gorda, Arroio do Meio, Capit\u00e3o, Cruzeiro do Sul, Doutor Ricardo, Encantado, Il\u00f3polis, Lajeado, Marques de Souza, Mu\u00e7um, Nova Br\u00e9scia, Pouso Novo, Progresso, Putinga, Relvado, Roca Sales, Santa Clara do Sul, S\u00e9rio e Travesseiro.<br>J\u00e1 a Federa\u00e7\u00e3o representa na regi\u00e3o as cidades de Boa Vista do Sul, Bom Retiro do Sul, Colinas, Estrela, Fazenda Vila Nova, Imigrante, Paverama, Po\u00e7o das Antas, Taba\u00ed, Teut\u00f4nia e Westf\u00e1lia.<\/p>\n","protected":false},"excerpt":{"rendered":"<p>O Sindicato das Ind\u00fastrias da Constru\u00e7\u00e3o, Mobili\u00e1rio, Marcenarias, Olarias e Cer\u00e2micas para a Constru\u00e7\u00e3o, Artefatos e Produtos de Cimento e Concreto Pr\u00e9-Misturados do Vale do Taquari (Sinduscom-VT) finalizou nesta semana as negocia\u00e7\u00f5es da conven\u00e7\u00e3o coletiva de 2022. As tratativas foram com o sindicato laboral de Lajeado, que abrange 19 munic\u00edpios, e com a Federa\u00e7\u00e3o dos [&hellip;]<\/p>\n","protected":false},"author":8,"featured_media":104893,"comment_status":"open","ping_status":"open","sticky":false,"template":"","format":"standard","meta":{"pmpro_default_level":"","_jetpack_memberships_contains_paid_content":false,"footnotes":""},"categories":[3],"tags":[1500,5373,267,156],"class_list":{"0":"post-104892","1":"post","2":"type-post","3":"status-publish","4":"format-standard","5":"has-post-thumbnail","7":"category-geral","8":"tag-convencao-coletiva","9":"tag-municipios","10":"tag-reajuste","11":"tag-vale-do-taquari","12":"pmpro-has-access"},"yoast_head":"<!-- This site is optimized with the Yoast SEO plugin v27.5 - https:\/\/yoast.com\/product\/yoast-seo-wordpress\/ -->\n<title>Sinduscom Vale do Taquari assina conven\u00e7\u00e3o coletiva e estabelece novos pisos - Folha Popular<\/title>\n<meta name=\"robots\" content=\"index, follow, max-snippet:-1, max-image-preview:large, max-video-preview:-1\" \/>\n<link rel=\"canonical\" href=\"https:\/\/folhapopular.info\/index.php\/2022\/05\/23\/sinduscom-vale-do-taquari-assina-convencao-coletiva-e-estabelece-novos-pisos\/\" \/>\n<meta property=\"og:locale\" content=\"pt_BR\" \/>\n<meta property=\"og:type\" content=\"article\" \/>\n<meta property=\"og:title\" content=\"Sinduscom Vale do Taquari assina conven\u00e7\u00e3o coletiva e estabelece novos pisos - Folha Popular\" \/>\n<meta property=\"og:description\" content=\"O Sindicato das Ind\u00fastrias da Constru\u00e7\u00e3o, Mobili\u00e1rio, Marcenarias, Olarias e Cer\u00e2micas para a Constru\u00e7\u00e3o, Artefatos e Produtos de Cimento e Concreto Pr\u00e9-Misturados do Vale do Taquari (Sinduscom-VT) finalizou nesta semana as negocia\u00e7\u00f5es da conven\u00e7\u00e3o coletiva de 2022. As tratativas foram com o sindicato laboral de Lajeado, que abrange 19 munic\u00edpios, e com a Federa\u00e7\u00e3o dos [&hellip;]\" \/>\n<meta property=\"og:url\" content=\"https:\/\/folhapopular.info\/index.php\/2022\/05\/23\/sinduscom-vale-do-taquari-assina-convencao-coletiva-e-estabelece-novos-pisos\/\" \/>\n<meta property=\"og:site_name\" content=\"Folha Popular\" \/>\n<meta property=\"article:published_time\" content=\"2022-05-23T12:00:00+00:00\" \/>\n<meta property=\"article:modified_time\" content=\"2022-05-23T12:03:57+00:00\" \/>\n<meta property=\"og:image\" content=\"http:\/\/folhapopular.info\/wp-content\/uploads\/2022\/05\/unnamed-5.jpg\" \/>\n\t<meta property=\"og:image:width\" content=\"600\" \/>\n\t<meta property=\"og:image:height\" content=\"450\" \/>\n\t<meta property=\"og:image:type\" content=\"image\/jpeg\" \/>\n<meta name=\"author\" content=\"Reda\u00e7\u00e3o Folha Popular\" \/>\n<meta name=\"twitter:card\" content=\"summary_large_image\" \/>\n<meta name=\"twitter:label1\" content=\"Escrito por\" \/>\n\t<meta name=\"twitter:data1\" content=\"Reda\u00e7\u00e3o Folha Popular\" \/>\n\t<meta name=\"twitter:label2\" content=\"Est. tempo de leitura\" \/>\n\t<meta name=\"twitter:data2\" content=\"2 minutos\" \/>\n<script type=\"application\/ld+json\" class=\"yoast-schema-graph\">{\"@context\":\"https:\\\/\\\/schema.org\",\"@graph\":[{\"@type\":\"Article\",\"@id\":\"https:\\\/\\\/folhapopular.info\\\/index.php\\\/2022\\\/05\\\/23\\\/sinduscom-vale-do-taquari-assina-convencao-coletiva-e-estabelece-novos-pisos\\\/#article\",\"isPartOf\":{\"@id\":\"https:\\\/\\\/folhapopular.info\\\/index.php\\\/2022\\\/05\\\/23\\\/sinduscom-vale-do-taquari-assina-convencao-coletiva-e-estabelece-novos-pisos\\\/\"},\"author\":{\"name\":\"Reda\u00e7\u00e3o Folha Popular\",\"@id\":\"https:\\\/\\\/folhapopular.info\\\/#\\\/schema\\\/person\\\/2814e8a0df7643585a9ca38bc6eb9d4b\"},\"headline\":\"Sinduscom Vale do Taquari assina conven\u00e7\u00e3o coletiva e estabelece novos pisos\",\"datePublished\":\"2022-05-23T12:00:00+00:00\",\"dateModified\":\"2022-05-23T12:03:57+00:00\",\"mainEntityOfPage\":{\"@id\":\"https:\\\/\\\/folhapopular.info\\\/index.php\\\/2022\\\/05\\\/23\\\/sinduscom-vale-do-taquari-assina-convencao-coletiva-e-estabelece-novos-pisos\\\/\"},\"wordCount\":403,\"commentCount\":0,\"image\":{\"@id\":\"https:\\\/\\\/folhapopular.info\\\/index.php\\\/2022\\\/05\\\/23\\\/sinduscom-vale-do-taquari-assina-convencao-coletiva-e-estabelece-novos-pisos\\\/#primaryimage\"},\"thumbnailUrl\":\"https:\\\/\\\/folhapopular.info\\\/wp-content\\\/uploads\\\/2022\\\/05\\\/unnamed-5.jpg\",\"keywords\":[\"Conven\u00e7\u00e3o Coletiva\",\"munic\u00edpios\",\"Reajuste\",\"Vale do Taquari\"],\"articleSection\":[\"Geral\"],\"inLanguage\":\"pt-BR\",\"potentialAction\":[{\"@type\":\"CommentAction\",\"name\":\"Comment\",\"target\":[\"https:\\\/\\\/folhapopular.info\\\/index.php\\\/2022\\\/05\\\/23\\\/sinduscom-vale-do-taquari-assina-convencao-coletiva-e-estabelece-novos-pisos\\\/#respond\"]}]},{\"@type\":\"WebPage\",\"@id\":\"https:\\\/\\\/folhapopular.info\\\/index.php\\\/2022\\\/05\\\/23\\\/sinduscom-vale-do-taquari-assina-convencao-coletiva-e-estabelece-novos-pisos\\\/\",\"url\":\"https:\\\/\\\/folhapopular.info\\\/index.php\\\/2022\\\/05\\\/23\\\/sinduscom-vale-do-taquari-assina-convencao-coletiva-e-estabelece-novos-pisos\\\/\",\"name\":\"Sinduscom Vale do Taquari assina conven\u00e7\u00e3o coletiva e estabelece novos pisos - Folha Popular\",\"isPartOf\":{\"@id\":\"https:\\\/\\\/folhapopular.info\\\/#website\"},\"primaryImageOfPage\":{\"@id\":\"https:\\\/\\\/folhapopular.info\\\/index.php\\\/2022\\\/05\\\/23\\\/sinduscom-vale-do-taquari-assina-convencao-coletiva-e-estabelece-novos-pisos\\\/#primaryimage\"},\"image\":{\"@id\":\"https:\\\/\\\/folhapopular.info\\\/index.php\\\/2022\\\/05\\\/23\\\/sinduscom-vale-do-taquari-assina-convencao-coletiva-e-estabelece-novos-pisos\\\/#primaryimage\"},\"thumbnailUrl\":\"https:\\\/\\\/folhapopular.info\\\/wp-content\\\/uploads\\\/2022\\\/05\\\/unnamed-5.jpg\",\"datePublished\":\"2022-05-23T12:00:00+00:00\",\"dateModified\":\"2022-05-23T12:03:57+00:00\",\"author\":{\"@id\":\"https:\\\/\\\/folhapopular.info\\\/#\\\/schema\\\/person\\\/2814e8a0df7643585a9ca38bc6eb9d4b\"},\"breadcrumb\":{\"@id\":\"https:\\\/\\\/folhapopular.info\\\/index.php\\\/2022\\\/05\\\/23\\\/sinduscom-vale-do-taquari-assina-convencao-coletiva-e-estabelece-novos-pisos\\\/#breadcrumb\"},\"inLanguage\":\"pt-BR\",\"potentialAction\":[{\"@type\":\"ReadAction\",\"target\":[\"https:\\\/\\\/folhapopular.info\\\/index.php\\\/2022\\\/05\\\/23\\\/sinduscom-vale-do-taquari-assina-convencao-coletiva-e-estabelece-novos-pisos\\\/\"]}]},{\"@type\":\"ImageObject\",\"inLanguage\":\"pt-BR\",\"@id\":\"https:\\\/\\\/folhapopular.info\\\/index.php\\\/2022\\\/05\\\/23\\\/sinduscom-vale-do-taquari-assina-convencao-coletiva-e-estabelece-novos-pisos\\\/#primaryimage\",\"url\":\"https:\\\/\\\/folhapopular.info\\\/wp-content\\\/uploads\\\/2022\\\/05\\\/unnamed-5.jpg\",\"contentUrl\":\"https:\\\/\\\/folhapopular.info\\\/wp-content\\\/uploads\\\/2022\\\/05\\\/unnamed-5.jpg\",\"width\":600,\"height\":450,\"caption\":\"Comiss\u00e3o de negocia\u00e7\u00e3o do Sinduscom VT reunido com sindicato laboral \\\/ Cr\u00e9dito: Divulga\u00e7\u00e3o)\"},{\"@type\":\"BreadcrumbList\",\"@id\":\"https:\\\/\\\/folhapopular.info\\\/index.php\\\/2022\\\/05\\\/23\\\/sinduscom-vale-do-taquari-assina-convencao-coletiva-e-estabelece-novos-pisos\\\/#breadcrumb\",\"itemListElement\":[{\"@type\":\"ListItem\",\"position\":1,\"name\":\"In\u00edcio\",\"item\":\"https:\\\/\\\/folhapopular.info\\\/\"},{\"@type\":\"ListItem\",\"position\":2,\"name\":\"Sinduscom Vale do Taquari assina conven\u00e7\u00e3o coletiva e estabelece novos pisos\"}]},{\"@type\":\"WebSite\",\"@id\":\"https:\\\/\\\/folhapopular.info\\\/#website\",\"url\":\"https:\\\/\\\/folhapopular.info\\\/\",\"name\":\"Folha Popular\",\"description\":\"Onde voc\u00ea tem vez e voz\",\"potentialAction\":[{\"@type\":\"SearchAction\",\"target\":{\"@type\":\"EntryPoint\",\"urlTemplate\":\"https:\\\/\\\/folhapopular.info\\\/?s={search_term_string}\"},\"query-input\":{\"@type\":\"PropertyValueSpecification\",\"valueRequired\":true,\"valueName\":\"search_term_string\"}}],\"inLanguage\":\"pt-BR\"},{\"@type\":\"Person\",\"@id\":\"https:\\\/\\\/folhapopular.info\\\/#\\\/schema\\\/person\\\/2814e8a0df7643585a9ca38bc6eb9d4b\",\"name\":\"Reda\u00e7\u00e3o Folha Popular\",\"image\":{\"@type\":\"ImageObject\",\"inLanguage\":\"pt-BR\",\"@id\":\"https:\\\/\\\/folhapopular.info\\\/wp-content\\\/uploads\\\/2026\\\/04\\\/Folha-1.webp\",\"url\":\"https:\\\/\\\/folhapopular.info\\\/wp-content\\\/uploads\\\/2026\\\/04\\\/Folha-1.webp\",\"contentUrl\":\"https:\\\/\\\/folhapopular.info\\\/wp-content\\\/uploads\\\/2026\\\/04\\\/Folha-1.webp\",\"caption\":\"Reda\u00e7\u00e3o Folha Popular\"},\"url\":\"https:\\\/\\\/folhapopular.info\\\/index.php\\\/author\\\/redacao\\\/\"}]}<\/script>\n<!-- \/ Yoast SEO plugin. -->","yoast_head_json":{"title":"Sinduscom Vale do Taquari assina conven\u00e7\u00e3o coletiva e estabelece novos pisos - Folha Popular","robots":{"index":"index","follow":"follow","max-snippet":"max-snippet:-1","max-image-preview":"max-image-preview:large","max-video-preview":"max-video-preview:-1"},"canonical":"https:\/\/folhapopular.info\/index.php\/2022\/05\/23\/sinduscom-vale-do-taquari-assina-convencao-coletiva-e-estabelece-novos-pisos\/","og_locale":"pt_BR","og_type":"article","og_title":"Sinduscom Vale do Taquari assina conven\u00e7\u00e3o coletiva e estabelece novos pisos - Folha Popular","og_description":"O Sindicato das Ind\u00fastrias da Constru\u00e7\u00e3o, Mobili\u00e1rio, Marcenarias, Olarias e Cer\u00e2micas para a Constru\u00e7\u00e3o, Artefatos e Produtos de Cimento e Concreto Pr\u00e9-Misturados do Vale do Taquari (Sinduscom-VT) finalizou nesta semana as negocia\u00e7\u00f5es da conven\u00e7\u00e3o coletiva de 2022. As tratativas foram com o sindicato laboral de Lajeado, que abrange 19 munic\u00edpios, e com a Federa\u00e7\u00e3o dos [&hellip;]","og_url":"https:\/\/folhapopular.info\/index.php\/2022\/05\/23\/sinduscom-vale-do-taquari-assina-convencao-coletiva-e-estabelece-novos-pisos\/","og_site_name":"Folha Popular","article_published_time":"2022-05-23T12:00:00+00:00","article_modified_time":"2022-05-23T12:03:57+00:00","og_image":[{"width":600,"height":450,"url":"http:\/\/folhapopular.info\/wp-content\/uploads\/2022\/05\/unnamed-5.jpg","type":"image\/jpeg"}],"author":"Reda\u00e7\u00e3o Folha Popular","twitter_card":"summary_large_image","twitter_misc":{"Escrito por":"Reda\u00e7\u00e3o Folha Popular","Est. tempo de leitura":"2 minutos"},"schema":{"@context":"https:\/\/schema.org","@graph":[{"@type":"Article","@id":"https:\/\/folhapopular.info\/index.php\/2022\/05\/23\/sinduscom-vale-do-taquari-assina-convencao-coletiva-e-estabelece-novos-pisos\/#article","isPartOf":{"@id":"https:\/\/folhapopular.info\/index.php\/2022\/05\/23\/sinduscom-vale-do-taquari-assina-convencao-coletiva-e-estabelece-novos-pisos\/"},"author":{"name":"Reda\u00e7\u00e3o Folha Popular","@id":"https:\/\/folhapopular.info\/#\/schema\/person\/2814e8a0df7643585a9ca38bc6eb9d4b"},"headline":"Sinduscom Vale do Taquari assina conven\u00e7\u00e3o coletiva e estabelece novos pisos","datePublished":"2022-05-23T12:00:00+00:00","dateModified":"2022-05-23T12:03:57+00:00","mainEntityOfPage":{"@id":"https:\/\/folhapopular.info\/index.php\/2022\/05\/23\/sinduscom-vale-do-taquari-assina-convencao-coletiva-e-estabelece-novos-pisos\/"},"wordCount":403,"commentCount":0,"image":{"@id":"https:\/\/folhapopular.info\/index.php\/2022\/05\/23\/sinduscom-vale-do-taquari-assina-convencao-coletiva-e-estabelece-novos-pisos\/#primaryimage"},"thumbnailUrl":"https:\/\/folhapopular.info\/wp-content\/uploads\/2022\/05\/unnamed-5.jpg","keywords":["Conven\u00e7\u00e3o Coletiva","munic\u00edpios","Reajuste","Vale do Taquari"],"articleSection":["Geral"],"inLanguage":"pt-BR","potentialAction":[{"@type":"CommentAction","name":"Comment","target":["https:\/\/folhapopular.info\/index.php\/2022\/05\/23\/sinduscom-vale-do-taquari-assina-convencao-coletiva-e-estabelece-novos-pisos\/#respond"]}]},{"@type":"WebPage","@id":"https:\/\/folhapopular.info\/index.php\/2022\/05\/23\/sinduscom-vale-do-taquari-assina-convencao-coletiva-e-estabelece-novos-pisos\/","url":"https:\/\/folhapopular.info\/index.php\/2022\/05\/23\/sinduscom-vale-do-taquari-assina-convencao-coletiva-e-estabelece-novos-pisos\/","name":"Sinduscom Vale do Taquari assina conven\u00e7\u00e3o coletiva e estabelece novos pisos - Folha Popular","isPartOf":{"@id":"https:\/\/folhapopular.info\/#website"},"primaryImageOfPage":{"@id":"https:\/\/folhapopular.info\/index.php\/2022\/05\/23\/sinduscom-vale-do-taquari-assina-convencao-coletiva-e-estabelece-novos-pisos\/#primaryimage"},"image":{"@id":"https:\/\/folhapopular.info\/index.php\/2022\/05\/23\/sinduscom-vale-do-taquari-assina-convencao-coletiva-e-estabelece-novos-pisos\/#primaryimage"},"thumbnailUrl":"https:\/\/folhapopular.info\/wp-content\/uploads\/2022\/05\/unnamed-5.jpg","datePublished":"2022-05-23T12:00:00+00:00","dateModified":"2022-05-23T12:03:57+00:00","author":{"@id":"https:\/\/folhapopular.info\/#\/schema\/person\/2814e8a0df7643585a9ca38bc6eb9d4b"},"breadcrumb":{"@id":"https:\/\/folhapopular.info\/index.php\/2022\/05\/23\/sinduscom-vale-do-taquari-assina-convencao-coletiva-e-estabelece-novos-pisos\/#breadcrumb"},"inLanguage":"pt-BR","potentialAction":[{"@type":"ReadAction","target":["https:\/\/folhapopular.info\/index.php\/2022\/05\/23\/sinduscom-vale-do-taquari-assina-convencao-coletiva-e-estabelece-novos-pisos\/"]}]},{"@type":"ImageObject","inLanguage":"pt-BR","@id":"https:\/\/folhapopular.info\/index.php\/2022\/05\/23\/sinduscom-vale-do-taquari-assina-convencao-coletiva-e-estabelece-novos-pisos\/#primaryimage","url":"https:\/\/folhapopular.info\/wp-content\/uploads\/2022\/05\/unnamed-5.jpg","contentUrl":"https:\/\/folhapopular.info\/wp-content\/uploads\/2022\/05\/unnamed-5.jpg","width":600,"height":450,"caption":"Comiss\u00e3o de negocia\u00e7\u00e3o do Sinduscom VT reunido com sindicato laboral \/ Cr\u00e9dito: Divulga\u00e7\u00e3o)"},{"@type":"BreadcrumbList","@id":"https:\/\/folhapopular.info\/index.php\/2022\/05\/23\/sinduscom-vale-do-taquari-assina-convencao-coletiva-e-estabelece-novos-pisos\/#breadcrumb","itemListElement":[{"@type":"ListItem","position":1,"name":"In\u00edcio","item":"https:\/\/folhapopular.info\/"},{"@type":"ListItem","position":2,"name":"Sinduscom Vale do Taquari assina conven\u00e7\u00e3o coletiva e estabelece novos pisos"}]},{"@type":"WebSite","@id":"https:\/\/folhapopular.info\/#website","url":"https:\/\/folhapopular.info\/","name":"Folha Popular","description":"Onde voc\u00ea tem vez e voz","potentialAction":[{"@type":"SearchAction","target":{"@type":"EntryPoint","urlTemplate":"https:\/\/folhapopular.info\/?s={search_term_string}"},"query-input":{"@type":"PropertyValueSpecification","valueRequired":true,"valueName":"search_term_string"}}],"inLanguage":"pt-BR"},{"@type":"Person","@id":"https:\/\/folhapopular.info\/#\/schema\/person\/2814e8a0df7643585a9ca38bc6eb9d4b","name":"Reda\u00e7\u00e3o Folha Popular","image":{"@type":"ImageObject","inLanguage":"pt-BR","@id":"https:\/\/folhapopular.info\/wp-content\/uploads\/2026\/04\/Folha-1.webp","url":"https:\/\/folhapopular.info\/wp-content\/uploads\/2026\/04\/Folha-1.webp","contentUrl":"https:\/\/folhapopular.info\/wp-content\/uploads\/2026\/04\/Folha-1.webp","caption":"Reda\u00e7\u00e3o Folha Popular"},"url":"https:\/\/folhapopular.info\/index.php\/author\/redacao\/"}]}},"jetpack_featured_media_url":"https:\/\/folhapopular.info\/wp-content\/uploads\/2022\/05\/unnamed-5.jpg","jetpack_sharing_enabled":true,"amp_enabled":true,"_links":{"self":[{"href":"https:\/\/folhapopular.info\/index.php\/wp-json\/wp\/v2\/posts\/104892","targetHints":{"allow":["GET"]}}],"collection":[{"href":"https:\/\/folhapopular.info\/index.php\/wp-json\/wp\/v2\/posts"}],"about":[{"href":"https:\/\/folhapopular.info\/index.php\/wp-json\/wp\/v2\/types\/post"}],"author":[{"embeddable":true,"href":"https:\/\/folhapopular.info\/index.php\/wp-json\/wp\/v2\/users\/8"}],"replies":[{"embeddable":true,"href":"https:\/\/folhapopular.info\/index.php\/wp-json\/wp\/v2\/comments?post=104892"}],"version-history":[{"count":0,"href":"https:\/\/folhapopular.info\/index.php\/wp-json\/wp\/v2\/posts\/104892\/revisions"}],"wp:featuredmedia":[{"embeddable":true,"href":"https:\/\/folhapopular.info\/index.php\/wp-json\/wp\/v2\/media\/104893"}],"wp:attachment":[{"href":"https:\/\/folhapopular.info\/index.php\/wp-json\/wp\/v2\/media?parent=104892"}],"wp:term":[{"taxonomy":"category","embeddable":true,"href":"https:\/\/folhapopular.info\/index.php\/wp-json\/wp\/v2\/categories?post=104892"},{"taxonomy":"post_tag","embeddable":true,"href":"https:\/\/folhapopular.info\/index.php\/wp-json\/wp\/v2\/tags?post=104892"}],"curies":[{"name":"wp","href":"https:\/\/api.w.org\/{rel}","templated":true}]}}