{"id":105204,"date":"2022-05-27T15:12:06","date_gmt":"2022-05-27T18:12:06","guid":{"rendered":"https:\/\/folhapopular.info\/?p=105204"},"modified":"2022-05-27T15:12:09","modified_gmt":"2022-05-27T18:12:09","slug":"teutonia-ja-inicia-contagem-regressiva-para-a-4a-teutofrangofest","status":"publish","type":"post","link":"https:\/\/folhapopular.info\/index.php\/2022\/05\/27\/teutonia-ja-inicia-contagem-regressiva-para-a-4a-teutofrangofest\/","title":{"rendered":"<strong>Teut\u00f4nia j\u00e1 inicia contagem regressiva para a 4\u00aa Teutofrangofest<\/strong>"},"content":{"rendered":"\n<p>Nesta sexta-feira (27\/5), ocorreu durante a programa\u00e7\u00e3o da Festa de Maio, o lan\u00e7amento oficial da 4\u00aa Teutofrangofest. O evento ser\u00e1 realizado de 19 a 21 de agosto, na Associa\u00e7\u00e3o dos Funcion\u00e1rios da Languiru, com intuito de valorizar a economia e a produ\u00e7\u00e3o prim\u00e1ria local, bem como incentivar o turismo e oportunizar uma programa\u00e7\u00e3o art\u00edstico-cultural especial.<\/p>\n\n\n\n<p>A apresenta\u00e7\u00e3o da programa\u00e7\u00e3o contou com palestra do presidente da Languiru, Dirceu Bayer, idealizador do evento.<\/p>\n\n\n\n<p>A 4\u00aa Teutofrangofest \u00e9 uma realiza\u00e7\u00e3o da CIC Teut\u00f4nia, com apoio da Prefeitura de Teut\u00f4nia, patroc\u00ednio ouro das cooperativas Languiru e Sicredi Ouro Branco, patroc\u00ednio prata de Cooperativa Certel e Florestal, e patroc\u00ednio bronze de Comatra, Italiany, Katzen Bier, Unimed VTRP e Teutobier. <\/p>\n\n\n\n<p>A \u00faltima edi\u00e7\u00e3o foi realizada em 2019 e reuniu mais de tr\u00eas mil pessoas.<\/p>\n\n\n\n<p><strong>Programa\u00e7\u00e3o<\/strong><br>Ser\u00e3o tr\u00eas dias com cinco horas de consumo liberado no pavilh\u00e3o gastron\u00f4mico; mais de 35 op\u00e7\u00f5es de comidas e bebidas; e atra\u00e7\u00f5es musicais.<\/p>\n\n\n\n<p><strong>Sexta-feira (19\/8)<br><\/strong>19h ocorre a cerim\u00f4nia de abertura da 4\u00aa Teutofrangofest;<br>20h abertura do pavilh\u00e3o gastron\u00f4mico;<br>20h30 anima\u00e7\u00e3o com a banda Os Atuais;<br>22h anima\u00e7\u00e3o com a dupla Anderson Luiz e Duda;<br>00:00 fechamento do pavilh\u00e3o gastron\u00f4mico, com perman\u00eancia at\u00e9 \u00e0 1h da manh\u00e3.<\/p>\n\n\n\n<p><strong>S\u00e1bado (20\/8)<br><\/strong>20h abertura do pavilh\u00e3o gastron\u00f4mico;<br>21h anima\u00e7\u00e3o com a Banda S\u00e9timo Sentido;<br>00:00 fechamento do pavilh\u00e3o gastron\u00f4mico, com perman\u00eancia at\u00e9 \u00e0 1h da manh\u00e3.<\/p>\n\n\n\n<p><strong>Domingo (21\/8)<br><\/strong>11h abertura do pavilh\u00e3o gastron\u00f4mico;<br>12h30 anima\u00e7\u00e3o com a Banda Rosas;<br>15h fechamento do pavilh\u00e3o gastron\u00f4mico, com perman\u00eancia e encerramento do evento \u00e0s 16h.<\/p>\n\n\n\n<p><strong>Ingressos<\/strong><br>Ingressos antecipados, com desconto muito especial, podem ser adquiridos pelo <a href=\"http:\/\/www.teutofrangofest.com.br\">site <\/a>oficial do evento. Adultos pagam R$ 110,00 e crian\u00e7as (6 a 12 anos) pagam R$ 50,00. <\/p>\n\n\n\n<p>Ainda haver\u00e1 pontos de venda junto \u00e0 CIC Teut\u00f4nia, no Supermercado Languiru do Shopping Lajeado e nos Supermercados Languiru dos Bairros Languiru e Canabarro I. <\/p>\n\n\n\n<p>Associados e empregados da Languiru receber\u00e3o desconto especial.<\/p>\n\n\n\n<p><strong>Polo de alimentos<\/strong><br>O presidente da Languiru, Dirceu Bayer, referendou que o Vale do Taquari \u00e9 polo de alimentos no Estado e a Teutofrangofest vem valorizar a qualidade desses produtos. \u201cNa Languiru, do faturamento bruto de R$ 2,271 milh\u00f5es em 2021, a avicultura representou 28,68%, com 245 produtores integrados de frango e o abate de 75 milh\u00f5es de quilos vivos no Frigor\u00edfico de Aves, em Westf\u00e1lia\u201d, apontou.<\/p>\n\n\n\n<p>Ainda destacou investimentos que somam mais de R$ 125 milh\u00f5es entre 2022 e 2023, recursos aplicados no parque industrial e na amplia\u00e7\u00e3o da rede de varejo, vislumbrando novas oportunidades com incremento do mix de produtos e instala\u00e7\u00e3o de unidades de supermercado e lojas Agrocenter.<\/p>\n\n\n\n<p><strong>Novos produtos<\/strong><br>Entre os produtos Languiru apresentados estiveram os Soltinhos de frango e de su\u00ednos; a Linha Aperitivo, com cortes de frango e de su\u00edno temperados (tradicional, barbecue, lemon pepper e mostarda); Lingui\u00e7a de Pernil Su\u00edno em gomos pequenos e refinados; cortes de carne bovina embalados \u00e0 v\u00e1cuo; pizzas de fermenta\u00e7\u00e3o natural Sabores da Casa Languiru; e novas embalagens 100% recicl\u00e1veis.<\/p>\n","protected":false},"excerpt":{"rendered":"<p>Nesta sexta-feira (27\/5), ocorreu durante a programa\u00e7\u00e3o da Festa de Maio, o lan\u00e7amento oficial da 4\u00aa Teutofrangofest. O evento ser\u00e1 realizado de 19 a 21 de agosto, na Associa\u00e7\u00e3o dos Funcion\u00e1rios da Languiru, com intuito de valorizar a economia e a produ\u00e7\u00e3o prim\u00e1ria local, bem como incentivar o turismo e oportunizar uma programa\u00e7\u00e3o art\u00edstico-cultural especial. [&hellip;]<\/p>\n","protected":false},"author":8,"featured_media":105205,"comment_status":"open","ping_status":"open","sticky":false,"template":"","format":"standard","meta":{"pmpro_default_level":"","_jetpack_memberships_contains_paid_content":false,"footnotes":""},"categories":[2,3],"tags":[6466,8086,7760,842,26],"class_list":{"0":"post-105204","1":"post","2":"type-post","3":"status-publish","4":"format-standard","5":"has-post-thumbnail","7":"category-featured","8":"category-geral","9":"tag-evento","10":"tag-organizacao","11":"tag-programacoes","12":"tag-teutofrangofest","13":"tag-teutonia","14":"pmpro-has-access"},"yoast_head":"<!-- This site is optimized with the Yoast SEO plugin v27.5 - https:\/\/yoast.com\/product\/yoast-seo-wordpress\/ -->\n<title>Teut\u00f4nia j\u00e1 inicia contagem regressiva para a 4\u00aa Teutofrangofest - Folha Popular<\/title>\n<meta name=\"robots\" content=\"index, follow, max-snippet:-1, max-image-preview:large, max-video-preview:-1\" \/>\n<link rel=\"canonical\" href=\"https:\/\/folhapopular.info\/index.php\/2022\/05\/27\/teutonia-ja-inicia-contagem-regressiva-para-a-4a-teutofrangofest\/\" \/>\n<meta property=\"og:locale\" content=\"pt_BR\" \/>\n<meta property=\"og:type\" content=\"article\" \/>\n<meta property=\"og:title\" content=\"Teut\u00f4nia j\u00e1 inicia contagem regressiva para a 4\u00aa Teutofrangofest - Folha Popular\" \/>\n<meta property=\"og:description\" content=\"Nesta sexta-feira (27\/5), ocorreu durante a programa\u00e7\u00e3o da Festa de Maio, o lan\u00e7amento oficial da 4\u00aa Teutofrangofest. O evento ser\u00e1 realizado de 19 a 21 de agosto, na Associa\u00e7\u00e3o dos Funcion\u00e1rios da Languiru, com intuito de valorizar a economia e a produ\u00e7\u00e3o prim\u00e1ria local, bem como incentivar o turismo e oportunizar uma programa\u00e7\u00e3o art\u00edstico-cultural especial. [&hellip;]\" \/>\n<meta property=\"og:url\" content=\"https:\/\/folhapopular.info\/index.php\/2022\/05\/27\/teutonia-ja-inicia-contagem-regressiva-para-a-4a-teutofrangofest\/\" \/>\n<meta property=\"og:site_name\" content=\"Folha Popular\" \/>\n<meta property=\"article:published_time\" content=\"2022-05-27T18:12:06+00:00\" \/>\n<meta property=\"article:modified_time\" content=\"2022-05-27T18:12:09+00:00\" \/>\n<meta property=\"og:image\" content=\"http:\/\/folhapopular.info\/wp-content\/uploads\/2022\/05\/DSC_2951-JORNAL-scaled-e1653675072715.jpg\" \/>\n\t<meta property=\"og:image:width\" content=\"800\" \/>\n\t<meta property=\"og:image:height\" content=\"464\" \/>\n\t<meta property=\"og:image:type\" content=\"image\/jpeg\" \/>\n<meta name=\"author\" content=\"Reda\u00e7\u00e3o Folha Popular\" \/>\n<meta name=\"twitter:card\" content=\"summary_large_image\" \/>\n<meta name=\"twitter:label1\" content=\"Escrito por\" \/>\n\t<meta name=\"twitter:data1\" content=\"Reda\u00e7\u00e3o Folha Popular\" \/>\n\t<meta name=\"twitter:label2\" content=\"Est. tempo de leitura\" \/>\n\t<meta name=\"twitter:data2\" content=\"3 minutos\" \/>\n<script type=\"application\/ld+json\" class=\"yoast-schema-graph\">{\"@context\":\"https:\\\/\\\/schema.org\",\"@graph\":[{\"@type\":\"Article\",\"@id\":\"https:\\\/\\\/folhapopular.info\\\/index.php\\\/2022\\\/05\\\/27\\\/teutonia-ja-inicia-contagem-regressiva-para-a-4a-teutofrangofest\\\/#article\",\"isPartOf\":{\"@id\":\"https:\\\/\\\/folhapopular.info\\\/index.php\\\/2022\\\/05\\\/27\\\/teutonia-ja-inicia-contagem-regressiva-para-a-4a-teutofrangofest\\\/\"},\"author\":{\"name\":\"Reda\u00e7\u00e3o Folha Popular\",\"@id\":\"https:\\\/\\\/folhapopular.info\\\/#\\\/schema\\\/person\\\/2814e8a0df7643585a9ca38bc6eb9d4b\"},\"headline\":\"Teut\u00f4nia j\u00e1 inicia contagem regressiva para a 4\u00aa Teutofrangofest\",\"datePublished\":\"2022-05-27T18:12:06+00:00\",\"dateModified\":\"2022-05-27T18:12:09+00:00\",\"mainEntityOfPage\":{\"@id\":\"https:\\\/\\\/folhapopular.info\\\/index.php\\\/2022\\\/05\\\/27\\\/teutonia-ja-inicia-contagem-regressiva-para-a-4a-teutofrangofest\\\/\"},\"wordCount\":522,\"commentCount\":0,\"image\":{\"@id\":\"https:\\\/\\\/folhapopular.info\\\/index.php\\\/2022\\\/05\\\/27\\\/teutonia-ja-inicia-contagem-regressiva-para-a-4a-teutofrangofest\\\/#primaryimage\"},\"thumbnailUrl\":\"https:\\\/\\\/folhapopular.info\\\/wp-content\\\/uploads\\\/2022\\\/05\\\/DSC_2951-JORNAL-scaled-e1653675072715.jpg\",\"keywords\":[\"Evento\",\"Organiza\u00e7\u00e3o\",\"programa\u00e7\u00f5es\",\"Teutofrangofest\",\"Teut\u00f4nia\"],\"articleSection\":[\"Destaques\",\"Geral\"],\"inLanguage\":\"pt-BR\",\"potentialAction\":[{\"@type\":\"CommentAction\",\"name\":\"Comment\",\"target\":[\"https:\\\/\\\/folhapopular.info\\\/index.php\\\/2022\\\/05\\\/27\\\/teutonia-ja-inicia-contagem-regressiva-para-a-4a-teutofrangofest\\\/#respond\"]}]},{\"@type\":\"WebPage\",\"@id\":\"https:\\\/\\\/folhapopular.info\\\/index.php\\\/2022\\\/05\\\/27\\\/teutonia-ja-inicia-contagem-regressiva-para-a-4a-teutofrangofest\\\/\",\"url\":\"https:\\\/\\\/folhapopular.info\\\/index.php\\\/2022\\\/05\\\/27\\\/teutonia-ja-inicia-contagem-regressiva-para-a-4a-teutofrangofest\\\/\",\"name\":\"Teut\u00f4nia j\u00e1 inicia contagem regressiva para a 4\u00aa Teutofrangofest - Folha Popular\",\"isPartOf\":{\"@id\":\"https:\\\/\\\/folhapopular.info\\\/#website\"},\"primaryImageOfPage\":{\"@id\":\"https:\\\/\\\/folhapopular.info\\\/index.php\\\/2022\\\/05\\\/27\\\/teutonia-ja-inicia-contagem-regressiva-para-a-4a-teutofrangofest\\\/#primaryimage\"},\"image\":{\"@id\":\"https:\\\/\\\/folhapopular.info\\\/index.php\\\/2022\\\/05\\\/27\\\/teutonia-ja-inicia-contagem-regressiva-para-a-4a-teutofrangofest\\\/#primaryimage\"},\"thumbnailUrl\":\"https:\\\/\\\/folhapopular.info\\\/wp-content\\\/uploads\\\/2022\\\/05\\\/DSC_2951-JORNAL-scaled-e1653675072715.jpg\",\"datePublished\":\"2022-05-27T18:12:06+00:00\",\"dateModified\":\"2022-05-27T18:12:09+00:00\",\"author\":{\"@id\":\"https:\\\/\\\/folhapopular.info\\\/#\\\/schema\\\/person\\\/2814e8a0df7643585a9ca38bc6eb9d4b\"},\"breadcrumb\":{\"@id\":\"https:\\\/\\\/folhapopular.info\\\/index.php\\\/2022\\\/05\\\/27\\\/teutonia-ja-inicia-contagem-regressiva-para-a-4a-teutofrangofest\\\/#breadcrumb\"},\"inLanguage\":\"pt-BR\",\"potentialAction\":[{\"@type\":\"ReadAction\",\"target\":[\"https:\\\/\\\/folhapopular.info\\\/index.php\\\/2022\\\/05\\\/27\\\/teutonia-ja-inicia-contagem-regressiva-para-a-4a-teutofrangofest\\\/\"]}]},{\"@type\":\"ImageObject\",\"inLanguage\":\"pt-BR\",\"@id\":\"https:\\\/\\\/folhapopular.info\\\/index.php\\\/2022\\\/05\\\/27\\\/teutonia-ja-inicia-contagem-regressiva-para-a-4a-teutofrangofest\\\/#primaryimage\",\"url\":\"https:\\\/\\\/folhapopular.info\\\/wp-content\\\/uploads\\\/2022\\\/05\\\/DSC_2951-JORNAL-scaled-e1653675072715.jpg\",\"contentUrl\":\"https:\\\/\\\/folhapopular.info\\\/wp-content\\\/uploads\\\/2022\\\/05\\\/DSC_2951-JORNAL-scaled-e1653675072715.jpg\",\"width\":800,\"height\":464,\"caption\":\"Representantes da Cooperativa Languiru e CIC Teut\u00f4nia, parceiros na realiza\u00e7\u00e3o da 4\u00aa Teutofrangofest \\\/ Cr\u00e9dito: Leandro Augusto Hamester\"},{\"@type\":\"BreadcrumbList\",\"@id\":\"https:\\\/\\\/folhapopular.info\\\/index.php\\\/2022\\\/05\\\/27\\\/teutonia-ja-inicia-contagem-regressiva-para-a-4a-teutofrangofest\\\/#breadcrumb\",\"itemListElement\":[{\"@type\":\"ListItem\",\"position\":1,\"name\":\"In\u00edcio\",\"item\":\"https:\\\/\\\/folhapopular.info\\\/\"},{\"@type\":\"ListItem\",\"position\":2,\"name\":\"Teut\u00f4nia j\u00e1 inicia contagem regressiva para a 4\u00aa Teutofrangofest\"}]},{\"@type\":\"WebSite\",\"@id\":\"https:\\\/\\\/folhapopular.info\\\/#website\",\"url\":\"https:\\\/\\\/folhapopular.info\\\/\",\"name\":\"Folha Popular\",\"description\":\"Onde voc\u00ea tem vez e voz\",\"potentialAction\":[{\"@type\":\"SearchAction\",\"target\":{\"@type\":\"EntryPoint\",\"urlTemplate\":\"https:\\\/\\\/folhapopular.info\\\/?s={search_term_string}\"},\"query-input\":{\"@type\":\"PropertyValueSpecification\",\"valueRequired\":true,\"valueName\":\"search_term_string\"}}],\"inLanguage\":\"pt-BR\"},{\"@type\":\"Person\",\"@id\":\"https:\\\/\\\/folhapopular.info\\\/#\\\/schema\\\/person\\\/2814e8a0df7643585a9ca38bc6eb9d4b\",\"name\":\"Reda\u00e7\u00e3o Folha Popular\",\"image\":{\"@type\":\"ImageObject\",\"inLanguage\":\"pt-BR\",\"@id\":\"https:\\\/\\\/folhapopular.info\\\/wp-content\\\/uploads\\\/2026\\\/04\\\/Folha-1.webp\",\"url\":\"https:\\\/\\\/folhapopular.info\\\/wp-content\\\/uploads\\\/2026\\\/04\\\/Folha-1.webp\",\"contentUrl\":\"https:\\\/\\\/folhapopular.info\\\/wp-content\\\/uploads\\\/2026\\\/04\\\/Folha-1.webp\",\"caption\":\"Reda\u00e7\u00e3o Folha Popular\"},\"url\":\"https:\\\/\\\/folhapopular.info\\\/index.php\\\/author\\\/redacao\\\/\"}]}<\/script>\n<!-- \/ Yoast SEO plugin. -->","yoast_head_json":{"title":"Teut\u00f4nia j\u00e1 inicia contagem regressiva para a 4\u00aa Teutofrangofest - Folha Popular","robots":{"index":"index","follow":"follow","max-snippet":"max-snippet:-1","max-image-preview":"max-image-preview:large","max-video-preview":"max-video-preview:-1"},"canonical":"https:\/\/folhapopular.info\/index.php\/2022\/05\/27\/teutonia-ja-inicia-contagem-regressiva-para-a-4a-teutofrangofest\/","og_locale":"pt_BR","og_type":"article","og_title":"Teut\u00f4nia j\u00e1 inicia contagem regressiva para a 4\u00aa Teutofrangofest - Folha Popular","og_description":"Nesta sexta-feira (27\/5), ocorreu durante a programa\u00e7\u00e3o da Festa de Maio, o lan\u00e7amento oficial da 4\u00aa Teutofrangofest. O evento ser\u00e1 realizado de 19 a 21 de agosto, na Associa\u00e7\u00e3o dos Funcion\u00e1rios da Languiru, com intuito de valorizar a economia e a produ\u00e7\u00e3o prim\u00e1ria local, bem como incentivar o turismo e oportunizar uma programa\u00e7\u00e3o art\u00edstico-cultural especial. [&hellip;]","og_url":"https:\/\/folhapopular.info\/index.php\/2022\/05\/27\/teutonia-ja-inicia-contagem-regressiva-para-a-4a-teutofrangofest\/","og_site_name":"Folha Popular","article_published_time":"2022-05-27T18:12:06+00:00","article_modified_time":"2022-05-27T18:12:09+00:00","og_image":[{"width":800,"height":464,"url":"http:\/\/folhapopular.info\/wp-content\/uploads\/2022\/05\/DSC_2951-JORNAL-scaled-e1653675072715.jpg","type":"image\/jpeg"}],"author":"Reda\u00e7\u00e3o Folha Popular","twitter_card":"summary_large_image","twitter_misc":{"Escrito por":"Reda\u00e7\u00e3o Folha Popular","Est. tempo de leitura":"3 minutos"},"schema":{"@context":"https:\/\/schema.org","@graph":[{"@type":"Article","@id":"https:\/\/folhapopular.info\/index.php\/2022\/05\/27\/teutonia-ja-inicia-contagem-regressiva-para-a-4a-teutofrangofest\/#article","isPartOf":{"@id":"https:\/\/folhapopular.info\/index.php\/2022\/05\/27\/teutonia-ja-inicia-contagem-regressiva-para-a-4a-teutofrangofest\/"},"author":{"name":"Reda\u00e7\u00e3o Folha Popular","@id":"https:\/\/folhapopular.info\/#\/schema\/person\/2814e8a0df7643585a9ca38bc6eb9d4b"},"headline":"Teut\u00f4nia j\u00e1 inicia contagem regressiva para a 4\u00aa Teutofrangofest","datePublished":"2022-05-27T18:12:06+00:00","dateModified":"2022-05-27T18:12:09+00:00","mainEntityOfPage":{"@id":"https:\/\/folhapopular.info\/index.php\/2022\/05\/27\/teutonia-ja-inicia-contagem-regressiva-para-a-4a-teutofrangofest\/"},"wordCount":522,"commentCount":0,"image":{"@id":"https:\/\/folhapopular.info\/index.php\/2022\/05\/27\/teutonia-ja-inicia-contagem-regressiva-para-a-4a-teutofrangofest\/#primaryimage"},"thumbnailUrl":"https:\/\/folhapopular.info\/wp-content\/uploads\/2022\/05\/DSC_2951-JORNAL-scaled-e1653675072715.jpg","keywords":["Evento","Organiza\u00e7\u00e3o","programa\u00e7\u00f5es","Teutofrangofest","Teut\u00f4nia"],"articleSection":["Destaques","Geral"],"inLanguage":"pt-BR","potentialAction":[{"@type":"CommentAction","name":"Comment","target":["https:\/\/folhapopular.info\/index.php\/2022\/05\/27\/teutonia-ja-inicia-contagem-regressiva-para-a-4a-teutofrangofest\/#respond"]}]},{"@type":"WebPage","@id":"https:\/\/folhapopular.info\/index.php\/2022\/05\/27\/teutonia-ja-inicia-contagem-regressiva-para-a-4a-teutofrangofest\/","url":"https:\/\/folhapopular.info\/index.php\/2022\/05\/27\/teutonia-ja-inicia-contagem-regressiva-para-a-4a-teutofrangofest\/","name":"Teut\u00f4nia j\u00e1 inicia contagem regressiva para a 4\u00aa Teutofrangofest - Folha Popular","isPartOf":{"@id":"https:\/\/folhapopular.info\/#website"},"primaryImageOfPage":{"@id":"https:\/\/folhapopular.info\/index.php\/2022\/05\/27\/teutonia-ja-inicia-contagem-regressiva-para-a-4a-teutofrangofest\/#primaryimage"},"image":{"@id":"https:\/\/folhapopular.info\/index.php\/2022\/05\/27\/teutonia-ja-inicia-contagem-regressiva-para-a-4a-teutofrangofest\/#primaryimage"},"thumbnailUrl":"https:\/\/folhapopular.info\/wp-content\/uploads\/2022\/05\/DSC_2951-JORNAL-scaled-e1653675072715.jpg","datePublished":"2022-05-27T18:12:06+00:00","dateModified":"2022-05-27T18:12:09+00:00","author":{"@id":"https:\/\/folhapopular.info\/#\/schema\/person\/2814e8a0df7643585a9ca38bc6eb9d4b"},"breadcrumb":{"@id":"https:\/\/folhapopular.info\/index.php\/2022\/05\/27\/teutonia-ja-inicia-contagem-regressiva-para-a-4a-teutofrangofest\/#breadcrumb"},"inLanguage":"pt-BR","potentialAction":[{"@type":"ReadAction","target":["https:\/\/folhapopular.info\/index.php\/2022\/05\/27\/teutonia-ja-inicia-contagem-regressiva-para-a-4a-teutofrangofest\/"]}]},{"@type":"ImageObject","inLanguage":"pt-BR","@id":"https:\/\/folhapopular.info\/index.php\/2022\/05\/27\/teutonia-ja-inicia-contagem-regressiva-para-a-4a-teutofrangofest\/#primaryimage","url":"https:\/\/folhapopular.info\/wp-content\/uploads\/2022\/05\/DSC_2951-JORNAL-scaled-e1653675072715.jpg","contentUrl":"https:\/\/folhapopular.info\/wp-content\/uploads\/2022\/05\/DSC_2951-JORNAL-scaled-e1653675072715.jpg","width":800,"height":464,"caption":"Representantes da Cooperativa Languiru e CIC Teut\u00f4nia, parceiros na realiza\u00e7\u00e3o da 4\u00aa Teutofrangofest \/ Cr\u00e9dito: Leandro Augusto Hamester"},{"@type":"BreadcrumbList","@id":"https:\/\/folhapopular.info\/index.php\/2022\/05\/27\/teutonia-ja-inicia-contagem-regressiva-para-a-4a-teutofrangofest\/#breadcrumb","itemListElement":[{"@type":"ListItem","position":1,"name":"In\u00edcio","item":"https:\/\/folhapopular.info\/"},{"@type":"ListItem","position":2,"name":"Teut\u00f4nia j\u00e1 inicia contagem regressiva para a 4\u00aa Teutofrangofest"}]},{"@type":"WebSite","@id":"https:\/\/folhapopular.info\/#website","url":"https:\/\/folhapopular.info\/","name":"Folha Popular","description":"Onde voc\u00ea tem vez e voz","potentialAction":[{"@type":"SearchAction","target":{"@type":"EntryPoint","urlTemplate":"https:\/\/folhapopular.info\/?s={search_term_string}"},"query-input":{"@type":"PropertyValueSpecification","valueRequired":true,"valueName":"search_term_string"}}],"inLanguage":"pt-BR"},{"@type":"Person","@id":"https:\/\/folhapopular.info\/#\/schema\/person\/2814e8a0df7643585a9ca38bc6eb9d4b","name":"Reda\u00e7\u00e3o Folha Popular","image":{"@type":"ImageObject","inLanguage":"pt-BR","@id":"https:\/\/folhapopular.info\/wp-content\/uploads\/2026\/04\/Folha-1.webp","url":"https:\/\/folhapopular.info\/wp-content\/uploads\/2026\/04\/Folha-1.webp","contentUrl":"https:\/\/folhapopular.info\/wp-content\/uploads\/2026\/04\/Folha-1.webp","caption":"Reda\u00e7\u00e3o Folha Popular"},"url":"https:\/\/folhapopular.info\/index.php\/author\/redacao\/"}]}},"jetpack_featured_media_url":"https:\/\/folhapopular.info\/wp-content\/uploads\/2022\/05\/DSC_2951-JORNAL-scaled-e1653675072715.jpg","jetpack_sharing_enabled":true,"amp_enabled":true,"_links":{"self":[{"href":"https:\/\/folhapopular.info\/index.php\/wp-json\/wp\/v2\/posts\/105204","targetHints":{"allow":["GET"]}}],"collection":[{"href":"https:\/\/folhapopular.info\/index.php\/wp-json\/wp\/v2\/posts"}],"about":[{"href":"https:\/\/folhapopular.info\/index.php\/wp-json\/wp\/v2\/types\/post"}],"author":[{"embeddable":true,"href":"https:\/\/folhapopular.info\/index.php\/wp-json\/wp\/v2\/users\/8"}],"replies":[{"embeddable":true,"href":"https:\/\/folhapopular.info\/index.php\/wp-json\/wp\/v2\/comments?post=105204"}],"version-history":[{"count":0,"href":"https:\/\/folhapopular.info\/index.php\/wp-json\/wp\/v2\/posts\/105204\/revisions"}],"wp:featuredmedia":[{"embeddable":true,"href":"https:\/\/folhapopular.info\/index.php\/wp-json\/wp\/v2\/media\/105205"}],"wp:attachment":[{"href":"https:\/\/folhapopular.info\/index.php\/wp-json\/wp\/v2\/media?parent=105204"}],"wp:term":[{"taxonomy":"category","embeddable":true,"href":"https:\/\/folhapopular.info\/index.php\/wp-json\/wp\/v2\/categories?post=105204"},{"taxonomy":"post_tag","embeddable":true,"href":"https:\/\/folhapopular.info\/index.php\/wp-json\/wp\/v2\/tags?post=105204"}],"curies":[{"name":"wp","href":"https:\/\/api.w.org\/{rel}","templated":true}]}}