{"id":105267,"date":"2022-05-28T11:15:30","date_gmt":"2022-05-28T14:15:30","guid":{"rendered":"https:\/\/folhapopular.info\/?p=105267"},"modified":"2022-05-28T11:16:38","modified_gmt":"2022-05-28T14:16:38","slug":"univates-participantes-do-projeto-vem-pra-ca-visitam-espacos-publicos-de-lajeado","status":"publish","type":"post","link":"https:\/\/folhapopular.info\/index.php\/2022\/05\/28\/univates-participantes-do-projeto-vem-pra-ca-visitam-espacos-publicos-de-lajeado\/","title":{"rendered":"Participantes do projeto \u201cVem pra c\u00e1\u201d, visitam espa\u00e7os p\u00fablicos de Lajeado"},"content":{"rendered":"\n<p>Os imigrantes que participam das aulas de portugu\u00eas como l\u00edngua adicional ofertadas pelo projeto de extens\u00e3o \u201cVem pra c\u00e1\u201d, da <a href=\"http:\/\/www.univates.br\/\" target=\"_blank\" rel=\"noreferrer noopener\">Universidade do Vale do Taquari &#8211; Univates<\/a>, conheceram nesta quinta (26\/5), a Biblioteca P\u00fablica Municipal de Lajeado e a Casa de Cultura. Essa atividade integra o projeto did\u00e1tico \u201cNossa cidade\u201d, uma das faces em que atuam os volunt\u00e1rios da Universidade. Participam do projeto mais de 25 imigrantes.\u00a0<\/p>\n\n\n\n<p>Para a coordenadora do \u201cVem pra c\u00e1\u201d, professora Maristela Juchum, \u201ca atividade teve por objetivo inserir os imigrantes em espa\u00e7os culturais p\u00fablicos que existem na cidade de Lajeado. Por meio dessa experi\u00eancia, os imigrantes puderam aprender sobre v\u00e1rios aspectos culturais presentes na comunidade lajeadense e praticar o portugu\u00eas em contextos aut\u00eanticos de uso da l\u00edngua. No \u2018Vem pra c\u00e1\u2019 partimos do pressuposto de que aprender uma l\u00edngua \u00e9 aprender a us\u00e1-la para interagir na sociedade\u201d.&nbsp;<\/p>\n\n\n\n<figure class=\"wp-block-image size-large is-resized\"><img loading=\"lazy\" decoding=\"async\" src=\"https:\/\/folhapopular.info\/wp-content\/uploads\/2022\/05\/Atividades-com-imigrantes-em-espacos-publicos-de-Lajeado-Divulgacao-Univates-768x1024.jpg\" alt=\"\" class=\"wp-image-105280\" width=\"525\" height=\"693\"\/><figcaption>Cr\u00e9dito: Divulga\u00e7\u00e3o<\/figcaption><\/figure>\n\n\n\n<p>As aulas do projeto s\u00e3o ministradas por acad\u00eamicos e diplomados da Univates e demais volunt\u00e1rios da comunidade, que oportunizam forma\u00e7\u00e3o em l\u00edngua portuguesa aos imigrantes. Os encontros acontecem nas quintas-feiras, das 9h \u00e0s 11h, nas depend\u00eancias do Col\u00e9gio Castelo Branco. Todos os imigrantes interessados podem participar das atividades.&nbsp;<\/p>\n\n\n\n<p>Os imigrantes participantes s\u00e3o do Haiti, Guin\u00e9-Bissau e Bangladesh. Para ser volunt\u00e1rio do projeto n\u00e3o precisa estar vinculado \u00e0 Univates. As aulas de 2022 come\u00e7aram em mar\u00e7o. Mais informa\u00e7\u00f5es podem ser obtidas pelo <em><a href=\"vempraca@univates.br\">e-mail<\/a><\/em>.<\/p>\n\n\n\n<p><strong>Import\u00e2ncia do projeto para a comunidade imigrante<\/strong><\/p>\n\n\n\n<p>Conforme a professora Maristela, o projeto tem impacto na comunidade local e tamb\u00e9m na forma\u00e7\u00e3o acad\u00eamica dos volunt\u00e1rios. \u201cAs aulas de portugu\u00eas ofertadas pelo projeto s\u00e3o uma forma de a Universidade contribuir para a inser\u00e7\u00e3o dos imigrantes na comunidade local\u201d, afirma.<\/p>\n","protected":false},"excerpt":{"rendered":"<p>Os imigrantes que participam das aulas de portugu\u00eas como l\u00edngua adicional ofertadas pelo projeto de extens\u00e3o \u201cVem pra c\u00e1\u201d, da Universidade do Vale do Taquari &#8211; Univates, conheceram nesta quinta (26\/5), a Biblioteca P\u00fablica Municipal de Lajeado e a Casa de Cultura. Essa atividade integra o projeto did\u00e1tico \u201cNossa cidade\u201d, uma das faces em que [&hellip;]<\/p>\n","protected":false},"author":8,"featured_media":105276,"comment_status":"open","ping_status":"open","sticky":false,"template":"","format":"standard","meta":{"pmpro_default_level":"","_jetpack_memberships_contains_paid_content":false,"footnotes":""},"categories":[3],"tags":[9154,1434,1124,9155,2632,83,9153,3191],"class_list":{"0":"post-105267","1":"post","2":"type-post","3":"status-publish","4":"format-standard","5":"has-post-thumbnail","7":"category-geral","8":"tag-nossa-cidade","9":"tag-imigrantes","10":"tag-inclusao","11":"tag-insercao","12":"tag-projeto-social","13":"tag-univates","14":"tag-vem-pra-ca","15":"tag-voluntarios","16":"pmpro-has-access"},"yoast_head":"<!-- This site is optimized with the Yoast SEO plugin v27.5 - https:\/\/yoast.com\/product\/yoast-seo-wordpress\/ -->\n<title>Participantes do projeto \u201cVem pra c\u00e1\u201d, visitam espa\u00e7os p\u00fablicos de Lajeado - Folha Popular<\/title>\n<meta name=\"robots\" content=\"index, follow, max-snippet:-1, max-image-preview:large, max-video-preview:-1\" \/>\n<link rel=\"canonical\" href=\"https:\/\/folhapopular.info\/index.php\/2022\/05\/28\/univates-participantes-do-projeto-vem-pra-ca-visitam-espacos-publicos-de-lajeado\/\" \/>\n<meta property=\"og:locale\" content=\"pt_BR\" \/>\n<meta property=\"og:type\" content=\"article\" \/>\n<meta property=\"og:title\" content=\"Participantes do projeto \u201cVem pra c\u00e1\u201d, visitam espa\u00e7os p\u00fablicos de Lajeado - Folha Popular\" \/>\n<meta property=\"og:description\" content=\"Os imigrantes que participam das aulas de portugu\u00eas como l\u00edngua adicional ofertadas pelo projeto de extens\u00e3o \u201cVem pra c\u00e1\u201d, da Universidade do Vale do Taquari &#8211; Univates, conheceram nesta quinta (26\/5), a Biblioteca P\u00fablica Municipal de Lajeado e a Casa de Cultura. Essa atividade integra o projeto did\u00e1tico \u201cNossa cidade\u201d, uma das faces em que [&hellip;]\" \/>\n<meta property=\"og:url\" content=\"https:\/\/folhapopular.info\/index.php\/2022\/05\/28\/univates-participantes-do-projeto-vem-pra-ca-visitam-espacos-publicos-de-lajeado\/\" \/>\n<meta property=\"og:site_name\" content=\"Folha Popular\" \/>\n<meta property=\"article:published_time\" content=\"2022-05-28T14:15:30+00:00\" \/>\n<meta property=\"article:modified_time\" content=\"2022-05-28T14:16:38+00:00\" \/>\n<meta property=\"og:image\" content=\"http:\/\/folhapopular.info\/wp-content\/uploads\/2022\/05\/Atividades-com-imigrantes-em-espacos-publicos-de-Lajeado-Divulgacao-Univates-e1653743569342.jpeg\" \/>\n\t<meta property=\"og:image:width\" content=\"800\" \/>\n\t<meta property=\"og:image:height\" content=\"600\" \/>\n\t<meta property=\"og:image:type\" content=\"image\/jpeg\" \/>\n<meta name=\"author\" content=\"Reda\u00e7\u00e3o Folha Popular\" \/>\n<meta name=\"twitter:card\" content=\"summary_large_image\" \/>\n<meta name=\"twitter:label1\" content=\"Escrito por\" \/>\n\t<meta name=\"twitter:data1\" content=\"Reda\u00e7\u00e3o Folha Popular\" \/>\n\t<meta name=\"twitter:label2\" content=\"Est. tempo de leitura\" \/>\n\t<meta name=\"twitter:data2\" content=\"2 minutos\" \/>\n<script type=\"application\/ld+json\" class=\"yoast-schema-graph\">{\"@context\":\"https:\\\/\\\/schema.org\",\"@graph\":[{\"@type\":\"Article\",\"@id\":\"https:\\\/\\\/folhapopular.info\\\/index.php\\\/2022\\\/05\\\/28\\\/univates-participantes-do-projeto-vem-pra-ca-visitam-espacos-publicos-de-lajeado\\\/#article\",\"isPartOf\":{\"@id\":\"https:\\\/\\\/folhapopular.info\\\/index.php\\\/2022\\\/05\\\/28\\\/univates-participantes-do-projeto-vem-pra-ca-visitam-espacos-publicos-de-lajeado\\\/\"},\"author\":{\"name\":\"Reda\u00e7\u00e3o Folha Popular\",\"@id\":\"https:\\\/\\\/folhapopular.info\\\/#\\\/schema\\\/person\\\/2814e8a0df7643585a9ca38bc6eb9d4b\"},\"headline\":\"Participantes do projeto \u201cVem pra c\u00e1\u201d, visitam espa\u00e7os p\u00fablicos de Lajeado\",\"datePublished\":\"2022-05-28T14:15:30+00:00\",\"dateModified\":\"2022-05-28T14:16:38+00:00\",\"mainEntityOfPage\":{\"@id\":\"https:\\\/\\\/folhapopular.info\\\/index.php\\\/2022\\\/05\\\/28\\\/univates-participantes-do-projeto-vem-pra-ca-visitam-espacos-publicos-de-lajeado\\\/\"},\"wordCount\":323,\"commentCount\":0,\"image\":{\"@id\":\"https:\\\/\\\/folhapopular.info\\\/index.php\\\/2022\\\/05\\\/28\\\/univates-participantes-do-projeto-vem-pra-ca-visitam-espacos-publicos-de-lajeado\\\/#primaryimage\"},\"thumbnailUrl\":\"https:\\\/\\\/folhapopular.info\\\/wp-content\\\/uploads\\\/2022\\\/05\\\/Atividades-com-imigrantes-em-espacos-publicos-de-Lajeado-Divulgacao-Univates-e1653743569342.jpeg\",\"keywords\":[\"&quot;Nossa cidade&quot;\",\"Imigrantes\",\"Inclus\u00e3o\",\"Inser\u00e7\u00e3o\",\"Projeto Social\",\"Univates\",\"Vem pra c\u00e1\",\"Volunt\u00e1rios\"],\"articleSection\":[\"Geral\"],\"inLanguage\":\"pt-BR\",\"potentialAction\":[{\"@type\":\"CommentAction\",\"name\":\"Comment\",\"target\":[\"https:\\\/\\\/folhapopular.info\\\/index.php\\\/2022\\\/05\\\/28\\\/univates-participantes-do-projeto-vem-pra-ca-visitam-espacos-publicos-de-lajeado\\\/#respond\"]}]},{\"@type\":\"WebPage\",\"@id\":\"https:\\\/\\\/folhapopular.info\\\/index.php\\\/2022\\\/05\\\/28\\\/univates-participantes-do-projeto-vem-pra-ca-visitam-espacos-publicos-de-lajeado\\\/\",\"url\":\"https:\\\/\\\/folhapopular.info\\\/index.php\\\/2022\\\/05\\\/28\\\/univates-participantes-do-projeto-vem-pra-ca-visitam-espacos-publicos-de-lajeado\\\/\",\"name\":\"Participantes do projeto \u201cVem pra c\u00e1\u201d, visitam espa\u00e7os p\u00fablicos de Lajeado - Folha Popular\",\"isPartOf\":{\"@id\":\"https:\\\/\\\/folhapopular.info\\\/#website\"},\"primaryImageOfPage\":{\"@id\":\"https:\\\/\\\/folhapopular.info\\\/index.php\\\/2022\\\/05\\\/28\\\/univates-participantes-do-projeto-vem-pra-ca-visitam-espacos-publicos-de-lajeado\\\/#primaryimage\"},\"image\":{\"@id\":\"https:\\\/\\\/folhapopular.info\\\/index.php\\\/2022\\\/05\\\/28\\\/univates-participantes-do-projeto-vem-pra-ca-visitam-espacos-publicos-de-lajeado\\\/#primaryimage\"},\"thumbnailUrl\":\"https:\\\/\\\/folhapopular.info\\\/wp-content\\\/uploads\\\/2022\\\/05\\\/Atividades-com-imigrantes-em-espacos-publicos-de-Lajeado-Divulgacao-Univates-e1653743569342.jpeg\",\"datePublished\":\"2022-05-28T14:15:30+00:00\",\"dateModified\":\"2022-05-28T14:16:38+00:00\",\"author\":{\"@id\":\"https:\\\/\\\/folhapopular.info\\\/#\\\/schema\\\/person\\\/2814e8a0df7643585a9ca38bc6eb9d4b\"},\"breadcrumb\":{\"@id\":\"https:\\\/\\\/folhapopular.info\\\/index.php\\\/2022\\\/05\\\/28\\\/univates-participantes-do-projeto-vem-pra-ca-visitam-espacos-publicos-de-lajeado\\\/#breadcrumb\"},\"inLanguage\":\"pt-BR\",\"potentialAction\":[{\"@type\":\"ReadAction\",\"target\":[\"https:\\\/\\\/folhapopular.info\\\/index.php\\\/2022\\\/05\\\/28\\\/univates-participantes-do-projeto-vem-pra-ca-visitam-espacos-publicos-de-lajeado\\\/\"]}]},{\"@type\":\"ImageObject\",\"inLanguage\":\"pt-BR\",\"@id\":\"https:\\\/\\\/folhapopular.info\\\/index.php\\\/2022\\\/05\\\/28\\\/univates-participantes-do-projeto-vem-pra-ca-visitam-espacos-publicos-de-lajeado\\\/#primaryimage\",\"url\":\"https:\\\/\\\/folhapopular.info\\\/wp-content\\\/uploads\\\/2022\\\/05\\\/Atividades-com-imigrantes-em-espacos-publicos-de-Lajeado-Divulgacao-Univates-e1653743569342.jpeg\",\"contentUrl\":\"https:\\\/\\\/folhapopular.info\\\/wp-content\\\/uploads\\\/2022\\\/05\\\/Atividades-com-imigrantes-em-espacos-publicos-de-Lajeado-Divulgacao-Univates-e1653743569342.jpeg\",\"width\":800,\"height\":600,\"caption\":\"Atividades com imigrantes em espa\u00e7os p\u00fablicos de Lajeado \\\/ Divulga\u00e7\u00e3o: Univates\"},{\"@type\":\"BreadcrumbList\",\"@id\":\"https:\\\/\\\/folhapopular.info\\\/index.php\\\/2022\\\/05\\\/28\\\/univates-participantes-do-projeto-vem-pra-ca-visitam-espacos-publicos-de-lajeado\\\/#breadcrumb\",\"itemListElement\":[{\"@type\":\"ListItem\",\"position\":1,\"name\":\"In\u00edcio\",\"item\":\"https:\\\/\\\/folhapopular.info\\\/\"},{\"@type\":\"ListItem\",\"position\":2,\"name\":\"Participantes do projeto \u201cVem pra c\u00e1\u201d, visitam espa\u00e7os p\u00fablicos de Lajeado\"}]},{\"@type\":\"WebSite\",\"@id\":\"https:\\\/\\\/folhapopular.info\\\/#website\",\"url\":\"https:\\\/\\\/folhapopular.info\\\/\",\"name\":\"Folha Popular\",\"description\":\"Onde voc\u00ea tem vez e voz\",\"potentialAction\":[{\"@type\":\"SearchAction\",\"target\":{\"@type\":\"EntryPoint\",\"urlTemplate\":\"https:\\\/\\\/folhapopular.info\\\/?s={search_term_string}\"},\"query-input\":{\"@type\":\"PropertyValueSpecification\",\"valueRequired\":true,\"valueName\":\"search_term_string\"}}],\"inLanguage\":\"pt-BR\"},{\"@type\":\"Person\",\"@id\":\"https:\\\/\\\/folhapopular.info\\\/#\\\/schema\\\/person\\\/2814e8a0df7643585a9ca38bc6eb9d4b\",\"name\":\"Reda\u00e7\u00e3o Folha Popular\",\"image\":{\"@type\":\"ImageObject\",\"inLanguage\":\"pt-BR\",\"@id\":\"https:\\\/\\\/folhapopular.info\\\/wp-content\\\/uploads\\\/2026\\\/04\\\/Folha-1.webp\",\"url\":\"https:\\\/\\\/folhapopular.info\\\/wp-content\\\/uploads\\\/2026\\\/04\\\/Folha-1.webp\",\"contentUrl\":\"https:\\\/\\\/folhapopular.info\\\/wp-content\\\/uploads\\\/2026\\\/04\\\/Folha-1.webp\",\"caption\":\"Reda\u00e7\u00e3o Folha Popular\"},\"url\":\"https:\\\/\\\/folhapopular.info\\\/index.php\\\/author\\\/redacao\\\/\"}]}<\/script>\n<!-- \/ Yoast SEO plugin. -->","yoast_head_json":{"title":"Participantes do projeto \u201cVem pra c\u00e1\u201d, visitam espa\u00e7os p\u00fablicos de Lajeado - Folha Popular","robots":{"index":"index","follow":"follow","max-snippet":"max-snippet:-1","max-image-preview":"max-image-preview:large","max-video-preview":"max-video-preview:-1"},"canonical":"https:\/\/folhapopular.info\/index.php\/2022\/05\/28\/univates-participantes-do-projeto-vem-pra-ca-visitam-espacos-publicos-de-lajeado\/","og_locale":"pt_BR","og_type":"article","og_title":"Participantes do projeto \u201cVem pra c\u00e1\u201d, visitam espa\u00e7os p\u00fablicos de Lajeado - Folha Popular","og_description":"Os imigrantes que participam das aulas de portugu\u00eas como l\u00edngua adicional ofertadas pelo projeto de extens\u00e3o \u201cVem pra c\u00e1\u201d, da Universidade do Vale do Taquari &#8211; Univates, conheceram nesta quinta (26\/5), a Biblioteca P\u00fablica Municipal de Lajeado e a Casa de Cultura. Essa atividade integra o projeto did\u00e1tico \u201cNossa cidade\u201d, uma das faces em que [&hellip;]","og_url":"https:\/\/folhapopular.info\/index.php\/2022\/05\/28\/univates-participantes-do-projeto-vem-pra-ca-visitam-espacos-publicos-de-lajeado\/","og_site_name":"Folha Popular","article_published_time":"2022-05-28T14:15:30+00:00","article_modified_time":"2022-05-28T14:16:38+00:00","og_image":[{"width":800,"height":600,"url":"http:\/\/folhapopular.info\/wp-content\/uploads\/2022\/05\/Atividades-com-imigrantes-em-espacos-publicos-de-Lajeado-Divulgacao-Univates-e1653743569342.jpeg","type":"image\/jpeg"}],"author":"Reda\u00e7\u00e3o Folha Popular","twitter_card":"summary_large_image","twitter_misc":{"Escrito por":"Reda\u00e7\u00e3o Folha Popular","Est. tempo de leitura":"2 minutos"},"schema":{"@context":"https:\/\/schema.org","@graph":[{"@type":"Article","@id":"https:\/\/folhapopular.info\/index.php\/2022\/05\/28\/univates-participantes-do-projeto-vem-pra-ca-visitam-espacos-publicos-de-lajeado\/#article","isPartOf":{"@id":"https:\/\/folhapopular.info\/index.php\/2022\/05\/28\/univates-participantes-do-projeto-vem-pra-ca-visitam-espacos-publicos-de-lajeado\/"},"author":{"name":"Reda\u00e7\u00e3o Folha Popular","@id":"https:\/\/folhapopular.info\/#\/schema\/person\/2814e8a0df7643585a9ca38bc6eb9d4b"},"headline":"Participantes do projeto \u201cVem pra c\u00e1\u201d, visitam espa\u00e7os p\u00fablicos de Lajeado","datePublished":"2022-05-28T14:15:30+00:00","dateModified":"2022-05-28T14:16:38+00:00","mainEntityOfPage":{"@id":"https:\/\/folhapopular.info\/index.php\/2022\/05\/28\/univates-participantes-do-projeto-vem-pra-ca-visitam-espacos-publicos-de-lajeado\/"},"wordCount":323,"commentCount":0,"image":{"@id":"https:\/\/folhapopular.info\/index.php\/2022\/05\/28\/univates-participantes-do-projeto-vem-pra-ca-visitam-espacos-publicos-de-lajeado\/#primaryimage"},"thumbnailUrl":"https:\/\/folhapopular.info\/wp-content\/uploads\/2022\/05\/Atividades-com-imigrantes-em-espacos-publicos-de-Lajeado-Divulgacao-Univates-e1653743569342.jpeg","keywords":["&quot;Nossa cidade&quot;","Imigrantes","Inclus\u00e3o","Inser\u00e7\u00e3o","Projeto Social","Univates","Vem pra c\u00e1","Volunt\u00e1rios"],"articleSection":["Geral"],"inLanguage":"pt-BR","potentialAction":[{"@type":"CommentAction","name":"Comment","target":["https:\/\/folhapopular.info\/index.php\/2022\/05\/28\/univates-participantes-do-projeto-vem-pra-ca-visitam-espacos-publicos-de-lajeado\/#respond"]}]},{"@type":"WebPage","@id":"https:\/\/folhapopular.info\/index.php\/2022\/05\/28\/univates-participantes-do-projeto-vem-pra-ca-visitam-espacos-publicos-de-lajeado\/","url":"https:\/\/folhapopular.info\/index.php\/2022\/05\/28\/univates-participantes-do-projeto-vem-pra-ca-visitam-espacos-publicos-de-lajeado\/","name":"Participantes do projeto \u201cVem pra c\u00e1\u201d, visitam espa\u00e7os p\u00fablicos de Lajeado - Folha Popular","isPartOf":{"@id":"https:\/\/folhapopular.info\/#website"},"primaryImageOfPage":{"@id":"https:\/\/folhapopular.info\/index.php\/2022\/05\/28\/univates-participantes-do-projeto-vem-pra-ca-visitam-espacos-publicos-de-lajeado\/#primaryimage"},"image":{"@id":"https:\/\/folhapopular.info\/index.php\/2022\/05\/28\/univates-participantes-do-projeto-vem-pra-ca-visitam-espacos-publicos-de-lajeado\/#primaryimage"},"thumbnailUrl":"https:\/\/folhapopular.info\/wp-content\/uploads\/2022\/05\/Atividades-com-imigrantes-em-espacos-publicos-de-Lajeado-Divulgacao-Univates-e1653743569342.jpeg","datePublished":"2022-05-28T14:15:30+00:00","dateModified":"2022-05-28T14:16:38+00:00","author":{"@id":"https:\/\/folhapopular.info\/#\/schema\/person\/2814e8a0df7643585a9ca38bc6eb9d4b"},"breadcrumb":{"@id":"https:\/\/folhapopular.info\/index.php\/2022\/05\/28\/univates-participantes-do-projeto-vem-pra-ca-visitam-espacos-publicos-de-lajeado\/#breadcrumb"},"inLanguage":"pt-BR","potentialAction":[{"@type":"ReadAction","target":["https:\/\/folhapopular.info\/index.php\/2022\/05\/28\/univates-participantes-do-projeto-vem-pra-ca-visitam-espacos-publicos-de-lajeado\/"]}]},{"@type":"ImageObject","inLanguage":"pt-BR","@id":"https:\/\/folhapopular.info\/index.php\/2022\/05\/28\/univates-participantes-do-projeto-vem-pra-ca-visitam-espacos-publicos-de-lajeado\/#primaryimage","url":"https:\/\/folhapopular.info\/wp-content\/uploads\/2022\/05\/Atividades-com-imigrantes-em-espacos-publicos-de-Lajeado-Divulgacao-Univates-e1653743569342.jpeg","contentUrl":"https:\/\/folhapopular.info\/wp-content\/uploads\/2022\/05\/Atividades-com-imigrantes-em-espacos-publicos-de-Lajeado-Divulgacao-Univates-e1653743569342.jpeg","width":800,"height":600,"caption":"Atividades com imigrantes em espa\u00e7os p\u00fablicos de Lajeado \/ Divulga\u00e7\u00e3o: Univates"},{"@type":"BreadcrumbList","@id":"https:\/\/folhapopular.info\/index.php\/2022\/05\/28\/univates-participantes-do-projeto-vem-pra-ca-visitam-espacos-publicos-de-lajeado\/#breadcrumb","itemListElement":[{"@type":"ListItem","position":1,"name":"In\u00edcio","item":"https:\/\/folhapopular.info\/"},{"@type":"ListItem","position":2,"name":"Participantes do projeto \u201cVem pra c\u00e1\u201d, visitam espa\u00e7os p\u00fablicos de Lajeado"}]},{"@type":"WebSite","@id":"https:\/\/folhapopular.info\/#website","url":"https:\/\/folhapopular.info\/","name":"Folha Popular","description":"Onde voc\u00ea tem vez e voz","potentialAction":[{"@type":"SearchAction","target":{"@type":"EntryPoint","urlTemplate":"https:\/\/folhapopular.info\/?s={search_term_string}"},"query-input":{"@type":"PropertyValueSpecification","valueRequired":true,"valueName":"search_term_string"}}],"inLanguage":"pt-BR"},{"@type":"Person","@id":"https:\/\/folhapopular.info\/#\/schema\/person\/2814e8a0df7643585a9ca38bc6eb9d4b","name":"Reda\u00e7\u00e3o Folha Popular","image":{"@type":"ImageObject","inLanguage":"pt-BR","@id":"https:\/\/folhapopular.info\/wp-content\/uploads\/2026\/04\/Folha-1.webp","url":"https:\/\/folhapopular.info\/wp-content\/uploads\/2026\/04\/Folha-1.webp","contentUrl":"https:\/\/folhapopular.info\/wp-content\/uploads\/2026\/04\/Folha-1.webp","caption":"Reda\u00e7\u00e3o Folha Popular"},"url":"https:\/\/folhapopular.info\/index.php\/author\/redacao\/"}]}},"jetpack_featured_media_url":"https:\/\/folhapopular.info\/wp-content\/uploads\/2022\/05\/Atividades-com-imigrantes-em-espacos-publicos-de-Lajeado-Divulgacao-Univates-e1653743569342.jpeg","jetpack_sharing_enabled":true,"amp_enabled":true,"_links":{"self":[{"href":"https:\/\/folhapopular.info\/index.php\/wp-json\/wp\/v2\/posts\/105267","targetHints":{"allow":["GET"]}}],"collection":[{"href":"https:\/\/folhapopular.info\/index.php\/wp-json\/wp\/v2\/posts"}],"about":[{"href":"https:\/\/folhapopular.info\/index.php\/wp-json\/wp\/v2\/types\/post"}],"author":[{"embeddable":true,"href":"https:\/\/folhapopular.info\/index.php\/wp-json\/wp\/v2\/users\/8"}],"replies":[{"embeddable":true,"href":"https:\/\/folhapopular.info\/index.php\/wp-json\/wp\/v2\/comments?post=105267"}],"version-history":[{"count":0,"href":"https:\/\/folhapopular.info\/index.php\/wp-json\/wp\/v2\/posts\/105267\/revisions"}],"wp:featuredmedia":[{"embeddable":true,"href":"https:\/\/folhapopular.info\/index.php\/wp-json\/wp\/v2\/media\/105276"}],"wp:attachment":[{"href":"https:\/\/folhapopular.info\/index.php\/wp-json\/wp\/v2\/media?parent=105267"}],"wp:term":[{"taxonomy":"category","embeddable":true,"href":"https:\/\/folhapopular.info\/index.php\/wp-json\/wp\/v2\/categories?post=105267"},{"taxonomy":"post_tag","embeddable":true,"href":"https:\/\/folhapopular.info\/index.php\/wp-json\/wp\/v2\/tags?post=105267"}],"curies":[{"name":"wp","href":"https:\/\/api.w.org\/{rel}","templated":true}]}}