{"id":105497,"date":"2022-05-31T18:07:13","date_gmt":"2022-05-31T21:07:13","guid":{"rendered":"https:\/\/folhapopular.info\/?p=105497"},"modified":"2022-05-31T18:07:18","modified_gmt":"2022-05-31T21:07:18","slug":"jaque-weber-fica-em-quarto-lugar-na-belgica","status":"publish","type":"post","link":"https:\/\/folhapopular.info\/index.php\/2022\/05\/31\/jaque-weber-fica-em-quarto-lugar-na-belgica\/","title":{"rendered":"Jaque Weber fica em quarto lugar na B\u00e9lgica"},"content":{"rendered":"\n<p>A atleta teutoniense Jaque Weber participou dos 800 metros do World Athletics Continental Tour, em Oordegem, na B\u00e9lgica. O evento fez parte do circuito mundial e pontua para o ranking. Jaque finalizou sua s\u00e9rie na quarta posi\u00e7\u00e3o, com a marca de 2min4seg.<\/p>\n\n\n\n<p>\u201cFoi uma prova diferente. O n\u00edvel t\u00e9cnico estava \u00f3timo, mas tinham 12 meninas, o que \u00e9 raro para os 800 metros, normalmente correm oito e, portanto, foi um desafio se posicionar. Sa\u00ed inclusive com a sapatilha rasgada por uma pisada que levei e fiz uma corrida de recupera\u00e7\u00e3o. O resultado final foi positivo. Certamente numa prova melhor distribu\u00edda posso correr melhor\u201d, avalia Jaque.<\/p>\n\n\n\n<p>A atleta segue seus treinamentos em Madrid e nesta sexta-feira (3\/6) viaja para Rehlingen, na Alemanha, onde corre os 800 metros no domingo \u00e0 tarde (5\/6).<\/p>\n","protected":false},"excerpt":{"rendered":"<p>A atleta teutoniense Jaque Weber participou dos 800 metros do World Athletics Continental Tour, em Oordegem, na B\u00e9lgica. O evento fez parte do circuito mundial e pontua para o ranking. Jaque finalizou sua s\u00e9rie na quarta posi\u00e7\u00e3o, com a marca de 2min4seg. \u201cFoi uma prova diferente. O n\u00edvel t\u00e9cnico estava \u00f3timo, mas tinham 12 meninas, [&hellip;]<\/p>\n","protected":false},"author":8,"featured_media":105498,"comment_status":"open","ping_status":"open","sticky":false,"template":"","format":"standard","meta":{"pmpro_default_level":"","_jetpack_memberships_contains_paid_content":false,"footnotes":""},"categories":[2,5],"tags":[9185,4939,9184],"class_list":{"0":"post-105497","1":"post","2":"type-post","3":"status-publish","4":"format-standard","5":"has-post-thumbnail","7":"category-featured","8":"category-esportes","9":"tag-belgica","10":"tag-jaque-weber","11":"tag-quarto-lugar","12":"pmpro-has-access"},"yoast_head":"<!-- This site is optimized with the Yoast SEO plugin v27.5 - https:\/\/yoast.com\/product\/yoast-seo-wordpress\/ -->\n<title>Jaque Weber fica em quarto lugar na B\u00e9lgica - Folha Popular<\/title>\n<meta name=\"robots\" content=\"index, follow, max-snippet:-1, max-image-preview:large, max-video-preview:-1\" \/>\n<link rel=\"canonical\" href=\"https:\/\/folhapopular.info\/index.php\/2022\/05\/31\/jaque-weber-fica-em-quarto-lugar-na-belgica\/\" \/>\n<meta property=\"og:locale\" content=\"pt_BR\" \/>\n<meta property=\"og:type\" content=\"article\" \/>\n<meta property=\"og:title\" content=\"Jaque Weber fica em quarto lugar na B\u00e9lgica - Folha Popular\" \/>\n<meta property=\"og:description\" content=\"A atleta teutoniense Jaque Weber participou dos 800 metros do World Athletics Continental Tour, em Oordegem, na B\u00e9lgica. O evento fez parte do circuito mundial e pontua para o ranking. Jaque finalizou sua s\u00e9rie na quarta posi\u00e7\u00e3o, com a marca de 2min4seg. \u201cFoi uma prova diferente. O n\u00edvel t\u00e9cnico estava \u00f3timo, mas tinham 12 meninas, [&hellip;]\" \/>\n<meta property=\"og:url\" content=\"https:\/\/folhapopular.info\/index.php\/2022\/05\/31\/jaque-weber-fica-em-quarto-lugar-na-belgica\/\" \/>\n<meta property=\"og:site_name\" content=\"Folha Popular\" \/>\n<meta property=\"article:published_time\" content=\"2022-05-31T21:07:13+00:00\" \/>\n<meta property=\"article:modified_time\" content=\"2022-05-31T21:07:18+00:00\" \/>\n<meta property=\"og:image\" content=\"http:\/\/folhapopular.info\/wp-content\/uploads\/2022\/05\/2022_05_31_Jaque-Weber_Divulgacao.jpeg\" \/>\n\t<meta property=\"og:image:width\" content=\"1080\" \/>\n\t<meta property=\"og:image:height\" content=\"1080\" \/>\n\t<meta property=\"og:image:type\" content=\"image\/jpeg\" \/>\n<meta name=\"author\" content=\"Reda\u00e7\u00e3o Folha Popular\" \/>\n<meta name=\"twitter:card\" content=\"summary_large_image\" \/>\n<meta name=\"twitter:label1\" content=\"Escrito por\" \/>\n\t<meta name=\"twitter:data1\" content=\"Reda\u00e7\u00e3o Folha Popular\" \/>\n\t<meta name=\"twitter:label2\" content=\"Est. tempo de leitura\" \/>\n\t<meta name=\"twitter:data2\" content=\"1 minuto\" \/>\n<script type=\"application\/ld+json\" class=\"yoast-schema-graph\">{\"@context\":\"https:\\\/\\\/schema.org\",\"@graph\":[{\"@type\":\"Article\",\"@id\":\"https:\\\/\\\/folhapopular.info\\\/index.php\\\/2022\\\/05\\\/31\\\/jaque-weber-fica-em-quarto-lugar-na-belgica\\\/#article\",\"isPartOf\":{\"@id\":\"https:\\\/\\\/folhapopular.info\\\/index.php\\\/2022\\\/05\\\/31\\\/jaque-weber-fica-em-quarto-lugar-na-belgica\\\/\"},\"author\":{\"name\":\"Reda\u00e7\u00e3o Folha Popular\",\"@id\":\"https:\\\/\\\/folhapopular.info\\\/#\\\/schema\\\/person\\\/2814e8a0df7643585a9ca38bc6eb9d4b\"},\"headline\":\"Jaque Weber fica em quarto lugar na B\u00e9lgica\",\"datePublished\":\"2022-05-31T21:07:13+00:00\",\"dateModified\":\"2022-05-31T21:07:18+00:00\",\"mainEntityOfPage\":{\"@id\":\"https:\\\/\\\/folhapopular.info\\\/index.php\\\/2022\\\/05\\\/31\\\/jaque-weber-fica-em-quarto-lugar-na-belgica\\\/\"},\"wordCount\":140,\"commentCount\":0,\"image\":{\"@id\":\"https:\\\/\\\/folhapopular.info\\\/index.php\\\/2022\\\/05\\\/31\\\/jaque-weber-fica-em-quarto-lugar-na-belgica\\\/#primaryimage\"},\"thumbnailUrl\":\"https:\\\/\\\/folhapopular.info\\\/wp-content\\\/uploads\\\/2022\\\/05\\\/2022_05_31_Jaque-Weber_Divulgacao.jpeg\",\"keywords\":[\"B\u00e9lgica\",\"Jaque Weber\",\"Quarto lugar\"],\"articleSection\":[\"Destaques\",\"Esportes\"],\"inLanguage\":\"pt-BR\",\"potentialAction\":[{\"@type\":\"CommentAction\",\"name\":\"Comment\",\"target\":[\"https:\\\/\\\/folhapopular.info\\\/index.php\\\/2022\\\/05\\\/31\\\/jaque-weber-fica-em-quarto-lugar-na-belgica\\\/#respond\"]}]},{\"@type\":\"WebPage\",\"@id\":\"https:\\\/\\\/folhapopular.info\\\/index.php\\\/2022\\\/05\\\/31\\\/jaque-weber-fica-em-quarto-lugar-na-belgica\\\/\",\"url\":\"https:\\\/\\\/folhapopular.info\\\/index.php\\\/2022\\\/05\\\/31\\\/jaque-weber-fica-em-quarto-lugar-na-belgica\\\/\",\"name\":\"Jaque Weber fica em quarto lugar na B\u00e9lgica - Folha Popular\",\"isPartOf\":{\"@id\":\"https:\\\/\\\/folhapopular.info\\\/#website\"},\"primaryImageOfPage\":{\"@id\":\"https:\\\/\\\/folhapopular.info\\\/index.php\\\/2022\\\/05\\\/31\\\/jaque-weber-fica-em-quarto-lugar-na-belgica\\\/#primaryimage\"},\"image\":{\"@id\":\"https:\\\/\\\/folhapopular.info\\\/index.php\\\/2022\\\/05\\\/31\\\/jaque-weber-fica-em-quarto-lugar-na-belgica\\\/#primaryimage\"},\"thumbnailUrl\":\"https:\\\/\\\/folhapopular.info\\\/wp-content\\\/uploads\\\/2022\\\/05\\\/2022_05_31_Jaque-Weber_Divulgacao.jpeg\",\"datePublished\":\"2022-05-31T21:07:13+00:00\",\"dateModified\":\"2022-05-31T21:07:18+00:00\",\"author\":{\"@id\":\"https:\\\/\\\/folhapopular.info\\\/#\\\/schema\\\/person\\\/2814e8a0df7643585a9ca38bc6eb9d4b\"},\"breadcrumb\":{\"@id\":\"https:\\\/\\\/folhapopular.info\\\/index.php\\\/2022\\\/05\\\/31\\\/jaque-weber-fica-em-quarto-lugar-na-belgica\\\/#breadcrumb\"},\"inLanguage\":\"pt-BR\",\"potentialAction\":[{\"@type\":\"ReadAction\",\"target\":[\"https:\\\/\\\/folhapopular.info\\\/index.php\\\/2022\\\/05\\\/31\\\/jaque-weber-fica-em-quarto-lugar-na-belgica\\\/\"]}]},{\"@type\":\"ImageObject\",\"inLanguage\":\"pt-BR\",\"@id\":\"https:\\\/\\\/folhapopular.info\\\/index.php\\\/2022\\\/05\\\/31\\\/jaque-weber-fica-em-quarto-lugar-na-belgica\\\/#primaryimage\",\"url\":\"https:\\\/\\\/folhapopular.info\\\/wp-content\\\/uploads\\\/2022\\\/05\\\/2022_05_31_Jaque-Weber_Divulgacao.jpeg\",\"contentUrl\":\"https:\\\/\\\/folhapopular.info\\\/wp-content\\\/uploads\\\/2022\\\/05\\\/2022_05_31_Jaque-Weber_Divulgacao.jpeg\",\"width\":1080,\"height\":1080,\"caption\":\"Jaque conseguiu esta posi\u00e7\u00e3o com a marca de 2min4seg\"},{\"@type\":\"BreadcrumbList\",\"@id\":\"https:\\\/\\\/folhapopular.info\\\/index.php\\\/2022\\\/05\\\/31\\\/jaque-weber-fica-em-quarto-lugar-na-belgica\\\/#breadcrumb\",\"itemListElement\":[{\"@type\":\"ListItem\",\"position\":1,\"name\":\"In\u00edcio\",\"item\":\"https:\\\/\\\/folhapopular.info\\\/\"},{\"@type\":\"ListItem\",\"position\":2,\"name\":\"Jaque Weber fica em quarto lugar na B\u00e9lgica\"}]},{\"@type\":\"WebSite\",\"@id\":\"https:\\\/\\\/folhapopular.info\\\/#website\",\"url\":\"https:\\\/\\\/folhapopular.info\\\/\",\"name\":\"Folha Popular\",\"description\":\"Onde voc\u00ea tem vez e voz\",\"potentialAction\":[{\"@type\":\"SearchAction\",\"target\":{\"@type\":\"EntryPoint\",\"urlTemplate\":\"https:\\\/\\\/folhapopular.info\\\/?s={search_term_string}\"},\"query-input\":{\"@type\":\"PropertyValueSpecification\",\"valueRequired\":true,\"valueName\":\"search_term_string\"}}],\"inLanguage\":\"pt-BR\"},{\"@type\":\"Person\",\"@id\":\"https:\\\/\\\/folhapopular.info\\\/#\\\/schema\\\/person\\\/2814e8a0df7643585a9ca38bc6eb9d4b\",\"name\":\"Reda\u00e7\u00e3o Folha Popular\",\"image\":{\"@type\":\"ImageObject\",\"inLanguage\":\"pt-BR\",\"@id\":\"https:\\\/\\\/folhapopular.info\\\/wp-content\\\/uploads\\\/2026\\\/04\\\/Folha-1.webp\",\"url\":\"https:\\\/\\\/folhapopular.info\\\/wp-content\\\/uploads\\\/2026\\\/04\\\/Folha-1.webp\",\"contentUrl\":\"https:\\\/\\\/folhapopular.info\\\/wp-content\\\/uploads\\\/2026\\\/04\\\/Folha-1.webp\",\"caption\":\"Reda\u00e7\u00e3o Folha Popular\"},\"url\":\"https:\\\/\\\/folhapopular.info\\\/index.php\\\/author\\\/redacao\\\/\"}]}<\/script>\n<!-- \/ Yoast SEO plugin. -->","yoast_head_json":{"title":"Jaque Weber fica em quarto lugar na B\u00e9lgica - Folha Popular","robots":{"index":"index","follow":"follow","max-snippet":"max-snippet:-1","max-image-preview":"max-image-preview:large","max-video-preview":"max-video-preview:-1"},"canonical":"https:\/\/folhapopular.info\/index.php\/2022\/05\/31\/jaque-weber-fica-em-quarto-lugar-na-belgica\/","og_locale":"pt_BR","og_type":"article","og_title":"Jaque Weber fica em quarto lugar na B\u00e9lgica - Folha Popular","og_description":"A atleta teutoniense Jaque Weber participou dos 800 metros do World Athletics Continental Tour, em Oordegem, na B\u00e9lgica. O evento fez parte do circuito mundial e pontua para o ranking. Jaque finalizou sua s\u00e9rie na quarta posi\u00e7\u00e3o, com a marca de 2min4seg. \u201cFoi uma prova diferente. O n\u00edvel t\u00e9cnico estava \u00f3timo, mas tinham 12 meninas, [&hellip;]","og_url":"https:\/\/folhapopular.info\/index.php\/2022\/05\/31\/jaque-weber-fica-em-quarto-lugar-na-belgica\/","og_site_name":"Folha Popular","article_published_time":"2022-05-31T21:07:13+00:00","article_modified_time":"2022-05-31T21:07:18+00:00","og_image":[{"width":1080,"height":1080,"url":"http:\/\/folhapopular.info\/wp-content\/uploads\/2022\/05\/2022_05_31_Jaque-Weber_Divulgacao.jpeg","type":"image\/jpeg"}],"author":"Reda\u00e7\u00e3o Folha Popular","twitter_card":"summary_large_image","twitter_misc":{"Escrito por":"Reda\u00e7\u00e3o Folha Popular","Est. tempo de leitura":"1 minuto"},"schema":{"@context":"https:\/\/schema.org","@graph":[{"@type":"Article","@id":"https:\/\/folhapopular.info\/index.php\/2022\/05\/31\/jaque-weber-fica-em-quarto-lugar-na-belgica\/#article","isPartOf":{"@id":"https:\/\/folhapopular.info\/index.php\/2022\/05\/31\/jaque-weber-fica-em-quarto-lugar-na-belgica\/"},"author":{"name":"Reda\u00e7\u00e3o Folha Popular","@id":"https:\/\/folhapopular.info\/#\/schema\/person\/2814e8a0df7643585a9ca38bc6eb9d4b"},"headline":"Jaque Weber fica em quarto lugar na B\u00e9lgica","datePublished":"2022-05-31T21:07:13+00:00","dateModified":"2022-05-31T21:07:18+00:00","mainEntityOfPage":{"@id":"https:\/\/folhapopular.info\/index.php\/2022\/05\/31\/jaque-weber-fica-em-quarto-lugar-na-belgica\/"},"wordCount":140,"commentCount":0,"image":{"@id":"https:\/\/folhapopular.info\/index.php\/2022\/05\/31\/jaque-weber-fica-em-quarto-lugar-na-belgica\/#primaryimage"},"thumbnailUrl":"https:\/\/folhapopular.info\/wp-content\/uploads\/2022\/05\/2022_05_31_Jaque-Weber_Divulgacao.jpeg","keywords":["B\u00e9lgica","Jaque Weber","Quarto lugar"],"articleSection":["Destaques","Esportes"],"inLanguage":"pt-BR","potentialAction":[{"@type":"CommentAction","name":"Comment","target":["https:\/\/folhapopular.info\/index.php\/2022\/05\/31\/jaque-weber-fica-em-quarto-lugar-na-belgica\/#respond"]}]},{"@type":"WebPage","@id":"https:\/\/folhapopular.info\/index.php\/2022\/05\/31\/jaque-weber-fica-em-quarto-lugar-na-belgica\/","url":"https:\/\/folhapopular.info\/index.php\/2022\/05\/31\/jaque-weber-fica-em-quarto-lugar-na-belgica\/","name":"Jaque Weber fica em quarto lugar na B\u00e9lgica - Folha Popular","isPartOf":{"@id":"https:\/\/folhapopular.info\/#website"},"primaryImageOfPage":{"@id":"https:\/\/folhapopular.info\/index.php\/2022\/05\/31\/jaque-weber-fica-em-quarto-lugar-na-belgica\/#primaryimage"},"image":{"@id":"https:\/\/folhapopular.info\/index.php\/2022\/05\/31\/jaque-weber-fica-em-quarto-lugar-na-belgica\/#primaryimage"},"thumbnailUrl":"https:\/\/folhapopular.info\/wp-content\/uploads\/2022\/05\/2022_05_31_Jaque-Weber_Divulgacao.jpeg","datePublished":"2022-05-31T21:07:13+00:00","dateModified":"2022-05-31T21:07:18+00:00","author":{"@id":"https:\/\/folhapopular.info\/#\/schema\/person\/2814e8a0df7643585a9ca38bc6eb9d4b"},"breadcrumb":{"@id":"https:\/\/folhapopular.info\/index.php\/2022\/05\/31\/jaque-weber-fica-em-quarto-lugar-na-belgica\/#breadcrumb"},"inLanguage":"pt-BR","potentialAction":[{"@type":"ReadAction","target":["https:\/\/folhapopular.info\/index.php\/2022\/05\/31\/jaque-weber-fica-em-quarto-lugar-na-belgica\/"]}]},{"@type":"ImageObject","inLanguage":"pt-BR","@id":"https:\/\/folhapopular.info\/index.php\/2022\/05\/31\/jaque-weber-fica-em-quarto-lugar-na-belgica\/#primaryimage","url":"https:\/\/folhapopular.info\/wp-content\/uploads\/2022\/05\/2022_05_31_Jaque-Weber_Divulgacao.jpeg","contentUrl":"https:\/\/folhapopular.info\/wp-content\/uploads\/2022\/05\/2022_05_31_Jaque-Weber_Divulgacao.jpeg","width":1080,"height":1080,"caption":"Jaque conseguiu esta posi\u00e7\u00e3o com a marca de 2min4seg"},{"@type":"BreadcrumbList","@id":"https:\/\/folhapopular.info\/index.php\/2022\/05\/31\/jaque-weber-fica-em-quarto-lugar-na-belgica\/#breadcrumb","itemListElement":[{"@type":"ListItem","position":1,"name":"In\u00edcio","item":"https:\/\/folhapopular.info\/"},{"@type":"ListItem","position":2,"name":"Jaque Weber fica em quarto lugar na B\u00e9lgica"}]},{"@type":"WebSite","@id":"https:\/\/folhapopular.info\/#website","url":"https:\/\/folhapopular.info\/","name":"Folha Popular","description":"Onde voc\u00ea tem vez e voz","potentialAction":[{"@type":"SearchAction","target":{"@type":"EntryPoint","urlTemplate":"https:\/\/folhapopular.info\/?s={search_term_string}"},"query-input":{"@type":"PropertyValueSpecification","valueRequired":true,"valueName":"search_term_string"}}],"inLanguage":"pt-BR"},{"@type":"Person","@id":"https:\/\/folhapopular.info\/#\/schema\/person\/2814e8a0df7643585a9ca38bc6eb9d4b","name":"Reda\u00e7\u00e3o Folha Popular","image":{"@type":"ImageObject","inLanguage":"pt-BR","@id":"https:\/\/folhapopular.info\/wp-content\/uploads\/2026\/04\/Folha-1.webp","url":"https:\/\/folhapopular.info\/wp-content\/uploads\/2026\/04\/Folha-1.webp","contentUrl":"https:\/\/folhapopular.info\/wp-content\/uploads\/2026\/04\/Folha-1.webp","caption":"Reda\u00e7\u00e3o Folha Popular"},"url":"https:\/\/folhapopular.info\/index.php\/author\/redacao\/"}]}},"jetpack_featured_media_url":"https:\/\/folhapopular.info\/wp-content\/uploads\/2022\/05\/2022_05_31_Jaque-Weber_Divulgacao.jpeg","jetpack_sharing_enabled":true,"amp_enabled":true,"_links":{"self":[{"href":"https:\/\/folhapopular.info\/index.php\/wp-json\/wp\/v2\/posts\/105497","targetHints":{"allow":["GET"]}}],"collection":[{"href":"https:\/\/folhapopular.info\/index.php\/wp-json\/wp\/v2\/posts"}],"about":[{"href":"https:\/\/folhapopular.info\/index.php\/wp-json\/wp\/v2\/types\/post"}],"author":[{"embeddable":true,"href":"https:\/\/folhapopular.info\/index.php\/wp-json\/wp\/v2\/users\/8"}],"replies":[{"embeddable":true,"href":"https:\/\/folhapopular.info\/index.php\/wp-json\/wp\/v2\/comments?post=105497"}],"version-history":[{"count":0,"href":"https:\/\/folhapopular.info\/index.php\/wp-json\/wp\/v2\/posts\/105497\/revisions"}],"wp:featuredmedia":[{"embeddable":true,"href":"https:\/\/folhapopular.info\/index.php\/wp-json\/wp\/v2\/media\/105498"}],"wp:attachment":[{"href":"https:\/\/folhapopular.info\/index.php\/wp-json\/wp\/v2\/media?parent=105497"}],"wp:term":[{"taxonomy":"category","embeddable":true,"href":"https:\/\/folhapopular.info\/index.php\/wp-json\/wp\/v2\/categories?post=105497"},{"taxonomy":"post_tag","embeddable":true,"href":"https:\/\/folhapopular.info\/index.php\/wp-json\/wp\/v2\/tags?post=105497"}],"curies":[{"name":"wp","href":"https:\/\/api.w.org\/{rel}","templated":true}]}}