{"id":105844,"date":"2022-06-04T08:57:09","date_gmt":"2022-06-04T11:57:09","guid":{"rendered":"https:\/\/folhapopular.info\/?p=105844"},"modified":"2022-06-04T08:57:12","modified_gmt":"2022-06-04T11:57:12","slug":"eccuart-da-linha-clara-completa-25-anos","status":"publish","type":"post","link":"https:\/\/folhapopular.info\/index.php\/2022\/06\/04\/eccuart-da-linha-clara-completa-25-anos\/","title":{"rendered":"Eccuart da Linha Clara completa 25 anos"},"content":{"rendered":"\n<p>Nesta sexta-feira (3\/6), o prefeito recebeu a visita da presidente da Cooperativa Escolar ECCUART, \u00c9rika de Castro, de seu vice-presidente, William Jos\u00e9 Lenz, da professora orientadora, Angelita Lohmann e da diretora da EMEF Dom Pedro I, Viviane Wiebusch, para convidar os chefes do executivo para participar da festa em comemora\u00e7\u00e3o aos 25 anos da ECCUART, a cooperativa escolar mais antiga do Estado. O munic\u00edpio agradece o convite e aproveita para parabenizar a escola e a cooperativa pelo bel\u00edssimo trabalho desenvolvido com os alunos e comunidade escolar.<\/p>\n","protected":false},"excerpt":{"rendered":"<p>Nesta sexta-feira (3\/6), o prefeito recebeu a visita da presidente da Cooperativa Escolar ECCUART, \u00c9rika de Castro, de seu vice-presidente, William Jos\u00e9 Lenz, da professora orientadora, Angelita Lohmann e da diretora da EMEF Dom Pedro I, Viviane Wiebusch, para convidar os chefes do executivo para participar da festa em comemora\u00e7\u00e3o aos 25 anos da ECCUART, [&hellip;]<\/p>\n","protected":false},"author":8,"featured_media":105849,"comment_status":"open","ping_status":"open","sticky":false,"template":"","format":"standard","meta":{"pmpro_default_level":"","_jetpack_memberships_contains_paid_content":false,"footnotes":""},"categories":[3],"tags":[9249,442,441],"class_list":{"0":"post-105844","1":"post","2":"type-post","3":"status-publish","4":"format-standard","5":"has-post-thumbnail","7":"category-geral","8":"tag-cooperativa-educacional","9":"tag-eccuart","10":"tag-linha-clara","11":"pmpro-has-access"},"yoast_head":"<!-- This site is optimized with the Yoast SEO plugin v27.5 - https:\/\/yoast.com\/product\/yoast-seo-wordpress\/ -->\n<title>Eccuart da Linha Clara completa 25 anos - Folha Popular<\/title>\n<meta name=\"robots\" content=\"index, follow, max-snippet:-1, max-image-preview:large, max-video-preview:-1\" \/>\n<link rel=\"canonical\" href=\"https:\/\/folhapopular.info\/index.php\/2022\/06\/04\/eccuart-da-linha-clara-completa-25-anos\/\" \/>\n<meta property=\"og:locale\" content=\"pt_BR\" \/>\n<meta property=\"og:type\" content=\"article\" \/>\n<meta property=\"og:title\" content=\"Eccuart da Linha Clara completa 25 anos - Folha Popular\" \/>\n<meta property=\"og:description\" content=\"Nesta sexta-feira (3\/6), o prefeito recebeu a visita da presidente da Cooperativa Escolar ECCUART, \u00c9rika de Castro, de seu vice-presidente, William Jos\u00e9 Lenz, da professora orientadora, Angelita Lohmann e da diretora da EMEF Dom Pedro I, Viviane Wiebusch, para convidar os chefes do executivo para participar da festa em comemora\u00e7\u00e3o aos 25 anos da ECCUART, [&hellip;]\" \/>\n<meta property=\"og:url\" content=\"https:\/\/folhapopular.info\/index.php\/2022\/06\/04\/eccuart-da-linha-clara-completa-25-anos\/\" \/>\n<meta property=\"og:site_name\" content=\"Folha Popular\" \/>\n<meta property=\"article:published_time\" content=\"2022-06-04T11:57:09+00:00\" \/>\n<meta property=\"article:modified_time\" content=\"2022-06-04T11:57:12+00:00\" \/>\n<meta property=\"og:image\" content=\"http:\/\/folhapopular.info\/wp-content\/uploads\/2022\/06\/Captura-de-Tela-17.png\" \/>\n\t<meta property=\"og:image:width\" content=\"833\" \/>\n\t<meta property=\"og:image:height\" content=\"451\" \/>\n\t<meta property=\"og:image:type\" content=\"image\/png\" \/>\n<meta name=\"author\" content=\"Reda\u00e7\u00e3o Folha Popular\" \/>\n<meta name=\"twitter:card\" content=\"summary_large_image\" \/>\n<meta name=\"twitter:label1\" content=\"Escrito por\" \/>\n\t<meta name=\"twitter:data1\" content=\"Reda\u00e7\u00e3o Folha Popular\" \/>\n\t<meta name=\"twitter:label2\" content=\"Est. tempo de leitura\" \/>\n\t<meta name=\"twitter:data2\" content=\"1 minuto\" \/>\n<script type=\"application\/ld+json\" class=\"yoast-schema-graph\">{\"@context\":\"https:\\\/\\\/schema.org\",\"@graph\":[{\"@type\":\"Article\",\"@id\":\"https:\\\/\\\/folhapopular.info\\\/index.php\\\/2022\\\/06\\\/04\\\/eccuart-da-linha-clara-completa-25-anos\\\/#article\",\"isPartOf\":{\"@id\":\"https:\\\/\\\/folhapopular.info\\\/index.php\\\/2022\\\/06\\\/04\\\/eccuart-da-linha-clara-completa-25-anos\\\/\"},\"author\":{\"name\":\"Reda\u00e7\u00e3o Folha Popular\",\"@id\":\"https:\\\/\\\/folhapopular.info\\\/#\\\/schema\\\/person\\\/2814e8a0df7643585a9ca38bc6eb9d4b\"},\"headline\":\"Eccuart da Linha Clara completa 25 anos\",\"datePublished\":\"2022-06-04T11:57:09+00:00\",\"dateModified\":\"2022-06-04T11:57:12+00:00\",\"mainEntityOfPage\":{\"@id\":\"https:\\\/\\\/folhapopular.info\\\/index.php\\\/2022\\\/06\\\/04\\\/eccuart-da-linha-clara-completa-25-anos\\\/\"},\"wordCount\":93,\"commentCount\":0,\"image\":{\"@id\":\"https:\\\/\\\/folhapopular.info\\\/index.php\\\/2022\\\/06\\\/04\\\/eccuart-da-linha-clara-completa-25-anos\\\/#primaryimage\"},\"thumbnailUrl\":\"https:\\\/\\\/folhapopular.info\\\/wp-content\\\/uploads\\\/2022\\\/06\\\/Captura-de-Tela-17.png\",\"keywords\":[\"Cooperativa educacional\",\"Eccuart\",\"Linha Clara\"],\"articleSection\":[\"Geral\"],\"inLanguage\":\"pt-BR\",\"potentialAction\":[{\"@type\":\"CommentAction\",\"name\":\"Comment\",\"target\":[\"https:\\\/\\\/folhapopular.info\\\/index.php\\\/2022\\\/06\\\/04\\\/eccuart-da-linha-clara-completa-25-anos\\\/#respond\"]}]},{\"@type\":\"WebPage\",\"@id\":\"https:\\\/\\\/folhapopular.info\\\/index.php\\\/2022\\\/06\\\/04\\\/eccuart-da-linha-clara-completa-25-anos\\\/\",\"url\":\"https:\\\/\\\/folhapopular.info\\\/index.php\\\/2022\\\/06\\\/04\\\/eccuart-da-linha-clara-completa-25-anos\\\/\",\"name\":\"Eccuart da Linha Clara completa 25 anos - Folha Popular\",\"isPartOf\":{\"@id\":\"https:\\\/\\\/folhapopular.info\\\/#website\"},\"primaryImageOfPage\":{\"@id\":\"https:\\\/\\\/folhapopular.info\\\/index.php\\\/2022\\\/06\\\/04\\\/eccuart-da-linha-clara-completa-25-anos\\\/#primaryimage\"},\"image\":{\"@id\":\"https:\\\/\\\/folhapopular.info\\\/index.php\\\/2022\\\/06\\\/04\\\/eccuart-da-linha-clara-completa-25-anos\\\/#primaryimage\"},\"thumbnailUrl\":\"https:\\\/\\\/folhapopular.info\\\/wp-content\\\/uploads\\\/2022\\\/06\\\/Captura-de-Tela-17.png\",\"datePublished\":\"2022-06-04T11:57:09+00:00\",\"dateModified\":\"2022-06-04T11:57:12+00:00\",\"author\":{\"@id\":\"https:\\\/\\\/folhapopular.info\\\/#\\\/schema\\\/person\\\/2814e8a0df7643585a9ca38bc6eb9d4b\"},\"breadcrumb\":{\"@id\":\"https:\\\/\\\/folhapopular.info\\\/index.php\\\/2022\\\/06\\\/04\\\/eccuart-da-linha-clara-completa-25-anos\\\/#breadcrumb\"},\"inLanguage\":\"pt-BR\",\"potentialAction\":[{\"@type\":\"ReadAction\",\"target\":[\"https:\\\/\\\/folhapopular.info\\\/index.php\\\/2022\\\/06\\\/04\\\/eccuart-da-linha-clara-completa-25-anos\\\/\"]}]},{\"@type\":\"ImageObject\",\"inLanguage\":\"pt-BR\",\"@id\":\"https:\\\/\\\/folhapopular.info\\\/index.php\\\/2022\\\/06\\\/04\\\/eccuart-da-linha-clara-completa-25-anos\\\/#primaryimage\",\"url\":\"https:\\\/\\\/folhapopular.info\\\/wp-content\\\/uploads\\\/2022\\\/06\\\/Captura-de-Tela-17.png\",\"contentUrl\":\"https:\\\/\\\/folhapopular.info\\\/wp-content\\\/uploads\\\/2022\\\/06\\\/Captura-de-Tela-17.png\",\"width\":833,\"height\":451,\"caption\":\"25 anos da Eccuart de Linha Clara \\\/ Cr\u00e9dito: Divulga\u00e7\u00e3o\"},{\"@type\":\"BreadcrumbList\",\"@id\":\"https:\\\/\\\/folhapopular.info\\\/index.php\\\/2022\\\/06\\\/04\\\/eccuart-da-linha-clara-completa-25-anos\\\/#breadcrumb\",\"itemListElement\":[{\"@type\":\"ListItem\",\"position\":1,\"name\":\"In\u00edcio\",\"item\":\"https:\\\/\\\/folhapopular.info\\\/\"},{\"@type\":\"ListItem\",\"position\":2,\"name\":\"Eccuart da Linha Clara completa 25 anos\"}]},{\"@type\":\"WebSite\",\"@id\":\"https:\\\/\\\/folhapopular.info\\\/#website\",\"url\":\"https:\\\/\\\/folhapopular.info\\\/\",\"name\":\"Folha Popular\",\"description\":\"Onde voc\u00ea tem vez e voz\",\"potentialAction\":[{\"@type\":\"SearchAction\",\"target\":{\"@type\":\"EntryPoint\",\"urlTemplate\":\"https:\\\/\\\/folhapopular.info\\\/?s={search_term_string}\"},\"query-input\":{\"@type\":\"PropertyValueSpecification\",\"valueRequired\":true,\"valueName\":\"search_term_string\"}}],\"inLanguage\":\"pt-BR\"},{\"@type\":\"Person\",\"@id\":\"https:\\\/\\\/folhapopular.info\\\/#\\\/schema\\\/person\\\/2814e8a0df7643585a9ca38bc6eb9d4b\",\"name\":\"Reda\u00e7\u00e3o Folha Popular\",\"image\":{\"@type\":\"ImageObject\",\"inLanguage\":\"pt-BR\",\"@id\":\"https:\\\/\\\/folhapopular.info\\\/wp-content\\\/uploads\\\/2026\\\/04\\\/Folha-1.webp\",\"url\":\"https:\\\/\\\/folhapopular.info\\\/wp-content\\\/uploads\\\/2026\\\/04\\\/Folha-1.webp\",\"contentUrl\":\"https:\\\/\\\/folhapopular.info\\\/wp-content\\\/uploads\\\/2026\\\/04\\\/Folha-1.webp\",\"caption\":\"Reda\u00e7\u00e3o Folha Popular\"},\"url\":\"https:\\\/\\\/folhapopular.info\\\/index.php\\\/author\\\/redacao\\\/\"}]}<\/script>\n<!-- \/ Yoast SEO plugin. -->","yoast_head_json":{"title":"Eccuart da Linha Clara completa 25 anos - Folha Popular","robots":{"index":"index","follow":"follow","max-snippet":"max-snippet:-1","max-image-preview":"max-image-preview:large","max-video-preview":"max-video-preview:-1"},"canonical":"https:\/\/folhapopular.info\/index.php\/2022\/06\/04\/eccuart-da-linha-clara-completa-25-anos\/","og_locale":"pt_BR","og_type":"article","og_title":"Eccuart da Linha Clara completa 25 anos - Folha Popular","og_description":"Nesta sexta-feira (3\/6), o prefeito recebeu a visita da presidente da Cooperativa Escolar ECCUART, \u00c9rika de Castro, de seu vice-presidente, William Jos\u00e9 Lenz, da professora orientadora, Angelita Lohmann e da diretora da EMEF Dom Pedro I, Viviane Wiebusch, para convidar os chefes do executivo para participar da festa em comemora\u00e7\u00e3o aos 25 anos da ECCUART, [&hellip;]","og_url":"https:\/\/folhapopular.info\/index.php\/2022\/06\/04\/eccuart-da-linha-clara-completa-25-anos\/","og_site_name":"Folha Popular","article_published_time":"2022-06-04T11:57:09+00:00","article_modified_time":"2022-06-04T11:57:12+00:00","og_image":[{"width":833,"height":451,"url":"http:\/\/folhapopular.info\/wp-content\/uploads\/2022\/06\/Captura-de-Tela-17.png","type":"image\/png"}],"author":"Reda\u00e7\u00e3o Folha Popular","twitter_card":"summary_large_image","twitter_misc":{"Escrito por":"Reda\u00e7\u00e3o Folha Popular","Est. tempo de leitura":"1 minuto"},"schema":{"@context":"https:\/\/schema.org","@graph":[{"@type":"Article","@id":"https:\/\/folhapopular.info\/index.php\/2022\/06\/04\/eccuart-da-linha-clara-completa-25-anos\/#article","isPartOf":{"@id":"https:\/\/folhapopular.info\/index.php\/2022\/06\/04\/eccuart-da-linha-clara-completa-25-anos\/"},"author":{"name":"Reda\u00e7\u00e3o Folha Popular","@id":"https:\/\/folhapopular.info\/#\/schema\/person\/2814e8a0df7643585a9ca38bc6eb9d4b"},"headline":"Eccuart da Linha Clara completa 25 anos","datePublished":"2022-06-04T11:57:09+00:00","dateModified":"2022-06-04T11:57:12+00:00","mainEntityOfPage":{"@id":"https:\/\/folhapopular.info\/index.php\/2022\/06\/04\/eccuart-da-linha-clara-completa-25-anos\/"},"wordCount":93,"commentCount":0,"image":{"@id":"https:\/\/folhapopular.info\/index.php\/2022\/06\/04\/eccuart-da-linha-clara-completa-25-anos\/#primaryimage"},"thumbnailUrl":"https:\/\/folhapopular.info\/wp-content\/uploads\/2022\/06\/Captura-de-Tela-17.png","keywords":["Cooperativa educacional","Eccuart","Linha Clara"],"articleSection":["Geral"],"inLanguage":"pt-BR","potentialAction":[{"@type":"CommentAction","name":"Comment","target":["https:\/\/folhapopular.info\/index.php\/2022\/06\/04\/eccuart-da-linha-clara-completa-25-anos\/#respond"]}]},{"@type":"WebPage","@id":"https:\/\/folhapopular.info\/index.php\/2022\/06\/04\/eccuart-da-linha-clara-completa-25-anos\/","url":"https:\/\/folhapopular.info\/index.php\/2022\/06\/04\/eccuart-da-linha-clara-completa-25-anos\/","name":"Eccuart da Linha Clara completa 25 anos - Folha Popular","isPartOf":{"@id":"https:\/\/folhapopular.info\/#website"},"primaryImageOfPage":{"@id":"https:\/\/folhapopular.info\/index.php\/2022\/06\/04\/eccuart-da-linha-clara-completa-25-anos\/#primaryimage"},"image":{"@id":"https:\/\/folhapopular.info\/index.php\/2022\/06\/04\/eccuart-da-linha-clara-completa-25-anos\/#primaryimage"},"thumbnailUrl":"https:\/\/folhapopular.info\/wp-content\/uploads\/2022\/06\/Captura-de-Tela-17.png","datePublished":"2022-06-04T11:57:09+00:00","dateModified":"2022-06-04T11:57:12+00:00","author":{"@id":"https:\/\/folhapopular.info\/#\/schema\/person\/2814e8a0df7643585a9ca38bc6eb9d4b"},"breadcrumb":{"@id":"https:\/\/folhapopular.info\/index.php\/2022\/06\/04\/eccuart-da-linha-clara-completa-25-anos\/#breadcrumb"},"inLanguage":"pt-BR","potentialAction":[{"@type":"ReadAction","target":["https:\/\/folhapopular.info\/index.php\/2022\/06\/04\/eccuart-da-linha-clara-completa-25-anos\/"]}]},{"@type":"ImageObject","inLanguage":"pt-BR","@id":"https:\/\/folhapopular.info\/index.php\/2022\/06\/04\/eccuart-da-linha-clara-completa-25-anos\/#primaryimage","url":"https:\/\/folhapopular.info\/wp-content\/uploads\/2022\/06\/Captura-de-Tela-17.png","contentUrl":"https:\/\/folhapopular.info\/wp-content\/uploads\/2022\/06\/Captura-de-Tela-17.png","width":833,"height":451,"caption":"25 anos da Eccuart de Linha Clara \/ Cr\u00e9dito: Divulga\u00e7\u00e3o"},{"@type":"BreadcrumbList","@id":"https:\/\/folhapopular.info\/index.php\/2022\/06\/04\/eccuart-da-linha-clara-completa-25-anos\/#breadcrumb","itemListElement":[{"@type":"ListItem","position":1,"name":"In\u00edcio","item":"https:\/\/folhapopular.info\/"},{"@type":"ListItem","position":2,"name":"Eccuart da Linha Clara completa 25 anos"}]},{"@type":"WebSite","@id":"https:\/\/folhapopular.info\/#website","url":"https:\/\/folhapopular.info\/","name":"Folha Popular","description":"Onde voc\u00ea tem vez e voz","potentialAction":[{"@type":"SearchAction","target":{"@type":"EntryPoint","urlTemplate":"https:\/\/folhapopular.info\/?s={search_term_string}"},"query-input":{"@type":"PropertyValueSpecification","valueRequired":true,"valueName":"search_term_string"}}],"inLanguage":"pt-BR"},{"@type":"Person","@id":"https:\/\/folhapopular.info\/#\/schema\/person\/2814e8a0df7643585a9ca38bc6eb9d4b","name":"Reda\u00e7\u00e3o Folha Popular","image":{"@type":"ImageObject","inLanguage":"pt-BR","@id":"https:\/\/folhapopular.info\/wp-content\/uploads\/2026\/04\/Folha-1.webp","url":"https:\/\/folhapopular.info\/wp-content\/uploads\/2026\/04\/Folha-1.webp","contentUrl":"https:\/\/folhapopular.info\/wp-content\/uploads\/2026\/04\/Folha-1.webp","caption":"Reda\u00e7\u00e3o Folha Popular"},"url":"https:\/\/folhapopular.info\/index.php\/author\/redacao\/"}]}},"jetpack_featured_media_url":"https:\/\/folhapopular.info\/wp-content\/uploads\/2022\/06\/Captura-de-Tela-17.png","jetpack_sharing_enabled":true,"amp_enabled":true,"_links":{"self":[{"href":"https:\/\/folhapopular.info\/index.php\/wp-json\/wp\/v2\/posts\/105844","targetHints":{"allow":["GET"]}}],"collection":[{"href":"https:\/\/folhapopular.info\/index.php\/wp-json\/wp\/v2\/posts"}],"about":[{"href":"https:\/\/folhapopular.info\/index.php\/wp-json\/wp\/v2\/types\/post"}],"author":[{"embeddable":true,"href":"https:\/\/folhapopular.info\/index.php\/wp-json\/wp\/v2\/users\/8"}],"replies":[{"embeddable":true,"href":"https:\/\/folhapopular.info\/index.php\/wp-json\/wp\/v2\/comments?post=105844"}],"version-history":[{"count":0,"href":"https:\/\/folhapopular.info\/index.php\/wp-json\/wp\/v2\/posts\/105844\/revisions"}],"wp:featuredmedia":[{"embeddable":true,"href":"https:\/\/folhapopular.info\/index.php\/wp-json\/wp\/v2\/media\/105849"}],"wp:attachment":[{"href":"https:\/\/folhapopular.info\/index.php\/wp-json\/wp\/v2\/media?parent=105844"}],"wp:term":[{"taxonomy":"category","embeddable":true,"href":"https:\/\/folhapopular.info\/index.php\/wp-json\/wp\/v2\/categories?post=105844"},{"taxonomy":"post_tag","embeddable":true,"href":"https:\/\/folhapopular.info\/index.php\/wp-json\/wp\/v2\/tags?post=105844"}],"curies":[{"name":"wp","href":"https:\/\/api.w.org\/{rel}","templated":true}]}}