{"id":106005,"date":"2022-06-07T08:41:45","date_gmt":"2022-06-07T11:41:45","guid":{"rendered":"https:\/\/folhapopular.info\/?p=106005"},"modified":"2022-06-07T08:41:49","modified_gmt":"2022-06-07T11:41:49","slug":"8-dos-pacientes-que-agendam-nao-comparecem-as-consultas-em-teutonia","status":"publish","type":"post","link":"https:\/\/folhapopular.info\/index.php\/2022\/06\/07\/8-dos-pacientes-que-agendam-nao-comparecem-as-consultas-em-teutonia\/","title":{"rendered":"8% dos pacientes que agendam n\u00e3o comparecem \u00e0s consultas em Teut\u00f4nia"},"content":{"rendered":"\n<p>Al\u00e9m da alta demanda nos atendimentos na rede p\u00fablica de sa\u00fade, a Secretaria de Sa\u00fade de Teut\u00f4nia enfrenta uma dificuldade que pode ser solucionada com o apoio dos usu\u00e1rios do servi\u00e7o.<\/p>\n\n\n\n<p>Somente nos quatro primeiros meses deste ano, 2.401 consultas foram previamente agendadas nas unidades b\u00e1sicas de sa\u00fade, mas os pacientes n\u00e3o compareceram e n\u00e3o retornaram avisando para que o atendimento pudesse ser desmarcado e agendado para outra pessoa. O n\u00famero ultrapassa os 8%.<\/p>\n\n\n\n<p>Todas as consultas eram relacionadas ao atendimento m\u00e9dico em diferentes especialidades como cirurgi\u00e3o geral, cl\u00ednico geral, ginecologista, obstetra, pediatra e psiquiatra.<\/p>\n\n\n\n<p>A Administra\u00e7\u00e3o Municipal, atrav\u00e9s da Secretaria de Sa\u00fade, vem realizando esfor\u00e7os cont\u00ednuos para ampliar ainda mais atendimento m\u00e9dico nas unidades b\u00e1sicas de sa\u00fade.<\/p>\n\n\n\n<p>No dia 1\u00ba de junho dois novos m\u00e9dicos iniciaram suas atividades no Centro Avan\u00e7ado de Sa\u00fade do Bairro Canabarro, os quais atender\u00e3o as queixas do dia, das 14h \u00e0s 22h, de segunda \u00e0 sexta-feira.<\/p>\n\n\n\n<p>Entretanto uma grande dificuldade que precisa ser solucionada s\u00e3o as faltas de pacientes que n\u00e3o comparecem e n\u00e3o informam a equipe de sa\u00fade, para que outras pessoas possam ser encaixadas no dia. A Secretaria ressalta a import\u00e2ncia de informar caso a pessoa n\u00e3o possa comparecer para a consulta.<\/p>\n\n\n\n<p>O Secret\u00e1rio de Sa\u00fade, Juliano Renato K\u00f6rner, alerta sobre a necessidade de avisar as equipes dos postos de sa\u00fade quando o usu\u00e1rio n\u00e3o puder comparecer \u00e0 consulta. \u201cSabemos que imprevistos acontecem, mas \u00e9 muito importante que as pessoas se atentem a avisar os atendentes dos postos de sa\u00fade quando n\u00e3o puderem comparecer a consulta agendada, pois esta consulta ser\u00e1 destinada \u00e0 outra pessoa, que tamb\u00e9m aguarda por atendimento&#8221;, aponta.<\/p>\n\n\n\n<p>K\u00f6rner comenta que esse tipo de situa\u00e7\u00e3o tem acontecido com certa frequ\u00eancia, o que preocupa os profissionais, principalmente pelo aumento da procura por atendimento. &#8220;Pedimos a colabora\u00e7\u00e3o de todos, para que estas consultas possam ser redirecionadas para o pr\u00f3ximo paciente\u201d, explica.<\/p>\n\n\n\n<figure class=\"wp-block-table\"><table><tbody><tr><td><strong>M\u00eas<\/strong><strong><\/strong><\/td><td><strong>Faltas<\/strong><strong><\/strong><\/td><\/tr><tr><td>Janeiro<\/td><td>634<\/td><\/tr><tr><td>Fevereiro<\/td><td>511<\/td><\/tr><tr><td>Mar\u00e7o<\/td><td>652<\/td><\/tr><tr><td>Abril<\/td><td>604<\/td><\/tr><\/tbody><\/table><\/figure>\n","protected":false},"excerpt":{"rendered":"<p>Al\u00e9m da alta demanda nos atendimentos na rede p\u00fablica de sa\u00fade, a Secretaria de Sa\u00fade de Teut\u00f4nia enfrenta uma dificuldade que pode ser solucionada com o apoio dos usu\u00e1rios do servi\u00e7o. Somente nos quatro primeiros meses deste ano, 2.401 consultas foram previamente agendadas nas unidades b\u00e1sicas de sa\u00fade, mas os pacientes n\u00e3o compareceram e n\u00e3o [&hellip;]<\/p>\n","protected":false},"author":8,"featured_media":105977,"comment_status":"open","ping_status":"open","sticky":false,"template":"","format":"standard","meta":{"pmpro_default_level":"","_jetpack_memberships_contains_paid_content":false,"footnotes":""},"categories":[3],"tags":[1400,89,26],"class_list":{"0":"post-106005","1":"post","2":"type-post","3":"status-publish","4":"format-standard","5":"has-post-thumbnail","7":"category-geral","8":"tag-consultas","9":"tag-saude","10":"tag-teutonia","11":"pmpro-has-access"},"yoast_head":"<!-- This site is optimized with the Yoast SEO plugin v27.5 - https:\/\/yoast.com\/product\/yoast-seo-wordpress\/ -->\n<title>8% dos pacientes que agendam n\u00e3o comparecem \u00e0s consultas em Teut\u00f4nia - Folha Popular<\/title>\n<meta name=\"robots\" content=\"index, follow, max-snippet:-1, max-image-preview:large, max-video-preview:-1\" \/>\n<link rel=\"canonical\" href=\"https:\/\/folhapopular.info\/index.php\/2022\/06\/07\/8-dos-pacientes-que-agendam-nao-comparecem-as-consultas-em-teutonia\/\" \/>\n<meta property=\"og:locale\" content=\"pt_BR\" \/>\n<meta property=\"og:type\" content=\"article\" \/>\n<meta property=\"og:title\" content=\"8% dos pacientes que agendam n\u00e3o comparecem \u00e0s consultas em Teut\u00f4nia - Folha Popular\" \/>\n<meta property=\"og:description\" content=\"Al\u00e9m da alta demanda nos atendimentos na rede p\u00fablica de sa\u00fade, a Secretaria de Sa\u00fade de Teut\u00f4nia enfrenta uma dificuldade que pode ser solucionada com o apoio dos usu\u00e1rios do servi\u00e7o. Somente nos quatro primeiros meses deste ano, 2.401 consultas foram previamente agendadas nas unidades b\u00e1sicas de sa\u00fade, mas os pacientes n\u00e3o compareceram e n\u00e3o [&hellip;]\" \/>\n<meta property=\"og:url\" content=\"https:\/\/folhapopular.info\/index.php\/2022\/06\/07\/8-dos-pacientes-que-agendam-nao-comparecem-as-consultas-em-teutonia\/\" \/>\n<meta property=\"og:site_name\" content=\"Folha Popular\" \/>\n<meta property=\"article:published_time\" content=\"2022-06-07T11:41:45+00:00\" \/>\n<meta property=\"article:modified_time\" content=\"2022-06-07T11:41:49+00:00\" \/>\n<meta property=\"og:image\" content=\"http:\/\/folhapopular.info\/wp-content\/uploads\/2022\/06\/pexels-karolina-grabowska-4021779-scaled-e1654561033460.jpg\" \/>\n\t<meta property=\"og:image:width\" content=\"1200\" \/>\n\t<meta property=\"og:image:height\" content=\"800\" \/>\n\t<meta property=\"og:image:type\" content=\"image\/jpeg\" \/>\n<meta name=\"author\" content=\"Reda\u00e7\u00e3o Folha Popular\" \/>\n<meta name=\"twitter:card\" content=\"summary_large_image\" \/>\n<meta name=\"twitter:label1\" content=\"Escrito por\" \/>\n\t<meta name=\"twitter:data1\" content=\"Reda\u00e7\u00e3o Folha Popular\" \/>\n\t<meta name=\"twitter:label2\" content=\"Est. tempo de leitura\" \/>\n\t<meta name=\"twitter:data2\" content=\"2 minutos\" \/>\n<script type=\"application\/ld+json\" class=\"yoast-schema-graph\">{\"@context\":\"https:\\\/\\\/schema.org\",\"@graph\":[{\"@type\":\"Article\",\"@id\":\"https:\\\/\\\/folhapopular.info\\\/index.php\\\/2022\\\/06\\\/07\\\/8-dos-pacientes-que-agendam-nao-comparecem-as-consultas-em-teutonia\\\/#article\",\"isPartOf\":{\"@id\":\"https:\\\/\\\/folhapopular.info\\\/index.php\\\/2022\\\/06\\\/07\\\/8-dos-pacientes-que-agendam-nao-comparecem-as-consultas-em-teutonia\\\/\"},\"author\":{\"name\":\"Reda\u00e7\u00e3o Folha Popular\",\"@id\":\"https:\\\/\\\/folhapopular.info\\\/#\\\/schema\\\/person\\\/2814e8a0df7643585a9ca38bc6eb9d4b\"},\"headline\":\"8% dos pacientes que agendam n\u00e3o comparecem \u00e0s consultas em Teut\u00f4nia\",\"datePublished\":\"2022-06-07T11:41:45+00:00\",\"dateModified\":\"2022-06-07T11:41:49+00:00\",\"mainEntityOfPage\":{\"@id\":\"https:\\\/\\\/folhapopular.info\\\/index.php\\\/2022\\\/06\\\/07\\\/8-dos-pacientes-que-agendam-nao-comparecem-as-consultas-em-teutonia\\\/\"},\"wordCount\":370,\"commentCount\":0,\"image\":{\"@id\":\"https:\\\/\\\/folhapopular.info\\\/index.php\\\/2022\\\/06\\\/07\\\/8-dos-pacientes-que-agendam-nao-comparecem-as-consultas-em-teutonia\\\/#primaryimage\"},\"thumbnailUrl\":\"https:\\\/\\\/folhapopular.info\\\/wp-content\\\/uploads\\\/2022\\\/06\\\/pexels-karolina-grabowska-4021779-scaled-e1654561033460.jpg\",\"keywords\":[\"Consultas\",\"Sa\u00fade\",\"Teut\u00f4nia\"],\"articleSection\":[\"Geral\"],\"inLanguage\":\"pt-BR\",\"potentialAction\":[{\"@type\":\"CommentAction\",\"name\":\"Comment\",\"target\":[\"https:\\\/\\\/folhapopular.info\\\/index.php\\\/2022\\\/06\\\/07\\\/8-dos-pacientes-que-agendam-nao-comparecem-as-consultas-em-teutonia\\\/#respond\"]}]},{\"@type\":\"WebPage\",\"@id\":\"https:\\\/\\\/folhapopular.info\\\/index.php\\\/2022\\\/06\\\/07\\\/8-dos-pacientes-que-agendam-nao-comparecem-as-consultas-em-teutonia\\\/\",\"url\":\"https:\\\/\\\/folhapopular.info\\\/index.php\\\/2022\\\/06\\\/07\\\/8-dos-pacientes-que-agendam-nao-comparecem-as-consultas-em-teutonia\\\/\",\"name\":\"8% dos pacientes que agendam n\u00e3o comparecem \u00e0s consultas em Teut\u00f4nia - Folha Popular\",\"isPartOf\":{\"@id\":\"https:\\\/\\\/folhapopular.info\\\/#website\"},\"primaryImageOfPage\":{\"@id\":\"https:\\\/\\\/folhapopular.info\\\/index.php\\\/2022\\\/06\\\/07\\\/8-dos-pacientes-que-agendam-nao-comparecem-as-consultas-em-teutonia\\\/#primaryimage\"},\"image\":{\"@id\":\"https:\\\/\\\/folhapopular.info\\\/index.php\\\/2022\\\/06\\\/07\\\/8-dos-pacientes-que-agendam-nao-comparecem-as-consultas-em-teutonia\\\/#primaryimage\"},\"thumbnailUrl\":\"https:\\\/\\\/folhapopular.info\\\/wp-content\\\/uploads\\\/2022\\\/06\\\/pexels-karolina-grabowska-4021779-scaled-e1654561033460.jpg\",\"datePublished\":\"2022-06-07T11:41:45+00:00\",\"dateModified\":\"2022-06-07T11:41:49+00:00\",\"author\":{\"@id\":\"https:\\\/\\\/folhapopular.info\\\/#\\\/schema\\\/person\\\/2814e8a0df7643585a9ca38bc6eb9d4b\"},\"breadcrumb\":{\"@id\":\"https:\\\/\\\/folhapopular.info\\\/index.php\\\/2022\\\/06\\\/07\\\/8-dos-pacientes-que-agendam-nao-comparecem-as-consultas-em-teutonia\\\/#breadcrumb\"},\"inLanguage\":\"pt-BR\",\"potentialAction\":[{\"@type\":\"ReadAction\",\"target\":[\"https:\\\/\\\/folhapopular.info\\\/index.php\\\/2022\\\/06\\\/07\\\/8-dos-pacientes-que-agendam-nao-comparecem-as-consultas-em-teutonia\\\/\"]}]},{\"@type\":\"ImageObject\",\"inLanguage\":\"pt-BR\",\"@id\":\"https:\\\/\\\/folhapopular.info\\\/index.php\\\/2022\\\/06\\\/07\\\/8-dos-pacientes-que-agendam-nao-comparecem-as-consultas-em-teutonia\\\/#primaryimage\",\"url\":\"https:\\\/\\\/folhapopular.info\\\/wp-content\\\/uploads\\\/2022\\\/06\\\/pexels-karolina-grabowska-4021779-scaled-e1654561033460.jpg\",\"contentUrl\":\"https:\\\/\\\/folhapopular.info\\\/wp-content\\\/uploads\\\/2022\\\/06\\\/pexels-karolina-grabowska-4021779-scaled-e1654561033460.jpg\",\"width\":1200,\"height\":800,\"caption\":\"Cr\u00e9dito: Pexels\"},{\"@type\":\"BreadcrumbList\",\"@id\":\"https:\\\/\\\/folhapopular.info\\\/index.php\\\/2022\\\/06\\\/07\\\/8-dos-pacientes-que-agendam-nao-comparecem-as-consultas-em-teutonia\\\/#breadcrumb\",\"itemListElement\":[{\"@type\":\"ListItem\",\"position\":1,\"name\":\"In\u00edcio\",\"item\":\"https:\\\/\\\/folhapopular.info\\\/\"},{\"@type\":\"ListItem\",\"position\":2,\"name\":\"8% dos pacientes que agendam n\u00e3o comparecem \u00e0s consultas em Teut\u00f4nia\"}]},{\"@type\":\"WebSite\",\"@id\":\"https:\\\/\\\/folhapopular.info\\\/#website\",\"url\":\"https:\\\/\\\/folhapopular.info\\\/\",\"name\":\"Folha Popular\",\"description\":\"Onde voc\u00ea tem vez e voz\",\"potentialAction\":[{\"@type\":\"SearchAction\",\"target\":{\"@type\":\"EntryPoint\",\"urlTemplate\":\"https:\\\/\\\/folhapopular.info\\\/?s={search_term_string}\"},\"query-input\":{\"@type\":\"PropertyValueSpecification\",\"valueRequired\":true,\"valueName\":\"search_term_string\"}}],\"inLanguage\":\"pt-BR\"},{\"@type\":\"Person\",\"@id\":\"https:\\\/\\\/folhapopular.info\\\/#\\\/schema\\\/person\\\/2814e8a0df7643585a9ca38bc6eb9d4b\",\"name\":\"Reda\u00e7\u00e3o Folha Popular\",\"image\":{\"@type\":\"ImageObject\",\"inLanguage\":\"pt-BR\",\"@id\":\"https:\\\/\\\/folhapopular.info\\\/wp-content\\\/uploads\\\/2026\\\/04\\\/Folha-1.webp\",\"url\":\"https:\\\/\\\/folhapopular.info\\\/wp-content\\\/uploads\\\/2026\\\/04\\\/Folha-1.webp\",\"contentUrl\":\"https:\\\/\\\/folhapopular.info\\\/wp-content\\\/uploads\\\/2026\\\/04\\\/Folha-1.webp\",\"caption\":\"Reda\u00e7\u00e3o Folha Popular\"},\"url\":\"https:\\\/\\\/folhapopular.info\\\/index.php\\\/author\\\/redacao\\\/\"}]}<\/script>\n<!-- \/ Yoast SEO plugin. -->","yoast_head_json":{"title":"8% dos pacientes que agendam n\u00e3o comparecem \u00e0s consultas em Teut\u00f4nia - Folha Popular","robots":{"index":"index","follow":"follow","max-snippet":"max-snippet:-1","max-image-preview":"max-image-preview:large","max-video-preview":"max-video-preview:-1"},"canonical":"https:\/\/folhapopular.info\/index.php\/2022\/06\/07\/8-dos-pacientes-que-agendam-nao-comparecem-as-consultas-em-teutonia\/","og_locale":"pt_BR","og_type":"article","og_title":"8% dos pacientes que agendam n\u00e3o comparecem \u00e0s consultas em Teut\u00f4nia - Folha Popular","og_description":"Al\u00e9m da alta demanda nos atendimentos na rede p\u00fablica de sa\u00fade, a Secretaria de Sa\u00fade de Teut\u00f4nia enfrenta uma dificuldade que pode ser solucionada com o apoio dos usu\u00e1rios do servi\u00e7o. Somente nos quatro primeiros meses deste ano, 2.401 consultas foram previamente agendadas nas unidades b\u00e1sicas de sa\u00fade, mas os pacientes n\u00e3o compareceram e n\u00e3o [&hellip;]","og_url":"https:\/\/folhapopular.info\/index.php\/2022\/06\/07\/8-dos-pacientes-que-agendam-nao-comparecem-as-consultas-em-teutonia\/","og_site_name":"Folha Popular","article_published_time":"2022-06-07T11:41:45+00:00","article_modified_time":"2022-06-07T11:41:49+00:00","og_image":[{"width":1200,"height":800,"url":"http:\/\/folhapopular.info\/wp-content\/uploads\/2022\/06\/pexels-karolina-grabowska-4021779-scaled-e1654561033460.jpg","type":"image\/jpeg"}],"author":"Reda\u00e7\u00e3o Folha Popular","twitter_card":"summary_large_image","twitter_misc":{"Escrito por":"Reda\u00e7\u00e3o Folha Popular","Est. tempo de leitura":"2 minutos"},"schema":{"@context":"https:\/\/schema.org","@graph":[{"@type":"Article","@id":"https:\/\/folhapopular.info\/index.php\/2022\/06\/07\/8-dos-pacientes-que-agendam-nao-comparecem-as-consultas-em-teutonia\/#article","isPartOf":{"@id":"https:\/\/folhapopular.info\/index.php\/2022\/06\/07\/8-dos-pacientes-que-agendam-nao-comparecem-as-consultas-em-teutonia\/"},"author":{"name":"Reda\u00e7\u00e3o Folha Popular","@id":"https:\/\/folhapopular.info\/#\/schema\/person\/2814e8a0df7643585a9ca38bc6eb9d4b"},"headline":"8% dos pacientes que agendam n\u00e3o comparecem \u00e0s consultas em Teut\u00f4nia","datePublished":"2022-06-07T11:41:45+00:00","dateModified":"2022-06-07T11:41:49+00:00","mainEntityOfPage":{"@id":"https:\/\/folhapopular.info\/index.php\/2022\/06\/07\/8-dos-pacientes-que-agendam-nao-comparecem-as-consultas-em-teutonia\/"},"wordCount":370,"commentCount":0,"image":{"@id":"https:\/\/folhapopular.info\/index.php\/2022\/06\/07\/8-dos-pacientes-que-agendam-nao-comparecem-as-consultas-em-teutonia\/#primaryimage"},"thumbnailUrl":"https:\/\/folhapopular.info\/wp-content\/uploads\/2022\/06\/pexels-karolina-grabowska-4021779-scaled-e1654561033460.jpg","keywords":["Consultas","Sa\u00fade","Teut\u00f4nia"],"articleSection":["Geral"],"inLanguage":"pt-BR","potentialAction":[{"@type":"CommentAction","name":"Comment","target":["https:\/\/folhapopular.info\/index.php\/2022\/06\/07\/8-dos-pacientes-que-agendam-nao-comparecem-as-consultas-em-teutonia\/#respond"]}]},{"@type":"WebPage","@id":"https:\/\/folhapopular.info\/index.php\/2022\/06\/07\/8-dos-pacientes-que-agendam-nao-comparecem-as-consultas-em-teutonia\/","url":"https:\/\/folhapopular.info\/index.php\/2022\/06\/07\/8-dos-pacientes-que-agendam-nao-comparecem-as-consultas-em-teutonia\/","name":"8% dos pacientes que agendam n\u00e3o comparecem \u00e0s consultas em Teut\u00f4nia - Folha Popular","isPartOf":{"@id":"https:\/\/folhapopular.info\/#website"},"primaryImageOfPage":{"@id":"https:\/\/folhapopular.info\/index.php\/2022\/06\/07\/8-dos-pacientes-que-agendam-nao-comparecem-as-consultas-em-teutonia\/#primaryimage"},"image":{"@id":"https:\/\/folhapopular.info\/index.php\/2022\/06\/07\/8-dos-pacientes-que-agendam-nao-comparecem-as-consultas-em-teutonia\/#primaryimage"},"thumbnailUrl":"https:\/\/folhapopular.info\/wp-content\/uploads\/2022\/06\/pexels-karolina-grabowska-4021779-scaled-e1654561033460.jpg","datePublished":"2022-06-07T11:41:45+00:00","dateModified":"2022-06-07T11:41:49+00:00","author":{"@id":"https:\/\/folhapopular.info\/#\/schema\/person\/2814e8a0df7643585a9ca38bc6eb9d4b"},"breadcrumb":{"@id":"https:\/\/folhapopular.info\/index.php\/2022\/06\/07\/8-dos-pacientes-que-agendam-nao-comparecem-as-consultas-em-teutonia\/#breadcrumb"},"inLanguage":"pt-BR","potentialAction":[{"@type":"ReadAction","target":["https:\/\/folhapopular.info\/index.php\/2022\/06\/07\/8-dos-pacientes-que-agendam-nao-comparecem-as-consultas-em-teutonia\/"]}]},{"@type":"ImageObject","inLanguage":"pt-BR","@id":"https:\/\/folhapopular.info\/index.php\/2022\/06\/07\/8-dos-pacientes-que-agendam-nao-comparecem-as-consultas-em-teutonia\/#primaryimage","url":"https:\/\/folhapopular.info\/wp-content\/uploads\/2022\/06\/pexels-karolina-grabowska-4021779-scaled-e1654561033460.jpg","contentUrl":"https:\/\/folhapopular.info\/wp-content\/uploads\/2022\/06\/pexels-karolina-grabowska-4021779-scaled-e1654561033460.jpg","width":1200,"height":800,"caption":"Cr\u00e9dito: Pexels"},{"@type":"BreadcrumbList","@id":"https:\/\/folhapopular.info\/index.php\/2022\/06\/07\/8-dos-pacientes-que-agendam-nao-comparecem-as-consultas-em-teutonia\/#breadcrumb","itemListElement":[{"@type":"ListItem","position":1,"name":"In\u00edcio","item":"https:\/\/folhapopular.info\/"},{"@type":"ListItem","position":2,"name":"8% dos pacientes que agendam n\u00e3o comparecem \u00e0s consultas em Teut\u00f4nia"}]},{"@type":"WebSite","@id":"https:\/\/folhapopular.info\/#website","url":"https:\/\/folhapopular.info\/","name":"Folha Popular","description":"Onde voc\u00ea tem vez e voz","potentialAction":[{"@type":"SearchAction","target":{"@type":"EntryPoint","urlTemplate":"https:\/\/folhapopular.info\/?s={search_term_string}"},"query-input":{"@type":"PropertyValueSpecification","valueRequired":true,"valueName":"search_term_string"}}],"inLanguage":"pt-BR"},{"@type":"Person","@id":"https:\/\/folhapopular.info\/#\/schema\/person\/2814e8a0df7643585a9ca38bc6eb9d4b","name":"Reda\u00e7\u00e3o Folha Popular","image":{"@type":"ImageObject","inLanguage":"pt-BR","@id":"https:\/\/folhapopular.info\/wp-content\/uploads\/2026\/04\/Folha-1.webp","url":"https:\/\/folhapopular.info\/wp-content\/uploads\/2026\/04\/Folha-1.webp","contentUrl":"https:\/\/folhapopular.info\/wp-content\/uploads\/2026\/04\/Folha-1.webp","caption":"Reda\u00e7\u00e3o Folha Popular"},"url":"https:\/\/folhapopular.info\/index.php\/author\/redacao\/"}]}},"jetpack_featured_media_url":"https:\/\/folhapopular.info\/wp-content\/uploads\/2022\/06\/pexels-karolina-grabowska-4021779-scaled-e1654561033460.jpg","jetpack_sharing_enabled":true,"amp_enabled":true,"_links":{"self":[{"href":"https:\/\/folhapopular.info\/index.php\/wp-json\/wp\/v2\/posts\/106005","targetHints":{"allow":["GET"]}}],"collection":[{"href":"https:\/\/folhapopular.info\/index.php\/wp-json\/wp\/v2\/posts"}],"about":[{"href":"https:\/\/folhapopular.info\/index.php\/wp-json\/wp\/v2\/types\/post"}],"author":[{"embeddable":true,"href":"https:\/\/folhapopular.info\/index.php\/wp-json\/wp\/v2\/users\/8"}],"replies":[{"embeddable":true,"href":"https:\/\/folhapopular.info\/index.php\/wp-json\/wp\/v2\/comments?post=106005"}],"version-history":[{"count":0,"href":"https:\/\/folhapopular.info\/index.php\/wp-json\/wp\/v2\/posts\/106005\/revisions"}],"wp:featuredmedia":[{"embeddable":true,"href":"https:\/\/folhapopular.info\/index.php\/wp-json\/wp\/v2\/media\/105977"}],"wp:attachment":[{"href":"https:\/\/folhapopular.info\/index.php\/wp-json\/wp\/v2\/media?parent=106005"}],"wp:term":[{"taxonomy":"category","embeddable":true,"href":"https:\/\/folhapopular.info\/index.php\/wp-json\/wp\/v2\/categories?post=106005"},{"taxonomy":"post_tag","embeddable":true,"href":"https:\/\/folhapopular.info\/index.php\/wp-json\/wp\/v2\/tags?post=106005"}],"curies":[{"name":"wp","href":"https:\/\/api.w.org\/{rel}","templated":true}]}}