{"id":106007,"date":"2022-06-07T10:02:52","date_gmt":"2022-06-07T13:02:52","guid":{"rendered":"https:\/\/folhapopular.info\/?p=106007"},"modified":"2022-06-07T10:02:57","modified_gmt":"2022-06-07T13:02:57","slug":"consultas-eletivas-serao-mediante-agendamento-em-poco-das-antas","status":"publish","type":"post","link":"https:\/\/folhapopular.info\/index.php\/2022\/06\/07\/consultas-eletivas-serao-mediante-agendamento-em-poco-das-antas\/","title":{"rendered":"Consultas eletivas ser\u00e3o mediante agendamento em Po\u00e7o das Antas"},"content":{"rendered":"\n<p>A partir do 13 de junho, as consultas eletivas com os m\u00e9dicos cl\u00ednicos gerais da Unidade B\u00e1sica de Sa\u00fade (UBS) de Po\u00e7o das Antas ser\u00e3o mediante agendamento. Se enquadram nessa situa\u00e7\u00e3o atendimentos como reconsultas, solicita\u00e7\u00e3o e apresenta\u00e7\u00e3o de exames, renova\u00e7\u00e3o de receitas, pacientes acamados e com cuidados especiais.<\/p>\n\n\n\n<p>O agendamento \u00e9 realizado um dia antes da consulta. Na data marcada, o paciente dever\u00e1 comparecer na UBS com 10 minutos de anteced\u00eancia para apresenta\u00e7\u00e3o de documento pessoal, Cart\u00e3o SUS e comprovante de resid\u00eancia. A toler\u00e2ncia para atrasos ser\u00e1 de cinco minutos. Menores de 18 anos dever\u00e3o estar acompanhados dos pais ou respons\u00e1veis legais.<\/p>\n\n\n\n<p>Para esses tipos de consultas, pacientes podem fazer o agendamento de forma presencial, junto \u00e0 UBS, ou entrar em contato pelos n\u00fameros: (51) 99917-6911 &#8211; WhatsApp ou (51) 3773-1231.<\/p>\n","protected":false},"excerpt":{"rendered":"<p>A partir do 13 de junho, as consultas eletivas com os m\u00e9dicos cl\u00ednicos gerais da Unidade B\u00e1sica de Sa\u00fade (UBS) de Po\u00e7o das Antas ser\u00e3o mediante agendamento. Se enquadram nessa situa\u00e7\u00e3o atendimentos como reconsultas, solicita\u00e7\u00e3o e apresenta\u00e7\u00e3o de exames, renova\u00e7\u00e3o de receitas, pacientes acamados e com cuidados especiais. O agendamento \u00e9 realizado um dia antes [&hellip;]<\/p>\n","protected":false},"author":8,"featured_media":106008,"comment_status":"open","ping_status":"open","sticky":false,"template":"","format":"standard","meta":{"pmpro_default_level":"","_jetpack_memberships_contains_paid_content":false,"footnotes":""},"categories":[3],"tags":[8256,40,89,579],"class_list":{"0":"post-106007","1":"post","2":"type-post","3":"status-publish","4":"format-standard","5":"has-post-thumbnail","7":"category-geral","8":"tag-consultas-eletivas","9":"tag-poco-das-antas","10":"tag-saude","11":"tag-ubs","12":"pmpro-has-access"},"yoast_head":"<!-- This site is optimized with the Yoast SEO plugin v27.5 - https:\/\/yoast.com\/product\/yoast-seo-wordpress\/ -->\n<title>Consultas eletivas ser\u00e3o mediante agendamento em Po\u00e7o das Antas - Folha Popular<\/title>\n<meta name=\"robots\" content=\"index, follow, max-snippet:-1, max-image-preview:large, max-video-preview:-1\" \/>\n<link rel=\"canonical\" href=\"https:\/\/folhapopular.info\/index.php\/2022\/06\/07\/consultas-eletivas-serao-mediante-agendamento-em-poco-das-antas\/\" \/>\n<meta property=\"og:locale\" content=\"pt_BR\" \/>\n<meta property=\"og:type\" content=\"article\" \/>\n<meta property=\"og:title\" content=\"Consultas eletivas ser\u00e3o mediante agendamento em Po\u00e7o das Antas - Folha Popular\" \/>\n<meta property=\"og:description\" content=\"A partir do 13 de junho, as consultas eletivas com os m\u00e9dicos cl\u00ednicos gerais da Unidade B\u00e1sica de Sa\u00fade (UBS) de Po\u00e7o das Antas ser\u00e3o mediante agendamento. Se enquadram nessa situa\u00e7\u00e3o atendimentos como reconsultas, solicita\u00e7\u00e3o e apresenta\u00e7\u00e3o de exames, renova\u00e7\u00e3o de receitas, pacientes acamados e com cuidados especiais. O agendamento \u00e9 realizado um dia antes [&hellip;]\" \/>\n<meta property=\"og:url\" content=\"https:\/\/folhapopular.info\/index.php\/2022\/06\/07\/consultas-eletivas-serao-mediante-agendamento-em-poco-das-antas\/\" \/>\n<meta property=\"og:site_name\" content=\"Folha Popular\" \/>\n<meta property=\"article:published_time\" content=\"2022-06-07T13:02:52+00:00\" \/>\n<meta property=\"article:modified_time\" content=\"2022-06-07T13:02:57+00:00\" \/>\n<meta property=\"og:image\" content=\"http:\/\/folhapopular.info\/wp-content\/uploads\/2022\/06\/UBS-Poco_Div-scaled-e1654606943353.jpg\" \/>\n\t<meta property=\"og:image:width\" content=\"1200\" \/>\n\t<meta property=\"og:image:height\" content=\"800\" \/>\n\t<meta property=\"og:image:type\" content=\"image\/jpeg\" \/>\n<meta name=\"author\" content=\"Reda\u00e7\u00e3o Folha Popular\" \/>\n<meta name=\"twitter:card\" content=\"summary_large_image\" \/>\n<meta name=\"twitter:label1\" content=\"Escrito por\" \/>\n\t<meta name=\"twitter:data1\" content=\"Reda\u00e7\u00e3o Folha Popular\" \/>\n\t<meta name=\"twitter:label2\" content=\"Est. tempo de leitura\" \/>\n\t<meta name=\"twitter:data2\" content=\"1 minuto\" \/>\n<script type=\"application\/ld+json\" class=\"yoast-schema-graph\">{\"@context\":\"https:\\\/\\\/schema.org\",\"@graph\":[{\"@type\":\"Article\",\"@id\":\"https:\\\/\\\/folhapopular.info\\\/index.php\\\/2022\\\/06\\\/07\\\/consultas-eletivas-serao-mediante-agendamento-em-poco-das-antas\\\/#article\",\"isPartOf\":{\"@id\":\"https:\\\/\\\/folhapopular.info\\\/index.php\\\/2022\\\/06\\\/07\\\/consultas-eletivas-serao-mediante-agendamento-em-poco-das-antas\\\/\"},\"author\":{\"name\":\"Reda\u00e7\u00e3o Folha Popular\",\"@id\":\"https:\\\/\\\/folhapopular.info\\\/#\\\/schema\\\/person\\\/2814e8a0df7643585a9ca38bc6eb9d4b\"},\"headline\":\"Consultas eletivas ser\u00e3o mediante agendamento em Po\u00e7o das Antas\",\"datePublished\":\"2022-06-07T13:02:52+00:00\",\"dateModified\":\"2022-06-07T13:02:57+00:00\",\"mainEntityOfPage\":{\"@id\":\"https:\\\/\\\/folhapopular.info\\\/index.php\\\/2022\\\/06\\\/07\\\/consultas-eletivas-serao-mediante-agendamento-em-poco-das-antas\\\/\"},\"wordCount\":153,\"commentCount\":0,\"image\":{\"@id\":\"https:\\\/\\\/folhapopular.info\\\/index.php\\\/2022\\\/06\\\/07\\\/consultas-eletivas-serao-mediante-agendamento-em-poco-das-antas\\\/#primaryimage\"},\"thumbnailUrl\":\"https:\\\/\\\/folhapopular.info\\\/wp-content\\\/uploads\\\/2022\\\/06\\\/UBS-Poco_Div-scaled-e1654606943353.jpg\",\"keywords\":[\"consultas eletivas\",\"Po\u00e7o das Antas\",\"Sa\u00fade\",\"UBS\"],\"articleSection\":[\"Geral\"],\"inLanguage\":\"pt-BR\",\"potentialAction\":[{\"@type\":\"CommentAction\",\"name\":\"Comment\",\"target\":[\"https:\\\/\\\/folhapopular.info\\\/index.php\\\/2022\\\/06\\\/07\\\/consultas-eletivas-serao-mediante-agendamento-em-poco-das-antas\\\/#respond\"]}]},{\"@type\":\"WebPage\",\"@id\":\"https:\\\/\\\/folhapopular.info\\\/index.php\\\/2022\\\/06\\\/07\\\/consultas-eletivas-serao-mediante-agendamento-em-poco-das-antas\\\/\",\"url\":\"https:\\\/\\\/folhapopular.info\\\/index.php\\\/2022\\\/06\\\/07\\\/consultas-eletivas-serao-mediante-agendamento-em-poco-das-antas\\\/\",\"name\":\"Consultas eletivas ser\u00e3o mediante agendamento em Po\u00e7o das Antas - Folha Popular\",\"isPartOf\":{\"@id\":\"https:\\\/\\\/folhapopular.info\\\/#website\"},\"primaryImageOfPage\":{\"@id\":\"https:\\\/\\\/folhapopular.info\\\/index.php\\\/2022\\\/06\\\/07\\\/consultas-eletivas-serao-mediante-agendamento-em-poco-das-antas\\\/#primaryimage\"},\"image\":{\"@id\":\"https:\\\/\\\/folhapopular.info\\\/index.php\\\/2022\\\/06\\\/07\\\/consultas-eletivas-serao-mediante-agendamento-em-poco-das-antas\\\/#primaryimage\"},\"thumbnailUrl\":\"https:\\\/\\\/folhapopular.info\\\/wp-content\\\/uploads\\\/2022\\\/06\\\/UBS-Poco_Div-scaled-e1654606943353.jpg\",\"datePublished\":\"2022-06-07T13:02:52+00:00\",\"dateModified\":\"2022-06-07T13:02:57+00:00\",\"author\":{\"@id\":\"https:\\\/\\\/folhapopular.info\\\/#\\\/schema\\\/person\\\/2814e8a0df7643585a9ca38bc6eb9d4b\"},\"breadcrumb\":{\"@id\":\"https:\\\/\\\/folhapopular.info\\\/index.php\\\/2022\\\/06\\\/07\\\/consultas-eletivas-serao-mediante-agendamento-em-poco-das-antas\\\/#breadcrumb\"},\"inLanguage\":\"pt-BR\",\"potentialAction\":[{\"@type\":\"ReadAction\",\"target\":[\"https:\\\/\\\/folhapopular.info\\\/index.php\\\/2022\\\/06\\\/07\\\/consultas-eletivas-serao-mediante-agendamento-em-poco-das-antas\\\/\"]}]},{\"@type\":\"ImageObject\",\"inLanguage\":\"pt-BR\",\"@id\":\"https:\\\/\\\/folhapopular.info\\\/index.php\\\/2022\\\/06\\\/07\\\/consultas-eletivas-serao-mediante-agendamento-em-poco-das-antas\\\/#primaryimage\",\"url\":\"https:\\\/\\\/folhapopular.info\\\/wp-content\\\/uploads\\\/2022\\\/06\\\/UBS-Poco_Div-scaled-e1654606943353.jpg\",\"contentUrl\":\"https:\\\/\\\/folhapopular.info\\\/wp-content\\\/uploads\\\/2022\\\/06\\\/UBS-Poco_Div-scaled-e1654606943353.jpg\",\"width\":1200,\"height\":800,\"caption\":\"Consultas s\u00e3o realizadas na UBS\"},{\"@type\":\"BreadcrumbList\",\"@id\":\"https:\\\/\\\/folhapopular.info\\\/index.php\\\/2022\\\/06\\\/07\\\/consultas-eletivas-serao-mediante-agendamento-em-poco-das-antas\\\/#breadcrumb\",\"itemListElement\":[{\"@type\":\"ListItem\",\"position\":1,\"name\":\"In\u00edcio\",\"item\":\"https:\\\/\\\/folhapopular.info\\\/\"},{\"@type\":\"ListItem\",\"position\":2,\"name\":\"Consultas eletivas ser\u00e3o mediante agendamento em Po\u00e7o das Antas\"}]},{\"@type\":\"WebSite\",\"@id\":\"https:\\\/\\\/folhapopular.info\\\/#website\",\"url\":\"https:\\\/\\\/folhapopular.info\\\/\",\"name\":\"Folha Popular\",\"description\":\"Onde voc\u00ea tem vez e voz\",\"potentialAction\":[{\"@type\":\"SearchAction\",\"target\":{\"@type\":\"EntryPoint\",\"urlTemplate\":\"https:\\\/\\\/folhapopular.info\\\/?s={search_term_string}\"},\"query-input\":{\"@type\":\"PropertyValueSpecification\",\"valueRequired\":true,\"valueName\":\"search_term_string\"}}],\"inLanguage\":\"pt-BR\"},{\"@type\":\"Person\",\"@id\":\"https:\\\/\\\/folhapopular.info\\\/#\\\/schema\\\/person\\\/2814e8a0df7643585a9ca38bc6eb9d4b\",\"name\":\"Reda\u00e7\u00e3o Folha Popular\",\"image\":{\"@type\":\"ImageObject\",\"inLanguage\":\"pt-BR\",\"@id\":\"https:\\\/\\\/folhapopular.info\\\/wp-content\\\/uploads\\\/2026\\\/04\\\/Folha-1.webp\",\"url\":\"https:\\\/\\\/folhapopular.info\\\/wp-content\\\/uploads\\\/2026\\\/04\\\/Folha-1.webp\",\"contentUrl\":\"https:\\\/\\\/folhapopular.info\\\/wp-content\\\/uploads\\\/2026\\\/04\\\/Folha-1.webp\",\"caption\":\"Reda\u00e7\u00e3o Folha Popular\"},\"url\":\"https:\\\/\\\/folhapopular.info\\\/index.php\\\/author\\\/redacao\\\/\"}]}<\/script>\n<!-- \/ Yoast SEO plugin. -->","yoast_head_json":{"title":"Consultas eletivas ser\u00e3o mediante agendamento em Po\u00e7o das Antas - Folha Popular","robots":{"index":"index","follow":"follow","max-snippet":"max-snippet:-1","max-image-preview":"max-image-preview:large","max-video-preview":"max-video-preview:-1"},"canonical":"https:\/\/folhapopular.info\/index.php\/2022\/06\/07\/consultas-eletivas-serao-mediante-agendamento-em-poco-das-antas\/","og_locale":"pt_BR","og_type":"article","og_title":"Consultas eletivas ser\u00e3o mediante agendamento em Po\u00e7o das Antas - Folha Popular","og_description":"A partir do 13 de junho, as consultas eletivas com os m\u00e9dicos cl\u00ednicos gerais da Unidade B\u00e1sica de Sa\u00fade (UBS) de Po\u00e7o das Antas ser\u00e3o mediante agendamento. Se enquadram nessa situa\u00e7\u00e3o atendimentos como reconsultas, solicita\u00e7\u00e3o e apresenta\u00e7\u00e3o de exames, renova\u00e7\u00e3o de receitas, pacientes acamados e com cuidados especiais. O agendamento \u00e9 realizado um dia antes [&hellip;]","og_url":"https:\/\/folhapopular.info\/index.php\/2022\/06\/07\/consultas-eletivas-serao-mediante-agendamento-em-poco-das-antas\/","og_site_name":"Folha Popular","article_published_time":"2022-06-07T13:02:52+00:00","article_modified_time":"2022-06-07T13:02:57+00:00","og_image":[{"width":1200,"height":800,"url":"http:\/\/folhapopular.info\/wp-content\/uploads\/2022\/06\/UBS-Poco_Div-scaled-e1654606943353.jpg","type":"image\/jpeg"}],"author":"Reda\u00e7\u00e3o Folha Popular","twitter_card":"summary_large_image","twitter_misc":{"Escrito por":"Reda\u00e7\u00e3o Folha Popular","Est. tempo de leitura":"1 minuto"},"schema":{"@context":"https:\/\/schema.org","@graph":[{"@type":"Article","@id":"https:\/\/folhapopular.info\/index.php\/2022\/06\/07\/consultas-eletivas-serao-mediante-agendamento-em-poco-das-antas\/#article","isPartOf":{"@id":"https:\/\/folhapopular.info\/index.php\/2022\/06\/07\/consultas-eletivas-serao-mediante-agendamento-em-poco-das-antas\/"},"author":{"name":"Reda\u00e7\u00e3o Folha Popular","@id":"https:\/\/folhapopular.info\/#\/schema\/person\/2814e8a0df7643585a9ca38bc6eb9d4b"},"headline":"Consultas eletivas ser\u00e3o mediante agendamento em Po\u00e7o das Antas","datePublished":"2022-06-07T13:02:52+00:00","dateModified":"2022-06-07T13:02:57+00:00","mainEntityOfPage":{"@id":"https:\/\/folhapopular.info\/index.php\/2022\/06\/07\/consultas-eletivas-serao-mediante-agendamento-em-poco-das-antas\/"},"wordCount":153,"commentCount":0,"image":{"@id":"https:\/\/folhapopular.info\/index.php\/2022\/06\/07\/consultas-eletivas-serao-mediante-agendamento-em-poco-das-antas\/#primaryimage"},"thumbnailUrl":"https:\/\/folhapopular.info\/wp-content\/uploads\/2022\/06\/UBS-Poco_Div-scaled-e1654606943353.jpg","keywords":["consultas eletivas","Po\u00e7o das Antas","Sa\u00fade","UBS"],"articleSection":["Geral"],"inLanguage":"pt-BR","potentialAction":[{"@type":"CommentAction","name":"Comment","target":["https:\/\/folhapopular.info\/index.php\/2022\/06\/07\/consultas-eletivas-serao-mediante-agendamento-em-poco-das-antas\/#respond"]}]},{"@type":"WebPage","@id":"https:\/\/folhapopular.info\/index.php\/2022\/06\/07\/consultas-eletivas-serao-mediante-agendamento-em-poco-das-antas\/","url":"https:\/\/folhapopular.info\/index.php\/2022\/06\/07\/consultas-eletivas-serao-mediante-agendamento-em-poco-das-antas\/","name":"Consultas eletivas ser\u00e3o mediante agendamento em Po\u00e7o das Antas - Folha Popular","isPartOf":{"@id":"https:\/\/folhapopular.info\/#website"},"primaryImageOfPage":{"@id":"https:\/\/folhapopular.info\/index.php\/2022\/06\/07\/consultas-eletivas-serao-mediante-agendamento-em-poco-das-antas\/#primaryimage"},"image":{"@id":"https:\/\/folhapopular.info\/index.php\/2022\/06\/07\/consultas-eletivas-serao-mediante-agendamento-em-poco-das-antas\/#primaryimage"},"thumbnailUrl":"https:\/\/folhapopular.info\/wp-content\/uploads\/2022\/06\/UBS-Poco_Div-scaled-e1654606943353.jpg","datePublished":"2022-06-07T13:02:52+00:00","dateModified":"2022-06-07T13:02:57+00:00","author":{"@id":"https:\/\/folhapopular.info\/#\/schema\/person\/2814e8a0df7643585a9ca38bc6eb9d4b"},"breadcrumb":{"@id":"https:\/\/folhapopular.info\/index.php\/2022\/06\/07\/consultas-eletivas-serao-mediante-agendamento-em-poco-das-antas\/#breadcrumb"},"inLanguage":"pt-BR","potentialAction":[{"@type":"ReadAction","target":["https:\/\/folhapopular.info\/index.php\/2022\/06\/07\/consultas-eletivas-serao-mediante-agendamento-em-poco-das-antas\/"]}]},{"@type":"ImageObject","inLanguage":"pt-BR","@id":"https:\/\/folhapopular.info\/index.php\/2022\/06\/07\/consultas-eletivas-serao-mediante-agendamento-em-poco-das-antas\/#primaryimage","url":"https:\/\/folhapopular.info\/wp-content\/uploads\/2022\/06\/UBS-Poco_Div-scaled-e1654606943353.jpg","contentUrl":"https:\/\/folhapopular.info\/wp-content\/uploads\/2022\/06\/UBS-Poco_Div-scaled-e1654606943353.jpg","width":1200,"height":800,"caption":"Consultas s\u00e3o realizadas na UBS"},{"@type":"BreadcrumbList","@id":"https:\/\/folhapopular.info\/index.php\/2022\/06\/07\/consultas-eletivas-serao-mediante-agendamento-em-poco-das-antas\/#breadcrumb","itemListElement":[{"@type":"ListItem","position":1,"name":"In\u00edcio","item":"https:\/\/folhapopular.info\/"},{"@type":"ListItem","position":2,"name":"Consultas eletivas ser\u00e3o mediante agendamento em Po\u00e7o das Antas"}]},{"@type":"WebSite","@id":"https:\/\/folhapopular.info\/#website","url":"https:\/\/folhapopular.info\/","name":"Folha Popular","description":"Onde voc\u00ea tem vez e voz","potentialAction":[{"@type":"SearchAction","target":{"@type":"EntryPoint","urlTemplate":"https:\/\/folhapopular.info\/?s={search_term_string}"},"query-input":{"@type":"PropertyValueSpecification","valueRequired":true,"valueName":"search_term_string"}}],"inLanguage":"pt-BR"},{"@type":"Person","@id":"https:\/\/folhapopular.info\/#\/schema\/person\/2814e8a0df7643585a9ca38bc6eb9d4b","name":"Reda\u00e7\u00e3o Folha Popular","image":{"@type":"ImageObject","inLanguage":"pt-BR","@id":"https:\/\/folhapopular.info\/wp-content\/uploads\/2026\/04\/Folha-1.webp","url":"https:\/\/folhapopular.info\/wp-content\/uploads\/2026\/04\/Folha-1.webp","contentUrl":"https:\/\/folhapopular.info\/wp-content\/uploads\/2026\/04\/Folha-1.webp","caption":"Reda\u00e7\u00e3o Folha Popular"},"url":"https:\/\/folhapopular.info\/index.php\/author\/redacao\/"}]}},"jetpack_featured_media_url":"https:\/\/folhapopular.info\/wp-content\/uploads\/2022\/06\/UBS-Poco_Div-scaled-e1654606943353.jpg","jetpack_sharing_enabled":true,"amp_enabled":true,"_links":{"self":[{"href":"https:\/\/folhapopular.info\/index.php\/wp-json\/wp\/v2\/posts\/106007","targetHints":{"allow":["GET"]}}],"collection":[{"href":"https:\/\/folhapopular.info\/index.php\/wp-json\/wp\/v2\/posts"}],"about":[{"href":"https:\/\/folhapopular.info\/index.php\/wp-json\/wp\/v2\/types\/post"}],"author":[{"embeddable":true,"href":"https:\/\/folhapopular.info\/index.php\/wp-json\/wp\/v2\/users\/8"}],"replies":[{"embeddable":true,"href":"https:\/\/folhapopular.info\/index.php\/wp-json\/wp\/v2\/comments?post=106007"}],"version-history":[{"count":0,"href":"https:\/\/folhapopular.info\/index.php\/wp-json\/wp\/v2\/posts\/106007\/revisions"}],"wp:featuredmedia":[{"embeddable":true,"href":"https:\/\/folhapopular.info\/index.php\/wp-json\/wp\/v2\/media\/106008"}],"wp:attachment":[{"href":"https:\/\/folhapopular.info\/index.php\/wp-json\/wp\/v2\/media?parent=106007"}],"wp:term":[{"taxonomy":"category","embeddable":true,"href":"https:\/\/folhapopular.info\/index.php\/wp-json\/wp\/v2\/categories?post=106007"},{"taxonomy":"post_tag","embeddable":true,"href":"https:\/\/folhapopular.info\/index.php\/wp-json\/wp\/v2\/tags?post=106007"}],"curies":[{"name":"wp","href":"https:\/\/api.w.org\/{rel}","templated":true}]}}