{"id":107100,"date":"2022-06-23T09:35:18","date_gmt":"2022-06-23T12:35:18","guid":{"rendered":"https:\/\/folhapopular.info\/?p=107100"},"modified":"2022-06-23T09:36:27","modified_gmt":"2022-06-23T12:36:27","slug":"jaque-weber-encara-o-trofeu-brasil-de-atletismo","status":"publish","type":"post","link":"https:\/\/folhapopular.info\/index.php\/2022\/06\/23\/jaque-weber-encara-o-trofeu-brasil-de-atletismo\/","title":{"rendered":"Jaque Weber encara o Trof\u00e9u Brasil de Atletismo"},"content":{"rendered":"\n<p>A atleta teutoniense, Jaqueline Beatriz Weber, j\u00e1 est\u00e1 no Rio de Janeiro, onde participar\u00e1 do principal torneio nacional de Atletismo, o 41\u00ba Trof\u00e9u Brasil de Atletismo. A competi\u00e7\u00e3o ocorre no Est\u00e1dio Ol\u00edmpico Nilton Santos.<\/p>\n\n\n\n<p>Jaque entra na pista nesta quinta-feira (23\/6), \u00e0s 10h10, para disputar a semifinal dos 800 metros. Em caso de classifica\u00e7\u00e3o, a final ocorre nesta sexta-feira (24\/6), no mesmo hor\u00e1rio. J\u00e1 no s\u00e1bado (25\/6), a atleta disputar\u00e1 a final dos 1500 metros, \u00e0s 9h20 da manh\u00e3.<\/p>\n\n\n\n<p>&#8220;Estamos prontos para a maior competi\u00e7\u00e3o do Brasil. Espero conseguir deixar tudo o que treinei na pista&#8221;, comenta a atleta.<\/p>\n\n\n\n<p>A competi\u00e7\u00e3o ser\u00e1 transmitida pelo Canal Ol\u00edmpico do Brasil e tamb\u00e9m pelo aplicativo TVN Sports.<\/p>\n","protected":false},"excerpt":{"rendered":"<p>A atleta teutoniense, Jaqueline Beatriz Weber, j\u00e1 est\u00e1 no Rio de Janeiro, onde participar\u00e1 do principal torneio nacional de Atletismo, o 41\u00ba Trof\u00e9u Brasil de Atletismo. A competi\u00e7\u00e3o ocorre no Est\u00e1dio Ol\u00edmpico Nilton Santos. Jaque entra na pista nesta quinta-feira (23\/6), \u00e0s 10h10, para disputar a semifinal dos 800 metros. Em caso de classifica\u00e7\u00e3o, a [&hellip;]<\/p>\n","protected":false},"author":8,"featured_media":107101,"comment_status":"open","ping_status":"open","sticky":false,"template":"","format":"standard","meta":{"pmpro_default_level":"","_jetpack_memberships_contains_paid_content":false,"footnotes":""},"categories":[2,5],"tags":[4939,8991,9413],"class_list":{"0":"post-107100","1":"post","2":"type-post","3":"status-publish","4":"format-standard","5":"has-post-thumbnail","7":"category-featured","8":"category-esportes","9":"tag-jaque-weber","10":"tag-rio-de-janeiro","11":"tag-trofeu-brasil-de-atletismo","12":"pmpro-has-access"},"yoast_head":"<!-- This site is optimized with the Yoast SEO plugin v27.5 - https:\/\/yoast.com\/product\/yoast-seo-wordpress\/ -->\n<title>Jaque Weber encara o Trof\u00e9u Brasil de Atletismo - Folha Popular<\/title>\n<meta name=\"robots\" content=\"index, follow, max-snippet:-1, max-image-preview:large, max-video-preview:-1\" \/>\n<link rel=\"canonical\" href=\"https:\/\/folhapopular.info\/index.php\/2022\/06\/23\/jaque-weber-encara-o-trofeu-brasil-de-atletismo\/\" \/>\n<meta property=\"og:locale\" content=\"pt_BR\" \/>\n<meta property=\"og:type\" content=\"article\" \/>\n<meta property=\"og:title\" content=\"Jaque Weber encara o Trof\u00e9u Brasil de Atletismo - Folha Popular\" \/>\n<meta property=\"og:description\" content=\"A atleta teutoniense, Jaqueline Beatriz Weber, j\u00e1 est\u00e1 no Rio de Janeiro, onde participar\u00e1 do principal torneio nacional de Atletismo, o 41\u00ba Trof\u00e9u Brasil de Atletismo. A competi\u00e7\u00e3o ocorre no Est\u00e1dio Ol\u00edmpico Nilton Santos. Jaque entra na pista nesta quinta-feira (23\/6), \u00e0s 10h10, para disputar a semifinal dos 800 metros. Em caso de classifica\u00e7\u00e3o, a [&hellip;]\" \/>\n<meta property=\"og:url\" content=\"https:\/\/folhapopular.info\/index.php\/2022\/06\/23\/jaque-weber-encara-o-trofeu-brasil-de-atletismo\/\" \/>\n<meta property=\"og:site_name\" content=\"Folha Popular\" \/>\n<meta property=\"article:published_time\" content=\"2022-06-23T12:35:18+00:00\" \/>\n<meta property=\"article:modified_time\" content=\"2022-06-23T12:36:27+00:00\" \/>\n<meta property=\"og:image\" content=\"http:\/\/folhapopular.info\/wp-content\/uploads\/2022\/06\/WhatsApp-Image-2022-06-22-at-16.15.37-e1655987512624.jpeg\" \/>\n\t<meta property=\"og:image:width\" content=\"1200\" \/>\n\t<meta property=\"og:image:height\" content=\"827\" \/>\n\t<meta property=\"og:image:type\" content=\"image\/jpeg\" \/>\n<meta name=\"author\" content=\"Reda\u00e7\u00e3o Folha Popular\" \/>\n<meta name=\"twitter:card\" content=\"summary_large_image\" \/>\n<meta name=\"twitter:label1\" content=\"Escrito por\" \/>\n\t<meta name=\"twitter:data1\" content=\"Reda\u00e7\u00e3o Folha Popular\" \/>\n\t<meta name=\"twitter:label2\" content=\"Est. tempo de leitura\" \/>\n\t<meta name=\"twitter:data2\" content=\"1 minuto\" \/>\n<script type=\"application\/ld+json\" class=\"yoast-schema-graph\">{\"@context\":\"https:\\\/\\\/schema.org\",\"@graph\":[{\"@type\":\"Article\",\"@id\":\"https:\\\/\\\/folhapopular.info\\\/index.php\\\/2022\\\/06\\\/23\\\/jaque-weber-encara-o-trofeu-brasil-de-atletismo\\\/#article\",\"isPartOf\":{\"@id\":\"https:\\\/\\\/folhapopular.info\\\/index.php\\\/2022\\\/06\\\/23\\\/jaque-weber-encara-o-trofeu-brasil-de-atletismo\\\/\"},\"author\":{\"name\":\"Reda\u00e7\u00e3o Folha Popular\",\"@id\":\"https:\\\/\\\/folhapopular.info\\\/#\\\/schema\\\/person\\\/2814e8a0df7643585a9ca38bc6eb9d4b\"},\"headline\":\"Jaque Weber encara o Trof\u00e9u Brasil de Atletismo\",\"datePublished\":\"2022-06-23T12:35:18+00:00\",\"dateModified\":\"2022-06-23T12:36:27+00:00\",\"mainEntityOfPage\":{\"@id\":\"https:\\\/\\\/folhapopular.info\\\/index.php\\\/2022\\\/06\\\/23\\\/jaque-weber-encara-o-trofeu-brasil-de-atletismo\\\/\"},\"wordCount\":128,\"commentCount\":0,\"image\":{\"@id\":\"https:\\\/\\\/folhapopular.info\\\/index.php\\\/2022\\\/06\\\/23\\\/jaque-weber-encara-o-trofeu-brasil-de-atletismo\\\/#primaryimage\"},\"thumbnailUrl\":\"https:\\\/\\\/folhapopular.info\\\/wp-content\\\/uploads\\\/2022\\\/06\\\/WhatsApp-Image-2022-06-22-at-16.15.37-e1655987512624.jpeg\",\"keywords\":[\"Jaque Weber\",\"Rio de Janeiro\",\"Trof\u00e9u Brasil de Atletismo\"],\"articleSection\":[\"Destaques\",\"Esportes\"],\"inLanguage\":\"pt-BR\",\"potentialAction\":[{\"@type\":\"CommentAction\",\"name\":\"Comment\",\"target\":[\"https:\\\/\\\/folhapopular.info\\\/index.php\\\/2022\\\/06\\\/23\\\/jaque-weber-encara-o-trofeu-brasil-de-atletismo\\\/#respond\"]}]},{\"@type\":\"WebPage\",\"@id\":\"https:\\\/\\\/folhapopular.info\\\/index.php\\\/2022\\\/06\\\/23\\\/jaque-weber-encara-o-trofeu-brasil-de-atletismo\\\/\",\"url\":\"https:\\\/\\\/folhapopular.info\\\/index.php\\\/2022\\\/06\\\/23\\\/jaque-weber-encara-o-trofeu-brasil-de-atletismo\\\/\",\"name\":\"Jaque Weber encara o Trof\u00e9u Brasil de Atletismo - Folha Popular\",\"isPartOf\":{\"@id\":\"https:\\\/\\\/folhapopular.info\\\/#website\"},\"primaryImageOfPage\":{\"@id\":\"https:\\\/\\\/folhapopular.info\\\/index.php\\\/2022\\\/06\\\/23\\\/jaque-weber-encara-o-trofeu-brasil-de-atletismo\\\/#primaryimage\"},\"image\":{\"@id\":\"https:\\\/\\\/folhapopular.info\\\/index.php\\\/2022\\\/06\\\/23\\\/jaque-weber-encara-o-trofeu-brasil-de-atletismo\\\/#primaryimage\"},\"thumbnailUrl\":\"https:\\\/\\\/folhapopular.info\\\/wp-content\\\/uploads\\\/2022\\\/06\\\/WhatsApp-Image-2022-06-22-at-16.15.37-e1655987512624.jpeg\",\"datePublished\":\"2022-06-23T12:35:18+00:00\",\"dateModified\":\"2022-06-23T12:36:27+00:00\",\"author\":{\"@id\":\"https:\\\/\\\/folhapopular.info\\\/#\\\/schema\\\/person\\\/2814e8a0df7643585a9ca38bc6eb9d4b\"},\"breadcrumb\":{\"@id\":\"https:\\\/\\\/folhapopular.info\\\/index.php\\\/2022\\\/06\\\/23\\\/jaque-weber-encara-o-trofeu-brasil-de-atletismo\\\/#breadcrumb\"},\"inLanguage\":\"pt-BR\",\"potentialAction\":[{\"@type\":\"ReadAction\",\"target\":[\"https:\\\/\\\/folhapopular.info\\\/index.php\\\/2022\\\/06\\\/23\\\/jaque-weber-encara-o-trofeu-brasil-de-atletismo\\\/\"]}]},{\"@type\":\"ImageObject\",\"inLanguage\":\"pt-BR\",\"@id\":\"https:\\\/\\\/folhapopular.info\\\/index.php\\\/2022\\\/06\\\/23\\\/jaque-weber-encara-o-trofeu-brasil-de-atletismo\\\/#primaryimage\",\"url\":\"https:\\\/\\\/folhapopular.info\\\/wp-content\\\/uploads\\\/2022\\\/06\\\/WhatsApp-Image-2022-06-22-at-16.15.37-e1655987512624.jpeg\",\"contentUrl\":\"https:\\\/\\\/folhapopular.info\\\/wp-content\\\/uploads\\\/2022\\\/06\\\/WhatsApp-Image-2022-06-22-at-16.15.37-e1655987512624.jpeg\",\"width\":1200,\"height\":827,\"caption\":\"Atleta terminou sua turn\u00ea pela Europa na semana passada\"},{\"@type\":\"BreadcrumbList\",\"@id\":\"https:\\\/\\\/folhapopular.info\\\/index.php\\\/2022\\\/06\\\/23\\\/jaque-weber-encara-o-trofeu-brasil-de-atletismo\\\/#breadcrumb\",\"itemListElement\":[{\"@type\":\"ListItem\",\"position\":1,\"name\":\"In\u00edcio\",\"item\":\"https:\\\/\\\/folhapopular.info\\\/\"},{\"@type\":\"ListItem\",\"position\":2,\"name\":\"Jaque Weber encara o Trof\u00e9u Brasil de Atletismo\"}]},{\"@type\":\"WebSite\",\"@id\":\"https:\\\/\\\/folhapopular.info\\\/#website\",\"url\":\"https:\\\/\\\/folhapopular.info\\\/\",\"name\":\"Folha Popular\",\"description\":\"Onde voc\u00ea tem vez e voz\",\"potentialAction\":[{\"@type\":\"SearchAction\",\"target\":{\"@type\":\"EntryPoint\",\"urlTemplate\":\"https:\\\/\\\/folhapopular.info\\\/?s={search_term_string}\"},\"query-input\":{\"@type\":\"PropertyValueSpecification\",\"valueRequired\":true,\"valueName\":\"search_term_string\"}}],\"inLanguage\":\"pt-BR\"},{\"@type\":\"Person\",\"@id\":\"https:\\\/\\\/folhapopular.info\\\/#\\\/schema\\\/person\\\/2814e8a0df7643585a9ca38bc6eb9d4b\",\"name\":\"Reda\u00e7\u00e3o Folha Popular\",\"image\":{\"@type\":\"ImageObject\",\"inLanguage\":\"pt-BR\",\"@id\":\"https:\\\/\\\/folhapopular.info\\\/wp-content\\\/uploads\\\/2026\\\/04\\\/Folha-1.webp\",\"url\":\"https:\\\/\\\/folhapopular.info\\\/wp-content\\\/uploads\\\/2026\\\/04\\\/Folha-1.webp\",\"contentUrl\":\"https:\\\/\\\/folhapopular.info\\\/wp-content\\\/uploads\\\/2026\\\/04\\\/Folha-1.webp\",\"caption\":\"Reda\u00e7\u00e3o Folha Popular\"},\"url\":\"https:\\\/\\\/folhapopular.info\\\/index.php\\\/author\\\/redacao\\\/\"}]}<\/script>\n<!-- \/ Yoast SEO plugin. -->","yoast_head_json":{"title":"Jaque Weber encara o Trof\u00e9u Brasil de Atletismo - Folha Popular","robots":{"index":"index","follow":"follow","max-snippet":"max-snippet:-1","max-image-preview":"max-image-preview:large","max-video-preview":"max-video-preview:-1"},"canonical":"https:\/\/folhapopular.info\/index.php\/2022\/06\/23\/jaque-weber-encara-o-trofeu-brasil-de-atletismo\/","og_locale":"pt_BR","og_type":"article","og_title":"Jaque Weber encara o Trof\u00e9u Brasil de Atletismo - Folha Popular","og_description":"A atleta teutoniense, Jaqueline Beatriz Weber, j\u00e1 est\u00e1 no Rio de Janeiro, onde participar\u00e1 do principal torneio nacional de Atletismo, o 41\u00ba Trof\u00e9u Brasil de Atletismo. A competi\u00e7\u00e3o ocorre no Est\u00e1dio Ol\u00edmpico Nilton Santos. Jaque entra na pista nesta quinta-feira (23\/6), \u00e0s 10h10, para disputar a semifinal dos 800 metros. Em caso de classifica\u00e7\u00e3o, a [&hellip;]","og_url":"https:\/\/folhapopular.info\/index.php\/2022\/06\/23\/jaque-weber-encara-o-trofeu-brasil-de-atletismo\/","og_site_name":"Folha Popular","article_published_time":"2022-06-23T12:35:18+00:00","article_modified_time":"2022-06-23T12:36:27+00:00","og_image":[{"width":1200,"height":827,"url":"http:\/\/folhapopular.info\/wp-content\/uploads\/2022\/06\/WhatsApp-Image-2022-06-22-at-16.15.37-e1655987512624.jpeg","type":"image\/jpeg"}],"author":"Reda\u00e7\u00e3o Folha Popular","twitter_card":"summary_large_image","twitter_misc":{"Escrito por":"Reda\u00e7\u00e3o Folha Popular","Est. tempo de leitura":"1 minuto"},"schema":{"@context":"https:\/\/schema.org","@graph":[{"@type":"Article","@id":"https:\/\/folhapopular.info\/index.php\/2022\/06\/23\/jaque-weber-encara-o-trofeu-brasil-de-atletismo\/#article","isPartOf":{"@id":"https:\/\/folhapopular.info\/index.php\/2022\/06\/23\/jaque-weber-encara-o-trofeu-brasil-de-atletismo\/"},"author":{"name":"Reda\u00e7\u00e3o Folha Popular","@id":"https:\/\/folhapopular.info\/#\/schema\/person\/2814e8a0df7643585a9ca38bc6eb9d4b"},"headline":"Jaque Weber encara o Trof\u00e9u Brasil de Atletismo","datePublished":"2022-06-23T12:35:18+00:00","dateModified":"2022-06-23T12:36:27+00:00","mainEntityOfPage":{"@id":"https:\/\/folhapopular.info\/index.php\/2022\/06\/23\/jaque-weber-encara-o-trofeu-brasil-de-atletismo\/"},"wordCount":128,"commentCount":0,"image":{"@id":"https:\/\/folhapopular.info\/index.php\/2022\/06\/23\/jaque-weber-encara-o-trofeu-brasil-de-atletismo\/#primaryimage"},"thumbnailUrl":"https:\/\/folhapopular.info\/wp-content\/uploads\/2022\/06\/WhatsApp-Image-2022-06-22-at-16.15.37-e1655987512624.jpeg","keywords":["Jaque Weber","Rio de Janeiro","Trof\u00e9u Brasil de Atletismo"],"articleSection":["Destaques","Esportes"],"inLanguage":"pt-BR","potentialAction":[{"@type":"CommentAction","name":"Comment","target":["https:\/\/folhapopular.info\/index.php\/2022\/06\/23\/jaque-weber-encara-o-trofeu-brasil-de-atletismo\/#respond"]}]},{"@type":"WebPage","@id":"https:\/\/folhapopular.info\/index.php\/2022\/06\/23\/jaque-weber-encara-o-trofeu-brasil-de-atletismo\/","url":"https:\/\/folhapopular.info\/index.php\/2022\/06\/23\/jaque-weber-encara-o-trofeu-brasil-de-atletismo\/","name":"Jaque Weber encara o Trof\u00e9u Brasil de Atletismo - Folha Popular","isPartOf":{"@id":"https:\/\/folhapopular.info\/#website"},"primaryImageOfPage":{"@id":"https:\/\/folhapopular.info\/index.php\/2022\/06\/23\/jaque-weber-encara-o-trofeu-brasil-de-atletismo\/#primaryimage"},"image":{"@id":"https:\/\/folhapopular.info\/index.php\/2022\/06\/23\/jaque-weber-encara-o-trofeu-brasil-de-atletismo\/#primaryimage"},"thumbnailUrl":"https:\/\/folhapopular.info\/wp-content\/uploads\/2022\/06\/WhatsApp-Image-2022-06-22-at-16.15.37-e1655987512624.jpeg","datePublished":"2022-06-23T12:35:18+00:00","dateModified":"2022-06-23T12:36:27+00:00","author":{"@id":"https:\/\/folhapopular.info\/#\/schema\/person\/2814e8a0df7643585a9ca38bc6eb9d4b"},"breadcrumb":{"@id":"https:\/\/folhapopular.info\/index.php\/2022\/06\/23\/jaque-weber-encara-o-trofeu-brasil-de-atletismo\/#breadcrumb"},"inLanguage":"pt-BR","potentialAction":[{"@type":"ReadAction","target":["https:\/\/folhapopular.info\/index.php\/2022\/06\/23\/jaque-weber-encara-o-trofeu-brasil-de-atletismo\/"]}]},{"@type":"ImageObject","inLanguage":"pt-BR","@id":"https:\/\/folhapopular.info\/index.php\/2022\/06\/23\/jaque-weber-encara-o-trofeu-brasil-de-atletismo\/#primaryimage","url":"https:\/\/folhapopular.info\/wp-content\/uploads\/2022\/06\/WhatsApp-Image-2022-06-22-at-16.15.37-e1655987512624.jpeg","contentUrl":"https:\/\/folhapopular.info\/wp-content\/uploads\/2022\/06\/WhatsApp-Image-2022-06-22-at-16.15.37-e1655987512624.jpeg","width":1200,"height":827,"caption":"Atleta terminou sua turn\u00ea pela Europa na semana passada"},{"@type":"BreadcrumbList","@id":"https:\/\/folhapopular.info\/index.php\/2022\/06\/23\/jaque-weber-encara-o-trofeu-brasil-de-atletismo\/#breadcrumb","itemListElement":[{"@type":"ListItem","position":1,"name":"In\u00edcio","item":"https:\/\/folhapopular.info\/"},{"@type":"ListItem","position":2,"name":"Jaque Weber encara o Trof\u00e9u Brasil de Atletismo"}]},{"@type":"WebSite","@id":"https:\/\/folhapopular.info\/#website","url":"https:\/\/folhapopular.info\/","name":"Folha Popular","description":"Onde voc\u00ea tem vez e voz","potentialAction":[{"@type":"SearchAction","target":{"@type":"EntryPoint","urlTemplate":"https:\/\/folhapopular.info\/?s={search_term_string}"},"query-input":{"@type":"PropertyValueSpecification","valueRequired":true,"valueName":"search_term_string"}}],"inLanguage":"pt-BR"},{"@type":"Person","@id":"https:\/\/folhapopular.info\/#\/schema\/person\/2814e8a0df7643585a9ca38bc6eb9d4b","name":"Reda\u00e7\u00e3o Folha Popular","image":{"@type":"ImageObject","inLanguage":"pt-BR","@id":"https:\/\/folhapopular.info\/wp-content\/uploads\/2026\/04\/Folha-1.webp","url":"https:\/\/folhapopular.info\/wp-content\/uploads\/2026\/04\/Folha-1.webp","contentUrl":"https:\/\/folhapopular.info\/wp-content\/uploads\/2026\/04\/Folha-1.webp","caption":"Reda\u00e7\u00e3o Folha Popular"},"url":"https:\/\/folhapopular.info\/index.php\/author\/redacao\/"}]}},"jetpack_featured_media_url":"https:\/\/folhapopular.info\/wp-content\/uploads\/2022\/06\/WhatsApp-Image-2022-06-22-at-16.15.37-e1655987512624.jpeg","jetpack_sharing_enabled":true,"amp_enabled":true,"_links":{"self":[{"href":"https:\/\/folhapopular.info\/index.php\/wp-json\/wp\/v2\/posts\/107100","targetHints":{"allow":["GET"]}}],"collection":[{"href":"https:\/\/folhapopular.info\/index.php\/wp-json\/wp\/v2\/posts"}],"about":[{"href":"https:\/\/folhapopular.info\/index.php\/wp-json\/wp\/v2\/types\/post"}],"author":[{"embeddable":true,"href":"https:\/\/folhapopular.info\/index.php\/wp-json\/wp\/v2\/users\/8"}],"replies":[{"embeddable":true,"href":"https:\/\/folhapopular.info\/index.php\/wp-json\/wp\/v2\/comments?post=107100"}],"version-history":[{"count":0,"href":"https:\/\/folhapopular.info\/index.php\/wp-json\/wp\/v2\/posts\/107100\/revisions"}],"wp:featuredmedia":[{"embeddable":true,"href":"https:\/\/folhapopular.info\/index.php\/wp-json\/wp\/v2\/media\/107101"}],"wp:attachment":[{"href":"https:\/\/folhapopular.info\/index.php\/wp-json\/wp\/v2\/media?parent=107100"}],"wp:term":[{"taxonomy":"category","embeddable":true,"href":"https:\/\/folhapopular.info\/index.php\/wp-json\/wp\/v2\/categories?post=107100"},{"taxonomy":"post_tag","embeddable":true,"href":"https:\/\/folhapopular.info\/index.php\/wp-json\/wp\/v2\/tags?post=107100"}],"curies":[{"name":"wp","href":"https:\/\/api.w.org\/{rel}","templated":true}]}}