{"id":107108,"date":"2022-06-23T10:16:56","date_gmt":"2022-06-23T13:16:56","guid":{"rendered":"https:\/\/folhapopular.info\/?p=107108"},"modified":"2022-06-23T10:18:42","modified_gmt":"2022-06-23T13:18:42","slug":"icamento-das-vigas-do-novo-viaduto-na-br-386-e-novamente-adiado-por-conta-do-clima","status":"publish","type":"post","link":"https:\/\/folhapopular.info\/index.php\/2022\/06\/23\/icamento-das-vigas-do-novo-viaduto-na-br-386-e-novamente-adiado-por-conta-do-clima\/","title":{"rendered":"I\u00e7amento das vigas do novo viaduto na BR-386 \u00e9 novamente adiado por conta do clima"},"content":{"rendered":"\n<p>O i\u00e7amento das vigas do novo viaduto localizado no km 344,4 da BR-386, em Lajeado, em frente \u00e0 f\u00e1brica de balas Florestal, foi novamente adiado devido \u00e0s condi\u00e7\u00f5es clim\u00e1ticas. Dessa forma, as equipes de engenharia da Concession\u00e1ria avaliar\u00e3o realizar a opera\u00e7\u00e3o na pr\u00f3xima semana.<\/p>\n\n\n\n<p>A nova estrutura far\u00e1 a liga\u00e7\u00e3o da via marginal na pista Sul da BR-386 com a Rua Paulo Em\u00edlio Thiesen, onde o fluxo local passar\u00e1 por cima da rodovia, segmentando o tr\u00e1fego urbano e contribuindo para a seguran\u00e7a dos motoristas.<\/p>\n\n\n\n<p>Conforme o planejamento da Concession\u00e1ria, ser\u00e3o feitos desvios no fluxo principal da rodovia, em cinco oportunidades, com dura\u00e7\u00e3o m\u00e9dia de 20 minutos cada. A a\u00e7\u00e3o se deve em raz\u00e3o do i\u00e7amento de cinco vigas que dar\u00e3o sustenta\u00e7\u00e3o ao viaduto.<\/p>\n\n\n\n<p>De forma a evitar o bloqueio total do tr\u00e1fego da rodovia, a Concession\u00e1ria ir\u00e1 implantar desvios entre os kms 344,3 e 344,8. Motoristas que seguem pela pista Sul (do interior para a capital), dever\u00e3o acessar a via marginal no km 344,3 e seguir at\u00e9 retornarem \u00e0 BR-386, no km 344,8.<\/p>\n\n\n\n<p>J\u00e1 quem segue na pista Norte (da capital para o interior), ir\u00e1 acessar o desvio no km 344,8, seguindo pela via marginal at\u00e9 o km 344,3, onde retornar\u00e3o \u00e0 rodovia.<\/p>\n\n\n\n<p>A CCR ViaSul informa que suas equipes estar\u00e3o nas proximidades do trecho orientando os motoristas. Ainda, a sinaliza\u00e7\u00e3o no local ser\u00e1 refor\u00e7ada, por\u00e9m, \u00e9 fundamental que os usu\u00e1rios reduzam a velocidade ao aproximarem-se do trecho em obras, respeitando a sinaliza\u00e7\u00e3o.<\/p>\n\n\n\n<p>O Centro de Atendimento \u00e0 Comunidade Lindeira (CALI 4 Rodas) tamb\u00e9m estar\u00e1 no local prestando todas as informa\u00e7\u00f5es para auxiliar quem quiser saber mais sobre as interven\u00e7\u00f5es.<\/p>\n","protected":false},"excerpt":{"rendered":"<p>O i\u00e7amento das vigas do novo viaduto localizado no km 344,4 da BR-386, em Lajeado, em frente \u00e0 f\u00e1brica de balas Florestal, foi novamente adiado devido \u00e0s condi\u00e7\u00f5es clim\u00e1ticas. Dessa forma, as equipes de engenharia da Concession\u00e1ria avaliar\u00e3o realizar a opera\u00e7\u00e3o na pr\u00f3xima semana. A nova estrutura far\u00e1 a liga\u00e7\u00e3o da via marginal na pista [&hellip;]<\/p>\n","protected":false},"author":8,"featured_media":106924,"comment_status":"open","ping_status":"open","sticky":false,"template":"","format":"standard","meta":{"pmpro_default_level":"","_jetpack_memberships_contains_paid_content":false,"footnotes":""},"categories":[2,3],"tags":[8572,91,4784,9395,9394],"class_list":{"0":"post-107108","1":"post","2":"type-post","3":"status-publish","4":"format-standard","5":"has-post-thumbnail","7":"category-featured","8":"category-geral","9":"tag-adiamento","10":"tag-br-386","11":"tag-clima","12":"tag-icamento","13":"tag-vigas","14":"pmpro-has-access"},"yoast_head":"<!-- This site is optimized with the Yoast SEO plugin v27.5 - https:\/\/yoast.com\/product\/yoast-seo-wordpress\/ -->\n<title>I\u00e7amento das vigas do novo viaduto na BR-386 \u00e9 novamente adiado por conta do clima - Folha Popular<\/title>\n<meta name=\"robots\" content=\"index, follow, max-snippet:-1, max-image-preview:large, max-video-preview:-1\" \/>\n<link rel=\"canonical\" href=\"https:\/\/folhapopular.info\/index.php\/2022\/06\/23\/icamento-das-vigas-do-novo-viaduto-na-br-386-e-novamente-adiado-por-conta-do-clima\/\" \/>\n<meta property=\"og:locale\" content=\"pt_BR\" \/>\n<meta property=\"og:type\" content=\"article\" \/>\n<meta property=\"og:title\" content=\"I\u00e7amento das vigas do novo viaduto na BR-386 \u00e9 novamente adiado por conta do clima - Folha Popular\" \/>\n<meta property=\"og:description\" content=\"O i\u00e7amento das vigas do novo viaduto localizado no km 344,4 da BR-386, em Lajeado, em frente \u00e0 f\u00e1brica de balas Florestal, foi novamente adiado devido \u00e0s condi\u00e7\u00f5es clim\u00e1ticas. Dessa forma, as equipes de engenharia da Concession\u00e1ria avaliar\u00e3o realizar a opera\u00e7\u00e3o na pr\u00f3xima semana. A nova estrutura far\u00e1 a liga\u00e7\u00e3o da via marginal na pista [&hellip;]\" \/>\n<meta property=\"og:url\" content=\"https:\/\/folhapopular.info\/index.php\/2022\/06\/23\/icamento-das-vigas-do-novo-viaduto-na-br-386-e-novamente-adiado-por-conta-do-clima\/\" \/>\n<meta property=\"og:site_name\" content=\"Folha Popular\" \/>\n<meta property=\"article:published_time\" content=\"2022-06-23T13:16:56+00:00\" \/>\n<meta property=\"article:modified_time\" content=\"2022-06-23T13:18:42+00:00\" \/>\n<meta property=\"og:image\" content=\"http:\/\/folhapopular.info\/wp-content\/uploads\/2022\/06\/viaduto-386_foto-Fabiano-Panizzi_divulgacao-CCR-VS.png\" \/>\n\t<meta property=\"og:image:width\" content=\"800\" \/>\n\t<meta property=\"og:image:height\" content=\"450\" \/>\n\t<meta property=\"og:image:type\" content=\"image\/png\" \/>\n<meta name=\"author\" content=\"Reda\u00e7\u00e3o Folha Popular\" \/>\n<meta name=\"twitter:card\" content=\"summary_large_image\" \/>\n<meta name=\"twitter:label1\" content=\"Escrito por\" \/>\n\t<meta name=\"twitter:data1\" content=\"Reda\u00e7\u00e3o Folha Popular\" \/>\n\t<meta name=\"twitter:label2\" content=\"Est. tempo de leitura\" \/>\n\t<meta name=\"twitter:data2\" content=\"2 minutos\" \/>\n<script type=\"application\/ld+json\" class=\"yoast-schema-graph\">{\"@context\":\"https:\\\/\\\/schema.org\",\"@graph\":[{\"@type\":\"Article\",\"@id\":\"https:\\\/\\\/folhapopular.info\\\/index.php\\\/2022\\\/06\\\/23\\\/icamento-das-vigas-do-novo-viaduto-na-br-386-e-novamente-adiado-por-conta-do-clima\\\/#article\",\"isPartOf\":{\"@id\":\"https:\\\/\\\/folhapopular.info\\\/index.php\\\/2022\\\/06\\\/23\\\/icamento-das-vigas-do-novo-viaduto-na-br-386-e-novamente-adiado-por-conta-do-clima\\\/\"},\"author\":{\"name\":\"Reda\u00e7\u00e3o Folha Popular\",\"@id\":\"https:\\\/\\\/folhapopular.info\\\/#\\\/schema\\\/person\\\/2814e8a0df7643585a9ca38bc6eb9d4b\"},\"headline\":\"I\u00e7amento das vigas do novo viaduto na BR-386 \u00e9 novamente adiado por conta do clima\",\"datePublished\":\"2022-06-23T13:16:56+00:00\",\"dateModified\":\"2022-06-23T13:18:42+00:00\",\"mainEntityOfPage\":{\"@id\":\"https:\\\/\\\/folhapopular.info\\\/index.php\\\/2022\\\/06\\\/23\\\/icamento-das-vigas-do-novo-viaduto-na-br-386-e-novamente-adiado-por-conta-do-clima\\\/\"},\"wordCount\":305,\"commentCount\":0,\"image\":{\"@id\":\"https:\\\/\\\/folhapopular.info\\\/index.php\\\/2022\\\/06\\\/23\\\/icamento-das-vigas-do-novo-viaduto-na-br-386-e-novamente-adiado-por-conta-do-clima\\\/#primaryimage\"},\"thumbnailUrl\":\"https:\\\/\\\/folhapopular.info\\\/wp-content\\\/uploads\\\/2022\\\/06\\\/viaduto-386_foto-Fabiano-Panizzi_divulgacao-CCR-VS.png\",\"keywords\":[\"Adiamento\",\"BR-386\",\"clima\",\"I\u00e7amento\",\"Vigas\"],\"articleSection\":[\"Destaques\",\"Geral\"],\"inLanguage\":\"pt-BR\",\"potentialAction\":[{\"@type\":\"CommentAction\",\"name\":\"Comment\",\"target\":[\"https:\\\/\\\/folhapopular.info\\\/index.php\\\/2022\\\/06\\\/23\\\/icamento-das-vigas-do-novo-viaduto-na-br-386-e-novamente-adiado-por-conta-do-clima\\\/#respond\"]}]},{\"@type\":\"WebPage\",\"@id\":\"https:\\\/\\\/folhapopular.info\\\/index.php\\\/2022\\\/06\\\/23\\\/icamento-das-vigas-do-novo-viaduto-na-br-386-e-novamente-adiado-por-conta-do-clima\\\/\",\"url\":\"https:\\\/\\\/folhapopular.info\\\/index.php\\\/2022\\\/06\\\/23\\\/icamento-das-vigas-do-novo-viaduto-na-br-386-e-novamente-adiado-por-conta-do-clima\\\/\",\"name\":\"I\u00e7amento das vigas do novo viaduto na BR-386 \u00e9 novamente adiado por conta do clima - Folha Popular\",\"isPartOf\":{\"@id\":\"https:\\\/\\\/folhapopular.info\\\/#website\"},\"primaryImageOfPage\":{\"@id\":\"https:\\\/\\\/folhapopular.info\\\/index.php\\\/2022\\\/06\\\/23\\\/icamento-das-vigas-do-novo-viaduto-na-br-386-e-novamente-adiado-por-conta-do-clima\\\/#primaryimage\"},\"image\":{\"@id\":\"https:\\\/\\\/folhapopular.info\\\/index.php\\\/2022\\\/06\\\/23\\\/icamento-das-vigas-do-novo-viaduto-na-br-386-e-novamente-adiado-por-conta-do-clima\\\/#primaryimage\"},\"thumbnailUrl\":\"https:\\\/\\\/folhapopular.info\\\/wp-content\\\/uploads\\\/2022\\\/06\\\/viaduto-386_foto-Fabiano-Panizzi_divulgacao-CCR-VS.png\",\"datePublished\":\"2022-06-23T13:16:56+00:00\",\"dateModified\":\"2022-06-23T13:18:42+00:00\",\"author\":{\"@id\":\"https:\\\/\\\/folhapopular.info\\\/#\\\/schema\\\/person\\\/2814e8a0df7643585a9ca38bc6eb9d4b\"},\"breadcrumb\":{\"@id\":\"https:\\\/\\\/folhapopular.info\\\/index.php\\\/2022\\\/06\\\/23\\\/icamento-das-vigas-do-novo-viaduto-na-br-386-e-novamente-adiado-por-conta-do-clima\\\/#breadcrumb\"},\"inLanguage\":\"pt-BR\",\"potentialAction\":[{\"@type\":\"ReadAction\",\"target\":[\"https:\\\/\\\/folhapopular.info\\\/index.php\\\/2022\\\/06\\\/23\\\/icamento-das-vigas-do-novo-viaduto-na-br-386-e-novamente-adiado-por-conta-do-clima\\\/\"]}]},{\"@type\":\"ImageObject\",\"inLanguage\":\"pt-BR\",\"@id\":\"https:\\\/\\\/folhapopular.info\\\/index.php\\\/2022\\\/06\\\/23\\\/icamento-das-vigas-do-novo-viaduto-na-br-386-e-novamente-adiado-por-conta-do-clima\\\/#primaryimage\",\"url\":\"https:\\\/\\\/folhapopular.info\\\/wp-content\\\/uploads\\\/2022\\\/06\\\/viaduto-386_foto-Fabiano-Panizzi_divulgacao-CCR-VS.png\",\"contentUrl\":\"https:\\\/\\\/folhapopular.info\\\/wp-content\\\/uploads\\\/2022\\\/06\\\/viaduto-386_foto-Fabiano-Panizzi_divulgacao-CCR-VS.png\",\"width\":800,\"height\":450,\"caption\":\"Cr\u00e9dito: Fabiano Panizzi \\\/ CCR ViaSul \\\/ Divulga\u00e7\u00e3o\"},{\"@type\":\"BreadcrumbList\",\"@id\":\"https:\\\/\\\/folhapopular.info\\\/index.php\\\/2022\\\/06\\\/23\\\/icamento-das-vigas-do-novo-viaduto-na-br-386-e-novamente-adiado-por-conta-do-clima\\\/#breadcrumb\",\"itemListElement\":[{\"@type\":\"ListItem\",\"position\":1,\"name\":\"In\u00edcio\",\"item\":\"https:\\\/\\\/folhapopular.info\\\/\"},{\"@type\":\"ListItem\",\"position\":2,\"name\":\"I\u00e7amento das vigas do novo viaduto na BR-386 \u00e9 novamente adiado por conta do clima\"}]},{\"@type\":\"WebSite\",\"@id\":\"https:\\\/\\\/folhapopular.info\\\/#website\",\"url\":\"https:\\\/\\\/folhapopular.info\\\/\",\"name\":\"Folha Popular\",\"description\":\"Onde voc\u00ea tem vez e voz\",\"potentialAction\":[{\"@type\":\"SearchAction\",\"target\":{\"@type\":\"EntryPoint\",\"urlTemplate\":\"https:\\\/\\\/folhapopular.info\\\/?s={search_term_string}\"},\"query-input\":{\"@type\":\"PropertyValueSpecification\",\"valueRequired\":true,\"valueName\":\"search_term_string\"}}],\"inLanguage\":\"pt-BR\"},{\"@type\":\"Person\",\"@id\":\"https:\\\/\\\/folhapopular.info\\\/#\\\/schema\\\/person\\\/2814e8a0df7643585a9ca38bc6eb9d4b\",\"name\":\"Reda\u00e7\u00e3o Folha Popular\",\"image\":{\"@type\":\"ImageObject\",\"inLanguage\":\"pt-BR\",\"@id\":\"https:\\\/\\\/folhapopular.info\\\/wp-content\\\/uploads\\\/2026\\\/04\\\/Folha-1.webp\",\"url\":\"https:\\\/\\\/folhapopular.info\\\/wp-content\\\/uploads\\\/2026\\\/04\\\/Folha-1.webp\",\"contentUrl\":\"https:\\\/\\\/folhapopular.info\\\/wp-content\\\/uploads\\\/2026\\\/04\\\/Folha-1.webp\",\"caption\":\"Reda\u00e7\u00e3o Folha Popular\"},\"url\":\"https:\\\/\\\/folhapopular.info\\\/index.php\\\/author\\\/redacao\\\/\"}]}<\/script>\n<!-- \/ Yoast SEO plugin. -->","yoast_head_json":{"title":"I\u00e7amento das vigas do novo viaduto na BR-386 \u00e9 novamente adiado por conta do clima - Folha Popular","robots":{"index":"index","follow":"follow","max-snippet":"max-snippet:-1","max-image-preview":"max-image-preview:large","max-video-preview":"max-video-preview:-1"},"canonical":"https:\/\/folhapopular.info\/index.php\/2022\/06\/23\/icamento-das-vigas-do-novo-viaduto-na-br-386-e-novamente-adiado-por-conta-do-clima\/","og_locale":"pt_BR","og_type":"article","og_title":"I\u00e7amento das vigas do novo viaduto na BR-386 \u00e9 novamente adiado por conta do clima - Folha Popular","og_description":"O i\u00e7amento das vigas do novo viaduto localizado no km 344,4 da BR-386, em Lajeado, em frente \u00e0 f\u00e1brica de balas Florestal, foi novamente adiado devido \u00e0s condi\u00e7\u00f5es clim\u00e1ticas. Dessa forma, as equipes de engenharia da Concession\u00e1ria avaliar\u00e3o realizar a opera\u00e7\u00e3o na pr\u00f3xima semana. A nova estrutura far\u00e1 a liga\u00e7\u00e3o da via marginal na pista [&hellip;]","og_url":"https:\/\/folhapopular.info\/index.php\/2022\/06\/23\/icamento-das-vigas-do-novo-viaduto-na-br-386-e-novamente-adiado-por-conta-do-clima\/","og_site_name":"Folha Popular","article_published_time":"2022-06-23T13:16:56+00:00","article_modified_time":"2022-06-23T13:18:42+00:00","og_image":[{"width":800,"height":450,"url":"http:\/\/folhapopular.info\/wp-content\/uploads\/2022\/06\/viaduto-386_foto-Fabiano-Panizzi_divulgacao-CCR-VS.png","type":"image\/png"}],"author":"Reda\u00e7\u00e3o Folha Popular","twitter_card":"summary_large_image","twitter_misc":{"Escrito por":"Reda\u00e7\u00e3o Folha Popular","Est. tempo de leitura":"2 minutos"},"schema":{"@context":"https:\/\/schema.org","@graph":[{"@type":"Article","@id":"https:\/\/folhapopular.info\/index.php\/2022\/06\/23\/icamento-das-vigas-do-novo-viaduto-na-br-386-e-novamente-adiado-por-conta-do-clima\/#article","isPartOf":{"@id":"https:\/\/folhapopular.info\/index.php\/2022\/06\/23\/icamento-das-vigas-do-novo-viaduto-na-br-386-e-novamente-adiado-por-conta-do-clima\/"},"author":{"name":"Reda\u00e7\u00e3o Folha Popular","@id":"https:\/\/folhapopular.info\/#\/schema\/person\/2814e8a0df7643585a9ca38bc6eb9d4b"},"headline":"I\u00e7amento das vigas do novo viaduto na BR-386 \u00e9 novamente adiado por conta do clima","datePublished":"2022-06-23T13:16:56+00:00","dateModified":"2022-06-23T13:18:42+00:00","mainEntityOfPage":{"@id":"https:\/\/folhapopular.info\/index.php\/2022\/06\/23\/icamento-das-vigas-do-novo-viaduto-na-br-386-e-novamente-adiado-por-conta-do-clima\/"},"wordCount":305,"commentCount":0,"image":{"@id":"https:\/\/folhapopular.info\/index.php\/2022\/06\/23\/icamento-das-vigas-do-novo-viaduto-na-br-386-e-novamente-adiado-por-conta-do-clima\/#primaryimage"},"thumbnailUrl":"https:\/\/folhapopular.info\/wp-content\/uploads\/2022\/06\/viaduto-386_foto-Fabiano-Panizzi_divulgacao-CCR-VS.png","keywords":["Adiamento","BR-386","clima","I\u00e7amento","Vigas"],"articleSection":["Destaques","Geral"],"inLanguage":"pt-BR","potentialAction":[{"@type":"CommentAction","name":"Comment","target":["https:\/\/folhapopular.info\/index.php\/2022\/06\/23\/icamento-das-vigas-do-novo-viaduto-na-br-386-e-novamente-adiado-por-conta-do-clima\/#respond"]}]},{"@type":"WebPage","@id":"https:\/\/folhapopular.info\/index.php\/2022\/06\/23\/icamento-das-vigas-do-novo-viaduto-na-br-386-e-novamente-adiado-por-conta-do-clima\/","url":"https:\/\/folhapopular.info\/index.php\/2022\/06\/23\/icamento-das-vigas-do-novo-viaduto-na-br-386-e-novamente-adiado-por-conta-do-clima\/","name":"I\u00e7amento das vigas do novo viaduto na BR-386 \u00e9 novamente adiado por conta do clima - Folha Popular","isPartOf":{"@id":"https:\/\/folhapopular.info\/#website"},"primaryImageOfPage":{"@id":"https:\/\/folhapopular.info\/index.php\/2022\/06\/23\/icamento-das-vigas-do-novo-viaduto-na-br-386-e-novamente-adiado-por-conta-do-clima\/#primaryimage"},"image":{"@id":"https:\/\/folhapopular.info\/index.php\/2022\/06\/23\/icamento-das-vigas-do-novo-viaduto-na-br-386-e-novamente-adiado-por-conta-do-clima\/#primaryimage"},"thumbnailUrl":"https:\/\/folhapopular.info\/wp-content\/uploads\/2022\/06\/viaduto-386_foto-Fabiano-Panizzi_divulgacao-CCR-VS.png","datePublished":"2022-06-23T13:16:56+00:00","dateModified":"2022-06-23T13:18:42+00:00","author":{"@id":"https:\/\/folhapopular.info\/#\/schema\/person\/2814e8a0df7643585a9ca38bc6eb9d4b"},"breadcrumb":{"@id":"https:\/\/folhapopular.info\/index.php\/2022\/06\/23\/icamento-das-vigas-do-novo-viaduto-na-br-386-e-novamente-adiado-por-conta-do-clima\/#breadcrumb"},"inLanguage":"pt-BR","potentialAction":[{"@type":"ReadAction","target":["https:\/\/folhapopular.info\/index.php\/2022\/06\/23\/icamento-das-vigas-do-novo-viaduto-na-br-386-e-novamente-adiado-por-conta-do-clima\/"]}]},{"@type":"ImageObject","inLanguage":"pt-BR","@id":"https:\/\/folhapopular.info\/index.php\/2022\/06\/23\/icamento-das-vigas-do-novo-viaduto-na-br-386-e-novamente-adiado-por-conta-do-clima\/#primaryimage","url":"https:\/\/folhapopular.info\/wp-content\/uploads\/2022\/06\/viaduto-386_foto-Fabiano-Panizzi_divulgacao-CCR-VS.png","contentUrl":"https:\/\/folhapopular.info\/wp-content\/uploads\/2022\/06\/viaduto-386_foto-Fabiano-Panizzi_divulgacao-CCR-VS.png","width":800,"height":450,"caption":"Cr\u00e9dito: Fabiano Panizzi \/ CCR ViaSul \/ Divulga\u00e7\u00e3o"},{"@type":"BreadcrumbList","@id":"https:\/\/folhapopular.info\/index.php\/2022\/06\/23\/icamento-das-vigas-do-novo-viaduto-na-br-386-e-novamente-adiado-por-conta-do-clima\/#breadcrumb","itemListElement":[{"@type":"ListItem","position":1,"name":"In\u00edcio","item":"https:\/\/folhapopular.info\/"},{"@type":"ListItem","position":2,"name":"I\u00e7amento das vigas do novo viaduto na BR-386 \u00e9 novamente adiado por conta do clima"}]},{"@type":"WebSite","@id":"https:\/\/folhapopular.info\/#website","url":"https:\/\/folhapopular.info\/","name":"Folha Popular","description":"Onde voc\u00ea tem vez e voz","potentialAction":[{"@type":"SearchAction","target":{"@type":"EntryPoint","urlTemplate":"https:\/\/folhapopular.info\/?s={search_term_string}"},"query-input":{"@type":"PropertyValueSpecification","valueRequired":true,"valueName":"search_term_string"}}],"inLanguage":"pt-BR"},{"@type":"Person","@id":"https:\/\/folhapopular.info\/#\/schema\/person\/2814e8a0df7643585a9ca38bc6eb9d4b","name":"Reda\u00e7\u00e3o Folha Popular","image":{"@type":"ImageObject","inLanguage":"pt-BR","@id":"https:\/\/folhapopular.info\/wp-content\/uploads\/2026\/04\/Folha-1.webp","url":"https:\/\/folhapopular.info\/wp-content\/uploads\/2026\/04\/Folha-1.webp","contentUrl":"https:\/\/folhapopular.info\/wp-content\/uploads\/2026\/04\/Folha-1.webp","caption":"Reda\u00e7\u00e3o Folha Popular"},"url":"https:\/\/folhapopular.info\/index.php\/author\/redacao\/"}]}},"jetpack_featured_media_url":"https:\/\/folhapopular.info\/wp-content\/uploads\/2022\/06\/viaduto-386_foto-Fabiano-Panizzi_divulgacao-CCR-VS.png","jetpack_sharing_enabled":true,"amp_enabled":true,"_links":{"self":[{"href":"https:\/\/folhapopular.info\/index.php\/wp-json\/wp\/v2\/posts\/107108","targetHints":{"allow":["GET"]}}],"collection":[{"href":"https:\/\/folhapopular.info\/index.php\/wp-json\/wp\/v2\/posts"}],"about":[{"href":"https:\/\/folhapopular.info\/index.php\/wp-json\/wp\/v2\/types\/post"}],"author":[{"embeddable":true,"href":"https:\/\/folhapopular.info\/index.php\/wp-json\/wp\/v2\/users\/8"}],"replies":[{"embeddable":true,"href":"https:\/\/folhapopular.info\/index.php\/wp-json\/wp\/v2\/comments?post=107108"}],"version-history":[{"count":0,"href":"https:\/\/folhapopular.info\/index.php\/wp-json\/wp\/v2\/posts\/107108\/revisions"}],"wp:featuredmedia":[{"embeddable":true,"href":"https:\/\/folhapopular.info\/index.php\/wp-json\/wp\/v2\/media\/106924"}],"wp:attachment":[{"href":"https:\/\/folhapopular.info\/index.php\/wp-json\/wp\/v2\/media?parent=107108"}],"wp:term":[{"taxonomy":"category","embeddable":true,"href":"https:\/\/folhapopular.info\/index.php\/wp-json\/wp\/v2\/categories?post=107108"},{"taxonomy":"post_tag","embeddable":true,"href":"https:\/\/folhapopular.info\/index.php\/wp-json\/wp\/v2\/tags?post=107108"}],"curies":[{"name":"wp","href":"https:\/\/api.w.org\/{rel}","templated":true}]}}