{"id":107132,"date":"2022-06-23T14:08:38","date_gmt":"2022-06-23T17:08:38","guid":{"rendered":"https:\/\/folhapopular.info\/?p=107132"},"modified":"2022-06-23T14:15:17","modified_gmt":"2022-06-23T17:15:17","slug":"final-da-taca-da-amizade-e-adiada","status":"publish","type":"post","link":"https:\/\/folhapopular.info\/index.php\/2022\/06\/23\/final-da-taca-da-amizade-e-adiada\/","title":{"rendered":"Final da Ta\u00e7a da Amizade \u00e9 adiada"},"content":{"rendered":"\n<p>A 2\u00aa final da Ta\u00e7a da Amizade &#8211; Copa Certel\/Sicredi 2022 foi adiada. A decis\u00e3o seria disputada neste domingo (26\/6), mas foi transferida devido \u00e0s condi\u00e7\u00f5es clim\u00e1ticas desfavor\u00e1veis. O an\u00fancio oficial ocorreu por meio do presidente da Aslivata, Volnei Kochhann, por volta das 13h desta quinta-feira (23\/6). A nova data da final entre Ecas e Juventude da Berlim\/Westf\u00e1lia \u00e9 dia 3 de julho (domingo).<\/p>\n\n\n\n<p><strong>1\u00aa final <\/strong><\/p>\n\n\n\n<p>O Ecas saiu na frente na disputa pelo t\u00edtulo da Ta\u00e7a da Amizade diante do Juventude-We. As equipes chegaram \u00e0 final sem vantagens. O jogo foi disputado no domingo (19\/6), em Arroio da Seca\/Imigrante.<br>O time da casa saiu na frente. Ainda no primeiro tempo, Gabriel roubou a bola, colocou na \u00e1rea e encontrou Filipinho, que desviou e venceu o goleiro, abrindo o placar: Ecas 1 a 0 Juventude.<\/p>\n\n\n\n<p>Na segunda etapa, Diego Gago ficou frente a frente com o goleiro advers\u00e1rio. O artilheiro do campeonato n\u00e3o se intimidou e botou a bola na rede ampliando para o Ecas: 2 a 0. No fim do segundo tempo, Amarelinho, com uma meia bicicleta, descontou para o Juventude. Fim de jogo: 2 a 1.<\/p>\n\n\n\n<p>\u00c9 a quinta vez que os times disputam a ta\u00e7a. O certame teve quatro finais consecutivas entre Ecas e Juventude (2014, 2015, 2016 e 2017). Em 2014, a final foi vencida pelo Juventude, no campo do Ecas, nos p\u00eanaltis. As outras tr\u00eas \u2013 2015, 2016 e 2017 \u2013 o Ecas ganhou no campo do Juventude. Em 2018, o Ecas conseguiu o tetracampeonato sobre o Fluminense da Westf\u00e1lia. O Juventude voltou a conquistar o t\u00edtulo em 2020\/21<\/p>\n\n\n\n<p><strong>Aspirantes<\/strong><\/p>\n\n\n\n<p>Ecas e Juventude decidem o t\u00edtulo tamb\u00e9m nos Aspirantes. E no primeiro confronto, o time de Imigrante saiu na frente, fazendo 3 a 0. <\/p>\n","protected":false},"excerpt":{"rendered":"<p>A 2\u00aa final da Ta\u00e7a da Amizade &#8211; Copa Certel\/Sicredi 2022 foi adiada. A decis\u00e3o seria disputada neste domingo (26\/6), mas foi transferida devido \u00e0s condi\u00e7\u00f5es clim\u00e1ticas desfavor\u00e1veis. O an\u00fancio oficial ocorreu por meio do presidente da Aslivata, Volnei Kochhann, por volta das 13h desta quinta-feira (23\/6). A nova data da final entre Ecas e [&hellip;]<\/p>\n","protected":false},"author":601,"featured_media":107135,"comment_status":"open","ping_status":"open","sticky":false,"template":"","format":"standard","meta":{"pmpro_default_level":"","_jetpack_memberships_contains_paid_content":false,"footnotes":""},"categories":[2,5,240,288],"tags":[8572,137,498,315,8500],"class_list":{"0":"post-107132","1":"post","2":"type-post","3":"status-publish","4":"format-standard","5":"has-post-thumbnail","7":"category-featured","8":"category-esportes","9":"category-futebol-amador","10":"category-regional-da-aslivata","11":"tag-adiamento","12":"tag-esporte","13":"tag-futebol","14":"tag-regiao","15":"tag-transferido","16":"pmpro-has-access"},"yoast_head":"<!-- This site is optimized with the Yoast SEO plugin v27.5 - https:\/\/yoast.com\/product\/yoast-seo-wordpress\/ -->\n<title>Final da Ta\u00e7a da Amizade \u00e9 adiada - Folha Popular<\/title>\n<meta name=\"robots\" content=\"index, follow, max-snippet:-1, max-image-preview:large, max-video-preview:-1\" \/>\n<link rel=\"canonical\" href=\"https:\/\/folhapopular.info\/index.php\/2022\/06\/23\/final-da-taca-da-amizade-e-adiada\/\" \/>\n<meta property=\"og:locale\" content=\"pt_BR\" \/>\n<meta property=\"og:type\" content=\"article\" \/>\n<meta property=\"og:title\" content=\"Final da Ta\u00e7a da Amizade \u00e9 adiada - Folha Popular\" \/>\n<meta property=\"og:description\" content=\"A 2\u00aa final da Ta\u00e7a da Amizade &#8211; Copa Certel\/Sicredi 2022 foi adiada. A decis\u00e3o seria disputada neste domingo (26\/6), mas foi transferida devido \u00e0s condi\u00e7\u00f5es clim\u00e1ticas desfavor\u00e1veis. O an\u00fancio oficial ocorreu por meio do presidente da Aslivata, Volnei Kochhann, por volta das 13h desta quinta-feira (23\/6). A nova data da final entre Ecas e [&hellip;]\" \/>\n<meta property=\"og:url\" content=\"https:\/\/folhapopular.info\/index.php\/2022\/06\/23\/final-da-taca-da-amizade-e-adiada\/\" \/>\n<meta property=\"og:site_name\" content=\"Folha Popular\" \/>\n<meta property=\"article:published_time\" content=\"2022-06-23T17:08:38+00:00\" \/>\n<meta property=\"article:modified_time\" content=\"2022-06-23T17:15:17+00:00\" \/>\n<meta property=\"og:image\" content=\"http:\/\/folhapopular.info\/wp-content\/uploads\/2022\/06\/CAPA_CB_AFP-scaled-e1656004070601.jpg\" \/>\n\t<meta property=\"og:image:width\" content=\"800\" \/>\n\t<meta property=\"og:image:height\" content=\"531\" \/>\n\t<meta property=\"og:image:type\" content=\"image\/jpeg\" \/>\n<meta name=\"author\" content=\"Carla Beckmann\" \/>\n<meta name=\"twitter:card\" content=\"summary_large_image\" \/>\n<meta name=\"twitter:label1\" content=\"Escrito por\" \/>\n\t<meta name=\"twitter:data1\" content=\"Carla Beckmann\" \/>\n\t<meta name=\"twitter:label2\" content=\"Est. tempo de leitura\" \/>\n\t<meta name=\"twitter:data2\" content=\"2 minutos\" \/>\n<script type=\"application\/ld+json\" class=\"yoast-schema-graph\">{\"@context\":\"https:\\\/\\\/schema.org\",\"@graph\":[{\"@type\":\"Article\",\"@id\":\"https:\\\/\\\/folhapopular.info\\\/index.php\\\/2022\\\/06\\\/23\\\/final-da-taca-da-amizade-e-adiada\\\/#article\",\"isPartOf\":{\"@id\":\"https:\\\/\\\/folhapopular.info\\\/index.php\\\/2022\\\/06\\\/23\\\/final-da-taca-da-amizade-e-adiada\\\/\"},\"author\":{\"name\":\"Carla Beckmann\",\"@id\":\"https:\\\/\\\/folhapopular.info\\\/#\\\/schema\\\/person\\\/c9138938e4781f3e1ca513f9bea5659c\"},\"headline\":\"Final da Ta\u00e7a da Amizade \u00e9 adiada\",\"datePublished\":\"2022-06-23T17:08:38+00:00\",\"dateModified\":\"2022-06-23T17:15:17+00:00\",\"mainEntityOfPage\":{\"@id\":\"https:\\\/\\\/folhapopular.info\\\/index.php\\\/2022\\\/06\\\/23\\\/final-da-taca-da-amizade-e-adiada\\\/\"},\"wordCount\":287,\"commentCount\":0,\"image\":{\"@id\":\"https:\\\/\\\/folhapopular.info\\\/index.php\\\/2022\\\/06\\\/23\\\/final-da-taca-da-amizade-e-adiada\\\/#primaryimage\"},\"thumbnailUrl\":\"https:\\\/\\\/folhapopular.info\\\/wp-content\\\/uploads\\\/2022\\\/06\\\/CAPA_CB_AFP-scaled-e1656004070601.jpg\",\"keywords\":[\"Adiamento\",\"Esporte\",\"Futebol\",\"Regi\u00e3o\",\"Transferido\"],\"articleSection\":[\"Destaques\",\"Esportes\",\"Futebol Amador\",\"Regional da Aslivata\"],\"inLanguage\":\"pt-BR\",\"potentialAction\":[{\"@type\":\"CommentAction\",\"name\":\"Comment\",\"target\":[\"https:\\\/\\\/folhapopular.info\\\/index.php\\\/2022\\\/06\\\/23\\\/final-da-taca-da-amizade-e-adiada\\\/#respond\"]}]},{\"@type\":\"WebPage\",\"@id\":\"https:\\\/\\\/folhapopular.info\\\/index.php\\\/2022\\\/06\\\/23\\\/final-da-taca-da-amizade-e-adiada\\\/\",\"url\":\"https:\\\/\\\/folhapopular.info\\\/index.php\\\/2022\\\/06\\\/23\\\/final-da-taca-da-amizade-e-adiada\\\/\",\"name\":\"Final da Ta\u00e7a da Amizade \u00e9 adiada - Folha Popular\",\"isPartOf\":{\"@id\":\"https:\\\/\\\/folhapopular.info\\\/#website\"},\"primaryImageOfPage\":{\"@id\":\"https:\\\/\\\/folhapopular.info\\\/index.php\\\/2022\\\/06\\\/23\\\/final-da-taca-da-amizade-e-adiada\\\/#primaryimage\"},\"image\":{\"@id\":\"https:\\\/\\\/folhapopular.info\\\/index.php\\\/2022\\\/06\\\/23\\\/final-da-taca-da-amizade-e-adiada\\\/#primaryimage\"},\"thumbnailUrl\":\"https:\\\/\\\/folhapopular.info\\\/wp-content\\\/uploads\\\/2022\\\/06\\\/CAPA_CB_AFP-scaled-e1656004070601.jpg\",\"datePublished\":\"2022-06-23T17:08:38+00:00\",\"dateModified\":\"2022-06-23T17:15:17+00:00\",\"author\":{\"@id\":\"https:\\\/\\\/folhapopular.info\\\/#\\\/schema\\\/person\\\/c9138938e4781f3e1ca513f9bea5659c\"},\"breadcrumb\":{\"@id\":\"https:\\\/\\\/folhapopular.info\\\/index.php\\\/2022\\\/06\\\/23\\\/final-da-taca-da-amizade-e-adiada\\\/#breadcrumb\"},\"inLanguage\":\"pt-BR\",\"potentialAction\":[{\"@type\":\"ReadAction\",\"target\":[\"https:\\\/\\\/folhapopular.info\\\/index.php\\\/2022\\\/06\\\/23\\\/final-da-taca-da-amizade-e-adiada\\\/\"]}]},{\"@type\":\"ImageObject\",\"inLanguage\":\"pt-BR\",\"@id\":\"https:\\\/\\\/folhapopular.info\\\/index.php\\\/2022\\\/06\\\/23\\\/final-da-taca-da-amizade-e-adiada\\\/#primaryimage\",\"url\":\"https:\\\/\\\/folhapopular.info\\\/wp-content\\\/uploads\\\/2022\\\/06\\\/CAPA_CB_AFP-scaled-e1656004070601.jpg\",\"contentUrl\":\"https:\\\/\\\/folhapopular.info\\\/wp-content\\\/uploads\\\/2022\\\/06\\\/CAPA_CB_AFP-scaled-e1656004070601.jpg\",\"width\":800,\"height\":531,\"caption\":\"2\u00aa final ocorre no campo do Juventude, em Linha Berlim\\\/Westf\u00e1lia \\\/ Cr\u00e9dito: Carla Beckmann \\\/ Arquivo FP\"},{\"@type\":\"BreadcrumbList\",\"@id\":\"https:\\\/\\\/folhapopular.info\\\/index.php\\\/2022\\\/06\\\/23\\\/final-da-taca-da-amizade-e-adiada\\\/#breadcrumb\",\"itemListElement\":[{\"@type\":\"ListItem\",\"position\":1,\"name\":\"In\u00edcio\",\"item\":\"https:\\\/\\\/folhapopular.info\\\/\"},{\"@type\":\"ListItem\",\"position\":2,\"name\":\"Final da Ta\u00e7a da Amizade \u00e9 adiada\"}]},{\"@type\":\"WebSite\",\"@id\":\"https:\\\/\\\/folhapopular.info\\\/#website\",\"url\":\"https:\\\/\\\/folhapopular.info\\\/\",\"name\":\"Folha Popular\",\"description\":\"Onde voc\u00ea tem vez e voz\",\"potentialAction\":[{\"@type\":\"SearchAction\",\"target\":{\"@type\":\"EntryPoint\",\"urlTemplate\":\"https:\\\/\\\/folhapopular.info\\\/?s={search_term_string}\"},\"query-input\":{\"@type\":\"PropertyValueSpecification\",\"valueRequired\":true,\"valueName\":\"search_term_string\"}}],\"inLanguage\":\"pt-BR\"},{\"@type\":\"Person\",\"@id\":\"https:\\\/\\\/folhapopular.info\\\/#\\\/schema\\\/person\\\/c9138938e4781f3e1ca513f9bea5659c\",\"name\":\"Carla Beckmann\",\"image\":{\"@type\":\"ImageObject\",\"inLanguage\":\"pt-BR\",\"@id\":\"https:\\\/\\\/secure.gravatar.com\\\/avatar\\\/790078f6ade9f70c31db5a673b88c15df0904c2847c456b3599f72843ac11eb9?s=96&d=mm&r=g\",\"url\":\"https:\\\/\\\/secure.gravatar.com\\\/avatar\\\/790078f6ade9f70c31db5a673b88c15df0904c2847c456b3599f72843ac11eb9?s=96&d=mm&r=g\",\"contentUrl\":\"https:\\\/\\\/secure.gravatar.com\\\/avatar\\\/790078f6ade9f70c31db5a673b88c15df0904c2847c456b3599f72843ac11eb9?s=96&d=mm&r=g\",\"caption\":\"Carla Beckmann\"},\"url\":\"https:\\\/\\\/folhapopular.info\\\/index.php\\\/author\\\/carlabeckmann03gmail-com\\\/\"}]}<\/script>\n<!-- \/ Yoast SEO plugin. -->","yoast_head_json":{"title":"Final da Ta\u00e7a da Amizade \u00e9 adiada - Folha Popular","robots":{"index":"index","follow":"follow","max-snippet":"max-snippet:-1","max-image-preview":"max-image-preview:large","max-video-preview":"max-video-preview:-1"},"canonical":"https:\/\/folhapopular.info\/index.php\/2022\/06\/23\/final-da-taca-da-amizade-e-adiada\/","og_locale":"pt_BR","og_type":"article","og_title":"Final da Ta\u00e7a da Amizade \u00e9 adiada - Folha Popular","og_description":"A 2\u00aa final da Ta\u00e7a da Amizade &#8211; Copa Certel\/Sicredi 2022 foi adiada. A decis\u00e3o seria disputada neste domingo (26\/6), mas foi transferida devido \u00e0s condi\u00e7\u00f5es clim\u00e1ticas desfavor\u00e1veis. O an\u00fancio oficial ocorreu por meio do presidente da Aslivata, Volnei Kochhann, por volta das 13h desta quinta-feira (23\/6). A nova data da final entre Ecas e [&hellip;]","og_url":"https:\/\/folhapopular.info\/index.php\/2022\/06\/23\/final-da-taca-da-amizade-e-adiada\/","og_site_name":"Folha Popular","article_published_time":"2022-06-23T17:08:38+00:00","article_modified_time":"2022-06-23T17:15:17+00:00","og_image":[{"width":800,"height":531,"url":"http:\/\/folhapopular.info\/wp-content\/uploads\/2022\/06\/CAPA_CB_AFP-scaled-e1656004070601.jpg","type":"image\/jpeg"}],"author":"Carla Beckmann","twitter_card":"summary_large_image","twitter_misc":{"Escrito por":"Carla Beckmann","Est. tempo de leitura":"2 minutos"},"schema":{"@context":"https:\/\/schema.org","@graph":[{"@type":"Article","@id":"https:\/\/folhapopular.info\/index.php\/2022\/06\/23\/final-da-taca-da-amizade-e-adiada\/#article","isPartOf":{"@id":"https:\/\/folhapopular.info\/index.php\/2022\/06\/23\/final-da-taca-da-amizade-e-adiada\/"},"author":{"name":"Carla Beckmann","@id":"https:\/\/folhapopular.info\/#\/schema\/person\/c9138938e4781f3e1ca513f9bea5659c"},"headline":"Final da Ta\u00e7a da Amizade \u00e9 adiada","datePublished":"2022-06-23T17:08:38+00:00","dateModified":"2022-06-23T17:15:17+00:00","mainEntityOfPage":{"@id":"https:\/\/folhapopular.info\/index.php\/2022\/06\/23\/final-da-taca-da-amizade-e-adiada\/"},"wordCount":287,"commentCount":0,"image":{"@id":"https:\/\/folhapopular.info\/index.php\/2022\/06\/23\/final-da-taca-da-amizade-e-adiada\/#primaryimage"},"thumbnailUrl":"https:\/\/folhapopular.info\/wp-content\/uploads\/2022\/06\/CAPA_CB_AFP-scaled-e1656004070601.jpg","keywords":["Adiamento","Esporte","Futebol","Regi\u00e3o","Transferido"],"articleSection":["Destaques","Esportes","Futebol Amador","Regional da Aslivata"],"inLanguage":"pt-BR","potentialAction":[{"@type":"CommentAction","name":"Comment","target":["https:\/\/folhapopular.info\/index.php\/2022\/06\/23\/final-da-taca-da-amizade-e-adiada\/#respond"]}]},{"@type":"WebPage","@id":"https:\/\/folhapopular.info\/index.php\/2022\/06\/23\/final-da-taca-da-amizade-e-adiada\/","url":"https:\/\/folhapopular.info\/index.php\/2022\/06\/23\/final-da-taca-da-amizade-e-adiada\/","name":"Final da Ta\u00e7a da Amizade \u00e9 adiada - Folha Popular","isPartOf":{"@id":"https:\/\/folhapopular.info\/#website"},"primaryImageOfPage":{"@id":"https:\/\/folhapopular.info\/index.php\/2022\/06\/23\/final-da-taca-da-amizade-e-adiada\/#primaryimage"},"image":{"@id":"https:\/\/folhapopular.info\/index.php\/2022\/06\/23\/final-da-taca-da-amizade-e-adiada\/#primaryimage"},"thumbnailUrl":"https:\/\/folhapopular.info\/wp-content\/uploads\/2022\/06\/CAPA_CB_AFP-scaled-e1656004070601.jpg","datePublished":"2022-06-23T17:08:38+00:00","dateModified":"2022-06-23T17:15:17+00:00","author":{"@id":"https:\/\/folhapopular.info\/#\/schema\/person\/c9138938e4781f3e1ca513f9bea5659c"},"breadcrumb":{"@id":"https:\/\/folhapopular.info\/index.php\/2022\/06\/23\/final-da-taca-da-amizade-e-adiada\/#breadcrumb"},"inLanguage":"pt-BR","potentialAction":[{"@type":"ReadAction","target":["https:\/\/folhapopular.info\/index.php\/2022\/06\/23\/final-da-taca-da-amizade-e-adiada\/"]}]},{"@type":"ImageObject","inLanguage":"pt-BR","@id":"https:\/\/folhapopular.info\/index.php\/2022\/06\/23\/final-da-taca-da-amizade-e-adiada\/#primaryimage","url":"https:\/\/folhapopular.info\/wp-content\/uploads\/2022\/06\/CAPA_CB_AFP-scaled-e1656004070601.jpg","contentUrl":"https:\/\/folhapopular.info\/wp-content\/uploads\/2022\/06\/CAPA_CB_AFP-scaled-e1656004070601.jpg","width":800,"height":531,"caption":"2\u00aa final ocorre no campo do Juventude, em Linha Berlim\/Westf\u00e1lia \/ Cr\u00e9dito: Carla Beckmann \/ Arquivo FP"},{"@type":"BreadcrumbList","@id":"https:\/\/folhapopular.info\/index.php\/2022\/06\/23\/final-da-taca-da-amizade-e-adiada\/#breadcrumb","itemListElement":[{"@type":"ListItem","position":1,"name":"In\u00edcio","item":"https:\/\/folhapopular.info\/"},{"@type":"ListItem","position":2,"name":"Final da Ta\u00e7a da Amizade \u00e9 adiada"}]},{"@type":"WebSite","@id":"https:\/\/folhapopular.info\/#website","url":"https:\/\/folhapopular.info\/","name":"Folha Popular","description":"Onde voc\u00ea tem vez e voz","potentialAction":[{"@type":"SearchAction","target":{"@type":"EntryPoint","urlTemplate":"https:\/\/folhapopular.info\/?s={search_term_string}"},"query-input":{"@type":"PropertyValueSpecification","valueRequired":true,"valueName":"search_term_string"}}],"inLanguage":"pt-BR"},{"@type":"Person","@id":"https:\/\/folhapopular.info\/#\/schema\/person\/c9138938e4781f3e1ca513f9bea5659c","name":"Carla Beckmann","image":{"@type":"ImageObject","inLanguage":"pt-BR","@id":"https:\/\/secure.gravatar.com\/avatar\/790078f6ade9f70c31db5a673b88c15df0904c2847c456b3599f72843ac11eb9?s=96&d=mm&r=g","url":"https:\/\/secure.gravatar.com\/avatar\/790078f6ade9f70c31db5a673b88c15df0904c2847c456b3599f72843ac11eb9?s=96&d=mm&r=g","contentUrl":"https:\/\/secure.gravatar.com\/avatar\/790078f6ade9f70c31db5a673b88c15df0904c2847c456b3599f72843ac11eb9?s=96&d=mm&r=g","caption":"Carla Beckmann"},"url":"https:\/\/folhapopular.info\/index.php\/author\/carlabeckmann03gmail-com\/"}]}},"jetpack_featured_media_url":"https:\/\/folhapopular.info\/wp-content\/uploads\/2022\/06\/CAPA_CB_AFP-scaled-e1656004070601.jpg","jetpack_sharing_enabled":true,"amp_enabled":true,"_links":{"self":[{"href":"https:\/\/folhapopular.info\/index.php\/wp-json\/wp\/v2\/posts\/107132","targetHints":{"allow":["GET"]}}],"collection":[{"href":"https:\/\/folhapopular.info\/index.php\/wp-json\/wp\/v2\/posts"}],"about":[{"href":"https:\/\/folhapopular.info\/index.php\/wp-json\/wp\/v2\/types\/post"}],"author":[{"embeddable":true,"href":"https:\/\/folhapopular.info\/index.php\/wp-json\/wp\/v2\/users\/601"}],"replies":[{"embeddable":true,"href":"https:\/\/folhapopular.info\/index.php\/wp-json\/wp\/v2\/comments?post=107132"}],"version-history":[{"count":0,"href":"https:\/\/folhapopular.info\/index.php\/wp-json\/wp\/v2\/posts\/107132\/revisions"}],"wp:featuredmedia":[{"embeddable":true,"href":"https:\/\/folhapopular.info\/index.php\/wp-json\/wp\/v2\/media\/107135"}],"wp:attachment":[{"href":"https:\/\/folhapopular.info\/index.php\/wp-json\/wp\/v2\/media?parent=107132"}],"wp:term":[{"taxonomy":"category","embeddable":true,"href":"https:\/\/folhapopular.info\/index.php\/wp-json\/wp\/v2\/categories?post=107132"},{"taxonomy":"post_tag","embeddable":true,"href":"https:\/\/folhapopular.info\/index.php\/wp-json\/wp\/v2\/tags?post=107132"}],"curies":[{"name":"wp","href":"https:\/\/api.w.org\/{rel}","templated":true}]}}