{"id":107330,"date":"2022-06-25T10:43:37","date_gmt":"2022-06-25T13:43:37","guid":{"rendered":"https:\/\/folhapopular.info\/?p=107330"},"modified":"2022-06-25T10:43:42","modified_gmt":"2022-06-25T13:43:42","slug":"3a-edicao-do-rock-sem-fome-acontece-hoje-em-teutonia","status":"publish","type":"post","link":"https:\/\/folhapopular.info\/index.php\/2022\/06\/25\/3a-edicao-do-rock-sem-fome-acontece-hoje-em-teutonia\/","title":{"rendered":"3\u00aa edi\u00e7\u00e3o do Rock Sem Fome acontece hoje em Teut\u00f4nia"},"content":{"rendered":"\n<p>Acontece hoje \u00e0 tarde (25\/6), na Prefeitura de Teut\u00f4nia, a 3\u00aa edi\u00e7\u00e3o do Rock Sem Fome. O evento re\u00fane bandas de rock da regi\u00e3o e busca arrecadar donativos.<\/p>\n\n\n\n<p>A entrada \u00e9 franca, mas o objetivo \u00e9 que o p\u00fablico doe leite, produtos de limpeza e cobertores. Os itens ser\u00e3o encaminhados para a Assist\u00eancia Social do munic\u00edpio.<\/p>\n\n\n\n<p>Conforme o organizador Ronaldo de Borba Duarte, popularmente conhecido como Doj\u00e3o, a expectativa \u00e9 de grande p\u00fablico e quantia de donativos. \u201cConseguimos impulsionar nossa divulga\u00e7\u00e3o por meio de patrocinadores. Nosso evento chegou em muita gente. Por ser na \u00e1rea coberta, mesmo em caso de chuva, n\u00e3o atrapalha em nada. Esperamos que a comunidade prestigie e seja solid\u00e1ria\u201d, destaca.<\/p>\n\n\n\n<p><strong>Programa\u00e7\u00e3o<\/strong><\/p>\n\n\n\n<p>15h \u2013 Ac\u00fastico Mescla<\/p>\n\n\n\n<p>16h \u2013 2Thousand<\/p>\n\n\n\n<p>17h \u2013 D\u2019Antigueira<\/p>\n\n\n\n<p>18h \u2013 Fall Out<\/p>\n\n\n\n<p>19h \u2013 Bugs Pearl Jam Tribute<\/p>\n\n\n\n<p>21h \u2013 Intra Rock<\/p>\n\n\n\n<p>22h &#8211; N\u00eania<\/p>\n","protected":false},"excerpt":{"rendered":"<p>Acontece hoje \u00e0 tarde (25\/6), na Prefeitura de Teut\u00f4nia, a 3\u00aa edi\u00e7\u00e3o do Rock Sem Fome. O evento re\u00fane bandas de rock da regi\u00e3o e busca arrecadar donativos. A entrada \u00e9 franca, mas o objetivo \u00e9 que o p\u00fablico doe leite, produtos de limpeza e cobertores. Os itens ser\u00e3o encaminhados para a Assist\u00eancia Social do [&hellip;]<\/p>\n","protected":false},"author":619,"featured_media":107334,"comment_status":"open","ping_status":"open","sticky":false,"template":"","format":"standard","meta":{"pmpro_default_level":"","_jetpack_memberships_contains_paid_content":false,"footnotes":""},"categories":[6],"tags":[9432,350,26],"class_list":{"0":"post-107330","1":"post","2":"type-post","3":"status-publish","4":"format-standard","5":"has-post-thumbnail","7":"category-inclusive","8":"tag-hoje","9":"tag-rock","10":"tag-teutonia","11":"pmpro-has-access"},"yoast_head":"<!-- This site is optimized with the Yoast SEO plugin v27.5 - https:\/\/yoast.com\/product\/yoast-seo-wordpress\/ -->\n<title>3\u00aa edi\u00e7\u00e3o do Rock Sem Fome acontece hoje em Teut\u00f4nia - Folha Popular<\/title>\n<meta name=\"robots\" content=\"index, follow, max-snippet:-1, max-image-preview:large, max-video-preview:-1\" \/>\n<link rel=\"canonical\" href=\"https:\/\/folhapopular.info\/index.php\/2022\/06\/25\/3a-edicao-do-rock-sem-fome-acontece-hoje-em-teutonia\/\" \/>\n<meta property=\"og:locale\" content=\"pt_BR\" \/>\n<meta property=\"og:type\" content=\"article\" \/>\n<meta property=\"og:title\" content=\"3\u00aa edi\u00e7\u00e3o do Rock Sem Fome acontece hoje em Teut\u00f4nia - Folha Popular\" \/>\n<meta property=\"og:description\" content=\"Acontece hoje \u00e0 tarde (25\/6), na Prefeitura de Teut\u00f4nia, a 3\u00aa edi\u00e7\u00e3o do Rock Sem Fome. O evento re\u00fane bandas de rock da regi\u00e3o e busca arrecadar donativos. A entrada \u00e9 franca, mas o objetivo \u00e9 que o p\u00fablico doe leite, produtos de limpeza e cobertores. Os itens ser\u00e3o encaminhados para a Assist\u00eancia Social do [&hellip;]\" \/>\n<meta property=\"og:url\" content=\"https:\/\/folhapopular.info\/index.php\/2022\/06\/25\/3a-edicao-do-rock-sem-fome-acontece-hoje-em-teutonia\/\" \/>\n<meta property=\"og:site_name\" content=\"Folha Popular\" \/>\n<meta property=\"article:published_time\" content=\"2022-06-25T13:43:37+00:00\" \/>\n<meta property=\"article:modified_time\" content=\"2022-06-25T13:43:42+00:00\" \/>\n<meta property=\"og:image\" content=\"http:\/\/folhapopular.info\/wp-content\/uploads\/2022\/06\/Divulgacao.jpeg\" \/>\n\t<meta property=\"og:image:width\" content=\"1081\" \/>\n\t<meta property=\"og:image:height\" content=\"1081\" \/>\n\t<meta property=\"og:image:type\" content=\"image\/jpeg\" \/>\n<meta name=\"author\" content=\"Paola Possenatto\" \/>\n<meta name=\"twitter:card\" content=\"summary_large_image\" \/>\n<meta name=\"twitter:label1\" content=\"Escrito por\" \/>\n\t<meta name=\"twitter:data1\" content=\"Paola Possenatto\" \/>\n\t<meta name=\"twitter:label2\" content=\"Est. tempo de leitura\" \/>\n\t<meta name=\"twitter:data2\" content=\"1 minuto\" \/>\n<script type=\"application\/ld+json\" class=\"yoast-schema-graph\">{\"@context\":\"https:\\\/\\\/schema.org\",\"@graph\":[{\"@type\":\"Article\",\"@id\":\"https:\\\/\\\/folhapopular.info\\\/index.php\\\/2022\\\/06\\\/25\\\/3a-edicao-do-rock-sem-fome-acontece-hoje-em-teutonia\\\/#article\",\"isPartOf\":{\"@id\":\"https:\\\/\\\/folhapopular.info\\\/index.php\\\/2022\\\/06\\\/25\\\/3a-edicao-do-rock-sem-fome-acontece-hoje-em-teutonia\\\/\"},\"author\":{\"name\":\"Paola Possenatto\",\"@id\":\"https:\\\/\\\/folhapopular.info\\\/#\\\/schema\\\/person\\\/f2ac82704a75570d89d5485d2cfcec59\"},\"headline\":\"3\u00aa edi\u00e7\u00e3o do Rock Sem Fome acontece hoje em Teut\u00f4nia\",\"datePublished\":\"2022-06-25T13:43:37+00:00\",\"dateModified\":\"2022-06-25T13:43:42+00:00\",\"mainEntityOfPage\":{\"@id\":\"https:\\\/\\\/folhapopular.info\\\/index.php\\\/2022\\\/06\\\/25\\\/3a-edicao-do-rock-sem-fome-acontece-hoje-em-teutonia\\\/\"},\"wordCount\":158,\"commentCount\":0,\"image\":{\"@id\":\"https:\\\/\\\/folhapopular.info\\\/index.php\\\/2022\\\/06\\\/25\\\/3a-edicao-do-rock-sem-fome-acontece-hoje-em-teutonia\\\/#primaryimage\"},\"thumbnailUrl\":\"https:\\\/\\\/folhapopular.info\\\/wp-content\\\/uploads\\\/2022\\\/06\\\/Divulgacao.jpeg\",\"keywords\":[\"hoje\",\"Rock\",\"Teut\u00f4nia\"],\"articleSection\":[\"Inclusive\"],\"inLanguage\":\"pt-BR\",\"potentialAction\":[{\"@type\":\"CommentAction\",\"name\":\"Comment\",\"target\":[\"https:\\\/\\\/folhapopular.info\\\/index.php\\\/2022\\\/06\\\/25\\\/3a-edicao-do-rock-sem-fome-acontece-hoje-em-teutonia\\\/#respond\"]}]},{\"@type\":\"WebPage\",\"@id\":\"https:\\\/\\\/folhapopular.info\\\/index.php\\\/2022\\\/06\\\/25\\\/3a-edicao-do-rock-sem-fome-acontece-hoje-em-teutonia\\\/\",\"url\":\"https:\\\/\\\/folhapopular.info\\\/index.php\\\/2022\\\/06\\\/25\\\/3a-edicao-do-rock-sem-fome-acontece-hoje-em-teutonia\\\/\",\"name\":\"3\u00aa edi\u00e7\u00e3o do Rock Sem Fome acontece hoje em Teut\u00f4nia - Folha Popular\",\"isPartOf\":{\"@id\":\"https:\\\/\\\/folhapopular.info\\\/#website\"},\"primaryImageOfPage\":{\"@id\":\"https:\\\/\\\/folhapopular.info\\\/index.php\\\/2022\\\/06\\\/25\\\/3a-edicao-do-rock-sem-fome-acontece-hoje-em-teutonia\\\/#primaryimage\"},\"image\":{\"@id\":\"https:\\\/\\\/folhapopular.info\\\/index.php\\\/2022\\\/06\\\/25\\\/3a-edicao-do-rock-sem-fome-acontece-hoje-em-teutonia\\\/#primaryimage\"},\"thumbnailUrl\":\"https:\\\/\\\/folhapopular.info\\\/wp-content\\\/uploads\\\/2022\\\/06\\\/Divulgacao.jpeg\",\"datePublished\":\"2022-06-25T13:43:37+00:00\",\"dateModified\":\"2022-06-25T13:43:42+00:00\",\"author\":{\"@id\":\"https:\\\/\\\/folhapopular.info\\\/#\\\/schema\\\/person\\\/f2ac82704a75570d89d5485d2cfcec59\"},\"breadcrumb\":{\"@id\":\"https:\\\/\\\/folhapopular.info\\\/index.php\\\/2022\\\/06\\\/25\\\/3a-edicao-do-rock-sem-fome-acontece-hoje-em-teutonia\\\/#breadcrumb\"},\"inLanguage\":\"pt-BR\",\"potentialAction\":[{\"@type\":\"ReadAction\",\"target\":[\"https:\\\/\\\/folhapopular.info\\\/index.php\\\/2022\\\/06\\\/25\\\/3a-edicao-do-rock-sem-fome-acontece-hoje-em-teutonia\\\/\"]}]},{\"@type\":\"ImageObject\",\"inLanguage\":\"pt-BR\",\"@id\":\"https:\\\/\\\/folhapopular.info\\\/index.php\\\/2022\\\/06\\\/25\\\/3a-edicao-do-rock-sem-fome-acontece-hoje-em-teutonia\\\/#primaryimage\",\"url\":\"https:\\\/\\\/folhapopular.info\\\/wp-content\\\/uploads\\\/2022\\\/06\\\/Divulgacao.jpeg\",\"contentUrl\":\"https:\\\/\\\/folhapopular.info\\\/wp-content\\\/uploads\\\/2022\\\/06\\\/Divulgacao.jpeg\",\"width\":1081,\"height\":1081},{\"@type\":\"BreadcrumbList\",\"@id\":\"https:\\\/\\\/folhapopular.info\\\/index.php\\\/2022\\\/06\\\/25\\\/3a-edicao-do-rock-sem-fome-acontece-hoje-em-teutonia\\\/#breadcrumb\",\"itemListElement\":[{\"@type\":\"ListItem\",\"position\":1,\"name\":\"In\u00edcio\",\"item\":\"https:\\\/\\\/folhapopular.info\\\/\"},{\"@type\":\"ListItem\",\"position\":2,\"name\":\"3\u00aa edi\u00e7\u00e3o do Rock Sem Fome acontece hoje em Teut\u00f4nia\"}]},{\"@type\":\"WebSite\",\"@id\":\"https:\\\/\\\/folhapopular.info\\\/#website\",\"url\":\"https:\\\/\\\/folhapopular.info\\\/\",\"name\":\"Folha Popular\",\"description\":\"Onde voc\u00ea tem vez e voz\",\"potentialAction\":[{\"@type\":\"SearchAction\",\"target\":{\"@type\":\"EntryPoint\",\"urlTemplate\":\"https:\\\/\\\/folhapopular.info\\\/?s={search_term_string}\"},\"query-input\":{\"@type\":\"PropertyValueSpecification\",\"valueRequired\":true,\"valueName\":\"search_term_string\"}}],\"inLanguage\":\"pt-BR\"},{\"@type\":\"Person\",\"@id\":\"https:\\\/\\\/folhapopular.info\\\/#\\\/schema\\\/person\\\/f2ac82704a75570d89d5485d2cfcec59\",\"name\":\"Paola Possenatto\",\"image\":{\"@type\":\"ImageObject\",\"inLanguage\":\"pt-BR\",\"@id\":\"https:\\\/\\\/secure.gravatar.com\\\/avatar\\\/3f60b3eadf49ab9644afd71b75144f14b76c73fe8f99223954f5410dcd6a8a6f?s=96&d=mm&r=g\",\"url\":\"https:\\\/\\\/secure.gravatar.com\\\/avatar\\\/3f60b3eadf49ab9644afd71b75144f14b76c73fe8f99223954f5410dcd6a8a6f?s=96&d=mm&r=g\",\"contentUrl\":\"https:\\\/\\\/secure.gravatar.com\\\/avatar\\\/3f60b3eadf49ab9644afd71b75144f14b76c73fe8f99223954f5410dcd6a8a6f?s=96&d=mm&r=g\",\"caption\":\"Paola Possenatto\"},\"url\":\"https:\\\/\\\/folhapopular.info\\\/index.php\\\/author\\\/paola-possenattouniverso-univates-br\\\/\"}]}<\/script>\n<!-- \/ Yoast SEO plugin. -->","yoast_head_json":{"title":"3\u00aa edi\u00e7\u00e3o do Rock Sem Fome acontece hoje em Teut\u00f4nia - Folha Popular","robots":{"index":"index","follow":"follow","max-snippet":"max-snippet:-1","max-image-preview":"max-image-preview:large","max-video-preview":"max-video-preview:-1"},"canonical":"https:\/\/folhapopular.info\/index.php\/2022\/06\/25\/3a-edicao-do-rock-sem-fome-acontece-hoje-em-teutonia\/","og_locale":"pt_BR","og_type":"article","og_title":"3\u00aa edi\u00e7\u00e3o do Rock Sem Fome acontece hoje em Teut\u00f4nia - Folha Popular","og_description":"Acontece hoje \u00e0 tarde (25\/6), na Prefeitura de Teut\u00f4nia, a 3\u00aa edi\u00e7\u00e3o do Rock Sem Fome. O evento re\u00fane bandas de rock da regi\u00e3o e busca arrecadar donativos. A entrada \u00e9 franca, mas o objetivo \u00e9 que o p\u00fablico doe leite, produtos de limpeza e cobertores. Os itens ser\u00e3o encaminhados para a Assist\u00eancia Social do [&hellip;]","og_url":"https:\/\/folhapopular.info\/index.php\/2022\/06\/25\/3a-edicao-do-rock-sem-fome-acontece-hoje-em-teutonia\/","og_site_name":"Folha Popular","article_published_time":"2022-06-25T13:43:37+00:00","article_modified_time":"2022-06-25T13:43:42+00:00","og_image":[{"width":1081,"height":1081,"url":"http:\/\/folhapopular.info\/wp-content\/uploads\/2022\/06\/Divulgacao.jpeg","type":"image\/jpeg"}],"author":"Paola Possenatto","twitter_card":"summary_large_image","twitter_misc":{"Escrito por":"Paola Possenatto","Est. tempo de leitura":"1 minuto"},"schema":{"@context":"https:\/\/schema.org","@graph":[{"@type":"Article","@id":"https:\/\/folhapopular.info\/index.php\/2022\/06\/25\/3a-edicao-do-rock-sem-fome-acontece-hoje-em-teutonia\/#article","isPartOf":{"@id":"https:\/\/folhapopular.info\/index.php\/2022\/06\/25\/3a-edicao-do-rock-sem-fome-acontece-hoje-em-teutonia\/"},"author":{"name":"Paola Possenatto","@id":"https:\/\/folhapopular.info\/#\/schema\/person\/f2ac82704a75570d89d5485d2cfcec59"},"headline":"3\u00aa edi\u00e7\u00e3o do Rock Sem Fome acontece hoje em Teut\u00f4nia","datePublished":"2022-06-25T13:43:37+00:00","dateModified":"2022-06-25T13:43:42+00:00","mainEntityOfPage":{"@id":"https:\/\/folhapopular.info\/index.php\/2022\/06\/25\/3a-edicao-do-rock-sem-fome-acontece-hoje-em-teutonia\/"},"wordCount":158,"commentCount":0,"image":{"@id":"https:\/\/folhapopular.info\/index.php\/2022\/06\/25\/3a-edicao-do-rock-sem-fome-acontece-hoje-em-teutonia\/#primaryimage"},"thumbnailUrl":"https:\/\/folhapopular.info\/wp-content\/uploads\/2022\/06\/Divulgacao.jpeg","keywords":["hoje","Rock","Teut\u00f4nia"],"articleSection":["Inclusive"],"inLanguage":"pt-BR","potentialAction":[{"@type":"CommentAction","name":"Comment","target":["https:\/\/folhapopular.info\/index.php\/2022\/06\/25\/3a-edicao-do-rock-sem-fome-acontece-hoje-em-teutonia\/#respond"]}]},{"@type":"WebPage","@id":"https:\/\/folhapopular.info\/index.php\/2022\/06\/25\/3a-edicao-do-rock-sem-fome-acontece-hoje-em-teutonia\/","url":"https:\/\/folhapopular.info\/index.php\/2022\/06\/25\/3a-edicao-do-rock-sem-fome-acontece-hoje-em-teutonia\/","name":"3\u00aa edi\u00e7\u00e3o do Rock Sem Fome acontece hoje em Teut\u00f4nia - Folha Popular","isPartOf":{"@id":"https:\/\/folhapopular.info\/#website"},"primaryImageOfPage":{"@id":"https:\/\/folhapopular.info\/index.php\/2022\/06\/25\/3a-edicao-do-rock-sem-fome-acontece-hoje-em-teutonia\/#primaryimage"},"image":{"@id":"https:\/\/folhapopular.info\/index.php\/2022\/06\/25\/3a-edicao-do-rock-sem-fome-acontece-hoje-em-teutonia\/#primaryimage"},"thumbnailUrl":"https:\/\/folhapopular.info\/wp-content\/uploads\/2022\/06\/Divulgacao.jpeg","datePublished":"2022-06-25T13:43:37+00:00","dateModified":"2022-06-25T13:43:42+00:00","author":{"@id":"https:\/\/folhapopular.info\/#\/schema\/person\/f2ac82704a75570d89d5485d2cfcec59"},"breadcrumb":{"@id":"https:\/\/folhapopular.info\/index.php\/2022\/06\/25\/3a-edicao-do-rock-sem-fome-acontece-hoje-em-teutonia\/#breadcrumb"},"inLanguage":"pt-BR","potentialAction":[{"@type":"ReadAction","target":["https:\/\/folhapopular.info\/index.php\/2022\/06\/25\/3a-edicao-do-rock-sem-fome-acontece-hoje-em-teutonia\/"]}]},{"@type":"ImageObject","inLanguage":"pt-BR","@id":"https:\/\/folhapopular.info\/index.php\/2022\/06\/25\/3a-edicao-do-rock-sem-fome-acontece-hoje-em-teutonia\/#primaryimage","url":"https:\/\/folhapopular.info\/wp-content\/uploads\/2022\/06\/Divulgacao.jpeg","contentUrl":"https:\/\/folhapopular.info\/wp-content\/uploads\/2022\/06\/Divulgacao.jpeg","width":1081,"height":1081},{"@type":"BreadcrumbList","@id":"https:\/\/folhapopular.info\/index.php\/2022\/06\/25\/3a-edicao-do-rock-sem-fome-acontece-hoje-em-teutonia\/#breadcrumb","itemListElement":[{"@type":"ListItem","position":1,"name":"In\u00edcio","item":"https:\/\/folhapopular.info\/"},{"@type":"ListItem","position":2,"name":"3\u00aa edi\u00e7\u00e3o do Rock Sem Fome acontece hoje em Teut\u00f4nia"}]},{"@type":"WebSite","@id":"https:\/\/folhapopular.info\/#website","url":"https:\/\/folhapopular.info\/","name":"Folha Popular","description":"Onde voc\u00ea tem vez e voz","potentialAction":[{"@type":"SearchAction","target":{"@type":"EntryPoint","urlTemplate":"https:\/\/folhapopular.info\/?s={search_term_string}"},"query-input":{"@type":"PropertyValueSpecification","valueRequired":true,"valueName":"search_term_string"}}],"inLanguage":"pt-BR"},{"@type":"Person","@id":"https:\/\/folhapopular.info\/#\/schema\/person\/f2ac82704a75570d89d5485d2cfcec59","name":"Paola Possenatto","image":{"@type":"ImageObject","inLanguage":"pt-BR","@id":"https:\/\/secure.gravatar.com\/avatar\/3f60b3eadf49ab9644afd71b75144f14b76c73fe8f99223954f5410dcd6a8a6f?s=96&d=mm&r=g","url":"https:\/\/secure.gravatar.com\/avatar\/3f60b3eadf49ab9644afd71b75144f14b76c73fe8f99223954f5410dcd6a8a6f?s=96&d=mm&r=g","contentUrl":"https:\/\/secure.gravatar.com\/avatar\/3f60b3eadf49ab9644afd71b75144f14b76c73fe8f99223954f5410dcd6a8a6f?s=96&d=mm&r=g","caption":"Paola Possenatto"},"url":"https:\/\/folhapopular.info\/index.php\/author\/paola-possenattouniverso-univates-br\/"}]}},"jetpack_featured_media_url":"https:\/\/folhapopular.info\/wp-content\/uploads\/2022\/06\/Divulgacao.jpeg","jetpack_sharing_enabled":true,"amp_enabled":true,"_links":{"self":[{"href":"https:\/\/folhapopular.info\/index.php\/wp-json\/wp\/v2\/posts\/107330","targetHints":{"allow":["GET"]}}],"collection":[{"href":"https:\/\/folhapopular.info\/index.php\/wp-json\/wp\/v2\/posts"}],"about":[{"href":"https:\/\/folhapopular.info\/index.php\/wp-json\/wp\/v2\/types\/post"}],"author":[{"embeddable":true,"href":"https:\/\/folhapopular.info\/index.php\/wp-json\/wp\/v2\/users\/619"}],"replies":[{"embeddable":true,"href":"https:\/\/folhapopular.info\/index.php\/wp-json\/wp\/v2\/comments?post=107330"}],"version-history":[{"count":0,"href":"https:\/\/folhapopular.info\/index.php\/wp-json\/wp\/v2\/posts\/107330\/revisions"}],"wp:featuredmedia":[{"embeddable":true,"href":"https:\/\/folhapopular.info\/index.php\/wp-json\/wp\/v2\/media\/107334"}],"wp:attachment":[{"href":"https:\/\/folhapopular.info\/index.php\/wp-json\/wp\/v2\/media?parent=107330"}],"wp:term":[{"taxonomy":"category","embeddable":true,"href":"https:\/\/folhapopular.info\/index.php\/wp-json\/wp\/v2\/categories?post=107330"},{"taxonomy":"post_tag","embeddable":true,"href":"https:\/\/folhapopular.info\/index.php\/wp-json\/wp\/v2\/tags?post=107330"}],"curies":[{"name":"wp","href":"https:\/\/api.w.org\/{rel}","templated":true}]}}