{"id":107391,"date":"2022-06-27T11:25:14","date_gmt":"2022-06-27T14:25:14","guid":{"rendered":"https:\/\/folhapopular.info\/?p=107391"},"modified":"2022-06-27T11:31:48","modified_gmt":"2022-06-27T14:31:48","slug":"jaque-weber-conquista-duas-pratas-no-trofeu-brasil-de-atletismo","status":"publish","type":"post","link":"https:\/\/folhapopular.info\/index.php\/2022\/06\/27\/jaque-weber-conquista-duas-pratas-no-trofeu-brasil-de-atletismo\/","title":{"rendered":"Jaque Weber conquista duas pratas no Trof\u00e9u Brasil de Atletismo"},"content":{"rendered":"\n<p>O maior evento interclubes da Am\u00e9rica Latina ocorreu entre os dias 22 a 25 de junho, no Est\u00e1dio Ol\u00edmpico Nilton Santos, no Rio de Janeiro. O 41\u00ba Trof\u00e9u Brasil de Atletismo reuniu 778 atletas de 120 clubes de 21 estados brasileiros, mais o Distrito Federal.<\/p>\n\n\n\n<p>A regi\u00e3o dos vales esteve representada pela atleta teutoniense, Jaqueline Beatriz Weber, que disputou as provas de meio-fundo, 800 metros e 1500 metros. Jaque, que h\u00e1 pouco tempo retornou de uma turn\u00ea europeia de competi\u00e7\u00f5es, entrou na pista com a melhor marca da temporada nos 800 metros, liderou boa parte da prova, mas acabou trazendo a prata pra casa. &#8220;Eu queria muito esse t\u00edtulo. Confesso que fiquei muito triste com o vice-campeonato, principalmente pela forma que a prova se desenhou. Quem me conhece e me acompanha sabe o quanto eu treinei e me dediquei para este momento. Mas por algum motivo de for\u00e7a maior esse t\u00edtulo ainda n\u00e3o era pra ser meu&#8221;, considera Jaque. <\/p>\n\n\n\n<p>Bastante frustrada, a atleta teve que lidar com as emo\u00e7\u00f5es para retornar a pista no dia seguinte (25\/6) para a disputa dos 1500 metros. &#8220;Foi muito dif\u00edcil colocar a cabe\u00e7a no lugar, minha mente estava me boicotando a todo instante. Mal dormi aquela noite. Mas eu n\u00e3o seria eu, se n\u00e3o voltasse para escrever um novo cap\u00edtulo naquela pista&#8221;, conta.<\/p>\n\n\n\n<p>Jaque ent\u00e3o disputou a final por tempo dos 1500 metros, que foi corrida em duas baterias, pois haviam mais de 30 atletas inscritas na prova. A principal advers\u00e1ria nos 1500 metros era a atual recordista sul americana nos 3000 metros com obst\u00e1culos, Tatiane Silva, que por n\u00e3o ter corrido em 2022 a dist\u00e2ncia dos 1500 metros, foi colocada na S\u00e9rie A pela arbitragem. Desta forma, mesmo Jaque tendo vencido a s\u00e9rie B com ampla vantagem, foi vice-campe\u00e3 brasileira por ter sido superada no cron\u00f4metro pela atleta Tatiane.<\/p>\n\n\n\n<p>&#8220;N\u00e3o pudemos fazer um confronto direto. O que foi uma pena tanto pelo espet\u00e1culo quanto pela possibilidade de eu correr com uma grande atleta e buscar minha melhor marca pessoal na dist\u00e2ncia. Mas eu sai da pista com uma sensa\u00e7\u00e3o de vit\u00f3ria. Consegui fazer uma prova segura, e com um final de prova muito forte, fazendo os \u00faltimos 400 metros em 1min2seg&#8221;, comenta a atleta.<\/p>\n\n\n\n<p>Jaque agora aguarda a atualiza\u00e7\u00e3o do ranking mundial na pr\u00f3xima quarta-feira (29\/6). Ela segue l\u00edder do ranking brasileiro nos 800 metros e deve conquistar posi\u00e7\u00f5es importantes no ranking mundial. &#8220;O principal objetivo \u00e9 ano a ano escalar neste ranking. Para T\u00f3quio 2020, finalizei o per\u00edodo de qualifica\u00e7\u00e3o na 89\u00b0 posi\u00e7\u00e3o. Agora para o Mundial de Oregon, a expectativa \u00e9 ficar entre as 60 melhores atletas do mundo. Para em 2024 estar entre as 48 que disputar\u00e3o os Jogos Ol\u00edmpicos&#8221;, deseja. <\/p>\n","protected":false},"excerpt":{"rendered":"<p>O maior evento interclubes da Am\u00e9rica Latina ocorreu entre os dias 22 a 25 de junho, no Est\u00e1dio Ol\u00edmpico Nilton Santos, no Rio de Janeiro. O 41\u00ba Trof\u00e9u Brasil de Atletismo reuniu 778 atletas de 120 clubes de 21 estados brasileiros, mais o Distrito Federal. A regi\u00e3o dos vales esteve representada pela atleta teutoniense, Jaqueline [&hellip;]<\/p>\n","protected":false},"author":8,"featured_media":107392,"comment_status":"open","ping_status":"open","sticky":false,"template":"","format":"standard","meta":{"pmpro_default_level":"","_jetpack_memberships_contains_paid_content":false,"footnotes":""},"categories":[2,5],"tags":[9447,4939,9446,9413],"class_list":{"0":"post-107391","1":"post","2":"type-post","3":"status-publish","4":"format-standard","5":"has-post-thumbnail","7":"category-featured","8":"category-esportes","9":"tag-800-metros","10":"tag-jaque-weber","11":"tag-medalha-de-prata","12":"tag-trofeu-brasil-de-atletismo","13":"pmpro-has-access"},"yoast_head":"<!-- This site is optimized with the Yoast SEO plugin v27.5 - https:\/\/yoast.com\/product\/yoast-seo-wordpress\/ -->\n<title>Jaque Weber conquista duas pratas no Trof\u00e9u Brasil de Atletismo - Folha Popular<\/title>\n<meta name=\"robots\" content=\"index, follow, max-snippet:-1, max-image-preview:large, max-video-preview:-1\" \/>\n<link rel=\"canonical\" href=\"https:\/\/folhapopular.info\/index.php\/2022\/06\/27\/jaque-weber-conquista-duas-pratas-no-trofeu-brasil-de-atletismo\/\" \/>\n<meta property=\"og:locale\" content=\"pt_BR\" \/>\n<meta property=\"og:type\" content=\"article\" \/>\n<meta property=\"og:title\" content=\"Jaque Weber conquista duas pratas no Trof\u00e9u Brasil de Atletismo - Folha Popular\" \/>\n<meta property=\"og:description\" content=\"O maior evento interclubes da Am\u00e9rica Latina ocorreu entre os dias 22 a 25 de junho, no Est\u00e1dio Ol\u00edmpico Nilton Santos, no Rio de Janeiro. O 41\u00ba Trof\u00e9u Brasil de Atletismo reuniu 778 atletas de 120 clubes de 21 estados brasileiros, mais o Distrito Federal. A regi\u00e3o dos vales esteve representada pela atleta teutoniense, Jaqueline [&hellip;]\" \/>\n<meta property=\"og:url\" content=\"https:\/\/folhapopular.info\/index.php\/2022\/06\/27\/jaque-weber-conquista-duas-pratas-no-trofeu-brasil-de-atletismo\/\" \/>\n<meta property=\"og:site_name\" content=\"Folha Popular\" \/>\n<meta property=\"article:published_time\" content=\"2022-06-27T14:25:14+00:00\" \/>\n<meta property=\"article:modified_time\" content=\"2022-06-27T14:31:48+00:00\" \/>\n<meta property=\"og:image\" content=\"http:\/\/folhapopular.info\/wp-content\/uploads\/2022\/06\/WhatsApp-Image-2022-06-27-at-10.57.32-e1656339831438.jpeg\" \/>\n\t<meta property=\"og:image:width\" content=\"450\" \/>\n\t<meta property=\"og:image:height\" content=\"800\" \/>\n\t<meta property=\"og:image:type\" content=\"image\/jpeg\" \/>\n<meta name=\"author\" content=\"Reda\u00e7\u00e3o Folha Popular\" \/>\n<meta name=\"twitter:card\" content=\"summary_large_image\" \/>\n<meta name=\"twitter:label1\" content=\"Escrito por\" \/>\n\t<meta name=\"twitter:data1\" content=\"Reda\u00e7\u00e3o Folha Popular\" \/>\n\t<meta name=\"twitter:label2\" content=\"Est. tempo de leitura\" \/>\n\t<meta name=\"twitter:data2\" content=\"3 minutos\" \/>\n<script type=\"application\/ld+json\" class=\"yoast-schema-graph\">{\"@context\":\"https:\\\/\\\/schema.org\",\"@graph\":[{\"@type\":\"Article\",\"@id\":\"https:\\\/\\\/folhapopular.info\\\/index.php\\\/2022\\\/06\\\/27\\\/jaque-weber-conquista-duas-pratas-no-trofeu-brasil-de-atletismo\\\/#article\",\"isPartOf\":{\"@id\":\"https:\\\/\\\/folhapopular.info\\\/index.php\\\/2022\\\/06\\\/27\\\/jaque-weber-conquista-duas-pratas-no-trofeu-brasil-de-atletismo\\\/\"},\"author\":{\"name\":\"Reda\u00e7\u00e3o Folha Popular\",\"@id\":\"https:\\\/\\\/folhapopular.info\\\/#\\\/schema\\\/person\\\/2814e8a0df7643585a9ca38bc6eb9d4b\"},\"headline\":\"Jaque Weber conquista duas pratas no Trof\u00e9u Brasil de Atletismo\",\"datePublished\":\"2022-06-27T14:25:14+00:00\",\"dateModified\":\"2022-06-27T14:31:48+00:00\",\"mainEntityOfPage\":{\"@id\":\"https:\\\/\\\/folhapopular.info\\\/index.php\\\/2022\\\/06\\\/27\\\/jaque-weber-conquista-duas-pratas-no-trofeu-brasil-de-atletismo\\\/\"},\"wordCount\":475,\"commentCount\":0,\"image\":{\"@id\":\"https:\\\/\\\/folhapopular.info\\\/index.php\\\/2022\\\/06\\\/27\\\/jaque-weber-conquista-duas-pratas-no-trofeu-brasil-de-atletismo\\\/#primaryimage\"},\"thumbnailUrl\":\"https:\\\/\\\/folhapopular.info\\\/wp-content\\\/uploads\\\/2022\\\/06\\\/WhatsApp-Image-2022-06-27-at-10.57.32-e1656339831438.jpeg\",\"keywords\":[\"800 metros\",\"Jaque Weber\",\"Medalha de Prata\",\"Trof\u00e9u Brasil de Atletismo\"],\"articleSection\":[\"Destaques\",\"Esportes\"],\"inLanguage\":\"pt-BR\",\"potentialAction\":[{\"@type\":\"CommentAction\",\"name\":\"Comment\",\"target\":[\"https:\\\/\\\/folhapopular.info\\\/index.php\\\/2022\\\/06\\\/27\\\/jaque-weber-conquista-duas-pratas-no-trofeu-brasil-de-atletismo\\\/#respond\"]}]},{\"@type\":\"WebPage\",\"@id\":\"https:\\\/\\\/folhapopular.info\\\/index.php\\\/2022\\\/06\\\/27\\\/jaque-weber-conquista-duas-pratas-no-trofeu-brasil-de-atletismo\\\/\",\"url\":\"https:\\\/\\\/folhapopular.info\\\/index.php\\\/2022\\\/06\\\/27\\\/jaque-weber-conquista-duas-pratas-no-trofeu-brasil-de-atletismo\\\/\",\"name\":\"Jaque Weber conquista duas pratas no Trof\u00e9u Brasil de Atletismo - Folha Popular\",\"isPartOf\":{\"@id\":\"https:\\\/\\\/folhapopular.info\\\/#website\"},\"primaryImageOfPage\":{\"@id\":\"https:\\\/\\\/folhapopular.info\\\/index.php\\\/2022\\\/06\\\/27\\\/jaque-weber-conquista-duas-pratas-no-trofeu-brasil-de-atletismo\\\/#primaryimage\"},\"image\":{\"@id\":\"https:\\\/\\\/folhapopular.info\\\/index.php\\\/2022\\\/06\\\/27\\\/jaque-weber-conquista-duas-pratas-no-trofeu-brasil-de-atletismo\\\/#primaryimage\"},\"thumbnailUrl\":\"https:\\\/\\\/folhapopular.info\\\/wp-content\\\/uploads\\\/2022\\\/06\\\/WhatsApp-Image-2022-06-27-at-10.57.32-e1656339831438.jpeg\",\"datePublished\":\"2022-06-27T14:25:14+00:00\",\"dateModified\":\"2022-06-27T14:31:48+00:00\",\"author\":{\"@id\":\"https:\\\/\\\/folhapopular.info\\\/#\\\/schema\\\/person\\\/2814e8a0df7643585a9ca38bc6eb9d4b\"},\"breadcrumb\":{\"@id\":\"https:\\\/\\\/folhapopular.info\\\/index.php\\\/2022\\\/06\\\/27\\\/jaque-weber-conquista-duas-pratas-no-trofeu-brasil-de-atletismo\\\/#breadcrumb\"},\"inLanguage\":\"pt-BR\",\"potentialAction\":[{\"@type\":\"ReadAction\",\"target\":[\"https:\\\/\\\/folhapopular.info\\\/index.php\\\/2022\\\/06\\\/27\\\/jaque-weber-conquista-duas-pratas-no-trofeu-brasil-de-atletismo\\\/\"]}]},{\"@type\":\"ImageObject\",\"inLanguage\":\"pt-BR\",\"@id\":\"https:\\\/\\\/folhapopular.info\\\/index.php\\\/2022\\\/06\\\/27\\\/jaque-weber-conquista-duas-pratas-no-trofeu-brasil-de-atletismo\\\/#primaryimage\",\"url\":\"https:\\\/\\\/folhapopular.info\\\/wp-content\\\/uploads\\\/2022\\\/06\\\/WhatsApp-Image-2022-06-27-at-10.57.32-e1656339831438.jpeg\",\"contentUrl\":\"https:\\\/\\\/folhapopular.info\\\/wp-content\\\/uploads\\\/2022\\\/06\\\/WhatsApp-Image-2022-06-27-at-10.57.32-e1656339831438.jpeg\",\"width\":450,\"height\":800,\"caption\":\"Jaque ficou vice-campe\u00e3 nos 800 e nos 1500 metros\"},{\"@type\":\"BreadcrumbList\",\"@id\":\"https:\\\/\\\/folhapopular.info\\\/index.php\\\/2022\\\/06\\\/27\\\/jaque-weber-conquista-duas-pratas-no-trofeu-brasil-de-atletismo\\\/#breadcrumb\",\"itemListElement\":[{\"@type\":\"ListItem\",\"position\":1,\"name\":\"In\u00edcio\",\"item\":\"https:\\\/\\\/folhapopular.info\\\/\"},{\"@type\":\"ListItem\",\"position\":2,\"name\":\"Jaque Weber conquista duas pratas no Trof\u00e9u Brasil de Atletismo\"}]},{\"@type\":\"WebSite\",\"@id\":\"https:\\\/\\\/folhapopular.info\\\/#website\",\"url\":\"https:\\\/\\\/folhapopular.info\\\/\",\"name\":\"Folha Popular\",\"description\":\"Onde voc\u00ea tem vez e voz\",\"potentialAction\":[{\"@type\":\"SearchAction\",\"target\":{\"@type\":\"EntryPoint\",\"urlTemplate\":\"https:\\\/\\\/folhapopular.info\\\/?s={search_term_string}\"},\"query-input\":{\"@type\":\"PropertyValueSpecification\",\"valueRequired\":true,\"valueName\":\"search_term_string\"}}],\"inLanguage\":\"pt-BR\"},{\"@type\":\"Person\",\"@id\":\"https:\\\/\\\/folhapopular.info\\\/#\\\/schema\\\/person\\\/2814e8a0df7643585a9ca38bc6eb9d4b\",\"name\":\"Reda\u00e7\u00e3o Folha Popular\",\"image\":{\"@type\":\"ImageObject\",\"inLanguage\":\"pt-BR\",\"@id\":\"https:\\\/\\\/folhapopular.info\\\/wp-content\\\/uploads\\\/2026\\\/04\\\/Folha-1.webp\",\"url\":\"https:\\\/\\\/folhapopular.info\\\/wp-content\\\/uploads\\\/2026\\\/04\\\/Folha-1.webp\",\"contentUrl\":\"https:\\\/\\\/folhapopular.info\\\/wp-content\\\/uploads\\\/2026\\\/04\\\/Folha-1.webp\",\"caption\":\"Reda\u00e7\u00e3o Folha Popular\"},\"url\":\"https:\\\/\\\/folhapopular.info\\\/index.php\\\/author\\\/redacao\\\/\"}]}<\/script>\n<!-- \/ Yoast SEO plugin. -->","yoast_head_json":{"title":"Jaque Weber conquista duas pratas no Trof\u00e9u Brasil de Atletismo - Folha Popular","robots":{"index":"index","follow":"follow","max-snippet":"max-snippet:-1","max-image-preview":"max-image-preview:large","max-video-preview":"max-video-preview:-1"},"canonical":"https:\/\/folhapopular.info\/index.php\/2022\/06\/27\/jaque-weber-conquista-duas-pratas-no-trofeu-brasil-de-atletismo\/","og_locale":"pt_BR","og_type":"article","og_title":"Jaque Weber conquista duas pratas no Trof\u00e9u Brasil de Atletismo - Folha Popular","og_description":"O maior evento interclubes da Am\u00e9rica Latina ocorreu entre os dias 22 a 25 de junho, no Est\u00e1dio Ol\u00edmpico Nilton Santos, no Rio de Janeiro. O 41\u00ba Trof\u00e9u Brasil de Atletismo reuniu 778 atletas de 120 clubes de 21 estados brasileiros, mais o Distrito Federal. A regi\u00e3o dos vales esteve representada pela atleta teutoniense, Jaqueline [&hellip;]","og_url":"https:\/\/folhapopular.info\/index.php\/2022\/06\/27\/jaque-weber-conquista-duas-pratas-no-trofeu-brasil-de-atletismo\/","og_site_name":"Folha Popular","article_published_time":"2022-06-27T14:25:14+00:00","article_modified_time":"2022-06-27T14:31:48+00:00","og_image":[{"width":450,"height":800,"url":"http:\/\/folhapopular.info\/wp-content\/uploads\/2022\/06\/WhatsApp-Image-2022-06-27-at-10.57.32-e1656339831438.jpeg","type":"image\/jpeg"}],"author":"Reda\u00e7\u00e3o Folha Popular","twitter_card":"summary_large_image","twitter_misc":{"Escrito por":"Reda\u00e7\u00e3o Folha Popular","Est. tempo de leitura":"3 minutos"},"schema":{"@context":"https:\/\/schema.org","@graph":[{"@type":"Article","@id":"https:\/\/folhapopular.info\/index.php\/2022\/06\/27\/jaque-weber-conquista-duas-pratas-no-trofeu-brasil-de-atletismo\/#article","isPartOf":{"@id":"https:\/\/folhapopular.info\/index.php\/2022\/06\/27\/jaque-weber-conquista-duas-pratas-no-trofeu-brasil-de-atletismo\/"},"author":{"name":"Reda\u00e7\u00e3o Folha Popular","@id":"https:\/\/folhapopular.info\/#\/schema\/person\/2814e8a0df7643585a9ca38bc6eb9d4b"},"headline":"Jaque Weber conquista duas pratas no Trof\u00e9u Brasil de Atletismo","datePublished":"2022-06-27T14:25:14+00:00","dateModified":"2022-06-27T14:31:48+00:00","mainEntityOfPage":{"@id":"https:\/\/folhapopular.info\/index.php\/2022\/06\/27\/jaque-weber-conquista-duas-pratas-no-trofeu-brasil-de-atletismo\/"},"wordCount":475,"commentCount":0,"image":{"@id":"https:\/\/folhapopular.info\/index.php\/2022\/06\/27\/jaque-weber-conquista-duas-pratas-no-trofeu-brasil-de-atletismo\/#primaryimage"},"thumbnailUrl":"https:\/\/folhapopular.info\/wp-content\/uploads\/2022\/06\/WhatsApp-Image-2022-06-27-at-10.57.32-e1656339831438.jpeg","keywords":["800 metros","Jaque Weber","Medalha de Prata","Trof\u00e9u Brasil de Atletismo"],"articleSection":["Destaques","Esportes"],"inLanguage":"pt-BR","potentialAction":[{"@type":"CommentAction","name":"Comment","target":["https:\/\/folhapopular.info\/index.php\/2022\/06\/27\/jaque-weber-conquista-duas-pratas-no-trofeu-brasil-de-atletismo\/#respond"]}]},{"@type":"WebPage","@id":"https:\/\/folhapopular.info\/index.php\/2022\/06\/27\/jaque-weber-conquista-duas-pratas-no-trofeu-brasil-de-atletismo\/","url":"https:\/\/folhapopular.info\/index.php\/2022\/06\/27\/jaque-weber-conquista-duas-pratas-no-trofeu-brasil-de-atletismo\/","name":"Jaque Weber conquista duas pratas no Trof\u00e9u Brasil de Atletismo - Folha Popular","isPartOf":{"@id":"https:\/\/folhapopular.info\/#website"},"primaryImageOfPage":{"@id":"https:\/\/folhapopular.info\/index.php\/2022\/06\/27\/jaque-weber-conquista-duas-pratas-no-trofeu-brasil-de-atletismo\/#primaryimage"},"image":{"@id":"https:\/\/folhapopular.info\/index.php\/2022\/06\/27\/jaque-weber-conquista-duas-pratas-no-trofeu-brasil-de-atletismo\/#primaryimage"},"thumbnailUrl":"https:\/\/folhapopular.info\/wp-content\/uploads\/2022\/06\/WhatsApp-Image-2022-06-27-at-10.57.32-e1656339831438.jpeg","datePublished":"2022-06-27T14:25:14+00:00","dateModified":"2022-06-27T14:31:48+00:00","author":{"@id":"https:\/\/folhapopular.info\/#\/schema\/person\/2814e8a0df7643585a9ca38bc6eb9d4b"},"breadcrumb":{"@id":"https:\/\/folhapopular.info\/index.php\/2022\/06\/27\/jaque-weber-conquista-duas-pratas-no-trofeu-brasil-de-atletismo\/#breadcrumb"},"inLanguage":"pt-BR","potentialAction":[{"@type":"ReadAction","target":["https:\/\/folhapopular.info\/index.php\/2022\/06\/27\/jaque-weber-conquista-duas-pratas-no-trofeu-brasil-de-atletismo\/"]}]},{"@type":"ImageObject","inLanguage":"pt-BR","@id":"https:\/\/folhapopular.info\/index.php\/2022\/06\/27\/jaque-weber-conquista-duas-pratas-no-trofeu-brasil-de-atletismo\/#primaryimage","url":"https:\/\/folhapopular.info\/wp-content\/uploads\/2022\/06\/WhatsApp-Image-2022-06-27-at-10.57.32-e1656339831438.jpeg","contentUrl":"https:\/\/folhapopular.info\/wp-content\/uploads\/2022\/06\/WhatsApp-Image-2022-06-27-at-10.57.32-e1656339831438.jpeg","width":450,"height":800,"caption":"Jaque ficou vice-campe\u00e3 nos 800 e nos 1500 metros"},{"@type":"BreadcrumbList","@id":"https:\/\/folhapopular.info\/index.php\/2022\/06\/27\/jaque-weber-conquista-duas-pratas-no-trofeu-brasil-de-atletismo\/#breadcrumb","itemListElement":[{"@type":"ListItem","position":1,"name":"In\u00edcio","item":"https:\/\/folhapopular.info\/"},{"@type":"ListItem","position":2,"name":"Jaque Weber conquista duas pratas no Trof\u00e9u Brasil de Atletismo"}]},{"@type":"WebSite","@id":"https:\/\/folhapopular.info\/#website","url":"https:\/\/folhapopular.info\/","name":"Folha Popular","description":"Onde voc\u00ea tem vez e voz","potentialAction":[{"@type":"SearchAction","target":{"@type":"EntryPoint","urlTemplate":"https:\/\/folhapopular.info\/?s={search_term_string}"},"query-input":{"@type":"PropertyValueSpecification","valueRequired":true,"valueName":"search_term_string"}}],"inLanguage":"pt-BR"},{"@type":"Person","@id":"https:\/\/folhapopular.info\/#\/schema\/person\/2814e8a0df7643585a9ca38bc6eb9d4b","name":"Reda\u00e7\u00e3o Folha Popular","image":{"@type":"ImageObject","inLanguage":"pt-BR","@id":"https:\/\/folhapopular.info\/wp-content\/uploads\/2026\/04\/Folha-1.webp","url":"https:\/\/folhapopular.info\/wp-content\/uploads\/2026\/04\/Folha-1.webp","contentUrl":"https:\/\/folhapopular.info\/wp-content\/uploads\/2026\/04\/Folha-1.webp","caption":"Reda\u00e7\u00e3o Folha Popular"},"url":"https:\/\/folhapopular.info\/index.php\/author\/redacao\/"}]}},"jetpack_featured_media_url":"https:\/\/folhapopular.info\/wp-content\/uploads\/2022\/06\/WhatsApp-Image-2022-06-27-at-10.57.32-e1656339831438.jpeg","jetpack_sharing_enabled":true,"amp_enabled":true,"_links":{"self":[{"href":"https:\/\/folhapopular.info\/index.php\/wp-json\/wp\/v2\/posts\/107391","targetHints":{"allow":["GET"]}}],"collection":[{"href":"https:\/\/folhapopular.info\/index.php\/wp-json\/wp\/v2\/posts"}],"about":[{"href":"https:\/\/folhapopular.info\/index.php\/wp-json\/wp\/v2\/types\/post"}],"author":[{"embeddable":true,"href":"https:\/\/folhapopular.info\/index.php\/wp-json\/wp\/v2\/users\/8"}],"replies":[{"embeddable":true,"href":"https:\/\/folhapopular.info\/index.php\/wp-json\/wp\/v2\/comments?post=107391"}],"version-history":[{"count":0,"href":"https:\/\/folhapopular.info\/index.php\/wp-json\/wp\/v2\/posts\/107391\/revisions"}],"wp:featuredmedia":[{"embeddable":true,"href":"https:\/\/folhapopular.info\/index.php\/wp-json\/wp\/v2\/media\/107392"}],"wp:attachment":[{"href":"https:\/\/folhapopular.info\/index.php\/wp-json\/wp\/v2\/media?parent=107391"}],"wp:term":[{"taxonomy":"category","embeddable":true,"href":"https:\/\/folhapopular.info\/index.php\/wp-json\/wp\/v2\/categories?post=107391"},{"taxonomy":"post_tag","embeddable":true,"href":"https:\/\/folhapopular.info\/index.php\/wp-json\/wp\/v2\/tags?post=107391"}],"curies":[{"name":"wp","href":"https:\/\/api.w.org\/{rel}","templated":true}]}}