{"id":107488,"date":"2022-06-28T16:31:41","date_gmt":"2022-06-28T19:31:41","guid":{"rendered":"https:\/\/folhapopular.info\/?p=107488"},"modified":"2022-06-28T16:31:46","modified_gmt":"2022-06-28T19:31:46","slug":"lajeado-recebe-a-companhia-de-opera-do-rio-grande-do-sul","status":"publish","type":"post","link":"https:\/\/folhapopular.info\/index.php\/2022\/06\/28\/lajeado-recebe-a-companhia-de-opera-do-rio-grande-do-sul\/","title":{"rendered":"Lajeado recebe a Companhia de \u00d3pera do Rio Grande do Sul"},"content":{"rendered":"\n<p>Na quinta-feira (7\/7), Lajeado ser\u00e1 contemplada pelo concerto especial realizado pela Companhia de \u00d3pera do Rio Grande do Sul (CORS), no palco do Teatro do Col\u00e9gio Evang\u00e9lico Alberto Torres (Ceat). A companhia \u00e9 uma cooperativa criada com objetivo de estimular o g\u00eanero art\u00edstico no estado e \u00e9 composta por artistas da cena l\u00edrica ga\u00facha.<\/p>\n\n\n\n<p>A pe\u00e7a \u00e9 intitulada &#8220;Uma Noite na \u00d3pera&#8221;, e trar\u00e1 alguns dos principais cantores l\u00edricos ga\u00fachos interpretando trechos de cl\u00e1ssicos da \u00f3pera mundial, como Carmen, de Georges Bizet, Tosca, de Giacomo Puccini, e La Traviata, de Giuseppe Verdi, entre outros.<\/p>\n\n\n\n<p>No palco, Rosimari Oliveira (soprano), Fl\u00e1vio Leite (tenor), Eduardo Bighelini (tenor), (Angela Diel (mezzo-soprano), Daniel Germano (baixo-bar\u00edtono), Lazlo Bonilla (tenor) e a soprano japonesa Eiko Senda interpretam o repert\u00f3rio de \u00e1rias, duetos e quartetos acompanhados do pianista Eduardo Knob. A dire\u00e7\u00e3o c\u00eanica \u00e9 de Laura de Souza, experiente preparadora vocal e consagrada cantora brasileira de carreira internacional.<\/p>\n\n\n\n<p>A CORS foi lan\u00e7ada oficialmente no \u00faltimo dia 26 de abril, em gala l\u00edrica que lotou o Theatro S\u00e3o Pedro de Porto Alegre. O primeiro t\u00edtulo montado pela Companhia, Cavalleria Rusticana, de Pietro Mascagni (1863-1945), j\u00e1 foi apresentado em tr\u00eas cidades ga\u00fachas e seguir\u00e1 em turn\u00ea pelo Estado este ano. Em paralelo, a rec\u00e9m-lan\u00e7ada Cia j\u00e1 est\u00e1 finalizando sua pr\u00f3xima montagem, A Flauta M\u00e1gica, de Mozart, que tamb\u00e9m ser\u00e1 exibida em escolas e teatros da capital e do interior ao longo do segundo semestre de 2022.<\/p>\n\n\n\n<p>No dia 7 de julho a companhia apresentar\u00e1 a iniciativa juntamente de seu planos para o futuro, que incluem o munic\u00edpio de Lajeado como um dos n\u00facleos de forma\u00e7\u00e3o de novos talentos do canto l\u00edrico no Estado.<\/p>\n\n\n\n<p>Os ingressos para o espet\u00e1culo, com valores que variam entre R$ 15 e R$ 60, j\u00e1 est\u00e3o em www.sympla.com.br. Uma hora antes do in\u00edcio da apresenta\u00e7\u00e3o, tamb\u00e9m haver\u00e1 venda de ingressos na bilheteria do local.<\/p>\n\n\n\n<p><strong>Sobre o Companhia de \u00d3pera do Rio Grande do Sul<\/strong><br>Primeira cooperativa de artistas criada para liderar e impulsionar a\u00e7\u00f5es de promo\u00e7\u00e3o e difus\u00e3o da cultura oper\u00edstica no Estado, a Companhia de \u00d3pera do Rio Grande do Sul lan\u00e7ou-se ao p\u00fablico em maio de 2022 com a promessa de integrar profissionais da cadeia, abrir espa\u00e7o para novos talentos e ampliar o acesso do p\u00fablico a essa poderosa e completa forma de arte que integra m\u00fasica, poesia, teatro e, muitas vezes, performances coreogr\u00e1ficas e dan\u00e7a.<\/p>\n\n\n\n<p>Ainda alinhada ao prop\u00f3sito de aproximar e formar o p\u00fablico, o grupo programou suas primeiras montagens para serem apresentadas em pequenos formatos, inicialmente acompanhados apenas por um pianista e cen\u00e1rios pontuais e evocativos, para que as turn\u00eas sejam viabilizadas e possam chegar ao interior do Estado. Com o tempo e atrav\u00e9s da ades\u00e3o de novos membros, pretende-se consolidar uma cadeia produtiva ativa, que ofere\u00e7a temporadas regulares e itinerantes no estado, sendo autossuficiente em recursos, tanto financeiros quanto humanos.<\/p>\n\n\n\n<p>Para tal, ser\u00e3o criados n\u00facleos de forma\u00e7\u00e3o, com oferta de concertos did\u00e1ticos, cursos e palestras que ampliem o acesso a informa\u00e7\u00e3o sobre o g\u00eanero e estimulem a profissionaliza\u00e7\u00e3o de novos talentos, bem como a gera\u00e7\u00e3o de empregos para todos os profissionais envolvidos na produ\u00e7\u00e3o de um espet\u00e1culo.<\/p>\n\n\n\n<p><strong>Servi\u00e7o<br><\/strong>Uma noite de \u00d3pera<br>Dia 07 de julho, quinta-feira, \u00e0s 19h30<br>Teatro CEAT (Rua Alberto Torres, 219, Centro, Lajeado, RS)<\/p>\n\n\n\n<p><strong>Ingressos<\/strong><br>R$ 60 Plateia Baixa | R$30 meia-entrada<br>R$ 50 Plateia Alta | R$25 meia-entrada<br>R$ 30 Mezanino | R$15 meia-entrada<\/p>\n\n\n\n<p><strong>Pontos de venda<br><\/strong>Ingressos dispon\u00edveis por meio do <a href=\"https:\/\/www.sympla.com.br\/uma-noite-na-opera__1616411\">site <\/a>e na Bilheteria do Teatro Ceat (Rua Alberto Torres, 219, Centro, Lajeado, RS) a partir das 18h30 do dia 7 de julho de 2022.<\/p>\n","protected":false},"excerpt":{"rendered":"<p>Na quinta-feira (7\/7), Lajeado ser\u00e1 contemplada pelo concerto especial realizado pela Companhia de \u00d3pera do Rio Grande do Sul (CORS), no palco do Teatro do Col\u00e9gio Evang\u00e9lico Alberto Torres (Ceat). A companhia \u00e9 uma cooperativa criada com objetivo de estimular o g\u00eanero art\u00edstico no estado e \u00e9 composta por artistas da cena l\u00edrica ga\u00facha. A [&hellip;]<\/p>\n","protected":false},"author":8,"featured_media":107490,"comment_status":"open","ping_status":"open","sticky":false,"template":"","format":"standard","meta":{"pmpro_default_level":"","_jetpack_memberships_contains_paid_content":false,"footnotes":""},"categories":[3],"tags":[6423,2696,9456,27,1794],"class_list":{"0":"post-107488","1":"post","2":"type-post","3":"status-publish","4":"format-standard","5":"has-post-thumbnail","7":"category-geral","8":"tag-artistas","9":"tag-ceat","10":"tag-cors","11":"tag-lajeado","12":"tag-rio-grande-do-sul","13":"pmpro-has-access"},"yoast_head":"<!-- This site is optimized with the Yoast SEO plugin v27.5 - https:\/\/yoast.com\/product\/yoast-seo-wordpress\/ -->\n<title>Lajeado recebe a Companhia de \u00d3pera do Rio Grande do Sul - Folha Popular<\/title>\n<meta name=\"robots\" content=\"index, follow, max-snippet:-1, max-image-preview:large, max-video-preview:-1\" \/>\n<link rel=\"canonical\" href=\"https:\/\/folhapopular.info\/index.php\/2022\/06\/28\/lajeado-recebe-a-companhia-de-opera-do-rio-grande-do-sul\/\" \/>\n<meta property=\"og:locale\" content=\"pt_BR\" \/>\n<meta property=\"og:type\" content=\"article\" \/>\n<meta property=\"og:title\" content=\"Lajeado recebe a Companhia de \u00d3pera do Rio Grande do Sul - Folha Popular\" \/>\n<meta property=\"og:description\" content=\"Na quinta-feira (7\/7), Lajeado ser\u00e1 contemplada pelo concerto especial realizado pela Companhia de \u00d3pera do Rio Grande do Sul (CORS), no palco do Teatro do Col\u00e9gio Evang\u00e9lico Alberto Torres (Ceat). A companhia \u00e9 uma cooperativa criada com objetivo de estimular o g\u00eanero art\u00edstico no estado e \u00e9 composta por artistas da cena l\u00edrica ga\u00facha. A [&hellip;]\" \/>\n<meta property=\"og:url\" content=\"https:\/\/folhapopular.info\/index.php\/2022\/06\/28\/lajeado-recebe-a-companhia-de-opera-do-rio-grande-do-sul\/\" \/>\n<meta property=\"og:site_name\" content=\"Folha Popular\" \/>\n<meta property=\"article:published_time\" content=\"2022-06-28T19:31:41+00:00\" \/>\n<meta property=\"article:modified_time\" content=\"2022-06-28T19:31:46+00:00\" \/>\n<meta property=\"og:image\" content=\"http:\/\/folhapopular.info\/wp-content\/uploads\/2022\/06\/image4-scaled-e1656443516350.jpeg\" \/>\n\t<meta property=\"og:image:width\" content=\"1200\" \/>\n\t<meta property=\"og:image:height\" content=\"800\" \/>\n\t<meta property=\"og:image:type\" content=\"image\/jpeg\" \/>\n<meta name=\"author\" content=\"Reda\u00e7\u00e3o Folha Popular\" \/>\n<meta name=\"twitter:card\" content=\"summary_large_image\" \/>\n<meta name=\"twitter:label1\" content=\"Escrito por\" \/>\n\t<meta name=\"twitter:data1\" content=\"Reda\u00e7\u00e3o Folha Popular\" \/>\n\t<meta name=\"twitter:label2\" content=\"Est. tempo de leitura\" \/>\n\t<meta name=\"twitter:data2\" content=\"4 minutos\" \/>\n<script type=\"application\/ld+json\" class=\"yoast-schema-graph\">{\"@context\":\"https:\\\/\\\/schema.org\",\"@graph\":[{\"@type\":\"Article\",\"@id\":\"https:\\\/\\\/folhapopular.info\\\/index.php\\\/2022\\\/06\\\/28\\\/lajeado-recebe-a-companhia-de-opera-do-rio-grande-do-sul\\\/#article\",\"isPartOf\":{\"@id\":\"https:\\\/\\\/folhapopular.info\\\/index.php\\\/2022\\\/06\\\/28\\\/lajeado-recebe-a-companhia-de-opera-do-rio-grande-do-sul\\\/\"},\"author\":{\"name\":\"Reda\u00e7\u00e3o Folha Popular\",\"@id\":\"https:\\\/\\\/folhapopular.info\\\/#\\\/schema\\\/person\\\/2814e8a0df7643585a9ca38bc6eb9d4b\"},\"headline\":\"Lajeado recebe a Companhia de \u00d3pera do Rio Grande do Sul\",\"datePublished\":\"2022-06-28T19:31:41+00:00\",\"dateModified\":\"2022-06-28T19:31:46+00:00\",\"mainEntityOfPage\":{\"@id\":\"https:\\\/\\\/folhapopular.info\\\/index.php\\\/2022\\\/06\\\/28\\\/lajeado-recebe-a-companhia-de-opera-do-rio-grande-do-sul\\\/\"},\"wordCount\":647,\"commentCount\":0,\"image\":{\"@id\":\"https:\\\/\\\/folhapopular.info\\\/index.php\\\/2022\\\/06\\\/28\\\/lajeado-recebe-a-companhia-de-opera-do-rio-grande-do-sul\\\/#primaryimage\"},\"thumbnailUrl\":\"https:\\\/\\\/folhapopular.info\\\/wp-content\\\/uploads\\\/2022\\\/06\\\/image4-scaled-e1656443516350.jpeg\",\"keywords\":[\"artistas\",\"Ceat\",\"CORS\",\"Lajeado\",\"Rio Grande do Sul\"],\"articleSection\":[\"Geral\"],\"inLanguage\":\"pt-BR\",\"potentialAction\":[{\"@type\":\"CommentAction\",\"name\":\"Comment\",\"target\":[\"https:\\\/\\\/folhapopular.info\\\/index.php\\\/2022\\\/06\\\/28\\\/lajeado-recebe-a-companhia-de-opera-do-rio-grande-do-sul\\\/#respond\"]}]},{\"@type\":\"WebPage\",\"@id\":\"https:\\\/\\\/folhapopular.info\\\/index.php\\\/2022\\\/06\\\/28\\\/lajeado-recebe-a-companhia-de-opera-do-rio-grande-do-sul\\\/\",\"url\":\"https:\\\/\\\/folhapopular.info\\\/index.php\\\/2022\\\/06\\\/28\\\/lajeado-recebe-a-companhia-de-opera-do-rio-grande-do-sul\\\/\",\"name\":\"Lajeado recebe a Companhia de \u00d3pera do Rio Grande do Sul - Folha Popular\",\"isPartOf\":{\"@id\":\"https:\\\/\\\/folhapopular.info\\\/#website\"},\"primaryImageOfPage\":{\"@id\":\"https:\\\/\\\/folhapopular.info\\\/index.php\\\/2022\\\/06\\\/28\\\/lajeado-recebe-a-companhia-de-opera-do-rio-grande-do-sul\\\/#primaryimage\"},\"image\":{\"@id\":\"https:\\\/\\\/folhapopular.info\\\/index.php\\\/2022\\\/06\\\/28\\\/lajeado-recebe-a-companhia-de-opera-do-rio-grande-do-sul\\\/#primaryimage\"},\"thumbnailUrl\":\"https:\\\/\\\/folhapopular.info\\\/wp-content\\\/uploads\\\/2022\\\/06\\\/image4-scaled-e1656443516350.jpeg\",\"datePublished\":\"2022-06-28T19:31:41+00:00\",\"dateModified\":\"2022-06-28T19:31:46+00:00\",\"author\":{\"@id\":\"https:\\\/\\\/folhapopular.info\\\/#\\\/schema\\\/person\\\/2814e8a0df7643585a9ca38bc6eb9d4b\"},\"breadcrumb\":{\"@id\":\"https:\\\/\\\/folhapopular.info\\\/index.php\\\/2022\\\/06\\\/28\\\/lajeado-recebe-a-companhia-de-opera-do-rio-grande-do-sul\\\/#breadcrumb\"},\"inLanguage\":\"pt-BR\",\"potentialAction\":[{\"@type\":\"ReadAction\",\"target\":[\"https:\\\/\\\/folhapopular.info\\\/index.php\\\/2022\\\/06\\\/28\\\/lajeado-recebe-a-companhia-de-opera-do-rio-grande-do-sul\\\/\"]}]},{\"@type\":\"ImageObject\",\"inLanguage\":\"pt-BR\",\"@id\":\"https:\\\/\\\/folhapopular.info\\\/index.php\\\/2022\\\/06\\\/28\\\/lajeado-recebe-a-companhia-de-opera-do-rio-grande-do-sul\\\/#primaryimage\",\"url\":\"https:\\\/\\\/folhapopular.info\\\/wp-content\\\/uploads\\\/2022\\\/06\\\/image4-scaled-e1656443516350.jpeg\",\"contentUrl\":\"https:\\\/\\\/folhapopular.info\\\/wp-content\\\/uploads\\\/2022\\\/06\\\/image4-scaled-e1656443516350.jpeg\",\"width\":1200,\"height\":800,\"caption\":\"Cr\u00e9dito: Adriana Marchiori \\\/ Divulga\u00e7\u00e3o\"},{\"@type\":\"BreadcrumbList\",\"@id\":\"https:\\\/\\\/folhapopular.info\\\/index.php\\\/2022\\\/06\\\/28\\\/lajeado-recebe-a-companhia-de-opera-do-rio-grande-do-sul\\\/#breadcrumb\",\"itemListElement\":[{\"@type\":\"ListItem\",\"position\":1,\"name\":\"In\u00edcio\",\"item\":\"https:\\\/\\\/folhapopular.info\\\/\"},{\"@type\":\"ListItem\",\"position\":2,\"name\":\"Lajeado recebe a Companhia de \u00d3pera do Rio Grande do Sul\"}]},{\"@type\":\"WebSite\",\"@id\":\"https:\\\/\\\/folhapopular.info\\\/#website\",\"url\":\"https:\\\/\\\/folhapopular.info\\\/\",\"name\":\"Folha Popular\",\"description\":\"Onde voc\u00ea tem vez e voz\",\"potentialAction\":[{\"@type\":\"SearchAction\",\"target\":{\"@type\":\"EntryPoint\",\"urlTemplate\":\"https:\\\/\\\/folhapopular.info\\\/?s={search_term_string}\"},\"query-input\":{\"@type\":\"PropertyValueSpecification\",\"valueRequired\":true,\"valueName\":\"search_term_string\"}}],\"inLanguage\":\"pt-BR\"},{\"@type\":\"Person\",\"@id\":\"https:\\\/\\\/folhapopular.info\\\/#\\\/schema\\\/person\\\/2814e8a0df7643585a9ca38bc6eb9d4b\",\"name\":\"Reda\u00e7\u00e3o Folha Popular\",\"image\":{\"@type\":\"ImageObject\",\"inLanguage\":\"pt-BR\",\"@id\":\"https:\\\/\\\/folhapopular.info\\\/wp-content\\\/uploads\\\/2026\\\/04\\\/Folha-1.webp\",\"url\":\"https:\\\/\\\/folhapopular.info\\\/wp-content\\\/uploads\\\/2026\\\/04\\\/Folha-1.webp\",\"contentUrl\":\"https:\\\/\\\/folhapopular.info\\\/wp-content\\\/uploads\\\/2026\\\/04\\\/Folha-1.webp\",\"caption\":\"Reda\u00e7\u00e3o Folha Popular\"},\"url\":\"https:\\\/\\\/folhapopular.info\\\/index.php\\\/author\\\/redacao\\\/\"}]}<\/script>\n<!-- \/ Yoast SEO plugin. -->","yoast_head_json":{"title":"Lajeado recebe a Companhia de \u00d3pera do Rio Grande do Sul - Folha Popular","robots":{"index":"index","follow":"follow","max-snippet":"max-snippet:-1","max-image-preview":"max-image-preview:large","max-video-preview":"max-video-preview:-1"},"canonical":"https:\/\/folhapopular.info\/index.php\/2022\/06\/28\/lajeado-recebe-a-companhia-de-opera-do-rio-grande-do-sul\/","og_locale":"pt_BR","og_type":"article","og_title":"Lajeado recebe a Companhia de \u00d3pera do Rio Grande do Sul - Folha Popular","og_description":"Na quinta-feira (7\/7), Lajeado ser\u00e1 contemplada pelo concerto especial realizado pela Companhia de \u00d3pera do Rio Grande do Sul (CORS), no palco do Teatro do Col\u00e9gio Evang\u00e9lico Alberto Torres (Ceat). A companhia \u00e9 uma cooperativa criada com objetivo de estimular o g\u00eanero art\u00edstico no estado e \u00e9 composta por artistas da cena l\u00edrica ga\u00facha. A [&hellip;]","og_url":"https:\/\/folhapopular.info\/index.php\/2022\/06\/28\/lajeado-recebe-a-companhia-de-opera-do-rio-grande-do-sul\/","og_site_name":"Folha Popular","article_published_time":"2022-06-28T19:31:41+00:00","article_modified_time":"2022-06-28T19:31:46+00:00","og_image":[{"width":1200,"height":800,"url":"http:\/\/folhapopular.info\/wp-content\/uploads\/2022\/06\/image4-scaled-e1656443516350.jpeg","type":"image\/jpeg"}],"author":"Reda\u00e7\u00e3o Folha Popular","twitter_card":"summary_large_image","twitter_misc":{"Escrito por":"Reda\u00e7\u00e3o Folha Popular","Est. tempo de leitura":"4 minutos"},"schema":{"@context":"https:\/\/schema.org","@graph":[{"@type":"Article","@id":"https:\/\/folhapopular.info\/index.php\/2022\/06\/28\/lajeado-recebe-a-companhia-de-opera-do-rio-grande-do-sul\/#article","isPartOf":{"@id":"https:\/\/folhapopular.info\/index.php\/2022\/06\/28\/lajeado-recebe-a-companhia-de-opera-do-rio-grande-do-sul\/"},"author":{"name":"Reda\u00e7\u00e3o Folha Popular","@id":"https:\/\/folhapopular.info\/#\/schema\/person\/2814e8a0df7643585a9ca38bc6eb9d4b"},"headline":"Lajeado recebe a Companhia de \u00d3pera do Rio Grande do Sul","datePublished":"2022-06-28T19:31:41+00:00","dateModified":"2022-06-28T19:31:46+00:00","mainEntityOfPage":{"@id":"https:\/\/folhapopular.info\/index.php\/2022\/06\/28\/lajeado-recebe-a-companhia-de-opera-do-rio-grande-do-sul\/"},"wordCount":647,"commentCount":0,"image":{"@id":"https:\/\/folhapopular.info\/index.php\/2022\/06\/28\/lajeado-recebe-a-companhia-de-opera-do-rio-grande-do-sul\/#primaryimage"},"thumbnailUrl":"https:\/\/folhapopular.info\/wp-content\/uploads\/2022\/06\/image4-scaled-e1656443516350.jpeg","keywords":["artistas","Ceat","CORS","Lajeado","Rio Grande do Sul"],"articleSection":["Geral"],"inLanguage":"pt-BR","potentialAction":[{"@type":"CommentAction","name":"Comment","target":["https:\/\/folhapopular.info\/index.php\/2022\/06\/28\/lajeado-recebe-a-companhia-de-opera-do-rio-grande-do-sul\/#respond"]}]},{"@type":"WebPage","@id":"https:\/\/folhapopular.info\/index.php\/2022\/06\/28\/lajeado-recebe-a-companhia-de-opera-do-rio-grande-do-sul\/","url":"https:\/\/folhapopular.info\/index.php\/2022\/06\/28\/lajeado-recebe-a-companhia-de-opera-do-rio-grande-do-sul\/","name":"Lajeado recebe a Companhia de \u00d3pera do Rio Grande do Sul - Folha Popular","isPartOf":{"@id":"https:\/\/folhapopular.info\/#website"},"primaryImageOfPage":{"@id":"https:\/\/folhapopular.info\/index.php\/2022\/06\/28\/lajeado-recebe-a-companhia-de-opera-do-rio-grande-do-sul\/#primaryimage"},"image":{"@id":"https:\/\/folhapopular.info\/index.php\/2022\/06\/28\/lajeado-recebe-a-companhia-de-opera-do-rio-grande-do-sul\/#primaryimage"},"thumbnailUrl":"https:\/\/folhapopular.info\/wp-content\/uploads\/2022\/06\/image4-scaled-e1656443516350.jpeg","datePublished":"2022-06-28T19:31:41+00:00","dateModified":"2022-06-28T19:31:46+00:00","author":{"@id":"https:\/\/folhapopular.info\/#\/schema\/person\/2814e8a0df7643585a9ca38bc6eb9d4b"},"breadcrumb":{"@id":"https:\/\/folhapopular.info\/index.php\/2022\/06\/28\/lajeado-recebe-a-companhia-de-opera-do-rio-grande-do-sul\/#breadcrumb"},"inLanguage":"pt-BR","potentialAction":[{"@type":"ReadAction","target":["https:\/\/folhapopular.info\/index.php\/2022\/06\/28\/lajeado-recebe-a-companhia-de-opera-do-rio-grande-do-sul\/"]}]},{"@type":"ImageObject","inLanguage":"pt-BR","@id":"https:\/\/folhapopular.info\/index.php\/2022\/06\/28\/lajeado-recebe-a-companhia-de-opera-do-rio-grande-do-sul\/#primaryimage","url":"https:\/\/folhapopular.info\/wp-content\/uploads\/2022\/06\/image4-scaled-e1656443516350.jpeg","contentUrl":"https:\/\/folhapopular.info\/wp-content\/uploads\/2022\/06\/image4-scaled-e1656443516350.jpeg","width":1200,"height":800,"caption":"Cr\u00e9dito: Adriana Marchiori \/ Divulga\u00e7\u00e3o"},{"@type":"BreadcrumbList","@id":"https:\/\/folhapopular.info\/index.php\/2022\/06\/28\/lajeado-recebe-a-companhia-de-opera-do-rio-grande-do-sul\/#breadcrumb","itemListElement":[{"@type":"ListItem","position":1,"name":"In\u00edcio","item":"https:\/\/folhapopular.info\/"},{"@type":"ListItem","position":2,"name":"Lajeado recebe a Companhia de \u00d3pera do Rio Grande do Sul"}]},{"@type":"WebSite","@id":"https:\/\/folhapopular.info\/#website","url":"https:\/\/folhapopular.info\/","name":"Folha Popular","description":"Onde voc\u00ea tem vez e voz","potentialAction":[{"@type":"SearchAction","target":{"@type":"EntryPoint","urlTemplate":"https:\/\/folhapopular.info\/?s={search_term_string}"},"query-input":{"@type":"PropertyValueSpecification","valueRequired":true,"valueName":"search_term_string"}}],"inLanguage":"pt-BR"},{"@type":"Person","@id":"https:\/\/folhapopular.info\/#\/schema\/person\/2814e8a0df7643585a9ca38bc6eb9d4b","name":"Reda\u00e7\u00e3o Folha Popular","image":{"@type":"ImageObject","inLanguage":"pt-BR","@id":"https:\/\/folhapopular.info\/wp-content\/uploads\/2026\/04\/Folha-1.webp","url":"https:\/\/folhapopular.info\/wp-content\/uploads\/2026\/04\/Folha-1.webp","contentUrl":"https:\/\/folhapopular.info\/wp-content\/uploads\/2026\/04\/Folha-1.webp","caption":"Reda\u00e7\u00e3o Folha Popular"},"url":"https:\/\/folhapopular.info\/index.php\/author\/redacao\/"}]}},"jetpack_featured_media_url":"https:\/\/folhapopular.info\/wp-content\/uploads\/2022\/06\/image4-scaled-e1656443516350.jpeg","jetpack_sharing_enabled":true,"amp_enabled":true,"_links":{"self":[{"href":"https:\/\/folhapopular.info\/index.php\/wp-json\/wp\/v2\/posts\/107488","targetHints":{"allow":["GET"]}}],"collection":[{"href":"https:\/\/folhapopular.info\/index.php\/wp-json\/wp\/v2\/posts"}],"about":[{"href":"https:\/\/folhapopular.info\/index.php\/wp-json\/wp\/v2\/types\/post"}],"author":[{"embeddable":true,"href":"https:\/\/folhapopular.info\/index.php\/wp-json\/wp\/v2\/users\/8"}],"replies":[{"embeddable":true,"href":"https:\/\/folhapopular.info\/index.php\/wp-json\/wp\/v2\/comments?post=107488"}],"version-history":[{"count":0,"href":"https:\/\/folhapopular.info\/index.php\/wp-json\/wp\/v2\/posts\/107488\/revisions"}],"wp:featuredmedia":[{"embeddable":true,"href":"https:\/\/folhapopular.info\/index.php\/wp-json\/wp\/v2\/media\/107490"}],"wp:attachment":[{"href":"https:\/\/folhapopular.info\/index.php\/wp-json\/wp\/v2\/media?parent=107488"}],"wp:term":[{"taxonomy":"category","embeddable":true,"href":"https:\/\/folhapopular.info\/index.php\/wp-json\/wp\/v2\/categories?post=107488"},{"taxonomy":"post_tag","embeddable":true,"href":"https:\/\/folhapopular.info\/index.php\/wp-json\/wp\/v2\/tags?post=107488"}],"curies":[{"name":"wp","href":"https:\/\/api.w.org\/{rel}","templated":true}]}}