{"id":107701,"date":"2022-07-02T08:50:44","date_gmt":"2022-07-02T11:50:44","guid":{"rendered":"https:\/\/folhapopular.info\/?p=107701"},"modified":"2022-07-02T08:50:48","modified_gmt":"2022-07-02T11:50:48","slug":"vereadores-de-imigrante-aprovam-programa-calcada-legal","status":"publish","type":"post","link":"https:\/\/folhapopular.info\/index.php\/2022\/07\/02\/vereadores-de-imigrante-aprovam-programa-calcada-legal\/","title":{"rendered":"Vereadores de Imigrante aprovam programa \u201cCal\u00e7ada Legal\u201d"},"content":{"rendered":"<p>Um dos projetos aprovados na sess\u00e3o ordin\u00e1ria da C\u00e2mara de Vereadores de Imigrante, realizada na quarta-feira (29\/6) foi o Projeto de Lei n\u00ba 54, que institui o programa \u201cCal\u00e7ada Legal\u201d. O programa visa a conjuga\u00e7\u00e3o de esfor\u00e7os entre poder p\u00fablico e comunidade para constru\u00e7\u00e3o e reforma de cal\u00e7adas de passeio, de forma consorciada. Al\u00e9m de&#8230; <\/p>\n<div class=\"pmpro\">\n<div class=\"pmpro_card pmpro_content_message\">\n<div class=\"pmpro_card_content\">Este conte\u00fado \u00e9 apenas para associados Grupo Popular &#8211; Conte\u00fado Total Anual e Grupo Popular &#8211; Conte\u00fado Total Mensal. <br \/><a href=\"https:\/\/folhapopular.info\/wp-login.php?action=register\">Cadastre-se<\/a><\/div>\n<div class=\"pmpro_card_actions pmpro_font-medium\">J\u00e1 se associou? <a href=\"https:\/\/folhapopular.info\/wp-login.php?redirect_to=https%3A%2F%2Ffolhapopular.info%2Findex.php%2F2022%2F07%2F02%2Fvereadores-de-imigrante-aprovam-programa-calcada-legal%2F\">Acesse aqui<\/a><\/div>\n<\/div>\n<\/div>\n","protected":false},"excerpt":{"rendered":"<p>Um dos projetos aprovados na sess\u00e3o ordin\u00e1ria da C\u00e2mara de Vereadores de Imigrante, realizada na quarta-feira (29\/6) foi o Projeto de Lei n\u00ba 54, que institui o programa \u201cCal\u00e7ada Legal\u201d. O programa visa a conjuga\u00e7\u00e3o de esfor\u00e7os entre poder p\u00fablico e comunidade para constru\u00e7\u00e3o e reforma de cal\u00e7adas de passeio, de forma consorciada. Al\u00e9m de... <\/p>\n<div class=\"pmpro\"><div class=\"pmpro_card pmpro_content_message\"><div class=\"pmpro_card_content\">Este conte\u00fado \u00e9 apenas para associados Grupo Popular - Conte\u00fado Total Anual e Grupo Popular - Conte\u00fado Total Mensal. <br \/><a href=\"https:\/\/folhapopular.info\/wp-login.php?action=register\">Cadastre-se<\/a><\/div><div class=\"pmpro_card_actions pmpro_font-medium\">J\u00e1 se associou? <a href=\"https:\/\/folhapopular.info\/wp-login.php?redirect_to=https%3A%2F%2Ffolhapopular.info%2Findex.php%2F2022%2F07%2F02%2Fvereadores-de-imigrante-aprovam-programa-calcada-legal%2F\">Acesse aqui<\/a><\/div><\/div><\/div>","protected":false},"author":11,"featured_media":107702,"comment_status":"open","ping_status":"open","sticky":false,"template":"","format":"standard","meta":{"pmpro_default_level":"","_jetpack_memberships_contains_paid_content":false,"footnotes":""},"categories":[5990,3],"tags":[646,34,6250],"class_list":{"0":"post-107701","1":"post","2":"type-post","3":"status-publish","4":"format-standard","5":"has-post-thumbnail","7":"category-conteudo-exclusivo","8":"category-geral","9":"tag-camara-de-vereadores","10":"tag-imigrante","11":"tag-projetos","12":"pmpro-level-required","13":"pmpro-level-2","14":"pmpro-level-4","15":"pmpro-level-5","16":"pmpro-no-access"},"yoast_head":"<!-- This site is optimized with the Yoast SEO plugin v27.5 - https:\/\/yoast.com\/product\/yoast-seo-wordpress\/ -->\n<title>Vereadores de Imigrante aprovam programa \u201cCal\u00e7ada Legal\u201d - Folha Popular<\/title>\n<meta name=\"robots\" content=\"index, follow, max-snippet:-1, max-image-preview:large, max-video-preview:-1\" \/>\n<link rel=\"canonical\" href=\"https:\/\/folhapopular.info\/index.php\/2022\/07\/02\/vereadores-de-imigrante-aprovam-programa-calcada-legal\/\" \/>\n<meta property=\"og:locale\" content=\"pt_BR\" \/>\n<meta property=\"og:type\" content=\"article\" \/>\n<meta property=\"og:title\" content=\"Vereadores de Imigrante aprovam programa \u201cCal\u00e7ada Legal\u201d - Folha Popular\" \/>\n<meta property=\"og:description\" content=\"Um dos projetos aprovados na sess\u00e3o ordin\u00e1ria da C\u00e2mara de Vereadores de Imigrante, realizada na quarta-feira (29\/6) foi o Projeto de Lei n\u00ba 54, que institui o programa \u201cCal\u00e7ada Legal\u201d. O programa visa a conjuga\u00e7\u00e3o de esfor\u00e7os entre poder p\u00fablico e comunidade para constru\u00e7\u00e3o e reforma de cal\u00e7adas de passeio, de forma consorciada. Al\u00e9m de [&hellip;]\" \/>\n<meta property=\"og:url\" content=\"https:\/\/folhapopular.info\/index.php\/2022\/07\/02\/vereadores-de-imigrante-aprovam-programa-calcada-legal\/\" \/>\n<meta property=\"og:site_name\" content=\"Folha Popular\" \/>\n<meta property=\"article:published_time\" content=\"2022-07-02T11:50:44+00:00\" \/>\n<meta property=\"article:modified_time\" content=\"2022-07-02T11:50:48+00:00\" \/>\n<meta property=\"og:image\" content=\"http:\/\/folhapopular.info\/wp-content\/uploads\/2022\/07\/sessao29062022-e1656762574926.jpeg\" \/>\n\t<meta property=\"og:image:width\" content=\"1200\" \/>\n\t<meta property=\"og:image:height\" content=\"900\" \/>\n\t<meta property=\"og:image:type\" content=\"image\/jpeg\" \/>\n<meta name=\"author\" content=\"Luciana Brune\" \/>\n<meta name=\"twitter:card\" content=\"summary_large_image\" \/>\n<meta name=\"twitter:label1\" content=\"Escrito por\" \/>\n\t<meta name=\"twitter:data1\" content=\"Luciana Brune\" \/>\n\t<meta name=\"twitter:label2\" content=\"Est. tempo de leitura\" \/>\n\t<meta name=\"twitter:data2\" content=\"3 minutos\" \/>\n<script type=\"application\/ld+json\" class=\"yoast-schema-graph\">{\"@context\":\"https:\\\/\\\/schema.org\",\"@graph\":[{\"@type\":\"Article\",\"@id\":\"https:\\\/\\\/folhapopular.info\\\/index.php\\\/2022\\\/07\\\/02\\\/vereadores-de-imigrante-aprovam-programa-calcada-legal\\\/#article\",\"isPartOf\":{\"@id\":\"https:\\\/\\\/folhapopular.info\\\/index.php\\\/2022\\\/07\\\/02\\\/vereadores-de-imigrante-aprovam-programa-calcada-legal\\\/\"},\"author\":{\"name\":\"Luciana Brune\",\"@id\":\"https:\\\/\\\/folhapopular.info\\\/#\\\/schema\\\/person\\\/0999cafa38c1fde22acd2026b3a3ec1f\"},\"headline\":\"Vereadores de Imigrante aprovam programa \u201cCal\u00e7ada Legal\u201d\",\"datePublished\":\"2022-07-02T11:50:44+00:00\",\"dateModified\":\"2022-07-02T11:50:48+00:00\",\"mainEntityOfPage\":{\"@id\":\"https:\\\/\\\/folhapopular.info\\\/index.php\\\/2022\\\/07\\\/02\\\/vereadores-de-imigrante-aprovam-programa-calcada-legal\\\/\"},\"wordCount\":477,\"commentCount\":0,\"image\":{\"@id\":\"https:\\\/\\\/folhapopular.info\\\/index.php\\\/2022\\\/07\\\/02\\\/vereadores-de-imigrante-aprovam-programa-calcada-legal\\\/#primaryimage\"},\"thumbnailUrl\":\"https:\\\/\\\/folhapopular.info\\\/wp-content\\\/uploads\\\/2022\\\/07\\\/sessao29062022-e1656762574926.jpeg\",\"keywords\":[\"C\u00e2mara de Vereadores\",\"Imigrante\",\"Projetos\"],\"articleSection\":[\"Conte\u00fado Exclusivo\",\"Geral\"],\"inLanguage\":\"pt-BR\",\"potentialAction\":[{\"@type\":\"CommentAction\",\"name\":\"Comment\",\"target\":[\"https:\\\/\\\/folhapopular.info\\\/index.php\\\/2022\\\/07\\\/02\\\/vereadores-de-imigrante-aprovam-programa-calcada-legal\\\/#respond\"]}]},{\"@type\":\"WebPage\",\"@id\":\"https:\\\/\\\/folhapopular.info\\\/index.php\\\/2022\\\/07\\\/02\\\/vereadores-de-imigrante-aprovam-programa-calcada-legal\\\/\",\"url\":\"https:\\\/\\\/folhapopular.info\\\/index.php\\\/2022\\\/07\\\/02\\\/vereadores-de-imigrante-aprovam-programa-calcada-legal\\\/\",\"name\":\"Vereadores de Imigrante aprovam programa \u201cCal\u00e7ada Legal\u201d - Folha Popular\",\"isPartOf\":{\"@id\":\"https:\\\/\\\/folhapopular.info\\\/#website\"},\"primaryImageOfPage\":{\"@id\":\"https:\\\/\\\/folhapopular.info\\\/index.php\\\/2022\\\/07\\\/02\\\/vereadores-de-imigrante-aprovam-programa-calcada-legal\\\/#primaryimage\"},\"image\":{\"@id\":\"https:\\\/\\\/folhapopular.info\\\/index.php\\\/2022\\\/07\\\/02\\\/vereadores-de-imigrante-aprovam-programa-calcada-legal\\\/#primaryimage\"},\"thumbnailUrl\":\"https:\\\/\\\/folhapopular.info\\\/wp-content\\\/uploads\\\/2022\\\/07\\\/sessao29062022-e1656762574926.jpeg\",\"datePublished\":\"2022-07-02T11:50:44+00:00\",\"dateModified\":\"2022-07-02T11:50:48+00:00\",\"author\":{\"@id\":\"https:\\\/\\\/folhapopular.info\\\/#\\\/schema\\\/person\\\/0999cafa38c1fde22acd2026b3a3ec1f\"},\"breadcrumb\":{\"@id\":\"https:\\\/\\\/folhapopular.info\\\/index.php\\\/2022\\\/07\\\/02\\\/vereadores-de-imigrante-aprovam-programa-calcada-legal\\\/#breadcrumb\"},\"inLanguage\":\"pt-BR\",\"potentialAction\":[{\"@type\":\"ReadAction\",\"target\":[\"https:\\\/\\\/folhapopular.info\\\/index.php\\\/2022\\\/07\\\/02\\\/vereadores-de-imigrante-aprovam-programa-calcada-legal\\\/\"]}]},{\"@type\":\"ImageObject\",\"inLanguage\":\"pt-BR\",\"@id\":\"https:\\\/\\\/folhapopular.info\\\/index.php\\\/2022\\\/07\\\/02\\\/vereadores-de-imigrante-aprovam-programa-calcada-legal\\\/#primaryimage\",\"url\":\"https:\\\/\\\/folhapopular.info\\\/wp-content\\\/uploads\\\/2022\\\/07\\\/sessao29062022-e1656762574926.jpeg\",\"contentUrl\":\"https:\\\/\\\/folhapopular.info\\\/wp-content\\\/uploads\\\/2022\\\/07\\\/sessao29062022-e1656762574926.jpeg\",\"width\":1200,\"height\":900,\"caption\":\"Sess\u00e3o realizada quarta-feira \\\/ Cr\u00e9dito: Bianca Let\u00edcia Fritscher\"},{\"@type\":\"BreadcrumbList\",\"@id\":\"https:\\\/\\\/folhapopular.info\\\/index.php\\\/2022\\\/07\\\/02\\\/vereadores-de-imigrante-aprovam-programa-calcada-legal\\\/#breadcrumb\",\"itemListElement\":[{\"@type\":\"ListItem\",\"position\":1,\"name\":\"In\u00edcio\",\"item\":\"https:\\\/\\\/folhapopular.info\\\/\"},{\"@type\":\"ListItem\",\"position\":2,\"name\":\"Vereadores de Imigrante aprovam programa \u201cCal\u00e7ada Legal\u201d\"}]},{\"@type\":\"WebSite\",\"@id\":\"https:\\\/\\\/folhapopular.info\\\/#website\",\"url\":\"https:\\\/\\\/folhapopular.info\\\/\",\"name\":\"Folha Popular\",\"description\":\"Onde voc\u00ea tem vez e voz\",\"potentialAction\":[{\"@type\":\"SearchAction\",\"target\":{\"@type\":\"EntryPoint\",\"urlTemplate\":\"https:\\\/\\\/folhapopular.info\\\/?s={search_term_string}\"},\"query-input\":{\"@type\":\"PropertyValueSpecification\",\"valueRequired\":true,\"valueName\":\"search_term_string\"}}],\"inLanguage\":\"pt-BR\"},{\"@type\":\"Person\",\"@id\":\"https:\\\/\\\/folhapopular.info\\\/#\\\/schema\\\/person\\\/0999cafa38c1fde22acd2026b3a3ec1f\",\"name\":\"Luciana Brune\",\"image\":{\"@type\":\"ImageObject\",\"inLanguage\":\"pt-BR\",\"@id\":\"https:\\\/\\\/folhapopular.info\\\/wp-content\\\/uploads\\\/2026\\\/04\\\/LUCIANA-1-1.webp\",\"url\":\"https:\\\/\\\/folhapopular.info\\\/wp-content\\\/uploads\\\/2026\\\/04\\\/LUCIANA-1-1.webp\",\"contentUrl\":\"https:\\\/\\\/folhapopular.info\\\/wp-content\\\/uploads\\\/2026\\\/04\\\/LUCIANA-1-1.webp\",\"caption\":\"Luciana Brune\"},\"url\":\"https:\\\/\\\/folhapopular.info\\\/index.php\\\/author\\\/luciana-brune\\\/\"}]}<\/script>\n<!-- \/ Yoast SEO plugin. -->","yoast_head_json":{"title":"Vereadores de Imigrante aprovam programa \u201cCal\u00e7ada Legal\u201d - Folha Popular","robots":{"index":"index","follow":"follow","max-snippet":"max-snippet:-1","max-image-preview":"max-image-preview:large","max-video-preview":"max-video-preview:-1"},"canonical":"https:\/\/folhapopular.info\/index.php\/2022\/07\/02\/vereadores-de-imigrante-aprovam-programa-calcada-legal\/","og_locale":"pt_BR","og_type":"article","og_title":"Vereadores de Imigrante aprovam programa \u201cCal\u00e7ada Legal\u201d - Folha Popular","og_description":"Um dos projetos aprovados na sess\u00e3o ordin\u00e1ria da C\u00e2mara de Vereadores de Imigrante, realizada na quarta-feira (29\/6) foi o Projeto de Lei n\u00ba 54, que institui o programa \u201cCal\u00e7ada Legal\u201d. O programa visa a conjuga\u00e7\u00e3o de esfor\u00e7os entre poder p\u00fablico e comunidade para constru\u00e7\u00e3o e reforma de cal\u00e7adas de passeio, de forma consorciada. Al\u00e9m de [&hellip;]","og_url":"https:\/\/folhapopular.info\/index.php\/2022\/07\/02\/vereadores-de-imigrante-aprovam-programa-calcada-legal\/","og_site_name":"Folha Popular","article_published_time":"2022-07-02T11:50:44+00:00","article_modified_time":"2022-07-02T11:50:48+00:00","og_image":[{"width":1200,"height":900,"url":"http:\/\/folhapopular.info\/wp-content\/uploads\/2022\/07\/sessao29062022-e1656762574926.jpeg","type":"image\/jpeg"}],"author":"Luciana Brune","twitter_card":"summary_large_image","twitter_misc":{"Escrito por":"Luciana Brune","Est. tempo de leitura":"3 minutos"},"schema":{"@context":"https:\/\/schema.org","@graph":[{"@type":"Article","@id":"https:\/\/folhapopular.info\/index.php\/2022\/07\/02\/vereadores-de-imigrante-aprovam-programa-calcada-legal\/#article","isPartOf":{"@id":"https:\/\/folhapopular.info\/index.php\/2022\/07\/02\/vereadores-de-imigrante-aprovam-programa-calcada-legal\/"},"author":{"name":"Luciana Brune","@id":"https:\/\/folhapopular.info\/#\/schema\/person\/0999cafa38c1fde22acd2026b3a3ec1f"},"headline":"Vereadores de Imigrante aprovam programa \u201cCal\u00e7ada Legal\u201d","datePublished":"2022-07-02T11:50:44+00:00","dateModified":"2022-07-02T11:50:48+00:00","mainEntityOfPage":{"@id":"https:\/\/folhapopular.info\/index.php\/2022\/07\/02\/vereadores-de-imigrante-aprovam-programa-calcada-legal\/"},"wordCount":477,"commentCount":0,"image":{"@id":"https:\/\/folhapopular.info\/index.php\/2022\/07\/02\/vereadores-de-imigrante-aprovam-programa-calcada-legal\/#primaryimage"},"thumbnailUrl":"https:\/\/folhapopular.info\/wp-content\/uploads\/2022\/07\/sessao29062022-e1656762574926.jpeg","keywords":["C\u00e2mara de Vereadores","Imigrante","Projetos"],"articleSection":["Conte\u00fado Exclusivo","Geral"],"inLanguage":"pt-BR","potentialAction":[{"@type":"CommentAction","name":"Comment","target":["https:\/\/folhapopular.info\/index.php\/2022\/07\/02\/vereadores-de-imigrante-aprovam-programa-calcada-legal\/#respond"]}]},{"@type":"WebPage","@id":"https:\/\/folhapopular.info\/index.php\/2022\/07\/02\/vereadores-de-imigrante-aprovam-programa-calcada-legal\/","url":"https:\/\/folhapopular.info\/index.php\/2022\/07\/02\/vereadores-de-imigrante-aprovam-programa-calcada-legal\/","name":"Vereadores de Imigrante aprovam programa \u201cCal\u00e7ada Legal\u201d - Folha Popular","isPartOf":{"@id":"https:\/\/folhapopular.info\/#website"},"primaryImageOfPage":{"@id":"https:\/\/folhapopular.info\/index.php\/2022\/07\/02\/vereadores-de-imigrante-aprovam-programa-calcada-legal\/#primaryimage"},"image":{"@id":"https:\/\/folhapopular.info\/index.php\/2022\/07\/02\/vereadores-de-imigrante-aprovam-programa-calcada-legal\/#primaryimage"},"thumbnailUrl":"https:\/\/folhapopular.info\/wp-content\/uploads\/2022\/07\/sessao29062022-e1656762574926.jpeg","datePublished":"2022-07-02T11:50:44+00:00","dateModified":"2022-07-02T11:50:48+00:00","author":{"@id":"https:\/\/folhapopular.info\/#\/schema\/person\/0999cafa38c1fde22acd2026b3a3ec1f"},"breadcrumb":{"@id":"https:\/\/folhapopular.info\/index.php\/2022\/07\/02\/vereadores-de-imigrante-aprovam-programa-calcada-legal\/#breadcrumb"},"inLanguage":"pt-BR","potentialAction":[{"@type":"ReadAction","target":["https:\/\/folhapopular.info\/index.php\/2022\/07\/02\/vereadores-de-imigrante-aprovam-programa-calcada-legal\/"]}]},{"@type":"ImageObject","inLanguage":"pt-BR","@id":"https:\/\/folhapopular.info\/index.php\/2022\/07\/02\/vereadores-de-imigrante-aprovam-programa-calcada-legal\/#primaryimage","url":"https:\/\/folhapopular.info\/wp-content\/uploads\/2022\/07\/sessao29062022-e1656762574926.jpeg","contentUrl":"https:\/\/folhapopular.info\/wp-content\/uploads\/2022\/07\/sessao29062022-e1656762574926.jpeg","width":1200,"height":900,"caption":"Sess\u00e3o realizada quarta-feira \/ Cr\u00e9dito: Bianca Let\u00edcia Fritscher"},{"@type":"BreadcrumbList","@id":"https:\/\/folhapopular.info\/index.php\/2022\/07\/02\/vereadores-de-imigrante-aprovam-programa-calcada-legal\/#breadcrumb","itemListElement":[{"@type":"ListItem","position":1,"name":"In\u00edcio","item":"https:\/\/folhapopular.info\/"},{"@type":"ListItem","position":2,"name":"Vereadores de Imigrante aprovam programa \u201cCal\u00e7ada Legal\u201d"}]},{"@type":"WebSite","@id":"https:\/\/folhapopular.info\/#website","url":"https:\/\/folhapopular.info\/","name":"Folha Popular","description":"Onde voc\u00ea tem vez e voz","potentialAction":[{"@type":"SearchAction","target":{"@type":"EntryPoint","urlTemplate":"https:\/\/folhapopular.info\/?s={search_term_string}"},"query-input":{"@type":"PropertyValueSpecification","valueRequired":true,"valueName":"search_term_string"}}],"inLanguage":"pt-BR"},{"@type":"Person","@id":"https:\/\/folhapopular.info\/#\/schema\/person\/0999cafa38c1fde22acd2026b3a3ec1f","name":"Luciana Brune","image":{"@type":"ImageObject","inLanguage":"pt-BR","@id":"https:\/\/folhapopular.info\/wp-content\/uploads\/2026\/04\/LUCIANA-1-1.webp","url":"https:\/\/folhapopular.info\/wp-content\/uploads\/2026\/04\/LUCIANA-1-1.webp","contentUrl":"https:\/\/folhapopular.info\/wp-content\/uploads\/2026\/04\/LUCIANA-1-1.webp","caption":"Luciana Brune"},"url":"https:\/\/folhapopular.info\/index.php\/author\/luciana-brune\/"}]}},"jetpack_featured_media_url":"https:\/\/folhapopular.info\/wp-content\/uploads\/2022\/07\/sessao29062022-e1656762574926.jpeg","jetpack_sharing_enabled":true,"amp_enabled":true,"_links":{"self":[{"href":"https:\/\/folhapopular.info\/index.php\/wp-json\/wp\/v2\/posts\/107701","targetHints":{"allow":["GET"]}}],"collection":[{"href":"https:\/\/folhapopular.info\/index.php\/wp-json\/wp\/v2\/posts"}],"about":[{"href":"https:\/\/folhapopular.info\/index.php\/wp-json\/wp\/v2\/types\/post"}],"author":[{"embeddable":true,"href":"https:\/\/folhapopular.info\/index.php\/wp-json\/wp\/v2\/users\/11"}],"replies":[{"embeddable":true,"href":"https:\/\/folhapopular.info\/index.php\/wp-json\/wp\/v2\/comments?post=107701"}],"version-history":[{"count":0,"href":"https:\/\/folhapopular.info\/index.php\/wp-json\/wp\/v2\/posts\/107701\/revisions"}],"wp:featuredmedia":[{"embeddable":true,"href":"https:\/\/folhapopular.info\/index.php\/wp-json\/wp\/v2\/media\/107702"}],"wp:attachment":[{"href":"https:\/\/folhapopular.info\/index.php\/wp-json\/wp\/v2\/media?parent=107701"}],"wp:term":[{"taxonomy":"category","embeddable":true,"href":"https:\/\/folhapopular.info\/index.php\/wp-json\/wp\/v2\/categories?post=107701"},{"taxonomy":"post_tag","embeddable":true,"href":"https:\/\/folhapopular.info\/index.php\/wp-json\/wp\/v2\/tags?post=107701"}],"curies":[{"name":"wp","href":"https:\/\/api.w.org\/{rel}","templated":true}]}}