{"id":107723,"date":"2022-07-02T11:06:37","date_gmt":"2022-07-02T14:06:37","guid":{"rendered":"https:\/\/folhapopular.info\/?p=107723"},"modified":"2022-07-02T11:06:39","modified_gmt":"2022-07-02T14:06:39","slug":"governo-do-rio-grande-do-sul-anuncia-reducao-no-icms-da-gasolina","status":"publish","type":"post","link":"https:\/\/folhapopular.info\/index.php\/2022\/07\/02\/governo-do-rio-grande-do-sul-anuncia-reducao-no-icms-da-gasolina\/","title":{"rendered":"Governo do Rio Grande do Sul anuncia redu\u00e7\u00e3o no ICMS da gasolina"},"content":{"rendered":"\n<p>Na manh\u00e3 de sexta-feira (1\u00ba\/7), o governador do Estado, Ranolfo Vieira J\u00fanior, anunciou em coletiva de imprensa, que o governo do Estado se ajustar\u00e1 \u00e0 Lei Complementar 194, proposta pelo Governo Federal, que determina em 17% a cobran\u00e7a do Imposto sobre Circula\u00e7\u00e3o de Mercadorias e Servi\u00e7os (ICMS) em combust\u00edveis, energia el\u00e9trica, comunica\u00e7\u00f5es e transporte coletivo.<\/p>\n\n\n\n<p>A ades\u00e3o \u00e0 nova medida ter\u00e1 uma redu\u00e7\u00e3o de R$ 0,71 no ICMS da gasolina. Ao mesmo tempo, a arrecada\u00e7\u00e3o por parte do Estado ter\u00e1 uma queda de R$ 2,8 bilh\u00f5es no segundo semestre. Em rela\u00e7\u00e3o aos demais itens da lei \u2013 energia el\u00e9trica, comunica\u00e7\u00f5es e transporte coletivo \u2013, a medida n\u00e3o produzir\u00e1 efeito, pois o Estado j\u00e1 est\u00e1 em conformidade com a norma proposta da Uni\u00e3o.<\/p>\n\n\n\n<p>Ranolfo ressalta que lei est\u00e1 em debate e discuss\u00e3o jur\u00eddica no Supremo Tribunal Federal. &#8220;Como n\u00e3o tivemos liminar em rela\u00e7\u00e3o a ela, passamos a aplic\u00e1-la. J\u00e1 praticamos uma das menores al\u00edquotas do pa\u00eds. Somos favor\u00e1veis \u00e0 redu\u00e7\u00e3o de impostos, inclusive baixamos recentemente o ICMS da gasolina de 30% para 25%. Entretanto, sabemos que essa medida ter\u00e1 um custo elevado para a arrecada\u00e7\u00e3o do Estado. Nossa preocupa\u00e7\u00e3o \u00e9 em rela\u00e7\u00e3o ao futuro, com a possibilidade de precariza\u00e7\u00e3o dos servi\u00e7os p\u00fablicos, devido \u00e0 falta de verbas\u201d, explica.<\/p>\n\n\n\n<p>O governador salientou, ainda, que a curto prazo a nova medida n\u00e3o ter\u00e1 efeito negativo para o Estado. \u201cN\u00e3o corremos o risco de atrasar sal\u00e1rio do funcionalismo este ano, nem de n\u00e3o honrar compromissos. N\u00e3o cogitamos aumentar impostos para cobrir essa medida do ICMS. Vamos nos readequar a essa nova realidade, verificando onde cortaremos gastos para n\u00e3o afetar servi\u00e7os essenciais\u201d, disse Ranolfo.<\/p>\n\n\n\n<p>O secret\u00e1rio da Fazenda, Marco Aurelio Cardoso, apresentou os n\u00fameros e seus respectivos impactos nas contas p\u00fablicas. Cardoso afirmou que, no cen\u00e1rio de 2022, existe expectativa de compensa\u00e7\u00e3o financeira por parte da Uni\u00e3o. A preocupa\u00e7\u00e3o, segundo ele, s\u00e3o os efeitos a longo prazo. \u201cFuturamente, n\u00e3o sabemos os impactos que essa lei pode ocasionar. Cabe a n\u00f3s, promover os ajustes imediatos por dentro da estrutura do Estado\u201d, explicou.<\/p>\n\n\n\n<p>Tamb\u00e9m participaram do an\u00fancio a secret\u00e1ria de Comunica\u00e7\u00e3o, T\u00e2nia Moreira, o chefe da Casa Civil, Artur Lemos, e o procurador-geral do Estado, Eduardo Cunha da Costa.<\/p>\n\n\n\n<p><strong>Contexto da nova lei<\/strong><br>A exemplo do que j\u00e1 foi anunciado para o diesel, deixam de vigorar os pre\u00e7os de refer\u00eancia para o c\u00e1lculo do ICMS (pre\u00e7o de pauta) que estavam congelados desde novembro de 2021 para a gasolina e passa a vigorar a m\u00e9dia dos \u00faltimos cinco anos at\u00e9 maio. De acordo com o conv\u00eanio Confaz firmado pelos Estados, essa m\u00e9dia \u00e9 m\u00f3vel e ser\u00e1 recalculada a cada m\u00eas, salvo em caso de decis\u00e3o superveniente do Supremo Tribunal Federal (STF). O mesmo conv\u00eanio estabelece regras de c\u00e1lculo id\u00eanticas para a gasolina premium e GLP.<\/p>\n\n\n\n<p>No caso do Rio Grande do Sul, o pre\u00e7o de refer\u00eancia para c\u00e1lculo do ICMS na gasolina comum, que est\u00e1 em R$ 6,1796, cair\u00e1 para R$ 4,9105 \u2013 cerca de 30% abaixo dos pre\u00e7os atuais ao consumidor, atualmente pr\u00f3ximos a R$ 7,10.<\/p>\n\n\n\n<p>Adicionalmente, sem preju\u00edzo do andamento das a\u00e7\u00f5es judiciais, o governador Ranolfo Vieira Junior assinou o Decreto 56.573 (de 30 de junho de 2022) adequando o Regulamento do ICMS \u00e0 limita\u00e7\u00e3o advinda da Lei Complementar 194 sobre as al\u00edquotas estaduais dos combust\u00edveis (no caso, gasolina e \u00e1lcool), energia e comunica\u00e7\u00f5es, com vig\u00eancia desde 23 de junho.<\/p>\n\n\n\n<p>As mudan\u00e7as no pre\u00e7o base \u2013 por conv\u00eanio Confaz em cumprimento \u00e0 decis\u00e3o liminar judicial \u2013 e de al\u00edquota (pela LC 194), o ICMS cobrado por litro da gasolina comum deve cair dos atuais R$ 1,5449 para R$ 0,8348 no RS. Isso significa que, ao inv\u00e9s dos 25% nominais previstos na legisla\u00e7\u00e3o estadual, a al\u00edquota efetiva no Estado estar\u00e1 pr\u00f3xima a 15% de ICMS sobre os atuais pre\u00e7os de gasolina ao consumidor.<\/p>\n\n\n\n<p>A redu\u00e7\u00e3o de R$ 0,71 no ICMS por litro representa uma queda de 46% sobre a carga existente at\u00e9 ent\u00e3o (que era de R$ 1,5449 com base numa carga de 25% sobre os pre\u00e7os congelados de novembro de 2021). A redu\u00e7\u00e3o representa uma queda de cerca de R$ 200 milh\u00f5es por m\u00eas na arrecada\u00e7\u00e3o do ICMS.<\/p>\n\n\n\n<p>Essa redu\u00e7\u00e3o se soma \u00e0 de R$ 0,11 no ICMS para o diesel, j\u00e1 anunciada para este 1\u00ba de julho, que implica em uma queda de arrecada\u00e7\u00e3o pr\u00f3xima a R$ 30 milh\u00f5es mensais.<\/p>\n","protected":false},"excerpt":{"rendered":"<p>Na manh\u00e3 de sexta-feira (1\u00ba\/7), o governador do Estado, Ranolfo Vieira J\u00fanior, anunciou em coletiva de imprensa, que o governo do Estado se ajustar\u00e1 \u00e0 Lei Complementar 194, proposta pelo Governo Federal, que determina em 17% a cobran\u00e7a do Imposto sobre Circula\u00e7\u00e3o de Mercadorias e Servi\u00e7os (ICMS) em combust\u00edveis, energia el\u00e9trica, comunica\u00e7\u00f5es e transporte coletivo. [&hellip;]<\/p>\n","protected":false},"author":8,"featured_media":107724,"comment_status":"open","ping_status":"open","sticky":false,"template":"","format":"standard","meta":{"pmpro_default_level":"","_jetpack_memberships_contains_paid_content":false,"footnotes":""},"categories":[3],"tags":[1382,878,262,1794],"class_list":{"0":"post-107723","1":"post","2":"type-post","3":"status-publish","4":"format-standard","5":"has-post-thumbnail","7":"category-geral","8":"tag-gasolina","9":"tag-governo-do-estado","10":"tag-icms","11":"tag-rio-grande-do-sul","12":"pmpro-has-access"},"yoast_head":"<!-- This site is optimized with the Yoast SEO plugin v27.5 - https:\/\/yoast.com\/product\/yoast-seo-wordpress\/ -->\n<title>Governo do Rio Grande do Sul anuncia redu\u00e7\u00e3o no ICMS da gasolina - Folha Popular<\/title>\n<meta name=\"robots\" content=\"index, follow, max-snippet:-1, max-image-preview:large, max-video-preview:-1\" \/>\n<link rel=\"canonical\" href=\"https:\/\/folhapopular.info\/index.php\/2022\/07\/02\/governo-do-rio-grande-do-sul-anuncia-reducao-no-icms-da-gasolina\/\" \/>\n<meta property=\"og:locale\" content=\"pt_BR\" \/>\n<meta property=\"og:type\" content=\"article\" \/>\n<meta property=\"og:title\" content=\"Governo do Rio Grande do Sul anuncia redu\u00e7\u00e3o no ICMS da gasolina - Folha Popular\" \/>\n<meta property=\"og:description\" content=\"Na manh\u00e3 de sexta-feira (1\u00ba\/7), o governador do Estado, Ranolfo Vieira J\u00fanior, anunciou em coletiva de imprensa, que o governo do Estado se ajustar\u00e1 \u00e0 Lei Complementar 194, proposta pelo Governo Federal, que determina em 17% a cobran\u00e7a do Imposto sobre Circula\u00e7\u00e3o de Mercadorias e Servi\u00e7os (ICMS) em combust\u00edveis, energia el\u00e9trica, comunica\u00e7\u00f5es e transporte coletivo. [&hellip;]\" \/>\n<meta property=\"og:url\" content=\"https:\/\/folhapopular.info\/index.php\/2022\/07\/02\/governo-do-rio-grande-do-sul-anuncia-reducao-no-icms-da-gasolina\/\" \/>\n<meta property=\"og:site_name\" content=\"Folha Popular\" \/>\n<meta property=\"article:published_time\" content=\"2022-07-02T14:06:37+00:00\" \/>\n<meta property=\"article:modified_time\" content=\"2022-07-02T14:06:39+00:00\" \/>\n<meta property=\"og:image\" content=\"http:\/\/folhapopular.info\/wp-content\/uploads\/2022\/07\/unnamed-4.jpg\" \/>\n\t<meta property=\"og:image:width\" content=\"800\" \/>\n\t<meta property=\"og:image:height\" content=\"450\" \/>\n\t<meta property=\"og:image:type\" content=\"image\/jpeg\" \/>\n<meta name=\"author\" content=\"Reda\u00e7\u00e3o Folha Popular\" \/>\n<meta name=\"twitter:card\" content=\"summary_large_image\" \/>\n<meta name=\"twitter:label1\" content=\"Escrito por\" \/>\n\t<meta name=\"twitter:data1\" content=\"Reda\u00e7\u00e3o Folha Popular\" \/>\n\t<meta name=\"twitter:label2\" content=\"Est. tempo de leitura\" \/>\n\t<meta name=\"twitter:data2\" content=\"4 minutos\" \/>\n<script type=\"application\/ld+json\" class=\"yoast-schema-graph\">{\"@context\":\"https:\\\/\\\/schema.org\",\"@graph\":[{\"@type\":\"Article\",\"@id\":\"https:\\\/\\\/folhapopular.info\\\/index.php\\\/2022\\\/07\\\/02\\\/governo-do-rio-grande-do-sul-anuncia-reducao-no-icms-da-gasolina\\\/#article\",\"isPartOf\":{\"@id\":\"https:\\\/\\\/folhapopular.info\\\/index.php\\\/2022\\\/07\\\/02\\\/governo-do-rio-grande-do-sul-anuncia-reducao-no-icms-da-gasolina\\\/\"},\"author\":{\"name\":\"Reda\u00e7\u00e3o Folha Popular\",\"@id\":\"https:\\\/\\\/folhapopular.info\\\/#\\\/schema\\\/person\\\/2814e8a0df7643585a9ca38bc6eb9d4b\"},\"headline\":\"Governo do Rio Grande do Sul anuncia redu\u00e7\u00e3o no ICMS da gasolina\",\"datePublished\":\"2022-07-02T14:06:37+00:00\",\"dateModified\":\"2022-07-02T14:06:39+00:00\",\"mainEntityOfPage\":{\"@id\":\"https:\\\/\\\/folhapopular.info\\\/index.php\\\/2022\\\/07\\\/02\\\/governo-do-rio-grande-do-sul-anuncia-reducao-no-icms-da-gasolina\\\/\"},\"wordCount\":781,\"commentCount\":0,\"image\":{\"@id\":\"https:\\\/\\\/folhapopular.info\\\/index.php\\\/2022\\\/07\\\/02\\\/governo-do-rio-grande-do-sul-anuncia-reducao-no-icms-da-gasolina\\\/#primaryimage\"},\"thumbnailUrl\":\"https:\\\/\\\/folhapopular.info\\\/wp-content\\\/uploads\\\/2022\\\/07\\\/unnamed-4.jpg\",\"keywords\":[\"Gasolina\",\"Governo do Estado\",\"ICMS\",\"Rio Grande do Sul\"],\"articleSection\":[\"Geral\"],\"inLanguage\":\"pt-BR\",\"potentialAction\":[{\"@type\":\"CommentAction\",\"name\":\"Comment\",\"target\":[\"https:\\\/\\\/folhapopular.info\\\/index.php\\\/2022\\\/07\\\/02\\\/governo-do-rio-grande-do-sul-anuncia-reducao-no-icms-da-gasolina\\\/#respond\"]}]},{\"@type\":\"WebPage\",\"@id\":\"https:\\\/\\\/folhapopular.info\\\/index.php\\\/2022\\\/07\\\/02\\\/governo-do-rio-grande-do-sul-anuncia-reducao-no-icms-da-gasolina\\\/\",\"url\":\"https:\\\/\\\/folhapopular.info\\\/index.php\\\/2022\\\/07\\\/02\\\/governo-do-rio-grande-do-sul-anuncia-reducao-no-icms-da-gasolina\\\/\",\"name\":\"Governo do Rio Grande do Sul anuncia redu\u00e7\u00e3o no ICMS da gasolina - Folha Popular\",\"isPartOf\":{\"@id\":\"https:\\\/\\\/folhapopular.info\\\/#website\"},\"primaryImageOfPage\":{\"@id\":\"https:\\\/\\\/folhapopular.info\\\/index.php\\\/2022\\\/07\\\/02\\\/governo-do-rio-grande-do-sul-anuncia-reducao-no-icms-da-gasolina\\\/#primaryimage\"},\"image\":{\"@id\":\"https:\\\/\\\/folhapopular.info\\\/index.php\\\/2022\\\/07\\\/02\\\/governo-do-rio-grande-do-sul-anuncia-reducao-no-icms-da-gasolina\\\/#primaryimage\"},\"thumbnailUrl\":\"https:\\\/\\\/folhapopular.info\\\/wp-content\\\/uploads\\\/2022\\\/07\\\/unnamed-4.jpg\",\"datePublished\":\"2022-07-02T14:06:37+00:00\",\"dateModified\":\"2022-07-02T14:06:39+00:00\",\"author\":{\"@id\":\"https:\\\/\\\/folhapopular.info\\\/#\\\/schema\\\/person\\\/2814e8a0df7643585a9ca38bc6eb9d4b\"},\"breadcrumb\":{\"@id\":\"https:\\\/\\\/folhapopular.info\\\/index.php\\\/2022\\\/07\\\/02\\\/governo-do-rio-grande-do-sul-anuncia-reducao-no-icms-da-gasolina\\\/#breadcrumb\"},\"inLanguage\":\"pt-BR\",\"potentialAction\":[{\"@type\":\"ReadAction\",\"target\":[\"https:\\\/\\\/folhapopular.info\\\/index.php\\\/2022\\\/07\\\/02\\\/governo-do-rio-grande-do-sul-anuncia-reducao-no-icms-da-gasolina\\\/\"]}]},{\"@type\":\"ImageObject\",\"inLanguage\":\"pt-BR\",\"@id\":\"https:\\\/\\\/folhapopular.info\\\/index.php\\\/2022\\\/07\\\/02\\\/governo-do-rio-grande-do-sul-anuncia-reducao-no-icms-da-gasolina\\\/#primaryimage\",\"url\":\"https:\\\/\\\/folhapopular.info\\\/wp-content\\\/uploads\\\/2022\\\/07\\\/unnamed-4.jpg\",\"contentUrl\":\"https:\\\/\\\/folhapopular.info\\\/wp-content\\\/uploads\\\/2022\\\/07\\\/unnamed-4.jpg\",\"width\":800,\"height\":450,\"caption\":\"Governador Ranolfo conduziu entrevista coletiva realizada de forma virtual com a participa\u00e7\u00e3o de secret\u00e1rios e de jornalistas \\\/ Cr\u00e9dito: Gustavo Mansur \\\/ Pal\u00e1cio Piratini \\\/ Divulga\u00e7\u00e3o\"},{\"@type\":\"BreadcrumbList\",\"@id\":\"https:\\\/\\\/folhapopular.info\\\/index.php\\\/2022\\\/07\\\/02\\\/governo-do-rio-grande-do-sul-anuncia-reducao-no-icms-da-gasolina\\\/#breadcrumb\",\"itemListElement\":[{\"@type\":\"ListItem\",\"position\":1,\"name\":\"In\u00edcio\",\"item\":\"https:\\\/\\\/folhapopular.info\\\/\"},{\"@type\":\"ListItem\",\"position\":2,\"name\":\"Governo do Rio Grande do Sul anuncia redu\u00e7\u00e3o no ICMS da gasolina\"}]},{\"@type\":\"WebSite\",\"@id\":\"https:\\\/\\\/folhapopular.info\\\/#website\",\"url\":\"https:\\\/\\\/folhapopular.info\\\/\",\"name\":\"Folha Popular\",\"description\":\"Onde voc\u00ea tem vez e voz\",\"potentialAction\":[{\"@type\":\"SearchAction\",\"target\":{\"@type\":\"EntryPoint\",\"urlTemplate\":\"https:\\\/\\\/folhapopular.info\\\/?s={search_term_string}\"},\"query-input\":{\"@type\":\"PropertyValueSpecification\",\"valueRequired\":true,\"valueName\":\"search_term_string\"}}],\"inLanguage\":\"pt-BR\"},{\"@type\":\"Person\",\"@id\":\"https:\\\/\\\/folhapopular.info\\\/#\\\/schema\\\/person\\\/2814e8a0df7643585a9ca38bc6eb9d4b\",\"name\":\"Reda\u00e7\u00e3o Folha Popular\",\"image\":{\"@type\":\"ImageObject\",\"inLanguage\":\"pt-BR\",\"@id\":\"https:\\\/\\\/folhapopular.info\\\/wp-content\\\/uploads\\\/2026\\\/04\\\/Folha-1.webp\",\"url\":\"https:\\\/\\\/folhapopular.info\\\/wp-content\\\/uploads\\\/2026\\\/04\\\/Folha-1.webp\",\"contentUrl\":\"https:\\\/\\\/folhapopular.info\\\/wp-content\\\/uploads\\\/2026\\\/04\\\/Folha-1.webp\",\"caption\":\"Reda\u00e7\u00e3o Folha Popular\"},\"url\":\"https:\\\/\\\/folhapopular.info\\\/index.php\\\/author\\\/redacao\\\/\"}]}<\/script>\n<!-- \/ Yoast SEO plugin. -->","yoast_head_json":{"title":"Governo do Rio Grande do Sul anuncia redu\u00e7\u00e3o no ICMS da gasolina - Folha Popular","robots":{"index":"index","follow":"follow","max-snippet":"max-snippet:-1","max-image-preview":"max-image-preview:large","max-video-preview":"max-video-preview:-1"},"canonical":"https:\/\/folhapopular.info\/index.php\/2022\/07\/02\/governo-do-rio-grande-do-sul-anuncia-reducao-no-icms-da-gasolina\/","og_locale":"pt_BR","og_type":"article","og_title":"Governo do Rio Grande do Sul anuncia redu\u00e7\u00e3o no ICMS da gasolina - Folha Popular","og_description":"Na manh\u00e3 de sexta-feira (1\u00ba\/7), o governador do Estado, Ranolfo Vieira J\u00fanior, anunciou em coletiva de imprensa, que o governo do Estado se ajustar\u00e1 \u00e0 Lei Complementar 194, proposta pelo Governo Federal, que determina em 17% a cobran\u00e7a do Imposto sobre Circula\u00e7\u00e3o de Mercadorias e Servi\u00e7os (ICMS) em combust\u00edveis, energia el\u00e9trica, comunica\u00e7\u00f5es e transporte coletivo. [&hellip;]","og_url":"https:\/\/folhapopular.info\/index.php\/2022\/07\/02\/governo-do-rio-grande-do-sul-anuncia-reducao-no-icms-da-gasolina\/","og_site_name":"Folha Popular","article_published_time":"2022-07-02T14:06:37+00:00","article_modified_time":"2022-07-02T14:06:39+00:00","og_image":[{"width":800,"height":450,"url":"http:\/\/folhapopular.info\/wp-content\/uploads\/2022\/07\/unnamed-4.jpg","type":"image\/jpeg"}],"author":"Reda\u00e7\u00e3o Folha Popular","twitter_card":"summary_large_image","twitter_misc":{"Escrito por":"Reda\u00e7\u00e3o Folha Popular","Est. tempo de leitura":"4 minutos"},"schema":{"@context":"https:\/\/schema.org","@graph":[{"@type":"Article","@id":"https:\/\/folhapopular.info\/index.php\/2022\/07\/02\/governo-do-rio-grande-do-sul-anuncia-reducao-no-icms-da-gasolina\/#article","isPartOf":{"@id":"https:\/\/folhapopular.info\/index.php\/2022\/07\/02\/governo-do-rio-grande-do-sul-anuncia-reducao-no-icms-da-gasolina\/"},"author":{"name":"Reda\u00e7\u00e3o Folha Popular","@id":"https:\/\/folhapopular.info\/#\/schema\/person\/2814e8a0df7643585a9ca38bc6eb9d4b"},"headline":"Governo do Rio Grande do Sul anuncia redu\u00e7\u00e3o no ICMS da gasolina","datePublished":"2022-07-02T14:06:37+00:00","dateModified":"2022-07-02T14:06:39+00:00","mainEntityOfPage":{"@id":"https:\/\/folhapopular.info\/index.php\/2022\/07\/02\/governo-do-rio-grande-do-sul-anuncia-reducao-no-icms-da-gasolina\/"},"wordCount":781,"commentCount":0,"image":{"@id":"https:\/\/folhapopular.info\/index.php\/2022\/07\/02\/governo-do-rio-grande-do-sul-anuncia-reducao-no-icms-da-gasolina\/#primaryimage"},"thumbnailUrl":"https:\/\/folhapopular.info\/wp-content\/uploads\/2022\/07\/unnamed-4.jpg","keywords":["Gasolina","Governo do Estado","ICMS","Rio Grande do Sul"],"articleSection":["Geral"],"inLanguage":"pt-BR","potentialAction":[{"@type":"CommentAction","name":"Comment","target":["https:\/\/folhapopular.info\/index.php\/2022\/07\/02\/governo-do-rio-grande-do-sul-anuncia-reducao-no-icms-da-gasolina\/#respond"]}]},{"@type":"WebPage","@id":"https:\/\/folhapopular.info\/index.php\/2022\/07\/02\/governo-do-rio-grande-do-sul-anuncia-reducao-no-icms-da-gasolina\/","url":"https:\/\/folhapopular.info\/index.php\/2022\/07\/02\/governo-do-rio-grande-do-sul-anuncia-reducao-no-icms-da-gasolina\/","name":"Governo do Rio Grande do Sul anuncia redu\u00e7\u00e3o no ICMS da gasolina - Folha Popular","isPartOf":{"@id":"https:\/\/folhapopular.info\/#website"},"primaryImageOfPage":{"@id":"https:\/\/folhapopular.info\/index.php\/2022\/07\/02\/governo-do-rio-grande-do-sul-anuncia-reducao-no-icms-da-gasolina\/#primaryimage"},"image":{"@id":"https:\/\/folhapopular.info\/index.php\/2022\/07\/02\/governo-do-rio-grande-do-sul-anuncia-reducao-no-icms-da-gasolina\/#primaryimage"},"thumbnailUrl":"https:\/\/folhapopular.info\/wp-content\/uploads\/2022\/07\/unnamed-4.jpg","datePublished":"2022-07-02T14:06:37+00:00","dateModified":"2022-07-02T14:06:39+00:00","author":{"@id":"https:\/\/folhapopular.info\/#\/schema\/person\/2814e8a0df7643585a9ca38bc6eb9d4b"},"breadcrumb":{"@id":"https:\/\/folhapopular.info\/index.php\/2022\/07\/02\/governo-do-rio-grande-do-sul-anuncia-reducao-no-icms-da-gasolina\/#breadcrumb"},"inLanguage":"pt-BR","potentialAction":[{"@type":"ReadAction","target":["https:\/\/folhapopular.info\/index.php\/2022\/07\/02\/governo-do-rio-grande-do-sul-anuncia-reducao-no-icms-da-gasolina\/"]}]},{"@type":"ImageObject","inLanguage":"pt-BR","@id":"https:\/\/folhapopular.info\/index.php\/2022\/07\/02\/governo-do-rio-grande-do-sul-anuncia-reducao-no-icms-da-gasolina\/#primaryimage","url":"https:\/\/folhapopular.info\/wp-content\/uploads\/2022\/07\/unnamed-4.jpg","contentUrl":"https:\/\/folhapopular.info\/wp-content\/uploads\/2022\/07\/unnamed-4.jpg","width":800,"height":450,"caption":"Governador Ranolfo conduziu entrevista coletiva realizada de forma virtual com a participa\u00e7\u00e3o de secret\u00e1rios e de jornalistas \/ Cr\u00e9dito: Gustavo Mansur \/ Pal\u00e1cio Piratini \/ Divulga\u00e7\u00e3o"},{"@type":"BreadcrumbList","@id":"https:\/\/folhapopular.info\/index.php\/2022\/07\/02\/governo-do-rio-grande-do-sul-anuncia-reducao-no-icms-da-gasolina\/#breadcrumb","itemListElement":[{"@type":"ListItem","position":1,"name":"In\u00edcio","item":"https:\/\/folhapopular.info\/"},{"@type":"ListItem","position":2,"name":"Governo do Rio Grande do Sul anuncia redu\u00e7\u00e3o no ICMS da gasolina"}]},{"@type":"WebSite","@id":"https:\/\/folhapopular.info\/#website","url":"https:\/\/folhapopular.info\/","name":"Folha Popular","description":"Onde voc\u00ea tem vez e voz","potentialAction":[{"@type":"SearchAction","target":{"@type":"EntryPoint","urlTemplate":"https:\/\/folhapopular.info\/?s={search_term_string}"},"query-input":{"@type":"PropertyValueSpecification","valueRequired":true,"valueName":"search_term_string"}}],"inLanguage":"pt-BR"},{"@type":"Person","@id":"https:\/\/folhapopular.info\/#\/schema\/person\/2814e8a0df7643585a9ca38bc6eb9d4b","name":"Reda\u00e7\u00e3o Folha Popular","image":{"@type":"ImageObject","inLanguage":"pt-BR","@id":"https:\/\/folhapopular.info\/wp-content\/uploads\/2026\/04\/Folha-1.webp","url":"https:\/\/folhapopular.info\/wp-content\/uploads\/2026\/04\/Folha-1.webp","contentUrl":"https:\/\/folhapopular.info\/wp-content\/uploads\/2026\/04\/Folha-1.webp","caption":"Reda\u00e7\u00e3o Folha Popular"},"url":"https:\/\/folhapopular.info\/index.php\/author\/redacao\/"}]}},"jetpack_featured_media_url":"https:\/\/folhapopular.info\/wp-content\/uploads\/2022\/07\/unnamed-4.jpg","jetpack_sharing_enabled":true,"amp_enabled":true,"_links":{"self":[{"href":"https:\/\/folhapopular.info\/index.php\/wp-json\/wp\/v2\/posts\/107723","targetHints":{"allow":["GET"]}}],"collection":[{"href":"https:\/\/folhapopular.info\/index.php\/wp-json\/wp\/v2\/posts"}],"about":[{"href":"https:\/\/folhapopular.info\/index.php\/wp-json\/wp\/v2\/types\/post"}],"author":[{"embeddable":true,"href":"https:\/\/folhapopular.info\/index.php\/wp-json\/wp\/v2\/users\/8"}],"replies":[{"embeddable":true,"href":"https:\/\/folhapopular.info\/index.php\/wp-json\/wp\/v2\/comments?post=107723"}],"version-history":[{"count":0,"href":"https:\/\/folhapopular.info\/index.php\/wp-json\/wp\/v2\/posts\/107723\/revisions"}],"wp:featuredmedia":[{"embeddable":true,"href":"https:\/\/folhapopular.info\/index.php\/wp-json\/wp\/v2\/media\/107724"}],"wp:attachment":[{"href":"https:\/\/folhapopular.info\/index.php\/wp-json\/wp\/v2\/media?parent=107723"}],"wp:term":[{"taxonomy":"category","embeddable":true,"href":"https:\/\/folhapopular.info\/index.php\/wp-json\/wp\/v2\/categories?post=107723"},{"taxonomy":"post_tag","embeddable":true,"href":"https:\/\/folhapopular.info\/index.php\/wp-json\/wp\/v2\/tags?post=107723"}],"curies":[{"name":"wp","href":"https:\/\/api.w.org\/{rel}","templated":true}]}}