{"id":107831,"date":"2022-07-04T19:54:33","date_gmt":"2022-07-04T22:54:33","guid":{"rendered":"https:\/\/folhapopular.info\/?p=107831"},"modified":"2022-07-04T19:54:38","modified_gmt":"2022-07-04T22:54:38","slug":"emef-arco-iris-de-imigrante-tem-novo-espaco-para-a-biblioteca","status":"publish","type":"post","link":"https:\/\/folhapopular.info\/index.php\/2022\/07\/04\/emef-arco-iris-de-imigrante-tem-novo-espaco-para-a-biblioteca\/","title":{"rendered":"Emef Arco-\u00cdris de Imigrante tem novo espa\u00e7o para a biblioteca"},"content":{"rendered":"\n<p>A biblioteca da Escola Municipal de Ensino Fundamental (Emef) Arco \u00cdris, de Imigrante, foi reformada recentemente, com aux\u00edlio da Associa\u00e7\u00e3o de Pais e Mestres (APM) e da Prefeitura. As melhorias contemplam pintura, o revestimento cer\u00e2mico da parede e a m\u00e3o de obra.<\/p>\n\n\n\n<p>A diretora da Emef, Francielle B\u00fccker, descreve que \u201co espa\u00e7o ficou ainda mais aconchegante e com um cantinho especial para momentos de leitura com puffs e tapete estofado em couro ecol\u00f3gico\u201d.<\/p>\n\n\n\n<p>Os puffs e o tapete foram adquiridos com o dinheiro da venda de material reciclado, do Projeto Lixo Zero, em parceria com a Empresa Gota Limpa.<\/p>\n","protected":false},"excerpt":{"rendered":"<p>A biblioteca da Escola Municipal de Ensino Fundamental (Emef) Arco \u00cdris, de Imigrante, foi reformada recentemente, com aux\u00edlio da Associa\u00e7\u00e3o de Pais e Mestres (APM) e da Prefeitura. As melhorias contemplam pintura, o revestimento cer\u00e2mico da parede e a m\u00e3o de obra. A diretora da Emef, Francielle B\u00fccker, descreve que \u201co espa\u00e7o ficou ainda mais [&hellip;]<\/p>\n","protected":false},"author":8,"featured_media":107832,"comment_status":"open","ping_status":"open","sticky":false,"template":"","format":"standard","meta":{"pmpro_default_level":"","_jetpack_memberships_contains_paid_content":false,"footnotes":""},"categories":[3],"tags":[3980,1891,3675,34],"class_list":{"0":"post-107831","1":"post","2":"type-post","3":"status-publish","4":"format-standard","5":"has-post-thumbnail","7":"category-geral","8":"tag-arco-iris","9":"tag-biblioteca","10":"tag-emef","11":"tag-imigrante","12":"pmpro-has-access"},"yoast_head":"<!-- This site is optimized with the Yoast SEO plugin v27.5 - https:\/\/yoast.com\/product\/yoast-seo-wordpress\/ -->\n<title>Emef Arco-\u00cdris de Imigrante tem novo espa\u00e7o para a biblioteca - Folha Popular<\/title>\n<meta name=\"robots\" content=\"index, follow, max-snippet:-1, max-image-preview:large, max-video-preview:-1\" \/>\n<link rel=\"canonical\" href=\"https:\/\/folhapopular.info\/index.php\/2022\/07\/04\/emef-arco-iris-de-imigrante-tem-novo-espaco-para-a-biblioteca\/\" \/>\n<meta property=\"og:locale\" content=\"pt_BR\" \/>\n<meta property=\"og:type\" content=\"article\" \/>\n<meta property=\"og:title\" content=\"Emef Arco-\u00cdris de Imigrante tem novo espa\u00e7o para a biblioteca - Folha Popular\" \/>\n<meta property=\"og:description\" content=\"A biblioteca da Escola Municipal de Ensino Fundamental (Emef) Arco \u00cdris, de Imigrante, foi reformada recentemente, com aux\u00edlio da Associa\u00e7\u00e3o de Pais e Mestres (APM) e da Prefeitura. As melhorias contemplam pintura, o revestimento cer\u00e2mico da parede e a m\u00e3o de obra. A diretora da Emef, Francielle B\u00fccker, descreve que \u201co espa\u00e7o ficou ainda mais [&hellip;]\" \/>\n<meta property=\"og:url\" content=\"https:\/\/folhapopular.info\/index.php\/2022\/07\/04\/emef-arco-iris-de-imigrante-tem-novo-espaco-para-a-biblioteca\/\" \/>\n<meta property=\"og:site_name\" content=\"Folha Popular\" \/>\n<meta property=\"article:published_time\" content=\"2022-07-04T22:54:33+00:00\" \/>\n<meta property=\"article:modified_time\" content=\"2022-07-04T22:54:38+00:00\" \/>\n<meta property=\"og:image\" content=\"http:\/\/folhapopular.info\/wp-content\/uploads\/2022\/07\/BIBLIOTECA-2-e1656966682106.jpeg\" \/>\n\t<meta property=\"og:image:width\" content=\"1200\" \/>\n\t<meta property=\"og:image:height\" content=\"802\" \/>\n\t<meta property=\"og:image:type\" content=\"image\/jpeg\" \/>\n<meta name=\"author\" content=\"Reda\u00e7\u00e3o Folha Popular\" \/>\n<meta name=\"twitter:card\" content=\"summary_large_image\" \/>\n<meta name=\"twitter:label1\" content=\"Escrito por\" \/>\n\t<meta name=\"twitter:data1\" content=\"Reda\u00e7\u00e3o Folha Popular\" \/>\n\t<meta name=\"twitter:label2\" content=\"Est. tempo de leitura\" \/>\n\t<meta name=\"twitter:data2\" content=\"1 minuto\" \/>\n<script type=\"application\/ld+json\" class=\"yoast-schema-graph\">{\"@context\":\"https:\\\/\\\/schema.org\",\"@graph\":[{\"@type\":\"Article\",\"@id\":\"https:\\\/\\\/folhapopular.info\\\/index.php\\\/2022\\\/07\\\/04\\\/emef-arco-iris-de-imigrante-tem-novo-espaco-para-a-biblioteca\\\/#article\",\"isPartOf\":{\"@id\":\"https:\\\/\\\/folhapopular.info\\\/index.php\\\/2022\\\/07\\\/04\\\/emef-arco-iris-de-imigrante-tem-novo-espaco-para-a-biblioteca\\\/\"},\"author\":{\"name\":\"Reda\u00e7\u00e3o Folha Popular\",\"@id\":\"https:\\\/\\\/folhapopular.info\\\/#\\\/schema\\\/person\\\/2814e8a0df7643585a9ca38bc6eb9d4b\"},\"headline\":\"Emef Arco-\u00cdris de Imigrante tem novo espa\u00e7o para a biblioteca\",\"datePublished\":\"2022-07-04T22:54:33+00:00\",\"dateModified\":\"2022-07-04T22:54:38+00:00\",\"mainEntityOfPage\":{\"@id\":\"https:\\\/\\\/folhapopular.info\\\/index.php\\\/2022\\\/07\\\/04\\\/emef-arco-iris-de-imigrante-tem-novo-espaco-para-a-biblioteca\\\/\"},\"wordCount\":118,\"commentCount\":0,\"image\":{\"@id\":\"https:\\\/\\\/folhapopular.info\\\/index.php\\\/2022\\\/07\\\/04\\\/emef-arco-iris-de-imigrante-tem-novo-espaco-para-a-biblioteca\\\/#primaryimage\"},\"thumbnailUrl\":\"https:\\\/\\\/folhapopular.info\\\/wp-content\\\/uploads\\\/2022\\\/07\\\/BIBLIOTECA-2-e1656966682106.jpeg\",\"keywords\":[\"Arco-\u00cdris\",\"Biblioteca\",\"EMEF\",\"Imigrante\"],\"articleSection\":[\"Geral\"],\"inLanguage\":\"pt-BR\",\"potentialAction\":[{\"@type\":\"CommentAction\",\"name\":\"Comment\",\"target\":[\"https:\\\/\\\/folhapopular.info\\\/index.php\\\/2022\\\/07\\\/04\\\/emef-arco-iris-de-imigrante-tem-novo-espaco-para-a-biblioteca\\\/#respond\"]}]},{\"@type\":\"WebPage\",\"@id\":\"https:\\\/\\\/folhapopular.info\\\/index.php\\\/2022\\\/07\\\/04\\\/emef-arco-iris-de-imigrante-tem-novo-espaco-para-a-biblioteca\\\/\",\"url\":\"https:\\\/\\\/folhapopular.info\\\/index.php\\\/2022\\\/07\\\/04\\\/emef-arco-iris-de-imigrante-tem-novo-espaco-para-a-biblioteca\\\/\",\"name\":\"Emef Arco-\u00cdris de Imigrante tem novo espa\u00e7o para a biblioteca - Folha Popular\",\"isPartOf\":{\"@id\":\"https:\\\/\\\/folhapopular.info\\\/#website\"},\"primaryImageOfPage\":{\"@id\":\"https:\\\/\\\/folhapopular.info\\\/index.php\\\/2022\\\/07\\\/04\\\/emef-arco-iris-de-imigrante-tem-novo-espaco-para-a-biblioteca\\\/#primaryimage\"},\"image\":{\"@id\":\"https:\\\/\\\/folhapopular.info\\\/index.php\\\/2022\\\/07\\\/04\\\/emef-arco-iris-de-imigrante-tem-novo-espaco-para-a-biblioteca\\\/#primaryimage\"},\"thumbnailUrl\":\"https:\\\/\\\/folhapopular.info\\\/wp-content\\\/uploads\\\/2022\\\/07\\\/BIBLIOTECA-2-e1656966682106.jpeg\",\"datePublished\":\"2022-07-04T22:54:33+00:00\",\"dateModified\":\"2022-07-04T22:54:38+00:00\",\"author\":{\"@id\":\"https:\\\/\\\/folhapopular.info\\\/#\\\/schema\\\/person\\\/2814e8a0df7643585a9ca38bc6eb9d4b\"},\"breadcrumb\":{\"@id\":\"https:\\\/\\\/folhapopular.info\\\/index.php\\\/2022\\\/07\\\/04\\\/emef-arco-iris-de-imigrante-tem-novo-espaco-para-a-biblioteca\\\/#breadcrumb\"},\"inLanguage\":\"pt-BR\",\"potentialAction\":[{\"@type\":\"ReadAction\",\"target\":[\"https:\\\/\\\/folhapopular.info\\\/index.php\\\/2022\\\/07\\\/04\\\/emef-arco-iris-de-imigrante-tem-novo-espaco-para-a-biblioteca\\\/\"]}]},{\"@type\":\"ImageObject\",\"inLanguage\":\"pt-BR\",\"@id\":\"https:\\\/\\\/folhapopular.info\\\/index.php\\\/2022\\\/07\\\/04\\\/emef-arco-iris-de-imigrante-tem-novo-espaco-para-a-biblioteca\\\/#primaryimage\",\"url\":\"https:\\\/\\\/folhapopular.info\\\/wp-content\\\/uploads\\\/2022\\\/07\\\/BIBLIOTECA-2-e1656966682106.jpeg\",\"contentUrl\":\"https:\\\/\\\/folhapopular.info\\\/wp-content\\\/uploads\\\/2022\\\/07\\\/BIBLIOTECA-2-e1656966682106.jpeg\",\"width\":1200,\"height\":802,\"caption\":\"Cr\u00e9dito: Cris Thom\u00e9 \\\/ Divulga\u00e7\u00e3o\"},{\"@type\":\"BreadcrumbList\",\"@id\":\"https:\\\/\\\/folhapopular.info\\\/index.php\\\/2022\\\/07\\\/04\\\/emef-arco-iris-de-imigrante-tem-novo-espaco-para-a-biblioteca\\\/#breadcrumb\",\"itemListElement\":[{\"@type\":\"ListItem\",\"position\":1,\"name\":\"In\u00edcio\",\"item\":\"https:\\\/\\\/folhapopular.info\\\/\"},{\"@type\":\"ListItem\",\"position\":2,\"name\":\"Emef Arco-\u00cdris de Imigrante tem novo espa\u00e7o para a biblioteca\"}]},{\"@type\":\"WebSite\",\"@id\":\"https:\\\/\\\/folhapopular.info\\\/#website\",\"url\":\"https:\\\/\\\/folhapopular.info\\\/\",\"name\":\"Folha Popular\",\"description\":\"Onde voc\u00ea tem vez e voz\",\"potentialAction\":[{\"@type\":\"SearchAction\",\"target\":{\"@type\":\"EntryPoint\",\"urlTemplate\":\"https:\\\/\\\/folhapopular.info\\\/?s={search_term_string}\"},\"query-input\":{\"@type\":\"PropertyValueSpecification\",\"valueRequired\":true,\"valueName\":\"search_term_string\"}}],\"inLanguage\":\"pt-BR\"},{\"@type\":\"Person\",\"@id\":\"https:\\\/\\\/folhapopular.info\\\/#\\\/schema\\\/person\\\/2814e8a0df7643585a9ca38bc6eb9d4b\",\"name\":\"Reda\u00e7\u00e3o Folha Popular\",\"image\":{\"@type\":\"ImageObject\",\"inLanguage\":\"pt-BR\",\"@id\":\"https:\\\/\\\/folhapopular.info\\\/wp-content\\\/uploads\\\/2026\\\/04\\\/Folha-1.webp\",\"url\":\"https:\\\/\\\/folhapopular.info\\\/wp-content\\\/uploads\\\/2026\\\/04\\\/Folha-1.webp\",\"contentUrl\":\"https:\\\/\\\/folhapopular.info\\\/wp-content\\\/uploads\\\/2026\\\/04\\\/Folha-1.webp\",\"caption\":\"Reda\u00e7\u00e3o Folha Popular\"},\"url\":\"https:\\\/\\\/folhapopular.info\\\/index.php\\\/author\\\/redacao\\\/\"}]}<\/script>\n<!-- \/ Yoast SEO plugin. -->","yoast_head_json":{"title":"Emef Arco-\u00cdris de Imigrante tem novo espa\u00e7o para a biblioteca - Folha Popular","robots":{"index":"index","follow":"follow","max-snippet":"max-snippet:-1","max-image-preview":"max-image-preview:large","max-video-preview":"max-video-preview:-1"},"canonical":"https:\/\/folhapopular.info\/index.php\/2022\/07\/04\/emef-arco-iris-de-imigrante-tem-novo-espaco-para-a-biblioteca\/","og_locale":"pt_BR","og_type":"article","og_title":"Emef Arco-\u00cdris de Imigrante tem novo espa\u00e7o para a biblioteca - Folha Popular","og_description":"A biblioteca da Escola Municipal de Ensino Fundamental (Emef) Arco \u00cdris, de Imigrante, foi reformada recentemente, com aux\u00edlio da Associa\u00e7\u00e3o de Pais e Mestres (APM) e da Prefeitura. As melhorias contemplam pintura, o revestimento cer\u00e2mico da parede e a m\u00e3o de obra. A diretora da Emef, Francielle B\u00fccker, descreve que \u201co espa\u00e7o ficou ainda mais [&hellip;]","og_url":"https:\/\/folhapopular.info\/index.php\/2022\/07\/04\/emef-arco-iris-de-imigrante-tem-novo-espaco-para-a-biblioteca\/","og_site_name":"Folha Popular","article_published_time":"2022-07-04T22:54:33+00:00","article_modified_time":"2022-07-04T22:54:38+00:00","og_image":[{"width":1200,"height":802,"url":"http:\/\/folhapopular.info\/wp-content\/uploads\/2022\/07\/BIBLIOTECA-2-e1656966682106.jpeg","type":"image\/jpeg"}],"author":"Reda\u00e7\u00e3o Folha Popular","twitter_card":"summary_large_image","twitter_misc":{"Escrito por":"Reda\u00e7\u00e3o Folha Popular","Est. tempo de leitura":"1 minuto"},"schema":{"@context":"https:\/\/schema.org","@graph":[{"@type":"Article","@id":"https:\/\/folhapopular.info\/index.php\/2022\/07\/04\/emef-arco-iris-de-imigrante-tem-novo-espaco-para-a-biblioteca\/#article","isPartOf":{"@id":"https:\/\/folhapopular.info\/index.php\/2022\/07\/04\/emef-arco-iris-de-imigrante-tem-novo-espaco-para-a-biblioteca\/"},"author":{"name":"Reda\u00e7\u00e3o Folha Popular","@id":"https:\/\/folhapopular.info\/#\/schema\/person\/2814e8a0df7643585a9ca38bc6eb9d4b"},"headline":"Emef Arco-\u00cdris de Imigrante tem novo espa\u00e7o para a biblioteca","datePublished":"2022-07-04T22:54:33+00:00","dateModified":"2022-07-04T22:54:38+00:00","mainEntityOfPage":{"@id":"https:\/\/folhapopular.info\/index.php\/2022\/07\/04\/emef-arco-iris-de-imigrante-tem-novo-espaco-para-a-biblioteca\/"},"wordCount":118,"commentCount":0,"image":{"@id":"https:\/\/folhapopular.info\/index.php\/2022\/07\/04\/emef-arco-iris-de-imigrante-tem-novo-espaco-para-a-biblioteca\/#primaryimage"},"thumbnailUrl":"https:\/\/folhapopular.info\/wp-content\/uploads\/2022\/07\/BIBLIOTECA-2-e1656966682106.jpeg","keywords":["Arco-\u00cdris","Biblioteca","EMEF","Imigrante"],"articleSection":["Geral"],"inLanguage":"pt-BR","potentialAction":[{"@type":"CommentAction","name":"Comment","target":["https:\/\/folhapopular.info\/index.php\/2022\/07\/04\/emef-arco-iris-de-imigrante-tem-novo-espaco-para-a-biblioteca\/#respond"]}]},{"@type":"WebPage","@id":"https:\/\/folhapopular.info\/index.php\/2022\/07\/04\/emef-arco-iris-de-imigrante-tem-novo-espaco-para-a-biblioteca\/","url":"https:\/\/folhapopular.info\/index.php\/2022\/07\/04\/emef-arco-iris-de-imigrante-tem-novo-espaco-para-a-biblioteca\/","name":"Emef Arco-\u00cdris de Imigrante tem novo espa\u00e7o para a biblioteca - Folha Popular","isPartOf":{"@id":"https:\/\/folhapopular.info\/#website"},"primaryImageOfPage":{"@id":"https:\/\/folhapopular.info\/index.php\/2022\/07\/04\/emef-arco-iris-de-imigrante-tem-novo-espaco-para-a-biblioteca\/#primaryimage"},"image":{"@id":"https:\/\/folhapopular.info\/index.php\/2022\/07\/04\/emef-arco-iris-de-imigrante-tem-novo-espaco-para-a-biblioteca\/#primaryimage"},"thumbnailUrl":"https:\/\/folhapopular.info\/wp-content\/uploads\/2022\/07\/BIBLIOTECA-2-e1656966682106.jpeg","datePublished":"2022-07-04T22:54:33+00:00","dateModified":"2022-07-04T22:54:38+00:00","author":{"@id":"https:\/\/folhapopular.info\/#\/schema\/person\/2814e8a0df7643585a9ca38bc6eb9d4b"},"breadcrumb":{"@id":"https:\/\/folhapopular.info\/index.php\/2022\/07\/04\/emef-arco-iris-de-imigrante-tem-novo-espaco-para-a-biblioteca\/#breadcrumb"},"inLanguage":"pt-BR","potentialAction":[{"@type":"ReadAction","target":["https:\/\/folhapopular.info\/index.php\/2022\/07\/04\/emef-arco-iris-de-imigrante-tem-novo-espaco-para-a-biblioteca\/"]}]},{"@type":"ImageObject","inLanguage":"pt-BR","@id":"https:\/\/folhapopular.info\/index.php\/2022\/07\/04\/emef-arco-iris-de-imigrante-tem-novo-espaco-para-a-biblioteca\/#primaryimage","url":"https:\/\/folhapopular.info\/wp-content\/uploads\/2022\/07\/BIBLIOTECA-2-e1656966682106.jpeg","contentUrl":"https:\/\/folhapopular.info\/wp-content\/uploads\/2022\/07\/BIBLIOTECA-2-e1656966682106.jpeg","width":1200,"height":802,"caption":"Cr\u00e9dito: Cris Thom\u00e9 \/ Divulga\u00e7\u00e3o"},{"@type":"BreadcrumbList","@id":"https:\/\/folhapopular.info\/index.php\/2022\/07\/04\/emef-arco-iris-de-imigrante-tem-novo-espaco-para-a-biblioteca\/#breadcrumb","itemListElement":[{"@type":"ListItem","position":1,"name":"In\u00edcio","item":"https:\/\/folhapopular.info\/"},{"@type":"ListItem","position":2,"name":"Emef Arco-\u00cdris de Imigrante tem novo espa\u00e7o para a biblioteca"}]},{"@type":"WebSite","@id":"https:\/\/folhapopular.info\/#website","url":"https:\/\/folhapopular.info\/","name":"Folha Popular","description":"Onde voc\u00ea tem vez e voz","potentialAction":[{"@type":"SearchAction","target":{"@type":"EntryPoint","urlTemplate":"https:\/\/folhapopular.info\/?s={search_term_string}"},"query-input":{"@type":"PropertyValueSpecification","valueRequired":true,"valueName":"search_term_string"}}],"inLanguage":"pt-BR"},{"@type":"Person","@id":"https:\/\/folhapopular.info\/#\/schema\/person\/2814e8a0df7643585a9ca38bc6eb9d4b","name":"Reda\u00e7\u00e3o Folha Popular","image":{"@type":"ImageObject","inLanguage":"pt-BR","@id":"https:\/\/folhapopular.info\/wp-content\/uploads\/2026\/04\/Folha-1.webp","url":"https:\/\/folhapopular.info\/wp-content\/uploads\/2026\/04\/Folha-1.webp","contentUrl":"https:\/\/folhapopular.info\/wp-content\/uploads\/2026\/04\/Folha-1.webp","caption":"Reda\u00e7\u00e3o Folha Popular"},"url":"https:\/\/folhapopular.info\/index.php\/author\/redacao\/"}]}},"jetpack_featured_media_url":"https:\/\/folhapopular.info\/wp-content\/uploads\/2022\/07\/BIBLIOTECA-2-e1656966682106.jpeg","jetpack_sharing_enabled":true,"amp_enabled":true,"_links":{"self":[{"href":"https:\/\/folhapopular.info\/index.php\/wp-json\/wp\/v2\/posts\/107831","targetHints":{"allow":["GET"]}}],"collection":[{"href":"https:\/\/folhapopular.info\/index.php\/wp-json\/wp\/v2\/posts"}],"about":[{"href":"https:\/\/folhapopular.info\/index.php\/wp-json\/wp\/v2\/types\/post"}],"author":[{"embeddable":true,"href":"https:\/\/folhapopular.info\/index.php\/wp-json\/wp\/v2\/users\/8"}],"replies":[{"embeddable":true,"href":"https:\/\/folhapopular.info\/index.php\/wp-json\/wp\/v2\/comments?post=107831"}],"version-history":[{"count":0,"href":"https:\/\/folhapopular.info\/index.php\/wp-json\/wp\/v2\/posts\/107831\/revisions"}],"wp:featuredmedia":[{"embeddable":true,"href":"https:\/\/folhapopular.info\/index.php\/wp-json\/wp\/v2\/media\/107832"}],"wp:attachment":[{"href":"https:\/\/folhapopular.info\/index.php\/wp-json\/wp\/v2\/media?parent=107831"}],"wp:term":[{"taxonomy":"category","embeddable":true,"href":"https:\/\/folhapopular.info\/index.php\/wp-json\/wp\/v2\/categories?post=107831"},{"taxonomy":"post_tag","embeddable":true,"href":"https:\/\/folhapopular.info\/index.php\/wp-json\/wp\/v2\/tags?post=107831"}],"curies":[{"name":"wp","href":"https:\/\/api.w.org\/{rel}","templated":true}]}}