{"id":107871,"date":"2022-07-05T09:26:29","date_gmt":"2022-07-05T12:26:29","guid":{"rendered":"https:\/\/folhapopular.info\/?p=107871"},"modified":"2022-07-05T09:26:34","modified_gmt":"2022-07-05T12:26:34","slug":"1o-trofeu-westfalia-de-atletismo-mobiliza-atletas-de-todo-o-estado","status":"publish","type":"post","link":"https:\/\/folhapopular.info\/index.php\/2022\/07\/05\/1o-trofeu-westfalia-de-atletismo-mobiliza-atletas-de-todo-o-estado\/","title":{"rendered":"<strong>1\u00ba Trof\u00e9u Westf\u00e1lia de Atletismo mobiliza atletas de todo o Estado<\/strong>"},"content":{"rendered":"\n<p>No pr\u00f3ximo s\u00e1bado (9\/7), o atletismo estar\u00e1 em evid\u00eancia no munic\u00edpio de Westf\u00e1lia. Tendo por local o Parque de Eventos, o 1\u00ba Trof\u00e9u Westf\u00e1lia de Atletismo promete mobilizar atletas de todo o Estado do Rio Grande do Sul, em provas de corrida, lan\u00e7amentos, arremessos e saltos, todas em naipes masculino e feminino.<\/p>\n\n\n\n<p>A competi\u00e7\u00e3o estadual, que reunir\u00e1 atletas das categorias Sub-12, Sub-14, Sub-16 e Sub-18, tem in\u00edcio programado para as 9h, com t\u00e9rmino previsto para as 17h. J\u00e1 est\u00e3o confirmadas as seguintes equipes: Col\u00e9gio Teut\u00f4nia (Teut\u00f4nia), Col\u00e9gio Mau\u00e1 (Santa Cruz do Sul), INH (Novo Hamburgo), Univates (Lajeado), Sogipa (Porto Alegre) e Sinodal (S\u00e3o Leopoldo).<\/p>\n\n\n\n<p>Por meio de uma parceria entre o munic\u00edpio de Westf\u00e1lia e o Col\u00e9gio Teut\u00f4nia, mantida por anos para fomentar a oferta do atletismo \u00e0s crian\u00e7as e jovens, sugeriu-se a promo\u00e7\u00e3o da atividade, tendo em vista divulgar a estrutura que Westf\u00e1lia oferece para a pr\u00e1tica esportiva. A pista de atletismo, localizada junto ao Parque de Eventos, atende as medidas oficiais do atletismo e, por isso, pode sediar um evento deste porte.<\/p>\n\n\n\n<p>O professor de Educa\u00e7\u00e3o F\u00edsica, Laudenor Brune, est\u00e1 \u00e0 frente da organiza\u00e7\u00e3o da competi\u00e7\u00e3o. \u201cAs provas se estender\u00e3o durante todo o s\u00e1bado. A comunidade est\u00e1 convidada para prestigiar o 1\u00ba Trof\u00e9u Westf\u00e1lia de Atletismo, que promete reunir um n\u00famero consider\u00e1vel de atletas ga\u00fachos. Esperamos por todos\u201d, convidou ele.<\/p>\n\n\n\n<p>O 1\u00ba Trof\u00e9u Westf\u00e1lia de Atletismo \u00e9 organizado pela Secretaria de Educa\u00e7\u00e3o, Cultura, Turismo e Desporto (SMEC), com apoio da Federa\u00e7\u00e3o de Atletismo do Estado do Rio Grande do Sul (Faergs).<\/p>\n","protected":false},"excerpt":{"rendered":"<p>No pr\u00f3ximo s\u00e1bado (9\/7), o atletismo estar\u00e1 em evid\u00eancia no munic\u00edpio de Westf\u00e1lia. Tendo por local o Parque de Eventos, o 1\u00ba Trof\u00e9u Westf\u00e1lia de Atletismo promete mobilizar atletas de todo o Estado do Rio Grande do Sul, em provas de corrida, lan\u00e7amentos, arremessos e saltos, todas em naipes masculino e feminino. A competi\u00e7\u00e3o estadual, [&hellip;]<\/p>\n","protected":false},"author":8,"featured_media":107872,"comment_status":"open","ping_status":"open","sticky":false,"template":"","format":"standard","meta":{"pmpro_default_level":"","_jetpack_memberships_contains_paid_content":false,"footnotes":""},"categories":[2,5],"tags":[176,9489,25],"class_list":{"0":"post-107871","1":"post","2":"type-post","3":"status-publish","4":"format-standard","5":"has-post-thumbnail","7":"category-featured","8":"category-esportes","9":"tag-estado","10":"tag-trofeu-de-atletismo","11":"tag-westfalia","12":"pmpro-has-access"},"yoast_head":"<!-- This site is optimized with the Yoast SEO plugin v27.5 - https:\/\/yoast.com\/product\/yoast-seo-wordpress\/ -->\n<title>1\u00ba Trof\u00e9u Westf\u00e1lia de Atletismo mobiliza atletas de todo o Estado - Folha Popular<\/title>\n<meta name=\"robots\" content=\"index, follow, max-snippet:-1, max-image-preview:large, max-video-preview:-1\" \/>\n<link rel=\"canonical\" href=\"https:\/\/folhapopular.info\/index.php\/2022\/07\/05\/1o-trofeu-westfalia-de-atletismo-mobiliza-atletas-de-todo-o-estado\/\" \/>\n<meta property=\"og:locale\" content=\"pt_BR\" \/>\n<meta property=\"og:type\" content=\"article\" \/>\n<meta property=\"og:title\" content=\"1\u00ba Trof\u00e9u Westf\u00e1lia de Atletismo mobiliza atletas de todo o Estado - Folha Popular\" \/>\n<meta property=\"og:description\" content=\"No pr\u00f3ximo s\u00e1bado (9\/7), o atletismo estar\u00e1 em evid\u00eancia no munic\u00edpio de Westf\u00e1lia. Tendo por local o Parque de Eventos, o 1\u00ba Trof\u00e9u Westf\u00e1lia de Atletismo promete mobilizar atletas de todo o Estado do Rio Grande do Sul, em provas de corrida, lan\u00e7amentos, arremessos e saltos, todas em naipes masculino e feminino. A competi\u00e7\u00e3o estadual, [&hellip;]\" \/>\n<meta property=\"og:url\" content=\"https:\/\/folhapopular.info\/index.php\/2022\/07\/05\/1o-trofeu-westfalia-de-atletismo-mobiliza-atletas-de-todo-o-estado\/\" \/>\n<meta property=\"og:site_name\" content=\"Folha Popular\" \/>\n<meta property=\"article:published_time\" content=\"2022-07-05T12:26:29+00:00\" \/>\n<meta property=\"article:modified_time\" content=\"2022-07-05T12:26:34+00:00\" \/>\n<meta property=\"og:image\" content=\"http:\/\/folhapopular.info\/wp-content\/uploads\/2022\/07\/Provas-acontecem-no-proximo-sabado-dia-09-a-partir-das-9-horas_PDV-scaled-e1657023928507.jpg\" \/>\n\t<meta property=\"og:image:width\" content=\"1200\" \/>\n\t<meta property=\"og:image:height\" content=\"800\" \/>\n\t<meta property=\"og:image:type\" content=\"image\/jpeg\" \/>\n<meta name=\"author\" content=\"Reda\u00e7\u00e3o Folha Popular\" \/>\n<meta name=\"twitter:card\" content=\"summary_large_image\" \/>\n<meta name=\"twitter:label1\" content=\"Escrito por\" \/>\n\t<meta name=\"twitter:data1\" content=\"Reda\u00e7\u00e3o Folha Popular\" \/>\n\t<meta name=\"twitter:label2\" content=\"Est. tempo de leitura\" \/>\n\t<meta name=\"twitter:data2\" content=\"2 minutos\" \/>\n<script type=\"application\/ld+json\" class=\"yoast-schema-graph\">{\"@context\":\"https:\\\/\\\/schema.org\",\"@graph\":[{\"@type\":\"Article\",\"@id\":\"https:\\\/\\\/folhapopular.info\\\/index.php\\\/2022\\\/07\\\/05\\\/1o-trofeu-westfalia-de-atletismo-mobiliza-atletas-de-todo-o-estado\\\/#article\",\"isPartOf\":{\"@id\":\"https:\\\/\\\/folhapopular.info\\\/index.php\\\/2022\\\/07\\\/05\\\/1o-trofeu-westfalia-de-atletismo-mobiliza-atletas-de-todo-o-estado\\\/\"},\"author\":{\"name\":\"Reda\u00e7\u00e3o Folha Popular\",\"@id\":\"https:\\\/\\\/folhapopular.info\\\/#\\\/schema\\\/person\\\/2814e8a0df7643585a9ca38bc6eb9d4b\"},\"headline\":\"1\u00ba Trof\u00e9u Westf\u00e1lia de Atletismo mobiliza atletas de todo o Estado\",\"datePublished\":\"2022-07-05T12:26:29+00:00\",\"dateModified\":\"2022-07-05T12:26:34+00:00\",\"mainEntityOfPage\":{\"@id\":\"https:\\\/\\\/folhapopular.info\\\/index.php\\\/2022\\\/07\\\/05\\\/1o-trofeu-westfalia-de-atletismo-mobiliza-atletas-de-todo-o-estado\\\/\"},\"wordCount\":299,\"commentCount\":0,\"image\":{\"@id\":\"https:\\\/\\\/folhapopular.info\\\/index.php\\\/2022\\\/07\\\/05\\\/1o-trofeu-westfalia-de-atletismo-mobiliza-atletas-de-todo-o-estado\\\/#primaryimage\"},\"thumbnailUrl\":\"https:\\\/\\\/folhapopular.info\\\/wp-content\\\/uploads\\\/2022\\\/07\\\/Provas-acontecem-no-proximo-sabado-dia-09-a-partir-das-9-horas_PDV-scaled-e1657023928507.jpg\",\"keywords\":[\"Estado\",\"Trof\u00e9u de Atletismo\",\"Westf\u00e1lia\"],\"articleSection\":[\"Destaques\",\"Esportes\"],\"inLanguage\":\"pt-BR\",\"potentialAction\":[{\"@type\":\"CommentAction\",\"name\":\"Comment\",\"target\":[\"https:\\\/\\\/folhapopular.info\\\/index.php\\\/2022\\\/07\\\/05\\\/1o-trofeu-westfalia-de-atletismo-mobiliza-atletas-de-todo-o-estado\\\/#respond\"]}]},{\"@type\":\"WebPage\",\"@id\":\"https:\\\/\\\/folhapopular.info\\\/index.php\\\/2022\\\/07\\\/05\\\/1o-trofeu-westfalia-de-atletismo-mobiliza-atletas-de-todo-o-estado\\\/\",\"url\":\"https:\\\/\\\/folhapopular.info\\\/index.php\\\/2022\\\/07\\\/05\\\/1o-trofeu-westfalia-de-atletismo-mobiliza-atletas-de-todo-o-estado\\\/\",\"name\":\"1\u00ba Trof\u00e9u Westf\u00e1lia de Atletismo mobiliza atletas de todo o Estado - Folha Popular\",\"isPartOf\":{\"@id\":\"https:\\\/\\\/folhapopular.info\\\/#website\"},\"primaryImageOfPage\":{\"@id\":\"https:\\\/\\\/folhapopular.info\\\/index.php\\\/2022\\\/07\\\/05\\\/1o-trofeu-westfalia-de-atletismo-mobiliza-atletas-de-todo-o-estado\\\/#primaryimage\"},\"image\":{\"@id\":\"https:\\\/\\\/folhapopular.info\\\/index.php\\\/2022\\\/07\\\/05\\\/1o-trofeu-westfalia-de-atletismo-mobiliza-atletas-de-todo-o-estado\\\/#primaryimage\"},\"thumbnailUrl\":\"https:\\\/\\\/folhapopular.info\\\/wp-content\\\/uploads\\\/2022\\\/07\\\/Provas-acontecem-no-proximo-sabado-dia-09-a-partir-das-9-horas_PDV-scaled-e1657023928507.jpg\",\"datePublished\":\"2022-07-05T12:26:29+00:00\",\"dateModified\":\"2022-07-05T12:26:34+00:00\",\"author\":{\"@id\":\"https:\\\/\\\/folhapopular.info\\\/#\\\/schema\\\/person\\\/2814e8a0df7643585a9ca38bc6eb9d4b\"},\"breadcrumb\":{\"@id\":\"https:\\\/\\\/folhapopular.info\\\/index.php\\\/2022\\\/07\\\/05\\\/1o-trofeu-westfalia-de-atletismo-mobiliza-atletas-de-todo-o-estado\\\/#breadcrumb\"},\"inLanguage\":\"pt-BR\",\"potentialAction\":[{\"@type\":\"ReadAction\",\"target\":[\"https:\\\/\\\/folhapopular.info\\\/index.php\\\/2022\\\/07\\\/05\\\/1o-trofeu-westfalia-de-atletismo-mobiliza-atletas-de-todo-o-estado\\\/\"]}]},{\"@type\":\"ImageObject\",\"inLanguage\":\"pt-BR\",\"@id\":\"https:\\\/\\\/folhapopular.info\\\/index.php\\\/2022\\\/07\\\/05\\\/1o-trofeu-westfalia-de-atletismo-mobiliza-atletas-de-todo-o-estado\\\/#primaryimage\",\"url\":\"https:\\\/\\\/folhapopular.info\\\/wp-content\\\/uploads\\\/2022\\\/07\\\/Provas-acontecem-no-proximo-sabado-dia-09-a-partir-das-9-horas_PDV-scaled-e1657023928507.jpg\",\"contentUrl\":\"https:\\\/\\\/folhapopular.info\\\/wp-content\\\/uploads\\\/2022\\\/07\\\/Provas-acontecem-no-proximo-sabado-dia-09-a-partir-das-9-horas_PDV-scaled-e1657023928507.jpg\",\"width\":1200,\"height\":800,\"caption\":\"Parque de Eventos de Westf\u00e1lia \\\/ Cr\u00e9dito: Paloma Driemeyer Valandro \\\/ Divulga\u00e7\u00e3o\"},{\"@type\":\"BreadcrumbList\",\"@id\":\"https:\\\/\\\/folhapopular.info\\\/index.php\\\/2022\\\/07\\\/05\\\/1o-trofeu-westfalia-de-atletismo-mobiliza-atletas-de-todo-o-estado\\\/#breadcrumb\",\"itemListElement\":[{\"@type\":\"ListItem\",\"position\":1,\"name\":\"In\u00edcio\",\"item\":\"https:\\\/\\\/folhapopular.info\\\/\"},{\"@type\":\"ListItem\",\"position\":2,\"name\":\"1\u00ba Trof\u00e9u Westf\u00e1lia de Atletismo mobiliza atletas de todo o Estado\"}]},{\"@type\":\"WebSite\",\"@id\":\"https:\\\/\\\/folhapopular.info\\\/#website\",\"url\":\"https:\\\/\\\/folhapopular.info\\\/\",\"name\":\"Folha Popular\",\"description\":\"Onde voc\u00ea tem vez e voz\",\"potentialAction\":[{\"@type\":\"SearchAction\",\"target\":{\"@type\":\"EntryPoint\",\"urlTemplate\":\"https:\\\/\\\/folhapopular.info\\\/?s={search_term_string}\"},\"query-input\":{\"@type\":\"PropertyValueSpecification\",\"valueRequired\":true,\"valueName\":\"search_term_string\"}}],\"inLanguage\":\"pt-BR\"},{\"@type\":\"Person\",\"@id\":\"https:\\\/\\\/folhapopular.info\\\/#\\\/schema\\\/person\\\/2814e8a0df7643585a9ca38bc6eb9d4b\",\"name\":\"Reda\u00e7\u00e3o Folha Popular\",\"image\":{\"@type\":\"ImageObject\",\"inLanguage\":\"pt-BR\",\"@id\":\"https:\\\/\\\/folhapopular.info\\\/wp-content\\\/uploads\\\/2026\\\/04\\\/Folha-1.webp\",\"url\":\"https:\\\/\\\/folhapopular.info\\\/wp-content\\\/uploads\\\/2026\\\/04\\\/Folha-1.webp\",\"contentUrl\":\"https:\\\/\\\/folhapopular.info\\\/wp-content\\\/uploads\\\/2026\\\/04\\\/Folha-1.webp\",\"caption\":\"Reda\u00e7\u00e3o Folha Popular\"},\"url\":\"https:\\\/\\\/folhapopular.info\\\/index.php\\\/author\\\/redacao\\\/\"}]}<\/script>\n<!-- \/ Yoast SEO plugin. -->","yoast_head_json":{"title":"1\u00ba Trof\u00e9u Westf\u00e1lia de Atletismo mobiliza atletas de todo o Estado - Folha Popular","robots":{"index":"index","follow":"follow","max-snippet":"max-snippet:-1","max-image-preview":"max-image-preview:large","max-video-preview":"max-video-preview:-1"},"canonical":"https:\/\/folhapopular.info\/index.php\/2022\/07\/05\/1o-trofeu-westfalia-de-atletismo-mobiliza-atletas-de-todo-o-estado\/","og_locale":"pt_BR","og_type":"article","og_title":"1\u00ba Trof\u00e9u Westf\u00e1lia de Atletismo mobiliza atletas de todo o Estado - Folha Popular","og_description":"No pr\u00f3ximo s\u00e1bado (9\/7), o atletismo estar\u00e1 em evid\u00eancia no munic\u00edpio de Westf\u00e1lia. Tendo por local o Parque de Eventos, o 1\u00ba Trof\u00e9u Westf\u00e1lia de Atletismo promete mobilizar atletas de todo o Estado do Rio Grande do Sul, em provas de corrida, lan\u00e7amentos, arremessos e saltos, todas em naipes masculino e feminino. A competi\u00e7\u00e3o estadual, [&hellip;]","og_url":"https:\/\/folhapopular.info\/index.php\/2022\/07\/05\/1o-trofeu-westfalia-de-atletismo-mobiliza-atletas-de-todo-o-estado\/","og_site_name":"Folha Popular","article_published_time":"2022-07-05T12:26:29+00:00","article_modified_time":"2022-07-05T12:26:34+00:00","og_image":[{"width":1200,"height":800,"url":"http:\/\/folhapopular.info\/wp-content\/uploads\/2022\/07\/Provas-acontecem-no-proximo-sabado-dia-09-a-partir-das-9-horas_PDV-scaled-e1657023928507.jpg","type":"image\/jpeg"}],"author":"Reda\u00e7\u00e3o Folha Popular","twitter_card":"summary_large_image","twitter_misc":{"Escrito por":"Reda\u00e7\u00e3o Folha Popular","Est. tempo de leitura":"2 minutos"},"schema":{"@context":"https:\/\/schema.org","@graph":[{"@type":"Article","@id":"https:\/\/folhapopular.info\/index.php\/2022\/07\/05\/1o-trofeu-westfalia-de-atletismo-mobiliza-atletas-de-todo-o-estado\/#article","isPartOf":{"@id":"https:\/\/folhapopular.info\/index.php\/2022\/07\/05\/1o-trofeu-westfalia-de-atletismo-mobiliza-atletas-de-todo-o-estado\/"},"author":{"name":"Reda\u00e7\u00e3o Folha Popular","@id":"https:\/\/folhapopular.info\/#\/schema\/person\/2814e8a0df7643585a9ca38bc6eb9d4b"},"headline":"1\u00ba Trof\u00e9u Westf\u00e1lia de Atletismo mobiliza atletas de todo o Estado","datePublished":"2022-07-05T12:26:29+00:00","dateModified":"2022-07-05T12:26:34+00:00","mainEntityOfPage":{"@id":"https:\/\/folhapopular.info\/index.php\/2022\/07\/05\/1o-trofeu-westfalia-de-atletismo-mobiliza-atletas-de-todo-o-estado\/"},"wordCount":299,"commentCount":0,"image":{"@id":"https:\/\/folhapopular.info\/index.php\/2022\/07\/05\/1o-trofeu-westfalia-de-atletismo-mobiliza-atletas-de-todo-o-estado\/#primaryimage"},"thumbnailUrl":"https:\/\/folhapopular.info\/wp-content\/uploads\/2022\/07\/Provas-acontecem-no-proximo-sabado-dia-09-a-partir-das-9-horas_PDV-scaled-e1657023928507.jpg","keywords":["Estado","Trof\u00e9u de Atletismo","Westf\u00e1lia"],"articleSection":["Destaques","Esportes"],"inLanguage":"pt-BR","potentialAction":[{"@type":"CommentAction","name":"Comment","target":["https:\/\/folhapopular.info\/index.php\/2022\/07\/05\/1o-trofeu-westfalia-de-atletismo-mobiliza-atletas-de-todo-o-estado\/#respond"]}]},{"@type":"WebPage","@id":"https:\/\/folhapopular.info\/index.php\/2022\/07\/05\/1o-trofeu-westfalia-de-atletismo-mobiliza-atletas-de-todo-o-estado\/","url":"https:\/\/folhapopular.info\/index.php\/2022\/07\/05\/1o-trofeu-westfalia-de-atletismo-mobiliza-atletas-de-todo-o-estado\/","name":"1\u00ba Trof\u00e9u Westf\u00e1lia de Atletismo mobiliza atletas de todo o Estado - Folha Popular","isPartOf":{"@id":"https:\/\/folhapopular.info\/#website"},"primaryImageOfPage":{"@id":"https:\/\/folhapopular.info\/index.php\/2022\/07\/05\/1o-trofeu-westfalia-de-atletismo-mobiliza-atletas-de-todo-o-estado\/#primaryimage"},"image":{"@id":"https:\/\/folhapopular.info\/index.php\/2022\/07\/05\/1o-trofeu-westfalia-de-atletismo-mobiliza-atletas-de-todo-o-estado\/#primaryimage"},"thumbnailUrl":"https:\/\/folhapopular.info\/wp-content\/uploads\/2022\/07\/Provas-acontecem-no-proximo-sabado-dia-09-a-partir-das-9-horas_PDV-scaled-e1657023928507.jpg","datePublished":"2022-07-05T12:26:29+00:00","dateModified":"2022-07-05T12:26:34+00:00","author":{"@id":"https:\/\/folhapopular.info\/#\/schema\/person\/2814e8a0df7643585a9ca38bc6eb9d4b"},"breadcrumb":{"@id":"https:\/\/folhapopular.info\/index.php\/2022\/07\/05\/1o-trofeu-westfalia-de-atletismo-mobiliza-atletas-de-todo-o-estado\/#breadcrumb"},"inLanguage":"pt-BR","potentialAction":[{"@type":"ReadAction","target":["https:\/\/folhapopular.info\/index.php\/2022\/07\/05\/1o-trofeu-westfalia-de-atletismo-mobiliza-atletas-de-todo-o-estado\/"]}]},{"@type":"ImageObject","inLanguage":"pt-BR","@id":"https:\/\/folhapopular.info\/index.php\/2022\/07\/05\/1o-trofeu-westfalia-de-atletismo-mobiliza-atletas-de-todo-o-estado\/#primaryimage","url":"https:\/\/folhapopular.info\/wp-content\/uploads\/2022\/07\/Provas-acontecem-no-proximo-sabado-dia-09-a-partir-das-9-horas_PDV-scaled-e1657023928507.jpg","contentUrl":"https:\/\/folhapopular.info\/wp-content\/uploads\/2022\/07\/Provas-acontecem-no-proximo-sabado-dia-09-a-partir-das-9-horas_PDV-scaled-e1657023928507.jpg","width":1200,"height":800,"caption":"Parque de Eventos de Westf\u00e1lia \/ Cr\u00e9dito: Paloma Driemeyer Valandro \/ Divulga\u00e7\u00e3o"},{"@type":"BreadcrumbList","@id":"https:\/\/folhapopular.info\/index.php\/2022\/07\/05\/1o-trofeu-westfalia-de-atletismo-mobiliza-atletas-de-todo-o-estado\/#breadcrumb","itemListElement":[{"@type":"ListItem","position":1,"name":"In\u00edcio","item":"https:\/\/folhapopular.info\/"},{"@type":"ListItem","position":2,"name":"1\u00ba Trof\u00e9u Westf\u00e1lia de Atletismo mobiliza atletas de todo o Estado"}]},{"@type":"WebSite","@id":"https:\/\/folhapopular.info\/#website","url":"https:\/\/folhapopular.info\/","name":"Folha Popular","description":"Onde voc\u00ea tem vez e voz","potentialAction":[{"@type":"SearchAction","target":{"@type":"EntryPoint","urlTemplate":"https:\/\/folhapopular.info\/?s={search_term_string}"},"query-input":{"@type":"PropertyValueSpecification","valueRequired":true,"valueName":"search_term_string"}}],"inLanguage":"pt-BR"},{"@type":"Person","@id":"https:\/\/folhapopular.info\/#\/schema\/person\/2814e8a0df7643585a9ca38bc6eb9d4b","name":"Reda\u00e7\u00e3o Folha Popular","image":{"@type":"ImageObject","inLanguage":"pt-BR","@id":"https:\/\/folhapopular.info\/wp-content\/uploads\/2026\/04\/Folha-1.webp","url":"https:\/\/folhapopular.info\/wp-content\/uploads\/2026\/04\/Folha-1.webp","contentUrl":"https:\/\/folhapopular.info\/wp-content\/uploads\/2026\/04\/Folha-1.webp","caption":"Reda\u00e7\u00e3o Folha Popular"},"url":"https:\/\/folhapopular.info\/index.php\/author\/redacao\/"}]}},"jetpack_featured_media_url":"https:\/\/folhapopular.info\/wp-content\/uploads\/2022\/07\/Provas-acontecem-no-proximo-sabado-dia-09-a-partir-das-9-horas_PDV-scaled-e1657023928507.jpg","jetpack_sharing_enabled":true,"amp_enabled":true,"_links":{"self":[{"href":"https:\/\/folhapopular.info\/index.php\/wp-json\/wp\/v2\/posts\/107871","targetHints":{"allow":["GET"]}}],"collection":[{"href":"https:\/\/folhapopular.info\/index.php\/wp-json\/wp\/v2\/posts"}],"about":[{"href":"https:\/\/folhapopular.info\/index.php\/wp-json\/wp\/v2\/types\/post"}],"author":[{"embeddable":true,"href":"https:\/\/folhapopular.info\/index.php\/wp-json\/wp\/v2\/users\/8"}],"replies":[{"embeddable":true,"href":"https:\/\/folhapopular.info\/index.php\/wp-json\/wp\/v2\/comments?post=107871"}],"version-history":[{"count":0,"href":"https:\/\/folhapopular.info\/index.php\/wp-json\/wp\/v2\/posts\/107871\/revisions"}],"wp:featuredmedia":[{"embeddable":true,"href":"https:\/\/folhapopular.info\/index.php\/wp-json\/wp\/v2\/media\/107872"}],"wp:attachment":[{"href":"https:\/\/folhapopular.info\/index.php\/wp-json\/wp\/v2\/media?parent=107871"}],"wp:term":[{"taxonomy":"category","embeddable":true,"href":"https:\/\/folhapopular.info\/index.php\/wp-json\/wp\/v2\/categories?post=107871"},{"taxonomy":"post_tag","embeddable":true,"href":"https:\/\/folhapopular.info\/index.php\/wp-json\/wp\/v2\/tags?post=107871"}],"curies":[{"name":"wp","href":"https:\/\/api.w.org\/{rel}","templated":true}]}}