{"id":108349,"date":"2022-07-12T14:29:37","date_gmt":"2022-07-12T17:29:37","guid":{"rendered":"https:\/\/folhapopular.info\/?p=108349"},"modified":"2022-07-12T14:30:55","modified_gmt":"2022-07-12T17:30:55","slug":"novos-medicos-sao-contratados-em-teutonia","status":"publish","type":"post","link":"https:\/\/folhapopular.info\/index.php\/2022\/07\/12\/novos-medicos-sao-contratados-em-teutonia\/","title":{"rendered":"Novos m\u00e9dicos s\u00e3o contratados em Teut\u00f4nia"},"content":{"rendered":"\n<p>A Administra\u00e7\u00e3o de Teut\u00f4nia, por meio da Secretaria de Sa\u00fade, anunciou a contrata\u00e7\u00e3o de novos m\u00e9dicos pediatras e cl\u00ednicos gerais a fim de completar a carga hor\u00e1ria necess\u00e1ria no atendimento da rede municipal de sa\u00fade p\u00fablica. <\/p>\n\n\n\n<div class=\"wp-block-jetpack-slideshow aligncenter\" data-effect=\"slide\"><div class=\"wp-block-jetpack-slideshow_container swiper-container\"><ul class=\"wp-block-jetpack-slideshow_swiper-wrapper swiper-wrapper\"><li class=\"wp-block-jetpack-slideshow_slide swiper-slide\"><figure><img loading=\"lazy\" decoding=\"async\" width=\"1024\" height=\"683\" alt=\"\" class=\"wp-block-jetpack-slideshow_image wp-image-108351\" data-id=\"108351\" src=\"https:\/\/folhapopular.info\/wp-content\/uploads\/2022\/07\/2022_07_11_-Teutonia-anuncia-contratacao-de-novos-medicos-5-1024x683.jpg\" srcset=\"https:\/\/folhapopular.info\/wp-content\/uploads\/2022\/07\/2022_07_11_-Teutonia-anuncia-contratacao-de-novos-medicos-5-1024x683.jpg 1024w, https:\/\/folhapopular.info\/wp-content\/uploads\/2022\/07\/2022_07_11_-Teutonia-anuncia-contratacao-de-novos-medicos-5-300x200.jpg 300w, https:\/\/folhapopular.info\/wp-content\/uploads\/2022\/07\/2022_07_11_-Teutonia-anuncia-contratacao-de-novos-medicos-5-768x512.jpg 768w, https:\/\/folhapopular.info\/wp-content\/uploads\/2022\/07\/2022_07_11_-Teutonia-anuncia-contratacao-de-novos-medicos-5-1536x1024.jpg 1536w, https:\/\/folhapopular.info\/wp-content\/uploads\/2022\/07\/2022_07_11_-Teutonia-anuncia-contratacao-de-novos-medicos-5-2048x1365.jpg 2048w, https:\/\/folhapopular.info\/wp-content\/uploads\/2022\/07\/2022_07_11_-Teutonia-anuncia-contratacao-de-novos-medicos-5-696x464.jpg 696w, https:\/\/folhapopular.info\/wp-content\/uploads\/2022\/07\/2022_07_11_-Teutonia-anuncia-contratacao-de-novos-medicos-5-1068x712.jpg 1068w, https:\/\/folhapopular.info\/wp-content\/uploads\/2022\/07\/2022_07_11_-Teutonia-anuncia-contratacao-de-novos-medicos-5-1920x1280.jpg 1920w\" sizes=\"(max-width: 1024px) 100vw, 1024px\" \/><\/figure><\/li><li class=\"wp-block-jetpack-slideshow_slide swiper-slide\"><figure><img loading=\"lazy\" decoding=\"async\" width=\"1024\" height=\"651\" alt=\"\" class=\"wp-block-jetpack-slideshow_image wp-image-108352\" data-id=\"108352\" src=\"https:\/\/folhapopular.info\/wp-content\/uploads\/2022\/07\/2022_07_11_-Teutonia-anuncia-contratacao-de-novos-medicos-4-1024x651.jpg\" srcset=\"https:\/\/folhapopular.info\/wp-content\/uploads\/2022\/07\/2022_07_11_-Teutonia-anuncia-contratacao-de-novos-medicos-4-1024x651.jpg 1024w, https:\/\/folhapopular.info\/wp-content\/uploads\/2022\/07\/2022_07_11_-Teutonia-anuncia-contratacao-de-novos-medicos-4-300x191.jpg 300w, https:\/\/folhapopular.info\/wp-content\/uploads\/2022\/07\/2022_07_11_-Teutonia-anuncia-contratacao-de-novos-medicos-4-768x488.jpg 768w, https:\/\/folhapopular.info\/wp-content\/uploads\/2022\/07\/2022_07_11_-Teutonia-anuncia-contratacao-de-novos-medicos-4-1536x976.jpg 1536w, https:\/\/folhapopular.info\/wp-content\/uploads\/2022\/07\/2022_07_11_-Teutonia-anuncia-contratacao-de-novos-medicos-4-2048x1302.jpg 2048w, https:\/\/folhapopular.info\/wp-content\/uploads\/2022\/07\/2022_07_11_-Teutonia-anuncia-contratacao-de-novos-medicos-4-696x442.jpg 696w, https:\/\/folhapopular.info\/wp-content\/uploads\/2022\/07\/2022_07_11_-Teutonia-anuncia-contratacao-de-novos-medicos-4-1068x679.jpg 1068w, https:\/\/folhapopular.info\/wp-content\/uploads\/2022\/07\/2022_07_11_-Teutonia-anuncia-contratacao-de-novos-medicos-4-1920x1220.jpg 1920w\" sizes=\"(max-width: 1024px) 100vw, 1024px\" \/><\/figure><\/li><li class=\"wp-block-jetpack-slideshow_slide swiper-slide\"><figure><img loading=\"lazy\" decoding=\"async\" width=\"1024\" height=\"689\" alt=\"\" class=\"wp-block-jetpack-slideshow_image wp-image-108353\" data-id=\"108353\" src=\"https:\/\/folhapopular.info\/wp-content\/uploads\/2022\/07\/2022_07_11_-Teutonia-anuncia-contratacao-de-novos-medicos-3-1024x689.jpg\" srcset=\"https:\/\/folhapopular.info\/wp-content\/uploads\/2022\/07\/2022_07_11_-Teutonia-anuncia-contratacao-de-novos-medicos-3-1024x689.jpg 1024w, https:\/\/folhapopular.info\/wp-content\/uploads\/2022\/07\/2022_07_11_-Teutonia-anuncia-contratacao-de-novos-medicos-3-300x202.jpg 300w, https:\/\/folhapopular.info\/wp-content\/uploads\/2022\/07\/2022_07_11_-Teutonia-anuncia-contratacao-de-novos-medicos-3-768x517.jpg 768w, https:\/\/folhapopular.info\/wp-content\/uploads\/2022\/07\/2022_07_11_-Teutonia-anuncia-contratacao-de-novos-medicos-3-1536x1034.jpg 1536w, https:\/\/folhapopular.info\/wp-content\/uploads\/2022\/07\/2022_07_11_-Teutonia-anuncia-contratacao-de-novos-medicos-3-2048x1378.jpg 2048w, https:\/\/folhapopular.info\/wp-content\/uploads\/2022\/07\/2022_07_11_-Teutonia-anuncia-contratacao-de-novos-medicos-3-696x468.jpg 696w, https:\/\/folhapopular.info\/wp-content\/uploads\/2022\/07\/2022_07_11_-Teutonia-anuncia-contratacao-de-novos-medicos-3-1068x719.jpg 1068w, https:\/\/folhapopular.info\/wp-content\/uploads\/2022\/07\/2022_07_11_-Teutonia-anuncia-contratacao-de-novos-medicos-3-1920x1292.jpg 1920w\" sizes=\"(max-width: 1024px) 100vw, 1024px\" \/><\/figure><\/li><li class=\"wp-block-jetpack-slideshow_slide swiper-slide\"><figure><img loading=\"lazy\" decoding=\"async\" width=\"1024\" height=\"664\" alt=\"\" class=\"wp-block-jetpack-slideshow_image wp-image-108354\" data-id=\"108354\" src=\"https:\/\/folhapopular.info\/wp-content\/uploads\/2022\/07\/2022_07_11_-Teutonia-anuncia-contratacao-de-novos-medicos-7-1024x664.jpg\" srcset=\"https:\/\/folhapopular.info\/wp-content\/uploads\/2022\/07\/2022_07_11_-Teutonia-anuncia-contratacao-de-novos-medicos-7-1024x664.jpg 1024w, https:\/\/folhapopular.info\/wp-content\/uploads\/2022\/07\/2022_07_11_-Teutonia-anuncia-contratacao-de-novos-medicos-7-300x194.jpg 300w, https:\/\/folhapopular.info\/wp-content\/uploads\/2022\/07\/2022_07_11_-Teutonia-anuncia-contratacao-de-novos-medicos-7-768x498.jpg 768w, https:\/\/folhapopular.info\/wp-content\/uploads\/2022\/07\/2022_07_11_-Teutonia-anuncia-contratacao-de-novos-medicos-7-1536x996.jpg 1536w, https:\/\/folhapopular.info\/wp-content\/uploads\/2022\/07\/2022_07_11_-Teutonia-anuncia-contratacao-de-novos-medicos-7-2048x1328.jpg 2048w, https:\/\/folhapopular.info\/wp-content\/uploads\/2022\/07\/2022_07_11_-Teutonia-anuncia-contratacao-de-novos-medicos-7-696x451.jpg 696w, https:\/\/folhapopular.info\/wp-content\/uploads\/2022\/07\/2022_07_11_-Teutonia-anuncia-contratacao-de-novos-medicos-7-1068x692.jpg 1068w, https:\/\/folhapopular.info\/wp-content\/uploads\/2022\/07\/2022_07_11_-Teutonia-anuncia-contratacao-de-novos-medicos-7-1920x1245.jpg 1920w\" sizes=\"(max-width: 1024px) 100vw, 1024px\" \/><\/figure><\/li><li class=\"wp-block-jetpack-slideshow_slide swiper-slide\"><figure><img loading=\"lazy\" decoding=\"async\" width=\"1024\" height=\"620\" alt=\"\" class=\"wp-block-jetpack-slideshow_image wp-image-108355\" data-id=\"108355\" src=\"https:\/\/folhapopular.info\/wp-content\/uploads\/2022\/07\/2022_07_11_-Teutonia-anuncia-contratacao-de-novos-medicos-1-1024x620.jpg\" srcset=\"https:\/\/folhapopular.info\/wp-content\/uploads\/2022\/07\/2022_07_11_-Teutonia-anuncia-contratacao-de-novos-medicos-1-1024x620.jpg 1024w, https:\/\/folhapopular.info\/wp-content\/uploads\/2022\/07\/2022_07_11_-Teutonia-anuncia-contratacao-de-novos-medicos-1-300x182.jpg 300w, https:\/\/folhapopular.info\/wp-content\/uploads\/2022\/07\/2022_07_11_-Teutonia-anuncia-contratacao-de-novos-medicos-1-768x465.jpg 768w, https:\/\/folhapopular.info\/wp-content\/uploads\/2022\/07\/2022_07_11_-Teutonia-anuncia-contratacao-de-novos-medicos-1-1536x930.jpg 1536w, https:\/\/folhapopular.info\/wp-content\/uploads\/2022\/07\/2022_07_11_-Teutonia-anuncia-contratacao-de-novos-medicos-1-2048x1240.jpg 2048w, https:\/\/folhapopular.info\/wp-content\/uploads\/2022\/07\/2022_07_11_-Teutonia-anuncia-contratacao-de-novos-medicos-1-696x421.jpg 696w, https:\/\/folhapopular.info\/wp-content\/uploads\/2022\/07\/2022_07_11_-Teutonia-anuncia-contratacao-de-novos-medicos-1-1068x646.jpg 1068w, https:\/\/folhapopular.info\/wp-content\/uploads\/2022\/07\/2022_07_11_-Teutonia-anuncia-contratacao-de-novos-medicos-1-1920x1162.jpg 1920w\" sizes=\"(max-width: 1024px) 100vw, 1024px\" \/><\/figure><\/li><li class=\"wp-block-jetpack-slideshow_slide swiper-slide\"><figure><img loading=\"lazy\" decoding=\"async\" width=\"1024\" height=\"703\" alt=\"\" class=\"wp-block-jetpack-slideshow_image wp-image-108356\" data-id=\"108356\" src=\"https:\/\/folhapopular.info\/wp-content\/uploads\/2022\/07\/2022_07_11_-Teutonia-anuncia-contratacao-de-novos-medicos-2-1024x703.jpg\" srcset=\"https:\/\/folhapopular.info\/wp-content\/uploads\/2022\/07\/2022_07_11_-Teutonia-anuncia-contratacao-de-novos-medicos-2-1024x703.jpg 1024w, https:\/\/folhapopular.info\/wp-content\/uploads\/2022\/07\/2022_07_11_-Teutonia-anuncia-contratacao-de-novos-medicos-2-300x206.jpg 300w, https:\/\/folhapopular.info\/wp-content\/uploads\/2022\/07\/2022_07_11_-Teutonia-anuncia-contratacao-de-novos-medicos-2-768x528.jpg 768w, https:\/\/folhapopular.info\/wp-content\/uploads\/2022\/07\/2022_07_11_-Teutonia-anuncia-contratacao-de-novos-medicos-2-1536x1055.jpg 1536w, https:\/\/folhapopular.info\/wp-content\/uploads\/2022\/07\/2022_07_11_-Teutonia-anuncia-contratacao-de-novos-medicos-2-2048x1407.jpg 2048w, https:\/\/folhapopular.info\/wp-content\/uploads\/2022\/07\/2022_07_11_-Teutonia-anuncia-contratacao-de-novos-medicos-2-218x150.jpg 218w, https:\/\/folhapopular.info\/wp-content\/uploads\/2022\/07\/2022_07_11_-Teutonia-anuncia-contratacao-de-novos-medicos-2-696x478.jpg 696w, https:\/\/folhapopular.info\/wp-content\/uploads\/2022\/07\/2022_07_11_-Teutonia-anuncia-contratacao-de-novos-medicos-2-1068x734.jpg 1068w, https:\/\/folhapopular.info\/wp-content\/uploads\/2022\/07\/2022_07_11_-Teutonia-anuncia-contratacao-de-novos-medicos-2-1920x1319.jpg 1920w\" sizes=\"(max-width: 1024px) 100vw, 1024px\" \/><\/figure><\/li><\/ul><a class=\"wp-block-jetpack-slideshow_button-prev swiper-button-prev swiper-button-white\" role=\"button\"><\/a><a class=\"wp-block-jetpack-slideshow_button-next swiper-button-next swiper-button-white\" role=\"button\"><\/a><a aria-label=\"Pause Slideshow\" class=\"wp-block-jetpack-slideshow_button-pause\" role=\"button\"><\/a><div class=\"wp-block-jetpack-slideshow_pagination swiper-pagination swiper-pagination-white\"><\/div><\/div><\/div>\n\n\n\n<p>O prefeito Celso Alo\u00edsio Forneck desejou boas-vindas a todos os profissionais e ressaltou a import\u00e2ncia de ter a carga hor\u00e1ria de atendimento completa. \u201cA administra\u00e7\u00e3o n\u00e3o mediu esfor\u00e7os para ir buscar novos m\u00e9dicos com o objetivo de completar a carga hor\u00e1ria que necess\u00e1ria para atender a popula\u00e7\u00e3o, pois priorizamos a sa\u00fade, o bem-estar e o atendimento qualificado. Desejamos boas-vindas a todos os novos profissionais e um excelente trabalho\u201d, afirma.<\/p>\n","protected":false},"excerpt":{"rendered":"<p>A Administra\u00e7\u00e3o de Teut\u00f4nia, por meio da Secretaria de Sa\u00fade, anunciou a contrata\u00e7\u00e3o de novos m\u00e9dicos pediatras e cl\u00ednicos gerais a fim de completar a carga hor\u00e1ria necess\u00e1ria no atendimento da rede municipal de sa\u00fade p\u00fablica. O prefeito Celso Alo\u00edsio Forneck desejou boas-vindas a todos os profissionais e ressaltou a import\u00e2ncia de ter a carga [&hellip;]<\/p>\n","protected":false},"author":8,"featured_media":108350,"comment_status":"open","ping_status":"open","sticky":false,"template":"","format":"standard","meta":{"pmpro_default_level":"","_jetpack_memberships_contains_paid_content":false,"footnotes":""},"categories":[2,3],"tags":[5613,8255,8245,89,26],"class_list":{"0":"post-108349","1":"post","2":"type-post","3":"status-publish","4":"format-standard","5":"has-post-thumbnail","7":"category-featured","8":"category-geral","9":"tag-investimento","10":"tag-medicos","11":"tag-pediatria","12":"tag-saude","13":"tag-teutonia","14":"pmpro-has-access"},"yoast_head":"<!-- This site is optimized with the Yoast SEO plugin v27.5 - https:\/\/yoast.com\/product\/yoast-seo-wordpress\/ -->\n<title>Novos m\u00e9dicos s\u00e3o contratados em Teut\u00f4nia - Folha Popular<\/title>\n<meta name=\"robots\" content=\"index, follow, max-snippet:-1, max-image-preview:large, max-video-preview:-1\" \/>\n<link rel=\"canonical\" href=\"https:\/\/folhapopular.info\/index.php\/2022\/07\/12\/novos-medicos-sao-contratados-em-teutonia\/\" \/>\n<meta property=\"og:locale\" content=\"pt_BR\" \/>\n<meta property=\"og:type\" content=\"article\" \/>\n<meta property=\"og:title\" content=\"Novos m\u00e9dicos s\u00e3o contratados em Teut\u00f4nia - Folha Popular\" \/>\n<meta property=\"og:description\" content=\"A Administra\u00e7\u00e3o de Teut\u00f4nia, por meio da Secretaria de Sa\u00fade, anunciou a contrata\u00e7\u00e3o de novos m\u00e9dicos pediatras e cl\u00ednicos gerais a fim de completar a carga hor\u00e1ria necess\u00e1ria no atendimento da rede municipal de sa\u00fade p\u00fablica. O prefeito Celso Alo\u00edsio Forneck desejou boas-vindas a todos os profissionais e ressaltou a import\u00e2ncia de ter a carga [&hellip;]\" \/>\n<meta property=\"og:url\" content=\"https:\/\/folhapopular.info\/index.php\/2022\/07\/12\/novos-medicos-sao-contratados-em-teutonia\/\" \/>\n<meta property=\"og:site_name\" content=\"Folha Popular\" \/>\n<meta property=\"article:published_time\" content=\"2022-07-12T17:29:37+00:00\" \/>\n<meta property=\"article:modified_time\" content=\"2022-07-12T17:30:55+00:00\" \/>\n<meta property=\"og:image\" content=\"http:\/\/folhapopular.info\/wp-content\/uploads\/2022\/07\/2022_07_11_-Teutonia-anuncia-contratacao-de-novos-medicos-6-scaled-e1657644513567.jpg\" \/>\n\t<meta property=\"og:image:width\" content=\"1200\" \/>\n\t<meta property=\"og:image:height\" content=\"759\" \/>\n\t<meta property=\"og:image:type\" content=\"image\/jpeg\" \/>\n<meta name=\"author\" content=\"Reda\u00e7\u00e3o Folha Popular\" \/>\n<meta name=\"twitter:card\" content=\"summary_large_image\" \/>\n<meta name=\"twitter:label1\" content=\"Escrito por\" \/>\n\t<meta name=\"twitter:data1\" content=\"Reda\u00e7\u00e3o Folha Popular\" \/>\n\t<meta name=\"twitter:label2\" content=\"Est. tempo de leitura\" \/>\n\t<meta name=\"twitter:data2\" content=\"2 minutos\" \/>\n<script type=\"application\/ld+json\" class=\"yoast-schema-graph\">{\"@context\":\"https:\\\/\\\/schema.org\",\"@graph\":[{\"@type\":\"Article\",\"@id\":\"https:\\\/\\\/folhapopular.info\\\/index.php\\\/2022\\\/07\\\/12\\\/novos-medicos-sao-contratados-em-teutonia\\\/#article\",\"isPartOf\":{\"@id\":\"https:\\\/\\\/folhapopular.info\\\/index.php\\\/2022\\\/07\\\/12\\\/novos-medicos-sao-contratados-em-teutonia\\\/\"},\"author\":{\"name\":\"Reda\u00e7\u00e3o Folha Popular\",\"@id\":\"https:\\\/\\\/folhapopular.info\\\/#\\\/schema\\\/person\\\/2814e8a0df7643585a9ca38bc6eb9d4b\"},\"headline\":\"Novos m\u00e9dicos s\u00e3o contratados em Teut\u00f4nia\",\"datePublished\":\"2022-07-12T17:29:37+00:00\",\"dateModified\":\"2022-07-12T17:30:55+00:00\",\"mainEntityOfPage\":{\"@id\":\"https:\\\/\\\/folhapopular.info\\\/index.php\\\/2022\\\/07\\\/12\\\/novos-medicos-sao-contratados-em-teutonia\\\/\"},\"wordCount\":135,\"commentCount\":0,\"image\":{\"@id\":\"https:\\\/\\\/folhapopular.info\\\/index.php\\\/2022\\\/07\\\/12\\\/novos-medicos-sao-contratados-em-teutonia\\\/#primaryimage\"},\"thumbnailUrl\":\"https:\\\/\\\/folhapopular.info\\\/wp-content\\\/uploads\\\/2022\\\/07\\\/2022_07_11_-Teutonia-anuncia-contratacao-de-novos-medicos-6-scaled-e1657644513567.jpg\",\"keywords\":[\"investimento\",\"m\u00e9dicos\",\"pediatria\",\"Sa\u00fade\",\"Teut\u00f4nia\"],\"articleSection\":[\"Destaques\",\"Geral\"],\"inLanguage\":\"pt-BR\",\"potentialAction\":[{\"@type\":\"CommentAction\",\"name\":\"Comment\",\"target\":[\"https:\\\/\\\/folhapopular.info\\\/index.php\\\/2022\\\/07\\\/12\\\/novos-medicos-sao-contratados-em-teutonia\\\/#respond\"]}]},{\"@type\":\"WebPage\",\"@id\":\"https:\\\/\\\/folhapopular.info\\\/index.php\\\/2022\\\/07\\\/12\\\/novos-medicos-sao-contratados-em-teutonia\\\/\",\"url\":\"https:\\\/\\\/folhapopular.info\\\/index.php\\\/2022\\\/07\\\/12\\\/novos-medicos-sao-contratados-em-teutonia\\\/\",\"name\":\"Novos m\u00e9dicos s\u00e3o contratados em Teut\u00f4nia - Folha Popular\",\"isPartOf\":{\"@id\":\"https:\\\/\\\/folhapopular.info\\\/#website\"},\"primaryImageOfPage\":{\"@id\":\"https:\\\/\\\/folhapopular.info\\\/index.php\\\/2022\\\/07\\\/12\\\/novos-medicos-sao-contratados-em-teutonia\\\/#primaryimage\"},\"image\":{\"@id\":\"https:\\\/\\\/folhapopular.info\\\/index.php\\\/2022\\\/07\\\/12\\\/novos-medicos-sao-contratados-em-teutonia\\\/#primaryimage\"},\"thumbnailUrl\":\"https:\\\/\\\/folhapopular.info\\\/wp-content\\\/uploads\\\/2022\\\/07\\\/2022_07_11_-Teutonia-anuncia-contratacao-de-novos-medicos-6-scaled-e1657644513567.jpg\",\"datePublished\":\"2022-07-12T17:29:37+00:00\",\"dateModified\":\"2022-07-12T17:30:55+00:00\",\"author\":{\"@id\":\"https:\\\/\\\/folhapopular.info\\\/#\\\/schema\\\/person\\\/2814e8a0df7643585a9ca38bc6eb9d4b\"},\"breadcrumb\":{\"@id\":\"https:\\\/\\\/folhapopular.info\\\/index.php\\\/2022\\\/07\\\/12\\\/novos-medicos-sao-contratados-em-teutonia\\\/#breadcrumb\"},\"inLanguage\":\"pt-BR\",\"potentialAction\":[{\"@type\":\"ReadAction\",\"target\":[\"https:\\\/\\\/folhapopular.info\\\/index.php\\\/2022\\\/07\\\/12\\\/novos-medicos-sao-contratados-em-teutonia\\\/\"]}]},{\"@type\":\"ImageObject\",\"inLanguage\":\"pt-BR\",\"@id\":\"https:\\\/\\\/folhapopular.info\\\/index.php\\\/2022\\\/07\\\/12\\\/novos-medicos-sao-contratados-em-teutonia\\\/#primaryimage\",\"url\":\"https:\\\/\\\/folhapopular.info\\\/wp-content\\\/uploads\\\/2022\\\/07\\\/2022_07_11_-Teutonia-anuncia-contratacao-de-novos-medicos-6-scaled-e1657644513567.jpg\",\"contentUrl\":\"https:\\\/\\\/folhapopular.info\\\/wp-content\\\/uploads\\\/2022\\\/07\\\/2022_07_11_-Teutonia-anuncia-contratacao-de-novos-medicos-6-scaled-e1657644513567.jpg\",\"width\":1200,\"height\":759,\"caption\":\"Cr\u00e9dito: Daniel J\u00fanior Hauschild \\\/ AI Teut\u00f4nia \\\/ Divulga\u00e7\u00e3o\"},{\"@type\":\"BreadcrumbList\",\"@id\":\"https:\\\/\\\/folhapopular.info\\\/index.php\\\/2022\\\/07\\\/12\\\/novos-medicos-sao-contratados-em-teutonia\\\/#breadcrumb\",\"itemListElement\":[{\"@type\":\"ListItem\",\"position\":1,\"name\":\"In\u00edcio\",\"item\":\"https:\\\/\\\/folhapopular.info\\\/\"},{\"@type\":\"ListItem\",\"position\":2,\"name\":\"Novos m\u00e9dicos s\u00e3o contratados em Teut\u00f4nia\"}]},{\"@type\":\"WebSite\",\"@id\":\"https:\\\/\\\/folhapopular.info\\\/#website\",\"url\":\"https:\\\/\\\/folhapopular.info\\\/\",\"name\":\"Folha Popular\",\"description\":\"Onde voc\u00ea tem vez e voz\",\"potentialAction\":[{\"@type\":\"SearchAction\",\"target\":{\"@type\":\"EntryPoint\",\"urlTemplate\":\"https:\\\/\\\/folhapopular.info\\\/?s={search_term_string}\"},\"query-input\":{\"@type\":\"PropertyValueSpecification\",\"valueRequired\":true,\"valueName\":\"search_term_string\"}}],\"inLanguage\":\"pt-BR\"},{\"@type\":\"Person\",\"@id\":\"https:\\\/\\\/folhapopular.info\\\/#\\\/schema\\\/person\\\/2814e8a0df7643585a9ca38bc6eb9d4b\",\"name\":\"Reda\u00e7\u00e3o Folha Popular\",\"image\":{\"@type\":\"ImageObject\",\"inLanguage\":\"pt-BR\",\"@id\":\"https:\\\/\\\/folhapopular.info\\\/wp-content\\\/uploads\\\/2026\\\/04\\\/Folha-1.webp\",\"url\":\"https:\\\/\\\/folhapopular.info\\\/wp-content\\\/uploads\\\/2026\\\/04\\\/Folha-1.webp\",\"contentUrl\":\"https:\\\/\\\/folhapopular.info\\\/wp-content\\\/uploads\\\/2026\\\/04\\\/Folha-1.webp\",\"caption\":\"Reda\u00e7\u00e3o Folha Popular\"},\"url\":\"https:\\\/\\\/folhapopular.info\\\/index.php\\\/author\\\/redacao\\\/\"}]}<\/script>\n<!-- \/ Yoast SEO plugin. -->","yoast_head_json":{"title":"Novos m\u00e9dicos s\u00e3o contratados em Teut\u00f4nia - Folha Popular","robots":{"index":"index","follow":"follow","max-snippet":"max-snippet:-1","max-image-preview":"max-image-preview:large","max-video-preview":"max-video-preview:-1"},"canonical":"https:\/\/folhapopular.info\/index.php\/2022\/07\/12\/novos-medicos-sao-contratados-em-teutonia\/","og_locale":"pt_BR","og_type":"article","og_title":"Novos m\u00e9dicos s\u00e3o contratados em Teut\u00f4nia - Folha Popular","og_description":"A Administra\u00e7\u00e3o de Teut\u00f4nia, por meio da Secretaria de Sa\u00fade, anunciou a contrata\u00e7\u00e3o de novos m\u00e9dicos pediatras e cl\u00ednicos gerais a fim de completar a carga hor\u00e1ria necess\u00e1ria no atendimento da rede municipal de sa\u00fade p\u00fablica. O prefeito Celso Alo\u00edsio Forneck desejou boas-vindas a todos os profissionais e ressaltou a import\u00e2ncia de ter a carga [&hellip;]","og_url":"https:\/\/folhapopular.info\/index.php\/2022\/07\/12\/novos-medicos-sao-contratados-em-teutonia\/","og_site_name":"Folha Popular","article_published_time":"2022-07-12T17:29:37+00:00","article_modified_time":"2022-07-12T17:30:55+00:00","og_image":[{"width":1200,"height":759,"url":"http:\/\/folhapopular.info\/wp-content\/uploads\/2022\/07\/2022_07_11_-Teutonia-anuncia-contratacao-de-novos-medicos-6-scaled-e1657644513567.jpg","type":"image\/jpeg"}],"author":"Reda\u00e7\u00e3o Folha Popular","twitter_card":"summary_large_image","twitter_misc":{"Escrito por":"Reda\u00e7\u00e3o Folha Popular","Est. tempo de leitura":"2 minutos"},"schema":{"@context":"https:\/\/schema.org","@graph":[{"@type":"Article","@id":"https:\/\/folhapopular.info\/index.php\/2022\/07\/12\/novos-medicos-sao-contratados-em-teutonia\/#article","isPartOf":{"@id":"https:\/\/folhapopular.info\/index.php\/2022\/07\/12\/novos-medicos-sao-contratados-em-teutonia\/"},"author":{"name":"Reda\u00e7\u00e3o Folha Popular","@id":"https:\/\/folhapopular.info\/#\/schema\/person\/2814e8a0df7643585a9ca38bc6eb9d4b"},"headline":"Novos m\u00e9dicos s\u00e3o contratados em Teut\u00f4nia","datePublished":"2022-07-12T17:29:37+00:00","dateModified":"2022-07-12T17:30:55+00:00","mainEntityOfPage":{"@id":"https:\/\/folhapopular.info\/index.php\/2022\/07\/12\/novos-medicos-sao-contratados-em-teutonia\/"},"wordCount":135,"commentCount":0,"image":{"@id":"https:\/\/folhapopular.info\/index.php\/2022\/07\/12\/novos-medicos-sao-contratados-em-teutonia\/#primaryimage"},"thumbnailUrl":"https:\/\/folhapopular.info\/wp-content\/uploads\/2022\/07\/2022_07_11_-Teutonia-anuncia-contratacao-de-novos-medicos-6-scaled-e1657644513567.jpg","keywords":["investimento","m\u00e9dicos","pediatria","Sa\u00fade","Teut\u00f4nia"],"articleSection":["Destaques","Geral"],"inLanguage":"pt-BR","potentialAction":[{"@type":"CommentAction","name":"Comment","target":["https:\/\/folhapopular.info\/index.php\/2022\/07\/12\/novos-medicos-sao-contratados-em-teutonia\/#respond"]}]},{"@type":"WebPage","@id":"https:\/\/folhapopular.info\/index.php\/2022\/07\/12\/novos-medicos-sao-contratados-em-teutonia\/","url":"https:\/\/folhapopular.info\/index.php\/2022\/07\/12\/novos-medicos-sao-contratados-em-teutonia\/","name":"Novos m\u00e9dicos s\u00e3o contratados em Teut\u00f4nia - Folha Popular","isPartOf":{"@id":"https:\/\/folhapopular.info\/#website"},"primaryImageOfPage":{"@id":"https:\/\/folhapopular.info\/index.php\/2022\/07\/12\/novos-medicos-sao-contratados-em-teutonia\/#primaryimage"},"image":{"@id":"https:\/\/folhapopular.info\/index.php\/2022\/07\/12\/novos-medicos-sao-contratados-em-teutonia\/#primaryimage"},"thumbnailUrl":"https:\/\/folhapopular.info\/wp-content\/uploads\/2022\/07\/2022_07_11_-Teutonia-anuncia-contratacao-de-novos-medicos-6-scaled-e1657644513567.jpg","datePublished":"2022-07-12T17:29:37+00:00","dateModified":"2022-07-12T17:30:55+00:00","author":{"@id":"https:\/\/folhapopular.info\/#\/schema\/person\/2814e8a0df7643585a9ca38bc6eb9d4b"},"breadcrumb":{"@id":"https:\/\/folhapopular.info\/index.php\/2022\/07\/12\/novos-medicos-sao-contratados-em-teutonia\/#breadcrumb"},"inLanguage":"pt-BR","potentialAction":[{"@type":"ReadAction","target":["https:\/\/folhapopular.info\/index.php\/2022\/07\/12\/novos-medicos-sao-contratados-em-teutonia\/"]}]},{"@type":"ImageObject","inLanguage":"pt-BR","@id":"https:\/\/folhapopular.info\/index.php\/2022\/07\/12\/novos-medicos-sao-contratados-em-teutonia\/#primaryimage","url":"https:\/\/folhapopular.info\/wp-content\/uploads\/2022\/07\/2022_07_11_-Teutonia-anuncia-contratacao-de-novos-medicos-6-scaled-e1657644513567.jpg","contentUrl":"https:\/\/folhapopular.info\/wp-content\/uploads\/2022\/07\/2022_07_11_-Teutonia-anuncia-contratacao-de-novos-medicos-6-scaled-e1657644513567.jpg","width":1200,"height":759,"caption":"Cr\u00e9dito: Daniel J\u00fanior Hauschild \/ AI Teut\u00f4nia \/ Divulga\u00e7\u00e3o"},{"@type":"BreadcrumbList","@id":"https:\/\/folhapopular.info\/index.php\/2022\/07\/12\/novos-medicos-sao-contratados-em-teutonia\/#breadcrumb","itemListElement":[{"@type":"ListItem","position":1,"name":"In\u00edcio","item":"https:\/\/folhapopular.info\/"},{"@type":"ListItem","position":2,"name":"Novos m\u00e9dicos s\u00e3o contratados em Teut\u00f4nia"}]},{"@type":"WebSite","@id":"https:\/\/folhapopular.info\/#website","url":"https:\/\/folhapopular.info\/","name":"Folha Popular","description":"Onde voc\u00ea tem vez e voz","potentialAction":[{"@type":"SearchAction","target":{"@type":"EntryPoint","urlTemplate":"https:\/\/folhapopular.info\/?s={search_term_string}"},"query-input":{"@type":"PropertyValueSpecification","valueRequired":true,"valueName":"search_term_string"}}],"inLanguage":"pt-BR"},{"@type":"Person","@id":"https:\/\/folhapopular.info\/#\/schema\/person\/2814e8a0df7643585a9ca38bc6eb9d4b","name":"Reda\u00e7\u00e3o Folha Popular","image":{"@type":"ImageObject","inLanguage":"pt-BR","@id":"https:\/\/folhapopular.info\/wp-content\/uploads\/2026\/04\/Folha-1.webp","url":"https:\/\/folhapopular.info\/wp-content\/uploads\/2026\/04\/Folha-1.webp","contentUrl":"https:\/\/folhapopular.info\/wp-content\/uploads\/2026\/04\/Folha-1.webp","caption":"Reda\u00e7\u00e3o Folha Popular"},"url":"https:\/\/folhapopular.info\/index.php\/author\/redacao\/"}]}},"jetpack_featured_media_url":"https:\/\/folhapopular.info\/wp-content\/uploads\/2022\/07\/2022_07_11_-Teutonia-anuncia-contratacao-de-novos-medicos-6-scaled-e1657644513567.jpg","jetpack_sharing_enabled":true,"amp_enabled":true,"_links":{"self":[{"href":"https:\/\/folhapopular.info\/index.php\/wp-json\/wp\/v2\/posts\/108349","targetHints":{"allow":["GET"]}}],"collection":[{"href":"https:\/\/folhapopular.info\/index.php\/wp-json\/wp\/v2\/posts"}],"about":[{"href":"https:\/\/folhapopular.info\/index.php\/wp-json\/wp\/v2\/types\/post"}],"author":[{"embeddable":true,"href":"https:\/\/folhapopular.info\/index.php\/wp-json\/wp\/v2\/users\/8"}],"replies":[{"embeddable":true,"href":"https:\/\/folhapopular.info\/index.php\/wp-json\/wp\/v2\/comments?post=108349"}],"version-history":[{"count":0,"href":"https:\/\/folhapopular.info\/index.php\/wp-json\/wp\/v2\/posts\/108349\/revisions"}],"wp:featuredmedia":[{"embeddable":true,"href":"https:\/\/folhapopular.info\/index.php\/wp-json\/wp\/v2\/media\/108350"}],"wp:attachment":[{"href":"https:\/\/folhapopular.info\/index.php\/wp-json\/wp\/v2\/media?parent=108349"}],"wp:term":[{"taxonomy":"category","embeddable":true,"href":"https:\/\/folhapopular.info\/index.php\/wp-json\/wp\/v2\/categories?post=108349"},{"taxonomy":"post_tag","embeddable":true,"href":"https:\/\/folhapopular.info\/index.php\/wp-json\/wp\/v2\/tags?post=108349"}],"curies":[{"name":"wp","href":"https:\/\/api.w.org\/{rel}","templated":true}]}}