{"id":108389,"date":"2022-07-12T16:10:38","date_gmt":"2022-07-12T19:10:38","guid":{"rendered":"https:\/\/folhapopular.info\/?p=108389"},"modified":"2022-07-12T16:10:43","modified_gmt":"2022-07-12T19:10:43","slug":"teutofrangofest-e-apresentada-no-palacio-do-piratini-e-na-assembleia-legislativa","status":"publish","type":"post","link":"https:\/\/folhapopular.info\/index.php\/2022\/07\/12\/teutofrangofest-e-apresentada-no-palacio-do-piratini-e-na-assembleia-legislativa\/","title":{"rendered":"Teutofrangofest \u00e9 apresentada no Pal\u00e1cio do Piratini e na Assembleia Legislativa"},"content":{"rendered":"\n<p>A comitiva teutoniense esteve no Pal\u00e1cio do Piratini e na Assembleia Legislativa do Estado nesta segunda-feira (11\/7) para divulga\u00e7\u00e3o da 4\u00aa\u00a0Teutofrangofest. O evento gastron\u00f4mico acontecer\u00e1 do dia 19 ao dia 21 de agosto na Associa\u00e7\u00e3o dos Funcion\u00e1rios da Languiru, em Teut\u00f4nia.<\/p>\n\n\n\n<p>Pela manh\u00e3 o presidente da Cooperativa Languiru, Dirceu Bayer fez a apresenta\u00e7\u00e3o da programa\u00e7\u00e3o e do card\u00e1pio, com direito a degusta\u00e7\u00e3o, para os parlamentares. Ele detalhou investimentos da Cooperativa nas plantas industriais e amplia\u00e7\u00e3o da rede de varejo, que totalizam cerca de R$ 125 milh\u00f5es. <\/p>\n\n\n\n<p>Bayer comentou sobre a possibilidade dada pelos investimentos em ampliar o mix de produtos. \u201cO Vale do Taquari quer ser reconhecido como o \u2018Vale dos Alimentos\u2019, e a\u00a0Teutofrangofest\u00a0vem contribuir com a constru\u00e7\u00e3o desse conceito regional. Quando falarmos de festa gastron\u00f4mica relacionada ao\u00a0frango\u00a0no Rio Grande do Sul, o objetivo \u00e9 de que se remeta ao evento de Teut\u00f4nia\u201d, destacou.<\/p>\n\n\n\n<p>O grupo foi recebido pela deputada Silvana Covatti, proponente do ato na Casa e o deputado Airton Lima, representando o presidente da Assembleia, deputado Valdeci Oliveira. Tamb\u00e9m estiveram presentes autoridades e lideran\u00e7as pol\u00edticas, al\u00e9m de representantes de entidades relacionadas \u00e0 avicultura e ao cooperativismo agropecu\u00e1rio. <\/p>\n\n\n\n<p>\u00c0 tarde, o governador Ranolfo Vieira J\u00fanior recepcionou os teutonienses no Pal\u00e1cio Piratini, oportunidade em que foi convidado para prestigiar a programa\u00e7\u00e3o do m\u00eas de agosto. Inclusive, a comiss\u00e3o organizadora almeja incluir a\u00a0Teutofrangofest\u00a0na agenda oficial de eventos do Estado.<\/p>\n\n\n\n<p>A comitiva teutoniense ainda contou com a participa\u00e7\u00e3o do vice-presidente da Languiru, Cesar Wilsmann; superintendentes, gerentes e coordenadores setoriais da Cooperativa; presidente e vice-presidente da CIC Teut\u00f4nia, Airton Kist e T\u00e2nia Schardong, acompanhados do vice-tesoureiro da entidade empresarial, Jairo Sperotto.<\/p>\n\n\n\n<p>A 4\u00aa&nbsp;Teutofrangofest&nbsp;\u00e9 uma realiza\u00e7\u00e3o da CIC Teut\u00f4nia, com apoio da Prefeitura de Teut\u00f4nia, patroc\u00ednio ouro das cooperativas Languiru e Sicredi Ouro Branco, patroc\u00ednio prata de Cooperativa Certel e Florestal, e patroc\u00ednio bronze de Comatra, Italiany, Katzen Bier, Unimed VTRP, Teutobier, Creativa, Fruki, Santa Clara, Sorvebom, Teutonet, Aurora e Zaccaron. A \u00faltima edi\u00e7\u00e3o foi realizada em 2019 e reuniu mais de tr\u00eas mil pessoas.<\/p>\n\n\n\n<p>Confira a programa\u00e7\u00e3o completa no <a href=\"http:\/\/www.teutofrangofest.com.br\">site<\/a>. Os ingressos antecipados (limitados) podem ser adquiridos pelo site oficial ou nos pontos de venda junto \u00e0 CIC Teut\u00f4nia, no Supermercado Languiru do Shopping Lajeado e nos Supermercados Languiru de Teut\u00f4nia (Bairros Languiru e Canabarro I). Ser\u00e3o tr\u00eas dias com cinco horas de consumo liberado; mais de 35 op\u00e7\u00f5es de comidas e bebidas; e atra\u00e7\u00f5es musicais.<\/p>\n","protected":false},"excerpt":{"rendered":"<p>A comitiva teutoniense esteve no Pal\u00e1cio do Piratini e na Assembleia Legislativa do Estado nesta segunda-feira (11\/7) para divulga\u00e7\u00e3o da 4\u00aa\u00a0Teutofrangofest. O evento gastron\u00f4mico acontecer\u00e1 do dia 19 ao dia 21 de agosto na Associa\u00e7\u00e3o dos Funcion\u00e1rios da Languiru, em Teut\u00f4nia. Pela manh\u00e3 o presidente da Cooperativa Languiru, Dirceu Bayer fez a apresenta\u00e7\u00e3o da programa\u00e7\u00e3o [&hellip;]<\/p>\n","protected":false},"author":8,"featured_media":108399,"comment_status":"open","ping_status":"open","sticky":false,"template":"","format":"standard","meta":{"pmpro_default_level":"","_jetpack_memberships_contains_paid_content":false,"footnotes":""},"categories":[2,3],"tags":[2124,313,9535,842,26],"class_list":{"0":"post-108389","1":"post","2":"type-post","3":"status-publish","4":"format-standard","5":"has-post-thumbnail","7":"category-featured","8":"category-geral","9":"tag-assembleia-legislativa","10":"tag-cooperativa-languiru","11":"tag-palacio-do-piratini","12":"tag-teutofrangofest","13":"tag-teutonia","14":"pmpro-has-access"},"yoast_head":"<!-- This site is optimized with the Yoast SEO plugin v27.5 - https:\/\/yoast.com\/product\/yoast-seo-wordpress\/ -->\n<title>Teutofrangofest \u00e9 apresentada no Pal\u00e1cio do Piratini e na Assembleia Legislativa - Folha Popular<\/title>\n<meta name=\"robots\" content=\"index, follow, max-snippet:-1, max-image-preview:large, max-video-preview:-1\" \/>\n<link rel=\"canonical\" href=\"https:\/\/folhapopular.info\/index.php\/2022\/07\/12\/teutofrangofest-e-apresentada-no-palacio-do-piratini-e-na-assembleia-legislativa\/\" \/>\n<meta property=\"og:locale\" content=\"pt_BR\" \/>\n<meta property=\"og:type\" content=\"article\" \/>\n<meta property=\"og:title\" content=\"Teutofrangofest \u00e9 apresentada no Pal\u00e1cio do Piratini e na Assembleia Legislativa - Folha Popular\" \/>\n<meta property=\"og:description\" content=\"A comitiva teutoniense esteve no Pal\u00e1cio do Piratini e na Assembleia Legislativa do Estado nesta segunda-feira (11\/7) para divulga\u00e7\u00e3o da 4\u00aa\u00a0Teutofrangofest. O evento gastron\u00f4mico acontecer\u00e1 do dia 19 ao dia 21 de agosto na Associa\u00e7\u00e3o dos Funcion\u00e1rios da Languiru, em Teut\u00f4nia. Pela manh\u00e3 o presidente da Cooperativa Languiru, Dirceu Bayer fez a apresenta\u00e7\u00e3o da programa\u00e7\u00e3o [&hellip;]\" \/>\n<meta property=\"og:url\" content=\"https:\/\/folhapopular.info\/index.php\/2022\/07\/12\/teutofrangofest-e-apresentada-no-palacio-do-piratini-e-na-assembleia-legislativa\/\" \/>\n<meta property=\"og:site_name\" content=\"Folha Popular\" \/>\n<meta property=\"article:published_time\" content=\"2022-07-12T19:10:38+00:00\" \/>\n<meta property=\"article:modified_time\" content=\"2022-07-12T19:10:43+00:00\" \/>\n<meta property=\"og:image\" content=\"http:\/\/folhapopular.info\/wp-content\/uploads\/2022\/07\/DSC_5576-JORNAL-scaled-e1657652934784.jpg\" \/>\n\t<meta property=\"og:image:width\" content=\"1200\" \/>\n\t<meta property=\"og:image:height\" content=\"697\" \/>\n\t<meta property=\"og:image:type\" content=\"image\/jpeg\" \/>\n<meta name=\"author\" content=\"Reda\u00e7\u00e3o Folha Popular\" \/>\n<meta name=\"twitter:card\" content=\"summary_large_image\" \/>\n<meta name=\"twitter:label1\" content=\"Escrito por\" \/>\n\t<meta name=\"twitter:data1\" content=\"Reda\u00e7\u00e3o Folha Popular\" \/>\n\t<meta name=\"twitter:label2\" content=\"Est. tempo de leitura\" \/>\n\t<meta name=\"twitter:data2\" content=\"3 minutos\" \/>\n<script type=\"application\/ld+json\" class=\"yoast-schema-graph\">{\"@context\":\"https:\\\/\\\/schema.org\",\"@graph\":[{\"@type\":\"Article\",\"@id\":\"https:\\\/\\\/folhapopular.info\\\/index.php\\\/2022\\\/07\\\/12\\\/teutofrangofest-e-apresentada-no-palacio-do-piratini-e-na-assembleia-legislativa\\\/#article\",\"isPartOf\":{\"@id\":\"https:\\\/\\\/folhapopular.info\\\/index.php\\\/2022\\\/07\\\/12\\\/teutofrangofest-e-apresentada-no-palacio-do-piratini-e-na-assembleia-legislativa\\\/\"},\"author\":{\"name\":\"Reda\u00e7\u00e3o Folha Popular\",\"@id\":\"https:\\\/\\\/folhapopular.info\\\/#\\\/schema\\\/person\\\/2814e8a0df7643585a9ca38bc6eb9d4b\"},\"headline\":\"Teutofrangofest \u00e9 apresentada no Pal\u00e1cio do Piratini e na Assembleia Legislativa\",\"datePublished\":\"2022-07-12T19:10:38+00:00\",\"dateModified\":\"2022-07-12T19:10:43+00:00\",\"mainEntityOfPage\":{\"@id\":\"https:\\\/\\\/folhapopular.info\\\/index.php\\\/2022\\\/07\\\/12\\\/teutofrangofest-e-apresentada-no-palacio-do-piratini-e-na-assembleia-legislativa\\\/\"},\"wordCount\":445,\"commentCount\":0,\"image\":{\"@id\":\"https:\\\/\\\/folhapopular.info\\\/index.php\\\/2022\\\/07\\\/12\\\/teutofrangofest-e-apresentada-no-palacio-do-piratini-e-na-assembleia-legislativa\\\/#primaryimage\"},\"thumbnailUrl\":\"https:\\\/\\\/folhapopular.info\\\/wp-content\\\/uploads\\\/2022\\\/07\\\/DSC_5576-JORNAL-scaled-e1657652934784.jpg\",\"keywords\":[\"Assembleia Legislativa\",\"Cooperativa Languiru\",\"Pal\u00e1cio do Piratini\",\"Teutofrangofest\",\"Teut\u00f4nia\"],\"articleSection\":[\"Destaques\",\"Geral\"],\"inLanguage\":\"pt-BR\",\"potentialAction\":[{\"@type\":\"CommentAction\",\"name\":\"Comment\",\"target\":[\"https:\\\/\\\/folhapopular.info\\\/index.php\\\/2022\\\/07\\\/12\\\/teutofrangofest-e-apresentada-no-palacio-do-piratini-e-na-assembleia-legislativa\\\/#respond\"]}]},{\"@type\":\"WebPage\",\"@id\":\"https:\\\/\\\/folhapopular.info\\\/index.php\\\/2022\\\/07\\\/12\\\/teutofrangofest-e-apresentada-no-palacio-do-piratini-e-na-assembleia-legislativa\\\/\",\"url\":\"https:\\\/\\\/folhapopular.info\\\/index.php\\\/2022\\\/07\\\/12\\\/teutofrangofest-e-apresentada-no-palacio-do-piratini-e-na-assembleia-legislativa\\\/\",\"name\":\"Teutofrangofest \u00e9 apresentada no Pal\u00e1cio do Piratini e na Assembleia Legislativa - Folha Popular\",\"isPartOf\":{\"@id\":\"https:\\\/\\\/folhapopular.info\\\/#website\"},\"primaryImageOfPage\":{\"@id\":\"https:\\\/\\\/folhapopular.info\\\/index.php\\\/2022\\\/07\\\/12\\\/teutofrangofest-e-apresentada-no-palacio-do-piratini-e-na-assembleia-legislativa\\\/#primaryimage\"},\"image\":{\"@id\":\"https:\\\/\\\/folhapopular.info\\\/index.php\\\/2022\\\/07\\\/12\\\/teutofrangofest-e-apresentada-no-palacio-do-piratini-e-na-assembleia-legislativa\\\/#primaryimage\"},\"thumbnailUrl\":\"https:\\\/\\\/folhapopular.info\\\/wp-content\\\/uploads\\\/2022\\\/07\\\/DSC_5576-JORNAL-scaled-e1657652934784.jpg\",\"datePublished\":\"2022-07-12T19:10:38+00:00\",\"dateModified\":\"2022-07-12T19:10:43+00:00\",\"author\":{\"@id\":\"https:\\\/\\\/folhapopular.info\\\/#\\\/schema\\\/person\\\/2814e8a0df7643585a9ca38bc6eb9d4b\"},\"breadcrumb\":{\"@id\":\"https:\\\/\\\/folhapopular.info\\\/index.php\\\/2022\\\/07\\\/12\\\/teutofrangofest-e-apresentada-no-palacio-do-piratini-e-na-assembleia-legislativa\\\/#breadcrumb\"},\"inLanguage\":\"pt-BR\",\"potentialAction\":[{\"@type\":\"ReadAction\",\"target\":[\"https:\\\/\\\/folhapopular.info\\\/index.php\\\/2022\\\/07\\\/12\\\/teutofrangofest-e-apresentada-no-palacio-do-piratini-e-na-assembleia-legislativa\\\/\"]}]},{\"@type\":\"ImageObject\",\"inLanguage\":\"pt-BR\",\"@id\":\"https:\\\/\\\/folhapopular.info\\\/index.php\\\/2022\\\/07\\\/12\\\/teutofrangofest-e-apresentada-no-palacio-do-piratini-e-na-assembleia-legislativa\\\/#primaryimage\",\"url\":\"https:\\\/\\\/folhapopular.info\\\/wp-content\\\/uploads\\\/2022\\\/07\\\/DSC_5576-JORNAL-scaled-e1657652934784.jpg\",\"contentUrl\":\"https:\\\/\\\/folhapopular.info\\\/wp-content\\\/uploads\\\/2022\\\/07\\\/DSC_5576-JORNAL-scaled-e1657652934784.jpg\",\"width\":1200,\"height\":697,\"caption\":\"Autoridades e lideran\u00e7as pol\u00edticas, al\u00e9m de representantes de entidades relacionadas \u00e0 avicultura e ao cooperativismo agropecu\u00e1rio, prestigiaram evento em Porto Alegre \\\/ Cr\u00e9dito: Leandro Augusto Hamester \\\/ Cr\u00e9dito: Leandro Augusto Hamester \\\/ Divulga\u00e7\u00e3o\"},{\"@type\":\"BreadcrumbList\",\"@id\":\"https:\\\/\\\/folhapopular.info\\\/index.php\\\/2022\\\/07\\\/12\\\/teutofrangofest-e-apresentada-no-palacio-do-piratini-e-na-assembleia-legislativa\\\/#breadcrumb\",\"itemListElement\":[{\"@type\":\"ListItem\",\"position\":1,\"name\":\"In\u00edcio\",\"item\":\"https:\\\/\\\/folhapopular.info\\\/\"},{\"@type\":\"ListItem\",\"position\":2,\"name\":\"Teutofrangofest \u00e9 apresentada no Pal\u00e1cio do Piratini e na Assembleia Legislativa\"}]},{\"@type\":\"WebSite\",\"@id\":\"https:\\\/\\\/folhapopular.info\\\/#website\",\"url\":\"https:\\\/\\\/folhapopular.info\\\/\",\"name\":\"Folha Popular\",\"description\":\"Onde voc\u00ea tem vez e voz\",\"potentialAction\":[{\"@type\":\"SearchAction\",\"target\":{\"@type\":\"EntryPoint\",\"urlTemplate\":\"https:\\\/\\\/folhapopular.info\\\/?s={search_term_string}\"},\"query-input\":{\"@type\":\"PropertyValueSpecification\",\"valueRequired\":true,\"valueName\":\"search_term_string\"}}],\"inLanguage\":\"pt-BR\"},{\"@type\":\"Person\",\"@id\":\"https:\\\/\\\/folhapopular.info\\\/#\\\/schema\\\/person\\\/2814e8a0df7643585a9ca38bc6eb9d4b\",\"name\":\"Reda\u00e7\u00e3o Folha Popular\",\"image\":{\"@type\":\"ImageObject\",\"inLanguage\":\"pt-BR\",\"@id\":\"https:\\\/\\\/folhapopular.info\\\/wp-content\\\/uploads\\\/2026\\\/04\\\/Folha-1.webp\",\"url\":\"https:\\\/\\\/folhapopular.info\\\/wp-content\\\/uploads\\\/2026\\\/04\\\/Folha-1.webp\",\"contentUrl\":\"https:\\\/\\\/folhapopular.info\\\/wp-content\\\/uploads\\\/2026\\\/04\\\/Folha-1.webp\",\"caption\":\"Reda\u00e7\u00e3o Folha Popular\"},\"url\":\"https:\\\/\\\/folhapopular.info\\\/index.php\\\/author\\\/redacao\\\/\"}]}<\/script>\n<!-- \/ Yoast SEO plugin. -->","yoast_head_json":{"title":"Teutofrangofest \u00e9 apresentada no Pal\u00e1cio do Piratini e na Assembleia Legislativa - Folha Popular","robots":{"index":"index","follow":"follow","max-snippet":"max-snippet:-1","max-image-preview":"max-image-preview:large","max-video-preview":"max-video-preview:-1"},"canonical":"https:\/\/folhapopular.info\/index.php\/2022\/07\/12\/teutofrangofest-e-apresentada-no-palacio-do-piratini-e-na-assembleia-legislativa\/","og_locale":"pt_BR","og_type":"article","og_title":"Teutofrangofest \u00e9 apresentada no Pal\u00e1cio do Piratini e na Assembleia Legislativa - Folha Popular","og_description":"A comitiva teutoniense esteve no Pal\u00e1cio do Piratini e na Assembleia Legislativa do Estado nesta segunda-feira (11\/7) para divulga\u00e7\u00e3o da 4\u00aa\u00a0Teutofrangofest. O evento gastron\u00f4mico acontecer\u00e1 do dia 19 ao dia 21 de agosto na Associa\u00e7\u00e3o dos Funcion\u00e1rios da Languiru, em Teut\u00f4nia. Pela manh\u00e3 o presidente da Cooperativa Languiru, Dirceu Bayer fez a apresenta\u00e7\u00e3o da programa\u00e7\u00e3o [&hellip;]","og_url":"https:\/\/folhapopular.info\/index.php\/2022\/07\/12\/teutofrangofest-e-apresentada-no-palacio-do-piratini-e-na-assembleia-legislativa\/","og_site_name":"Folha Popular","article_published_time":"2022-07-12T19:10:38+00:00","article_modified_time":"2022-07-12T19:10:43+00:00","og_image":[{"width":1200,"height":697,"url":"http:\/\/folhapopular.info\/wp-content\/uploads\/2022\/07\/DSC_5576-JORNAL-scaled-e1657652934784.jpg","type":"image\/jpeg"}],"author":"Reda\u00e7\u00e3o Folha Popular","twitter_card":"summary_large_image","twitter_misc":{"Escrito por":"Reda\u00e7\u00e3o Folha Popular","Est. tempo de leitura":"3 minutos"},"schema":{"@context":"https:\/\/schema.org","@graph":[{"@type":"Article","@id":"https:\/\/folhapopular.info\/index.php\/2022\/07\/12\/teutofrangofest-e-apresentada-no-palacio-do-piratini-e-na-assembleia-legislativa\/#article","isPartOf":{"@id":"https:\/\/folhapopular.info\/index.php\/2022\/07\/12\/teutofrangofest-e-apresentada-no-palacio-do-piratini-e-na-assembleia-legislativa\/"},"author":{"name":"Reda\u00e7\u00e3o Folha Popular","@id":"https:\/\/folhapopular.info\/#\/schema\/person\/2814e8a0df7643585a9ca38bc6eb9d4b"},"headline":"Teutofrangofest \u00e9 apresentada no Pal\u00e1cio do Piratini e na Assembleia Legislativa","datePublished":"2022-07-12T19:10:38+00:00","dateModified":"2022-07-12T19:10:43+00:00","mainEntityOfPage":{"@id":"https:\/\/folhapopular.info\/index.php\/2022\/07\/12\/teutofrangofest-e-apresentada-no-palacio-do-piratini-e-na-assembleia-legislativa\/"},"wordCount":445,"commentCount":0,"image":{"@id":"https:\/\/folhapopular.info\/index.php\/2022\/07\/12\/teutofrangofest-e-apresentada-no-palacio-do-piratini-e-na-assembleia-legislativa\/#primaryimage"},"thumbnailUrl":"https:\/\/folhapopular.info\/wp-content\/uploads\/2022\/07\/DSC_5576-JORNAL-scaled-e1657652934784.jpg","keywords":["Assembleia Legislativa","Cooperativa Languiru","Pal\u00e1cio do Piratini","Teutofrangofest","Teut\u00f4nia"],"articleSection":["Destaques","Geral"],"inLanguage":"pt-BR","potentialAction":[{"@type":"CommentAction","name":"Comment","target":["https:\/\/folhapopular.info\/index.php\/2022\/07\/12\/teutofrangofest-e-apresentada-no-palacio-do-piratini-e-na-assembleia-legislativa\/#respond"]}]},{"@type":"WebPage","@id":"https:\/\/folhapopular.info\/index.php\/2022\/07\/12\/teutofrangofest-e-apresentada-no-palacio-do-piratini-e-na-assembleia-legislativa\/","url":"https:\/\/folhapopular.info\/index.php\/2022\/07\/12\/teutofrangofest-e-apresentada-no-palacio-do-piratini-e-na-assembleia-legislativa\/","name":"Teutofrangofest \u00e9 apresentada no Pal\u00e1cio do Piratini e na Assembleia Legislativa - Folha Popular","isPartOf":{"@id":"https:\/\/folhapopular.info\/#website"},"primaryImageOfPage":{"@id":"https:\/\/folhapopular.info\/index.php\/2022\/07\/12\/teutofrangofest-e-apresentada-no-palacio-do-piratini-e-na-assembleia-legislativa\/#primaryimage"},"image":{"@id":"https:\/\/folhapopular.info\/index.php\/2022\/07\/12\/teutofrangofest-e-apresentada-no-palacio-do-piratini-e-na-assembleia-legislativa\/#primaryimage"},"thumbnailUrl":"https:\/\/folhapopular.info\/wp-content\/uploads\/2022\/07\/DSC_5576-JORNAL-scaled-e1657652934784.jpg","datePublished":"2022-07-12T19:10:38+00:00","dateModified":"2022-07-12T19:10:43+00:00","author":{"@id":"https:\/\/folhapopular.info\/#\/schema\/person\/2814e8a0df7643585a9ca38bc6eb9d4b"},"breadcrumb":{"@id":"https:\/\/folhapopular.info\/index.php\/2022\/07\/12\/teutofrangofest-e-apresentada-no-palacio-do-piratini-e-na-assembleia-legislativa\/#breadcrumb"},"inLanguage":"pt-BR","potentialAction":[{"@type":"ReadAction","target":["https:\/\/folhapopular.info\/index.php\/2022\/07\/12\/teutofrangofest-e-apresentada-no-palacio-do-piratini-e-na-assembleia-legislativa\/"]}]},{"@type":"ImageObject","inLanguage":"pt-BR","@id":"https:\/\/folhapopular.info\/index.php\/2022\/07\/12\/teutofrangofest-e-apresentada-no-palacio-do-piratini-e-na-assembleia-legislativa\/#primaryimage","url":"https:\/\/folhapopular.info\/wp-content\/uploads\/2022\/07\/DSC_5576-JORNAL-scaled-e1657652934784.jpg","contentUrl":"https:\/\/folhapopular.info\/wp-content\/uploads\/2022\/07\/DSC_5576-JORNAL-scaled-e1657652934784.jpg","width":1200,"height":697,"caption":"Autoridades e lideran\u00e7as pol\u00edticas, al\u00e9m de representantes de entidades relacionadas \u00e0 avicultura e ao cooperativismo agropecu\u00e1rio, prestigiaram evento em Porto Alegre \/ Cr\u00e9dito: Leandro Augusto Hamester \/ Cr\u00e9dito: Leandro Augusto Hamester \/ Divulga\u00e7\u00e3o"},{"@type":"BreadcrumbList","@id":"https:\/\/folhapopular.info\/index.php\/2022\/07\/12\/teutofrangofest-e-apresentada-no-palacio-do-piratini-e-na-assembleia-legislativa\/#breadcrumb","itemListElement":[{"@type":"ListItem","position":1,"name":"In\u00edcio","item":"https:\/\/folhapopular.info\/"},{"@type":"ListItem","position":2,"name":"Teutofrangofest \u00e9 apresentada no Pal\u00e1cio do Piratini e na Assembleia Legislativa"}]},{"@type":"WebSite","@id":"https:\/\/folhapopular.info\/#website","url":"https:\/\/folhapopular.info\/","name":"Folha Popular","description":"Onde voc\u00ea tem vez e voz","potentialAction":[{"@type":"SearchAction","target":{"@type":"EntryPoint","urlTemplate":"https:\/\/folhapopular.info\/?s={search_term_string}"},"query-input":{"@type":"PropertyValueSpecification","valueRequired":true,"valueName":"search_term_string"}}],"inLanguage":"pt-BR"},{"@type":"Person","@id":"https:\/\/folhapopular.info\/#\/schema\/person\/2814e8a0df7643585a9ca38bc6eb9d4b","name":"Reda\u00e7\u00e3o Folha Popular","image":{"@type":"ImageObject","inLanguage":"pt-BR","@id":"https:\/\/folhapopular.info\/wp-content\/uploads\/2026\/04\/Folha-1.webp","url":"https:\/\/folhapopular.info\/wp-content\/uploads\/2026\/04\/Folha-1.webp","contentUrl":"https:\/\/folhapopular.info\/wp-content\/uploads\/2026\/04\/Folha-1.webp","caption":"Reda\u00e7\u00e3o Folha Popular"},"url":"https:\/\/folhapopular.info\/index.php\/author\/redacao\/"}]}},"jetpack_featured_media_url":"https:\/\/folhapopular.info\/wp-content\/uploads\/2022\/07\/DSC_5576-JORNAL-scaled-e1657652934784.jpg","jetpack_sharing_enabled":true,"amp_enabled":true,"_links":{"self":[{"href":"https:\/\/folhapopular.info\/index.php\/wp-json\/wp\/v2\/posts\/108389","targetHints":{"allow":["GET"]}}],"collection":[{"href":"https:\/\/folhapopular.info\/index.php\/wp-json\/wp\/v2\/posts"}],"about":[{"href":"https:\/\/folhapopular.info\/index.php\/wp-json\/wp\/v2\/types\/post"}],"author":[{"embeddable":true,"href":"https:\/\/folhapopular.info\/index.php\/wp-json\/wp\/v2\/users\/8"}],"replies":[{"embeddable":true,"href":"https:\/\/folhapopular.info\/index.php\/wp-json\/wp\/v2\/comments?post=108389"}],"version-history":[{"count":0,"href":"https:\/\/folhapopular.info\/index.php\/wp-json\/wp\/v2\/posts\/108389\/revisions"}],"wp:featuredmedia":[{"embeddable":true,"href":"https:\/\/folhapopular.info\/index.php\/wp-json\/wp\/v2\/media\/108399"}],"wp:attachment":[{"href":"https:\/\/folhapopular.info\/index.php\/wp-json\/wp\/v2\/media?parent=108389"}],"wp:term":[{"taxonomy":"category","embeddable":true,"href":"https:\/\/folhapopular.info\/index.php\/wp-json\/wp\/v2\/categories?post=108389"},{"taxonomy":"post_tag","embeddable":true,"href":"https:\/\/folhapopular.info\/index.php\/wp-json\/wp\/v2\/tags?post=108389"}],"curies":[{"name":"wp","href":"https:\/\/api.w.org\/{rel}","templated":true}]}}