{"id":108446,"date":"2022-07-12T21:39:02","date_gmt":"2022-07-13T00:39:02","guid":{"rendered":"https:\/\/folhapopular.info\/?p=108446"},"modified":"2022-07-12T21:39:07","modified_gmt":"2022-07-13T00:39:07","slug":"um-ano-apos-incendio-governo-anuncia-nova-sede-da-secretaria-de-seguranca","status":"publish","type":"post","link":"https:\/\/folhapopular.info\/index.php\/2022\/07\/12\/um-ano-apos-incendio-governo-anuncia-nova-sede-da-secretaria-de-seguranca\/","title":{"rendered":"Um ano ap\u00f3s inc\u00eandio, governo anuncia nova sede da Secretaria de Seguran\u00e7a"},"content":{"rendered":"\n<p>Em 2021 a sede da Secretaria de Seguran\u00e7a P\u00fablica do governo do Estado, localizado na Avenida Volunt\u00e1rios da P\u00e1tria, em Porto Alegre foi atingida por um <a href=\"https:\/\/folhapopular.info\/index.php\/2021\/07\/15\/incendio-atinge-sede-da-secretaria-de-seguranca-publica-do-estado\/\">inc\u00eandio <\/a>que comprometeu 100% da estrutura do pr\u00e9dio.<\/p>\n\n\n\n<p>Agora, em 2022, o governo o projeto da nova sede e destino para o terreno da antiga. o An\u00fancio ser\u00e1 feito nesta quarta-feira (13\/7), \u00e0s 9h30, no Pal\u00e1cio Piratini.<\/p>\n\n\n\n<p>O governador Ranolfo Vieira J\u00fanior participar\u00e1 ao lado do procurador-geral do Estado, Eduardo Cunha da Costa, o secret\u00e1rio da Seguran\u00e7a P\u00fablica, Vanius Cesar Santarosa, e o secret\u00e1rio de Planejamento, Governan\u00e7a e Gest\u00e3o, Claudio Gastal.<\/p>\n\n\n\n<p>Ap\u00f3s a apresenta\u00e7\u00e3o, haver\u00e1 coletiva de imprensa presencial.<\/p>\n","protected":false},"excerpt":{"rendered":"<p>Em 2021 a sede da Secretaria de Seguran\u00e7a P\u00fablica do governo do Estado, localizado na Avenida Volunt\u00e1rios da P\u00e1tria, em Porto Alegre foi atingida por um inc\u00eandio que comprometeu 100% da estrutura do pr\u00e9dio. Agora, em 2022, o governo o projeto da nova sede e destino para o terreno da antiga. o An\u00fancio ser\u00e1 feito [&hellip;]<\/p>\n","protected":false},"author":8,"featured_media":108450,"comment_status":"open","ping_status":"open","sticky":false,"template":"","format":"standard","meta":{"pmpro_default_level":"","_jetpack_memberships_contains_paid_content":false,"footnotes":""},"categories":[2,3],"tags":[176,9535,269],"class_list":{"0":"post-108446","1":"post","2":"type-post","3":"status-publish","4":"format-standard","5":"has-post-thumbnail","7":"category-featured","8":"category-geral","9":"tag-estado","10":"tag-palacio-do-piratini","11":"tag-seguranca-publica","12":"pmpro-has-access"},"yoast_head":"<!-- This site is optimized with the Yoast SEO plugin v27.5 - https:\/\/yoast.com\/product\/yoast-seo-wordpress\/ -->\n<title>Um ano ap\u00f3s inc\u00eandio, governo anuncia nova sede da Secretaria de Seguran\u00e7a - Folha Popular<\/title>\n<meta name=\"robots\" content=\"index, follow, max-snippet:-1, max-image-preview:large, max-video-preview:-1\" \/>\n<link rel=\"canonical\" href=\"https:\/\/folhapopular.info\/index.php\/2022\/07\/12\/um-ano-apos-incendio-governo-anuncia-nova-sede-da-secretaria-de-seguranca\/\" \/>\n<meta property=\"og:locale\" content=\"pt_BR\" \/>\n<meta property=\"og:type\" content=\"article\" \/>\n<meta property=\"og:title\" content=\"Um ano ap\u00f3s inc\u00eandio, governo anuncia nova sede da Secretaria de Seguran\u00e7a - Folha Popular\" \/>\n<meta property=\"og:description\" content=\"Em 2021 a sede da Secretaria de Seguran\u00e7a P\u00fablica do governo do Estado, localizado na Avenida Volunt\u00e1rios da P\u00e1tria, em Porto Alegre foi atingida por um inc\u00eandio que comprometeu 100% da estrutura do pr\u00e9dio. Agora, em 2022, o governo o projeto da nova sede e destino para o terreno da antiga. o An\u00fancio ser\u00e1 feito [&hellip;]\" \/>\n<meta property=\"og:url\" content=\"https:\/\/folhapopular.info\/index.php\/2022\/07\/12\/um-ano-apos-incendio-governo-anuncia-nova-sede-da-secretaria-de-seguranca\/\" \/>\n<meta property=\"og:site_name\" content=\"Folha Popular\" \/>\n<meta property=\"article:published_time\" content=\"2022-07-13T00:39:02+00:00\" \/>\n<meta property=\"article:modified_time\" content=\"2022-07-13T00:39:07+00:00\" \/>\n<meta property=\"og:image\" content=\"http:\/\/folhapopular.info\/wp-content\/uploads\/2022\/07\/img_6951_foto_1_g.jpg\" \/>\n\t<meta property=\"og:image:width\" content=\"850\" \/>\n\t<meta property=\"og:image:height\" content=\"550\" \/>\n\t<meta property=\"og:image:type\" content=\"image\/jpeg\" \/>\n<meta name=\"author\" content=\"Reda\u00e7\u00e3o Folha Popular\" \/>\n<meta name=\"twitter:card\" content=\"summary_large_image\" \/>\n<meta name=\"twitter:label1\" content=\"Escrito por\" \/>\n\t<meta name=\"twitter:data1\" content=\"Reda\u00e7\u00e3o Folha Popular\" \/>\n\t<meta name=\"twitter:label2\" content=\"Est. tempo de leitura\" \/>\n\t<meta name=\"twitter:data2\" content=\"1 minuto\" \/>\n<script type=\"application\/ld+json\" class=\"yoast-schema-graph\">{\"@context\":\"https:\\\/\\\/schema.org\",\"@graph\":[{\"@type\":\"Article\",\"@id\":\"https:\\\/\\\/folhapopular.info\\\/index.php\\\/2022\\\/07\\\/12\\\/um-ano-apos-incendio-governo-anuncia-nova-sede-da-secretaria-de-seguranca\\\/#article\",\"isPartOf\":{\"@id\":\"https:\\\/\\\/folhapopular.info\\\/index.php\\\/2022\\\/07\\\/12\\\/um-ano-apos-incendio-governo-anuncia-nova-sede-da-secretaria-de-seguranca\\\/\"},\"author\":{\"name\":\"Reda\u00e7\u00e3o Folha Popular\",\"@id\":\"https:\\\/\\\/folhapopular.info\\\/#\\\/schema\\\/person\\\/2814e8a0df7643585a9ca38bc6eb9d4b\"},\"headline\":\"Um ano ap\u00f3s inc\u00eandio, governo anuncia nova sede da Secretaria de Seguran\u00e7a\",\"datePublished\":\"2022-07-13T00:39:02+00:00\",\"dateModified\":\"2022-07-13T00:39:07+00:00\",\"mainEntityOfPage\":{\"@id\":\"https:\\\/\\\/folhapopular.info\\\/index.php\\\/2022\\\/07\\\/12\\\/um-ano-apos-incendio-governo-anuncia-nova-sede-da-secretaria-de-seguranca\\\/\"},\"wordCount\":133,\"commentCount\":0,\"image\":{\"@id\":\"https:\\\/\\\/folhapopular.info\\\/index.php\\\/2022\\\/07\\\/12\\\/um-ano-apos-incendio-governo-anuncia-nova-sede-da-secretaria-de-seguranca\\\/#primaryimage\"},\"thumbnailUrl\":\"https:\\\/\\\/folhapopular.info\\\/wp-content\\\/uploads\\\/2022\\\/07\\\/img_6951_foto_1_g.jpg\",\"keywords\":[\"Estado\",\"Pal\u00e1cio do Piratini\",\"Seguran\u00e7a P\u00fablica\"],\"articleSection\":[\"Destaques\",\"Geral\"],\"inLanguage\":\"pt-BR\",\"potentialAction\":[{\"@type\":\"CommentAction\",\"name\":\"Comment\",\"target\":[\"https:\\\/\\\/folhapopular.info\\\/index.php\\\/2022\\\/07\\\/12\\\/um-ano-apos-incendio-governo-anuncia-nova-sede-da-secretaria-de-seguranca\\\/#respond\"]}]},{\"@type\":\"WebPage\",\"@id\":\"https:\\\/\\\/folhapopular.info\\\/index.php\\\/2022\\\/07\\\/12\\\/um-ano-apos-incendio-governo-anuncia-nova-sede-da-secretaria-de-seguranca\\\/\",\"url\":\"https:\\\/\\\/folhapopular.info\\\/index.php\\\/2022\\\/07\\\/12\\\/um-ano-apos-incendio-governo-anuncia-nova-sede-da-secretaria-de-seguranca\\\/\",\"name\":\"Um ano ap\u00f3s inc\u00eandio, governo anuncia nova sede da Secretaria de Seguran\u00e7a - Folha Popular\",\"isPartOf\":{\"@id\":\"https:\\\/\\\/folhapopular.info\\\/#website\"},\"primaryImageOfPage\":{\"@id\":\"https:\\\/\\\/folhapopular.info\\\/index.php\\\/2022\\\/07\\\/12\\\/um-ano-apos-incendio-governo-anuncia-nova-sede-da-secretaria-de-seguranca\\\/#primaryimage\"},\"image\":{\"@id\":\"https:\\\/\\\/folhapopular.info\\\/index.php\\\/2022\\\/07\\\/12\\\/um-ano-apos-incendio-governo-anuncia-nova-sede-da-secretaria-de-seguranca\\\/#primaryimage\"},\"thumbnailUrl\":\"https:\\\/\\\/folhapopular.info\\\/wp-content\\\/uploads\\\/2022\\\/07\\\/img_6951_foto_1_g.jpg\",\"datePublished\":\"2022-07-13T00:39:02+00:00\",\"dateModified\":\"2022-07-13T00:39:07+00:00\",\"author\":{\"@id\":\"https:\\\/\\\/folhapopular.info\\\/#\\\/schema\\\/person\\\/2814e8a0df7643585a9ca38bc6eb9d4b\"},\"breadcrumb\":{\"@id\":\"https:\\\/\\\/folhapopular.info\\\/index.php\\\/2022\\\/07\\\/12\\\/um-ano-apos-incendio-governo-anuncia-nova-sede-da-secretaria-de-seguranca\\\/#breadcrumb\"},\"inLanguage\":\"pt-BR\",\"potentialAction\":[{\"@type\":\"ReadAction\",\"target\":[\"https:\\\/\\\/folhapopular.info\\\/index.php\\\/2022\\\/07\\\/12\\\/um-ano-apos-incendio-governo-anuncia-nova-sede-da-secretaria-de-seguranca\\\/\"]}]},{\"@type\":\"ImageObject\",\"inLanguage\":\"pt-BR\",\"@id\":\"https:\\\/\\\/folhapopular.info\\\/index.php\\\/2022\\\/07\\\/12\\\/um-ano-apos-incendio-governo-anuncia-nova-sede-da-secretaria-de-seguranca\\\/#primaryimage\",\"url\":\"https:\\\/\\\/folhapopular.info\\\/wp-content\\\/uploads\\\/2022\\\/07\\\/img_6951_foto_1_g.jpg\",\"contentUrl\":\"https:\\\/\\\/folhapopular.info\\\/wp-content\\\/uploads\\\/2022\\\/07\\\/img_6951_foto_1_g.jpg\",\"width\":850,\"height\":550,\"caption\":\"Cr\u00e9dito: Divulga\u00e7\u00e3o\"},{\"@type\":\"BreadcrumbList\",\"@id\":\"https:\\\/\\\/folhapopular.info\\\/index.php\\\/2022\\\/07\\\/12\\\/um-ano-apos-incendio-governo-anuncia-nova-sede-da-secretaria-de-seguranca\\\/#breadcrumb\",\"itemListElement\":[{\"@type\":\"ListItem\",\"position\":1,\"name\":\"In\u00edcio\",\"item\":\"https:\\\/\\\/folhapopular.info\\\/\"},{\"@type\":\"ListItem\",\"position\":2,\"name\":\"Um ano ap\u00f3s inc\u00eandio, governo anuncia nova sede da Secretaria de Seguran\u00e7a\"}]},{\"@type\":\"WebSite\",\"@id\":\"https:\\\/\\\/folhapopular.info\\\/#website\",\"url\":\"https:\\\/\\\/folhapopular.info\\\/\",\"name\":\"Folha Popular\",\"description\":\"Onde voc\u00ea tem vez e voz\",\"potentialAction\":[{\"@type\":\"SearchAction\",\"target\":{\"@type\":\"EntryPoint\",\"urlTemplate\":\"https:\\\/\\\/folhapopular.info\\\/?s={search_term_string}\"},\"query-input\":{\"@type\":\"PropertyValueSpecification\",\"valueRequired\":true,\"valueName\":\"search_term_string\"}}],\"inLanguage\":\"pt-BR\"},{\"@type\":\"Person\",\"@id\":\"https:\\\/\\\/folhapopular.info\\\/#\\\/schema\\\/person\\\/2814e8a0df7643585a9ca38bc6eb9d4b\",\"name\":\"Reda\u00e7\u00e3o Folha Popular\",\"image\":{\"@type\":\"ImageObject\",\"inLanguage\":\"pt-BR\",\"@id\":\"https:\\\/\\\/folhapopular.info\\\/wp-content\\\/uploads\\\/2026\\\/04\\\/Folha-1.webp\",\"url\":\"https:\\\/\\\/folhapopular.info\\\/wp-content\\\/uploads\\\/2026\\\/04\\\/Folha-1.webp\",\"contentUrl\":\"https:\\\/\\\/folhapopular.info\\\/wp-content\\\/uploads\\\/2026\\\/04\\\/Folha-1.webp\",\"caption\":\"Reda\u00e7\u00e3o Folha Popular\"},\"url\":\"https:\\\/\\\/folhapopular.info\\\/index.php\\\/author\\\/redacao\\\/\"}]}<\/script>\n<!-- \/ Yoast SEO plugin. -->","yoast_head_json":{"title":"Um ano ap\u00f3s inc\u00eandio, governo anuncia nova sede da Secretaria de Seguran\u00e7a - Folha Popular","robots":{"index":"index","follow":"follow","max-snippet":"max-snippet:-1","max-image-preview":"max-image-preview:large","max-video-preview":"max-video-preview:-1"},"canonical":"https:\/\/folhapopular.info\/index.php\/2022\/07\/12\/um-ano-apos-incendio-governo-anuncia-nova-sede-da-secretaria-de-seguranca\/","og_locale":"pt_BR","og_type":"article","og_title":"Um ano ap\u00f3s inc\u00eandio, governo anuncia nova sede da Secretaria de Seguran\u00e7a - Folha Popular","og_description":"Em 2021 a sede da Secretaria de Seguran\u00e7a P\u00fablica do governo do Estado, localizado na Avenida Volunt\u00e1rios da P\u00e1tria, em Porto Alegre foi atingida por um inc\u00eandio que comprometeu 100% da estrutura do pr\u00e9dio. Agora, em 2022, o governo o projeto da nova sede e destino para o terreno da antiga. o An\u00fancio ser\u00e1 feito [&hellip;]","og_url":"https:\/\/folhapopular.info\/index.php\/2022\/07\/12\/um-ano-apos-incendio-governo-anuncia-nova-sede-da-secretaria-de-seguranca\/","og_site_name":"Folha Popular","article_published_time":"2022-07-13T00:39:02+00:00","article_modified_time":"2022-07-13T00:39:07+00:00","og_image":[{"width":850,"height":550,"url":"http:\/\/folhapopular.info\/wp-content\/uploads\/2022\/07\/img_6951_foto_1_g.jpg","type":"image\/jpeg"}],"author":"Reda\u00e7\u00e3o Folha Popular","twitter_card":"summary_large_image","twitter_misc":{"Escrito por":"Reda\u00e7\u00e3o Folha Popular","Est. tempo de leitura":"1 minuto"},"schema":{"@context":"https:\/\/schema.org","@graph":[{"@type":"Article","@id":"https:\/\/folhapopular.info\/index.php\/2022\/07\/12\/um-ano-apos-incendio-governo-anuncia-nova-sede-da-secretaria-de-seguranca\/#article","isPartOf":{"@id":"https:\/\/folhapopular.info\/index.php\/2022\/07\/12\/um-ano-apos-incendio-governo-anuncia-nova-sede-da-secretaria-de-seguranca\/"},"author":{"name":"Reda\u00e7\u00e3o Folha Popular","@id":"https:\/\/folhapopular.info\/#\/schema\/person\/2814e8a0df7643585a9ca38bc6eb9d4b"},"headline":"Um ano ap\u00f3s inc\u00eandio, governo anuncia nova sede da Secretaria de Seguran\u00e7a","datePublished":"2022-07-13T00:39:02+00:00","dateModified":"2022-07-13T00:39:07+00:00","mainEntityOfPage":{"@id":"https:\/\/folhapopular.info\/index.php\/2022\/07\/12\/um-ano-apos-incendio-governo-anuncia-nova-sede-da-secretaria-de-seguranca\/"},"wordCount":133,"commentCount":0,"image":{"@id":"https:\/\/folhapopular.info\/index.php\/2022\/07\/12\/um-ano-apos-incendio-governo-anuncia-nova-sede-da-secretaria-de-seguranca\/#primaryimage"},"thumbnailUrl":"https:\/\/folhapopular.info\/wp-content\/uploads\/2022\/07\/img_6951_foto_1_g.jpg","keywords":["Estado","Pal\u00e1cio do Piratini","Seguran\u00e7a P\u00fablica"],"articleSection":["Destaques","Geral"],"inLanguage":"pt-BR","potentialAction":[{"@type":"CommentAction","name":"Comment","target":["https:\/\/folhapopular.info\/index.php\/2022\/07\/12\/um-ano-apos-incendio-governo-anuncia-nova-sede-da-secretaria-de-seguranca\/#respond"]}]},{"@type":"WebPage","@id":"https:\/\/folhapopular.info\/index.php\/2022\/07\/12\/um-ano-apos-incendio-governo-anuncia-nova-sede-da-secretaria-de-seguranca\/","url":"https:\/\/folhapopular.info\/index.php\/2022\/07\/12\/um-ano-apos-incendio-governo-anuncia-nova-sede-da-secretaria-de-seguranca\/","name":"Um ano ap\u00f3s inc\u00eandio, governo anuncia nova sede da Secretaria de Seguran\u00e7a - Folha Popular","isPartOf":{"@id":"https:\/\/folhapopular.info\/#website"},"primaryImageOfPage":{"@id":"https:\/\/folhapopular.info\/index.php\/2022\/07\/12\/um-ano-apos-incendio-governo-anuncia-nova-sede-da-secretaria-de-seguranca\/#primaryimage"},"image":{"@id":"https:\/\/folhapopular.info\/index.php\/2022\/07\/12\/um-ano-apos-incendio-governo-anuncia-nova-sede-da-secretaria-de-seguranca\/#primaryimage"},"thumbnailUrl":"https:\/\/folhapopular.info\/wp-content\/uploads\/2022\/07\/img_6951_foto_1_g.jpg","datePublished":"2022-07-13T00:39:02+00:00","dateModified":"2022-07-13T00:39:07+00:00","author":{"@id":"https:\/\/folhapopular.info\/#\/schema\/person\/2814e8a0df7643585a9ca38bc6eb9d4b"},"breadcrumb":{"@id":"https:\/\/folhapopular.info\/index.php\/2022\/07\/12\/um-ano-apos-incendio-governo-anuncia-nova-sede-da-secretaria-de-seguranca\/#breadcrumb"},"inLanguage":"pt-BR","potentialAction":[{"@type":"ReadAction","target":["https:\/\/folhapopular.info\/index.php\/2022\/07\/12\/um-ano-apos-incendio-governo-anuncia-nova-sede-da-secretaria-de-seguranca\/"]}]},{"@type":"ImageObject","inLanguage":"pt-BR","@id":"https:\/\/folhapopular.info\/index.php\/2022\/07\/12\/um-ano-apos-incendio-governo-anuncia-nova-sede-da-secretaria-de-seguranca\/#primaryimage","url":"https:\/\/folhapopular.info\/wp-content\/uploads\/2022\/07\/img_6951_foto_1_g.jpg","contentUrl":"https:\/\/folhapopular.info\/wp-content\/uploads\/2022\/07\/img_6951_foto_1_g.jpg","width":850,"height":550,"caption":"Cr\u00e9dito: Divulga\u00e7\u00e3o"},{"@type":"BreadcrumbList","@id":"https:\/\/folhapopular.info\/index.php\/2022\/07\/12\/um-ano-apos-incendio-governo-anuncia-nova-sede-da-secretaria-de-seguranca\/#breadcrumb","itemListElement":[{"@type":"ListItem","position":1,"name":"In\u00edcio","item":"https:\/\/folhapopular.info\/"},{"@type":"ListItem","position":2,"name":"Um ano ap\u00f3s inc\u00eandio, governo anuncia nova sede da Secretaria de Seguran\u00e7a"}]},{"@type":"WebSite","@id":"https:\/\/folhapopular.info\/#website","url":"https:\/\/folhapopular.info\/","name":"Folha Popular","description":"Onde voc\u00ea tem vez e voz","potentialAction":[{"@type":"SearchAction","target":{"@type":"EntryPoint","urlTemplate":"https:\/\/folhapopular.info\/?s={search_term_string}"},"query-input":{"@type":"PropertyValueSpecification","valueRequired":true,"valueName":"search_term_string"}}],"inLanguage":"pt-BR"},{"@type":"Person","@id":"https:\/\/folhapopular.info\/#\/schema\/person\/2814e8a0df7643585a9ca38bc6eb9d4b","name":"Reda\u00e7\u00e3o Folha Popular","image":{"@type":"ImageObject","inLanguage":"pt-BR","@id":"https:\/\/folhapopular.info\/wp-content\/uploads\/2026\/04\/Folha-1.webp","url":"https:\/\/folhapopular.info\/wp-content\/uploads\/2026\/04\/Folha-1.webp","contentUrl":"https:\/\/folhapopular.info\/wp-content\/uploads\/2026\/04\/Folha-1.webp","caption":"Reda\u00e7\u00e3o Folha Popular"},"url":"https:\/\/folhapopular.info\/index.php\/author\/redacao\/"}]}},"jetpack_featured_media_url":"https:\/\/folhapopular.info\/wp-content\/uploads\/2022\/07\/img_6951_foto_1_g.jpg","jetpack_sharing_enabled":true,"amp_enabled":true,"_links":{"self":[{"href":"https:\/\/folhapopular.info\/index.php\/wp-json\/wp\/v2\/posts\/108446","targetHints":{"allow":["GET"]}}],"collection":[{"href":"https:\/\/folhapopular.info\/index.php\/wp-json\/wp\/v2\/posts"}],"about":[{"href":"https:\/\/folhapopular.info\/index.php\/wp-json\/wp\/v2\/types\/post"}],"author":[{"embeddable":true,"href":"https:\/\/folhapopular.info\/index.php\/wp-json\/wp\/v2\/users\/8"}],"replies":[{"embeddable":true,"href":"https:\/\/folhapopular.info\/index.php\/wp-json\/wp\/v2\/comments?post=108446"}],"version-history":[{"count":0,"href":"https:\/\/folhapopular.info\/index.php\/wp-json\/wp\/v2\/posts\/108446\/revisions"}],"wp:featuredmedia":[{"embeddable":true,"href":"https:\/\/folhapopular.info\/index.php\/wp-json\/wp\/v2\/media\/108450"}],"wp:attachment":[{"href":"https:\/\/folhapopular.info\/index.php\/wp-json\/wp\/v2\/media?parent=108446"}],"wp:term":[{"taxonomy":"category","embeddable":true,"href":"https:\/\/folhapopular.info\/index.php\/wp-json\/wp\/v2\/categories?post=108446"},{"taxonomy":"post_tag","embeddable":true,"href":"https:\/\/folhapopular.info\/index.php\/wp-json\/wp\/v2\/tags?post=108446"}],"curies":[{"name":"wp","href":"https:\/\/api.w.org\/{rel}","templated":true}]}}