{"id":108667,"date":"2022-07-15T20:00:00","date_gmt":"2022-07-15T23:00:00","guid":{"rendered":"https:\/\/folhapopular.info\/?p=108667"},"modified":"2025-03-19T17:25:14","modified_gmt":"2025-03-19T20:25:14","slug":"vereador-destaca-resultado-da-emenda-impositiva-para-castracao-de-caes-e-gatos-em-poco-das-antas","status":"publish","type":"post","link":"https:\/\/folhapopular.info\/index.php\/2022\/07\/15\/vereador-destaca-resultado-da-emenda-impositiva-para-castracao-de-caes-e-gatos-em-poco-das-antas\/","title":{"rendered":"Vereador destaca resultado da emenda impositiva para castra\u00e7\u00e3o de c\u00e3es e gatos em Po\u00e7o das Antas"},"content":{"rendered":"\n<p>O vereador Rodrigo Galdino Schwingel (PSDB) relembrou na tribuna a oportunidade de destinar emenda individual impositiva (06\/2021) para custear uma campanha de castra\u00e7\u00e3o de c\u00e3es e gatos do munic\u00edpio. Na a\u00e7\u00e3o foram castrados 84 animais \u2013 44 c\u00e3es e 40 gatos. Schwingel agradeceu a administra\u00e7\u00e3o e ao secret\u00e1rio de Agricultura pelo apoio e realiza\u00e7\u00e3o do adequado transporte destes animais.<\/p>\n\n\n\n<p>O tucano comentou a indica\u00e7\u00e3o que prev\u00ea, de forma espont\u00e2nea por parte da Administra\u00e7\u00e3o Municipal, na pr\u00f3xima Lei Or\u00e7ament\u00e1ria, uma fatia do or\u00e7amento no valor de R$ 15 mil para castra\u00e7\u00e3o e vacina\u00e7\u00e3o de animais. A inten\u00e7\u00e3o \u00e9 transformar o programa em uma iniciativa cont\u00ednua do Executivo.<\/p>\n\n\n\n<p>O vereador Maicon Luis Stuermer (MDB) comemorou e agradeceu emenda do deputado federal Giovani Feltes (MDB), no valor de R$ 200 mil, destinado para a Secretaria de Agricultura para a aquisi\u00e7\u00e3o de retroescavadeira, com contrapartida da Administra\u00e7\u00e3o Municipal.<br>O vereador Adriano Stiehl (PT) pediu licen\u00e7a de 30 dias por motivos de sa\u00fade. Em seu lugar, tomou posse a suplente Veleda Renita Wilke Gaelzer (PT).<\/p>\n\n\n\n<figure class=\"wp-block-gallery has-nested-images columns-default is-cropped wp-block-gallery-1 is-layout-flex wp-block-gallery-is-layout-flex\">\n<figure class=\"wp-block-image size-large is-style-rounded\"><img loading=\"lazy\" decoding=\"async\" width=\"768\" height=\"1024\" data-id=\"108674\" src=\"https:\/\/folhapopular.info\/wp-content\/uploads\/2022\/07\/2022_07_11_BLF_Maicon-Luis-Stuermer-1-768x1024.jpg\" alt=\"\" class=\"wp-image-108674\" srcset=\"https:\/\/folhapopular.info\/wp-content\/uploads\/2022\/07\/2022_07_11_BLF_Maicon-Luis-Stuermer-1-768x1024.jpg 768w, https:\/\/folhapopular.info\/wp-content\/uploads\/2022\/07\/2022_07_11_BLF_Maicon-Luis-Stuermer-1-225x300.jpg 225w, https:\/\/folhapopular.info\/wp-content\/uploads\/2022\/07\/2022_07_11_BLF_Maicon-Luis-Stuermer-1-1152x1536.jpg 1152w, https:\/\/folhapopular.info\/wp-content\/uploads\/2022\/07\/2022_07_11_BLF_Maicon-Luis-Stuermer-1-1536x2048.jpg 1536w, https:\/\/folhapopular.info\/wp-content\/uploads\/2022\/07\/2022_07_11_BLF_Maicon-Luis-Stuermer-1-696x928.jpg 696w, https:\/\/folhapopular.info\/wp-content\/uploads\/2022\/07\/2022_07_11_BLF_Maicon-Luis-Stuermer-1-1068x1424.jpg 1068w, https:\/\/folhapopular.info\/wp-content\/uploads\/2022\/07\/2022_07_11_BLF_Maicon-Luis-Stuermer-1-scaled.jpg 1920w\" sizes=\"auto, (max-width: 768px) 100vw, 768px\" \/><figcaption><strong>Maicon Luis Stuermer <\/strong><\/figcaption><\/figure>\n\n\n\n<figure class=\"wp-block-image size-large is-style-rounded\"><img loading=\"lazy\" decoding=\"async\" width=\"768\" height=\"1024\" data-id=\"108672\" src=\"https:\/\/folhapopular.info\/wp-content\/uploads\/2022\/07\/2022_07_11_BLF_Rodrigo-Galdino-Schwingel-1-768x1024.jpg\" alt=\"\" class=\"wp-image-108672\" srcset=\"https:\/\/folhapopular.info\/wp-content\/uploads\/2022\/07\/2022_07_11_BLF_Rodrigo-Galdino-Schwingel-1-768x1024.jpg 768w, https:\/\/folhapopular.info\/wp-content\/uploads\/2022\/07\/2022_07_11_BLF_Rodrigo-Galdino-Schwingel-1-225x300.jpg 225w, https:\/\/folhapopular.info\/wp-content\/uploads\/2022\/07\/2022_07_11_BLF_Rodrigo-Galdino-Schwingel-1-1152x1536.jpg 1152w, https:\/\/folhapopular.info\/wp-content\/uploads\/2022\/07\/2022_07_11_BLF_Rodrigo-Galdino-Schwingel-1-1536x2048.jpg 1536w, https:\/\/folhapopular.info\/wp-content\/uploads\/2022\/07\/2022_07_11_BLF_Rodrigo-Galdino-Schwingel-1-696x928.jpg 696w, https:\/\/folhapopular.info\/wp-content\/uploads\/2022\/07\/2022_07_11_BLF_Rodrigo-Galdino-Schwingel-1-1068x1424.jpg 1068w, https:\/\/folhapopular.info\/wp-content\/uploads\/2022\/07\/2022_07_11_BLF_Rodrigo-Galdino-Schwingel-1-scaled.jpg 1920w\" sizes=\"auto, (max-width: 768px) 100vw, 768px\" \/><figcaption><strong>Rodrigo G. Schwingel <\/strong><\/figcaption><\/figure>\n\n\n\n<figure class=\"wp-block-image size-large is-style-rounded\"><img loading=\"lazy\" decoding=\"async\" width=\"768\" height=\"1024\" data-id=\"108673\" src=\"https:\/\/folhapopular.info\/wp-content\/uploads\/2022\/07\/2022_07_11_BLF_Veleda-Renita-Wilke-Gaelzer-768x1024.jpg\" alt=\"\" class=\"wp-image-108673\" srcset=\"https:\/\/folhapopular.info\/wp-content\/uploads\/2022\/07\/2022_07_11_BLF_Veleda-Renita-Wilke-Gaelzer-768x1024.jpg 768w, https:\/\/folhapopular.info\/wp-content\/uploads\/2022\/07\/2022_07_11_BLF_Veleda-Renita-Wilke-Gaelzer-225x300.jpg 225w, https:\/\/folhapopular.info\/wp-content\/uploads\/2022\/07\/2022_07_11_BLF_Veleda-Renita-Wilke-Gaelzer-1152x1536.jpg 1152w, https:\/\/folhapopular.info\/wp-content\/uploads\/2022\/07\/2022_07_11_BLF_Veleda-Renita-Wilke-Gaelzer-1536x2048.jpg 1536w, https:\/\/folhapopular.info\/wp-content\/uploads\/2022\/07\/2022_07_11_BLF_Veleda-Renita-Wilke-Gaelzer-696x928.jpg 696w, https:\/\/folhapopular.info\/wp-content\/uploads\/2022\/07\/2022_07_11_BLF_Veleda-Renita-Wilke-Gaelzer-1068x1424.jpg 1068w, https:\/\/folhapopular.info\/wp-content\/uploads\/2022\/07\/2022_07_11_BLF_Veleda-Renita-Wilke-Gaelzer-scaled.jpg 1920w\" sizes=\"auto, (max-width: 768px) 100vw, 768px\" \/><figcaption><strong>Veleda R. Wilke Gaelzer<\/strong><\/figcaption><\/figure>\n<\/figure>\n","protected":false},"excerpt":{"rendered":"<p>O vereador Rodrigo Galdino Schwingel (PSDB) relembrou na tribuna a oportunidade de destinar emenda individual impositiva (06\/2021) para custear uma campanha de castra\u00e7\u00e3o de c\u00e3es e gatos do munic\u00edpio. Na a\u00e7\u00e3o foram castrados 84 animais \u2013 44 c\u00e3es e 40 gatos. Schwingel agradeceu a administra\u00e7\u00e3o e ao secret\u00e1rio de Agricultura pelo apoio e realiza\u00e7\u00e3o do [&hellip;]<\/p>\n","protected":false},"author":8,"featured_media":108671,"comment_status":"open","ping_status":"open","sticky":false,"template":"","format":"standard","meta":{"pmpro_default_level":"","_jetpack_memberships_contains_paid_content":false,"footnotes":""},"categories":[18238,18240,2,3],"tags":[5172,646,5945,40],"class_list":{"0":"post-108667","1":"post","2":"type-post","3":"status-publish","4":"format-standard","5":"has-post-thumbnail","7":"category-camara-de-vereadores-de-poco-das-antas","8":"category-camaras-de-vereadores","9":"category-featured","10":"category-geral","11":"tag-caes-e-gatos","12":"tag-camara-de-vereadores","13":"tag-castracoes","14":"tag-poco-das-antas","15":"pmpro-has-access"},"yoast_head":"<!-- This site is optimized with the Yoast SEO plugin v27.5 - https:\/\/yoast.com\/product\/yoast-seo-wordpress\/ -->\n<title>Vereador destaca resultado da emenda impositiva para castra\u00e7\u00e3o de c\u00e3es e gatos em Po\u00e7o das Antas - Folha Popular<\/title>\n<meta name=\"robots\" content=\"index, follow, max-snippet:-1, max-image-preview:large, max-video-preview:-1\" \/>\n<link rel=\"canonical\" href=\"https:\/\/folhapopular.info\/index.php\/2022\/07\/15\/vereador-destaca-resultado-da-emenda-impositiva-para-castracao-de-caes-e-gatos-em-poco-das-antas\/\" \/>\n<meta property=\"og:locale\" content=\"pt_BR\" \/>\n<meta property=\"og:type\" content=\"article\" \/>\n<meta property=\"og:title\" content=\"Vereador destaca resultado da emenda impositiva para castra\u00e7\u00e3o de c\u00e3es e gatos em Po\u00e7o das Antas - Folha Popular\" \/>\n<meta property=\"og:description\" content=\"O vereador Rodrigo Galdino Schwingel (PSDB) relembrou na tribuna a oportunidade de destinar emenda individual impositiva (06\/2021) para custear uma campanha de castra\u00e7\u00e3o de c\u00e3es e gatos do munic\u00edpio. Na a\u00e7\u00e3o foram castrados 84 animais \u2013 44 c\u00e3es e 40 gatos. Schwingel agradeceu a administra\u00e7\u00e3o e ao secret\u00e1rio de Agricultura pelo apoio e realiza\u00e7\u00e3o do [&hellip;]\" \/>\n<meta property=\"og:url\" content=\"https:\/\/folhapopular.info\/index.php\/2022\/07\/15\/vereador-destaca-resultado-da-emenda-impositiva-para-castracao-de-caes-e-gatos-em-poco-das-antas\/\" \/>\n<meta property=\"og:site_name\" content=\"Folha Popular\" \/>\n<meta property=\"article:published_time\" content=\"2022-07-15T23:00:00+00:00\" \/>\n<meta property=\"article:modified_time\" content=\"2025-03-19T20:25:14+00:00\" \/>\n<meta property=\"og:image\" content=\"http:\/\/folhapopular.info\/wp-content\/uploads\/2022\/07\/2022_07_11_BLF_Sessao-da-Camara-de-Vereadores-1-scaled-e1657903879343.jpg\" \/>\n\t<meta property=\"og:image:width\" content=\"1200\" \/>\n\t<meta property=\"og:image:height\" content=\"900\" \/>\n\t<meta property=\"og:image:type\" content=\"image\/jpeg\" \/>\n<meta name=\"author\" content=\"Reda\u00e7\u00e3o Folha Popular\" \/>\n<meta name=\"twitter:card\" content=\"summary_large_image\" \/>\n<meta name=\"twitter:label1\" content=\"Escrito por\" \/>\n\t<meta name=\"twitter:data1\" content=\"Reda\u00e7\u00e3o Folha Popular\" \/>\n\t<meta name=\"twitter:label2\" content=\"Est. tempo de leitura\" \/>\n\t<meta name=\"twitter:data2\" content=\"2 minutos\" \/>\n<script type=\"application\/ld+json\" class=\"yoast-schema-graph\">{\"@context\":\"https:\\\/\\\/schema.org\",\"@graph\":[{\"@type\":\"Article\",\"@id\":\"https:\\\/\\\/folhapopular.info\\\/index.php\\\/2022\\\/07\\\/15\\\/vereador-destaca-resultado-da-emenda-impositiva-para-castracao-de-caes-e-gatos-em-poco-das-antas\\\/#article\",\"isPartOf\":{\"@id\":\"https:\\\/\\\/folhapopular.info\\\/index.php\\\/2022\\\/07\\\/15\\\/vereador-destaca-resultado-da-emenda-impositiva-para-castracao-de-caes-e-gatos-em-poco-das-antas\\\/\"},\"author\":{\"name\":\"Reda\u00e7\u00e3o Folha Popular\",\"@id\":\"https:\\\/\\\/folhapopular.info\\\/#\\\/schema\\\/person\\\/2814e8a0df7643585a9ca38bc6eb9d4b\"},\"headline\":\"Vereador destaca resultado da emenda impositiva para castra\u00e7\u00e3o de c\u00e3es e gatos em Po\u00e7o das Antas\",\"datePublished\":\"2022-07-15T23:00:00+00:00\",\"dateModified\":\"2025-03-19T20:25:14+00:00\",\"mainEntityOfPage\":{\"@id\":\"https:\\\/\\\/folhapopular.info\\\/index.php\\\/2022\\\/07\\\/15\\\/vereador-destaca-resultado-da-emenda-impositiva-para-castracao-de-caes-e-gatos-em-poco-das-antas\\\/\"},\"wordCount\":213,\"commentCount\":0,\"image\":{\"@id\":\"https:\\\/\\\/folhapopular.info\\\/index.php\\\/2022\\\/07\\\/15\\\/vereador-destaca-resultado-da-emenda-impositiva-para-castracao-de-caes-e-gatos-em-poco-das-antas\\\/#primaryimage\"},\"thumbnailUrl\":\"https:\\\/\\\/folhapopular.info\\\/wp-content\\\/uploads\\\/2022\\\/07\\\/2022_07_11_BLF_Sessao-da-Camara-de-Vereadores-1-scaled-e1657903879343.jpg\",\"keywords\":[\"C\u00e3es e gatos\",\"C\u00e2mara de Vereadores\",\"Castra\u00e7\u00f5es\",\"Po\u00e7o das Antas\"],\"articleSection\":[\"C\u00e2mara de Vereadores de Po\u00e7o das Antas\",\"C\u00e2maras de Vereadores\",\"Destaques\",\"Geral\"],\"inLanguage\":\"pt-BR\",\"potentialAction\":[{\"@type\":\"CommentAction\",\"name\":\"Comment\",\"target\":[\"https:\\\/\\\/folhapopular.info\\\/index.php\\\/2022\\\/07\\\/15\\\/vereador-destaca-resultado-da-emenda-impositiva-para-castracao-de-caes-e-gatos-em-poco-das-antas\\\/#respond\"]}]},{\"@type\":\"WebPage\",\"@id\":\"https:\\\/\\\/folhapopular.info\\\/index.php\\\/2022\\\/07\\\/15\\\/vereador-destaca-resultado-da-emenda-impositiva-para-castracao-de-caes-e-gatos-em-poco-das-antas\\\/\",\"url\":\"https:\\\/\\\/folhapopular.info\\\/index.php\\\/2022\\\/07\\\/15\\\/vereador-destaca-resultado-da-emenda-impositiva-para-castracao-de-caes-e-gatos-em-poco-das-antas\\\/\",\"name\":\"Vereador destaca resultado da emenda impositiva para castra\u00e7\u00e3o de c\u00e3es e gatos em Po\u00e7o das Antas - Folha Popular\",\"isPartOf\":{\"@id\":\"https:\\\/\\\/folhapopular.info\\\/#website\"},\"primaryImageOfPage\":{\"@id\":\"https:\\\/\\\/folhapopular.info\\\/index.php\\\/2022\\\/07\\\/15\\\/vereador-destaca-resultado-da-emenda-impositiva-para-castracao-de-caes-e-gatos-em-poco-das-antas\\\/#primaryimage\"},\"image\":{\"@id\":\"https:\\\/\\\/folhapopular.info\\\/index.php\\\/2022\\\/07\\\/15\\\/vereador-destaca-resultado-da-emenda-impositiva-para-castracao-de-caes-e-gatos-em-poco-das-antas\\\/#primaryimage\"},\"thumbnailUrl\":\"https:\\\/\\\/folhapopular.info\\\/wp-content\\\/uploads\\\/2022\\\/07\\\/2022_07_11_BLF_Sessao-da-Camara-de-Vereadores-1-scaled-e1657903879343.jpg\",\"datePublished\":\"2022-07-15T23:00:00+00:00\",\"dateModified\":\"2025-03-19T20:25:14+00:00\",\"author\":{\"@id\":\"https:\\\/\\\/folhapopular.info\\\/#\\\/schema\\\/person\\\/2814e8a0df7643585a9ca38bc6eb9d4b\"},\"breadcrumb\":{\"@id\":\"https:\\\/\\\/folhapopular.info\\\/index.php\\\/2022\\\/07\\\/15\\\/vereador-destaca-resultado-da-emenda-impositiva-para-castracao-de-caes-e-gatos-em-poco-das-antas\\\/#breadcrumb\"},\"inLanguage\":\"pt-BR\",\"potentialAction\":[{\"@type\":\"ReadAction\",\"target\":[\"https:\\\/\\\/folhapopular.info\\\/index.php\\\/2022\\\/07\\\/15\\\/vereador-destaca-resultado-da-emenda-impositiva-para-castracao-de-caes-e-gatos-em-poco-das-antas\\\/\"]}]},{\"@type\":\"ImageObject\",\"inLanguage\":\"pt-BR\",\"@id\":\"https:\\\/\\\/folhapopular.info\\\/index.php\\\/2022\\\/07\\\/15\\\/vereador-destaca-resultado-da-emenda-impositiva-para-castracao-de-caes-e-gatos-em-poco-das-antas\\\/#primaryimage\",\"url\":\"https:\\\/\\\/folhapopular.info\\\/wp-content\\\/uploads\\\/2022\\\/07\\\/2022_07_11_BLF_Sessao-da-Camara-de-Vereadores-1-scaled-e1657903879343.jpg\",\"contentUrl\":\"https:\\\/\\\/folhapopular.info\\\/wp-content\\\/uploads\\\/2022\\\/07\\\/2022_07_11_BLF_Sessao-da-Camara-de-Vereadores-1-scaled-e1657903879343.jpg\",\"width\":1200,\"height\":900,\"caption\":\"Sess\u00e3o da C\u00e2mara de Vereadores \\\/ Cr\u00e9dito: Bianca Let\u00edcia Fritscher \\\/ Especial FP\"},{\"@type\":\"BreadcrumbList\",\"@id\":\"https:\\\/\\\/folhapopular.info\\\/index.php\\\/2022\\\/07\\\/15\\\/vereador-destaca-resultado-da-emenda-impositiva-para-castracao-de-caes-e-gatos-em-poco-das-antas\\\/#breadcrumb\",\"itemListElement\":[{\"@type\":\"ListItem\",\"position\":1,\"name\":\"In\u00edcio\",\"item\":\"https:\\\/\\\/folhapopular.info\\\/\"},{\"@type\":\"ListItem\",\"position\":2,\"name\":\"Vereador destaca resultado da emenda impositiva para castra\u00e7\u00e3o de c\u00e3es e gatos em Po\u00e7o das Antas\"}]},{\"@type\":\"WebSite\",\"@id\":\"https:\\\/\\\/folhapopular.info\\\/#website\",\"url\":\"https:\\\/\\\/folhapopular.info\\\/\",\"name\":\"Folha Popular\",\"description\":\"Onde voc\u00ea tem vez e voz\",\"potentialAction\":[{\"@type\":\"SearchAction\",\"target\":{\"@type\":\"EntryPoint\",\"urlTemplate\":\"https:\\\/\\\/folhapopular.info\\\/?s={search_term_string}\"},\"query-input\":{\"@type\":\"PropertyValueSpecification\",\"valueRequired\":true,\"valueName\":\"search_term_string\"}}],\"inLanguage\":\"pt-BR\"},{\"@type\":\"Person\",\"@id\":\"https:\\\/\\\/folhapopular.info\\\/#\\\/schema\\\/person\\\/2814e8a0df7643585a9ca38bc6eb9d4b\",\"name\":\"Reda\u00e7\u00e3o Folha Popular\",\"image\":{\"@type\":\"ImageObject\",\"inLanguage\":\"pt-BR\",\"@id\":\"https:\\\/\\\/folhapopular.info\\\/wp-content\\\/uploads\\\/2026\\\/04\\\/Folha-1.webp\",\"url\":\"https:\\\/\\\/folhapopular.info\\\/wp-content\\\/uploads\\\/2026\\\/04\\\/Folha-1.webp\",\"contentUrl\":\"https:\\\/\\\/folhapopular.info\\\/wp-content\\\/uploads\\\/2026\\\/04\\\/Folha-1.webp\",\"caption\":\"Reda\u00e7\u00e3o Folha Popular\"},\"url\":\"https:\\\/\\\/folhapopular.info\\\/index.php\\\/author\\\/redacao\\\/\"}]}<\/script>\n<!-- \/ Yoast SEO plugin. -->","yoast_head_json":{"title":"Vereador destaca resultado da emenda impositiva para castra\u00e7\u00e3o de c\u00e3es e gatos em Po\u00e7o das Antas - Folha Popular","robots":{"index":"index","follow":"follow","max-snippet":"max-snippet:-1","max-image-preview":"max-image-preview:large","max-video-preview":"max-video-preview:-1"},"canonical":"https:\/\/folhapopular.info\/index.php\/2022\/07\/15\/vereador-destaca-resultado-da-emenda-impositiva-para-castracao-de-caes-e-gatos-em-poco-das-antas\/","og_locale":"pt_BR","og_type":"article","og_title":"Vereador destaca resultado da emenda impositiva para castra\u00e7\u00e3o de c\u00e3es e gatos em Po\u00e7o das Antas - Folha Popular","og_description":"O vereador Rodrigo Galdino Schwingel (PSDB) relembrou na tribuna a oportunidade de destinar emenda individual impositiva (06\/2021) para custear uma campanha de castra\u00e7\u00e3o de c\u00e3es e gatos do munic\u00edpio. Na a\u00e7\u00e3o foram castrados 84 animais \u2013 44 c\u00e3es e 40 gatos. Schwingel agradeceu a administra\u00e7\u00e3o e ao secret\u00e1rio de Agricultura pelo apoio e realiza\u00e7\u00e3o do [&hellip;]","og_url":"https:\/\/folhapopular.info\/index.php\/2022\/07\/15\/vereador-destaca-resultado-da-emenda-impositiva-para-castracao-de-caes-e-gatos-em-poco-das-antas\/","og_site_name":"Folha Popular","article_published_time":"2022-07-15T23:00:00+00:00","article_modified_time":"2025-03-19T20:25:14+00:00","og_image":[{"width":1200,"height":900,"url":"http:\/\/folhapopular.info\/wp-content\/uploads\/2022\/07\/2022_07_11_BLF_Sessao-da-Camara-de-Vereadores-1-scaled-e1657903879343.jpg","type":"image\/jpeg"}],"author":"Reda\u00e7\u00e3o Folha Popular","twitter_card":"summary_large_image","twitter_misc":{"Escrito por":"Reda\u00e7\u00e3o Folha Popular","Est. tempo de leitura":"2 minutos"},"schema":{"@context":"https:\/\/schema.org","@graph":[{"@type":"Article","@id":"https:\/\/folhapopular.info\/index.php\/2022\/07\/15\/vereador-destaca-resultado-da-emenda-impositiva-para-castracao-de-caes-e-gatos-em-poco-das-antas\/#article","isPartOf":{"@id":"https:\/\/folhapopular.info\/index.php\/2022\/07\/15\/vereador-destaca-resultado-da-emenda-impositiva-para-castracao-de-caes-e-gatos-em-poco-das-antas\/"},"author":{"name":"Reda\u00e7\u00e3o Folha Popular","@id":"https:\/\/folhapopular.info\/#\/schema\/person\/2814e8a0df7643585a9ca38bc6eb9d4b"},"headline":"Vereador destaca resultado da emenda impositiva para castra\u00e7\u00e3o de c\u00e3es e gatos em Po\u00e7o das Antas","datePublished":"2022-07-15T23:00:00+00:00","dateModified":"2025-03-19T20:25:14+00:00","mainEntityOfPage":{"@id":"https:\/\/folhapopular.info\/index.php\/2022\/07\/15\/vereador-destaca-resultado-da-emenda-impositiva-para-castracao-de-caes-e-gatos-em-poco-das-antas\/"},"wordCount":213,"commentCount":0,"image":{"@id":"https:\/\/folhapopular.info\/index.php\/2022\/07\/15\/vereador-destaca-resultado-da-emenda-impositiva-para-castracao-de-caes-e-gatos-em-poco-das-antas\/#primaryimage"},"thumbnailUrl":"https:\/\/folhapopular.info\/wp-content\/uploads\/2022\/07\/2022_07_11_BLF_Sessao-da-Camara-de-Vereadores-1-scaled-e1657903879343.jpg","keywords":["C\u00e3es e gatos","C\u00e2mara de Vereadores","Castra\u00e7\u00f5es","Po\u00e7o das Antas"],"articleSection":["C\u00e2mara de Vereadores de Po\u00e7o das Antas","C\u00e2maras de Vereadores","Destaques","Geral"],"inLanguage":"pt-BR","potentialAction":[{"@type":"CommentAction","name":"Comment","target":["https:\/\/folhapopular.info\/index.php\/2022\/07\/15\/vereador-destaca-resultado-da-emenda-impositiva-para-castracao-de-caes-e-gatos-em-poco-das-antas\/#respond"]}]},{"@type":"WebPage","@id":"https:\/\/folhapopular.info\/index.php\/2022\/07\/15\/vereador-destaca-resultado-da-emenda-impositiva-para-castracao-de-caes-e-gatos-em-poco-das-antas\/","url":"https:\/\/folhapopular.info\/index.php\/2022\/07\/15\/vereador-destaca-resultado-da-emenda-impositiva-para-castracao-de-caes-e-gatos-em-poco-das-antas\/","name":"Vereador destaca resultado da emenda impositiva para castra\u00e7\u00e3o de c\u00e3es e gatos em Po\u00e7o das Antas - Folha Popular","isPartOf":{"@id":"https:\/\/folhapopular.info\/#website"},"primaryImageOfPage":{"@id":"https:\/\/folhapopular.info\/index.php\/2022\/07\/15\/vereador-destaca-resultado-da-emenda-impositiva-para-castracao-de-caes-e-gatos-em-poco-das-antas\/#primaryimage"},"image":{"@id":"https:\/\/folhapopular.info\/index.php\/2022\/07\/15\/vereador-destaca-resultado-da-emenda-impositiva-para-castracao-de-caes-e-gatos-em-poco-das-antas\/#primaryimage"},"thumbnailUrl":"https:\/\/folhapopular.info\/wp-content\/uploads\/2022\/07\/2022_07_11_BLF_Sessao-da-Camara-de-Vereadores-1-scaled-e1657903879343.jpg","datePublished":"2022-07-15T23:00:00+00:00","dateModified":"2025-03-19T20:25:14+00:00","author":{"@id":"https:\/\/folhapopular.info\/#\/schema\/person\/2814e8a0df7643585a9ca38bc6eb9d4b"},"breadcrumb":{"@id":"https:\/\/folhapopular.info\/index.php\/2022\/07\/15\/vereador-destaca-resultado-da-emenda-impositiva-para-castracao-de-caes-e-gatos-em-poco-das-antas\/#breadcrumb"},"inLanguage":"pt-BR","potentialAction":[{"@type":"ReadAction","target":["https:\/\/folhapopular.info\/index.php\/2022\/07\/15\/vereador-destaca-resultado-da-emenda-impositiva-para-castracao-de-caes-e-gatos-em-poco-das-antas\/"]}]},{"@type":"ImageObject","inLanguage":"pt-BR","@id":"https:\/\/folhapopular.info\/index.php\/2022\/07\/15\/vereador-destaca-resultado-da-emenda-impositiva-para-castracao-de-caes-e-gatos-em-poco-das-antas\/#primaryimage","url":"https:\/\/folhapopular.info\/wp-content\/uploads\/2022\/07\/2022_07_11_BLF_Sessao-da-Camara-de-Vereadores-1-scaled-e1657903879343.jpg","contentUrl":"https:\/\/folhapopular.info\/wp-content\/uploads\/2022\/07\/2022_07_11_BLF_Sessao-da-Camara-de-Vereadores-1-scaled-e1657903879343.jpg","width":1200,"height":900,"caption":"Sess\u00e3o da C\u00e2mara de Vereadores \/ Cr\u00e9dito: Bianca Let\u00edcia Fritscher \/ Especial FP"},{"@type":"BreadcrumbList","@id":"https:\/\/folhapopular.info\/index.php\/2022\/07\/15\/vereador-destaca-resultado-da-emenda-impositiva-para-castracao-de-caes-e-gatos-em-poco-das-antas\/#breadcrumb","itemListElement":[{"@type":"ListItem","position":1,"name":"In\u00edcio","item":"https:\/\/folhapopular.info\/"},{"@type":"ListItem","position":2,"name":"Vereador destaca resultado da emenda impositiva para castra\u00e7\u00e3o de c\u00e3es e gatos em Po\u00e7o das Antas"}]},{"@type":"WebSite","@id":"https:\/\/folhapopular.info\/#website","url":"https:\/\/folhapopular.info\/","name":"Folha Popular","description":"Onde voc\u00ea tem vez e voz","potentialAction":[{"@type":"SearchAction","target":{"@type":"EntryPoint","urlTemplate":"https:\/\/folhapopular.info\/?s={search_term_string}"},"query-input":{"@type":"PropertyValueSpecification","valueRequired":true,"valueName":"search_term_string"}}],"inLanguage":"pt-BR"},{"@type":"Person","@id":"https:\/\/folhapopular.info\/#\/schema\/person\/2814e8a0df7643585a9ca38bc6eb9d4b","name":"Reda\u00e7\u00e3o Folha Popular","image":{"@type":"ImageObject","inLanguage":"pt-BR","@id":"https:\/\/folhapopular.info\/wp-content\/uploads\/2026\/04\/Folha-1.webp","url":"https:\/\/folhapopular.info\/wp-content\/uploads\/2026\/04\/Folha-1.webp","contentUrl":"https:\/\/folhapopular.info\/wp-content\/uploads\/2026\/04\/Folha-1.webp","caption":"Reda\u00e7\u00e3o Folha Popular"},"url":"https:\/\/folhapopular.info\/index.php\/author\/redacao\/"}]}},"jetpack_featured_media_url":"https:\/\/folhapopular.info\/wp-content\/uploads\/2022\/07\/2022_07_11_BLF_Sessao-da-Camara-de-Vereadores-1-scaled-e1657903879343.jpg","jetpack_sharing_enabled":true,"amp_enabled":true,"_links":{"self":[{"href":"https:\/\/folhapopular.info\/index.php\/wp-json\/wp\/v2\/posts\/108667","targetHints":{"allow":["GET"]}}],"collection":[{"href":"https:\/\/folhapopular.info\/index.php\/wp-json\/wp\/v2\/posts"}],"about":[{"href":"https:\/\/folhapopular.info\/index.php\/wp-json\/wp\/v2\/types\/post"}],"author":[{"embeddable":true,"href":"https:\/\/folhapopular.info\/index.php\/wp-json\/wp\/v2\/users\/8"}],"replies":[{"embeddable":true,"href":"https:\/\/folhapopular.info\/index.php\/wp-json\/wp\/v2\/comments?post=108667"}],"version-history":[{"count":0,"href":"https:\/\/folhapopular.info\/index.php\/wp-json\/wp\/v2\/posts\/108667\/revisions"}],"wp:featuredmedia":[{"embeddable":true,"href":"https:\/\/folhapopular.info\/index.php\/wp-json\/wp\/v2\/media\/108671"}],"wp:attachment":[{"href":"https:\/\/folhapopular.info\/index.php\/wp-json\/wp\/v2\/media?parent=108667"}],"wp:term":[{"taxonomy":"category","embeddable":true,"href":"https:\/\/folhapopular.info\/index.php\/wp-json\/wp\/v2\/categories?post=108667"},{"taxonomy":"post_tag","embeddable":true,"href":"https:\/\/folhapopular.info\/index.php\/wp-json\/wp\/v2\/tags?post=108667"}],"curies":[{"name":"wp","href":"https:\/\/api.w.org\/{rel}","templated":true}]}}