{"id":108863,"date":"2022-07-18T09:53:29","date_gmt":"2022-07-18T12:53:29","guid":{"rendered":"https:\/\/folhapopular.info\/?p=108863"},"modified":"2022-07-18T09:53:33","modified_gmt":"2022-07-18T12:53:33","slug":"festa-municipal-do-idoso-sera-dia-23-de-setembro-em-imigrante","status":"publish","type":"post","link":"https:\/\/folhapopular.info\/index.php\/2022\/07\/18\/festa-municipal-do-idoso-sera-dia-23-de-setembro-em-imigrante\/","title":{"rendered":"Festa Municipal do Idoso ser\u00e1 dia 23 de setembro em Imigrante"},"content":{"rendered":"\n<p>Para promover a socializa\u00e7\u00e3o, a valoriza\u00e7\u00e3o e o encontro de amigos, Imigrante promove no dia 23 de setembro, a 30\u00ba Festa Municipal do Idoso. O evento ocorre no Gin\u00e1sio Municipal de Esportes, a partir das 9h com recep\u00e7\u00e3o, apresenta\u00e7\u00f5es, culto ecum\u00eanico, almo\u00e7o e tradicional baile.<\/p>\n\n\n\n<p>As agentes de sa\u00fade iniciaram a distribui\u00e7\u00e3o dos convites, que cont\u00e9m um ticket. Este ticket deve ser preenchido com o nome e a localidade do participante e ap\u00f3s destacado e devolvido \u00e0s agentes. Com estes dados, a comiss\u00e3o organizar\u00e1 o n\u00famero de almo\u00e7os, que ser\u00e1 gratuito para pessoas com mais de 60 anos.<\/p>\n\n\n\n<p>A secretaria solicita, tamb\u00e9m, o preenchimento da necessidade de transporte. O roteiro e o hor\u00e1rio de sa\u00edda ser\u00e3o informados posteriormente. Junto ao evento ser\u00e1 realizada a escolha do novo Rei e Rainha da 3\u00aa Idade, momento em que Cleri e Osmar Thom\u00e9, escolhidos na festa de 2019, entregar\u00e3o as faixas para seus sucessores.<\/p>\n\n\n\n<p>Os casais interessados em participar da escolha j\u00e1 podem fazer a inscri\u00e7\u00e3o com a equipe do Centro de Refer\u00eancia da Assist\u00eancia Social (Cras) pelo telefone (51) 3754-1220. A Festa Municipal do Idoso \u00e9 realizada pelo Munic\u00edpio de Imigrante, Secretaria Municipal da Sa\u00fade e Assist\u00eancia Social, Secretaria Municipal da Cultura, Desporto e Turismo, Centro de Refer\u00eancia da Assist\u00eancia Social e Emater de Imigrante.<\/p>\n","protected":false},"excerpt":{"rendered":"<p>Para promover a socializa\u00e7\u00e3o, a valoriza\u00e7\u00e3o e o encontro de amigos, Imigrante promove no dia 23 de setembro, a 30\u00ba Festa Municipal do Idoso. O evento ocorre no Gin\u00e1sio Municipal de Esportes, a partir das 9h com recep\u00e7\u00e3o, apresenta\u00e7\u00f5es, culto ecum\u00eanico, almo\u00e7o e tradicional baile. As agentes de sa\u00fade iniciaram a distribui\u00e7\u00e3o dos convites, que [&hellip;]<\/p>\n","protected":false},"author":8,"featured_media":108864,"comment_status":"open","ping_status":"open","sticky":false,"template":"","format":"standard","meta":{"pmpro_default_level":"","_jetpack_memberships_contains_paid_content":false,"footnotes":""},"categories":[2,3],"tags":[624,34,8488],"class_list":{"0":"post-108863","1":"post","2":"type-post","3":"status-publish","4":"format-standard","5":"has-post-thumbnail","7":"category-featured","8":"category-geral","9":"tag-festa-municipal-do-idoso","10":"tag-imigrante","11":"tag-setembro","12":"pmpro-has-access"},"yoast_head":"<!-- This site is optimized with the Yoast SEO plugin v27.5 - https:\/\/yoast.com\/product\/yoast-seo-wordpress\/ -->\n<title>Festa Municipal do Idoso ser\u00e1 dia 23 de setembro em Imigrante - Folha Popular<\/title>\n<meta name=\"robots\" content=\"index, follow, max-snippet:-1, max-image-preview:large, max-video-preview:-1\" \/>\n<link rel=\"canonical\" href=\"https:\/\/folhapopular.info\/index.php\/2022\/07\/18\/festa-municipal-do-idoso-sera-dia-23-de-setembro-em-imigrante\/\" \/>\n<meta property=\"og:locale\" content=\"pt_BR\" \/>\n<meta property=\"og:type\" content=\"article\" \/>\n<meta property=\"og:title\" content=\"Festa Municipal do Idoso ser\u00e1 dia 23 de setembro em Imigrante - Folha Popular\" \/>\n<meta property=\"og:description\" content=\"Para promover a socializa\u00e7\u00e3o, a valoriza\u00e7\u00e3o e o encontro de amigos, Imigrante promove no dia 23 de setembro, a 30\u00ba Festa Municipal do Idoso. O evento ocorre no Gin\u00e1sio Municipal de Esportes, a partir das 9h com recep\u00e7\u00e3o, apresenta\u00e7\u00f5es, culto ecum\u00eanico, almo\u00e7o e tradicional baile. As agentes de sa\u00fade iniciaram a distribui\u00e7\u00e3o dos convites, que [&hellip;]\" \/>\n<meta property=\"og:url\" content=\"https:\/\/folhapopular.info\/index.php\/2022\/07\/18\/festa-municipal-do-idoso-sera-dia-23-de-setembro-em-imigrante\/\" \/>\n<meta property=\"og:site_name\" content=\"Folha Popular\" \/>\n<meta property=\"article:published_time\" content=\"2022-07-18T12:53:29+00:00\" \/>\n<meta property=\"article:modified_time\" content=\"2022-07-18T12:53:33+00:00\" \/>\n<meta property=\"og:image\" content=\"http:\/\/folhapopular.info\/wp-content\/uploads\/2022\/07\/IDOSOS_IMIGRANTE-1-scaled-e1658148754949.jpg\" \/>\n\t<meta property=\"og:image:width\" content=\"1200\" \/>\n\t<meta property=\"og:image:height\" content=\"801\" \/>\n\t<meta property=\"og:image:type\" content=\"image\/jpeg\" \/>\n<meta name=\"author\" content=\"Reda\u00e7\u00e3o Folha Popular\" \/>\n<meta name=\"twitter:card\" content=\"summary_large_image\" \/>\n<meta name=\"twitter:label1\" content=\"Escrito por\" \/>\n\t<meta name=\"twitter:data1\" content=\"Reda\u00e7\u00e3o Folha Popular\" \/>\n\t<meta name=\"twitter:label2\" content=\"Est. tempo de leitura\" \/>\n\t<meta name=\"twitter:data2\" content=\"2 minutos\" \/>\n<script type=\"application\/ld+json\" class=\"yoast-schema-graph\">{\"@context\":\"https:\\\/\\\/schema.org\",\"@graph\":[{\"@type\":\"Article\",\"@id\":\"https:\\\/\\\/folhapopular.info\\\/index.php\\\/2022\\\/07\\\/18\\\/festa-municipal-do-idoso-sera-dia-23-de-setembro-em-imigrante\\\/#article\",\"isPartOf\":{\"@id\":\"https:\\\/\\\/folhapopular.info\\\/index.php\\\/2022\\\/07\\\/18\\\/festa-municipal-do-idoso-sera-dia-23-de-setembro-em-imigrante\\\/\"},\"author\":{\"name\":\"Reda\u00e7\u00e3o Folha Popular\",\"@id\":\"https:\\\/\\\/folhapopular.info\\\/#\\\/schema\\\/person\\\/2814e8a0df7643585a9ca38bc6eb9d4b\"},\"headline\":\"Festa Municipal do Idoso ser\u00e1 dia 23 de setembro em Imigrante\",\"datePublished\":\"2022-07-18T12:53:29+00:00\",\"dateModified\":\"2022-07-18T12:53:33+00:00\",\"mainEntityOfPage\":{\"@id\":\"https:\\\/\\\/folhapopular.info\\\/index.php\\\/2022\\\/07\\\/18\\\/festa-municipal-do-idoso-sera-dia-23-de-setembro-em-imigrante\\\/\"},\"wordCount\":243,\"commentCount\":0,\"image\":{\"@id\":\"https:\\\/\\\/folhapopular.info\\\/index.php\\\/2022\\\/07\\\/18\\\/festa-municipal-do-idoso-sera-dia-23-de-setembro-em-imigrante\\\/#primaryimage\"},\"thumbnailUrl\":\"https:\\\/\\\/folhapopular.info\\\/wp-content\\\/uploads\\\/2022\\\/07\\\/IDOSOS_IMIGRANTE-1-scaled-e1658148754949.jpg\",\"keywords\":[\"Festa Municipal do idoso\",\"Imigrante\",\"Setembro\"],\"articleSection\":[\"Destaques\",\"Geral\"],\"inLanguage\":\"pt-BR\",\"potentialAction\":[{\"@type\":\"CommentAction\",\"name\":\"Comment\",\"target\":[\"https:\\\/\\\/folhapopular.info\\\/index.php\\\/2022\\\/07\\\/18\\\/festa-municipal-do-idoso-sera-dia-23-de-setembro-em-imigrante\\\/#respond\"]}]},{\"@type\":\"WebPage\",\"@id\":\"https:\\\/\\\/folhapopular.info\\\/index.php\\\/2022\\\/07\\\/18\\\/festa-municipal-do-idoso-sera-dia-23-de-setembro-em-imigrante\\\/\",\"url\":\"https:\\\/\\\/folhapopular.info\\\/index.php\\\/2022\\\/07\\\/18\\\/festa-municipal-do-idoso-sera-dia-23-de-setembro-em-imigrante\\\/\",\"name\":\"Festa Municipal do Idoso ser\u00e1 dia 23 de setembro em Imigrante - Folha Popular\",\"isPartOf\":{\"@id\":\"https:\\\/\\\/folhapopular.info\\\/#website\"},\"primaryImageOfPage\":{\"@id\":\"https:\\\/\\\/folhapopular.info\\\/index.php\\\/2022\\\/07\\\/18\\\/festa-municipal-do-idoso-sera-dia-23-de-setembro-em-imigrante\\\/#primaryimage\"},\"image\":{\"@id\":\"https:\\\/\\\/folhapopular.info\\\/index.php\\\/2022\\\/07\\\/18\\\/festa-municipal-do-idoso-sera-dia-23-de-setembro-em-imigrante\\\/#primaryimage\"},\"thumbnailUrl\":\"https:\\\/\\\/folhapopular.info\\\/wp-content\\\/uploads\\\/2022\\\/07\\\/IDOSOS_IMIGRANTE-1-scaled-e1658148754949.jpg\",\"datePublished\":\"2022-07-18T12:53:29+00:00\",\"dateModified\":\"2022-07-18T12:53:33+00:00\",\"author\":{\"@id\":\"https:\\\/\\\/folhapopular.info\\\/#\\\/schema\\\/person\\\/2814e8a0df7643585a9ca38bc6eb9d4b\"},\"breadcrumb\":{\"@id\":\"https:\\\/\\\/folhapopular.info\\\/index.php\\\/2022\\\/07\\\/18\\\/festa-municipal-do-idoso-sera-dia-23-de-setembro-em-imigrante\\\/#breadcrumb\"},\"inLanguage\":\"pt-BR\",\"potentialAction\":[{\"@type\":\"ReadAction\",\"target\":[\"https:\\\/\\\/folhapopular.info\\\/index.php\\\/2022\\\/07\\\/18\\\/festa-municipal-do-idoso-sera-dia-23-de-setembro-em-imigrante\\\/\"]}]},{\"@type\":\"ImageObject\",\"inLanguage\":\"pt-BR\",\"@id\":\"https:\\\/\\\/folhapopular.info\\\/index.php\\\/2022\\\/07\\\/18\\\/festa-municipal-do-idoso-sera-dia-23-de-setembro-em-imigrante\\\/#primaryimage\",\"url\":\"https:\\\/\\\/folhapopular.info\\\/wp-content\\\/uploads\\\/2022\\\/07\\\/IDOSOS_IMIGRANTE-1-scaled-e1658148754949.jpg\",\"contentUrl\":\"https:\\\/\\\/folhapopular.info\\\/wp-content\\\/uploads\\\/2022\\\/07\\\/IDOSOS_IMIGRANTE-1-scaled-e1658148754949.jpg\",\"width\":1200,\"height\":801,\"caption\":\"30\u00aa Festa Municipal do Idoso ocorrer\u00e1 no Gin\u00e1sio Municipal de Esportes \\\/ Cr\u00e9dito: Cris Thom\u00e9 \\\/ Divulga\u00e7\u00e3o\"},{\"@type\":\"BreadcrumbList\",\"@id\":\"https:\\\/\\\/folhapopular.info\\\/index.php\\\/2022\\\/07\\\/18\\\/festa-municipal-do-idoso-sera-dia-23-de-setembro-em-imigrante\\\/#breadcrumb\",\"itemListElement\":[{\"@type\":\"ListItem\",\"position\":1,\"name\":\"In\u00edcio\",\"item\":\"https:\\\/\\\/folhapopular.info\\\/\"},{\"@type\":\"ListItem\",\"position\":2,\"name\":\"Festa Municipal do Idoso ser\u00e1 dia 23 de setembro em Imigrante\"}]},{\"@type\":\"WebSite\",\"@id\":\"https:\\\/\\\/folhapopular.info\\\/#website\",\"url\":\"https:\\\/\\\/folhapopular.info\\\/\",\"name\":\"Folha Popular\",\"description\":\"Onde voc\u00ea tem vez e voz\",\"potentialAction\":[{\"@type\":\"SearchAction\",\"target\":{\"@type\":\"EntryPoint\",\"urlTemplate\":\"https:\\\/\\\/folhapopular.info\\\/?s={search_term_string}\"},\"query-input\":{\"@type\":\"PropertyValueSpecification\",\"valueRequired\":true,\"valueName\":\"search_term_string\"}}],\"inLanguage\":\"pt-BR\"},{\"@type\":\"Person\",\"@id\":\"https:\\\/\\\/folhapopular.info\\\/#\\\/schema\\\/person\\\/2814e8a0df7643585a9ca38bc6eb9d4b\",\"name\":\"Reda\u00e7\u00e3o Folha Popular\",\"image\":{\"@type\":\"ImageObject\",\"inLanguage\":\"pt-BR\",\"@id\":\"https:\\\/\\\/folhapopular.info\\\/wp-content\\\/uploads\\\/2026\\\/04\\\/Folha-1.webp\",\"url\":\"https:\\\/\\\/folhapopular.info\\\/wp-content\\\/uploads\\\/2026\\\/04\\\/Folha-1.webp\",\"contentUrl\":\"https:\\\/\\\/folhapopular.info\\\/wp-content\\\/uploads\\\/2026\\\/04\\\/Folha-1.webp\",\"caption\":\"Reda\u00e7\u00e3o Folha Popular\"},\"url\":\"https:\\\/\\\/folhapopular.info\\\/index.php\\\/author\\\/redacao\\\/\"}]}<\/script>\n<!-- \/ Yoast SEO plugin. -->","yoast_head_json":{"title":"Festa Municipal do Idoso ser\u00e1 dia 23 de setembro em Imigrante - Folha Popular","robots":{"index":"index","follow":"follow","max-snippet":"max-snippet:-1","max-image-preview":"max-image-preview:large","max-video-preview":"max-video-preview:-1"},"canonical":"https:\/\/folhapopular.info\/index.php\/2022\/07\/18\/festa-municipal-do-idoso-sera-dia-23-de-setembro-em-imigrante\/","og_locale":"pt_BR","og_type":"article","og_title":"Festa Municipal do Idoso ser\u00e1 dia 23 de setembro em Imigrante - Folha Popular","og_description":"Para promover a socializa\u00e7\u00e3o, a valoriza\u00e7\u00e3o e o encontro de amigos, Imigrante promove no dia 23 de setembro, a 30\u00ba Festa Municipal do Idoso. O evento ocorre no Gin\u00e1sio Municipal de Esportes, a partir das 9h com recep\u00e7\u00e3o, apresenta\u00e7\u00f5es, culto ecum\u00eanico, almo\u00e7o e tradicional baile. As agentes de sa\u00fade iniciaram a distribui\u00e7\u00e3o dos convites, que [&hellip;]","og_url":"https:\/\/folhapopular.info\/index.php\/2022\/07\/18\/festa-municipal-do-idoso-sera-dia-23-de-setembro-em-imigrante\/","og_site_name":"Folha Popular","article_published_time":"2022-07-18T12:53:29+00:00","article_modified_time":"2022-07-18T12:53:33+00:00","og_image":[{"width":1200,"height":801,"url":"http:\/\/folhapopular.info\/wp-content\/uploads\/2022\/07\/IDOSOS_IMIGRANTE-1-scaled-e1658148754949.jpg","type":"image\/jpeg"}],"author":"Reda\u00e7\u00e3o Folha Popular","twitter_card":"summary_large_image","twitter_misc":{"Escrito por":"Reda\u00e7\u00e3o Folha Popular","Est. tempo de leitura":"2 minutos"},"schema":{"@context":"https:\/\/schema.org","@graph":[{"@type":"Article","@id":"https:\/\/folhapopular.info\/index.php\/2022\/07\/18\/festa-municipal-do-idoso-sera-dia-23-de-setembro-em-imigrante\/#article","isPartOf":{"@id":"https:\/\/folhapopular.info\/index.php\/2022\/07\/18\/festa-municipal-do-idoso-sera-dia-23-de-setembro-em-imigrante\/"},"author":{"name":"Reda\u00e7\u00e3o Folha Popular","@id":"https:\/\/folhapopular.info\/#\/schema\/person\/2814e8a0df7643585a9ca38bc6eb9d4b"},"headline":"Festa Municipal do Idoso ser\u00e1 dia 23 de setembro em Imigrante","datePublished":"2022-07-18T12:53:29+00:00","dateModified":"2022-07-18T12:53:33+00:00","mainEntityOfPage":{"@id":"https:\/\/folhapopular.info\/index.php\/2022\/07\/18\/festa-municipal-do-idoso-sera-dia-23-de-setembro-em-imigrante\/"},"wordCount":243,"commentCount":0,"image":{"@id":"https:\/\/folhapopular.info\/index.php\/2022\/07\/18\/festa-municipal-do-idoso-sera-dia-23-de-setembro-em-imigrante\/#primaryimage"},"thumbnailUrl":"https:\/\/folhapopular.info\/wp-content\/uploads\/2022\/07\/IDOSOS_IMIGRANTE-1-scaled-e1658148754949.jpg","keywords":["Festa Municipal do idoso","Imigrante","Setembro"],"articleSection":["Destaques","Geral"],"inLanguage":"pt-BR","potentialAction":[{"@type":"CommentAction","name":"Comment","target":["https:\/\/folhapopular.info\/index.php\/2022\/07\/18\/festa-municipal-do-idoso-sera-dia-23-de-setembro-em-imigrante\/#respond"]}]},{"@type":"WebPage","@id":"https:\/\/folhapopular.info\/index.php\/2022\/07\/18\/festa-municipal-do-idoso-sera-dia-23-de-setembro-em-imigrante\/","url":"https:\/\/folhapopular.info\/index.php\/2022\/07\/18\/festa-municipal-do-idoso-sera-dia-23-de-setembro-em-imigrante\/","name":"Festa Municipal do Idoso ser\u00e1 dia 23 de setembro em Imigrante - Folha Popular","isPartOf":{"@id":"https:\/\/folhapopular.info\/#website"},"primaryImageOfPage":{"@id":"https:\/\/folhapopular.info\/index.php\/2022\/07\/18\/festa-municipal-do-idoso-sera-dia-23-de-setembro-em-imigrante\/#primaryimage"},"image":{"@id":"https:\/\/folhapopular.info\/index.php\/2022\/07\/18\/festa-municipal-do-idoso-sera-dia-23-de-setembro-em-imigrante\/#primaryimage"},"thumbnailUrl":"https:\/\/folhapopular.info\/wp-content\/uploads\/2022\/07\/IDOSOS_IMIGRANTE-1-scaled-e1658148754949.jpg","datePublished":"2022-07-18T12:53:29+00:00","dateModified":"2022-07-18T12:53:33+00:00","author":{"@id":"https:\/\/folhapopular.info\/#\/schema\/person\/2814e8a0df7643585a9ca38bc6eb9d4b"},"breadcrumb":{"@id":"https:\/\/folhapopular.info\/index.php\/2022\/07\/18\/festa-municipal-do-idoso-sera-dia-23-de-setembro-em-imigrante\/#breadcrumb"},"inLanguage":"pt-BR","potentialAction":[{"@type":"ReadAction","target":["https:\/\/folhapopular.info\/index.php\/2022\/07\/18\/festa-municipal-do-idoso-sera-dia-23-de-setembro-em-imigrante\/"]}]},{"@type":"ImageObject","inLanguage":"pt-BR","@id":"https:\/\/folhapopular.info\/index.php\/2022\/07\/18\/festa-municipal-do-idoso-sera-dia-23-de-setembro-em-imigrante\/#primaryimage","url":"https:\/\/folhapopular.info\/wp-content\/uploads\/2022\/07\/IDOSOS_IMIGRANTE-1-scaled-e1658148754949.jpg","contentUrl":"https:\/\/folhapopular.info\/wp-content\/uploads\/2022\/07\/IDOSOS_IMIGRANTE-1-scaled-e1658148754949.jpg","width":1200,"height":801,"caption":"30\u00aa Festa Municipal do Idoso ocorrer\u00e1 no Gin\u00e1sio Municipal de Esportes \/ Cr\u00e9dito: Cris Thom\u00e9 \/ Divulga\u00e7\u00e3o"},{"@type":"BreadcrumbList","@id":"https:\/\/folhapopular.info\/index.php\/2022\/07\/18\/festa-municipal-do-idoso-sera-dia-23-de-setembro-em-imigrante\/#breadcrumb","itemListElement":[{"@type":"ListItem","position":1,"name":"In\u00edcio","item":"https:\/\/folhapopular.info\/"},{"@type":"ListItem","position":2,"name":"Festa Municipal do Idoso ser\u00e1 dia 23 de setembro em Imigrante"}]},{"@type":"WebSite","@id":"https:\/\/folhapopular.info\/#website","url":"https:\/\/folhapopular.info\/","name":"Folha Popular","description":"Onde voc\u00ea tem vez e voz","potentialAction":[{"@type":"SearchAction","target":{"@type":"EntryPoint","urlTemplate":"https:\/\/folhapopular.info\/?s={search_term_string}"},"query-input":{"@type":"PropertyValueSpecification","valueRequired":true,"valueName":"search_term_string"}}],"inLanguage":"pt-BR"},{"@type":"Person","@id":"https:\/\/folhapopular.info\/#\/schema\/person\/2814e8a0df7643585a9ca38bc6eb9d4b","name":"Reda\u00e7\u00e3o Folha Popular","image":{"@type":"ImageObject","inLanguage":"pt-BR","@id":"https:\/\/folhapopular.info\/wp-content\/uploads\/2026\/04\/Folha-1.webp","url":"https:\/\/folhapopular.info\/wp-content\/uploads\/2026\/04\/Folha-1.webp","contentUrl":"https:\/\/folhapopular.info\/wp-content\/uploads\/2026\/04\/Folha-1.webp","caption":"Reda\u00e7\u00e3o Folha Popular"},"url":"https:\/\/folhapopular.info\/index.php\/author\/redacao\/"}]}},"jetpack_featured_media_url":"https:\/\/folhapopular.info\/wp-content\/uploads\/2022\/07\/IDOSOS_IMIGRANTE-1-scaled-e1658148754949.jpg","jetpack_sharing_enabled":true,"amp_enabled":true,"_links":{"self":[{"href":"https:\/\/folhapopular.info\/index.php\/wp-json\/wp\/v2\/posts\/108863","targetHints":{"allow":["GET"]}}],"collection":[{"href":"https:\/\/folhapopular.info\/index.php\/wp-json\/wp\/v2\/posts"}],"about":[{"href":"https:\/\/folhapopular.info\/index.php\/wp-json\/wp\/v2\/types\/post"}],"author":[{"embeddable":true,"href":"https:\/\/folhapopular.info\/index.php\/wp-json\/wp\/v2\/users\/8"}],"replies":[{"embeddable":true,"href":"https:\/\/folhapopular.info\/index.php\/wp-json\/wp\/v2\/comments?post=108863"}],"version-history":[{"count":0,"href":"https:\/\/folhapopular.info\/index.php\/wp-json\/wp\/v2\/posts\/108863\/revisions"}],"wp:featuredmedia":[{"embeddable":true,"href":"https:\/\/folhapopular.info\/index.php\/wp-json\/wp\/v2\/media\/108864"}],"wp:attachment":[{"href":"https:\/\/folhapopular.info\/index.php\/wp-json\/wp\/v2\/media?parent=108863"}],"wp:term":[{"taxonomy":"category","embeddable":true,"href":"https:\/\/folhapopular.info\/index.php\/wp-json\/wp\/v2\/categories?post=108863"},{"taxonomy":"post_tag","embeddable":true,"href":"https:\/\/folhapopular.info\/index.php\/wp-json\/wp\/v2\/tags?post=108863"}],"curies":[{"name":"wp","href":"https:\/\/api.w.org\/{rel}","templated":true}]}}