{"id":108909,"date":"2022-07-18T15:17:59","date_gmt":"2022-07-18T18:17:59","guid":{"rendered":"https:\/\/folhapopular.info\/?p=108909"},"modified":"2022-07-18T15:18:05","modified_gmt":"2022-07-18T18:18:05","slug":"estrela-realiza-7a-edicao-da-festa-do-colono-e-motorista","status":"publish","type":"post","link":"https:\/\/folhapopular.info\/index.php\/2022\/07\/18\/estrela-realiza-7a-edicao-da-festa-do-colono-e-motorista\/","title":{"rendered":"Estrela realiza 7\u00aa edi\u00e7\u00e3o da Festa do Colono e Motorista"},"content":{"rendered":"\n<p>Em comemora\u00e7\u00e3o do dia do colono e ao dia do motorista &#8211; celebrados no dia 25 de julho -, o Sindicato dos Trabalhadores Rurais (STR) de Estrela realiza na pr\u00f3xima segunda-feira (25\/7), a 7\u00aa edi\u00e7\u00e3o do Dia do Colono e Motorista. O evento \u00e9 organizado em parceria com o Governo de Estrela e apoio do escrit\u00f3rio municipal da Emater\/RS-Ascar. <\/p>\n\n\n\n<p>Para o presidente do STR, Rog\u00e9rio Heemann, a data celebra e relembra lutas e conquistas dos produtores rurais e motoristas. \u201c\u00c9 uma manh\u00e3 muito especial, que precisa ser comemorada. O nosso setor \u2013 agroneg\u00f3cio \u2013 n\u00e3o para, manteve ativa a economia durante a pandemia e resistiu a duas estiagens. Por conta disso, tamb\u00e9m, temos que comemorar muito esta data\u201d, pontua.<\/p>\n\n\n\n<p>A programa\u00e7\u00e3o inicia \u00e0s 8h com a prepara\u00e7\u00e3o do desfile tem\u00e1tico e a partir das 9h a carreata inicia, percorrendo as principais ruas de Estrela, em dire\u00e7\u00e3o ao Distrito de Novo Para\u00edso. A chegada, junto \u00e0 Comunidade Cat\u00f3lica de S\u00e3o Vito contar\u00e1 com a b\u00ean\u00e7\u00e3o de S\u00e3o Crist\u00f3v\u00e3o \u2013 padroeiro dos motoristas.<\/p>\n\n\n\n<p>A premia\u00e7\u00e3o presta homenagem ao primeiro presidente do STR, empossado em 6 de maio de 1963. A escolha ocorre desde 2014, elegendo os destaques na cria\u00e7\u00e3o de aves, su\u00ednos, produ\u00e7\u00e3o de leite, agricultor aposentado, jovem agricultor, mulher produtora rural e agroind\u00fastria destaque. Ap\u00f3s a entrega, ser\u00e1 servido um almo\u00e7o de confraterniza\u00e7\u00e3o e na sequ\u00eancia baile com Jardel e Banda. <\/p>\n\n\n\n<p>Durante toda a tarde haver\u00e3o atra\u00e7\u00f5es e programa\u00e7\u00f5es ocorrendo. Tamb\u00e9m ter\u00e1 distribui\u00e7\u00e3o de \u00e1gua quente e erva-mate. Os cart\u00f5es para o almo\u00e7o custam R$ 40,00, e podem ser adquiridos junto ao STR Estrela, de forma antecipada.<\/p>\n\n\n\n<p><strong>Um dia para comemorar conquistas<\/strong><br>O prefeito de Estrela, Elmar Schneider, j\u00e1 garantiu a presen\u00e7a no evento e prepara para a data a assinatura da licita\u00e7\u00e3o para a obra de asfaltamento da Estrada Geral de Novo Para\u00edso. No local, todo o pavimento atual ser\u00e1 removido e uma nova pavimenta\u00e7\u00e3o asf\u00e1ltica ser\u00e1 instalada, nos 2,7 quil\u00f4metros de extens\u00e3o at\u00e9 a liga\u00e7\u00e3o com a Linha Wink.\u00a0<\/p>\n\n\n\n<p>Schneider afirma que o governo se alegra em poder participar da comemora\u00e7\u00e3o e tamb\u00e9m, poder levar a assinatura da licita\u00e7\u00e3o de uma obra que \u00e9 t\u00e3o aguardada por aquela comunidade. \u201cEsta \u00e9 uma grande data\u201d, comenta.<\/p>\n\n\n\n<p>Ainda sobre o Dia do Colono e Motorista, o gestor destaca a import\u00e2ncia destas atividades para o desenvolvimento econ\u00f4mico dos munic\u00edpios. \u201cNosso agroneg\u00f3cio \u00e9 protagonista na regi\u00e3o e \u00e9 fruto do trabalho incans\u00e1vel dos nossos agricultores e agricultoras. Os motoristas s\u00e3o os profissionais que se esfor\u00e7am para transportar nossas riquezas. Por isso \u00e9 um dia de grande festa e celebra\u00e7\u00e3o\u201d, complementa.<\/p>\n","protected":false},"excerpt":{"rendered":"<p>Em comemora\u00e7\u00e3o do dia do colono e ao dia do motorista &#8211; celebrados no dia 25 de julho -, o Sindicato dos Trabalhadores Rurais (STR) de Estrela realiza na pr\u00f3xima segunda-feira (25\/7), a 7\u00aa edi\u00e7\u00e3o do Dia do Colono e Motorista. O evento \u00e9 organizado em parceria com o Governo de Estrela e apoio do [&hellip;]<\/p>\n","protected":false},"author":8,"featured_media":108910,"comment_status":"open","ping_status":"open","sticky":false,"template":"","format":"standard","meta":{"pmpro_default_level":"","_jetpack_memberships_contains_paid_content":false,"footnotes":""},"categories":[2,3],"tags":[5366,8,531,4535,370],"class_list":{"0":"post-108909","1":"post","2":"type-post","3":"status-publish","4":"format-standard","5":"has-post-thumbnail","7":"category-featured","8":"category-geral","9":"tag-comunidade","10":"tag-estrela","11":"tag-festa-do-colono-e-motorista","12":"tag-governo-de-estrela","13":"tag-str","14":"pmpro-has-access"},"yoast_head":"<!-- This site is optimized with the Yoast SEO plugin v27.5 - https:\/\/yoast.com\/product\/yoast-seo-wordpress\/ -->\n<title>Estrela realiza 7\u00aa edi\u00e7\u00e3o da Festa do Colono e Motorista - Folha Popular<\/title>\n<meta name=\"robots\" content=\"index, follow, max-snippet:-1, max-image-preview:large, max-video-preview:-1\" \/>\n<link rel=\"canonical\" href=\"https:\/\/folhapopular.info\/index.php\/2022\/07\/18\/estrela-realiza-7a-edicao-da-festa-do-colono-e-motorista\/\" \/>\n<meta property=\"og:locale\" content=\"pt_BR\" \/>\n<meta property=\"og:type\" content=\"article\" \/>\n<meta property=\"og:title\" content=\"Estrela realiza 7\u00aa edi\u00e7\u00e3o da Festa do Colono e Motorista - Folha Popular\" \/>\n<meta property=\"og:description\" content=\"Em comemora\u00e7\u00e3o do dia do colono e ao dia do motorista &#8211; celebrados no dia 25 de julho -, o Sindicato dos Trabalhadores Rurais (STR) de Estrela realiza na pr\u00f3xima segunda-feira (25\/7), a 7\u00aa edi\u00e7\u00e3o do Dia do Colono e Motorista. O evento \u00e9 organizado em parceria com o Governo de Estrela e apoio do [&hellip;]\" \/>\n<meta property=\"og:url\" content=\"https:\/\/folhapopular.info\/index.php\/2022\/07\/18\/estrela-realiza-7a-edicao-da-festa-do-colono-e-motorista\/\" \/>\n<meta property=\"og:site_name\" content=\"Folha Popular\" \/>\n<meta property=\"article:published_time\" content=\"2022-07-18T18:17:59+00:00\" \/>\n<meta property=\"article:modified_time\" content=\"2022-07-18T18:18:05+00:00\" \/>\n<meta property=\"og:image\" content=\"http:\/\/folhapopular.info\/wp-content\/uploads\/2022\/07\/Colono-e-Motorista-2021-Frederico-Sehn-56-scaled.jpg\" \/>\n\t<meta property=\"og:image:width\" content=\"2560\" \/>\n\t<meta property=\"og:image:height\" content=\"1707\" \/>\n\t<meta property=\"og:image:type\" content=\"image\/jpeg\" \/>\n<meta name=\"author\" content=\"Reda\u00e7\u00e3o Folha Popular\" \/>\n<meta name=\"twitter:card\" content=\"summary_large_image\" \/>\n<meta name=\"twitter:label1\" content=\"Escrito por\" \/>\n\t<meta name=\"twitter:data1\" content=\"Reda\u00e7\u00e3o Folha Popular\" \/>\n\t<meta name=\"twitter:label2\" content=\"Est. tempo de leitura\" \/>\n\t<meta name=\"twitter:data2\" content=\"3 minutos\" \/>\n<script type=\"application\/ld+json\" class=\"yoast-schema-graph\">{\"@context\":\"https:\\\/\\\/schema.org\",\"@graph\":[{\"@type\":\"Article\",\"@id\":\"https:\\\/\\\/folhapopular.info\\\/index.php\\\/2022\\\/07\\\/18\\\/estrela-realiza-7a-edicao-da-festa-do-colono-e-motorista\\\/#article\",\"isPartOf\":{\"@id\":\"https:\\\/\\\/folhapopular.info\\\/index.php\\\/2022\\\/07\\\/18\\\/estrela-realiza-7a-edicao-da-festa-do-colono-e-motorista\\\/\"},\"author\":{\"name\":\"Reda\u00e7\u00e3o Folha Popular\",\"@id\":\"https:\\\/\\\/folhapopular.info\\\/#\\\/schema\\\/person\\\/2814e8a0df7643585a9ca38bc6eb9d4b\"},\"headline\":\"Estrela realiza 7\u00aa edi\u00e7\u00e3o da Festa do Colono e Motorista\",\"datePublished\":\"2022-07-18T18:17:59+00:00\",\"dateModified\":\"2022-07-18T18:18:05+00:00\",\"mainEntityOfPage\":{\"@id\":\"https:\\\/\\\/folhapopular.info\\\/index.php\\\/2022\\\/07\\\/18\\\/estrela-realiza-7a-edicao-da-festa-do-colono-e-motorista\\\/\"},\"wordCount\":476,\"commentCount\":0,\"image\":{\"@id\":\"https:\\\/\\\/folhapopular.info\\\/index.php\\\/2022\\\/07\\\/18\\\/estrela-realiza-7a-edicao-da-festa-do-colono-e-motorista\\\/#primaryimage\"},\"thumbnailUrl\":\"https:\\\/\\\/folhapopular.info\\\/wp-content\\\/uploads\\\/2022\\\/07\\\/Colono-e-Motorista-2021-Frederico-Sehn-56-scaled.jpg\",\"keywords\":[\"Comunidade\",\"Estrela\",\"Festa do Colono e Motorista\",\"Governo de Estrela\",\"STR\"],\"articleSection\":[\"Destaques\",\"Geral\"],\"inLanguage\":\"pt-BR\",\"potentialAction\":[{\"@type\":\"CommentAction\",\"name\":\"Comment\",\"target\":[\"https:\\\/\\\/folhapopular.info\\\/index.php\\\/2022\\\/07\\\/18\\\/estrela-realiza-7a-edicao-da-festa-do-colono-e-motorista\\\/#respond\"]}]},{\"@type\":\"WebPage\",\"@id\":\"https:\\\/\\\/folhapopular.info\\\/index.php\\\/2022\\\/07\\\/18\\\/estrela-realiza-7a-edicao-da-festa-do-colono-e-motorista\\\/\",\"url\":\"https:\\\/\\\/folhapopular.info\\\/index.php\\\/2022\\\/07\\\/18\\\/estrela-realiza-7a-edicao-da-festa-do-colono-e-motorista\\\/\",\"name\":\"Estrela realiza 7\u00aa edi\u00e7\u00e3o da Festa do Colono e Motorista - Folha Popular\",\"isPartOf\":{\"@id\":\"https:\\\/\\\/folhapopular.info\\\/#website\"},\"primaryImageOfPage\":{\"@id\":\"https:\\\/\\\/folhapopular.info\\\/index.php\\\/2022\\\/07\\\/18\\\/estrela-realiza-7a-edicao-da-festa-do-colono-e-motorista\\\/#primaryimage\"},\"image\":{\"@id\":\"https:\\\/\\\/folhapopular.info\\\/index.php\\\/2022\\\/07\\\/18\\\/estrela-realiza-7a-edicao-da-festa-do-colono-e-motorista\\\/#primaryimage\"},\"thumbnailUrl\":\"https:\\\/\\\/folhapopular.info\\\/wp-content\\\/uploads\\\/2022\\\/07\\\/Colono-e-Motorista-2021-Frederico-Sehn-56-scaled.jpg\",\"datePublished\":\"2022-07-18T18:17:59+00:00\",\"dateModified\":\"2022-07-18T18:18:05+00:00\",\"author\":{\"@id\":\"https:\\\/\\\/folhapopular.info\\\/#\\\/schema\\\/person\\\/2814e8a0df7643585a9ca38bc6eb9d4b\"},\"breadcrumb\":{\"@id\":\"https:\\\/\\\/folhapopular.info\\\/index.php\\\/2022\\\/07\\\/18\\\/estrela-realiza-7a-edicao-da-festa-do-colono-e-motorista\\\/#breadcrumb\"},\"inLanguage\":\"pt-BR\",\"potentialAction\":[{\"@type\":\"ReadAction\",\"target\":[\"https:\\\/\\\/folhapopular.info\\\/index.php\\\/2022\\\/07\\\/18\\\/estrela-realiza-7a-edicao-da-festa-do-colono-e-motorista\\\/\"]}]},{\"@type\":\"ImageObject\",\"inLanguage\":\"pt-BR\",\"@id\":\"https:\\\/\\\/folhapopular.info\\\/index.php\\\/2022\\\/07\\\/18\\\/estrela-realiza-7a-edicao-da-festa-do-colono-e-motorista\\\/#primaryimage\",\"url\":\"https:\\\/\\\/folhapopular.info\\\/wp-content\\\/uploads\\\/2022\\\/07\\\/Colono-e-Motorista-2021-Frederico-Sehn-56-scaled.jpg\",\"contentUrl\":\"https:\\\/\\\/folhapopular.info\\\/wp-content\\\/uploads\\\/2022\\\/07\\\/Colono-e-Motorista-2021-Frederico-Sehn-56-scaled.jpg\",\"width\":2560,\"height\":1707,\"caption\":\"Carreata come\u00e7a a ser organizada \u00e0s 8 horas da manh\u00e3, passando pelas principais ruas de Estrela \\\/ Cr\u00e9dito: Frederico Sehn \\\/ Governo de Estrela \\\/ Divulga\u00e7\u00e3o\"},{\"@type\":\"BreadcrumbList\",\"@id\":\"https:\\\/\\\/folhapopular.info\\\/index.php\\\/2022\\\/07\\\/18\\\/estrela-realiza-7a-edicao-da-festa-do-colono-e-motorista\\\/#breadcrumb\",\"itemListElement\":[{\"@type\":\"ListItem\",\"position\":1,\"name\":\"In\u00edcio\",\"item\":\"https:\\\/\\\/folhapopular.info\\\/\"},{\"@type\":\"ListItem\",\"position\":2,\"name\":\"Estrela realiza 7\u00aa edi\u00e7\u00e3o da Festa do Colono e Motorista\"}]},{\"@type\":\"WebSite\",\"@id\":\"https:\\\/\\\/folhapopular.info\\\/#website\",\"url\":\"https:\\\/\\\/folhapopular.info\\\/\",\"name\":\"Folha Popular\",\"description\":\"Onde voc\u00ea tem vez e voz\",\"potentialAction\":[{\"@type\":\"SearchAction\",\"target\":{\"@type\":\"EntryPoint\",\"urlTemplate\":\"https:\\\/\\\/folhapopular.info\\\/?s={search_term_string}\"},\"query-input\":{\"@type\":\"PropertyValueSpecification\",\"valueRequired\":true,\"valueName\":\"search_term_string\"}}],\"inLanguage\":\"pt-BR\"},{\"@type\":\"Person\",\"@id\":\"https:\\\/\\\/folhapopular.info\\\/#\\\/schema\\\/person\\\/2814e8a0df7643585a9ca38bc6eb9d4b\",\"name\":\"Reda\u00e7\u00e3o Folha Popular\",\"image\":{\"@type\":\"ImageObject\",\"inLanguage\":\"pt-BR\",\"@id\":\"https:\\\/\\\/folhapopular.info\\\/wp-content\\\/uploads\\\/2026\\\/04\\\/Folha-1.webp\",\"url\":\"https:\\\/\\\/folhapopular.info\\\/wp-content\\\/uploads\\\/2026\\\/04\\\/Folha-1.webp\",\"contentUrl\":\"https:\\\/\\\/folhapopular.info\\\/wp-content\\\/uploads\\\/2026\\\/04\\\/Folha-1.webp\",\"caption\":\"Reda\u00e7\u00e3o Folha Popular\"},\"url\":\"https:\\\/\\\/folhapopular.info\\\/index.php\\\/author\\\/redacao\\\/\"}]}<\/script>\n<!-- \/ Yoast SEO plugin. -->","yoast_head_json":{"title":"Estrela realiza 7\u00aa edi\u00e7\u00e3o da Festa do Colono e Motorista - Folha Popular","robots":{"index":"index","follow":"follow","max-snippet":"max-snippet:-1","max-image-preview":"max-image-preview:large","max-video-preview":"max-video-preview:-1"},"canonical":"https:\/\/folhapopular.info\/index.php\/2022\/07\/18\/estrela-realiza-7a-edicao-da-festa-do-colono-e-motorista\/","og_locale":"pt_BR","og_type":"article","og_title":"Estrela realiza 7\u00aa edi\u00e7\u00e3o da Festa do Colono e Motorista - Folha Popular","og_description":"Em comemora\u00e7\u00e3o do dia do colono e ao dia do motorista &#8211; celebrados no dia 25 de julho -, o Sindicato dos Trabalhadores Rurais (STR) de Estrela realiza na pr\u00f3xima segunda-feira (25\/7), a 7\u00aa edi\u00e7\u00e3o do Dia do Colono e Motorista. O evento \u00e9 organizado em parceria com o Governo de Estrela e apoio do [&hellip;]","og_url":"https:\/\/folhapopular.info\/index.php\/2022\/07\/18\/estrela-realiza-7a-edicao-da-festa-do-colono-e-motorista\/","og_site_name":"Folha Popular","article_published_time":"2022-07-18T18:17:59+00:00","article_modified_time":"2022-07-18T18:18:05+00:00","og_image":[{"width":2560,"height":1707,"url":"http:\/\/folhapopular.info\/wp-content\/uploads\/2022\/07\/Colono-e-Motorista-2021-Frederico-Sehn-56-scaled.jpg","type":"image\/jpeg"}],"author":"Reda\u00e7\u00e3o Folha Popular","twitter_card":"summary_large_image","twitter_misc":{"Escrito por":"Reda\u00e7\u00e3o Folha Popular","Est. tempo de leitura":"3 minutos"},"schema":{"@context":"https:\/\/schema.org","@graph":[{"@type":"Article","@id":"https:\/\/folhapopular.info\/index.php\/2022\/07\/18\/estrela-realiza-7a-edicao-da-festa-do-colono-e-motorista\/#article","isPartOf":{"@id":"https:\/\/folhapopular.info\/index.php\/2022\/07\/18\/estrela-realiza-7a-edicao-da-festa-do-colono-e-motorista\/"},"author":{"name":"Reda\u00e7\u00e3o Folha Popular","@id":"https:\/\/folhapopular.info\/#\/schema\/person\/2814e8a0df7643585a9ca38bc6eb9d4b"},"headline":"Estrela realiza 7\u00aa edi\u00e7\u00e3o da Festa do Colono e Motorista","datePublished":"2022-07-18T18:17:59+00:00","dateModified":"2022-07-18T18:18:05+00:00","mainEntityOfPage":{"@id":"https:\/\/folhapopular.info\/index.php\/2022\/07\/18\/estrela-realiza-7a-edicao-da-festa-do-colono-e-motorista\/"},"wordCount":476,"commentCount":0,"image":{"@id":"https:\/\/folhapopular.info\/index.php\/2022\/07\/18\/estrela-realiza-7a-edicao-da-festa-do-colono-e-motorista\/#primaryimage"},"thumbnailUrl":"https:\/\/folhapopular.info\/wp-content\/uploads\/2022\/07\/Colono-e-Motorista-2021-Frederico-Sehn-56-scaled.jpg","keywords":["Comunidade","Estrela","Festa do Colono e Motorista","Governo de Estrela","STR"],"articleSection":["Destaques","Geral"],"inLanguage":"pt-BR","potentialAction":[{"@type":"CommentAction","name":"Comment","target":["https:\/\/folhapopular.info\/index.php\/2022\/07\/18\/estrela-realiza-7a-edicao-da-festa-do-colono-e-motorista\/#respond"]}]},{"@type":"WebPage","@id":"https:\/\/folhapopular.info\/index.php\/2022\/07\/18\/estrela-realiza-7a-edicao-da-festa-do-colono-e-motorista\/","url":"https:\/\/folhapopular.info\/index.php\/2022\/07\/18\/estrela-realiza-7a-edicao-da-festa-do-colono-e-motorista\/","name":"Estrela realiza 7\u00aa edi\u00e7\u00e3o da Festa do Colono e Motorista - Folha Popular","isPartOf":{"@id":"https:\/\/folhapopular.info\/#website"},"primaryImageOfPage":{"@id":"https:\/\/folhapopular.info\/index.php\/2022\/07\/18\/estrela-realiza-7a-edicao-da-festa-do-colono-e-motorista\/#primaryimage"},"image":{"@id":"https:\/\/folhapopular.info\/index.php\/2022\/07\/18\/estrela-realiza-7a-edicao-da-festa-do-colono-e-motorista\/#primaryimage"},"thumbnailUrl":"https:\/\/folhapopular.info\/wp-content\/uploads\/2022\/07\/Colono-e-Motorista-2021-Frederico-Sehn-56-scaled.jpg","datePublished":"2022-07-18T18:17:59+00:00","dateModified":"2022-07-18T18:18:05+00:00","author":{"@id":"https:\/\/folhapopular.info\/#\/schema\/person\/2814e8a0df7643585a9ca38bc6eb9d4b"},"breadcrumb":{"@id":"https:\/\/folhapopular.info\/index.php\/2022\/07\/18\/estrela-realiza-7a-edicao-da-festa-do-colono-e-motorista\/#breadcrumb"},"inLanguage":"pt-BR","potentialAction":[{"@type":"ReadAction","target":["https:\/\/folhapopular.info\/index.php\/2022\/07\/18\/estrela-realiza-7a-edicao-da-festa-do-colono-e-motorista\/"]}]},{"@type":"ImageObject","inLanguage":"pt-BR","@id":"https:\/\/folhapopular.info\/index.php\/2022\/07\/18\/estrela-realiza-7a-edicao-da-festa-do-colono-e-motorista\/#primaryimage","url":"https:\/\/folhapopular.info\/wp-content\/uploads\/2022\/07\/Colono-e-Motorista-2021-Frederico-Sehn-56-scaled.jpg","contentUrl":"https:\/\/folhapopular.info\/wp-content\/uploads\/2022\/07\/Colono-e-Motorista-2021-Frederico-Sehn-56-scaled.jpg","width":2560,"height":1707,"caption":"Carreata come\u00e7a a ser organizada \u00e0s 8 horas da manh\u00e3, passando pelas principais ruas de Estrela \/ Cr\u00e9dito: Frederico Sehn \/ Governo de Estrela \/ Divulga\u00e7\u00e3o"},{"@type":"BreadcrumbList","@id":"https:\/\/folhapopular.info\/index.php\/2022\/07\/18\/estrela-realiza-7a-edicao-da-festa-do-colono-e-motorista\/#breadcrumb","itemListElement":[{"@type":"ListItem","position":1,"name":"In\u00edcio","item":"https:\/\/folhapopular.info\/"},{"@type":"ListItem","position":2,"name":"Estrela realiza 7\u00aa edi\u00e7\u00e3o da Festa do Colono e Motorista"}]},{"@type":"WebSite","@id":"https:\/\/folhapopular.info\/#website","url":"https:\/\/folhapopular.info\/","name":"Folha Popular","description":"Onde voc\u00ea tem vez e voz","potentialAction":[{"@type":"SearchAction","target":{"@type":"EntryPoint","urlTemplate":"https:\/\/folhapopular.info\/?s={search_term_string}"},"query-input":{"@type":"PropertyValueSpecification","valueRequired":true,"valueName":"search_term_string"}}],"inLanguage":"pt-BR"},{"@type":"Person","@id":"https:\/\/folhapopular.info\/#\/schema\/person\/2814e8a0df7643585a9ca38bc6eb9d4b","name":"Reda\u00e7\u00e3o Folha Popular","image":{"@type":"ImageObject","inLanguage":"pt-BR","@id":"https:\/\/folhapopular.info\/wp-content\/uploads\/2026\/04\/Folha-1.webp","url":"https:\/\/folhapopular.info\/wp-content\/uploads\/2026\/04\/Folha-1.webp","contentUrl":"https:\/\/folhapopular.info\/wp-content\/uploads\/2026\/04\/Folha-1.webp","caption":"Reda\u00e7\u00e3o Folha Popular"},"url":"https:\/\/folhapopular.info\/index.php\/author\/redacao\/"}]}},"jetpack_featured_media_url":"https:\/\/folhapopular.info\/wp-content\/uploads\/2022\/07\/Colono-e-Motorista-2021-Frederico-Sehn-56-scaled.jpg","jetpack_sharing_enabled":true,"amp_enabled":true,"_links":{"self":[{"href":"https:\/\/folhapopular.info\/index.php\/wp-json\/wp\/v2\/posts\/108909","targetHints":{"allow":["GET"]}}],"collection":[{"href":"https:\/\/folhapopular.info\/index.php\/wp-json\/wp\/v2\/posts"}],"about":[{"href":"https:\/\/folhapopular.info\/index.php\/wp-json\/wp\/v2\/types\/post"}],"author":[{"embeddable":true,"href":"https:\/\/folhapopular.info\/index.php\/wp-json\/wp\/v2\/users\/8"}],"replies":[{"embeddable":true,"href":"https:\/\/folhapopular.info\/index.php\/wp-json\/wp\/v2\/comments?post=108909"}],"version-history":[{"count":0,"href":"https:\/\/folhapopular.info\/index.php\/wp-json\/wp\/v2\/posts\/108909\/revisions"}],"wp:featuredmedia":[{"embeddable":true,"href":"https:\/\/folhapopular.info\/index.php\/wp-json\/wp\/v2\/media\/108910"}],"wp:attachment":[{"href":"https:\/\/folhapopular.info\/index.php\/wp-json\/wp\/v2\/media?parent=108909"}],"wp:term":[{"taxonomy":"category","embeddable":true,"href":"https:\/\/folhapopular.info\/index.php\/wp-json\/wp\/v2\/categories?post=108909"},{"taxonomy":"post_tag","embeddable":true,"href":"https:\/\/folhapopular.info\/index.php\/wp-json\/wp\/v2\/tags?post=108909"}],"curies":[{"name":"wp","href":"https:\/\/api.w.org\/{rel}","templated":true}]}}