{"id":109034,"date":"2022-07-19T17:06:38","date_gmt":"2022-07-19T20:06:38","guid":{"rendered":"https:\/\/folhapopular.info\/?p=109034"},"modified":"2022-07-19T17:07:00","modified_gmt":"2022-07-19T20:07:00","slug":"copa-infantil-movimenta-campos-do-centro-e-interior-de-estrela","status":"publish","type":"post","link":"https:\/\/folhapopular.info\/index.php\/2022\/07\/19\/copa-infantil-movimenta-campos-do-centro-e-interior-de-estrela\/","title":{"rendered":"Copa Infantil movimenta campos do centro e interior de Estrela"},"content":{"rendered":"\n<p>Cerca de 600 atletas \u2013 entre 9 e 14 anos \u2013 de 30 times e 12 clubes de todo o Estado disputam a 1\u00aa Copa Cidade de Estrela de Futebol Infantil. A abertura da competi\u00e7\u00e3o ocorreu na noite dessa segunda-feira (18\/7), na sede campestre da Soges, em Estrela. A competi\u00e7\u00e3o prossegue com jogos di\u00e1rios na Soges e campos do interior do munic\u00edpio at\u00e9 o pr\u00f3ximo s\u00e1bado (23\/7).<\/p>\n\n\n\n<p>Participam 12 clubes do Vale do Taquari e Rio Pardo, como tamb\u00e9m Serra Ga\u00facha, Regi\u00e3o Metropolitana e capital ga\u00facha. Entre eles, Juventude de Caxias do Sul e Cruzeiro de Porto Alegre. Tamb\u00e9m participam Estrelas do Futuro (Estrela); Ale\/Nova Estrela (Lajeado\/Estrela); Pratas da Casa (Arroio do Meio); Edufut (Santa Clara do Sul); Costa e Silva (Porto Alegre); CTE\/Imigrante (Roca Sales e Imigrante); PFC (Il\u00f3polis); Juventus (Teut\u00f4nia); Agesc (Santa Cruz do Sul). Est\u00e3o em disputa as categorias Sub-14, Sub-12, Sub-10 e Sub-9.<\/p>\n\n\n\n<p><strong>Sonhos<\/strong><\/p>\n\n\n\n<p>Para a abertura, que contou com a presen\u00e7a do vice-prefeito Jo\u00e3o Carlos Sch\u00e4fer, o secret\u00e1rio da Setcel, Joel Mallmann, e o diretor da EZR, Jos\u00e9 M\u00e1rio, estiveram presentes integrantes das delega\u00e7\u00f5es. \u201cCorram atr\u00e1s de seus sonhos. Eu, que sempre fui perna de pau, n\u00e3o consegui ser jogador, mas corri atr\u00e1s de outros sonhos. Fa\u00e7am sempre o mesmo\u201d, disse o secret\u00e1rio aos pequenos.<\/p>\n\n\n\n<p>A delega\u00e7\u00e3o do Juventude chamou a aten\u00e7\u00e3o das demais. J\u00e1 na chegada, entoando c\u00e2nticos, os garotos tomaram a arquibancada. S\u00e3o 110 atletas \u2013 dois times por categoria e diversas comiss\u00f5es t\u00e9cnicas. Entre eles o coordenador geral da escola de futebol do clube, Jonas Rosa, e o ex-jogador profissional Luciano Marreta, que teve passagens pelo pr\u00f3prio Juventude \u2013 campe\u00e3o da Copa do Brasil de 1999 \u2013, Gr\u00eamio, Goi\u00e1s e futebol do exterior. \u201cBom demais, Estrela est\u00e1 de parab\u00e9ns\u201d, resumiu Rosa.<\/p>\n\n\n\n<p><strong>Tranquilidade do interior<\/strong><\/p>\n\n\n\n<p>Menor \u2013 19 atletas da categoria Sub-14 \u2013 e mais t\u00edmida, a delega\u00e7\u00e3o do Cruzeiro, por sua vez, chamava a aten\u00e7\u00e3o das demais pelo porte dos garotos. O t\u00e9cnico Pedro Pereira comenta. \u201c\u00c9 importante proporcionar essas competi\u00e7\u00f5es e experi\u00eancias de vida, onde al\u00e9m de atuarem contra meninos da idade deles de fato, pois geralmente treinam e jogam contra os mais velhos, est\u00e3o aqui conhecendo novos lugares e culturas&#8221;, avalia.<\/p>\n\n\n\n<p>O seu atleta, S\u00e9rgio Machado J\u00fanior, ou \u201c\u00cdndio\u201d como \u00e9 conhecido, tem 14 anos. J\u00e1 jogou na base do Inter e desde outubro est\u00e1 no Cruzeiro. \u201cGosto muito de futebol. E esses torneios s\u00e3o divertidos. Sa\u00edmos de casa, viajamos. J\u00e1 havia ouvido falar de Estrela, mas n\u00e3o conhecia. Tudo muito tranquilo, pouco tr\u00e2nsito, parece bem organizada\u201d, explica o jovem que \u00e9 de Porto Alegre, mas que assim como toda a delega\u00e7\u00e3o, est\u00e1 hospedada na Linha Lenz, interior do munic\u00edpio e uma das sedes dos jogos.<\/p>\n\n\n\n<p>A impress\u00e3o do jovem atleta do Cruzeiro n\u00e3o foi muito diferente da do casal Alisson e Silvia Lago, de Caxias do Sul, que veio acompanhar o filho Gabriel (9). \u201cEstou h\u00e1 poucas horas na cidade. O que j\u00e1 deu para perceber \u00e9 que se trata de uma cidade tranquila, organizada, ruas limpas, tr\u00e2nsito calmo e de um povo muito receptivo\u201d, diz. Pessoas de Porto Alegre, Xangril\u00e1, Teut\u00f4nia, Encantado, Arroio do Meio e outras tamb\u00e9m estavam presentes na abertura. Segundo estimativa, pelo menos 500 familiares de atletas devem vir a Estrela.<\/p>\n","protected":false},"excerpt":{"rendered":"<p>Cerca de 600 atletas \u2013 entre 9 e 14 anos \u2013 de 30 times e 12 clubes de todo o Estado disputam a 1\u00aa Copa Cidade de Estrela de Futebol Infantil. A abertura da competi\u00e7\u00e3o ocorreu na noite dessa segunda-feira (18\/7), na sede campestre da Soges, em Estrela. A competi\u00e7\u00e3o prossegue com jogos di\u00e1rios na [&hellip;]<\/p>\n","protected":false},"author":8,"featured_media":109038,"comment_status":"open","ping_status":"open","sticky":false,"template":"","format":"standard","meta":{"pmpro_default_level":"","_jetpack_memberships_contains_paid_content":false,"footnotes":""},"categories":[5],"tags":[137,8,498],"class_list":{"0":"post-109034","1":"post","2":"type-post","3":"status-publish","4":"format-standard","5":"has-post-thumbnail","7":"category-esportes","8":"tag-esporte","9":"tag-estrela","10":"tag-futebol","11":"pmpro-has-access"},"yoast_head":"<!-- This site is optimized with the Yoast SEO plugin v27.5 - https:\/\/yoast.com\/product\/yoast-seo-wordpress\/ -->\n<title>Copa Infantil movimenta campos do centro e interior de Estrela - Folha Popular<\/title>\n<meta name=\"robots\" content=\"index, follow, max-snippet:-1, max-image-preview:large, max-video-preview:-1\" \/>\n<link rel=\"canonical\" href=\"https:\/\/folhapopular.info\/index.php\/2022\/07\/19\/copa-infantil-movimenta-campos-do-centro-e-interior-de-estrela\/\" \/>\n<meta property=\"og:locale\" content=\"pt_BR\" \/>\n<meta property=\"og:type\" content=\"article\" \/>\n<meta property=\"og:title\" content=\"Copa Infantil movimenta campos do centro e interior de Estrela - Folha Popular\" \/>\n<meta property=\"og:description\" content=\"Cerca de 600 atletas \u2013 entre 9 e 14 anos \u2013 de 30 times e 12 clubes de todo o Estado disputam a 1\u00aa Copa Cidade de Estrela de Futebol Infantil. A abertura da competi\u00e7\u00e3o ocorreu na noite dessa segunda-feira (18\/7), na sede campestre da Soges, em Estrela. A competi\u00e7\u00e3o prossegue com jogos di\u00e1rios na [&hellip;]\" \/>\n<meta property=\"og:url\" content=\"https:\/\/folhapopular.info\/index.php\/2022\/07\/19\/copa-infantil-movimenta-campos-do-centro-e-interior-de-estrela\/\" \/>\n<meta property=\"og:site_name\" content=\"Folha Popular\" \/>\n<meta property=\"article:published_time\" content=\"2022-07-19T20:06:38+00:00\" \/>\n<meta property=\"article:modified_time\" content=\"2022-07-19T20:07:00+00:00\" \/>\n<meta property=\"og:image\" content=\"http:\/\/folhapopular.info\/wp-content\/uploads\/2022\/07\/2022_07_19_Copa_RG_DIV-scaled-e1658261131395.jpg\" \/>\n\t<meta property=\"og:image:width\" content=\"1200\" \/>\n\t<meta property=\"og:image:height\" content=\"540\" \/>\n\t<meta property=\"og:image:type\" content=\"image\/jpeg\" \/>\n<meta name=\"author\" content=\"Reda\u00e7\u00e3o Folha Popular\" \/>\n<meta name=\"twitter:card\" content=\"summary_large_image\" \/>\n<meta name=\"twitter:label1\" content=\"Escrito por\" \/>\n\t<meta name=\"twitter:data1\" content=\"Reda\u00e7\u00e3o Folha Popular\" \/>\n\t<meta name=\"twitter:label2\" content=\"Est. tempo de leitura\" \/>\n\t<meta name=\"twitter:data2\" content=\"3 minutos\" \/>\n<script type=\"application\/ld+json\" class=\"yoast-schema-graph\">{\"@context\":\"https:\\\/\\\/schema.org\",\"@graph\":[{\"@type\":\"Article\",\"@id\":\"https:\\\/\\\/folhapopular.info\\\/index.php\\\/2022\\\/07\\\/19\\\/copa-infantil-movimenta-campos-do-centro-e-interior-de-estrela\\\/#article\",\"isPartOf\":{\"@id\":\"https:\\\/\\\/folhapopular.info\\\/index.php\\\/2022\\\/07\\\/19\\\/copa-infantil-movimenta-campos-do-centro-e-interior-de-estrela\\\/\"},\"author\":{\"name\":\"Reda\u00e7\u00e3o Folha Popular\",\"@id\":\"https:\\\/\\\/folhapopular.info\\\/#\\\/schema\\\/person\\\/2814e8a0df7643585a9ca38bc6eb9d4b\"},\"headline\":\"Copa Infantil movimenta campos do centro e interior de Estrela\",\"datePublished\":\"2022-07-19T20:06:38+00:00\",\"dateModified\":\"2022-07-19T20:07:00+00:00\",\"mainEntityOfPage\":{\"@id\":\"https:\\\/\\\/folhapopular.info\\\/index.php\\\/2022\\\/07\\\/19\\\/copa-infantil-movimenta-campos-do-centro-e-interior-de-estrela\\\/\"},\"wordCount\":580,\"commentCount\":0,\"image\":{\"@id\":\"https:\\\/\\\/folhapopular.info\\\/index.php\\\/2022\\\/07\\\/19\\\/copa-infantil-movimenta-campos-do-centro-e-interior-de-estrela\\\/#primaryimage\"},\"thumbnailUrl\":\"https:\\\/\\\/folhapopular.info\\\/wp-content\\\/uploads\\\/2022\\\/07\\\/2022_07_19_Copa_RG_DIV-scaled-e1658261131395.jpg\",\"keywords\":[\"Esporte\",\"Estrela\",\"Futebol\"],\"articleSection\":[\"Esportes\"],\"inLanguage\":\"pt-BR\",\"potentialAction\":[{\"@type\":\"CommentAction\",\"name\":\"Comment\",\"target\":[\"https:\\\/\\\/folhapopular.info\\\/index.php\\\/2022\\\/07\\\/19\\\/copa-infantil-movimenta-campos-do-centro-e-interior-de-estrela\\\/#respond\"]}]},{\"@type\":\"WebPage\",\"@id\":\"https:\\\/\\\/folhapopular.info\\\/index.php\\\/2022\\\/07\\\/19\\\/copa-infantil-movimenta-campos-do-centro-e-interior-de-estrela\\\/\",\"url\":\"https:\\\/\\\/folhapopular.info\\\/index.php\\\/2022\\\/07\\\/19\\\/copa-infantil-movimenta-campos-do-centro-e-interior-de-estrela\\\/\",\"name\":\"Copa Infantil movimenta campos do centro e interior de Estrela - Folha Popular\",\"isPartOf\":{\"@id\":\"https:\\\/\\\/folhapopular.info\\\/#website\"},\"primaryImageOfPage\":{\"@id\":\"https:\\\/\\\/folhapopular.info\\\/index.php\\\/2022\\\/07\\\/19\\\/copa-infantil-movimenta-campos-do-centro-e-interior-de-estrela\\\/#primaryimage\"},\"image\":{\"@id\":\"https:\\\/\\\/folhapopular.info\\\/index.php\\\/2022\\\/07\\\/19\\\/copa-infantil-movimenta-campos-do-centro-e-interior-de-estrela\\\/#primaryimage\"},\"thumbnailUrl\":\"https:\\\/\\\/folhapopular.info\\\/wp-content\\\/uploads\\\/2022\\\/07\\\/2022_07_19_Copa_RG_DIV-scaled-e1658261131395.jpg\",\"datePublished\":\"2022-07-19T20:06:38+00:00\",\"dateModified\":\"2022-07-19T20:07:00+00:00\",\"author\":{\"@id\":\"https:\\\/\\\/folhapopular.info\\\/#\\\/schema\\\/person\\\/2814e8a0df7643585a9ca38bc6eb9d4b\"},\"breadcrumb\":{\"@id\":\"https:\\\/\\\/folhapopular.info\\\/index.php\\\/2022\\\/07\\\/19\\\/copa-infantil-movimenta-campos-do-centro-e-interior-de-estrela\\\/#breadcrumb\"},\"inLanguage\":\"pt-BR\",\"potentialAction\":[{\"@type\":\"ReadAction\",\"target\":[\"https:\\\/\\\/folhapopular.info\\\/index.php\\\/2022\\\/07\\\/19\\\/copa-infantil-movimenta-campos-do-centro-e-interior-de-estrela\\\/\"]}]},{\"@type\":\"ImageObject\",\"inLanguage\":\"pt-BR\",\"@id\":\"https:\\\/\\\/folhapopular.info\\\/index.php\\\/2022\\\/07\\\/19\\\/copa-infantil-movimenta-campos-do-centro-e-interior-de-estrela\\\/#primaryimage\",\"url\":\"https:\\\/\\\/folhapopular.info\\\/wp-content\\\/uploads\\\/2022\\\/07\\\/2022_07_19_Copa_RG_DIV-scaled-e1658261131395.jpg\",\"contentUrl\":\"https:\\\/\\\/folhapopular.info\\\/wp-content\\\/uploads\\\/2022\\\/07\\\/2022_07_19_Copa_RG_DIV-scaled-e1658261131395.jpg\",\"width\":1200,\"height\":540,\"caption\":\"Partidas ocorrem at\u00e9 s\u00e1bado (23\\\/7) em diversos gramados \\\/ Cr\u00e9dito: Rodrigo Angeli \\\/ Divulga\u00e7\u00e3o\"},{\"@type\":\"BreadcrumbList\",\"@id\":\"https:\\\/\\\/folhapopular.info\\\/index.php\\\/2022\\\/07\\\/19\\\/copa-infantil-movimenta-campos-do-centro-e-interior-de-estrela\\\/#breadcrumb\",\"itemListElement\":[{\"@type\":\"ListItem\",\"position\":1,\"name\":\"In\u00edcio\",\"item\":\"https:\\\/\\\/folhapopular.info\\\/\"},{\"@type\":\"ListItem\",\"position\":2,\"name\":\"Copa Infantil movimenta campos do centro e interior de Estrela\"}]},{\"@type\":\"WebSite\",\"@id\":\"https:\\\/\\\/folhapopular.info\\\/#website\",\"url\":\"https:\\\/\\\/folhapopular.info\\\/\",\"name\":\"Folha Popular\",\"description\":\"Onde voc\u00ea tem vez e voz\",\"potentialAction\":[{\"@type\":\"SearchAction\",\"target\":{\"@type\":\"EntryPoint\",\"urlTemplate\":\"https:\\\/\\\/folhapopular.info\\\/?s={search_term_string}\"},\"query-input\":{\"@type\":\"PropertyValueSpecification\",\"valueRequired\":true,\"valueName\":\"search_term_string\"}}],\"inLanguage\":\"pt-BR\"},{\"@type\":\"Person\",\"@id\":\"https:\\\/\\\/folhapopular.info\\\/#\\\/schema\\\/person\\\/2814e8a0df7643585a9ca38bc6eb9d4b\",\"name\":\"Reda\u00e7\u00e3o Folha Popular\",\"image\":{\"@type\":\"ImageObject\",\"inLanguage\":\"pt-BR\",\"@id\":\"https:\\\/\\\/folhapopular.info\\\/wp-content\\\/uploads\\\/2026\\\/04\\\/Folha-1.webp\",\"url\":\"https:\\\/\\\/folhapopular.info\\\/wp-content\\\/uploads\\\/2026\\\/04\\\/Folha-1.webp\",\"contentUrl\":\"https:\\\/\\\/folhapopular.info\\\/wp-content\\\/uploads\\\/2026\\\/04\\\/Folha-1.webp\",\"caption\":\"Reda\u00e7\u00e3o Folha Popular\"},\"url\":\"https:\\\/\\\/folhapopular.info\\\/index.php\\\/author\\\/redacao\\\/\"}]}<\/script>\n<!-- \/ Yoast SEO plugin. -->","yoast_head_json":{"title":"Copa Infantil movimenta campos do centro e interior de Estrela - Folha Popular","robots":{"index":"index","follow":"follow","max-snippet":"max-snippet:-1","max-image-preview":"max-image-preview:large","max-video-preview":"max-video-preview:-1"},"canonical":"https:\/\/folhapopular.info\/index.php\/2022\/07\/19\/copa-infantil-movimenta-campos-do-centro-e-interior-de-estrela\/","og_locale":"pt_BR","og_type":"article","og_title":"Copa Infantil movimenta campos do centro e interior de Estrela - Folha Popular","og_description":"Cerca de 600 atletas \u2013 entre 9 e 14 anos \u2013 de 30 times e 12 clubes de todo o Estado disputam a 1\u00aa Copa Cidade de Estrela de Futebol Infantil. A abertura da competi\u00e7\u00e3o ocorreu na noite dessa segunda-feira (18\/7), na sede campestre da Soges, em Estrela. A competi\u00e7\u00e3o prossegue com jogos di\u00e1rios na [&hellip;]","og_url":"https:\/\/folhapopular.info\/index.php\/2022\/07\/19\/copa-infantil-movimenta-campos-do-centro-e-interior-de-estrela\/","og_site_name":"Folha Popular","article_published_time":"2022-07-19T20:06:38+00:00","article_modified_time":"2022-07-19T20:07:00+00:00","og_image":[{"width":1200,"height":540,"url":"http:\/\/folhapopular.info\/wp-content\/uploads\/2022\/07\/2022_07_19_Copa_RG_DIV-scaled-e1658261131395.jpg","type":"image\/jpeg"}],"author":"Reda\u00e7\u00e3o Folha Popular","twitter_card":"summary_large_image","twitter_misc":{"Escrito por":"Reda\u00e7\u00e3o Folha Popular","Est. tempo de leitura":"3 minutos"},"schema":{"@context":"https:\/\/schema.org","@graph":[{"@type":"Article","@id":"https:\/\/folhapopular.info\/index.php\/2022\/07\/19\/copa-infantil-movimenta-campos-do-centro-e-interior-de-estrela\/#article","isPartOf":{"@id":"https:\/\/folhapopular.info\/index.php\/2022\/07\/19\/copa-infantil-movimenta-campos-do-centro-e-interior-de-estrela\/"},"author":{"name":"Reda\u00e7\u00e3o Folha Popular","@id":"https:\/\/folhapopular.info\/#\/schema\/person\/2814e8a0df7643585a9ca38bc6eb9d4b"},"headline":"Copa Infantil movimenta campos do centro e interior de Estrela","datePublished":"2022-07-19T20:06:38+00:00","dateModified":"2022-07-19T20:07:00+00:00","mainEntityOfPage":{"@id":"https:\/\/folhapopular.info\/index.php\/2022\/07\/19\/copa-infantil-movimenta-campos-do-centro-e-interior-de-estrela\/"},"wordCount":580,"commentCount":0,"image":{"@id":"https:\/\/folhapopular.info\/index.php\/2022\/07\/19\/copa-infantil-movimenta-campos-do-centro-e-interior-de-estrela\/#primaryimage"},"thumbnailUrl":"https:\/\/folhapopular.info\/wp-content\/uploads\/2022\/07\/2022_07_19_Copa_RG_DIV-scaled-e1658261131395.jpg","keywords":["Esporte","Estrela","Futebol"],"articleSection":["Esportes"],"inLanguage":"pt-BR","potentialAction":[{"@type":"CommentAction","name":"Comment","target":["https:\/\/folhapopular.info\/index.php\/2022\/07\/19\/copa-infantil-movimenta-campos-do-centro-e-interior-de-estrela\/#respond"]}]},{"@type":"WebPage","@id":"https:\/\/folhapopular.info\/index.php\/2022\/07\/19\/copa-infantil-movimenta-campos-do-centro-e-interior-de-estrela\/","url":"https:\/\/folhapopular.info\/index.php\/2022\/07\/19\/copa-infantil-movimenta-campos-do-centro-e-interior-de-estrela\/","name":"Copa Infantil movimenta campos do centro e interior de Estrela - Folha Popular","isPartOf":{"@id":"https:\/\/folhapopular.info\/#website"},"primaryImageOfPage":{"@id":"https:\/\/folhapopular.info\/index.php\/2022\/07\/19\/copa-infantil-movimenta-campos-do-centro-e-interior-de-estrela\/#primaryimage"},"image":{"@id":"https:\/\/folhapopular.info\/index.php\/2022\/07\/19\/copa-infantil-movimenta-campos-do-centro-e-interior-de-estrela\/#primaryimage"},"thumbnailUrl":"https:\/\/folhapopular.info\/wp-content\/uploads\/2022\/07\/2022_07_19_Copa_RG_DIV-scaled-e1658261131395.jpg","datePublished":"2022-07-19T20:06:38+00:00","dateModified":"2022-07-19T20:07:00+00:00","author":{"@id":"https:\/\/folhapopular.info\/#\/schema\/person\/2814e8a0df7643585a9ca38bc6eb9d4b"},"breadcrumb":{"@id":"https:\/\/folhapopular.info\/index.php\/2022\/07\/19\/copa-infantil-movimenta-campos-do-centro-e-interior-de-estrela\/#breadcrumb"},"inLanguage":"pt-BR","potentialAction":[{"@type":"ReadAction","target":["https:\/\/folhapopular.info\/index.php\/2022\/07\/19\/copa-infantil-movimenta-campos-do-centro-e-interior-de-estrela\/"]}]},{"@type":"ImageObject","inLanguage":"pt-BR","@id":"https:\/\/folhapopular.info\/index.php\/2022\/07\/19\/copa-infantil-movimenta-campos-do-centro-e-interior-de-estrela\/#primaryimage","url":"https:\/\/folhapopular.info\/wp-content\/uploads\/2022\/07\/2022_07_19_Copa_RG_DIV-scaled-e1658261131395.jpg","contentUrl":"https:\/\/folhapopular.info\/wp-content\/uploads\/2022\/07\/2022_07_19_Copa_RG_DIV-scaled-e1658261131395.jpg","width":1200,"height":540,"caption":"Partidas ocorrem at\u00e9 s\u00e1bado (23\/7) em diversos gramados \/ Cr\u00e9dito: Rodrigo Angeli \/ Divulga\u00e7\u00e3o"},{"@type":"BreadcrumbList","@id":"https:\/\/folhapopular.info\/index.php\/2022\/07\/19\/copa-infantil-movimenta-campos-do-centro-e-interior-de-estrela\/#breadcrumb","itemListElement":[{"@type":"ListItem","position":1,"name":"In\u00edcio","item":"https:\/\/folhapopular.info\/"},{"@type":"ListItem","position":2,"name":"Copa Infantil movimenta campos do centro e interior de Estrela"}]},{"@type":"WebSite","@id":"https:\/\/folhapopular.info\/#website","url":"https:\/\/folhapopular.info\/","name":"Folha Popular","description":"Onde voc\u00ea tem vez e voz","potentialAction":[{"@type":"SearchAction","target":{"@type":"EntryPoint","urlTemplate":"https:\/\/folhapopular.info\/?s={search_term_string}"},"query-input":{"@type":"PropertyValueSpecification","valueRequired":true,"valueName":"search_term_string"}}],"inLanguage":"pt-BR"},{"@type":"Person","@id":"https:\/\/folhapopular.info\/#\/schema\/person\/2814e8a0df7643585a9ca38bc6eb9d4b","name":"Reda\u00e7\u00e3o Folha Popular","image":{"@type":"ImageObject","inLanguage":"pt-BR","@id":"https:\/\/folhapopular.info\/wp-content\/uploads\/2026\/04\/Folha-1.webp","url":"https:\/\/folhapopular.info\/wp-content\/uploads\/2026\/04\/Folha-1.webp","contentUrl":"https:\/\/folhapopular.info\/wp-content\/uploads\/2026\/04\/Folha-1.webp","caption":"Reda\u00e7\u00e3o Folha Popular"},"url":"https:\/\/folhapopular.info\/index.php\/author\/redacao\/"}]}},"jetpack_featured_media_url":"https:\/\/folhapopular.info\/wp-content\/uploads\/2022\/07\/2022_07_19_Copa_RG_DIV-scaled-e1658261131395.jpg","jetpack_sharing_enabled":true,"amp_enabled":true,"_links":{"self":[{"href":"https:\/\/folhapopular.info\/index.php\/wp-json\/wp\/v2\/posts\/109034","targetHints":{"allow":["GET"]}}],"collection":[{"href":"https:\/\/folhapopular.info\/index.php\/wp-json\/wp\/v2\/posts"}],"about":[{"href":"https:\/\/folhapopular.info\/index.php\/wp-json\/wp\/v2\/types\/post"}],"author":[{"embeddable":true,"href":"https:\/\/folhapopular.info\/index.php\/wp-json\/wp\/v2\/users\/8"}],"replies":[{"embeddable":true,"href":"https:\/\/folhapopular.info\/index.php\/wp-json\/wp\/v2\/comments?post=109034"}],"version-history":[{"count":0,"href":"https:\/\/folhapopular.info\/index.php\/wp-json\/wp\/v2\/posts\/109034\/revisions"}],"wp:featuredmedia":[{"embeddable":true,"href":"https:\/\/folhapopular.info\/index.php\/wp-json\/wp\/v2\/media\/109038"}],"wp:attachment":[{"href":"https:\/\/folhapopular.info\/index.php\/wp-json\/wp\/v2\/media?parent=109034"}],"wp:term":[{"taxonomy":"category","embeddable":true,"href":"https:\/\/folhapopular.info\/index.php\/wp-json\/wp\/v2\/categories?post=109034"},{"taxonomy":"post_tag","embeddable":true,"href":"https:\/\/folhapopular.info\/index.php\/wp-json\/wp\/v2\/tags?post=109034"}],"curies":[{"name":"wp","href":"https:\/\/api.w.org\/{rel}","templated":true}]}}