{"id":109036,"date":"2022-07-19T17:25:19","date_gmt":"2022-07-19T20:25:19","guid":{"rendered":"https:\/\/folhapopular.info\/?p=109036"},"modified":"2022-07-19T17:25:21","modified_gmt":"2022-07-19T20:25:21","slug":"sorteio-do-agrocenter-da-languiru-premia-clientes-e-associados","status":"publish","type":"post","link":"https:\/\/folhapopular.info\/index.php\/2022\/07\/19\/sorteio-do-agrocenter-da-languiru-premia-clientes-e-associados\/","title":{"rendered":"Sorteio do Agrocenter da Languiru premia clientes e associados"},"content":{"rendered":"\n<p>No dia 18 de julho ocorreu o sorteio da campanha Agrocenter Languiru \u2013 12 Anos. Aberto ao p\u00fablico, o evento foi acompanhado por clientes e funcion\u00e1rios das lojas. A programa\u00e7\u00e3o tamb\u00e9m contou com apresenta\u00e7\u00e3o da Orquestra Jovem Languiru (Ojolan). O sorteio tamb\u00e9m foi prestigiado pela Dire\u00e7\u00e3o e Conselho Fiscal da Cooperativa. Toda a programa\u00e7\u00e3o transcorreu no Agrocenter Languiru \u2013 Insumos, do Bairro Languiru, em Teut\u00f4nia.<\/p>\n\n\n\n<p><strong>Premiados:<br><\/strong>1\u00ba pr\u00eamio &#8211; motocicleta Honda CG 160 Start<br>associado Jo\u00e3o Gr\u00e4ff, munic\u00edpio de Arroio do Meio;<br>2\u00ba pr\u00eamio &#8211; geladeira de bebidas VENAX 300 litros<br>Mar\u00e7al Jos\u00e9 Traesel, munic\u00edpio de Vera Cruz;<br>3\u00ba pr\u00eamio &#8211; Smart TV Philips LED 50 polegadas UHD 4K<br>Orni No\u00e9, Linha Boa Vista Fundos, munic\u00edpio de Teut\u00f4nia.<\/p>\n\n\n\n<p><strong>Expandindo perspectivas<\/strong><br>O presidente da Languiru, Dirceu Bayer, enalteceu a diversidade de produtos e servi\u00e7os oferecidos pelas lojas Agrocenter. Ressaltou a assertividade do conceito que une Supermercados Languiru e lojas Agrocenter. \u201cEstamos indo para outras regi\u00f5es e a expectativa de aumentar os neg\u00f3cios \u00e9 muito grande\u201d, comemorou.<\/p>\n\n\n\n<figure class=\"wp-block-image size-large is-resized is-style-rounded\"><img loading=\"lazy\" decoding=\"async\" src=\"https:\/\/folhapopular.info\/wp-content\/uploads\/2022\/07\/DSC_4687-JORNAL-1024x846.jpg\" alt=\"\" class=\"wp-image-109053\" width=\"247\" height=\"192\"\/><figcaption><strong>Dirceu Bayer<\/strong><\/figcaption><\/figure>\n\n\n\n<p>Tamb\u00e9m elogiou a apresenta\u00e7\u00e3o da Ojolan, projeto que visa desenvolver crian\u00e7as e adolescentes por meio da m\u00fasica. \u201cConfesso que fiquei empolgado com a apresenta\u00e7\u00e3o da Orquestra. S\u00e3o meninos e meninas que demonstram ter a m\u00fasica no DNA&#8221;, observou.<\/p>\n\n\n\n<figure class=\"wp-block-gallery has-nested-images columns-default is-cropped wp-block-gallery-1 is-layout-flex wp-block-gallery-is-layout-flex\">\n<figure class=\"wp-block-image size-large\"><img loading=\"lazy\" decoding=\"async\" width=\"1024\" height=\"683\" data-id=\"109048\" src=\"https:\/\/folhapopular.info\/wp-content\/uploads\/2022\/07\/DSC_4670-JORNAL-1024x683.jpg\" alt=\"\" class=\"wp-image-109048\" srcset=\"https:\/\/folhapopular.info\/wp-content\/uploads\/2022\/07\/DSC_4670-JORNAL-1024x683.jpg 1024w, https:\/\/folhapopular.info\/wp-content\/uploads\/2022\/07\/DSC_4670-JORNAL-300x200.jpg 300w, https:\/\/folhapopular.info\/wp-content\/uploads\/2022\/07\/DSC_4670-JORNAL-768x512.jpg 768w, https:\/\/folhapopular.info\/wp-content\/uploads\/2022\/07\/DSC_4670-JORNAL-1536x1024.jpg 1536w, https:\/\/folhapopular.info\/wp-content\/uploads\/2022\/07\/DSC_4670-JORNAL-2048x1365.jpg 2048w, https:\/\/folhapopular.info\/wp-content\/uploads\/2022\/07\/DSC_4670-JORNAL-696x464.jpg 696w, https:\/\/folhapopular.info\/wp-content\/uploads\/2022\/07\/DSC_4670-JORNAL-1068x712.jpg 1068w, https:\/\/folhapopular.info\/wp-content\/uploads\/2022\/07\/DSC_4670-JORNAL-1920x1280.jpg 1920w\" sizes=\"auto, (max-width: 1024px) 100vw, 1024px\" \/><\/figure>\n\n\n\n<figure class=\"wp-block-image size-large\"><img loading=\"lazy\" decoding=\"async\" width=\"1024\" height=\"683\" data-id=\"109050\" src=\"https:\/\/folhapopular.info\/wp-content\/uploads\/2022\/07\/DSC_4642-JORNAL-1024x683.jpg\" alt=\"\" class=\"wp-image-109050\" srcset=\"https:\/\/folhapopular.info\/wp-content\/uploads\/2022\/07\/DSC_4642-JORNAL-1024x683.jpg 1024w, https:\/\/folhapopular.info\/wp-content\/uploads\/2022\/07\/DSC_4642-JORNAL-300x200.jpg 300w, https:\/\/folhapopular.info\/wp-content\/uploads\/2022\/07\/DSC_4642-JORNAL-768x512.jpg 768w, https:\/\/folhapopular.info\/wp-content\/uploads\/2022\/07\/DSC_4642-JORNAL-1536x1024.jpg 1536w, https:\/\/folhapopular.info\/wp-content\/uploads\/2022\/07\/DSC_4642-JORNAL-2048x1365.jpg 2048w, https:\/\/folhapopular.info\/wp-content\/uploads\/2022\/07\/DSC_4642-JORNAL-696x464.jpg 696w, https:\/\/folhapopular.info\/wp-content\/uploads\/2022\/07\/DSC_4642-JORNAL-1068x712.jpg 1068w, https:\/\/folhapopular.info\/wp-content\/uploads\/2022\/07\/DSC_4642-JORNAL-1920x1280.jpg 1920w\" sizes=\"auto, (max-width: 1024px) 100vw, 1024px\" \/><\/figure>\n<\/figure>\n\n\n\n<p><strong>Um dia especial<\/strong><br>O gerente das lojas Agrocenter Languiru, Martin Fernando Brackmann, mencionou as atividades do cronograma de anivers\u00e1rio de 12 anos do Agrocenter. Destacou o conjunto de a\u00e7\u00f5es sociais e ambientais executadas ao longo dos \u00faltimos tr\u00eas meses.<\/p>\n\n\n\n<p>Brackmann agradeceu o apoio e dedica\u00e7\u00e3o de todos. &#8220;A nossa campanha resultou em grandes neg\u00f3cios e num legado para a sociedade. Foi um sucesso\u201d, afirmou.\u00a0 Ainda observou que, no dia do sorteio, os clientes encontraram dezenas de produtos em condi\u00e7\u00f5es especiais de aquisi\u00e7\u00e3o.<\/p>\n\n\n\n<figure class=\"wp-block-image size-large is-resized is-style-rounded\"><img decoding=\"async\" src=\"https:\/\/folhapopular.info\/wp-content\/uploads\/2022\/07\/DSC_4681-JORNAL-edited-scaled.jpg\" alt=\"\" class=\"wp-image-109052\" width=\"263\" srcset=\"https:\/\/folhapopular.info\/wp-content\/uploads\/2022\/07\/DSC_4681-JORNAL-edited-scaled.jpg 2560w, https:\/\/folhapopular.info\/wp-content\/uploads\/2022\/07\/DSC_4681-JORNAL-edited-300x260.jpg 300w, https:\/\/folhapopular.info\/wp-content\/uploads\/2022\/07\/DSC_4681-JORNAL-edited-1024x887.jpg 1024w, https:\/\/folhapopular.info\/wp-content\/uploads\/2022\/07\/DSC_4681-JORNAL-edited-768x665.jpg 768w, https:\/\/folhapopular.info\/wp-content\/uploads\/2022\/07\/DSC_4681-JORNAL-edited-1536x1331.jpg 1536w, https:\/\/folhapopular.info\/wp-content\/uploads\/2022\/07\/DSC_4681-JORNAL-edited-2048x1774.jpg 2048w, https:\/\/folhapopular.info\/wp-content\/uploads\/2022\/07\/DSC_4681-JORNAL-edited-696x603.jpg 696w, https:\/\/folhapopular.info\/wp-content\/uploads\/2022\/07\/DSC_4681-JORNAL-edited-1068x925.jpg 1068w, https:\/\/folhapopular.info\/wp-content\/uploads\/2022\/07\/DSC_4681-JORNAL-edited-1920x1664.jpg 1920w\" sizes=\"(max-width: 2560px) 100vw, 2560px\" \/><figcaption><strong>Martin Fernando Brackmann<\/strong><\/figcaption><\/figure>\n\n\n\n<p><strong>A campanha<\/strong><br>A promo\u00e7\u00e3o iniciou no dia 9 de maio e se estendeu at\u00e9 o dia 17 de julho. Mais de 60 mil cautelas concorreram aos tr\u00eas pr\u00eamios da campanha que envolveu as lojas Agrocenter Languiru de Teut\u00f4nia (Bairro Languiru &#8211; Insumos e Bazar e Bairro Canabarro), Arroio do Meio, Cruzeiro do Sul, Estrela, Lajeado, Po\u00e7o das Antas, S\u00e3o Louren\u00e7o do Sul e Ven\u00e2ncio Aires. A cada R$ 100,00 em compras era gerado um cupom eletr\u00f4nico para concorrer ao sorteio.<\/p>\n","protected":false},"excerpt":{"rendered":"<p>No dia 18 de julho ocorreu o sorteio da campanha Agrocenter Languiru \u2013 12 Anos. Aberto ao p\u00fablico, o evento foi acompanhado por clientes e funcion\u00e1rios das lojas. A programa\u00e7\u00e3o tamb\u00e9m contou com apresenta\u00e7\u00e3o da Orquestra Jovem Languiru (Ojolan). O sorteio tamb\u00e9m foi prestigiado pela Dire\u00e7\u00e3o e Conselho Fiscal da Cooperativa. Toda a programa\u00e7\u00e3o transcorreu [&hellip;]<\/p>\n","protected":false},"author":8,"featured_media":109047,"comment_status":"open","ping_status":"open","sticky":false,"template":"","format":"standard","meta":{"pmpro_default_level":"","_jetpack_memberships_contains_paid_content":false,"footnotes":""},"categories":[2,3],"tags":[626,127,1524,603,26],"class_list":{"0":"post-109036","1":"post","2":"type-post","3":"status-publish","4":"format-standard","5":"has-post-thumbnail","7":"category-featured","8":"category-geral","9":"tag-agrocenter-languiru","10":"tag-cooperativa","11":"tag-premios","12":"tag-sorteio","13":"tag-teutonia","14":"pmpro-has-access"},"yoast_head":"<!-- This site is optimized with the Yoast SEO plugin v27.5 - https:\/\/yoast.com\/product\/yoast-seo-wordpress\/ -->\n<title>Sorteio do Agrocenter da Languiru premia clientes e associados - Folha Popular<\/title>\n<meta name=\"robots\" content=\"index, follow, max-snippet:-1, max-image-preview:large, max-video-preview:-1\" \/>\n<link rel=\"canonical\" href=\"https:\/\/folhapopular.info\/index.php\/2022\/07\/19\/sorteio-do-agrocenter-da-languiru-premia-clientes-e-associados\/\" \/>\n<meta property=\"og:locale\" content=\"pt_BR\" \/>\n<meta property=\"og:type\" content=\"article\" \/>\n<meta property=\"og:title\" content=\"Sorteio do Agrocenter da Languiru premia clientes e associados - Folha Popular\" \/>\n<meta property=\"og:description\" content=\"No dia 18 de julho ocorreu o sorteio da campanha Agrocenter Languiru \u2013 12 Anos. Aberto ao p\u00fablico, o evento foi acompanhado por clientes e funcion\u00e1rios das lojas. A programa\u00e7\u00e3o tamb\u00e9m contou com apresenta\u00e7\u00e3o da Orquestra Jovem Languiru (Ojolan). O sorteio tamb\u00e9m foi prestigiado pela Dire\u00e7\u00e3o e Conselho Fiscal da Cooperativa. Toda a programa\u00e7\u00e3o transcorreu [&hellip;]\" \/>\n<meta property=\"og:url\" content=\"https:\/\/folhapopular.info\/index.php\/2022\/07\/19\/sorteio-do-agrocenter-da-languiru-premia-clientes-e-associados\/\" \/>\n<meta property=\"og:site_name\" content=\"Folha Popular\" \/>\n<meta property=\"article:published_time\" content=\"2022-07-19T20:25:19+00:00\" \/>\n<meta property=\"article:modified_time\" content=\"2022-07-19T20:25:21+00:00\" \/>\n<meta property=\"og:image\" content=\"http:\/\/folhapopular.info\/wp-content\/uploads\/2022\/07\/DSC_4709-JORNAL-scaled-e1658261950240.jpg\" \/>\n\t<meta property=\"og:image:width\" content=\"1200\" \/>\n\t<meta property=\"og:image:height\" content=\"800\" \/>\n\t<meta property=\"og:image:type\" content=\"image\/jpeg\" \/>\n<meta name=\"author\" content=\"Reda\u00e7\u00e3o Folha Popular\" \/>\n<meta name=\"twitter:card\" content=\"summary_large_image\" \/>\n<meta name=\"twitter:label1\" content=\"Escrito por\" \/>\n\t<meta name=\"twitter:data1\" content=\"Reda\u00e7\u00e3o Folha Popular\" \/>\n\t<meta name=\"twitter:label2\" content=\"Est. tempo de leitura\" \/>\n\t<meta name=\"twitter:data2\" content=\"3 minutos\" \/>\n<script type=\"application\/ld+json\" class=\"yoast-schema-graph\">{\"@context\":\"https:\\\/\\\/schema.org\",\"@graph\":[{\"@type\":\"Article\",\"@id\":\"https:\\\/\\\/folhapopular.info\\\/index.php\\\/2022\\\/07\\\/19\\\/sorteio-do-agrocenter-da-languiru-premia-clientes-e-associados\\\/#article\",\"isPartOf\":{\"@id\":\"https:\\\/\\\/folhapopular.info\\\/index.php\\\/2022\\\/07\\\/19\\\/sorteio-do-agrocenter-da-languiru-premia-clientes-e-associados\\\/\"},\"author\":{\"name\":\"Reda\u00e7\u00e3o Folha Popular\",\"@id\":\"https:\\\/\\\/folhapopular.info\\\/#\\\/schema\\\/person\\\/2814e8a0df7643585a9ca38bc6eb9d4b\"},\"headline\":\"Sorteio do Agrocenter da Languiru premia clientes e associados\",\"datePublished\":\"2022-07-19T20:25:19+00:00\",\"dateModified\":\"2022-07-19T20:25:21+00:00\",\"mainEntityOfPage\":{\"@id\":\"https:\\\/\\\/folhapopular.info\\\/index.php\\\/2022\\\/07\\\/19\\\/sorteio-do-agrocenter-da-languiru-premia-clientes-e-associados\\\/\"},\"wordCount\":405,\"commentCount\":0,\"image\":{\"@id\":\"https:\\\/\\\/folhapopular.info\\\/index.php\\\/2022\\\/07\\\/19\\\/sorteio-do-agrocenter-da-languiru-premia-clientes-e-associados\\\/#primaryimage\"},\"thumbnailUrl\":\"https:\\\/\\\/folhapopular.info\\\/wp-content\\\/uploads\\\/2022\\\/07\\\/DSC_4709-JORNAL-scaled-e1658261950240.jpg\",\"keywords\":[\"Agrocenter Languiru\",\"Cooperativa\",\"Pr\u00eamios\",\"Sorteio\",\"Teut\u00f4nia\"],\"articleSection\":[\"Destaques\",\"Geral\"],\"inLanguage\":\"pt-BR\",\"potentialAction\":[{\"@type\":\"CommentAction\",\"name\":\"Comment\",\"target\":[\"https:\\\/\\\/folhapopular.info\\\/index.php\\\/2022\\\/07\\\/19\\\/sorteio-do-agrocenter-da-languiru-premia-clientes-e-associados\\\/#respond\"]}]},{\"@type\":\"WebPage\",\"@id\":\"https:\\\/\\\/folhapopular.info\\\/index.php\\\/2022\\\/07\\\/19\\\/sorteio-do-agrocenter-da-languiru-premia-clientes-e-associados\\\/\",\"url\":\"https:\\\/\\\/folhapopular.info\\\/index.php\\\/2022\\\/07\\\/19\\\/sorteio-do-agrocenter-da-languiru-premia-clientes-e-associados\\\/\",\"name\":\"Sorteio do Agrocenter da Languiru premia clientes e associados - Folha Popular\",\"isPartOf\":{\"@id\":\"https:\\\/\\\/folhapopular.info\\\/#website\"},\"primaryImageOfPage\":{\"@id\":\"https:\\\/\\\/folhapopular.info\\\/index.php\\\/2022\\\/07\\\/19\\\/sorteio-do-agrocenter-da-languiru-premia-clientes-e-associados\\\/#primaryimage\"},\"image\":{\"@id\":\"https:\\\/\\\/folhapopular.info\\\/index.php\\\/2022\\\/07\\\/19\\\/sorteio-do-agrocenter-da-languiru-premia-clientes-e-associados\\\/#primaryimage\"},\"thumbnailUrl\":\"https:\\\/\\\/folhapopular.info\\\/wp-content\\\/uploads\\\/2022\\\/07\\\/DSC_4709-JORNAL-scaled-e1658261950240.jpg\",\"datePublished\":\"2022-07-19T20:25:19+00:00\",\"dateModified\":\"2022-07-19T20:25:21+00:00\",\"author\":{\"@id\":\"https:\\\/\\\/folhapopular.info\\\/#\\\/schema\\\/person\\\/2814e8a0df7643585a9ca38bc6eb9d4b\"},\"breadcrumb\":{\"@id\":\"https:\\\/\\\/folhapopular.info\\\/index.php\\\/2022\\\/07\\\/19\\\/sorteio-do-agrocenter-da-languiru-premia-clientes-e-associados\\\/#breadcrumb\"},\"inLanguage\":\"pt-BR\",\"potentialAction\":[{\"@type\":\"ReadAction\",\"target\":[\"https:\\\/\\\/folhapopular.info\\\/index.php\\\/2022\\\/07\\\/19\\\/sorteio-do-agrocenter-da-languiru-premia-clientes-e-associados\\\/\"]}]},{\"@type\":\"ImageObject\",\"inLanguage\":\"pt-BR\",\"@id\":\"https:\\\/\\\/folhapopular.info\\\/index.php\\\/2022\\\/07\\\/19\\\/sorteio-do-agrocenter-da-languiru-premia-clientes-e-associados\\\/#primaryimage\",\"url\":\"https:\\\/\\\/folhapopular.info\\\/wp-content\\\/uploads\\\/2022\\\/07\\\/DSC_4709-JORNAL-scaled-e1658261950240.jpg\",\"contentUrl\":\"https:\\\/\\\/folhapopular.info\\\/wp-content\\\/uploads\\\/2022\\\/07\\\/DSC_4709-JORNAL-scaled-e1658261950240.jpg\",\"width\":1200,\"height\":800,\"caption\":\"Mais de 60 mil cautelas concorreram aos pr\u00eamios da campanha \\\/ Cr\u00e9dito: \u00c9derson Mois\u00e9s K\u00e4fer \\\/ Divulga\u00e7\u00e3o\"},{\"@type\":\"BreadcrumbList\",\"@id\":\"https:\\\/\\\/folhapopular.info\\\/index.php\\\/2022\\\/07\\\/19\\\/sorteio-do-agrocenter-da-languiru-premia-clientes-e-associados\\\/#breadcrumb\",\"itemListElement\":[{\"@type\":\"ListItem\",\"position\":1,\"name\":\"In\u00edcio\",\"item\":\"https:\\\/\\\/folhapopular.info\\\/\"},{\"@type\":\"ListItem\",\"position\":2,\"name\":\"Sorteio do Agrocenter da Languiru premia clientes e associados\"}]},{\"@type\":\"WebSite\",\"@id\":\"https:\\\/\\\/folhapopular.info\\\/#website\",\"url\":\"https:\\\/\\\/folhapopular.info\\\/\",\"name\":\"Folha Popular\",\"description\":\"Onde voc\u00ea tem vez e voz\",\"potentialAction\":[{\"@type\":\"SearchAction\",\"target\":{\"@type\":\"EntryPoint\",\"urlTemplate\":\"https:\\\/\\\/folhapopular.info\\\/?s={search_term_string}\"},\"query-input\":{\"@type\":\"PropertyValueSpecification\",\"valueRequired\":true,\"valueName\":\"search_term_string\"}}],\"inLanguage\":\"pt-BR\"},{\"@type\":\"Person\",\"@id\":\"https:\\\/\\\/folhapopular.info\\\/#\\\/schema\\\/person\\\/2814e8a0df7643585a9ca38bc6eb9d4b\",\"name\":\"Reda\u00e7\u00e3o Folha Popular\",\"image\":{\"@type\":\"ImageObject\",\"inLanguage\":\"pt-BR\",\"@id\":\"https:\\\/\\\/folhapopular.info\\\/wp-content\\\/uploads\\\/2026\\\/04\\\/Folha-1.webp\",\"url\":\"https:\\\/\\\/folhapopular.info\\\/wp-content\\\/uploads\\\/2026\\\/04\\\/Folha-1.webp\",\"contentUrl\":\"https:\\\/\\\/folhapopular.info\\\/wp-content\\\/uploads\\\/2026\\\/04\\\/Folha-1.webp\",\"caption\":\"Reda\u00e7\u00e3o Folha Popular\"},\"url\":\"https:\\\/\\\/folhapopular.info\\\/index.php\\\/author\\\/redacao\\\/\"}]}<\/script>\n<!-- \/ Yoast SEO plugin. -->","yoast_head_json":{"title":"Sorteio do Agrocenter da Languiru premia clientes e associados - Folha Popular","robots":{"index":"index","follow":"follow","max-snippet":"max-snippet:-1","max-image-preview":"max-image-preview:large","max-video-preview":"max-video-preview:-1"},"canonical":"https:\/\/folhapopular.info\/index.php\/2022\/07\/19\/sorteio-do-agrocenter-da-languiru-premia-clientes-e-associados\/","og_locale":"pt_BR","og_type":"article","og_title":"Sorteio do Agrocenter da Languiru premia clientes e associados - Folha Popular","og_description":"No dia 18 de julho ocorreu o sorteio da campanha Agrocenter Languiru \u2013 12 Anos. Aberto ao p\u00fablico, o evento foi acompanhado por clientes e funcion\u00e1rios das lojas. A programa\u00e7\u00e3o tamb\u00e9m contou com apresenta\u00e7\u00e3o da Orquestra Jovem Languiru (Ojolan). O sorteio tamb\u00e9m foi prestigiado pela Dire\u00e7\u00e3o e Conselho Fiscal da Cooperativa. Toda a programa\u00e7\u00e3o transcorreu [&hellip;]","og_url":"https:\/\/folhapopular.info\/index.php\/2022\/07\/19\/sorteio-do-agrocenter-da-languiru-premia-clientes-e-associados\/","og_site_name":"Folha Popular","article_published_time":"2022-07-19T20:25:19+00:00","article_modified_time":"2022-07-19T20:25:21+00:00","og_image":[{"width":1200,"height":800,"url":"http:\/\/folhapopular.info\/wp-content\/uploads\/2022\/07\/DSC_4709-JORNAL-scaled-e1658261950240.jpg","type":"image\/jpeg"}],"author":"Reda\u00e7\u00e3o Folha Popular","twitter_card":"summary_large_image","twitter_misc":{"Escrito por":"Reda\u00e7\u00e3o Folha Popular","Est. tempo de leitura":"3 minutos"},"schema":{"@context":"https:\/\/schema.org","@graph":[{"@type":"Article","@id":"https:\/\/folhapopular.info\/index.php\/2022\/07\/19\/sorteio-do-agrocenter-da-languiru-premia-clientes-e-associados\/#article","isPartOf":{"@id":"https:\/\/folhapopular.info\/index.php\/2022\/07\/19\/sorteio-do-agrocenter-da-languiru-premia-clientes-e-associados\/"},"author":{"name":"Reda\u00e7\u00e3o Folha Popular","@id":"https:\/\/folhapopular.info\/#\/schema\/person\/2814e8a0df7643585a9ca38bc6eb9d4b"},"headline":"Sorteio do Agrocenter da Languiru premia clientes e associados","datePublished":"2022-07-19T20:25:19+00:00","dateModified":"2022-07-19T20:25:21+00:00","mainEntityOfPage":{"@id":"https:\/\/folhapopular.info\/index.php\/2022\/07\/19\/sorteio-do-agrocenter-da-languiru-premia-clientes-e-associados\/"},"wordCount":405,"commentCount":0,"image":{"@id":"https:\/\/folhapopular.info\/index.php\/2022\/07\/19\/sorteio-do-agrocenter-da-languiru-premia-clientes-e-associados\/#primaryimage"},"thumbnailUrl":"https:\/\/folhapopular.info\/wp-content\/uploads\/2022\/07\/DSC_4709-JORNAL-scaled-e1658261950240.jpg","keywords":["Agrocenter Languiru","Cooperativa","Pr\u00eamios","Sorteio","Teut\u00f4nia"],"articleSection":["Destaques","Geral"],"inLanguage":"pt-BR","potentialAction":[{"@type":"CommentAction","name":"Comment","target":["https:\/\/folhapopular.info\/index.php\/2022\/07\/19\/sorteio-do-agrocenter-da-languiru-premia-clientes-e-associados\/#respond"]}]},{"@type":"WebPage","@id":"https:\/\/folhapopular.info\/index.php\/2022\/07\/19\/sorteio-do-agrocenter-da-languiru-premia-clientes-e-associados\/","url":"https:\/\/folhapopular.info\/index.php\/2022\/07\/19\/sorteio-do-agrocenter-da-languiru-premia-clientes-e-associados\/","name":"Sorteio do Agrocenter da Languiru premia clientes e associados - Folha Popular","isPartOf":{"@id":"https:\/\/folhapopular.info\/#website"},"primaryImageOfPage":{"@id":"https:\/\/folhapopular.info\/index.php\/2022\/07\/19\/sorteio-do-agrocenter-da-languiru-premia-clientes-e-associados\/#primaryimage"},"image":{"@id":"https:\/\/folhapopular.info\/index.php\/2022\/07\/19\/sorteio-do-agrocenter-da-languiru-premia-clientes-e-associados\/#primaryimage"},"thumbnailUrl":"https:\/\/folhapopular.info\/wp-content\/uploads\/2022\/07\/DSC_4709-JORNAL-scaled-e1658261950240.jpg","datePublished":"2022-07-19T20:25:19+00:00","dateModified":"2022-07-19T20:25:21+00:00","author":{"@id":"https:\/\/folhapopular.info\/#\/schema\/person\/2814e8a0df7643585a9ca38bc6eb9d4b"},"breadcrumb":{"@id":"https:\/\/folhapopular.info\/index.php\/2022\/07\/19\/sorteio-do-agrocenter-da-languiru-premia-clientes-e-associados\/#breadcrumb"},"inLanguage":"pt-BR","potentialAction":[{"@type":"ReadAction","target":["https:\/\/folhapopular.info\/index.php\/2022\/07\/19\/sorteio-do-agrocenter-da-languiru-premia-clientes-e-associados\/"]}]},{"@type":"ImageObject","inLanguage":"pt-BR","@id":"https:\/\/folhapopular.info\/index.php\/2022\/07\/19\/sorteio-do-agrocenter-da-languiru-premia-clientes-e-associados\/#primaryimage","url":"https:\/\/folhapopular.info\/wp-content\/uploads\/2022\/07\/DSC_4709-JORNAL-scaled-e1658261950240.jpg","contentUrl":"https:\/\/folhapopular.info\/wp-content\/uploads\/2022\/07\/DSC_4709-JORNAL-scaled-e1658261950240.jpg","width":1200,"height":800,"caption":"Mais de 60 mil cautelas concorreram aos pr\u00eamios da campanha \/ Cr\u00e9dito: \u00c9derson Mois\u00e9s K\u00e4fer \/ Divulga\u00e7\u00e3o"},{"@type":"BreadcrumbList","@id":"https:\/\/folhapopular.info\/index.php\/2022\/07\/19\/sorteio-do-agrocenter-da-languiru-premia-clientes-e-associados\/#breadcrumb","itemListElement":[{"@type":"ListItem","position":1,"name":"In\u00edcio","item":"https:\/\/folhapopular.info\/"},{"@type":"ListItem","position":2,"name":"Sorteio do Agrocenter da Languiru premia clientes e associados"}]},{"@type":"WebSite","@id":"https:\/\/folhapopular.info\/#website","url":"https:\/\/folhapopular.info\/","name":"Folha Popular","description":"Onde voc\u00ea tem vez e voz","potentialAction":[{"@type":"SearchAction","target":{"@type":"EntryPoint","urlTemplate":"https:\/\/folhapopular.info\/?s={search_term_string}"},"query-input":{"@type":"PropertyValueSpecification","valueRequired":true,"valueName":"search_term_string"}}],"inLanguage":"pt-BR"},{"@type":"Person","@id":"https:\/\/folhapopular.info\/#\/schema\/person\/2814e8a0df7643585a9ca38bc6eb9d4b","name":"Reda\u00e7\u00e3o Folha Popular","image":{"@type":"ImageObject","inLanguage":"pt-BR","@id":"https:\/\/folhapopular.info\/wp-content\/uploads\/2026\/04\/Folha-1.webp","url":"https:\/\/folhapopular.info\/wp-content\/uploads\/2026\/04\/Folha-1.webp","contentUrl":"https:\/\/folhapopular.info\/wp-content\/uploads\/2026\/04\/Folha-1.webp","caption":"Reda\u00e7\u00e3o Folha Popular"},"url":"https:\/\/folhapopular.info\/index.php\/author\/redacao\/"}]}},"jetpack_featured_media_url":"https:\/\/folhapopular.info\/wp-content\/uploads\/2022\/07\/DSC_4709-JORNAL-scaled-e1658261950240.jpg","jetpack_sharing_enabled":true,"amp_enabled":true,"_links":{"self":[{"href":"https:\/\/folhapopular.info\/index.php\/wp-json\/wp\/v2\/posts\/109036","targetHints":{"allow":["GET"]}}],"collection":[{"href":"https:\/\/folhapopular.info\/index.php\/wp-json\/wp\/v2\/posts"}],"about":[{"href":"https:\/\/folhapopular.info\/index.php\/wp-json\/wp\/v2\/types\/post"}],"author":[{"embeddable":true,"href":"https:\/\/folhapopular.info\/index.php\/wp-json\/wp\/v2\/users\/8"}],"replies":[{"embeddable":true,"href":"https:\/\/folhapopular.info\/index.php\/wp-json\/wp\/v2\/comments?post=109036"}],"version-history":[{"count":0,"href":"https:\/\/folhapopular.info\/index.php\/wp-json\/wp\/v2\/posts\/109036\/revisions"}],"wp:featuredmedia":[{"embeddable":true,"href":"https:\/\/folhapopular.info\/index.php\/wp-json\/wp\/v2\/media\/109047"}],"wp:attachment":[{"href":"https:\/\/folhapopular.info\/index.php\/wp-json\/wp\/v2\/media?parent=109036"}],"wp:term":[{"taxonomy":"category","embeddable":true,"href":"https:\/\/folhapopular.info\/index.php\/wp-json\/wp\/v2\/categories?post=109036"},{"taxonomy":"post_tag","embeddable":true,"href":"https:\/\/folhapopular.info\/index.php\/wp-json\/wp\/v2\/tags?post=109036"}],"curies":[{"name":"wp","href":"https:\/\/api.w.org\/{rel}","templated":true}]}}