{"id":109112,"date":"2022-07-20T15:26:06","date_gmt":"2022-07-20T18:26:06","guid":{"rendered":"https:\/\/folhapopular.info\/?p=109112"},"modified":"2022-07-20T15:26:10","modified_gmt":"2022-07-20T18:26:10","slug":"feira-organica-do-sao-cristovao-inaugura-nesta-quinta-feira","status":"publish","type":"post","link":"https:\/\/folhapopular.info\/index.php\/2022\/07\/20\/feira-organica-do-sao-cristovao-inaugura-nesta-quinta-feira\/","title":{"rendered":"Feira Org\u00e2nica do S\u00e3o Crist\u00f3v\u00e3o inaugura nesta quinta-feira"},"content":{"rendered":"\n<p>A Prefeitura de Lajeado, em parceria com Emater\/RS-Ascar e a Articula\u00e7\u00e3o em Agroecologia do Vale do Taquari (AAVT), inaugura nesta quinta-feira (21\/7), a Feira Org\u00e2nica do S\u00e3o Crist\u00f3v\u00e3o, a partir das 14h30. A feira fica na rua Piau\u00ed, n\u00famero 275, mesmo local da antiga feira do bairro, e funcionar\u00e1 sempre nas quintas-feiras das 14h30 \u00e0s 17h30. <\/p>\n\n\n\n<p>Participam da feira os grupos Org\u00e2nicos do Vale, Defensores da Natureza e Agricultores Ecologistas da Forqueta; sendo seis fam\u00edlias de feirantes de Lajeado, Cruzeiro do Sul, Forquetinha e Arroio do Meio.<\/p>\n\n\n\n<p>A extensionista da Emater\/RS-Ascar, Andr\u00e9ia Binz Tonin, destaca que, no local, ser\u00e3o comercializadas principalmente verduras, legumes e frutas da \u00e9poca, al\u00e9m de produtos de agroind\u00fastrias familiares como aipim descascado, schmiers, mix de vegetais etc.. &#8220;Todos os alimentos s\u00e3o de cultivo nas propriedades, que integram os grupos de organismos de Controle Social (OCS) e Participativos de Avalia\u00e7\u00e3o de Conformidade (Opacs), estando certificados ou com declara\u00e7\u00e3o de concord\u00e2ncia com o Minist\u00e9rio da Agricultura, Pecu\u00e1ria e Abastecimento (Mapa)&#8221;, destaca.<\/p>\n\n\n\n<p>Andr\u00e9ia explica que os produtores agroecologistas n\u00e3o utilizam produtos qu\u00edmicos, agrot\u00f3xicos, drogas veterin\u00e1rias ou outros aditivos em nenhuma etapa da produ\u00e7\u00e3o. &#8220;Por esse sistema, o cultivo utiliza os fundamentos da agroecologia, onde se prima pela valoriza\u00e7\u00e3o da sa\u00fade das pessoas, pela preserva\u00e7\u00e3o da natureza e pela sustentabilidade&#8221;, explica.<\/p>\n\n\n\n<p><strong>Em novo local<\/strong><\/p>\n\n\n\n<p>A feira no S\u00e3o Crist\u00f3v\u00e3o substituir\u00e1 a atividade que era realizada na Univates, sendo esta uma oportunidade para ampliar a visibilidade e o acesso mais facilitado aos produtos da agricultura familiar pelos consumidores.<\/p>\n\n\n\n<p>A feira amplia a oferta de alimentos org\u00e2nicos no munic\u00edpio. Em Lajeado, a feira j\u00e1 ocorre todas as segundas-feiras \u00e0 tarde, \u00e0s 15h, na Pra\u00e7a Jo\u00e3o Zart Sobrinho (Pra\u00e7a do Papai Noel), no bairro Americano.<\/p>\n","protected":false},"excerpt":{"rendered":"<p>A Prefeitura de Lajeado, em parceria com Emater\/RS-Ascar e a Articula\u00e7\u00e3o em Agroecologia do Vale do Taquari (AAVT), inaugura nesta quinta-feira (21\/7), a Feira Org\u00e2nica do S\u00e3o Crist\u00f3v\u00e3o, a partir das 14h30. A feira fica na rua Piau\u00ed, n\u00famero 275, mesmo local da antiga feira do bairro, e funcionar\u00e1 sempre nas quintas-feiras das 14h30 \u00e0s [&hellip;]<\/p>\n","protected":false},"author":8,"featured_media":109113,"comment_status":"open","ping_status":"open","sticky":false,"template":"","format":"standard","meta":{"pmpro_default_level":"","_jetpack_memberships_contains_paid_content":false,"footnotes":""},"categories":[2,3],"tags":[27,156],"class_list":{"0":"post-109112","1":"post","2":"type-post","3":"status-publish","4":"format-standard","5":"has-post-thumbnail","7":"category-featured","8":"category-geral","9":"tag-lajeado","10":"tag-vale-do-taquari","11":"pmpro-has-access"},"yoast_head":"<!-- This site is optimized with the Yoast SEO plugin v27.5 - https:\/\/yoast.com\/product\/yoast-seo-wordpress\/ -->\n<title>Feira Org\u00e2nica do S\u00e3o Crist\u00f3v\u00e3o inaugura nesta quinta-feira - Folha Popular<\/title>\n<meta name=\"robots\" content=\"index, follow, max-snippet:-1, max-image-preview:large, max-video-preview:-1\" \/>\n<link rel=\"canonical\" href=\"https:\/\/folhapopular.info\/index.php\/2022\/07\/20\/feira-organica-do-sao-cristovao-inaugura-nesta-quinta-feira\/\" \/>\n<meta property=\"og:locale\" content=\"pt_BR\" \/>\n<meta property=\"og:type\" content=\"article\" \/>\n<meta property=\"og:title\" content=\"Feira Org\u00e2nica do S\u00e3o Crist\u00f3v\u00e3o inaugura nesta quinta-feira - Folha Popular\" \/>\n<meta property=\"og:description\" content=\"A Prefeitura de Lajeado, em parceria com Emater\/RS-Ascar e a Articula\u00e7\u00e3o em Agroecologia do Vale do Taquari (AAVT), inaugura nesta quinta-feira (21\/7), a Feira Org\u00e2nica do S\u00e3o Crist\u00f3v\u00e3o, a partir das 14h30. A feira fica na rua Piau\u00ed, n\u00famero 275, mesmo local da antiga feira do bairro, e funcionar\u00e1 sempre nas quintas-feiras das 14h30 \u00e0s [&hellip;]\" \/>\n<meta property=\"og:url\" content=\"https:\/\/folhapopular.info\/index.php\/2022\/07\/20\/feira-organica-do-sao-cristovao-inaugura-nesta-quinta-feira\/\" \/>\n<meta property=\"og:site_name\" content=\"Folha Popular\" \/>\n<meta property=\"article:published_time\" content=\"2022-07-20T18:26:06+00:00\" \/>\n<meta property=\"article:modified_time\" content=\"2022-07-20T18:26:10+00:00\" \/>\n<meta property=\"og:image\" content=\"http:\/\/folhapopular.info\/wp-content\/uploads\/2022\/07\/Inauguracao-Feira-Organica-card.jpeg\" \/>\n\t<meta property=\"og:image:width\" content=\"1280\" \/>\n\t<meta property=\"og:image:height\" content=\"1280\" \/>\n\t<meta property=\"og:image:type\" content=\"image\/jpeg\" \/>\n<meta name=\"author\" content=\"Reda\u00e7\u00e3o Folha Popular\" \/>\n<meta name=\"twitter:card\" content=\"summary_large_image\" \/>\n<meta name=\"twitter:label1\" content=\"Escrito por\" \/>\n\t<meta name=\"twitter:data1\" content=\"Reda\u00e7\u00e3o Folha Popular\" \/>\n\t<meta name=\"twitter:label2\" content=\"Est. tempo de leitura\" \/>\n\t<meta name=\"twitter:data2\" content=\"2 minutos\" \/>\n<script type=\"application\/ld+json\" class=\"yoast-schema-graph\">{\"@context\":\"https:\\\/\\\/schema.org\",\"@graph\":[{\"@type\":\"Article\",\"@id\":\"https:\\\/\\\/folhapopular.info\\\/index.php\\\/2022\\\/07\\\/20\\\/feira-organica-do-sao-cristovao-inaugura-nesta-quinta-feira\\\/#article\",\"isPartOf\":{\"@id\":\"https:\\\/\\\/folhapopular.info\\\/index.php\\\/2022\\\/07\\\/20\\\/feira-organica-do-sao-cristovao-inaugura-nesta-quinta-feira\\\/\"},\"author\":{\"name\":\"Reda\u00e7\u00e3o Folha Popular\",\"@id\":\"https:\\\/\\\/folhapopular.info\\\/#\\\/schema\\\/person\\\/2814e8a0df7643585a9ca38bc6eb9d4b\"},\"headline\":\"Feira Org\u00e2nica do S\u00e3o Crist\u00f3v\u00e3o inaugura nesta quinta-feira\",\"datePublished\":\"2022-07-20T18:26:06+00:00\",\"dateModified\":\"2022-07-20T18:26:10+00:00\",\"mainEntityOfPage\":{\"@id\":\"https:\\\/\\\/folhapopular.info\\\/index.php\\\/2022\\\/07\\\/20\\\/feira-organica-do-sao-cristovao-inaugura-nesta-quinta-feira\\\/\"},\"wordCount\":328,\"commentCount\":0,\"image\":{\"@id\":\"https:\\\/\\\/folhapopular.info\\\/index.php\\\/2022\\\/07\\\/20\\\/feira-organica-do-sao-cristovao-inaugura-nesta-quinta-feira\\\/#primaryimage\"},\"thumbnailUrl\":\"https:\\\/\\\/folhapopular.info\\\/wp-content\\\/uploads\\\/2022\\\/07\\\/Inauguracao-Feira-Organica-card.jpeg\",\"keywords\":[\"Lajeado\",\"Vale do Taquari\"],\"articleSection\":[\"Destaques\",\"Geral\"],\"inLanguage\":\"pt-BR\",\"potentialAction\":[{\"@type\":\"CommentAction\",\"name\":\"Comment\",\"target\":[\"https:\\\/\\\/folhapopular.info\\\/index.php\\\/2022\\\/07\\\/20\\\/feira-organica-do-sao-cristovao-inaugura-nesta-quinta-feira\\\/#respond\"]}]},{\"@type\":\"WebPage\",\"@id\":\"https:\\\/\\\/folhapopular.info\\\/index.php\\\/2022\\\/07\\\/20\\\/feira-organica-do-sao-cristovao-inaugura-nesta-quinta-feira\\\/\",\"url\":\"https:\\\/\\\/folhapopular.info\\\/index.php\\\/2022\\\/07\\\/20\\\/feira-organica-do-sao-cristovao-inaugura-nesta-quinta-feira\\\/\",\"name\":\"Feira Org\u00e2nica do S\u00e3o Crist\u00f3v\u00e3o inaugura nesta quinta-feira - Folha Popular\",\"isPartOf\":{\"@id\":\"https:\\\/\\\/folhapopular.info\\\/#website\"},\"primaryImageOfPage\":{\"@id\":\"https:\\\/\\\/folhapopular.info\\\/index.php\\\/2022\\\/07\\\/20\\\/feira-organica-do-sao-cristovao-inaugura-nesta-quinta-feira\\\/#primaryimage\"},\"image\":{\"@id\":\"https:\\\/\\\/folhapopular.info\\\/index.php\\\/2022\\\/07\\\/20\\\/feira-organica-do-sao-cristovao-inaugura-nesta-quinta-feira\\\/#primaryimage\"},\"thumbnailUrl\":\"https:\\\/\\\/folhapopular.info\\\/wp-content\\\/uploads\\\/2022\\\/07\\\/Inauguracao-Feira-Organica-card.jpeg\",\"datePublished\":\"2022-07-20T18:26:06+00:00\",\"dateModified\":\"2022-07-20T18:26:10+00:00\",\"author\":{\"@id\":\"https:\\\/\\\/folhapopular.info\\\/#\\\/schema\\\/person\\\/2814e8a0df7643585a9ca38bc6eb9d4b\"},\"breadcrumb\":{\"@id\":\"https:\\\/\\\/folhapopular.info\\\/index.php\\\/2022\\\/07\\\/20\\\/feira-organica-do-sao-cristovao-inaugura-nesta-quinta-feira\\\/#breadcrumb\"},\"inLanguage\":\"pt-BR\",\"potentialAction\":[{\"@type\":\"ReadAction\",\"target\":[\"https:\\\/\\\/folhapopular.info\\\/index.php\\\/2022\\\/07\\\/20\\\/feira-organica-do-sao-cristovao-inaugura-nesta-quinta-feira\\\/\"]}]},{\"@type\":\"ImageObject\",\"inLanguage\":\"pt-BR\",\"@id\":\"https:\\\/\\\/folhapopular.info\\\/index.php\\\/2022\\\/07\\\/20\\\/feira-organica-do-sao-cristovao-inaugura-nesta-quinta-feira\\\/#primaryimage\",\"url\":\"https:\\\/\\\/folhapopular.info\\\/wp-content\\\/uploads\\\/2022\\\/07\\\/Inauguracao-Feira-Organica-card.jpeg\",\"contentUrl\":\"https:\\\/\\\/folhapopular.info\\\/wp-content\\\/uploads\\\/2022\\\/07\\\/Inauguracao-Feira-Organica-card.jpeg\",\"width\":1280,\"height\":1280,\"caption\":\"Cr\u00e9dito: Divulga\u00e7\u00e3o\"},{\"@type\":\"BreadcrumbList\",\"@id\":\"https:\\\/\\\/folhapopular.info\\\/index.php\\\/2022\\\/07\\\/20\\\/feira-organica-do-sao-cristovao-inaugura-nesta-quinta-feira\\\/#breadcrumb\",\"itemListElement\":[{\"@type\":\"ListItem\",\"position\":1,\"name\":\"In\u00edcio\",\"item\":\"https:\\\/\\\/folhapopular.info\\\/\"},{\"@type\":\"ListItem\",\"position\":2,\"name\":\"Feira Org\u00e2nica do S\u00e3o Crist\u00f3v\u00e3o inaugura nesta quinta-feira\"}]},{\"@type\":\"WebSite\",\"@id\":\"https:\\\/\\\/folhapopular.info\\\/#website\",\"url\":\"https:\\\/\\\/folhapopular.info\\\/\",\"name\":\"Folha Popular\",\"description\":\"Onde voc\u00ea tem vez e voz\",\"potentialAction\":[{\"@type\":\"SearchAction\",\"target\":{\"@type\":\"EntryPoint\",\"urlTemplate\":\"https:\\\/\\\/folhapopular.info\\\/?s={search_term_string}\"},\"query-input\":{\"@type\":\"PropertyValueSpecification\",\"valueRequired\":true,\"valueName\":\"search_term_string\"}}],\"inLanguage\":\"pt-BR\"},{\"@type\":\"Person\",\"@id\":\"https:\\\/\\\/folhapopular.info\\\/#\\\/schema\\\/person\\\/2814e8a0df7643585a9ca38bc6eb9d4b\",\"name\":\"Reda\u00e7\u00e3o Folha Popular\",\"image\":{\"@type\":\"ImageObject\",\"inLanguage\":\"pt-BR\",\"@id\":\"https:\\\/\\\/folhapopular.info\\\/wp-content\\\/uploads\\\/2026\\\/04\\\/Folha-1.webp\",\"url\":\"https:\\\/\\\/folhapopular.info\\\/wp-content\\\/uploads\\\/2026\\\/04\\\/Folha-1.webp\",\"contentUrl\":\"https:\\\/\\\/folhapopular.info\\\/wp-content\\\/uploads\\\/2026\\\/04\\\/Folha-1.webp\",\"caption\":\"Reda\u00e7\u00e3o Folha Popular\"},\"url\":\"https:\\\/\\\/folhapopular.info\\\/index.php\\\/author\\\/redacao\\\/\"}]}<\/script>\n<!-- \/ Yoast SEO plugin. -->","yoast_head_json":{"title":"Feira Org\u00e2nica do S\u00e3o Crist\u00f3v\u00e3o inaugura nesta quinta-feira - Folha Popular","robots":{"index":"index","follow":"follow","max-snippet":"max-snippet:-1","max-image-preview":"max-image-preview:large","max-video-preview":"max-video-preview:-1"},"canonical":"https:\/\/folhapopular.info\/index.php\/2022\/07\/20\/feira-organica-do-sao-cristovao-inaugura-nesta-quinta-feira\/","og_locale":"pt_BR","og_type":"article","og_title":"Feira Org\u00e2nica do S\u00e3o Crist\u00f3v\u00e3o inaugura nesta quinta-feira - Folha Popular","og_description":"A Prefeitura de Lajeado, em parceria com Emater\/RS-Ascar e a Articula\u00e7\u00e3o em Agroecologia do Vale do Taquari (AAVT), inaugura nesta quinta-feira (21\/7), a Feira Org\u00e2nica do S\u00e3o Crist\u00f3v\u00e3o, a partir das 14h30. A feira fica na rua Piau\u00ed, n\u00famero 275, mesmo local da antiga feira do bairro, e funcionar\u00e1 sempre nas quintas-feiras das 14h30 \u00e0s [&hellip;]","og_url":"https:\/\/folhapopular.info\/index.php\/2022\/07\/20\/feira-organica-do-sao-cristovao-inaugura-nesta-quinta-feira\/","og_site_name":"Folha Popular","article_published_time":"2022-07-20T18:26:06+00:00","article_modified_time":"2022-07-20T18:26:10+00:00","og_image":[{"width":1280,"height":1280,"url":"http:\/\/folhapopular.info\/wp-content\/uploads\/2022\/07\/Inauguracao-Feira-Organica-card.jpeg","type":"image\/jpeg"}],"author":"Reda\u00e7\u00e3o Folha Popular","twitter_card":"summary_large_image","twitter_misc":{"Escrito por":"Reda\u00e7\u00e3o Folha Popular","Est. tempo de leitura":"2 minutos"},"schema":{"@context":"https:\/\/schema.org","@graph":[{"@type":"Article","@id":"https:\/\/folhapopular.info\/index.php\/2022\/07\/20\/feira-organica-do-sao-cristovao-inaugura-nesta-quinta-feira\/#article","isPartOf":{"@id":"https:\/\/folhapopular.info\/index.php\/2022\/07\/20\/feira-organica-do-sao-cristovao-inaugura-nesta-quinta-feira\/"},"author":{"name":"Reda\u00e7\u00e3o Folha Popular","@id":"https:\/\/folhapopular.info\/#\/schema\/person\/2814e8a0df7643585a9ca38bc6eb9d4b"},"headline":"Feira Org\u00e2nica do S\u00e3o Crist\u00f3v\u00e3o inaugura nesta quinta-feira","datePublished":"2022-07-20T18:26:06+00:00","dateModified":"2022-07-20T18:26:10+00:00","mainEntityOfPage":{"@id":"https:\/\/folhapopular.info\/index.php\/2022\/07\/20\/feira-organica-do-sao-cristovao-inaugura-nesta-quinta-feira\/"},"wordCount":328,"commentCount":0,"image":{"@id":"https:\/\/folhapopular.info\/index.php\/2022\/07\/20\/feira-organica-do-sao-cristovao-inaugura-nesta-quinta-feira\/#primaryimage"},"thumbnailUrl":"https:\/\/folhapopular.info\/wp-content\/uploads\/2022\/07\/Inauguracao-Feira-Organica-card.jpeg","keywords":["Lajeado","Vale do Taquari"],"articleSection":["Destaques","Geral"],"inLanguage":"pt-BR","potentialAction":[{"@type":"CommentAction","name":"Comment","target":["https:\/\/folhapopular.info\/index.php\/2022\/07\/20\/feira-organica-do-sao-cristovao-inaugura-nesta-quinta-feira\/#respond"]}]},{"@type":"WebPage","@id":"https:\/\/folhapopular.info\/index.php\/2022\/07\/20\/feira-organica-do-sao-cristovao-inaugura-nesta-quinta-feira\/","url":"https:\/\/folhapopular.info\/index.php\/2022\/07\/20\/feira-organica-do-sao-cristovao-inaugura-nesta-quinta-feira\/","name":"Feira Org\u00e2nica do S\u00e3o Crist\u00f3v\u00e3o inaugura nesta quinta-feira - Folha Popular","isPartOf":{"@id":"https:\/\/folhapopular.info\/#website"},"primaryImageOfPage":{"@id":"https:\/\/folhapopular.info\/index.php\/2022\/07\/20\/feira-organica-do-sao-cristovao-inaugura-nesta-quinta-feira\/#primaryimage"},"image":{"@id":"https:\/\/folhapopular.info\/index.php\/2022\/07\/20\/feira-organica-do-sao-cristovao-inaugura-nesta-quinta-feira\/#primaryimage"},"thumbnailUrl":"https:\/\/folhapopular.info\/wp-content\/uploads\/2022\/07\/Inauguracao-Feira-Organica-card.jpeg","datePublished":"2022-07-20T18:26:06+00:00","dateModified":"2022-07-20T18:26:10+00:00","author":{"@id":"https:\/\/folhapopular.info\/#\/schema\/person\/2814e8a0df7643585a9ca38bc6eb9d4b"},"breadcrumb":{"@id":"https:\/\/folhapopular.info\/index.php\/2022\/07\/20\/feira-organica-do-sao-cristovao-inaugura-nesta-quinta-feira\/#breadcrumb"},"inLanguage":"pt-BR","potentialAction":[{"@type":"ReadAction","target":["https:\/\/folhapopular.info\/index.php\/2022\/07\/20\/feira-organica-do-sao-cristovao-inaugura-nesta-quinta-feira\/"]}]},{"@type":"ImageObject","inLanguage":"pt-BR","@id":"https:\/\/folhapopular.info\/index.php\/2022\/07\/20\/feira-organica-do-sao-cristovao-inaugura-nesta-quinta-feira\/#primaryimage","url":"https:\/\/folhapopular.info\/wp-content\/uploads\/2022\/07\/Inauguracao-Feira-Organica-card.jpeg","contentUrl":"https:\/\/folhapopular.info\/wp-content\/uploads\/2022\/07\/Inauguracao-Feira-Organica-card.jpeg","width":1280,"height":1280,"caption":"Cr\u00e9dito: Divulga\u00e7\u00e3o"},{"@type":"BreadcrumbList","@id":"https:\/\/folhapopular.info\/index.php\/2022\/07\/20\/feira-organica-do-sao-cristovao-inaugura-nesta-quinta-feira\/#breadcrumb","itemListElement":[{"@type":"ListItem","position":1,"name":"In\u00edcio","item":"https:\/\/folhapopular.info\/"},{"@type":"ListItem","position":2,"name":"Feira Org\u00e2nica do S\u00e3o Crist\u00f3v\u00e3o inaugura nesta quinta-feira"}]},{"@type":"WebSite","@id":"https:\/\/folhapopular.info\/#website","url":"https:\/\/folhapopular.info\/","name":"Folha Popular","description":"Onde voc\u00ea tem vez e voz","potentialAction":[{"@type":"SearchAction","target":{"@type":"EntryPoint","urlTemplate":"https:\/\/folhapopular.info\/?s={search_term_string}"},"query-input":{"@type":"PropertyValueSpecification","valueRequired":true,"valueName":"search_term_string"}}],"inLanguage":"pt-BR"},{"@type":"Person","@id":"https:\/\/folhapopular.info\/#\/schema\/person\/2814e8a0df7643585a9ca38bc6eb9d4b","name":"Reda\u00e7\u00e3o Folha Popular","image":{"@type":"ImageObject","inLanguage":"pt-BR","@id":"https:\/\/folhapopular.info\/wp-content\/uploads\/2026\/04\/Folha-1.webp","url":"https:\/\/folhapopular.info\/wp-content\/uploads\/2026\/04\/Folha-1.webp","contentUrl":"https:\/\/folhapopular.info\/wp-content\/uploads\/2026\/04\/Folha-1.webp","caption":"Reda\u00e7\u00e3o Folha Popular"},"url":"https:\/\/folhapopular.info\/index.php\/author\/redacao\/"}]}},"jetpack_featured_media_url":"https:\/\/folhapopular.info\/wp-content\/uploads\/2022\/07\/Inauguracao-Feira-Organica-card.jpeg","jetpack_sharing_enabled":true,"amp_enabled":true,"_links":{"self":[{"href":"https:\/\/folhapopular.info\/index.php\/wp-json\/wp\/v2\/posts\/109112","targetHints":{"allow":["GET"]}}],"collection":[{"href":"https:\/\/folhapopular.info\/index.php\/wp-json\/wp\/v2\/posts"}],"about":[{"href":"https:\/\/folhapopular.info\/index.php\/wp-json\/wp\/v2\/types\/post"}],"author":[{"embeddable":true,"href":"https:\/\/folhapopular.info\/index.php\/wp-json\/wp\/v2\/users\/8"}],"replies":[{"embeddable":true,"href":"https:\/\/folhapopular.info\/index.php\/wp-json\/wp\/v2\/comments?post=109112"}],"version-history":[{"count":0,"href":"https:\/\/folhapopular.info\/index.php\/wp-json\/wp\/v2\/posts\/109112\/revisions"}],"wp:featuredmedia":[{"embeddable":true,"href":"https:\/\/folhapopular.info\/index.php\/wp-json\/wp\/v2\/media\/109113"}],"wp:attachment":[{"href":"https:\/\/folhapopular.info\/index.php\/wp-json\/wp\/v2\/media?parent=109112"}],"wp:term":[{"taxonomy":"category","embeddable":true,"href":"https:\/\/folhapopular.info\/index.php\/wp-json\/wp\/v2\/categories?post=109112"},{"taxonomy":"post_tag","embeddable":true,"href":"https:\/\/folhapopular.info\/index.php\/wp-json\/wp\/v2\/tags?post=109112"}],"curies":[{"name":"wp","href":"https:\/\/api.w.org\/{rel}","templated":true}]}}