{"id":109133,"date":"2022-07-21T08:40:17","date_gmt":"2022-07-21T11:40:17","guid":{"rendered":"https:\/\/folhapopular.info\/?p=109133"},"modified":"2022-07-21T08:40:20","modified_gmt":"2022-07-21T11:40:20","slug":"lajeado-esta-com-risco-medio-para-a-epidemia-de-doencas-causadas-pelo-mosquito-aedes-aegypti","status":"publish","type":"post","link":"https:\/\/folhapopular.info\/index.php\/2022\/07\/21\/lajeado-esta-com-risco-medio-para-a-epidemia-de-doencas-causadas-pelo-mosquito-aedes-aegypti\/","title":{"rendered":"Lajeado est\u00e1 com risco m\u00e9dio para a epidemia de doen\u00e7as causadas pelo mosquito Aedes Aegypti"},"content":{"rendered":"\n<p>A Prefeitura de Lajeado, por meio da Vigil\u00e2ncia Ambiental da Secretaria Municipal de Sa\u00fade, realizou o Levantamento R\u00e1pido de \u00cdndices para Aedes Aegypti (LIRAa) entre os dias 4 e 15 de julho e vistoriou mais de 2 mil im\u00f3veis. A atividade consiste na visita a um determinado n\u00famero de im\u00f3veis com a coleta de larvas para identifica\u00e7\u00e3o; assim definindo o \u00cdndice de Infesta\u00e7\u00e3o e as quantidades e tipos de recipientes preferenciais, que podem servir como criadouros para o mosquito.<\/p>\n\n\n\n<p>Neste levantamento, a equipe do Setor de Vigil\u00e2ncia Ambiental vistoriou 2.041 im\u00f3veis \u2013 incluindo terrenos baldios, com\u00e9rcios e constru\u00e7\u00f5es. Por meio das vistorias, foi constatado um \u00cdndice de Infesta\u00e7\u00e3o Predial (IIP) de 2,10%, o que significa que Lajeado est\u00e1 com risco m\u00e9dio para a epidemia de doen\u00e7as causadas pelo mosquito Aedes Aegypti. O \u00edndice satisfat\u00f3rio preconizado pelo Minist\u00e9rio da Sa\u00fade \u00e9 de at\u00e9 0,9%.<\/p>\n\n\n\n<p>Conforme a bi\u00f3loga e coordenadora da Vigil\u00e2ncia Ambiental de Lajeado, Catiana Lanius, o LIRAa mostra que quase 90% dos criadouros do mosquito s\u00e3o encontrados nas resid\u00eancias.<\/p>\n\n\n\n<p>Confira no quadro abaixo, os principais dep\u00f3sitos e bairros onde foram registrados os focos de Aedes Aegypti.<\/p>\n\n\n\n<p><strong>Mosquito transmissor<\/strong><\/p>\n\n\n\n<p>A bi\u00f3loga esclarece que o ver\u00e3o \u00e9 a esta\u00e7\u00e3o com maior circula\u00e7\u00e3o do Aedes, mas \u00e9 necess\u00e1rio manter os cuidados contra o mosquito transmissor da dengue, zika e chikungunya, tamb\u00e9m durante o inverno. &#8220;Se os criadouros n\u00e3o forem eliminados, os ovos depositados podem permanecer intactos por meses at\u00e9 o pr\u00f3ximo ver\u00e3o, quando podem vir a eclodir e dar origem a um novo mosquito&#8221;, explica.<\/p>\n\n\n\n<p>A Secretaria de Sa\u00fade, por meio dos agentes de combate \u00e0s endemias e agentes comunit\u00e1rios de Sa\u00fade, segue realizando a\u00e7\u00f5es de educa\u00e7\u00e3o e preven\u00e7\u00e3o para impedir o avan\u00e7o das doen\u00e7as. &#8220;A principal forma de combate ao mosquito continua sendo as pequenas a\u00e7\u00f5es do cotidiano. Cada pessoa deve fazer a sua parte, n\u00e3o deixando \u00e1gua parada em recipientes como vasos de plantas, piscinas, caixas d\u2019\u00e1gua e calhas&#8221;, alerta Catiana.<\/p>\n\n\n\n<p><strong>Principais dep\u00f3sitos e bairros onde foram registrados os focos de Aedes Aegypti:<\/strong><\/p>\n\n\n\n<figure class=\"wp-block-table\"><table><tbody><tr><td><strong>Bairro<\/strong><\/td><td><strong>N\u00ba de focos<\/strong><\/td><\/tr><tr><td>Alto do Parque<\/td><td>7<\/td><\/tr><tr><td>Hidr\u00e1ulica<\/td><td>7<\/td><\/tr><tr><td>S\u00e3o Crist\u00f3v\u00e3o<\/td><td>5<\/td><\/tr><tr><td>Universit\u00e1rio<\/td><td>4<\/td><\/tr><tr><td>S\u00e3o Bento<\/td><td>3<\/td><\/tr><tr><td>Moinhos D\u2019 \u00c1gua<\/td><td>3<\/td><\/tr><tr><td>Igrejinha<\/td><td>3<\/td><\/tr><tr><td>Conventos<\/td><td>3<\/td><\/tr><tr><td>Centen\u00e1rio<\/td><td>3<\/td><\/tr><tr><td>Planalto<\/td><td>2<\/td><\/tr><tr><td>Olarias<\/td><td>2<\/td><\/tr><tr><td>Bom Pastor<\/td><td>2<\/td><\/tr><tr><td>Santo Ant\u00f4nio<\/td><td>2<\/td><\/tr><tr><td>Campestre<\/td><td>1<\/td><\/tr><tr><td>Carneiros<\/td><td>1<\/td><\/tr><tr><td>Jardim do Cedro<\/td><td>1<\/td><\/tr><tr><td>Moinhos<\/td><td>1<\/td><\/tr><tr><td>Na\u00e7\u00f5es<\/td><td>1<\/td><\/tr><tr><td>Santo Andr\u00e9<\/td><td>1<\/td><\/tr><\/tbody><\/table><\/figure>\n\n\n\n<figure class=\"wp-block-table\"><table><tbody><tr><td><strong>Dep\u00f3sito com larvas de A. aegypti<\/strong><\/td><td><strong>%<\/strong><\/td><\/tr><tr><td>Brom\u00e9lia<\/td><td>23,1<\/td><\/tr><tr><td>Balde<\/td><td>13,5<\/td><\/tr><tr><td>Pneu<\/td><td>11,5<\/td><\/tr><tr><td>Prato de planta<\/td><td>9,6<\/td><\/tr><tr><td>Pote<\/td><td>5,8<\/td><\/tr><tr><td>Vaso sanit\u00e1rio<\/td><td>3,8<\/td><\/tr><tr><td>Vaso de planta<\/td><td>3,8<\/td><\/tr><tr><td>Lixo<\/td><td>3,8<\/td><\/tr><\/tbody><\/table><\/figure>\n","protected":false},"excerpt":{"rendered":"<p>A Prefeitura de Lajeado, por meio da Vigil\u00e2ncia Ambiental da Secretaria Municipal de Sa\u00fade, realizou o Levantamento R\u00e1pido de \u00cdndices para Aedes Aegypti (LIRAa) entre os dias 4 e 15 de julho e vistoriou mais de 2 mil im\u00f3veis. A atividade consiste na visita a um determinado n\u00famero de im\u00f3veis com a coleta de larvas [&hellip;]<\/p>\n","protected":false},"author":8,"featured_media":109134,"comment_status":"open","ping_status":"open","sticky":false,"template":"","format":"standard","meta":{"pmpro_default_level":"","_jetpack_memberships_contains_paid_content":false,"footnotes":""},"categories":[2,3],"tags":[27,156],"class_list":{"0":"post-109133","1":"post","2":"type-post","3":"status-publish","4":"format-standard","5":"has-post-thumbnail","7":"category-featured","8":"category-geral","9":"tag-lajeado","10":"tag-vale-do-taquari","11":"pmpro-has-access"},"yoast_head":"<!-- This site is optimized with the Yoast SEO plugin v27.5 - https:\/\/yoast.com\/product\/yoast-seo-wordpress\/ -->\n<title>Lajeado est\u00e1 com risco m\u00e9dio para a epidemia de doen\u00e7as causadas pelo mosquito Aedes Aegypti - Folha Popular<\/title>\n<meta name=\"robots\" content=\"index, follow, max-snippet:-1, max-image-preview:large, max-video-preview:-1\" \/>\n<link rel=\"canonical\" href=\"https:\/\/folhapopular.info\/index.php\/2022\/07\/21\/lajeado-esta-com-risco-medio-para-a-epidemia-de-doencas-causadas-pelo-mosquito-aedes-aegypti\/\" \/>\n<meta property=\"og:locale\" content=\"pt_BR\" \/>\n<meta property=\"og:type\" content=\"article\" \/>\n<meta property=\"og:title\" content=\"Lajeado est\u00e1 com risco m\u00e9dio para a epidemia de doen\u00e7as causadas pelo mosquito Aedes Aegypti - Folha Popular\" \/>\n<meta property=\"og:description\" content=\"A Prefeitura de Lajeado, por meio da Vigil\u00e2ncia Ambiental da Secretaria Municipal de Sa\u00fade, realizou o Levantamento R\u00e1pido de \u00cdndices para Aedes Aegypti (LIRAa) entre os dias 4 e 15 de julho e vistoriou mais de 2 mil im\u00f3veis. A atividade consiste na visita a um determinado n\u00famero de im\u00f3veis com a coleta de larvas [&hellip;]\" \/>\n<meta property=\"og:url\" content=\"https:\/\/folhapopular.info\/index.php\/2022\/07\/21\/lajeado-esta-com-risco-medio-para-a-epidemia-de-doencas-causadas-pelo-mosquito-aedes-aegypti\/\" \/>\n<meta property=\"og:site_name\" content=\"Folha Popular\" \/>\n<meta property=\"article:published_time\" content=\"2022-07-21T11:40:17+00:00\" \/>\n<meta property=\"article:modified_time\" content=\"2022-07-21T11:40:20+00:00\" \/>\n<meta property=\"og:image\" content=\"http:\/\/folhapopular.info\/wp-content\/uploads\/2022\/07\/Vistoria-contra-o-Aedes-Arquivo-scaled.jpg\" \/>\n\t<meta property=\"og:image:width\" content=\"2560\" \/>\n\t<meta property=\"og:image:height\" content=\"1707\" \/>\n\t<meta property=\"og:image:type\" content=\"image\/jpeg\" \/>\n<meta name=\"author\" content=\"Reda\u00e7\u00e3o Folha Popular\" \/>\n<meta name=\"twitter:card\" content=\"summary_large_image\" \/>\n<meta name=\"twitter:label1\" content=\"Escrito por\" \/>\n\t<meta name=\"twitter:data1\" content=\"Reda\u00e7\u00e3o Folha Popular\" \/>\n\t<meta name=\"twitter:label2\" content=\"Est. tempo de leitura\" \/>\n\t<meta name=\"twitter:data2\" content=\"3 minutos\" \/>\n<script type=\"application\/ld+json\" class=\"yoast-schema-graph\">{\"@context\":\"https:\\\/\\\/schema.org\",\"@graph\":[{\"@type\":\"Article\",\"@id\":\"https:\\\/\\\/folhapopular.info\\\/index.php\\\/2022\\\/07\\\/21\\\/lajeado-esta-com-risco-medio-para-a-epidemia-de-doencas-causadas-pelo-mosquito-aedes-aegypti\\\/#article\",\"isPartOf\":{\"@id\":\"https:\\\/\\\/folhapopular.info\\\/index.php\\\/2022\\\/07\\\/21\\\/lajeado-esta-com-risco-medio-para-a-epidemia-de-doencas-causadas-pelo-mosquito-aedes-aegypti\\\/\"},\"author\":{\"name\":\"Reda\u00e7\u00e3o Folha Popular\",\"@id\":\"https:\\\/\\\/folhapopular.info\\\/#\\\/schema\\\/person\\\/2814e8a0df7643585a9ca38bc6eb9d4b\"},\"headline\":\"Lajeado est\u00e1 com risco m\u00e9dio para a epidemia de doen\u00e7as causadas pelo mosquito Aedes Aegypti\",\"datePublished\":\"2022-07-21T11:40:17+00:00\",\"dateModified\":\"2022-07-21T11:40:20+00:00\",\"mainEntityOfPage\":{\"@id\":\"https:\\\/\\\/folhapopular.info\\\/index.php\\\/2022\\\/07\\\/21\\\/lajeado-esta-com-risco-medio-para-a-epidemia-de-doencas-causadas-pelo-mosquito-aedes-aegypti\\\/\"},\"wordCount\":447,\"commentCount\":0,\"image\":{\"@id\":\"https:\\\/\\\/folhapopular.info\\\/index.php\\\/2022\\\/07\\\/21\\\/lajeado-esta-com-risco-medio-para-a-epidemia-de-doencas-causadas-pelo-mosquito-aedes-aegypti\\\/#primaryimage\"},\"thumbnailUrl\":\"https:\\\/\\\/folhapopular.info\\\/wp-content\\\/uploads\\\/2022\\\/07\\\/Vistoria-contra-o-Aedes-Arquivo-scaled.jpg\",\"keywords\":[\"Lajeado\",\"Vale do Taquari\"],\"articleSection\":[\"Destaques\",\"Geral\"],\"inLanguage\":\"pt-BR\",\"potentialAction\":[{\"@type\":\"CommentAction\",\"name\":\"Comment\",\"target\":[\"https:\\\/\\\/folhapopular.info\\\/index.php\\\/2022\\\/07\\\/21\\\/lajeado-esta-com-risco-medio-para-a-epidemia-de-doencas-causadas-pelo-mosquito-aedes-aegypti\\\/#respond\"]}]},{\"@type\":\"WebPage\",\"@id\":\"https:\\\/\\\/folhapopular.info\\\/index.php\\\/2022\\\/07\\\/21\\\/lajeado-esta-com-risco-medio-para-a-epidemia-de-doencas-causadas-pelo-mosquito-aedes-aegypti\\\/\",\"url\":\"https:\\\/\\\/folhapopular.info\\\/index.php\\\/2022\\\/07\\\/21\\\/lajeado-esta-com-risco-medio-para-a-epidemia-de-doencas-causadas-pelo-mosquito-aedes-aegypti\\\/\",\"name\":\"Lajeado est\u00e1 com risco m\u00e9dio para a epidemia de doen\u00e7as causadas pelo mosquito Aedes Aegypti - Folha Popular\",\"isPartOf\":{\"@id\":\"https:\\\/\\\/folhapopular.info\\\/#website\"},\"primaryImageOfPage\":{\"@id\":\"https:\\\/\\\/folhapopular.info\\\/index.php\\\/2022\\\/07\\\/21\\\/lajeado-esta-com-risco-medio-para-a-epidemia-de-doencas-causadas-pelo-mosquito-aedes-aegypti\\\/#primaryimage\"},\"image\":{\"@id\":\"https:\\\/\\\/folhapopular.info\\\/index.php\\\/2022\\\/07\\\/21\\\/lajeado-esta-com-risco-medio-para-a-epidemia-de-doencas-causadas-pelo-mosquito-aedes-aegypti\\\/#primaryimage\"},\"thumbnailUrl\":\"https:\\\/\\\/folhapopular.info\\\/wp-content\\\/uploads\\\/2022\\\/07\\\/Vistoria-contra-o-Aedes-Arquivo-scaled.jpg\",\"datePublished\":\"2022-07-21T11:40:17+00:00\",\"dateModified\":\"2022-07-21T11:40:20+00:00\",\"author\":{\"@id\":\"https:\\\/\\\/folhapopular.info\\\/#\\\/schema\\\/person\\\/2814e8a0df7643585a9ca38bc6eb9d4b\"},\"breadcrumb\":{\"@id\":\"https:\\\/\\\/folhapopular.info\\\/index.php\\\/2022\\\/07\\\/21\\\/lajeado-esta-com-risco-medio-para-a-epidemia-de-doencas-causadas-pelo-mosquito-aedes-aegypti\\\/#breadcrumb\"},\"inLanguage\":\"pt-BR\",\"potentialAction\":[{\"@type\":\"ReadAction\",\"target\":[\"https:\\\/\\\/folhapopular.info\\\/index.php\\\/2022\\\/07\\\/21\\\/lajeado-esta-com-risco-medio-para-a-epidemia-de-doencas-causadas-pelo-mosquito-aedes-aegypti\\\/\"]}]},{\"@type\":\"ImageObject\",\"inLanguage\":\"pt-BR\",\"@id\":\"https:\\\/\\\/folhapopular.info\\\/index.php\\\/2022\\\/07\\\/21\\\/lajeado-esta-com-risco-medio-para-a-epidemia-de-doencas-causadas-pelo-mosquito-aedes-aegypti\\\/#primaryimage\",\"url\":\"https:\\\/\\\/folhapopular.info\\\/wp-content\\\/uploads\\\/2022\\\/07\\\/Vistoria-contra-o-Aedes-Arquivo-scaled.jpg\",\"contentUrl\":\"https:\\\/\\\/folhapopular.info\\\/wp-content\\\/uploads\\\/2022\\\/07\\\/Vistoria-contra-o-Aedes-Arquivo-scaled.jpg\",\"width\":2560,\"height\":1707,\"caption\":\"Cr\u00e9dito: Divulga\u00e7\u00e3o\"},{\"@type\":\"BreadcrumbList\",\"@id\":\"https:\\\/\\\/folhapopular.info\\\/index.php\\\/2022\\\/07\\\/21\\\/lajeado-esta-com-risco-medio-para-a-epidemia-de-doencas-causadas-pelo-mosquito-aedes-aegypti\\\/#breadcrumb\",\"itemListElement\":[{\"@type\":\"ListItem\",\"position\":1,\"name\":\"In\u00edcio\",\"item\":\"https:\\\/\\\/folhapopular.info\\\/\"},{\"@type\":\"ListItem\",\"position\":2,\"name\":\"Lajeado est\u00e1 com risco m\u00e9dio para a epidemia de doen\u00e7as causadas pelo mosquito Aedes Aegypti\"}]},{\"@type\":\"WebSite\",\"@id\":\"https:\\\/\\\/folhapopular.info\\\/#website\",\"url\":\"https:\\\/\\\/folhapopular.info\\\/\",\"name\":\"Folha Popular\",\"description\":\"Onde voc\u00ea tem vez e voz\",\"potentialAction\":[{\"@type\":\"SearchAction\",\"target\":{\"@type\":\"EntryPoint\",\"urlTemplate\":\"https:\\\/\\\/folhapopular.info\\\/?s={search_term_string}\"},\"query-input\":{\"@type\":\"PropertyValueSpecification\",\"valueRequired\":true,\"valueName\":\"search_term_string\"}}],\"inLanguage\":\"pt-BR\"},{\"@type\":\"Person\",\"@id\":\"https:\\\/\\\/folhapopular.info\\\/#\\\/schema\\\/person\\\/2814e8a0df7643585a9ca38bc6eb9d4b\",\"name\":\"Reda\u00e7\u00e3o Folha Popular\",\"image\":{\"@type\":\"ImageObject\",\"inLanguage\":\"pt-BR\",\"@id\":\"https:\\\/\\\/folhapopular.info\\\/wp-content\\\/uploads\\\/2026\\\/04\\\/Folha-1.webp\",\"url\":\"https:\\\/\\\/folhapopular.info\\\/wp-content\\\/uploads\\\/2026\\\/04\\\/Folha-1.webp\",\"contentUrl\":\"https:\\\/\\\/folhapopular.info\\\/wp-content\\\/uploads\\\/2026\\\/04\\\/Folha-1.webp\",\"caption\":\"Reda\u00e7\u00e3o Folha Popular\"},\"url\":\"https:\\\/\\\/folhapopular.info\\\/index.php\\\/author\\\/redacao\\\/\"}]}<\/script>\n<!-- \/ Yoast SEO plugin. -->","yoast_head_json":{"title":"Lajeado est\u00e1 com risco m\u00e9dio para a epidemia de doen\u00e7as causadas pelo mosquito Aedes Aegypti - Folha Popular","robots":{"index":"index","follow":"follow","max-snippet":"max-snippet:-1","max-image-preview":"max-image-preview:large","max-video-preview":"max-video-preview:-1"},"canonical":"https:\/\/folhapopular.info\/index.php\/2022\/07\/21\/lajeado-esta-com-risco-medio-para-a-epidemia-de-doencas-causadas-pelo-mosquito-aedes-aegypti\/","og_locale":"pt_BR","og_type":"article","og_title":"Lajeado est\u00e1 com risco m\u00e9dio para a epidemia de doen\u00e7as causadas pelo mosquito Aedes Aegypti - Folha Popular","og_description":"A Prefeitura de Lajeado, por meio da Vigil\u00e2ncia Ambiental da Secretaria Municipal de Sa\u00fade, realizou o Levantamento R\u00e1pido de \u00cdndices para Aedes Aegypti (LIRAa) entre os dias 4 e 15 de julho e vistoriou mais de 2 mil im\u00f3veis. A atividade consiste na visita a um determinado n\u00famero de im\u00f3veis com a coleta de larvas [&hellip;]","og_url":"https:\/\/folhapopular.info\/index.php\/2022\/07\/21\/lajeado-esta-com-risco-medio-para-a-epidemia-de-doencas-causadas-pelo-mosquito-aedes-aegypti\/","og_site_name":"Folha Popular","article_published_time":"2022-07-21T11:40:17+00:00","article_modified_time":"2022-07-21T11:40:20+00:00","og_image":[{"width":2560,"height":1707,"url":"http:\/\/folhapopular.info\/wp-content\/uploads\/2022\/07\/Vistoria-contra-o-Aedes-Arquivo-scaled.jpg","type":"image\/jpeg"}],"author":"Reda\u00e7\u00e3o Folha Popular","twitter_card":"summary_large_image","twitter_misc":{"Escrito por":"Reda\u00e7\u00e3o Folha Popular","Est. tempo de leitura":"3 minutos"},"schema":{"@context":"https:\/\/schema.org","@graph":[{"@type":"Article","@id":"https:\/\/folhapopular.info\/index.php\/2022\/07\/21\/lajeado-esta-com-risco-medio-para-a-epidemia-de-doencas-causadas-pelo-mosquito-aedes-aegypti\/#article","isPartOf":{"@id":"https:\/\/folhapopular.info\/index.php\/2022\/07\/21\/lajeado-esta-com-risco-medio-para-a-epidemia-de-doencas-causadas-pelo-mosquito-aedes-aegypti\/"},"author":{"name":"Reda\u00e7\u00e3o Folha Popular","@id":"https:\/\/folhapopular.info\/#\/schema\/person\/2814e8a0df7643585a9ca38bc6eb9d4b"},"headline":"Lajeado est\u00e1 com risco m\u00e9dio para a epidemia de doen\u00e7as causadas pelo mosquito Aedes Aegypti","datePublished":"2022-07-21T11:40:17+00:00","dateModified":"2022-07-21T11:40:20+00:00","mainEntityOfPage":{"@id":"https:\/\/folhapopular.info\/index.php\/2022\/07\/21\/lajeado-esta-com-risco-medio-para-a-epidemia-de-doencas-causadas-pelo-mosquito-aedes-aegypti\/"},"wordCount":447,"commentCount":0,"image":{"@id":"https:\/\/folhapopular.info\/index.php\/2022\/07\/21\/lajeado-esta-com-risco-medio-para-a-epidemia-de-doencas-causadas-pelo-mosquito-aedes-aegypti\/#primaryimage"},"thumbnailUrl":"https:\/\/folhapopular.info\/wp-content\/uploads\/2022\/07\/Vistoria-contra-o-Aedes-Arquivo-scaled.jpg","keywords":["Lajeado","Vale do Taquari"],"articleSection":["Destaques","Geral"],"inLanguage":"pt-BR","potentialAction":[{"@type":"CommentAction","name":"Comment","target":["https:\/\/folhapopular.info\/index.php\/2022\/07\/21\/lajeado-esta-com-risco-medio-para-a-epidemia-de-doencas-causadas-pelo-mosquito-aedes-aegypti\/#respond"]}]},{"@type":"WebPage","@id":"https:\/\/folhapopular.info\/index.php\/2022\/07\/21\/lajeado-esta-com-risco-medio-para-a-epidemia-de-doencas-causadas-pelo-mosquito-aedes-aegypti\/","url":"https:\/\/folhapopular.info\/index.php\/2022\/07\/21\/lajeado-esta-com-risco-medio-para-a-epidemia-de-doencas-causadas-pelo-mosquito-aedes-aegypti\/","name":"Lajeado est\u00e1 com risco m\u00e9dio para a epidemia de doen\u00e7as causadas pelo mosquito Aedes Aegypti - Folha Popular","isPartOf":{"@id":"https:\/\/folhapopular.info\/#website"},"primaryImageOfPage":{"@id":"https:\/\/folhapopular.info\/index.php\/2022\/07\/21\/lajeado-esta-com-risco-medio-para-a-epidemia-de-doencas-causadas-pelo-mosquito-aedes-aegypti\/#primaryimage"},"image":{"@id":"https:\/\/folhapopular.info\/index.php\/2022\/07\/21\/lajeado-esta-com-risco-medio-para-a-epidemia-de-doencas-causadas-pelo-mosquito-aedes-aegypti\/#primaryimage"},"thumbnailUrl":"https:\/\/folhapopular.info\/wp-content\/uploads\/2022\/07\/Vistoria-contra-o-Aedes-Arquivo-scaled.jpg","datePublished":"2022-07-21T11:40:17+00:00","dateModified":"2022-07-21T11:40:20+00:00","author":{"@id":"https:\/\/folhapopular.info\/#\/schema\/person\/2814e8a0df7643585a9ca38bc6eb9d4b"},"breadcrumb":{"@id":"https:\/\/folhapopular.info\/index.php\/2022\/07\/21\/lajeado-esta-com-risco-medio-para-a-epidemia-de-doencas-causadas-pelo-mosquito-aedes-aegypti\/#breadcrumb"},"inLanguage":"pt-BR","potentialAction":[{"@type":"ReadAction","target":["https:\/\/folhapopular.info\/index.php\/2022\/07\/21\/lajeado-esta-com-risco-medio-para-a-epidemia-de-doencas-causadas-pelo-mosquito-aedes-aegypti\/"]}]},{"@type":"ImageObject","inLanguage":"pt-BR","@id":"https:\/\/folhapopular.info\/index.php\/2022\/07\/21\/lajeado-esta-com-risco-medio-para-a-epidemia-de-doencas-causadas-pelo-mosquito-aedes-aegypti\/#primaryimage","url":"https:\/\/folhapopular.info\/wp-content\/uploads\/2022\/07\/Vistoria-contra-o-Aedes-Arquivo-scaled.jpg","contentUrl":"https:\/\/folhapopular.info\/wp-content\/uploads\/2022\/07\/Vistoria-contra-o-Aedes-Arquivo-scaled.jpg","width":2560,"height":1707,"caption":"Cr\u00e9dito: Divulga\u00e7\u00e3o"},{"@type":"BreadcrumbList","@id":"https:\/\/folhapopular.info\/index.php\/2022\/07\/21\/lajeado-esta-com-risco-medio-para-a-epidemia-de-doencas-causadas-pelo-mosquito-aedes-aegypti\/#breadcrumb","itemListElement":[{"@type":"ListItem","position":1,"name":"In\u00edcio","item":"https:\/\/folhapopular.info\/"},{"@type":"ListItem","position":2,"name":"Lajeado est\u00e1 com risco m\u00e9dio para a epidemia de doen\u00e7as causadas pelo mosquito Aedes Aegypti"}]},{"@type":"WebSite","@id":"https:\/\/folhapopular.info\/#website","url":"https:\/\/folhapopular.info\/","name":"Folha Popular","description":"Onde voc\u00ea tem vez e voz","potentialAction":[{"@type":"SearchAction","target":{"@type":"EntryPoint","urlTemplate":"https:\/\/folhapopular.info\/?s={search_term_string}"},"query-input":{"@type":"PropertyValueSpecification","valueRequired":true,"valueName":"search_term_string"}}],"inLanguage":"pt-BR"},{"@type":"Person","@id":"https:\/\/folhapopular.info\/#\/schema\/person\/2814e8a0df7643585a9ca38bc6eb9d4b","name":"Reda\u00e7\u00e3o Folha Popular","image":{"@type":"ImageObject","inLanguage":"pt-BR","@id":"https:\/\/folhapopular.info\/wp-content\/uploads\/2026\/04\/Folha-1.webp","url":"https:\/\/folhapopular.info\/wp-content\/uploads\/2026\/04\/Folha-1.webp","contentUrl":"https:\/\/folhapopular.info\/wp-content\/uploads\/2026\/04\/Folha-1.webp","caption":"Reda\u00e7\u00e3o Folha Popular"},"url":"https:\/\/folhapopular.info\/index.php\/author\/redacao\/"}]}},"jetpack_featured_media_url":"https:\/\/folhapopular.info\/wp-content\/uploads\/2022\/07\/Vistoria-contra-o-Aedes-Arquivo-scaled.jpg","jetpack_sharing_enabled":true,"amp_enabled":true,"_links":{"self":[{"href":"https:\/\/folhapopular.info\/index.php\/wp-json\/wp\/v2\/posts\/109133","targetHints":{"allow":["GET"]}}],"collection":[{"href":"https:\/\/folhapopular.info\/index.php\/wp-json\/wp\/v2\/posts"}],"about":[{"href":"https:\/\/folhapopular.info\/index.php\/wp-json\/wp\/v2\/types\/post"}],"author":[{"embeddable":true,"href":"https:\/\/folhapopular.info\/index.php\/wp-json\/wp\/v2\/users\/8"}],"replies":[{"embeddable":true,"href":"https:\/\/folhapopular.info\/index.php\/wp-json\/wp\/v2\/comments?post=109133"}],"version-history":[{"count":0,"href":"https:\/\/folhapopular.info\/index.php\/wp-json\/wp\/v2\/posts\/109133\/revisions"}],"wp:featuredmedia":[{"embeddable":true,"href":"https:\/\/folhapopular.info\/index.php\/wp-json\/wp\/v2\/media\/109134"}],"wp:attachment":[{"href":"https:\/\/folhapopular.info\/index.php\/wp-json\/wp\/v2\/media?parent=109133"}],"wp:term":[{"taxonomy":"category","embeddable":true,"href":"https:\/\/folhapopular.info\/index.php\/wp-json\/wp\/v2\/categories?post=109133"},{"taxonomy":"post_tag","embeddable":true,"href":"https:\/\/folhapopular.info\/index.php\/wp-json\/wp\/v2\/tags?post=109133"}],"curies":[{"name":"wp","href":"https:\/\/api.w.org\/{rel}","templated":true}]}}